{"id":425678,"date":"2024-12-19T20:08:12","date_gmt":"2024-12-19T19:08:12","guid":{"rendered":"https:\/\/www.radiopiu.net\/wordpress\/?p=425678"},"modified":"2024-12-20T05:52:15","modified_gmt":"2024-12-20T04:52:15","slug":"mercatino-di-natale-solidale-a-rivamonte","status":"publish","type":"post","link":"https:\/\/www.radiopiu.net\/wordpress\/mercatino-di-natale-solidale-a-rivamonte\/","title":{"rendered":"MERCATINO DI NATALE SOLIDALE A RIVAMONTE"},"content":{"rendered":"<p>******<\/p>\n<p>&nbsp;<\/p>\n<p><a class=\"dt-pswp-item\" href=\"https:\/\/www.radiopiu.net\/wordpress\/wp-content\/uploads\/2020\/12\/don-fabiano-profilo.jpg\" data-dt-img-description=\"\" data-large_image_width=\"900\" data-large_image_height=\"1200\"><img loading=\"lazy\" decoding=\"async\" class=\" wp-image-178972 alignleft\" src=\"https:\/\/www.radiopiu.net\/wordpress\/wp-content\/uploads\/2020\/12\/don-fabiano-profilo-225x300.jpg\" alt=\"\" width=\"117\" height=\"156\" srcset=\"https:\/\/www.radiopiu.net\/wordpress\/wp-content\/uploads\/2020\/12\/don-fabiano-profilo-225x300.jpg 225w, https:\/\/www.radiopiu.net\/wordpress\/wp-content\/uploads\/2020\/12\/don-fabiano-profilo-768x1024.jpg 768w, https:\/\/www.radiopiu.net\/wordpress\/wp-content\/uploads\/2020\/12\/don-fabiano-profilo.jpg 900w\" sizes=\"auto, (max-width: 117px) 100vw, 117px\" \/><\/a>Le comunit\u00e0 parrocchiali del P\u00f3i mai mancano di manifestare la loro attenzione verso le diverse realt\u00e0 anche di fatica e sofferenza. In queste settimane, presso la Casa della Giovent\u00f9 a Rivamonte, \u00e8 stato allestito un mercatino di oggetti artigianali in legno di ulivo provenienti da Betlemme. Il ricavato andr\u00e0 ad alcune famiglie cristiane del territorio. Essendovi ancora un p\u00f2 di disponibilit\u00e0, al termine delle Messe domenicali si potranno ancora acquistare, specie domenica 22 verso le ore 12 a Rivamonte. Un&#8217;apertura straordinaria dalle 10 alle 12 \u00e8 prevista luned\u00ec 23 sempre presso la Casa della Giovent\u00f9 sempre a Rivamonte, se qualcuno avesse ancora bisogno di qualche semplice presente in legno, andando cos\u00ec a sostenere una buona causa.<\/p>\n<p>Don Fabiano<\/p>\n<p>&nbsp;<\/p>\n<p>&nbsp;<\/p>\n<p>&nbsp;<\/p>\n<p>******<\/p>\n","protected":false},"excerpt":{"rendered":"<p>****** &nbsp; Le comunit\u00e0 parrocchiali del P\u00f3i mai mancano di manifestare la loro attenzione verso le diverse realt\u00e0 anche di fatica e sofferenza. In queste settimane, presso la Casa della Giovent\u00f9 a Rivamonte, \u00e8 stato allestito un mercatino di oggetti artigianali in legno di ulivo provenienti da Betlemme. Il ricavato andr\u00e0 ad alcune famiglie cristiane&hellip;<\/p>\n","protected":false},"author":4,"featured_media":395595,"comment_status":"closed","ping_status":"closed","sticky":false,"template":"","format":"standard","meta":{"_monsterinsights_skip_tracking":false,"_monsterinsights_sitenote_active":false,"_monsterinsights_sitenote_note":"","_monsterinsights_sitenote_category":0,"footnotes":""},"categories":[51,49],"tags":[],"class_list":["post-425678","post","type-post","status-publish","format-standard","has-post-thumbnail","hentry","category-evidenza-top","category-news-18","category-51","category-49","description-off"],"img_url":"https:\/\/www.radiopiu.net\/wordpress\/wp-content\/uploads\/2024\/06\/rivamonte-10-scaled.jpg","_links":{"self":[{"href":"https:\/\/www.radiopiu.net\/wordpress\/wp-json\/wp\/v2\/posts\/425678","targetHints":{"allow":["GET"]}}],"collection":[{"href":"https:\/\/www.radiopiu.net\/wordpress\/wp-json\/wp\/v2\/posts"}],"about":[{"href":"https:\/\/www.radiopiu.net\/wordpress\/wp-json\/wp\/v2\/types\/post"}],"author":[{"embeddable":true,"href":"https:\/\/www.radiopiu.net\/wordpress\/wp-json\/wp\/v2\/users\/4"}],"replies":[{"embeddable":true,"href":"https:\/\/www.radiopiu.net\/wordpress\/wp-json\/wp\/v2\/comments?post=425678"}],"version-history":[{"count":1,"href":"https:\/\/www.radiopiu.net\/wordpress\/wp-json\/wp\/v2\/posts\/425678\/revisions"}],"predecessor-version":[{"id":425679,"href":"https:\/\/www.radiopiu.net\/wordpress\/wp-json\/wp\/v2\/posts\/425678\/revisions\/425679"}],"wp:featuredmedia":[{"embeddable":true,"href":"https:\/\/www.radiopiu.net\/wordpress\/wp-json\/wp\/v2\/media\/395595"}],"wp:attachment":[{"href":"https:\/\/www.radiopiu.net\/wordpress\/wp-json\/wp\/v2\/media?parent=425678"}],"wp:term":[{"taxonomy":"category","embeddable":true,"href":"https:\/\/www.radiopiu.net\/wordpress\/wp-json\/wp\/v2\/categories?post=425678"},{"taxonomy":"post_tag","embeddable":true,"href":"https:\/\/www.radiopiu.net\/wordpress\/wp-json\/wp\/v2\/tags?post=425678"}],"curies":[{"name":"wp","href":"https:\/\/api.w.org\/{rel}","templated":true}]}}