{"id":425766,"date":"2024-12-21T05:24:47","date_gmt":"2024-12-21T04:24:47","guid":{"rendered":"https:\/\/www.radiopiu.net\/wordpress\/?p=425766"},"modified":"2024-12-21T08:51:58","modified_gmt":"2024-12-21T07:51:58","slug":"giornale-radiopiu-21-dicembre-2024-direttore-mirko-mezzacasada-41-anni-25-giugno-1983-25-giugno-2024","status":"publish","type":"post","link":"https:\/\/www.radiopiu.net\/wordpress\/giornale-radiopiu-21-dicembre-2024-direttore-mirko-mezzacasada-41-anni-25-giugno-1983-25-giugno-2024\/","title":{"rendered":"GIORNALE RADIOPIU 21 DICEMBRE 2024 DIRETTORE MIRKO MEZZACASA\u2026DA 41 ANNI 25 GIUGNO 1983-25 GIUGNO 2024"},"content":{"rendered":"<p>********<\/p>\n<p>&nbsp;<\/p>\n<p><em><span style=\"color: #ff0000;\"><a class=\"dt-pswp-item\" href=\"https:\/\/www.radiopiu.net\/wordpress\/wp-content\/uploads\/2024\/10\/Senza-nome-8.png\" data-dt-img-description=\"\" data-large_image_width=\"343\" data-large_image_height=\"303\"><img loading=\"lazy\" decoding=\"async\" class=\"wp-image-412130 alignleft\" src=\"https:\/\/www.radiopiu.net\/wordpress\/wp-content\/uploads\/2024\/10\/Senza-nome-8-300x265.png\" alt=\"\" width=\"105\" height=\"93\" srcset=\"https:\/\/www.radiopiu.net\/wordpress\/wp-content\/uploads\/2024\/10\/Senza-nome-8-300x265.png 300w, https:\/\/www.radiopiu.net\/wordpress\/wp-content\/uploads\/2024\/10\/Senza-nome-8.png 343w\" sizes=\"auto, (max-width: 105px) 100vw, 105px\" \/><\/a><\/span><\/em><strong><em><span style=\"color: #ff0000;\"> LA\u00a0 APP PER IOS-IPHONE di Nicola Vettorello<\/span><\/em><\/strong><\/p>\n<p><strong><span style=\"color: #0000ff;\"><a style=\"color: #0000ff;\" href=\"https:\/\/apps.apple.com\/it\/app\/radio-pi%C3%B9-emittente-agordina\/id1515939845\">https:\/\/apps.apple.com\/it\/app\/radio-pi%C3%B9-emittente-agordina\/id1515939845<\/a><\/span><\/strong><\/p>\n<p><strong><em style=\"color: #ff0000;\">LA\u00a0 APP RADIO\u00a0 PER ANDROID di Nicola Vettorello<\/em><\/strong><\/p>\n<p><strong><span style=\"color: #0000ff;\"><a style=\"color: #0000ff;\" href=\"https:\/\/play.google.com\/store\/apps\/details?id=net.radiopiu.iniko\" target=\"_blank\" rel=\"noopener noreferrer\">https:\/\/<\/a><a style=\"color: #0000ff;\" href=\"https:\/\/play.google.com\/store\/apps\/details?id=net.radiopiu.iniko\" target=\"_blank\" rel=\"noopener noreferrer\">play.google.com\/store\/apps\/details?id=net.radiopiu.iniko\u00a0\u00a0\u00a0<\/a><\/span><\/strong><\/p>\n<p>&nbsp;<\/p>\n<p>&nbsp;<\/p>\n<hr \/>\n<p>&nbsp;<\/p>\n<p><strong><span style=\"color: #ff0000;\"><a class=\"dt-pswp-item\" href=\"https:\/\/www.radiopiu.net\/wordpress\/wp-content\/uploads\/2024\/12\/26bdc84a-1204-4d16-be54-c195b9dcb957.jpg\" data-dt-img-description=\"\" data-large_image_width=\"1600\" data-large_image_height=\"1200\"><img loading=\"lazy\" decoding=\"async\" class=\" wp-image-425912 alignleft\" src=\"https:\/\/www.radiopiu.net\/wordpress\/wp-content\/uploads\/2024\/12\/26bdc84a-1204-4d16-be54-c195b9dcb957-300x225.jpg\" alt=\"\" width=\"255\" height=\"191\" srcset=\"https:\/\/www.radiopiu.net\/wordpress\/wp-content\/uploads\/2024\/12\/26bdc84a-1204-4d16-be54-c195b9dcb957-300x225.jpg 300w, https:\/\/www.radiopiu.net\/wordpress\/wp-content\/uploads\/2024\/12\/26bdc84a-1204-4d16-be54-c195b9dcb957-1024x768.jpg 1024w, https:\/\/www.radiopiu.net\/wordpress\/wp-content\/uploads\/2024\/12\/26bdc84a-1204-4d16-be54-c195b9dcb957-768x576.jpg 768w, https:\/\/www.radiopiu.net\/wordpress\/wp-content\/uploads\/2024\/12\/26bdc84a-1204-4d16-be54-c195b9dcb957-1536x1152.jpg 1536w, https:\/\/www.radiopiu.net\/wordpress\/wp-content\/uploads\/2024\/12\/26bdc84a-1204-4d16-be54-c195b9dcb957.jpg 1600w\" sizes=\"auto, (max-width: 255px) 100vw, 255px\" \/><\/a>OGGI A RADIO PIU&#8217;&#8230; TRA L&#8217;ALTRO:<\/span> <span style=\"color: #ff0000;\">10 10<\/span> LA RASSEGNA STAMPA DA L&#8217;AMICO DEL POPOLO DI GIANNI SANTOMASO <span style=\"color: #ff0000;\">10.30\u00a0 <\/span><span style=\"color: #000000;\">\u00a0speciale Forcella Aurine con Morgan Gnech e Sharon De Marco<\/span><\/strong>\u00a0<span style=\"color: #ff0000;\">14.00\u00a0<\/span><span style=\"color: #ff0000;\"><span style=\"color: #000000;\"> ELETTROCHOC CON DJ JACK LA MUSICA CHE BATTE <\/span><span style=\"color: #ff0000;\">\u00a0 <\/span><span style=\"color: #000000;\">\u00a0E QUESTA SERA L&#8217;HOCKEY SU GHIACCIO, CON MARCO GAZ HOCKEY AL PUNTO GIUSTO<\/span><\/span><\/p>\n<p><strong>ALLEGHE HOCKEY &#8211; HCMV VARESE HOCKEY <\/strong>Sabato 21 Dicembre ore 20:30 &#8211; Palaghiaccio Alvise De Toni di Alleghe (BL). Tribune totalmente aperte al pubblico. Entrata dall&#8217;ingresso principale<\/p>\n<p><strong>rassegna stampa nazionale,<\/strong> ogni giorno alle 5 e alle 6 del mattino.<br \/>\ngiornali locali 7 rassegna stampa flash, 8 rassegna stampa, gr flash alle 10 e alle 11, principale 12.30. Informazione pomeriggio ogni ora fino alle 20, in coda ai notiziari nazionali. Giornale radio nazionale: ogni ora dalle 4 del mattino, alle 20 della sera. Alle 19 le anticipazioni dal TG di Antenna 3 di Tiziana Bolognani.<\/p>\n<p><em>FOTO, tramonto invernale a La Valle Agordina, di tiziano de col<\/em><\/p>\n<p>&nbsp;<\/p>\n<hr \/>\n<p>&nbsp;<\/p>\n<p>&nbsp;<\/p>\n<div class=\"x11i5rnm xat24cr x1mh8g0r x1vvkbs xtlvy1s x126k92a\">\n<div dir=\"auto\">\n<div dir=\"auto\">\n<p><strong><a class=\"dt-pswp-item\" href=\"https:\/\/www.radiopiu.net\/wordpress\/wp-content\/uploads\/2024\/02\/2d44e751-d8a8-461b-8e22-d8e4e853b032.jpg\" data-dt-img-description=\"\" data-large_image_width=\"1600\" data-large_image_height=\"1200\"><img loading=\"lazy\" decoding=\"async\" class=\"wp-image-373307 alignleft\" src=\"https:\/\/www.radiopiu.net\/wordpress\/wp-content\/uploads\/2024\/02\/2d44e751-d8a8-461b-8e22-d8e4e853b032-300x225.jpg\" alt=\"\" width=\"105\" height=\"79\" srcset=\"https:\/\/www.radiopiu.net\/wordpress\/wp-content\/uploads\/2024\/02\/2d44e751-d8a8-461b-8e22-d8e4e853b032-300x225.jpg 300w, https:\/\/www.radiopiu.net\/wordpress\/wp-content\/uploads\/2024\/02\/2d44e751-d8a8-461b-8e22-d8e4e853b032-1024x768.jpg 1024w, https:\/\/www.radiopiu.net\/wordpress\/wp-content\/uploads\/2024\/02\/2d44e751-d8a8-461b-8e22-d8e4e853b032-768x576.jpg 768w, https:\/\/www.radiopiu.net\/wordpress\/wp-content\/uploads\/2024\/02\/2d44e751-d8a8-461b-8e22-d8e4e853b032-1536x1152.jpg 1536w, https:\/\/www.radiopiu.net\/wordpress\/wp-content\/uploads\/2024\/02\/2d44e751-d8a8-461b-8e22-d8e4e853b032.jpg 1600w\" sizes=\"auto, (max-width: 105px) 100vw, 105px\" \/><\/a>EL BAL DEL FIOR, DI GIULIANA DA RONCH, 21 DICEMBRE<\/strong><strong>\u00a02024<\/strong><\/p>\n<\/div>\n<\/div>\n<\/div>\n<audio class=\"wp-audio-shortcode\" id=\"audio-425766-1\" preload=\"none\" style=\"width: 100%;\" controls=\"controls\"><source type=\"audio\/mpeg\" src=\"https:\/\/www.radiopiu.net\/wordpress\/wp-content\/uploads\/2024\/12\/GSA-2.mp3?_=1\" \/><a href=\"https:\/\/www.radiopiu.net\/wordpress\/wp-content\/uploads\/2024\/12\/GSA-2.mp3\">https:\/\/www.radiopiu.net\/wordpress\/wp-content\/uploads\/2024\/12\/GSA-2.mp3<\/a><\/audio>\n<div class=\"x11i5rnm xat24cr x1mh8g0r x1vvkbs xtlvy1s x126k92a\">\n<p>&nbsp;<\/p>\n<hr \/>\n<p>&nbsp;<\/p>\n<p>&nbsp;<\/p>\n<blockquote>\n<h1><strong><a class=\"dt-pswp-item\" href=\"https:\/\/www.radiopiu.net\/wordpress\/wp-content\/uploads\/2024\/10\/629301fd-708d-4f53-95c2-d28cbefd500f.jpg\" data-dt-img-description=\"\" data-large_image_width=\"1600\" data-large_image_height=\"1322\"><img loading=\"lazy\" decoding=\"async\" class=\"wp-image-413782 alignright\" src=\"https:\/\/www.radiopiu.net\/wordpress\/wp-content\/uploads\/2024\/10\/629301fd-708d-4f53-95c2-d28cbefd500f-300x248.jpg\" alt=\"\" width=\"106\" height=\"88\" srcset=\"https:\/\/www.radiopiu.net\/wordpress\/wp-content\/uploads\/2024\/10\/629301fd-708d-4f53-95c2-d28cbefd500f-300x248.jpg 300w, https:\/\/www.radiopiu.net\/wordpress\/wp-content\/uploads\/2024\/10\/629301fd-708d-4f53-95c2-d28cbefd500f-1024x846.jpg 1024w, https:\/\/www.radiopiu.net\/wordpress\/wp-content\/uploads\/2024\/10\/629301fd-708d-4f53-95c2-d28cbefd500f-768x635.jpg 768w, https:\/\/www.radiopiu.net\/wordpress\/wp-content\/uploads\/2024\/10\/629301fd-708d-4f53-95c2-d28cbefd500f-1536x1269.jpg 1536w, https:\/\/www.radiopiu.net\/wordpress\/wp-content\/uploads\/2024\/10\/629301fd-708d-4f53-95c2-d28cbefd500f.jpg 1600w\" sizes=\"auto, (max-width: 106px) 100vw, 106px\" \/><\/a><\/strong><\/h1>\n<h1><strong><a class=\"dt-pswp-item\" href=\"https:\/\/www.radiopiu.net\/wordpress\/wp-content\/uploads\/2024\/11\/th-18.jpg\" data-dt-img-description=\"\" data-large_image_width=\"156\" data-large_image_height=\"180\"><img loading=\"lazy\" decoding=\"async\" class=\"size-full wp-image-421611 alignleft\" src=\"https:\/\/www.radiopiu.net\/wordpress\/wp-content\/uploads\/2024\/11\/th-18.jpg\" alt=\"\" width=\"156\" height=\"180\" \/><\/a><\/strong><\/h1>\n<h1><strong>N di parom &#8211; L Almanach de la nosta jent<\/strong><\/h1>\n<\/blockquote>\n<p>&nbsp;<\/p>\n<p>Le voci: Davide Conedera, Agordo, Michela Dell&#8217;Osbel, La Valle Agordina Simone Ganz, Falcade Veronica Lezuo, Colle Santa Lucia. La voce nella sigla \u00e8 di Giorgia Taio<\/p>\n<p>&nbsp;<\/p>\n<p><strong>LA PUNTATA DI OGGI, 21 DICEMBRE<\/strong><\/p>\n<\/div>\n<div class=\"x11i5rnm xat24cr x1mh8g0r x1vvkbs xtlvy1s x126k92a\">\n<div dir=\"auto\">\n<audio class=\"wp-audio-shortcode\" id=\"audio-425766-2\" preload=\"none\" style=\"width: 100%;\" controls=\"controls\"><source type=\"audio\/mpeg\" src=\"https:\/\/www.radiopiu.net\/wordpress\/wp-content\/uploads\/2024\/12\/AL6-2.mp3?_=2\" \/><a href=\"https:\/\/www.radiopiu.net\/wordpress\/wp-content\/uploads\/2024\/12\/AL6-2.mp3\">https:\/\/www.radiopiu.net\/wordpress\/wp-content\/uploads\/2024\/12\/AL6-2.mp3<\/a><\/audio>\n<p>&nbsp;<\/p>\n<hr \/>\n<\/div>\n<\/div>\n<blockquote>\n<blockquote>\n<h1><span style=\"color: #ff0000;\">\u00a0<\/span><\/h1>\n<h1><span style=\"color: #ff0000;\">I podcast informativi del mattino &#8211; audio &#8211;\u00a0\u00a0<\/span><\/h1>\n<\/blockquote>\n<p><strong><a class=\"dt-pswp-item\" href=\"https:\/\/www.radiopiu.net\/wordpress\/wp-content\/uploads\/2024\/11\/6.jpg\" data-dt-img-description=\"\" data-large_image_width=\"177\" data-large_image_height=\"180\"><img loading=\"lazy\" decoding=\"async\" class=\"size-full wp-image-417911 alignleft\" src=\"https:\/\/www.radiopiu.net\/wordpress\/wp-content\/uploads\/2024\/11\/6.jpg\" alt=\"\" width=\"177\" height=\"180\" \/><\/a>LA RASSEGNA STAMPA NAZIONALE ALLA RADIO, OGNI GIORNO ALLE 5 E ALLE 6 DEL MATTINO <span style=\"color: #0000ff;\">viene pubblicata alle 6.00 <span style=\"color: #ff0000;\">DIRETTA RADIO\u00a0 \u00a0\u00a0<\/span><\/span><\/strong><\/p><\/blockquote>\n<p>&nbsp;<\/p>\n<p><strong>NOTIZIE DELLA NOTTE<\/strong><\/p>\n<p>&nbsp;<\/p>\n<p><strong>Attentato in Germania<\/strong>:Al momento non ci sono italiani coinvolti a Magdeburgo <strong>Attentato in Germania:<\/strong> media, &#8216;l&#8217;arrestato \u00e8 un saudita&#8217; <strong>Attentato in Germania:<\/strong> Bild, almeno 2 morti a Magdeburgo<strong> Israele<\/strong>\u00a0&#8216;colpito da un proiettile lanciato dallo Yemen&#8217; <strong>Trump<\/strong> trasferisce azioni del suo gruppo media in un trust fund <strong>Ok Camera<\/strong> alla manovra con 204 s\u00ec, passa al Senato <strong>La Russa,<\/strong> Salvini assolto, giustizia ha fatto chiarezza<strong>Il Milan<\/strong> soffre ma vince, a Verona decide Reijnders<\/p>\n<h2>AUDIO dalle 6 del mattino<\/h2>\n<audio class=\"wp-audio-shortcode\" id=\"audio-425766-3\" preload=\"none\" style=\"width: 100%;\" controls=\"controls\"><source type=\"audio\/mpeg\" src=\"https:\/\/www.radiopiu.net\/wordpress\/wp-content\/uploads\/2024\/12\/GIORNALEDELLESEI-18.mp3?_=3\" \/><a href=\"https:\/\/www.radiopiu.net\/wordpress\/wp-content\/uploads\/2024\/12\/GIORNALEDELLESEI-18.mp3\">https:\/\/www.radiopiu.net\/wordpress\/wp-content\/uploads\/2024\/12\/GIORNALEDELLESEI-18.mp3<\/a><\/audio>\n<p>&nbsp;<\/p>\n<hr \/>\n<p>&nbsp;<\/p>\n<h1 style=\"text-align: center;\"><span style=\"color: #ff0000;\"><a class=\"dt-pswp-item\" href=\"https:\/\/www.radiopiu.net\/wordpress\/wp-content\/uploads\/2024\/11\/7.jpg\" data-dt-img-description=\"\" data-large_image_width=\"180\" data-large_image_height=\"180\"><img loading=\"lazy\" decoding=\"async\" class=\"size-full wp-image-417912 alignleft\" src=\"https:\/\/www.radiopiu.net\/wordpress\/wp-content\/uploads\/2024\/11\/7.jpg\" alt=\"\" width=\"180\" height=\"180\" srcset=\"https:\/\/www.radiopiu.net\/wordpress\/wp-content\/uploads\/2024\/11\/7.jpg 180w, https:\/\/www.radiopiu.net\/wordpress\/wp-content\/uploads\/2024\/11\/7-150x150.jpg 150w\" sizes=\"auto, (max-width: 180px) 100vw, 180px\" \/><\/a>I podcast informativi del mattino &#8211; audio &#8211;\u00a0<\/span><\/h1>\n<p><strong>OGNI GIORNO ALLE SETTE DEL MATTINO, LA RASSEGNA STAMPA LOCALE FLASH&#8230; PER CHI VA IN FRETTA. I TITOLI DAI GIORNALI E DAL SITO WWW.RADIOPIU.NET <span style=\"color: #0000ff;\">viene pubblicato alle 7.00<\/span> <span style=\"color: #ff0000;\">DIRETTA RADIO\u00a0<\/span><\/strong><\/p>\n<p><em><span style=\"color: #ff0000;\">per chi va in fretta&#8230; tante notizie in pochi minuti. L&#8217;informazione locale alla radio, ogni ora dalle 7 del mattino alle 19 della sera.<\/span><\/em><\/p>\n<h1>AUDIO dalle 7 del mattino<\/h1>\n<audio class=\"wp-audio-shortcode\" id=\"audio-425766-4\" preload=\"none\" style=\"width: 100%;\" controls=\"controls\"><source type=\"audio\/mpeg\" src=\"https:\/\/www.radiopiu.net\/wordpress\/wp-content\/uploads\/2024\/12\/GF07-17.mp3?_=4\" \/><a href=\"https:\/\/www.radiopiu.net\/wordpress\/wp-content\/uploads\/2024\/12\/GF07-17.mp3\">https:\/\/www.radiopiu.net\/wordpress\/wp-content\/uploads\/2024\/12\/GF07-17.mp3<\/a><\/audio>\n<p>&nbsp;<\/p>\n<hr \/>\n<p>&nbsp;<\/p>\n<h1><\/h1>\n<h1 style=\"text-align: center;\"><span style=\"color: #ff0000;\"><a class=\"dt-pswp-item\" href=\"https:\/\/www.radiopiu.net\/wordpress\/wp-content\/uploads\/2024\/11\/th.jpg\" data-dt-img-description=\"\" data-large_image_width=\"148\" data-large_image_height=\"179\"><img loading=\"lazy\" decoding=\"async\" class=\"size-full wp-image-417913 alignleft\" src=\"https:\/\/www.radiopiu.net\/wordpress\/wp-content\/uploads\/2024\/11\/th.jpg\" alt=\"\" width=\"148\" height=\"179\" \/><\/a>I podcast informativi del mattino &#8211; audio &#8211;\u00a0<\/span><\/h1>\n<blockquote><p><strong>GIORNALE RADIO NAZIONALE, EDIZIONE DELLE SETTE <span style=\"color: #0000ff;\">viene pubblicato alle 7.05 <span style=\"color: #ff0000;\">DIRETTA RADIO\u00a0<\/span><\/span><\/strong><\/p><\/blockquote>\n<p><strong>il giornale radionazionale e&#8217; in onda ogni ora, dalle sette del mattino alle venti della sera\u00a0 \u00a0<\/strong><strong>\u00a0<\/strong><\/p>\n<p>&nbsp;<\/p>\n<p><strong>Milano <\/strong>Investe mamma e figlio sulle strisce e scappa, arrestato <strong>Roma<\/strong> &#8216;Le Covid card inutile duplicato&#8217;, De Luca condannato La Corte dei conti: &#8216;Il governatore risarcisca&#8217;. Lui impugna la sentenza<strong> Catanzaro<\/strong> Corruzione e concussione, otto arresti. Operazione dei carabinieri e della Digos, fra gli indagati c&#8217;\u00e8 un consigliere comunale<strong> La scelta di Laura Santi,<\/strong> via libera al suicidio assistito<br \/>\nIl quinto caso in Italia. La giornalista \u00e8 affetta da sclerosi multipla<strong> Via Poma<\/strong>, il gip di Roma respinge la richiesta di archiviazione &#8220;L&#8217;ombra dei servizi&#8221;, sar\u00e0 sentito anche il vice capo polizia <strong>Adescava minori online<\/strong>, 6 anni all&#8217;ex speaker Andrea Piscina L&#8217;ex conduttore radiofonico\u00a0 milanese accusato anche di violenza sessuale <strong>Le previsioni Maltempo<\/strong>, in arrivo vento e freddo<\/p>\n<p><span style=\"color: #ff0000;\"><span style=\"color: #0000ff;\">CRONACA<\/span> EDIZIONE DELLA SERA , DEL 20 DICEMBRE 2024 EDIZIONE DI IERI, 20.00<\/span><\/p>\n<audio class=\"wp-audio-shortcode\" id=\"audio-425766-5\" preload=\"none\" style=\"width: 100%;\" controls=\"controls\"><source type=\"audio\/mpeg\" src=\"https:\/\/www.radiopiu.net\/wordpress\/wp-content\/uploads\/2024\/12\/giornale07-35.mp3?_=5\" \/><a href=\"https:\/\/www.radiopiu.net\/wordpress\/wp-content\/uploads\/2024\/12\/giornale07-35.mp3\">https:\/\/www.radiopiu.net\/wordpress\/wp-content\/uploads\/2024\/12\/giornale07-35.mp3<\/a><\/audio>\n<p>&nbsp;<\/p>\n<p><span style=\"color: #ff0000;\"><span style=\"color: #0000ff;\">SPORT<\/span> EDIZIONE DELLE 19, DEL 20 DICEMBRE 2024, LO SPORT EDIZIONE DI IERI<\/span><\/p>\n<audio class=\"wp-audio-shortcode\" id=\"audio-425766-6\" preload=\"none\" style=\"width: 100%;\" controls=\"controls\"><source type=\"audio\/mpeg\" src=\"https:\/\/www.radiopiu.net\/wordpress\/wp-content\/uploads\/2024\/12\/gr-sport-18.mp3?_=6\" \/><a href=\"https:\/\/www.radiopiu.net\/wordpress\/wp-content\/uploads\/2024\/12\/gr-sport-18.mp3\">https:\/\/www.radiopiu.net\/wordpress\/wp-content\/uploads\/2024\/12\/gr-sport-18.mp3<\/a><\/audio>\n<p>&nbsp;<\/p>\n<h2><span style=\"color: #ff0000;\"><span style=\"color: #0000ff;\">ULTIM&#8217;ORA<\/span> AUDIO dalle sette del mattino, ogni ora alla radio EDIZIONE DELLE SETTE<\/span><\/h2>\n<audio class=\"wp-audio-shortcode\" id=\"audio-425766-7\" preload=\"none\" style=\"width: 100%;\" controls=\"controls\"><source type=\"audio\/mpeg\" src=\"https:\/\/www.radiopiu.net\/wordpress\/wp-content\/uploads\/2024\/12\/giornale07-36.mp3?_=7\" \/><a href=\"https:\/\/www.radiopiu.net\/wordpress\/wp-content\/uploads\/2024\/12\/giornale07-36.mp3\">https:\/\/www.radiopiu.net\/wordpress\/wp-content\/uploads\/2024\/12\/giornale07-36.mp3<\/a><\/audio>\n<p>&nbsp;<\/p>\n<p>&nbsp;<\/p>\n<hr \/>\n<p>&nbsp;<\/p>\n<p>&nbsp;<\/p>\n<h1><span style=\"color: #ff0000;\"><a class=\"dt-pswp-item\" href=\"https:\/\/www.radiopiu.net\/wordpress\/wp-content\/uploads\/2024\/11\/8.jpg\" data-dt-img-description=\"\" data-large_image_width=\"180\" data-large_image_height=\"180\"><img loading=\"lazy\" decoding=\"async\" class=\"size-full wp-image-417910 alignleft\" src=\"https:\/\/www.radiopiu.net\/wordpress\/wp-content\/uploads\/2024\/11\/8.jpg\" alt=\"\" width=\"180\" height=\"180\" srcset=\"https:\/\/www.radiopiu.net\/wordpress\/wp-content\/uploads\/2024\/11\/8.jpg 180w, https:\/\/www.radiopiu.net\/wordpress\/wp-content\/uploads\/2024\/11\/8-150x150.jpg 150w\" sizes=\"auto, (max-width: 180px) 100vw, 180px\" \/><\/a>I podcast informativi del mattino &#8211; video &#8211;\u00a0<\/span><\/h1>\n<h2 style=\"text-align: left;\"><strong>RASSEGNA STAMPA LOCALE, ORE OTTO<\/strong><\/h2>\n<h2><strong> <span style=\"color: #0000ff;\">viene\u00a0 <\/span><\/strong><strong><span style=\"color: #0000ff;\">pubblicata alle 8.05 <span style=\"color: #ff0000;\">DIRETTA RADIO\u00a0 \u00a0<\/span><\/span><\/strong><strong>DI MIRKO MEZZACASA<\/strong><\/h2>\n<h2><span style=\"color: #ff0000;\"><strong>\u00a0<\/strong><\/span><\/h2>\n<h2><span style=\"color: #ff0000;\"><strong>\u00a0<\/strong><\/span><\/h2>\n<h1><span style=\"color: #ff0000;\"><strong>VIDEO\u00a0 \u00a0in diretta dalle 8 del mattino\u00a0 \u00a0per ASCOLTARE <\/strong><\/span><\/h1>\n<blockquote>\n<h1 style=\"text-align: center;\">CLICCA QUI<\/h1>\n<p><iframe loading=\"lazy\" style=\"border: none; overflow: hidden;\" src=\"https:\/\/www.facebook.com\/plugins\/video.php?height=314&amp;href=https%3A%2F%2Fwww.facebook.com%2Fradiopiu%2Fvideos%2F1362937418473844%2F&amp;show_text=false&amp;width=560&amp;t=0\" width=\"560\" height=\"314\" frameborder=\"0\" scrolling=\"no\" allowfullscreen=\"allowfullscreen\"><\/iframe><\/p>\n<p>&nbsp;<\/p>\n\n\t\t\t<style type='text\/css'>\n\t\t\t\t#gallery-1 {\n\t\t\t\t\tmargin: auto;\n\t\t\t\t}\n\t\t\t\t#gallery-1 .gallery-item {\n\t\t\t\t\tfloat: left;\n\t\t\t\t\tmargin-top: 10px;\n\t\t\t\t\ttext-align: center;\n\t\t\t\t\twidth: 50%;\n\t\t\t\t}\n\t\t\t\t#gallery-1 img {\n\t\t\t\t\tborder: 2px solid #cfcfcf;\n\t\t\t\t}\n\t\t\t\t#gallery-1 .gallery-caption {\n\t\t\t\t\tmargin-left: 0;\n\t\t\t\t}\n\t\t\t\t\/* see gallery_shortcode() in wp-includes\/media.php *\/\n\t\t\t<\/style>\n\t\t<div id='gallery-1' class='dt-gallery-container gallery galleryid-425766 gallery-columns-2 gallery-size-medium'><dl class='gallery-item'>\n\t\t\t\t<dt class='gallery-icon landscape'>\n\t\t\t\t\t<a class=\"rollover rollover-zoom dt-pswp-item\" title=\"coop2\" data-dt-img-description=\"\" data-large_image_width=\"283\" data-large_image_height=\"185\"href='https:\/\/www.radiopiu.net\/wordpress\/wp-content\/uploads\/2024\/12\/coop2-9.png'><img loading=\"lazy\" decoding=\"async\" width=\"283\" height=\"185\" src=\"https:\/\/www.radiopiu.net\/wordpress\/wp-content\/uploads\/2024\/12\/coop2-9.png\" class=\"attachment-medium size-medium\" alt=\"\" \/><\/a>\n\t\t\t\t<\/dt><\/dl><dl class='gallery-item'>\n\t\t\t\t<dt class='gallery-icon landscape'>\n\t\t\t\t\t<a class=\"rollover rollover-zoom dt-pswp-item\" title=\"COOP1\" data-dt-img-description=\"\" data-large_image_width=\"481\" data-large_image_height=\"217\"href='https:\/\/www.radiopiu.net\/wordpress\/wp-content\/uploads\/2024\/12\/COOP1-10.png'><img loading=\"lazy\" decoding=\"async\" width=\"300\" height=\"135\" src=\"https:\/\/www.radiopiu.net\/wordpress\/wp-content\/uploads\/2024\/12\/COOP1-10-300x135.png\" class=\"attachment-medium size-medium\" alt=\"\" srcset=\"https:\/\/www.radiopiu.net\/wordpress\/wp-content\/uploads\/2024\/12\/COOP1-10-300x135.png 300w, https:\/\/www.radiopiu.net\/wordpress\/wp-content\/uploads\/2024\/12\/COOP1-10.png 481w\" sizes=\"auto, (max-width: 300px) 100vw, 300px\" \/><\/a>\n\t\t\t\t<\/dt><\/dl><br style=\"clear: both\" \/>\n\t\t\t<\/div>\n<\/blockquote>\n<hr \/>\n<p>&nbsp;<\/p>\n<p><strong><a class=\"dt-pswp-item\" href=\"https:\/\/www.radiopiu.net\/wordpress\/wp-content\/uploads\/2023\/12\/ANTENNA.png\" data-dt-img-description=\"\" data-large_image_width=\"300\" data-large_image_height=\"166\"><img loading=\"lazy\" decoding=\"async\" class=\"wp-image-366306 alignright\" src=\"https:\/\/www.radiopiu.net\/wordpress\/wp-content\/uploads\/2023\/12\/ANTENNA.png\" alt=\"\" width=\"101\" height=\"56\" \/><\/a><a class=\"dt-pswp-item\" href=\"https:\/\/www.radiopiu.net\/wordpress\/wp-content\/uploads\/2024\/11\/th-17.jpg\" data-dt-img-description=\"\" data-large_image_width=\"224\" data-large_image_height=\"180\"><img loading=\"lazy\" decoding=\"async\" class=\" wp-image-421610 alignleft\" src=\"https:\/\/www.radiopiu.net\/wordpress\/wp-content\/uploads\/2024\/11\/th-17.jpg\" alt=\"\" width=\"167\" height=\"134\" \/><\/a>ogni sera alle 19 le anticipazioni alla radio, quello che poi seguirete nel TELEGIORNALE BELLUNESE\u00a0 in onda alle 19.30 sul CANALE 10 del digitale terrestre.\u00a0\u00a0<\/strong><\/p>\n<p>&nbsp;<\/p>\n<p><strong>IERI SERA, LE ANTICIPAZIONI DI TIZIANA BOLOGNANI<\/strong><\/p>\n<audio class=\"wp-audio-shortcode\" id=\"audio-425766-8\" preload=\"none\" style=\"width: 100%;\" controls=\"controls\"><source type=\"audio\/mpeg\" src=\"https:\/\/www.radiopiu.net\/wordpress\/wp-content\/uploads\/2024\/12\/ANTENNA3-14.mp3?_=8\" \/><a href=\"https:\/\/www.radiopiu.net\/wordpress\/wp-content\/uploads\/2024\/12\/ANTENNA3-14.mp3\">https:\/\/www.radiopiu.net\/wordpress\/wp-content\/uploads\/2024\/12\/ANTENNA3-14.mp3<\/a><\/audio>\n<p>&nbsp;<\/p>\n<p>&nbsp;<\/p>\n<p>&nbsp;<\/p>\n<hr \/>\n<p>&nbsp;<\/p>\n<blockquote>\n<h3><a class=\"dt-pswp-item\" href=\"https:\/\/www.radiopiu.net\/wordpress\/wp-content\/uploads\/2024\/12\/Padre-Aldo-Trento-2-1152x1536-1.jpg\" data-dt-img-description=\"\" data-large_image_width=\"1152\" data-large_image_height=\"1536\"><img loading=\"lazy\" decoding=\"async\" class=\" wp-image-425905 alignleft\" src=\"https:\/\/www.radiopiu.net\/wordpress\/wp-content\/uploads\/2024\/12\/Padre-Aldo-Trento-2-1152x1536-1-225x300.jpg\" alt=\"\" width=\"138\" height=\"184\" srcset=\"https:\/\/www.radiopiu.net\/wordpress\/wp-content\/uploads\/2024\/12\/Padre-Aldo-Trento-2-1152x1536-1-225x300.jpg 225w, https:\/\/www.radiopiu.net\/wordpress\/wp-content\/uploads\/2024\/12\/Padre-Aldo-Trento-2-1152x1536-1-768x1024.jpg 768w, https:\/\/www.radiopiu.net\/wordpress\/wp-content\/uploads\/2024\/12\/Padre-Aldo-Trento-2-1152x1536-1.jpg 1152w\" sizes=\"auto, (max-width: 138px) 100vw, 138px\" \/><\/a>ADDIO A PADRE ALDO TRENTO<\/h3>\n<\/blockquote>\n<p><strong>FELTRE<\/strong> Padre Aldo Trento, nato a Faller di Sovramonte nel 1947, \u00e8 morto il 20 dicembre ad Asunci\u00f3n, Paraguay. Dopo una carriera come insegnante di religione a Feltre, nel 1989 decise di partire come missionario con la Fraternit\u00e0 San Carlo. In Paraguay si dedic\u00f2 instancabilmente ai bisognosi, fondando scuole, cliniche, case per ragazze madri, orfani e anziani, e strutture per malati di AIDS. La sua opera ha trasformato un quartiere di Asunci\u00f3n, diventato esempio di umanit\u00e0 e speranza. Oscar De Bona, che lo ha conosciuto personalmente, ha ricordato la sua dedizione e l\u2019impatto delle sue opere. I funerali si terranno in Paraguay, ma una messa in suffragio sar\u00e0 celebrata il 22 dicembre a Faller. La sua eredit\u00e0 rimarr\u00e0 fonte di ispirazione per molti.<\/p>\n<p>&nbsp;<\/p>\n<p>&nbsp;<\/p>\n<hr \/>\n<p>&nbsp;<\/p>\n<blockquote>\n<h3>INCIDENTE A LE ROE DI SEDICO: DUE AUTO COINVOLTE<\/h3>\n<\/blockquote>\n<p><strong>DI MARINA DONA\u2019<\/strong><\/p>\n<p><strong>SEDICO\u00a0<\/strong>Incidente a Le Roe di Sedico. Due le auto coinvolte nell\u2019impatto. Sul posto Vigili del Fuoco e Carabinieri per i rilievi di legge.<\/p>\n\n\t\t\t<style type='text\/css'>\n\t\t\t\t#gallery-2 {\n\t\t\t\t\tmargin: auto;\n\t\t\t\t}\n\t\t\t\t#gallery-2 .gallery-item {\n\t\t\t\t\tfloat: left;\n\t\t\t\t\tmargin-top: 10px;\n\t\t\t\t\ttext-align: center;\n\t\t\t\t\twidth: 33%;\n\t\t\t\t}\n\t\t\t\t#gallery-2 img {\n\t\t\t\t\tborder: 2px solid #cfcfcf;\n\t\t\t\t}\n\t\t\t\t#gallery-2 .gallery-caption {\n\t\t\t\t\tmargin-left: 0;\n\t\t\t\t}\n\t\t\t\t\/* see gallery_shortcode() in wp-includes\/media.php *\/\n\t\t\t<\/style>\n\t\t<div id='gallery-2' class='dt-gallery-container gallery galleryid-425766 gallery-columns-3 gallery-size-thumbnail'><dl class='gallery-item'>\n\t\t\t\t<dt class='gallery-icon landscape'>\n\t\t\t\t\t<a class=\"rollover\" href='https:\/\/www.radiopiu.net\/wordpress\/incidente-a-le-roe-di-sedico-due-auto-coinvolte\/0ebc1839-8da3-4073-90ee-fee5533a9d17\/'><img loading=\"lazy\" decoding=\"async\" width=\"150\" height=\"150\" src=\"https:\/\/www.radiopiu.net\/wordpress\/wp-content\/uploads\/2024\/12\/0ebc1839-8da3-4073-90ee-fee5533a9d17-150x150.jpeg\" class=\"attachment-thumbnail size-thumbnail\" alt=\"\" \/><\/a>\n\t\t\t\t<\/dt><\/dl><dl class='gallery-item'>\n\t\t\t\t<dt class='gallery-icon landscape'>\n\t\t\t\t\t<a class=\"rollover\" href='https:\/\/www.radiopiu.net\/wordpress\/incidente-a-le-roe-di-sedico-due-auto-coinvolte\/a3ee297e-6892-4cb7-b059-506cd37cb676\/'><img loading=\"lazy\" decoding=\"async\" width=\"150\" height=\"150\" src=\"https:\/\/www.radiopiu.net\/wordpress\/wp-content\/uploads\/2024\/12\/a3ee297e-6892-4cb7-b059-506cd37cb676-150x150.jpeg\" class=\"attachment-thumbnail size-thumbnail\" alt=\"\" \/><\/a>\n\t\t\t\t<\/dt><\/dl><dl class='gallery-item'>\n\t\t\t\t<dt class='gallery-icon landscape'>\n\t\t\t\t\t<a class=\"rollover\" href='https:\/\/www.radiopiu.net\/wordpress\/incidente-a-le-roe-di-sedico-due-auto-coinvolte\/3fa562d0-5d8e-49c3-b37d-351aee3e3686\/'><img loading=\"lazy\" decoding=\"async\" width=\"150\" height=\"150\" src=\"https:\/\/www.radiopiu.net\/wordpress\/wp-content\/uploads\/2024\/12\/3fa562d0-5d8e-49c3-b37d-351aee3e3686-150x150.jpeg\" class=\"attachment-thumbnail size-thumbnail\" alt=\"\" \/><\/a>\n\t\t\t\t<\/dt><\/dl><br style=\"clear: both\" \/>\n\t\t\t<\/div>\n\n<p>&nbsp;<\/p>\n<hr \/>\n<p>&nbsp;<\/p>\n<blockquote>\n<h3>VANDALISMO IN VIA VITTORIO VENETO<\/h3>\n<\/blockquote>\n<p><strong>BELLUNO<\/strong><\/p>\n<p><img loading=\"lazy\" decoding=\"async\" class=\"alignleft\" src=\"https:\/\/www.radiopiu.net\/wordpress\/wp-content\/uploads\/2024\/12\/Senza-nome-99.png\" width=\"266\" height=\"158\" \/>Vandali in azione nell&#8217;area ex Agip di via Vittorio Veneto. Nella notte tra gioved\u00ec e venerd\u00ec, reti metalliche\u00a0 sono state divelte e spostate, mentre la vetrata del vecchio bar \u00e8 stata infranta, lasciando un evidente buco visibile dalla strada.<\/p>\n<p>La propriet\u00e0, il gruppo Acil, ha ricevuto diverse segnalazioni e inviato tecnici per mettere in sicurezza le recinzioni, pericolose per i passanti sul marciapiede adiacente.<\/p>\n<p>\u00ab\u00c8 la seconda volta che accade\u00bb, riferisce la societ\u00e0 al Corriere delle Alpi, attribuendo l\u2019atto a una bravata vandalica. Al momento, non sono state fatte segnalazioni alle autorit\u00e0.<\/p>\n<p>&nbsp;<\/p>\n<p>&nbsp;<\/p>\n<hr \/>\n<p>&nbsp;<\/p>\n<blockquote>\n<h3>Bilancio Carabinieri 2024: Sicurezza e Fiducia<\/h3>\n<\/blockquote>\n<p><strong><a class=\"dt-pswp-item\" href=\"https:\/\/www.radiopiu.net\/wordpress\/wp-content\/uploads\/2024\/12\/1c8ce59b-1eff-42d3-bcec-6d70416633c3-scaled.jpg\" data-dt-img-description=\"\" data-large_image_width=\"2560\" data-large_image_height=\"1920\"><img loading=\"lazy\" decoding=\"async\" class=\"size-medium wp-image-425873 alignleft\" src=\"https:\/\/www.radiopiu.net\/wordpress\/wp-content\/uploads\/2024\/12\/1c8ce59b-1eff-42d3-bcec-6d70416633c3-300x225.jpg\" alt=\"\" width=\"300\" height=\"225\" srcset=\"https:\/\/www.radiopiu.net\/wordpress\/wp-content\/uploads\/2024\/12\/1c8ce59b-1eff-42d3-bcec-6d70416633c3-300x225.jpg 300w, https:\/\/www.radiopiu.net\/wordpress\/wp-content\/uploads\/2024\/12\/1c8ce59b-1eff-42d3-bcec-6d70416633c3-1024x768.jpg 1024w, https:\/\/www.radiopiu.net\/wordpress\/wp-content\/uploads\/2024\/12\/1c8ce59b-1eff-42d3-bcec-6d70416633c3-768x576.jpg 768w, https:\/\/www.radiopiu.net\/wordpress\/wp-content\/uploads\/2024\/12\/1c8ce59b-1eff-42d3-bcec-6d70416633c3-1536x1152.jpg 1536w, https:\/\/www.radiopiu.net\/wordpress\/wp-content\/uploads\/2024\/12\/1c8ce59b-1eff-42d3-bcec-6d70416633c3-2048x1536.jpg 2048w\" sizes=\"auto, (max-width: 300px) 100vw, 300px\" \/><\/a>BELLUNO<\/strong><\/p>\n<p>I Carabinieri di Belluno chiudono il 2024 con risultati significativi: -24% nei furti, 71 arresti (+30%) e 38mila controlli effettuati. Lotta a truffe, violenza di genere e droga tra le priorit\u00e0. Pi\u00f9 di 85.600 chiamate al 112 (+25%) evidenziano crescente fiducia. Sorveglianza continua anche nel periodo natalizio.<\/p>\n<p>&nbsp;<\/p>\n<p>&nbsp;<\/p>\n<p>&nbsp;<\/p>\n<p><strong>DI DANIELE DALVIT<\/strong><\/p>\n<audio class=\"wp-audio-shortcode\" id=\"audio-425766-9\" preload=\"none\" style=\"width: 100%;\" controls=\"controls\"><source type=\"audio\/mpeg\" src=\"https:\/\/www.radiopiu.net\/wordpress\/wp-content\/uploads\/2024\/12\/Servizio-Bilancio-Carabinieri-2024.mp3?_=9\" \/><a href=\"https:\/\/www.radiopiu.net\/wordpress\/wp-content\/uploads\/2024\/12\/Servizio-Bilancio-Carabinieri-2024.mp3\">https:\/\/www.radiopiu.net\/wordpress\/wp-content\/uploads\/2024\/12\/Servizio-Bilancio-Carabinieri-2024.mp3<\/a><\/audio>\n<p>&nbsp;<\/p>\n\n\t\t\t<style type='text\/css'>\n\t\t\t\t#gallery-3 {\n\t\t\t\t\tmargin: auto;\n\t\t\t\t}\n\t\t\t\t#gallery-3 .gallery-item {\n\t\t\t\t\tfloat: left;\n\t\t\t\t\tmargin-top: 10px;\n\t\t\t\t\ttext-align: center;\n\t\t\t\t\twidth: 50%;\n\t\t\t\t}\n\t\t\t\t#gallery-3 img {\n\t\t\t\t\tborder: 2px solid #cfcfcf;\n\t\t\t\t}\n\t\t\t\t#gallery-3 .gallery-caption {\n\t\t\t\t\tmargin-left: 0;\n\t\t\t\t}\n\t\t\t\t\/* see gallery_shortcode() in wp-includes\/media.php *\/\n\t\t\t<\/style>\n\t\t<div id='gallery-3' class='dt-gallery-container gallery galleryid-425766 gallery-columns-2 gallery-size-medium'><dl class='gallery-item'>\n\t\t\t\t<dt class='gallery-icon landscape'>\n\t\t\t\t\t<a class=\"rollover rollover-zoom dt-pswp-item\" title=\"345100ba-0f34-4db2-8045-cb8ce3592811\" data-dt-img-description=\"\" data-large_image_width=\"2560\" data-large_image_height=\"1920\"href='https:\/\/www.radiopiu.net\/wordpress\/wp-content\/uploads\/2024\/12\/345100ba-0f34-4db2-8045-cb8ce3592811-scaled.jpg'><img loading=\"lazy\" decoding=\"async\" width=\"300\" height=\"225\" src=\"https:\/\/www.radiopiu.net\/wordpress\/wp-content\/uploads\/2024\/12\/345100ba-0f34-4db2-8045-cb8ce3592811-300x225.jpg\" class=\"attachment-medium size-medium\" alt=\"\" srcset=\"https:\/\/www.radiopiu.net\/wordpress\/wp-content\/uploads\/2024\/12\/345100ba-0f34-4db2-8045-cb8ce3592811-300x225.jpg 300w, https:\/\/www.radiopiu.net\/wordpress\/wp-content\/uploads\/2024\/12\/345100ba-0f34-4db2-8045-cb8ce3592811-1024x768.jpg 1024w, https:\/\/www.radiopiu.net\/wordpress\/wp-content\/uploads\/2024\/12\/345100ba-0f34-4db2-8045-cb8ce3592811-768x576.jpg 768w, https:\/\/www.radiopiu.net\/wordpress\/wp-content\/uploads\/2024\/12\/345100ba-0f34-4db2-8045-cb8ce3592811-1536x1152.jpg 1536w, https:\/\/www.radiopiu.net\/wordpress\/wp-content\/uploads\/2024\/12\/345100ba-0f34-4db2-8045-cb8ce3592811-2048x1536.jpg 2048w\" sizes=\"auto, (max-width: 300px) 100vw, 300px\" \/><\/a>\n\t\t\t\t<\/dt><\/dl><dl class='gallery-item'>\n\t\t\t\t<dt class='gallery-icon landscape'>\n\t\t\t\t\t<a class=\"rollover rollover-zoom dt-pswp-item\" title=\"43330f8b-9b56-420c-9e92-d19024cd0f6d\" data-dt-img-description=\"\" data-large_image_width=\"2560\" data-large_image_height=\"1920\"href='https:\/\/www.radiopiu.net\/wordpress\/wp-content\/uploads\/2024\/12\/43330f8b-9b56-420c-9e92-d19024cd0f6d-scaled.jpg'><img loading=\"lazy\" decoding=\"async\" width=\"300\" height=\"225\" src=\"https:\/\/www.radiopiu.net\/wordpress\/wp-content\/uploads\/2024\/12\/43330f8b-9b56-420c-9e92-d19024cd0f6d-300x225.jpg\" class=\"attachment-medium size-medium\" alt=\"\" srcset=\"https:\/\/www.radiopiu.net\/wordpress\/wp-content\/uploads\/2024\/12\/43330f8b-9b56-420c-9e92-d19024cd0f6d-300x225.jpg 300w, https:\/\/www.radiopiu.net\/wordpress\/wp-content\/uploads\/2024\/12\/43330f8b-9b56-420c-9e92-d19024cd0f6d-1024x768.jpg 1024w, https:\/\/www.radiopiu.net\/wordpress\/wp-content\/uploads\/2024\/12\/43330f8b-9b56-420c-9e92-d19024cd0f6d-768x576.jpg 768w, https:\/\/www.radiopiu.net\/wordpress\/wp-content\/uploads\/2024\/12\/43330f8b-9b56-420c-9e92-d19024cd0f6d-1536x1152.jpg 1536w, https:\/\/www.radiopiu.net\/wordpress\/wp-content\/uploads\/2024\/12\/43330f8b-9b56-420c-9e92-d19024cd0f6d-2048x1536.jpg 2048w\" sizes=\"auto, (max-width: 300px) 100vw, 300px\" \/><\/a>\n\t\t\t\t<\/dt><\/dl><br style=\"clear: both\" \/>\n\t\t\t<\/div>\n\n<p>&nbsp;<\/p>\n<p><strong>TUTTI I NUMERI<\/strong><\/p>\n<p>&nbsp;<\/p>\n<blockquote class=\"wp-embedded-content\" data-secret=\"rZPqnjFNwT\"><p><a href=\"https:\/\/www.radiopiu.net\/wordpress\/tempo-di-bilanci-per-i-carabinieri-della-provincia-di-belluno-nel-2024-reati-in-calo-prevenzione-e-contrasto-in-netta-crescita\/\">TEMPO DI BILANCI PER I CARABINIERI DELLA PROVINCIA DI BELLUNO NEL 2024 REATI IN CALO, PREVENZIONE E CONTRASTO IN NETTA CRESCITA<\/a><\/p><\/blockquote>\n<p><iframe loading=\"lazy\" class=\"wp-embedded-content\" sandbox=\"allow-scripts\" security=\"restricted\" style=\"position: absolute; visibility: hidden;\" title=\"&#8220;TEMPO DI BILANCI PER I CARABINIERI DELLA PROVINCIA DI BELLUNO NEL 2024 REATI IN CALO, PREVENZIONE E CONTRASTO IN NETTA CRESCITA&#8221; &#8212; Radio Pi\u00f9\" src=\"https:\/\/www.radiopiu.net\/wordpress\/tempo-di-bilanci-per-i-carabinieri-della-provincia-di-belluno-nel-2024-reati-in-calo-prevenzione-e-contrasto-in-netta-crescita\/embed\/#?secret=LHdMUAfRgq#?secret=rZPqnjFNwT\" data-secret=\"rZPqnjFNwT\" width=\"600\" height=\"338\" frameborder=\"0\" marginwidth=\"0\" marginheight=\"0\" scrolling=\"no\"><\/iframe><\/p>\n<p>&nbsp;<\/p>\n<p>&nbsp;<\/p>\n<hr \/>\n<p>&nbsp;<\/p>\n<blockquote>\n<h3 class=\"_title post-title entry-title\"><a class=\"dt-pswp-item\" href=\"https:\/\/www.radiopiu.net\/wordpress\/wp-content\/uploads\/2023\/12\/ANTENNA.png\" data-dt-img-description=\"\" data-large_image_width=\"300\" data-large_image_height=\"166\"><img loading=\"lazy\" decoding=\"async\" class=\"wp-image-366306 alignleft\" src=\"https:\/\/www.radiopiu.net\/wordpress\/wp-content\/uploads\/2023\/12\/ANTENNA.png\" alt=\"\" width=\"193\" height=\"107\" \/><\/a>IL BILANCIO 2024, GLI IMPEGNI PER L\u2019ANNO NUOVO. CONFERENZA DI FINE ANNO A PALAZZO ROSSO<\/h3>\n<\/blockquote>\n<p>Intervistati OSCAR DE PELLEGRIN (SINDACO DI BELLUNO) (Servizio di\u00a0<a href=\"https:\/\/antennatre.medianordest.it\/redazione\/Tiziana-Bolognani\/\">Tiziana Bolognani<\/a>)<\/p>\n<p><iframe loading=\"lazy\" title=\"IL BILANCIO 2024, GLI IMPEGNI PER L&#039;ANNO NUOVO. CONFERENZA DI FINE ANNO A PALAZZO ROSSO | 20\/12\/2024\" width=\"1200\" height=\"675\" src=\"https:\/\/www.youtube.com\/embed\/42fmUW0ImYM?feature=oembed\" frameborder=\"0\" allow=\"accelerometer; autoplay; clipboard-write; encrypted-media; gyroscope; picture-in-picture; web-share\" referrerpolicy=\"strict-origin-when-cross-origin\" allowfullscreen><\/iframe><\/p>\n<hr \/>\n<p>&nbsp;<\/p>\n<blockquote>\n<h3>PIANTA IN STRADA SULLA SR 203 AGORDINA<\/h3>\n<\/blockquote>\n<p><strong>SEDICO<\/strong> Il vento di queste ore ha colpito lungo la SR 203 Agordina all&#8217;altezza delle scalette per il Rifugio Bianchet. Una pianta \u00e8 caduta in strada. Pronto l&#8217;intervento del personale di Veneto Strade per togliere l&#8217;albero dalla carreggiata.<\/p>\n<p><a class=\"dt-pswp-item\" href=\"https:\/\/www.radiopiu.net\/wordpress\/wp-content\/uploads\/2024\/12\/8194f40d-b6ce-4bed-837f-ea68c0bbd59e.jpg\" data-dt-img-description=\"\" data-large_image_width=\"1179\" data-large_image_height=\"848\"><img loading=\"lazy\" decoding=\"async\" class=\"size-medium wp-image-425823 aligncenter\" src=\"https:\/\/www.radiopiu.net\/wordpress\/wp-content\/uploads\/2024\/12\/8194f40d-b6ce-4bed-837f-ea68c0bbd59e-300x216.jpg\" alt=\"\" width=\"300\" height=\"216\" srcset=\"https:\/\/www.radiopiu.net\/wordpress\/wp-content\/uploads\/2024\/12\/8194f40d-b6ce-4bed-837f-ea68c0bbd59e-300x216.jpg 300w, https:\/\/www.radiopiu.net\/wordpress\/wp-content\/uploads\/2024\/12\/8194f40d-b6ce-4bed-837f-ea68c0bbd59e-1024x737.jpg 1024w, https:\/\/www.radiopiu.net\/wordpress\/wp-content\/uploads\/2024\/12\/8194f40d-b6ce-4bed-837f-ea68c0bbd59e-768x552.jpg 768w, https:\/\/www.radiopiu.net\/wordpress\/wp-content\/uploads\/2024\/12\/8194f40d-b6ce-4bed-837f-ea68c0bbd59e.jpg 1179w\" sizes=\"auto, (max-width: 300px) 100vw, 300px\" \/><\/a><\/p>\n<p>&nbsp;<\/p>\n<hr \/>\n<p>&nbsp;<\/p>\n<blockquote>\n<h3>I SINDACI DI VOLTAGO, TAIBON E ROCCA PIETORE PRENDONO LE DISTANZE DALLE POLEMICHE VERSO LA REGIONE VENETO DEI SCORSI GIORNI<\/h3>\n<\/blockquote>\n<p><strong><a class=\"dt-pswp-item\" href=\"https:\/\/www.radiopiu.net\/wordpress\/wp-content\/uploads\/2024\/12\/6acecd00-eb4d-48e0-a9a8-60a1586f135a.jpg\" data-dt-img-description=\"\" data-large_image_width=\"1179\" data-large_image_height=\"764\"><img loading=\"lazy\" decoding=\"async\" class=\" wp-image-425830 alignleft\" src=\"https:\/\/www.radiopiu.net\/wordpress\/wp-content\/uploads\/2024\/12\/6acecd00-eb4d-48e0-a9a8-60a1586f135a-300x194.jpg\" alt=\"\" width=\"192\" height=\"124\" srcset=\"https:\/\/www.radiopiu.net\/wordpress\/wp-content\/uploads\/2024\/12\/6acecd00-eb4d-48e0-a9a8-60a1586f135a-300x194.jpg 300w, https:\/\/www.radiopiu.net\/wordpress\/wp-content\/uploads\/2024\/12\/6acecd00-eb4d-48e0-a9a8-60a1586f135a-1024x664.jpg 1024w, https:\/\/www.radiopiu.net\/wordpress\/wp-content\/uploads\/2024\/12\/6acecd00-eb4d-48e0-a9a8-60a1586f135a-768x498.jpg 768w, https:\/\/www.radiopiu.net\/wordpress\/wp-content\/uploads\/2024\/12\/6acecd00-eb4d-48e0-a9a8-60a1586f135a.jpg 1179w\" sizes=\"auto, (max-width: 192px) 100vw, 192px\" \/><\/a>REDAZIONE<\/strong> In una nota congiunta, i sindaci di Voltago, Taibon e Rocca Pietore esprimono riconoscimento alla Regione del Veneto per l\u2019attenzione e il costante supporto dimostrato nei confronti della montagna bellunese.<\/p>\n<p>&nbsp;<\/p>\n<p>&nbsp;<\/p>\n<p>&nbsp;<\/p>\n<p><strong>IL SINDACO DI VOLTAGO GIUSEPPE SCHENA<\/strong><\/p>\n<audio class=\"wp-audio-shortcode\" id=\"audio-425766-10\" preload=\"none\" style=\"width: 100%;\" controls=\"controls\"><source type=\"audio\/mpeg\" src=\"https:\/\/www.radiopiu.net\/wordpress\/wp-content\/uploads\/2024\/12\/SCHENA-COMUNICATO.mp3?_=10\" \/><a href=\"https:\/\/www.radiopiu.net\/wordpress\/wp-content\/uploads\/2024\/12\/SCHENA-COMUNICATO.mp3\">https:\/\/www.radiopiu.net\/wordpress\/wp-content\/uploads\/2024\/12\/SCHENA-COMUNICATO.mp3<\/a><\/audio>\n<p>&nbsp;<\/p>\n<p><strong>IL COMUNICATO (3 PAGINE)<\/strong><\/p>\n<a href=\"https:\/\/www.radiopiu.net\/wordpress\/wp-content\/uploads\/2024\/12\/Comunicato-stampa_Rocca-Pietore_Taibon_Voltago_20.12.2024.pdf\" class=\"pdfemb-viewer\" style=\"\" data-width=\"max\" data-height=\"max\" data-toolbar=\"top\" data-toolbar-fixed=\"on\">Comunicato stampa_Rocca Pietore_Taibon_Voltago_20.12.2024<\/a>\n<p>&nbsp;<\/p>\n<hr \/>\n<p>&nbsp;<\/p>\n<blockquote>\n<h3>DILLO A RADIO PIU\u2019\u2026LA MANUTENZIONE DELLE STRADE A TAIBON<\/h3>\n<\/blockquote>\n<p><strong><a class=\"dt-pswp-item\" href=\"https:\/\/www.radiopiu.net\/wordpress\/wp-content\/uploads\/2023\/11\/TAIBON-1.jpg\" data-dt-img-description=\"\" data-large_image_width=\"960\" data-large_image_height=\"720\"><img loading=\"lazy\" decoding=\"async\" class=\"size-medium wp-image-359597 alignleft\" src=\"https:\/\/www.radiopiu.net\/wordpress\/wp-content\/uploads\/2023\/11\/TAIBON-1-300x225.jpg\" alt=\"\" width=\"300\" height=\"225\" srcset=\"https:\/\/www.radiopiu.net\/wordpress\/wp-content\/uploads\/2023\/11\/TAIBON-1-300x225.jpg 300w, https:\/\/www.radiopiu.net\/wordpress\/wp-content\/uploads\/2023\/11\/TAIBON-1-768x576.jpg 768w, https:\/\/www.radiopiu.net\/wordpress\/wp-content\/uploads\/2023\/11\/TAIBON-1.jpg 960w\" sizes=\"auto, (max-width: 300px) 100vw, 300px\" \/><\/a>RICEVIAMO E PUBBLICHIAMO<\/strong><\/p>\n<p style=\"font-weight: 400;\">Ho letto con interesse il recente comunicato stampa congiunto dei sindaci di Voltago Agordino, Rocca Pietore e Taibon Agordino, in cui viene sottolineato il sostegno della Regione Veneto e i numerosi finanziamenti ottenuti per il territorio montano. Apprezzo l&#8217;impegno descritto, ma vorrei portare l&#8217;attenzione su una questione che mi sta particolarmente a cuore: la manutenzione delle strade. Sono nato e cresciuto a Taibon Agordino, dove ho vissuto per 40 anni, e oggi torno regolarmente per fare visita a mia madre. Purtroppo, ogni volta che ci vengo, non posso fare a meno di notare il degrado della strada principale che attraversa il paese, in particolare tra Peden, Villanova e Forno Val, piena di buche e rattoppi malfatti. \u00c8 un tema che ritengo importante per la comunit\u00e0, e mi chiedo: alla luce dei numerosi finanziamenti elogiati nel comunicato, ci sono progetti previsti o in corso per migliorare questa situazione? Capisco che la manutenzione delle strade possa essere di competenza comunale, ma mi chiedo se, alla luce dei finanziamenti regionali elogiati nel comunicato stampa, non sia possibile utilizzare qualche euro, anche per interventi sulla strada principale di Taibon Agordino. Mi scuso se questa \u00e8 una mia mancanza di conoscenza, ma credo che un chiarimento su questo tema sarebbe utile per tutti i cittadini. Non voglio essere polemico, ma realistico. Forse, non essendo pi\u00f9 residente, mi sfugge qualcosa? Spero che la mia osservazione possa stimolare un confronto costruttivo e offrire maggiori chiarimenti a chi, come me, tiene al nostro amato paese. Ringrazio Radio Pi\u00f9 per l\u2019attenzione e la disponibilit\u00e0 a dar voce ai cittadini attraverso questa importante rubrica.<\/p>\n<p>Lettera firmata<\/p>\n<p>&nbsp;<\/p>\n<p>&nbsp;<\/p>\n<hr \/>\n<p>&nbsp;<\/p>\n<blockquote>\n<h3>CONSEGNATI I LAVORI PER IL RECUPERO DELLE EX SCUOLE DI PORCEN<\/h3>\n<\/blockquote>\n<p>&nbsp;<\/p>\n<p><img loading=\"lazy\" decoding=\"async\" class=\"alignleft\" src=\"https:\/\/www.radiopiu.net\/wordpress\/wp-content\/uploads\/2024\/12\/571bde49-52e9-4884-aa8b-4351885e1e9a.jpg\" width=\"203\" height=\"114\" \/><strong>SEREN DEL GRAPPA<\/strong><\/p>\n<p><strong>AI MICROFONI DI RADIOPIU IL SINDACO DARIO SCOPEL<\/strong><\/p>\n<p>&nbsp;<\/p>\n<p>&nbsp;<\/p>\n<p>&nbsp;<\/p>\n<audio class=\"wp-audio-shortcode\" id=\"audio-425766-11\" preload=\"none\" style=\"width: 100%;\" controls=\"controls\"><source type=\"audio\/mpeg\" src=\"https:\/\/www.radiopiu.net\/wordpress\/wp-content\/uploads\/2024\/12\/SCOPEL-A.mp3?_=11\" \/><a href=\"https:\/\/www.radiopiu.net\/wordpress\/wp-content\/uploads\/2024\/12\/SCOPEL-A.mp3\">https:\/\/www.radiopiu.net\/wordpress\/wp-content\/uploads\/2024\/12\/SCOPEL-A.mp3<\/a><\/audio>\n<p>&nbsp;<\/p>\n<hr \/>\n<p>&nbsp;<\/p>\n<blockquote>\n<h3>Referendum Abrogativo Autonomia Differenziata: Zaia, \u201cCi Opporremo\u201d<\/h3>\n<\/blockquote>\n<p data-pm-slice=\"1 1 []\"><strong>VENEZIA<\/strong><\/p>\n<p data-pm-slice=\"1 1 []\"><img loading=\"lazy\" decoding=\"async\" class=\"alignleft\" src=\"https:\/\/www.radiopiu.net\/wordpress\/wp-content\/uploads\/2024\/12\/cc594d31-6c1f-4b57-b0c5-cbcc4de9393d-300x300.webp\" width=\"210\" height=\"210\" \/>\u201cIn democrazia c\u2019\u00e8 la possibilit\u00e0 di chiedere il referendum, ma allo stesso tempo quella di opporsi a questo istituto. Per questo motivo, serenamente, presenteremo le nostre ragioni contro il referendum abrogativo dell\u2019autonomia differenziata dichiarato ammissibile dalla Corte di Cassazione. Ci costituiremo ad opponendum. Sar\u00e0 poi la Corte Costituzionale a dover decidere\u201d.<\/p>\n<p>Con queste parole il presidente della Regione del Veneto, Luca Zaia, ha espresso la sua posizione netta durante l\u2019incontro di fine anno con la stampa. Zaia ha sottolineato che l\u2019autonomia differenziata rappresenta un elemento centrale del progetto politico per la Regione Veneto e che la richiesta di abrogazione, tramite referendum, mette in discussione una volont\u00e0 consolidata da anni di battaglie istituzionali.<\/p>\n<p>Il tema ha suscitato reazioni contrastanti a livello politico e sociale, configurandosi come un nodo cruciale per il futuro delle autonomie regionali in Italia. La questione ora passa alla Corte Costituzionale, che dovr\u00e0 pronunciarsi sull&#8217;ammissibilit\u00e0 del referendum stesso e sulle sue implicazioni giuridiche.<\/p>\n<p>Zaia ha concluso il suo intervento con un richiamo al rispetto dei principi democratici: \u201c\u00c8 fondamentale che ogni passaggio venga affrontato con trasparenza e rigore, nel rispetto delle istituzioni e della volont\u00e0 dei cittadini\u201d.<\/p>\n<p>&nbsp;<\/p>\n<hr \/>\n<p>&nbsp;<\/p>\n<blockquote>\n<h3>ALESSANDRO PRETE: L\u2019ARTISTA DEL FERRO BATTUTO CHE UNIVA TRADIZIONE E INNOVAZIONE<\/h3>\n<\/blockquote>\n<p><strong>PREGANZIOL_LA VALLE<\/strong><\/p>\n<p><a class=\"dt-pswp-item\" href=\"https:\/\/www.radiopiu.net\/wordpress\/wp-content\/uploads\/2024\/12\/Senza-nome-100.png\" data-dt-img-description=\"\" data-large_image_width=\"330\" data-large_image_height=\"191\"><img loading=\"lazy\" decoding=\"async\" class=\"size-medium wp-image-425921 alignleft\" src=\"https:\/\/www.radiopiu.net\/wordpress\/wp-content\/uploads\/2024\/12\/Senza-nome-100-300x174.png\" alt=\"\" width=\"300\" height=\"174\" srcset=\"https:\/\/www.radiopiu.net\/wordpress\/wp-content\/uploads\/2024\/12\/Senza-nome-100-300x174.png 300w, https:\/\/www.radiopiu.net\/wordpress\/wp-content\/uploads\/2024\/12\/Senza-nome-100.png 330w\" sizes=\"auto, (max-width: 300px) 100vw, 300px\" \/><\/a>Ricordato ieri a Preganziol, Alessandro Prete, fabbro di professione e artista per vocazione, scomparso il 22 agosto, ha lasciato un\u2019eredit\u00e0 unica. Nato nel 1950, apprese l\u2019arte della lavorazione del ferro dal padre, Fortunato, ampliandone il valore artistico. Conosciuto come Sandro, visse gli ultimi anni a La Valle Agordina, dove ristruttur\u00f2 la propria casa, integrando le sue opere.<\/p>\n<p>Autore di lavori come <em>Luce e ombra<\/em>, scultura donata a Preganziol, partecip\u00f2 a esposizioni nazionali e internazionali, vincendo premi prestigiosi. La figlia Alice, con casa a La Valle Agordina, tra l&#8217;altro con all&#8217;interno le &#8220;opere d&#8217;arte in ferro&#8221; di Sandro,\u00a0 ha ricordato la sua umilt\u00e0, generosit\u00e0 e talento, sottolineando un episodio legato alla spedizione sull&#8217;Alpamayo, dove i chiodi creati da Sandro garantirono la sicurezza degli alpinisti. Un artista indimenticabile, legato al ferro e alla vita.<\/p>\n<p>___<\/p>\n<p>&nbsp;<\/p>\n<hr \/>\n<blockquote>\n<h3 class=\"entry-title\"><\/h3>\n<h3 class=\"entry-title\">DILLO A RADIO PIU\u2026Un Grido d\u2019Allarme da un Amante della Montagna<\/h3>\n<\/blockquote>\n<p><strong>Riceviamo e pubblichiamo<\/strong><\/p>\n<p><img decoding=\"async\" class=\"alignleft\" src=\"https:\/\/www.radiopiu.net\/wordpress\/wp-content\/uploads\/2024\/12\/Senza-nome-96.png\" \/>L&#8217;Agordino, con le sue montagne mozzafiato e la sua comunit\u00e0 accogliente, sembra non riuscire a trovare una soluzione a un problema che affligge residenti e turisti da anni: i disservizi del trasporto pubblico. Una lettera inviata alla nostra redazione mette in evidenza un disagio profondo, raccontato con lo sfogo accorato di un amante della montagna che, esasperato, si sente costretto a vendere la sua casa nella zona. <strong>Un problema cronico <\/strong>Secondo quanto riportato, la tratta Belluno-Agordino soffre di carenze strutturali che penalizzano soprattutto nei giorni festivi, quando non \u00e8 disponibile alcuna corsa di trasporto pubblico. Questa situazione, oltre a rappresentare un disagio per studenti e lavoratori, si riflette negativamente anche sul turismo, una delle risorse principali della zona. <em>&#8220;Non c&#8217;\u00e8 un solo autobus la domenica o nei giorni festivi. Non si tratta solo di un disservizio, ma si sfiora l&#8217;interruzione di pubblico servizio&#8221;,<\/em> scrive l&#8217;autore della lettera. <strong>Le conseguenze delle carenze <\/strong>Il quadro descritto non lascia spazio a dubbi: lunghe code, incidenti frequenti, mancanza di parcheggi e ragazzi costretti a rimanere ore in attesa per strada. <em>&#8220;Le strade sono intasate e il trasporto pubblico \u00e8 inefficiente&#8221;<\/em>, continua il cittadino, che si interroga sul perch\u00e9 le istituzioni e l&#8217;azienda di trasporto Dolomitibus non abbiano ancora preso provvedimenti concreti. <strong>Una possibile soluzione <\/strong>La proposta \u00e8 tanto semplice quanto logica: aumentare il numero di corse in modo efficiente e mirato. L&#8217;autore critica gli orari poco funzionali degli autobus esistenti, come l&#8217;unica corsa estiva per il San Pellegrino alle 9 del mattino, con ritorno alle 8:00 del giorno successivo. <em>&#8220;Ma ci prendete in giro?&#8221;<\/em> \u00e8 il commento lapidario. <strong>Un futuro incerto per l&#8217;Agordino <\/strong>La lettera si chiude con una nota amara: l&#8217;autore, nonostante l&#8217;amore per l&#8217;Agordino, si sente costretto a considerare di lasciare una terra che percepisce sempre meno come accogliente. La mancanza di azioni concrete da parte delle istituzioni \u00e8 un segnale preoccupante per una comunit\u00e0 che rischia di perdere sia residenti che visitatori. <strong>Un appello al buonsenso <\/strong>L&#8217;autore non chiede multe o restrizioni, ma semplicemente <em>&#8220;buonsenso&#8221;:<\/em> un trasporto pubblico potenziato, pensato per rispondere alle reali esigenze di chi vive e visita l&#8217;Agordino. Un appello che merita ascolto e che, si spera, spinga le autorit\u00e0 locali a intraprendere azioni risolutive per garantire un futuro migliore a questa splendida zona montana.<\/p>\n<p>&nbsp;<\/p>\n<p>&nbsp;<\/p>\n<hr \/>\n<p>&nbsp;<\/p>\n<blockquote><p><strong>Due milioni per le Unioni Montane bellunesi: difesa del suolo e sicurezza<\/strong><\/p><\/blockquote>\n<p><strong>BELLUNO<\/strong> Il consiglio provinciale di Belluno ha approvato un bilancio di previsione 2025, stanziando 2 milioni di euro per interventi di difesa del suolo e sicurezza nelle Unioni Montane. La cifra potr\u00e0 aumentare con nuove entrate, come i rimborsi Anas o gli aumenti dei canoni idrici. I fondi saranno distribuiti seguendo i criteri regionali e verranno erogati al 90% con l&#8217;approvazione dei progetti e al 10% dopo la rendicontazione. Il presidente Roberto Padrin ha ribadito l&#8217;importanza di sostenere le Unioni Montane, fondamentali nella gestione dei dissesti idrogeologici e per i servizi ai cittadini. Questo impegno mira a valorizzare il territorio montano e garantire maggiore sicurezza alle comunit\u00e0 locali.<\/p>\n<p>&nbsp;<\/p>\n<p>&nbsp;<\/p>\n<hr \/>\n<p>&nbsp;<\/p>\n<blockquote>\n<h3>Un Talento Poliedrico: Doppia Laurea con 110 e Lode per un Giovane di Eccellenza<\/h3>\n<\/blockquote>\n<p><strong><img loading=\"lazy\" decoding=\"async\" class=\"alignleft\" src=\"https:\/\/www.radiopiu.net\/wordpress\/wp-content\/uploads\/2024\/12\/Senza-nome-98.png\" width=\"237\" height=\"180\" \/>ALLEGHE<\/strong>\u00a0 La passione per il sapere, l&#8217;impegno e il talento si fondono nella straordinaria storia di un giovane che ha recentemente raggiunto un nuovo importante traguardo accademico. Presso l&#8217;Ospedale Le Scotte di Siena, Christian Da Tos ha conseguito la laurea in Medicina e Chirurgia con il massimo dei voti, 110 e lode, un risultato che riempie d&#8217;orgoglio i suoi genitori, Ivano e Patrizia Nardi. Ma questo successo non \u00e8 il primo. Christian, infatti, si era gi\u00e0 distinto in ambito accademico con una laurea in Scienze Storiche dei Beni Culturali, anch&#8217;essa ottenuta con 110 e lode. La sua tesi, dedicata al Duomo di Siena, \u00e8 stata un approfondito studio di storia dell\u2019arte che ha valorizzato il patrimonio <a class=\"dt-pswp-item\" href=\"https:\/\/www.radiopiu.net\/wordpress\/wp-content\/uploads\/2024\/12\/Senza-nome-97.png\" data-dt-img-description=\"\" data-large_image_width=\"402\" data-large_image_height=\"337\"><img loading=\"lazy\" decoding=\"async\" class=\"size-medium wp-image-425806 alignright\" src=\"https:\/\/www.radiopiu.net\/wordpress\/wp-content\/uploads\/2024\/12\/Senza-nome-97-300x251.png\" alt=\"\" width=\"300\" height=\"251\" srcset=\"https:\/\/www.radiopiu.net\/wordpress\/wp-content\/uploads\/2024\/12\/Senza-nome-97-300x251.png 300w, https:\/\/www.radiopiu.net\/wordpress\/wp-content\/uploads\/2024\/12\/Senza-nome-97.png 402w\" sizes=\"auto, (max-width: 300px) 100vw, 300px\" \/><\/a>culturale e artistico della citt\u00e0. <strong>Un doppio percorso di eccellenza <\/strong>L&#8217;eccezionale percorso del neo-dottore dimostra una rara capacit\u00e0 di eccellere in discipline diverse: dalla storia dell&#8217;arte alla medicina, passando per l&#8217;approfondimento culturale e scientifico. Questa poliedricit\u00e0 riflette non solo una mente brillante, ma anche una determinazione fuori dal comune nel perseguire obiettivi ambiziosi. U<strong>no sguardo al futuro <\/strong>Questo doppio traguardo accademico rappresenta solo l\u2019inizio di un futuro promettente. Che si tratti di salvare vite con la medicina o di raccontare la bellezza del patrimonio artistico, questo giovane rappresenta una risorsa preziosa, un esempio di come la conoscenza e la passione possano cambiare il mondo.<\/p>\n<div class=\"flex max-w-full flex-col flex-grow\">\n<div class=\"min-h-8 text-message flex w-full flex-col items-end gap-2 whitespace-normal break-words text-start [.text-message+&amp;]:mt-5\" dir=\"auto\" data-message-author-role=\"assistant\" data-message-id=\"14915950-3392-4c31-bd94-a81db7f0eae9\" data-message-model-slug=\"gpt-4o\">\n<div class=\"flex w-full flex-col gap-1 empty:hidden first:pt-[3px]\">\n<div class=\"markdown prose w-full break-words dark:prose-invert dark\">\n<blockquote><p><em>A lui vanno i migliori auguri per una carriera luminosa e ricca di nuove sfide da affrontare con la stessa determinazione che lo ha portato fin qui.<\/em><\/p><\/blockquote>\n<\/div>\n<\/div>\n<\/div>\n<\/div>\n<div class=\"mb-2 flex gap-3 empty:hidden -ml-2\">\n<div class=\"items-center justify-start rounded-xl p-1 flex\">\n<div class=\"flex items-center\">\n<p>&nbsp;<\/p>\n<hr \/>\n<p>&nbsp;<\/p>\n<\/div>\n<\/div>\n<\/div>\n<blockquote class=\"wp-embedded-content\" data-secret=\"iX5JRxuOMu\"><p><a href=\"https:\/\/www.radiopiu.net\/wordpress\/stai-fuori-lemigrazione-dei-giovani-e-limmigrazione-irregolare\/\">\u201cStai Fuori!\u201d: L\u2019Emigrazione dei Giovani e l\u2019Immigrazione Irregolare<\/a><\/p><\/blockquote>\n<p><iframe loading=\"lazy\" class=\"wp-embedded-content\" sandbox=\"allow-scripts\" security=\"restricted\" style=\"position: absolute; visibility: hidden;\" title=\"&#8220;\u201cStai Fuori!\u201d: L\u2019Emigrazione dei Giovani e l\u2019Immigrazione Irregolare&#8221; &#8212; Radio Pi\u00f9\" src=\"https:\/\/www.radiopiu.net\/wordpress\/stai-fuori-lemigrazione-dei-giovani-e-limmigrazione-irregolare\/embed\/#?secret=KAmw5YxZrC#?secret=iX5JRxuOMu\" data-secret=\"iX5JRxuOMu\" width=\"600\" height=\"338\" frameborder=\"0\" marginwidth=\"0\" marginheight=\"0\" scrolling=\"no\"><\/iframe><\/p>\n<p>&nbsp;<\/p>\n<p>&nbsp;<\/p>\n<hr \/>\n<p>&nbsp;<\/p>\n<blockquote>\n<h3>CASE E OSPEDALI DI COMUNITA&#8217;: SOLO 9 SU 130 SONO COLLAUDATE<\/h3>\n<\/blockquote>\n<p><strong><a class=\"dt-pswp-item\" href=\"https:\/\/www.radiopiu.net\/wordpress\/wp-content\/uploads\/2020\/03\/spi-1.jpg\" data-dt-img-description=\"\" data-large_image_width=\"300\" data-large_image_height=\"167\"><img loading=\"lazy\" decoding=\"async\" class=\" wp-image-366015 alignleft\" src=\"https:\/\/www.radiopiu.net\/wordpress\/wp-content\/uploads\/2020\/03\/spi-1.jpg\" alt=\"\" width=\"180\" height=\"100\" \/><\/a>VENEZIA<\/strong> La realizzazione delle strutture sanitarie territoriali previste dal PNRR in Veneto \u00e8 in ritardo rispetto al cronoprogramma. Su 130 opere programmate, solo 9 sono state completate. Per le case di comunit\u00e0, di cui 95 previste, appena 4 sono pronte, 57 cantieri sono in corso e 38 devono ancora iniziare. Gli ospedali di comunit\u00e0 registrano 5 strutture completate su 35, con 12 cantieri ancora da avviare. Gli investimenti complessivi per questi progetti superano i 200 milioni di euro, ma restano criticit\u00e0 legate a finanziamenti per il personale e chiarezza sugli standard previsti. Il sindacato Spi Cgil segnala difficolt\u00e0 nell&#8217;assunzione di personale e dubbi sulla funzionalit\u00e0 delle medicine di gruppo integrate. Nonostante le rassicurazioni della Regione, il completamento entro il 2026 appare complesso.<\/p>\n<p>&nbsp;<\/p>\n<p>&nbsp;<\/p>\n<hr \/>\n<p>&nbsp;<\/p>\n<blockquote>\n<h3><a class=\"dt-pswp-item\" href=\"https:\/\/www.radiopiu.net\/wordpress\/wp-content\/uploads\/2024\/12\/AAAA.jpg\" data-dt-img-description=\"\" data-large_image_width=\"260\" data-large_image_height=\"219\"><img loading=\"lazy\" decoding=\"async\" class=\" wp-image-425925 alignleft\" src=\"https:\/\/www.radiopiu.net\/wordpress\/wp-content\/uploads\/2024\/12\/AAAA.jpg\" alt=\"\" width=\"154\" height=\"130\" \/><\/a>SIMONE BAZZALI ENTRA UFFICIALMENTE A MASTERCHEF<\/h3>\n<\/blockquote>\n<p><strong>SOSPIROLO<\/strong><\/p>\n<p>Il sospirolese Simone Bazzali conquista il grembiule bianco nella 14\u00aa edizione di Masterchef Italia. Dopo un ballottaggio serrato, Simone ha superato la sfida delle costolette alla scottadito, dimostrando abilit\u00e0 e sangue freddo. Il suo percorso continua gioved\u00ec 26 su Sky Uno con nuove emozionanti prove.<\/p>\n<p>&nbsp;<\/p>\n<hr \/>\n<p>&nbsp;<\/p>\n<blockquote>\n<h3>OGGI L&#8217;INAUGURAZIONE DEL DISTRETTO SOCIO SANITARIO DI ALPAGO<\/h3>\n<\/blockquote>\n<p><strong><a class=\"dt-pswp-item\" href=\"https:\/\/www.radiopiu.net\/wordpress\/wp-content\/uploads\/2024\/12\/kla.png\" data-dt-img-description=\"\" data-large_image_width=\"1077\" data-large_image_height=\"404\"><img loading=\"lazy\" decoding=\"async\" class=\" wp-image-425141 alignleft\" src=\"https:\/\/www.radiopiu.net\/wordpress\/wp-content\/uploads\/2024\/12\/kla-300x113.png\" alt=\"\" width=\"207\" height=\"78\" srcset=\"https:\/\/www.radiopiu.net\/wordpress\/wp-content\/uploads\/2024\/12\/kla-300x113.png 300w, https:\/\/www.radiopiu.net\/wordpress\/wp-content\/uploads\/2024\/12\/kla-1024x384.png 1024w, https:\/\/www.radiopiu.net\/wordpress\/wp-content\/uploads\/2024\/12\/kla-768x288.png 768w, https:\/\/www.radiopiu.net\/wordpress\/wp-content\/uploads\/2024\/12\/kla.png 1077w\" sizes=\"auto, (max-width: 207px) 100vw, 207px\" \/><\/a>ALPAGO<\/strong> Oggi alle 11 verr\u00e0 inaugurata la nuova sede del Distretto Socio-Sanitario dell&#8217;Alpago, situata in Piazza Papa Luciani a Puos d&#8217;Alpago. L&#8217;evento, realizzato in collaborazione con l&#8217;ULSS1 Dolomiti e la Regione del Veneto, vedr\u00e0 la partecipazione del Commissario Dal Ben e di altre autorit\u00e0 locali.<\/p>\n<p>&nbsp;<\/p>\n<p>&nbsp;<\/p>\n<hr \/>\n<p>&nbsp;<\/p>\n<blockquote>\n<h3>LUNEDI IL CONSIGLIO DELL&#8217;UNIONE MONTANA AGORDINA<\/h3>\n<\/blockquote>\n<p><strong>AGORDO<\/strong> E&#8217; stato convocato per luned\u00ec alle 20 il consiglio dell&#8217;Unione Montana Agordina. Il presidente Paolo Frena tratter\u00e0 6 punti all&#8217;ordine del giorno tra cui l&#8217;aggiornamento al documento unico di programmazione, l&#8217;approvazione del bilancio previsionale 2025\/27, la ricognizione dei servizi pubblici locali a rilevanza economica e la revisione ordinaria delle partecipazioni.<\/p>\n<p>&nbsp;<\/p>\n<hr \/>\n<p>&nbsp;<\/p>\n<blockquote><p><strong><a class=\"dt-pswp-item\" href=\"https:\/\/www.radiopiu.net\/wordpress\/wp-content\/uploads\/2018\/11\/Pannolini-Maserot-2.jpg\" data-dt-img-description=\"\" data-large_image_width=\"5184\" data-large_image_height=\"3456\"><img loading=\"lazy\" decoding=\"async\" class=\"wp-image-67336 alignleft\" src=\"https:\/\/www.radiopiu.net\/wordpress\/wp-content\/uploads\/2018\/11\/Pannolini-Maserot-2-300x200.jpg\" alt=\"\" width=\"188\" height=\"125\" srcset=\"https:\/\/www.radiopiu.net\/wordpress\/wp-content\/uploads\/2018\/11\/Pannolini-Maserot-2-300x200.jpg 300w, https:\/\/www.radiopiu.net\/wordpress\/wp-content\/uploads\/2018\/11\/Pannolini-Maserot-2-768x512.jpg 768w, https:\/\/www.radiopiu.net\/wordpress\/wp-content\/uploads\/2018\/11\/Pannolini-Maserot-2-1024x683.jpg 1024w\" sizes=\"auto, (max-width: 188px) 100vw, 188px\" \/><\/a>Dolomiti Ambiente: bilancio positivo e innovazione per il futuro<\/strong><\/p><\/blockquote>\n<p><strong>BELLUNO<\/strong> Dolomiti Ambiente chiuder\u00e0 il 2024 con risultati finanziari positivi, superando l&#8217;utile di 155mila euro del 2023. L&#8217;amministratore unico Angelo Smaniotto e il presidente della Provincia di Belluno, Roberto Padrin, hanno evidenziato i progetti innovativi legati all&#8217;impianto del Maserot, come la produzione di idrogeno e metanolo dal rifiuto umido. Queste iniziative mirano a integrare l&#8217;economia circolare con la transizione energetica. Il progetto \u201cAlpes\u201d promuove una migliore selezione dei rifiuti organici per ottenere compost pi\u00f9 pulito, mentre i camion per il trasporto rifiuti potrebbero essere alimentati senza emissioni di CO2. Intanto, le quote della societ\u00e0 saranno messe a gara, garantendo trasparenza e competitivit\u00e0.<\/p>\n<p>&nbsp;<\/p>\n<blockquote>\n<h3>BOTTACIN, L&#8217;ASSESSORE CON LE PREOCCUPAZIONI DEL CITTADINO ALPAGOTO<\/h3>\n<\/blockquote>\n<p>&nbsp;<\/p>\n<p>di GIANPAOLO BOTTACIN<\/p>\n<blockquote><p><img loading=\"lazy\" decoding=\"async\" class=\"alignleft\" src=\"https:\/\/www.radiopiu.net\/wordpress\/wp-content\/uploads\/2024\/04\/BOTTACIN.png\" width=\"225\" height=\"157\" \/>Da cittadino sono estremamente preoccupato per la paventata ipotesi di acquisto di Dolomitiambiente da parte di Bellunum. Mi auguro che non ci siano aggravi di costi per i cittadini. Dalla stampa si apprende che verr\u00e0 fatto un approfondimento da esperti. Essendomi occupato per anni di piani industriali per varie aziende, mi offro a titolo gratuito per analizzare nel dettaglio l&#8217;operazione affinch\u00e9 non ci sia il rischio che un&#8217;operazione del genere possa avere ricadute negative sulle tasche dei bellunesi. Sapere che Dolomiti Ambiente ha chiuso il bilancio in attivo di 150.000 euro applicando una tariffa di trattamento di 80 euro a tonellata non \u00e8 per nulla rassicurante, visti i prezzi di mercato per il trattamento dell&#8217;umido. Con l&#8217;occasione comunico che oggi alle ore 11 sar\u00f2 presente all&#8217;inaugurazione del nuovo distretto sanitario di Puos d&#8217;Alpago<\/p><\/blockquote>\n<p>&nbsp;<\/p>\n<p>&nbsp;<\/p>\n<hr \/>\n<p>&nbsp;<\/p>\n<blockquote>\n<h3>GESTO DI SOLIDARIET\u00c0 DA PARTE DEGLI ALUNNI DELLA SCUOLA PRIMARIA DI TAIBON AGORDINO<\/h3>\n<\/blockquote>\n<blockquote><p><em>Un Natale all&#8217;insegna della generosit\u00e0 e della solidariet\u00e0 \u00e8 stato quello vissuto dagli alunni e dagli insegnanti della Scuola Primaria di Taibon Agordino. Con un&#8217;iniziativa speciale, che ha saputo unire educazione e altruismo, la scuola ha promosso una raccolta di alimenti destinati a chi \u00e8 meno fortunato, regalando un concreto segno di speranza e vicinanza.<\/em><\/p><\/blockquote>\n<p><strong>TAIBON<\/strong> Sotto l\u2019albero di Natale della scuola, i bambini hanno depositato una sorprendente quantit\u00e0 di prodotti alimentari non deperibili, frutto del loro impegno e della collaborazione con le loro famiglie. Questi doni saranno destinati alla mensa dei poveri gestita dai Frati di Mussoi, a Belluno. Qui, ogni giorno, vengono offerti due pasti a giovani, anziani e famiglie che si trovano in difficolt\u00e0. Gli alunni, guidati dai loro insegnanti, hanno potuto vivere l&#8217;importante esperienza di contribuire attivamente a una causa solidale, imparando che anche un piccolo gesto pu\u00f2 fare la differenza nella vita di qualcun altro. A rendere possibile il trasporto dei numerosi pacchi \u00e8 stato il prezioso aiuto del Gruppo Alpini, sempre pronto a mettersi a disposizione per la comunit\u00e0. Una rappresentanza del gruppo ha ritirato con entusiasmo gli alimenti raccolti, assicurandosi che arrivassero a destinazione in perfetto ordine e pronti per essere utilizzati.\u00a0 Un sentito grazie va a tutti i genitori che hanno sostenuto l&#8217;iniziativa, rendendo possibile questo momento di condivisione e solidariet\u00e0. Grazie anche agli Alpini per il loro fondamentale supporto logistico, che dimostra ancora una volta quanto sia forte il loro spirito di servizio verso gli altri. Con questo gesto, la Scuola Primaria di Taibon Agordino ha dimostrato che il vero significato del Natale risiede nell&#8217;aiutare chi \u00e8 in difficolt\u00e0 e nel seminare valori di solidariet\u00e0 e rispetto, che resteranno nei cuori dei bambini per sempre.<\/p>\n\n\t\t\t<style type='text\/css'>\n\t\t\t\t#gallery-4 {\n\t\t\t\t\tmargin: auto;\n\t\t\t\t}\n\t\t\t\t#gallery-4 .gallery-item {\n\t\t\t\t\tfloat: left;\n\t\t\t\t\tmargin-top: 10px;\n\t\t\t\t\ttext-align: center;\n\t\t\t\t\twidth: 33%;\n\t\t\t\t}\n\t\t\t\t#gallery-4 img {\n\t\t\t\t\tborder: 2px solid #cfcfcf;\n\t\t\t\t}\n\t\t\t\t#gallery-4 .gallery-caption {\n\t\t\t\t\tmargin-left: 0;\n\t\t\t\t}\n\t\t\t\t\/* see gallery_shortcode() in wp-includes\/media.php *\/\n\t\t\t<\/style>\n\t\t<div id='gallery-4' class='dt-gallery-container gallery galleryid-425766 gallery-columns-3 gallery-size-thumbnail'><dl class='gallery-item'>\n\t\t\t\t<dt class='gallery-icon landscape'>\n\t\t\t\t\t<a class=\"rollover rollover-zoom dt-pswp-item\" title=\"96d6a70a-f17c-4cf3-b02e-288c34e25f08\" data-dt-img-description=\"\" data-large_image_width=\"2000\" data-large_image_height=\"1500\"href='https:\/\/www.radiopiu.net\/wordpress\/wp-content\/uploads\/2024\/12\/96d6a70a-f17c-4cf3-b02e-288c34e25f08.jpg'><img loading=\"lazy\" decoding=\"async\" width=\"150\" height=\"150\" src=\"https:\/\/www.radiopiu.net\/wordpress\/wp-content\/uploads\/2024\/12\/96d6a70a-f17c-4cf3-b02e-288c34e25f08-150x150.jpg\" class=\"attachment-thumbnail size-thumbnail\" alt=\"\" \/><\/a>\n\t\t\t\t<\/dt><\/dl><dl class='gallery-item'>\n\t\t\t\t<dt class='gallery-icon landscape'>\n\t\t\t\t\t<a class=\"rollover rollover-zoom dt-pswp-item\" title=\"28653425-64a9-4ee5-becf-20d8953fc70a\" data-dt-img-description=\"\" data-large_image_width=\"2000\" data-large_image_height=\"1500\"href='https:\/\/www.radiopiu.net\/wordpress\/wp-content\/uploads\/2024\/12\/28653425-64a9-4ee5-becf-20d8953fc70a.jpg'><img loading=\"lazy\" decoding=\"async\" width=\"150\" height=\"150\" src=\"https:\/\/www.radiopiu.net\/wordpress\/wp-content\/uploads\/2024\/12\/28653425-64a9-4ee5-becf-20d8953fc70a-150x150.jpg\" class=\"attachment-thumbnail size-thumbnail\" alt=\"\" \/><\/a>\n\t\t\t\t<\/dt><\/dl><dl class='gallery-item'>\n\t\t\t\t<dt class='gallery-icon landscape'>\n\t\t\t\t\t<a class=\"rollover rollover-zoom dt-pswp-item\" title=\"413fc33d-63bd-4627-b64c-551232cc3a82\" data-dt-img-description=\"\" data-large_image_width=\"2000\" data-large_image_height=\"1500\"href='https:\/\/www.radiopiu.net\/wordpress\/wp-content\/uploads\/2024\/12\/413fc33d-63bd-4627-b64c-551232cc3a82.jpg'><img loading=\"lazy\" decoding=\"async\" width=\"150\" height=\"150\" src=\"https:\/\/www.radiopiu.net\/wordpress\/wp-content\/uploads\/2024\/12\/413fc33d-63bd-4627-b64c-551232cc3a82-150x150.jpg\" class=\"attachment-thumbnail size-thumbnail\" alt=\"\" \/><\/a>\n\t\t\t\t<\/dt><\/dl><br style=\"clear: both\" \/>\n\t\t\t<\/div>\n\n<p>&nbsp;<\/p>\n<hr \/>\n<p>&nbsp;<\/p>\n<blockquote>\n<h3>AVVENTO&#8230; JOHN FRANCIS DELLA PIETRA<\/h3>\n<\/blockquote>\n<p><strong>AUDIO<\/strong><\/p>\n<audio class=\"wp-audio-shortcode\" id=\"audio-425766-12\" preload=\"none\" style=\"width: 100%;\" controls=\"controls\"><source type=\"audio\/wav\" src=\"https:\/\/www.radiopiu.net\/wordpress\/wp-content\/uploads\/2024\/12\/JOHN.wav?_=12\" \/><a href=\"https:\/\/www.radiopiu.net\/wordpress\/wp-content\/uploads\/2024\/12\/JOHN.wav\">https:\/\/www.radiopiu.net\/wordpress\/wp-content\/uploads\/2024\/12\/JOHN.wav<\/a><\/audio>\n<p>&nbsp;<\/p>\n<p><a href=\"https:\/\/www.radiopiu.net\/wordpress\/wp-content\/uploads\/2024\/12\/affaa0b5-5e80-48d6-b406-e4de4e4af4cb.webp\"><img loading=\"lazy\" decoding=\"async\" class=\" wp-image-425936 alignleft\" src=\"https:\/\/www.radiopiu.net\/wordpress\/wp-content\/uploads\/2024\/12\/affaa0b5-5e80-48d6-b406-e4de4e4af4cb-300x300.webp\" alt=\"\" width=\"163\" height=\"163\" srcset=\"https:\/\/www.radiopiu.net\/wordpress\/wp-content\/uploads\/2024\/12\/affaa0b5-5e80-48d6-b406-e4de4e4af4cb-300x300.webp 300w, https:\/\/www.radiopiu.net\/wordpress\/wp-content\/uploads\/2024\/12\/affaa0b5-5e80-48d6-b406-e4de4e4af4cb-150x150.webp 150w, https:\/\/www.radiopiu.net\/wordpress\/wp-content\/uploads\/2024\/12\/affaa0b5-5e80-48d6-b406-e4de4e4af4cb-768x768.webp 768w, https:\/\/www.radiopiu.net\/wordpress\/wp-content\/uploads\/2024\/12\/affaa0b5-5e80-48d6-b406-e4de4e4af4cb.webp 1024w\" sizes=\"auto, (max-width: 163px) 100vw, 163px\" \/><\/a>Il cielo sereno d un profondo blu<br \/>\nLascia trasparire le stelle che benevolmente luccicano lass\u00f9<br \/>\nNel freddo tutto tace<br \/>\nSolo silenzio e pace<br \/>\nPresto sar\u00e0 tempo di natale<br \/>\nMusiche e canzoni verranno suonate con gioia particolare<br \/>\nOvunque nel mondo<br \/>\n\u00c8 caduta anche la candida neve tutto \u00e8 pronto<br \/>\nRiflette la luce della nostra felicit\u00e0<br \/>\nPer questa nuova nativit\u00e0<br \/>\nUn momento veramente speciale<br \/>\nA tutti voi buon natale<\/p>\n<p>&nbsp;<\/p>\n<p>&nbsp;<\/p>\n<hr \/>\n<p>&nbsp;<\/p>\n<h2><span style=\"color: #ff0000;\">CONSIGLI COMUNALI IN AGORDINO<\/span><\/h2>\n<p><strong>CANALE D&#8217;AGORDO<\/strong> Consiglio comunale convocato per lunedi alle 20. Otto i punti in discussione tra cui due variazioni a bilancio, due varianti ai piani degli interventi, la revisione ordinaria delle partecipazioni il nuovo schema di contratto con ASCA e i regolamenti riguardanti polizia locale e l&#8217;uso delle sale e spazi comunali.<\/p>\n<p><strong>RIVAMONTE<\/strong> Consiglio comunale convocato per venerdi alle 18.30. All&#8217;ordine del giorno determinazione aliquote imposta municipale Imu per l&#8217;anno 2025, addizionale irpef conferma aliquote 2025, approvazione programma triennale opere pubbliche, Dup, sostegno dell&#8217;offerta dei servizi educativi prima infanzia, 3-36 mesi e approvazione schema di convenzione per il potenziamento del numero dei posti nel servizio asilo nido di Agordo.<\/p>\n<p><strong>FALCADE<\/strong> Consiglio comunale venerd\u00ec alle 20. Sono 9 i punti in discussione tra cui il nuovo schema di contratto con ASCA, una variazione a bilancio, il programma per l&#8217;affidamento di incarichi esterni, l&#8217;imposta IMU, l&#8217;aggiornamento del DUP, l&#8217;approvazione del bilancio previsionale 2025\/27 e la revisione ordinaria delle partecipazioni.<\/p>\n<p><strong>AGORDO<\/strong> Consiglio comunale lunedi 30 dicembre alle 12. Sette i punti da trattare tra cui le imposte IMU e IRPEF, l&#8217;aggiornamento del DUP, il nuovo schema di contratto con ASCA, il potenziamento di posti in asilo nido e la revisione ordinaria delle pertecipazioni<\/p>\n<p><strong>LIVINALLONGO<\/strong> Consiglio comunale convocato per le 20 di venerdi, all&#8217;ordine del giorno l&#8217;approvazione del regolamento per la disciplina delle riprese audiovisive del consiglio comunale, approvazione bilancio di previsione, approvazione schema di accordo con le funivie Arabba Spa<\/p>\n<p>&nbsp;<\/p>\n<hr \/>\n<p>&nbsp;<\/p>\n<blockquote>\n<h3>LINGUAGGI ARTISTICI CONTEMPORANEI<\/h3>\n<\/blockquote>\n<p><strong>BELLUNO<\/strong> Appuntamento con Pig&amp;Menti a Belluno nell&#8217;aula magna dell&#8217;Istituto Catullo. Si parla di linguaggi artistici contemporanei.<\/p>\n<p><strong>LA DIRETTA RADIO PIU&#8217;<\/strong><\/p>\n<p><iframe loading=\"lazy\" title=\"LINGUAGGI ARTISTICI CONTEMPORANEI DALL&#039;AULA MAGNA DELL&#039;ISTITUTO CATULLO\" width=\"1200\" height=\"900\" src=\"https:\/\/www.youtube.com\/embed\/IMk-UctQZ-8?feature=oembed\" frameborder=\"0\" allow=\"accelerometer; autoplay; clipboard-write; encrypted-media; gyroscope; picture-in-picture; web-share\" referrerpolicy=\"strict-origin-when-cross-origin\" allowfullscreen><\/iframe><\/p>\n<p>&nbsp;<\/p>\n<p><strong>VIDEO 2<\/strong><\/p>\n<p><iframe loading=\"lazy\" title=\"LINGUAGGI ARTISTICI CONTEMPORANEI DALL&#039;AULA MAGNA DELL&#039;ISTITUTO CATULLO\" width=\"1200\" height=\"900\" src=\"https:\/\/www.youtube.com\/embed\/EDNN4uIVpB0?feature=oembed\" frameborder=\"0\" allow=\"accelerometer; autoplay; clipboard-write; encrypted-media; gyroscope; picture-in-picture; web-share\" referrerpolicy=\"strict-origin-when-cross-origin\" allowfullscreen><\/iframe><\/p>\n<p>&nbsp;<\/p>\n<p>&nbsp;<\/p>\n<hr \/>\n<p>&nbsp;<\/p>\n<blockquote>\n<h3 class=\"entry-title\">MERCATINO DI NATALE SOLIDALE A RIVAMONTE<\/h3>\n<\/blockquote>\n<p class=\"photoswipe-wrapper\"><a class=\"dt-pswp-item pspw-wrap-ready\" href=\"https:\/\/www.radiopiu.net\/wordpress\/wp-content\/uploads\/2020\/12\/don-fabiano-profilo.jpg\" data-dt-img-description=\"\" data-large_image_width=\"900\" data-large_image_height=\"1200\"><img loading=\"lazy\" decoding=\"async\" class=\" wp-image-178972 alignleft\" src=\"https:\/\/www.radiopiu.net\/wordpress\/wp-content\/uploads\/2020\/12\/don-fabiano-profilo-225x300.jpg\" sizes=\"auto, (max-width: 117px) 100vw, 117px\" srcset=\"https:\/\/www.radiopiu.net\/wordpress\/wp-content\/uploads\/2020\/12\/don-fabiano-profilo-225x300.jpg 225w, https:\/\/www.radiopiu.net\/wordpress\/wp-content\/uploads\/2020\/12\/don-fabiano-profilo-768x1024.jpg 768w, https:\/\/www.radiopiu.net\/wordpress\/wp-content\/uploads\/2020\/12\/don-fabiano-profilo.jpg 900w\" alt=\"\" width=\"117\" height=\"156\" \/><\/a>Le comunit\u00e0 parrocchiali del P\u00f3i mai mancano di manifestare la loro attenzione verso le diverse realt\u00e0 anche di fatica e sofferenza. In queste settimane, presso la Casa della Giovent\u00f9 a Rivamonte, \u00e8 stato allestito un mercatino di oggetti artigianali in legno di ulivo provenienti da Betlemme. Il ricavato andr\u00e0 ad alcune famiglie cristiane del territorio. Essendovi ancora un p\u00f2 di disponibilit\u00e0, al termine delle Messe domenicali si potranno ancora acquistare, specie domenica 22 verso le ore 12 a Rivamonte. Un\u2019apertura straordinaria dalle 10 alle 12 \u00e8 prevista luned\u00ec 23 sempre presso la Casa della Giovent\u00f9 sempre a Rivamonte, se qualcuno avesse ancora bisogno di qualche semplice presente in legno, andando cos\u00ec a sostenere una buona causa.<\/p>\n<p>Don Fabiano<\/p>\n<p>&nbsp;<\/p>\n<p>&nbsp;<\/p>\n<hr \/>\n<p>&nbsp;<\/p>\n<p><strong>SOSPIROLO<\/strong><\/p>\n<p><strong>DI ROBERTO BONA<\/strong><\/p>\n<audio class=\"wp-audio-shortcode\" id=\"audio-425766-13\" preload=\"none\" style=\"width: 100%;\" controls=\"controls\"><source type=\"audio\/wav\" src=\"https:\/\/www.radiopiu.net\/wordpress\/wp-content\/uploads\/2024\/12\/TeatroSospirolo.wav?_=13\" \/><a href=\"https:\/\/www.radiopiu.net\/wordpress\/wp-content\/uploads\/2024\/12\/TeatroSospirolo.wav\">https:\/\/www.radiopiu.net\/wordpress\/wp-content\/uploads\/2024\/12\/TeatroSospirolo.wav<\/a><\/audio>\n<p>&nbsp;<\/p>\n<p><a class=\"dt-pswp-item\" href=\"https:\/\/www.radiopiu.net\/wordpress\/wp-content\/uploads\/2024\/12\/7c4cd1b1-0556-440c-b789-3813bb97f727.jpg\" data-dt-img-description=\"\" data-large_image_width=\"1080\" data-large_image_height=\"1600\"><img loading=\"lazy\" decoding=\"async\" class=\"size-medium wp-image-425529 aligncenter\" src=\"https:\/\/www.radiopiu.net\/wordpress\/wp-content\/uploads\/2024\/12\/7c4cd1b1-0556-440c-b789-3813bb97f727-203x300.jpg\" alt=\"\" width=\"203\" height=\"300\" srcset=\"https:\/\/www.radiopiu.net\/wordpress\/wp-content\/uploads\/2024\/12\/7c4cd1b1-0556-440c-b789-3813bb97f727-203x300.jpg 203w, https:\/\/www.radiopiu.net\/wordpress\/wp-content\/uploads\/2024\/12\/7c4cd1b1-0556-440c-b789-3813bb97f727-691x1024.jpg 691w, https:\/\/www.radiopiu.net\/wordpress\/wp-content\/uploads\/2024\/12\/7c4cd1b1-0556-440c-b789-3813bb97f727-768x1138.jpg 768w, https:\/\/www.radiopiu.net\/wordpress\/wp-content\/uploads\/2024\/12\/7c4cd1b1-0556-440c-b789-3813bb97f727-1037x1536.jpg 1037w, https:\/\/www.radiopiu.net\/wordpress\/wp-content\/uploads\/2024\/12\/7c4cd1b1-0556-440c-b789-3813bb97f727.jpg 1080w\" sizes=\"auto, (max-width: 203px) 100vw, 203px\" \/><\/a><\/p>\n<p>&nbsp;<\/p>\n<hr \/>\n<p>&nbsp;<\/p>\n<blockquote>\n<h3>VIGILIA\u00a0 AL PRESEPIO DI TOCCOL IL RINFRESCO E GLI AUGURI DI BUONE FESTE<\/h3>\n<\/blockquote>\n<p><strong>AGORDO <\/strong>Come ogni anno i boce da Toccol hanno allestito il presepio al lavatoio della frazione. Un allestimento sempre spettacolare che si pu\u00f2 osservare fin da subito. Intanto MARTEDI VIGILIA DI NATALE ALLE\u00a0 15:30 \u00e8 stato organizzato un rinfresco per scambiarsi gli auguri di buone feste.<\/p>\n\n\t\t\t<style type='text\/css'>\n\t\t\t\t#gallery-5 {\n\t\t\t\t\tmargin: auto;\n\t\t\t\t}\n\t\t\t\t#gallery-5 .gallery-item {\n\t\t\t\t\tfloat: left;\n\t\t\t\t\tmargin-top: 10px;\n\t\t\t\t\ttext-align: center;\n\t\t\t\t\twidth: 50%;\n\t\t\t\t}\n\t\t\t\t#gallery-5 img {\n\t\t\t\t\tborder: 2px solid #cfcfcf;\n\t\t\t\t}\n\t\t\t\t#gallery-5 .gallery-caption {\n\t\t\t\t\tmargin-left: 0;\n\t\t\t\t}\n\t\t\t\t\/* see gallery_shortcode() in wp-includes\/media.php *\/\n\t\t\t<\/style>\n\t\t<div id='gallery-5' class='dt-gallery-container gallery galleryid-425766 gallery-columns-2 gallery-size-medium'><dl class='gallery-item'>\n\t\t\t\t<dt class='gallery-icon landscape'>\n\t\t\t\t\t<a class=\"rollover rollover-zoom dt-pswp-item\" title=\"ad3cd524-755e-4943-b202-584adcda1cba\" data-dt-img-description=\"\" data-large_image_width=\"1600\" data-large_image_height=\"739\"href='https:\/\/www.radiopiu.net\/wordpress\/wp-content\/uploads\/2024\/12\/ad3cd524-755e-4943-b202-584adcda1cba.jpg'><img loading=\"lazy\" decoding=\"async\" width=\"300\" height=\"139\" src=\"https:\/\/www.radiopiu.net\/wordpress\/wp-content\/uploads\/2024\/12\/ad3cd524-755e-4943-b202-584adcda1cba-300x139.jpg\" class=\"attachment-medium size-medium\" alt=\"\" srcset=\"https:\/\/www.radiopiu.net\/wordpress\/wp-content\/uploads\/2024\/12\/ad3cd524-755e-4943-b202-584adcda1cba-300x139.jpg 300w, https:\/\/www.radiopiu.net\/wordpress\/wp-content\/uploads\/2024\/12\/ad3cd524-755e-4943-b202-584adcda1cba-1024x473.jpg 1024w, https:\/\/www.radiopiu.net\/wordpress\/wp-content\/uploads\/2024\/12\/ad3cd524-755e-4943-b202-584adcda1cba-768x355.jpg 768w, https:\/\/www.radiopiu.net\/wordpress\/wp-content\/uploads\/2024\/12\/ad3cd524-755e-4943-b202-584adcda1cba-1536x709.jpg 1536w, https:\/\/www.radiopiu.net\/wordpress\/wp-content\/uploads\/2024\/12\/ad3cd524-755e-4943-b202-584adcda1cba.jpg 1600w\" sizes=\"auto, (max-width: 300px) 100vw, 300px\" \/><\/a>\n\t\t\t\t<\/dt><\/dl><dl class='gallery-item'>\n\t\t\t\t<dt class='gallery-icon landscape'>\n\t\t\t\t\t<a class=\"rollover rollover-zoom dt-pswp-item\" title=\"974d2639-972e-4ccd-ac81-ff77fb756e20\" data-dt-img-description=\"\" data-large_image_width=\"1600\" data-large_image_height=\"739\"href='https:\/\/www.radiopiu.net\/wordpress\/wp-content\/uploads\/2024\/12\/974d2639-972e-4ccd-ac81-ff77fb756e20.jpg'><img loading=\"lazy\" decoding=\"async\" width=\"300\" height=\"139\" src=\"https:\/\/www.radiopiu.net\/wordpress\/wp-content\/uploads\/2024\/12\/974d2639-972e-4ccd-ac81-ff77fb756e20-300x139.jpg\" class=\"attachment-medium size-medium\" alt=\"\" srcset=\"https:\/\/www.radiopiu.net\/wordpress\/wp-content\/uploads\/2024\/12\/974d2639-972e-4ccd-ac81-ff77fb756e20-300x139.jpg 300w, https:\/\/www.radiopiu.net\/wordpress\/wp-content\/uploads\/2024\/12\/974d2639-972e-4ccd-ac81-ff77fb756e20-1024x473.jpg 1024w, https:\/\/www.radiopiu.net\/wordpress\/wp-content\/uploads\/2024\/12\/974d2639-972e-4ccd-ac81-ff77fb756e20-768x355.jpg 768w, https:\/\/www.radiopiu.net\/wordpress\/wp-content\/uploads\/2024\/12\/974d2639-972e-4ccd-ac81-ff77fb756e20-1536x709.jpg 1536w, https:\/\/www.radiopiu.net\/wordpress\/wp-content\/uploads\/2024\/12\/974d2639-972e-4ccd-ac81-ff77fb756e20.jpg 1600w\" sizes=\"auto, (max-width: 300px) 100vw, 300px\" \/><\/a>\n\t\t\t\t<\/dt><\/dl><br style=\"clear: both\" \/>\n\t\t\t<\/div>\n\n<p>&nbsp;<\/p>\n<hr \/>\n<p>&nbsp;<\/p>\n<blockquote>\n<h3>IL CONCERTO DI NATALE NEI SUPERMERCATI DEL GRUPPO WALBER<\/h3>\n<\/blockquote>\n<p><strong><a class=\"dt-pswp-item\" href=\"https:\/\/www.radiopiu.net\/wordpress\/wp-content\/uploads\/2023\/09\/WALBER.png\" data-dt-img-description=\"\" data-large_image_width=\"572\" data-large_image_height=\"235\"><img loading=\"lazy\" decoding=\"async\" class=\"size-medium wp-image-354623 alignleft\" src=\"https:\/\/www.radiopiu.net\/wordpress\/wp-content\/uploads\/2023\/09\/WALBER-300x123.png\" alt=\"\" width=\"300\" height=\"123\" srcset=\"https:\/\/www.radiopiu.net\/wordpress\/wp-content\/uploads\/2023\/09\/WALBER-300x123.png 300w, https:\/\/www.radiopiu.net\/wordpress\/wp-content\/uploads\/2023\/09\/WALBER.png 572w\" sizes=\"auto, (max-width: 300px) 100vw, 300px\" \/><\/a>BELLUNO<\/strong> Si riconferma anche quest\u2019anno il tradizionale concerto di Natale organizzato dai Supermercati SuperW, JuniorW e WStore per i propri clienti. Quest\u2019anno siamo felicissimi di ospitare il CTG Coro Polifonico di Belluno che si esibir\u00e0 in una performance di sicuro coinvolgimento emotivo cantando alcuni tra i pi\u00f9 famosi pezzi natalizi della tradizione. I concerti si terranno all\u2019interno dei SuperW di Lozzo di Cadore, Agordo, Belluno, Sedico e Lentiai nella giornata di luned\u00ec 23 dicembre. I concerti allietaranno i clienti presenti in negozio, saranno liberi, gratuiti e dureranno circa mezz\u2019ora. Vi consigliamo di arrivare all\u2019ora indicata per non perdere nemmeno un minuto di esibizione. Vi aspettiamo numerosi! Questo il programma: LUNEDI\u2019 23 DICEMBRE SuperW di Lozzo di Cadore ore 10.30 &#8211; SuperW di Belluno ore 12.15 &#8211; SuperW di Agordo ore 15 &#8211; SuperW di Sedico ore 16.30 &#8211; SuperW di Lentiai ore 18<\/p>\n<p>&nbsp;<\/p>\n<p>&nbsp;<\/p>\n<hr \/>\n<p>&nbsp;<\/p>\n<blockquote>\n<h3>&#8220;OPS! E&#8217; GIA&#8217; NATALE&#8221; AL CINEMA DOLOMITI DI FALCADE<\/h3>\n<\/blockquote>\n<p><strong><a class=\"dt-pswp-item\" href=\"https:\/\/www.radiopiu.net\/wordpress\/wp-content\/uploads\/2024\/12\/locandina-2.jpg\" data-dt-img-description=\"\" data-large_image_width=\"420\" data-large_image_height=\"600\"><img loading=\"lazy\" decoding=\"async\" class=\" wp-image-425323 alignleft\" src=\"https:\/\/www.radiopiu.net\/wordpress\/wp-content\/uploads\/2024\/12\/locandina-2-210x300.jpg\" alt=\"\" width=\"138\" height=\"197\" srcset=\"https:\/\/www.radiopiu.net\/wordpress\/wp-content\/uploads\/2024\/12\/locandina-2-210x300.jpg 210w, https:\/\/www.radiopiu.net\/wordpress\/wp-content\/uploads\/2024\/12\/locandina-2.jpg 420w\" sizes=\"auto, (max-width: 138px) 100vw, 138px\" \/><\/a>FALCADE<\/strong> Inizia la programmazione dei film natalizi al Cinema Dolomiti di Falcade. Sabato e Domenica si inizia con &#8220;Ops! E&#8217; Gi\u00e0 Natale&#8221;. Claire, una bambina americana di dieci anni, visita il nonno Lawrence nelle Dolomiti ad agosto insieme ai genitori Abbie e Jacob, in crisi matrimoniale. I genitori sperano che Lawrence possa rivelare a Claire la loro imminente separazione. Gi\u00e0 consapevole delle tensioni, Claire cade in crisi ma desidera un ultimo Natale insieme, anche fuori stagione. Decide di organizzare un Natale estivo con l&#8217;aiuto del nonno, del collaboratore Otto e dei nonni paterni, Rose e Mark, richiamati dagli Stati Uniti. Il film <strong>&#8220;<\/strong>Ops! \u00c8 gi\u00e0 Natale&#8221; unisce l&#8217;atmosfera magica della commedia natalizia americana con il carattere tipico della commedia italiana. Diretto da Peter Chelsom, affiancato dagli sceneggiatori Neri Parenti e Francesco Patierno, il film riprende le dinamiche di classici come <em>Mamma, ho perso l&#8217;aereo<\/em>, ma visto attraverso gli occhi della protagonista Claire, che documenta tutto con la sua telecamera. Danny DeVito e sua figlia Lucy interpretano Lawrence e Claire, mentre Andie MacDowell \u00e8 la nonna materna. Tra scene rocambolesche (come una mongolfiera fuori controllo) ed equivoci tipici del cinema italiano (il nonno paterno che evita un&#8217;ex amante italiana), il film alterna momenti prevedibili a sprazzi emozionanti. La scena del ballo tra Claire e Lawrence richiama il romanticismo di <em>Shall We Dance?<\/em>. Pur con qualche pausa di troppo e personaggi secondari poco approfonditi, il film resta godibile grazie a una cura particolare dei personaggi e alla fusione tra culture diverse.<\/p>\n<h3><span style=\"color: #ff0000;\"><strong>AL CINEMA DOLOMITI DI FALCADE SABATO E DOMENICA, SPETTACOLI ALLE 21 E DOMENICA ANCHE ALLE 15:30<\/strong><\/span><\/h3>\n<p><strong>LA PRESENTAZIONE A CURA DI PAOLA LANCIATO<\/strong><\/p>\n<audio class=\"wp-audio-shortcode\" id=\"audio-425766-14\" preload=\"none\" style=\"width: 100%;\" controls=\"controls\"><source type=\"audio\/mpeg\" src=\"https:\/\/www.radiopiu.net\/wordpress\/wp-content\/uploads\/2024\/12\/OPS-EGIA-NATALE.mp3?_=14\" \/><a href=\"https:\/\/www.radiopiu.net\/wordpress\/wp-content\/uploads\/2024\/12\/OPS-EGIA-NATALE.mp3\">https:\/\/www.radiopiu.net\/wordpress\/wp-content\/uploads\/2024\/12\/OPS-EGIA-NATALE.mp3<\/a><\/audio>\n<p>&nbsp;<\/p>\n<hr \/>\n<p>&nbsp;<\/p>\n<blockquote>\n<h1>Il Presepe Artistico di Roe di Sedico: un capolavoro da visitare<\/h1>\n<\/blockquote>\n<p><a class=\"dt-pswp-item\" href=\"https:\/\/www.radiopiu.net\/wordpress\/wp-content\/uploads\/2024\/12\/5162ed54-e3b2-4d17-82f0-cf26bd30086a.jpg\" data-dt-img-description=\"\" data-large_image_width=\"1200\" data-large_image_height=\"1600\"><img loading=\"lazy\" decoding=\"async\" class=\"size-medium wp-image-423381 alignleft\" src=\"https:\/\/www.radiopiu.net\/wordpress\/wp-content\/uploads\/2024\/12\/5162ed54-e3b2-4d17-82f0-cf26bd30086a-225x300.jpg\" alt=\"\" width=\"225\" height=\"300\" srcset=\"https:\/\/www.radiopiu.net\/wordpress\/wp-content\/uploads\/2024\/12\/5162ed54-e3b2-4d17-82f0-cf26bd30086a-225x300.jpg 225w, https:\/\/www.radiopiu.net\/wordpress\/wp-content\/uploads\/2024\/12\/5162ed54-e3b2-4d17-82f0-cf26bd30086a-768x1024.jpg 768w, https:\/\/www.radiopiu.net\/wordpress\/wp-content\/uploads\/2024\/12\/5162ed54-e3b2-4d17-82f0-cf26bd30086a-1152x1536.jpg 1152w, https:\/\/www.radiopiu.net\/wordpress\/wp-content\/uploads\/2024\/12\/5162ed54-e3b2-4d17-82f0-cf26bd30086a.jpg 1200w\" sizes=\"auto, (max-width: 225px) 100vw, 225px\" \/><\/a>Il presepe artistico di Roe di Sedico \u00e8 un\u2019opera straordinaria realizzata dai talentuosi autori Fabio Sommacal, Davide Lovisotto, Edi Tegner, Andrea Fontanive e Marco Bressan. Nato nel 1988, le prime edizioni venivano ospitate nella cappella invernale e smontate ogni anno. Dal 1991, grazie alla disponibilit\u00e0 di Don Rinaldo, il presepe ha trovato una sede permanente, permettendo la realizzazione di 32 edizioni fino all\u2019interruzione causata dalla pandemia. Dal 2022, l\u2019avventura \u00e8 ripartita con rinnovato entusiasmo. Il presepe \u00e8 visitabile fino al 31 gennaio: <strong>Domeniche e festivi:<\/strong> 10:00-12:00 e 14:00-18:30. <strong>Dal 25 dicembre al 6 gennaio:<\/strong> aperto anche nei feriali, nel pomeriggio 14:00-18:30. Un appuntamento imperdibile per immergersi nella magia del Natale e ammirare un\u2019opera che racconta tradizione e passione.<\/p>\n<p>&nbsp;<\/p>\n\n\t\t\t<style type='text\/css'>\n\t\t\t\t#gallery-6 {\n\t\t\t\t\tmargin: auto;\n\t\t\t\t}\n\t\t\t\t#gallery-6 .gallery-item {\n\t\t\t\t\tfloat: left;\n\t\t\t\t\tmargin-top: 10px;\n\t\t\t\t\ttext-align: center;\n\t\t\t\t\twidth: 12%;\n\t\t\t\t}\n\t\t\t\t#gallery-6 img {\n\t\t\t\t\tborder: 2px solid #cfcfcf;\n\t\t\t\t}\n\t\t\t\t#gallery-6 .gallery-caption {\n\t\t\t\t\tmargin-left: 0;\n\t\t\t\t}\n\t\t\t\t\/* see gallery_shortcode() in wp-includes\/media.php *\/\n\t\t\t<\/style>\n\t\t<div id='gallery-6' class='dt-gallery-container gallery galleryid-425766 gallery-columns-8 gallery-size-thumbnail'><dl class='gallery-item'>\n\t\t\t\t<dt class='gallery-icon landscape'>\n\t\t\t\t\t<a class=\"rollover rollover-zoom dt-pswp-item\" title=\"1708f0ec-4e7a-4978-b30d-3959327ffde0\" data-dt-img-description=\"\" data-large_image_width=\"1600\" data-large_image_height=\"1200\"href='https:\/\/www.radiopiu.net\/wordpress\/wp-content\/uploads\/2024\/12\/1708f0ec-4e7a-4978-b30d-3959327ffde0.jpg'><img loading=\"lazy\" decoding=\"async\" width=\"150\" height=\"150\" src=\"https:\/\/www.radiopiu.net\/wordpress\/wp-content\/uploads\/2024\/12\/1708f0ec-4e7a-4978-b30d-3959327ffde0-150x150.jpg\" class=\"attachment-thumbnail size-thumbnail\" alt=\"\" \/><\/a>\n\t\t\t\t<\/dt><\/dl><dl class='gallery-item'>\n\t\t\t\t<dt class='gallery-icon landscape'>\n\t\t\t\t\t<a class=\"rollover rollover-zoom dt-pswp-item\" title=\"31faecc0-e87e-406d-b6a8-6f5633f67e78\" data-dt-img-description=\"\" data-large_image_width=\"1600\" data-large_image_height=\"1200\"href='https:\/\/www.radiopiu.net\/wordpress\/wp-content\/uploads\/2024\/12\/31faecc0-e87e-406d-b6a8-6f5633f67e78.jpg'><img loading=\"lazy\" decoding=\"async\" width=\"150\" height=\"150\" src=\"https:\/\/www.radiopiu.net\/wordpress\/wp-content\/uploads\/2024\/12\/31faecc0-e87e-406d-b6a8-6f5633f67e78-150x150.jpg\" class=\"attachment-thumbnail size-thumbnail\" alt=\"\" \/><\/a>\n\t\t\t\t<\/dt><\/dl><dl class='gallery-item'>\n\t\t\t\t<dt class='gallery-icon landscape'>\n\t\t\t\t\t<a class=\"rollover rollover-zoom dt-pswp-item\" title=\"22cd45a8-8844-4e2d-8552-f9a2b7c9b35a\" data-dt-img-description=\"\" data-large_image_width=\"1600\" data-large_image_height=\"1200\"href='https:\/\/www.radiopiu.net\/wordpress\/wp-content\/uploads\/2024\/12\/22cd45a8-8844-4e2d-8552-f9a2b7c9b35a.jpg'><img loading=\"lazy\" decoding=\"async\" width=\"150\" height=\"150\" src=\"https:\/\/www.radiopiu.net\/wordpress\/wp-content\/uploads\/2024\/12\/22cd45a8-8844-4e2d-8552-f9a2b7c9b35a-150x150.jpg\" class=\"attachment-thumbnail size-thumbnail\" alt=\"\" \/><\/a>\n\t\t\t\t<\/dt><\/dl><dl class='gallery-item'>\n\t\t\t\t<dt class='gallery-icon landscape'>\n\t\t\t\t\t<a class=\"rollover rollover-zoom dt-pswp-item\" title=\"2f78f81d-54a0-473e-a048-6082fa5f0dfb\" data-dt-img-description=\"\" data-large_image_width=\"1600\" data-large_image_height=\"1200\"href='https:\/\/www.radiopiu.net\/wordpress\/wp-content\/uploads\/2024\/12\/2f78f81d-54a0-473e-a048-6082fa5f0dfb.jpg'><img loading=\"lazy\" decoding=\"async\" width=\"150\" height=\"150\" src=\"https:\/\/www.radiopiu.net\/wordpress\/wp-content\/uploads\/2024\/12\/2f78f81d-54a0-473e-a048-6082fa5f0dfb-150x150.jpg\" class=\"attachment-thumbnail size-thumbnail\" alt=\"\" \/><\/a>\n\t\t\t\t<\/dt><\/dl><dl class='gallery-item'>\n\t\t\t\t<dt class='gallery-icon landscape'>\n\t\t\t\t\t<a class=\"rollover rollover-zoom dt-pswp-item\" title=\"05ae5de8-f5ea-45b4-9b1f-d4e96bbb1fb8\" data-dt-img-description=\"\" data-large_image_width=\"1600\" data-large_image_height=\"1200\"href='https:\/\/www.radiopiu.net\/wordpress\/wp-content\/uploads\/2024\/12\/05ae5de8-f5ea-45b4-9b1f-d4e96bbb1fb8.jpg'><img loading=\"lazy\" decoding=\"async\" width=\"150\" height=\"150\" src=\"https:\/\/www.radiopiu.net\/wordpress\/wp-content\/uploads\/2024\/12\/05ae5de8-f5ea-45b4-9b1f-d4e96bbb1fb8-150x150.jpg\" class=\"attachment-thumbnail size-thumbnail\" alt=\"\" \/><\/a>\n\t\t\t\t<\/dt><\/dl><dl class='gallery-item'>\n\t\t\t\t<dt class='gallery-icon landscape'>\n\t\t\t\t\t<a class=\"rollover rollover-zoom dt-pswp-item\" title=\"9b5d2c47-0c82-43c2-ac45-eda00723a965\" data-dt-img-description=\"\" data-large_image_width=\"1600\" data-large_image_height=\"1200\"href='https:\/\/www.radiopiu.net\/wordpress\/wp-content\/uploads\/2024\/12\/9b5d2c47-0c82-43c2-ac45-eda00723a965.jpg'><img loading=\"lazy\" decoding=\"async\" width=\"150\" height=\"150\" src=\"https:\/\/www.radiopiu.net\/wordpress\/wp-content\/uploads\/2024\/12\/9b5d2c47-0c82-43c2-ac45-eda00723a965-150x150.jpg\" class=\"attachment-thumbnail size-thumbnail\" alt=\"\" \/><\/a>\n\t\t\t\t<\/dt><\/dl><dl class='gallery-item'>\n\t\t\t\t<dt class='gallery-icon landscape'>\n\t\t\t\t\t<a class=\"rollover rollover-zoom dt-pswp-item\" title=\"2ed1d8d3-409e-4775-94ed-91e3eda55c6e\" data-dt-img-description=\"\" data-large_image_width=\"1600\" data-large_image_height=\"1200\"href='https:\/\/www.radiopiu.net\/wordpress\/wp-content\/uploads\/2024\/12\/2ed1d8d3-409e-4775-94ed-91e3eda55c6e.jpg'><img loading=\"lazy\" decoding=\"async\" width=\"150\" height=\"150\" src=\"https:\/\/www.radiopiu.net\/wordpress\/wp-content\/uploads\/2024\/12\/2ed1d8d3-409e-4775-94ed-91e3eda55c6e-150x150.jpg\" class=\"attachment-thumbnail size-thumbnail\" alt=\"\" \/><\/a>\n\t\t\t\t<\/dt><\/dl><dl class='gallery-item'>\n\t\t\t\t<dt class='gallery-icon landscape'>\n\t\t\t\t\t<a class=\"rollover rollover-zoom dt-pswp-item\" title=\"0f25e816-4eb7-459e-b251-b05d839862fc\" data-dt-img-description=\"\" data-large_image_width=\"1600\" data-large_image_height=\"1200\"href='https:\/\/www.radiopiu.net\/wordpress\/wp-content\/uploads\/2024\/12\/0f25e816-4eb7-459e-b251-b05d839862fc.jpg'><img loading=\"lazy\" decoding=\"async\" width=\"150\" height=\"150\" src=\"https:\/\/www.radiopiu.net\/wordpress\/wp-content\/uploads\/2024\/12\/0f25e816-4eb7-459e-b251-b05d839862fc-150x150.jpg\" class=\"attachment-thumbnail size-thumbnail\" alt=\"\" \/><\/a>\n\t\t\t\t<\/dt><\/dl><br style=\"clear: both\" \/>\n\t\t\t<\/div>\n\n<p>&nbsp;<\/p>\n<p>&nbsp;<\/p>\n<hr \/>\n<p>&nbsp;<\/p>\n<p style=\"text-align: center;\"><strong><a class=\"dt-pswp-item\" href=\"https:\/\/www.radiopiu.net\/wordpress\/wp-content\/uploads\/2024\/12\/mose-andrich.jpg\" data-dt-img-description=\"\" data-large_image_width=\"1023\" data-large_image_height=\"1023\"><img loading=\"lazy\" decoding=\"async\" class=\"wp-image-424317 alignleft\" src=\"https:\/\/www.radiopiu.net\/wordpress\/wp-content\/uploads\/2024\/12\/mose-andrich-300x300.jpg\" alt=\"\" width=\"118\" height=\"118\" srcset=\"https:\/\/www.radiopiu.net\/wordpress\/wp-content\/uploads\/2024\/12\/mose-andrich-300x300.jpg 300w, https:\/\/www.radiopiu.net\/wordpress\/wp-content\/uploads\/2024\/12\/mose-andrich-150x150.jpg 150w, https:\/\/www.radiopiu.net\/wordpress\/wp-content\/uploads\/2024\/12\/mose-andrich-768x768.jpg 768w, https:\/\/www.radiopiu.net\/wordpress\/wp-content\/uploads\/2024\/12\/mose-andrich.jpg 1023w\" sizes=\"auto, (max-width: 118px) 100vw, 118px\" \/><\/a>Da Bach ai Coldplay, Mos\u00e8 Andrich al pianoforte<\/strong><\/p>\n<p>Oggi alle 17.45, nella Sala &#8220;Zanardelli&#8221; della Prefettura di Belluno, Mos\u00e8 Andrich si esibir\u00e0 in un concerto che spazier\u00e0 da Bach ai Coldplay. L&#8217;evento, promosso da Anffas Belluno, sostiene il progetto \u201cProve di Volo\u201d.<\/p>\n<p>&nbsp;<\/p>\n<p>&nbsp;<\/p>\n<p>&nbsp;<\/p>\n<p>&nbsp;<\/p>\n<hr \/>\n<p>&nbsp;<\/p>\n<p><strong><a class=\"dt-pswp-item\" href=\"https:\/\/www.radiopiu.net\/wordpress\/wp-content\/uploads\/2024\/11\/AMICI-MINERARI.png\" data-dt-img-description=\"\" data-large_image_width=\"209\" data-large_image_height=\"174\"><img loading=\"lazy\" decoding=\"async\" class=\"size-full wp-image-419180 alignleft\" src=\"https:\/\/www.radiopiu.net\/wordpress\/wp-content\/uploads\/2024\/11\/AMICI-MINERARI.png\" alt=\"\" width=\"209\" height=\"174\" \/><\/a>&#8220;Con gli Amici dei Minerari: Serate d&#8217;Inverno \u2013 un viaggio tra storia, scienza e meraviglie. Incontri presso la Sala con T\u00e0-Mis. Non mancare!&#8221;<\/strong><\/p>\n<ul>\n<li><em>Venerd\u00ec 24 gennaio, ore 20:30<\/em>: &#8220;Il meraviglioso mondo dei fossili delle Dolomiti&#8221; \u2013 Relatore Danilo Giordano.<\/li>\n<li><em>Venerd\u00ec 21 febbraio, ore 20:30<\/em>: &#8220;Il traforo del Brennero: studio, progettazione e realizzazione&#8221; \u2013 Relatori Vittorio Fenti e Mario Guadagnini.<\/li>\n<\/ul>\n<p><strong>Vivi la cultura e la passione per la montagna!<\/strong><\/p>\n<p>&nbsp;<\/p>\n<p>&nbsp;<\/p>\n<p>&nbsp;<\/p>\n<hr \/>\n<p>&nbsp;<\/p>\n<blockquote>\n<h3>GLI 80 ANNI DI ACLI A FELTRE<\/h3>\n<\/blockquote>\n<p><strong><a class=\"dt-pswp-item\" href=\"https:\/\/www.radiopiu.net\/wordpress\/wp-content\/uploads\/2024\/12\/Incontro-1959-ACLI-Belluno-con-Vescovo-Muccin-Oratore-e-il-pres-prov-prof.-Arnaldo-Colleselli.jpg\" data-dt-img-description=\"\" data-large_image_width=\"1672\" data-large_image_height=\"1151\"><img loading=\"lazy\" decoding=\"async\" class=\" wp-image-424741 alignleft\" src=\"https:\/\/www.radiopiu.net\/wordpress\/wp-content\/uploads\/2024\/12\/Incontro-1959-ACLI-Belluno-con-Vescovo-Muccin-Oratore-e-il-pres-prov-prof.-Arnaldo-Colleselli-300x207.jpg\" alt=\"\" width=\"162\" height=\"112\" srcset=\"https:\/\/www.radiopiu.net\/wordpress\/wp-content\/uploads\/2024\/12\/Incontro-1959-ACLI-Belluno-con-Vescovo-Muccin-Oratore-e-il-pres-prov-prof.-Arnaldo-Colleselli-300x207.jpg 300w, https:\/\/www.radiopiu.net\/wordpress\/wp-content\/uploads\/2024\/12\/Incontro-1959-ACLI-Belluno-con-Vescovo-Muccin-Oratore-e-il-pres-prov-prof.-Arnaldo-Colleselli-1024x705.jpg 1024w, https:\/\/www.radiopiu.net\/wordpress\/wp-content\/uploads\/2024\/12\/Incontro-1959-ACLI-Belluno-con-Vescovo-Muccin-Oratore-e-il-pres-prov-prof.-Arnaldo-Colleselli-768x529.jpg 768w, https:\/\/www.radiopiu.net\/wordpress\/wp-content\/uploads\/2024\/12\/Incontro-1959-ACLI-Belluno-con-Vescovo-Muccin-Oratore-e-il-pres-prov-prof.-Arnaldo-Colleselli-1536x1057.jpg 1536w, https:\/\/www.radiopiu.net\/wordpress\/wp-content\/uploads\/2024\/12\/Incontro-1959-ACLI-Belluno-con-Vescovo-Muccin-Oratore-e-il-pres-prov-prof.-Arnaldo-Colleselli.jpg 1672w\" sizes=\"auto, (max-width: 162px) 100vw, 162px\" \/><\/a>FELTRE<\/strong> Oggi, presso il Seminario Vescovile di Feltre, si terr\u00e0 un incontro speciale per celebrare gli 80 anni delle Acli in provincia di Belluno. L&#8217;evento ripercorrer\u00e0 la storia delle Acli, che hanno avuto un ruolo centrale nelle dinamiche sociali, politiche e sindacali delle comunit\u00e0 locali. Fondati nel 1945 grazie all&#8217;iniziativa del vescovo Girolamo Bortignon, gli Acli hanno offerto assistenza ai lavoratori in difficolt\u00e0. L&#8217;incontro vedr\u00e0 l&#8217;intervento del professor Marco Mascia dell&#8217;Universit\u00e0 di Padova e la partecipazione di storici soci delle Acli, che racconteranno i momenti significativi della loro storia. L&#8217;evento inizier\u00e0 alle ore 10 e sar\u00e0 introdotto dal presidente delle Acli Belluno Dolomiti Pietro Ranon.<\/p>\n<p>&nbsp;<\/p>\n<p>&nbsp;<\/p>\n<p>&nbsp;<\/p>\n<hr \/>\n<p>&nbsp;<\/p>\n<blockquote>\n<h3>RITRATTI DI UN TEMPO, LA MOSTRA A LONGARONE<\/h3>\n<\/blockquote>\n<p><strong>LONGARONE<\/strong> La mostra <em>\u201cRitratti di un tempo\u201d<\/em>, presso il Museo della Pietra e degli Scalpellini di Castellavazzo, celebra l\u2019arte fotografica di Lorenzo Bergamasco, detto \u201cModesta\u201d, scalpellino e fotografo attivo tra fine Ottocento e inizio Novecento. Grazie ai circa 200 vetrini donati dal nipote Narciso, emigrato negli USA, sono stati recuperati ritratti e scene di vita del passato. Il Circolo Fotografico Bruto Recalchi ha restaurato digitalmente queste immagini, danneggiate da muffa e graffi. La mostra sar\u00e0 visitabile fino a fine marzo, nei weekend, con una selezione di stampe e vetrini originali.<\/p>\n<p>&nbsp;<\/p>\n<p>&nbsp;<\/p>\n<hr \/>\n<p>&nbsp;<\/p>\n<h2><span style=\"color: #ff6600;\">IERI ALLA RADIO\u00a0\u00a0<\/span><\/h2>\n<h2><span style=\"color: #808000;\">&#8220;DINTORN E FORA VIA&#8221;\u00a0 IL PROGRAMMA\u00a0 A CURA DEL MUSLA<\/span><\/h2>\n<p><strong><a class=\"dt-pswp-item\" href=\"https:\/\/www.radiopiu.net\/wordpress\/wp-content\/uploads\/2024\/09\/GIORNALI.jpg\" data-dt-img-description=\"\" data-large_image_width=\"1280\" data-large_image_height=\"853\"><img loading=\"lazy\" decoding=\"async\" class=\" wp-image-410862 alignleft\" src=\"https:\/\/www.radiopiu.net\/wordpress\/wp-content\/uploads\/2024\/09\/GIORNALI-300x200.jpg\" alt=\"\" width=\"177\" height=\"118\" srcset=\"https:\/\/www.radiopiu.net\/wordpress\/wp-content\/uploads\/2024\/09\/GIORNALI-300x200.jpg 300w, https:\/\/www.radiopiu.net\/wordpress\/wp-content\/uploads\/2024\/09\/GIORNALI-1024x682.jpg 1024w, https:\/\/www.radiopiu.net\/wordpress\/wp-content\/uploads\/2024\/09\/GIORNALI-768x512.jpg 768w, https:\/\/www.radiopiu.net\/wordpress\/wp-content\/uploads\/2024\/09\/GIORNALI.jpg 1280w\" sizes=\"auto, (max-width: 177px) 100vw, 177px\" \/><\/a>PUNTATA DEL 20 DICEMBRE 2024 <span style=\"color: #ff0000;\"><span style=\"color: #000000;\">LORENZO DE VALLIER<\/span><\/span><\/strong><\/p>\n<audio class=\"wp-audio-shortcode\" id=\"audio-425766-15\" preload=\"none\" style=\"width: 100%;\" controls=\"controls\"><source type=\"audio\/mpeg\" src=\"https:\/\/www.radiopiu.net\/wordpress\/wp-content\/uploads\/2024\/12\/MUSLA-6.mp3?_=15\" \/><a href=\"https:\/\/www.radiopiu.net\/wordpress\/wp-content\/uploads\/2024\/12\/MUSLA-6.mp3\">https:\/\/www.radiopiu.net\/wordpress\/wp-content\/uploads\/2024\/12\/MUSLA-6.mp3<\/a><\/audio>\n<p>&nbsp;<\/p>\n<h2>LA RACCOLTA COMPLETA <a href=\"https:\/\/www.radiopiu.net\/wordpress\/musla\/\"><span style=\"color: #3366ff;\">CLICCA QUI<\/span><\/a><\/h2>\n<p>&nbsp;<\/p>\n<hr \/>\n<p>&nbsp;<\/p>\n<h2><span style=\"color: #ff0000;\">SPECIALE CASSA SOLIDARIETA&#8217; AZIENDALE LAVORATORI LUXOTTICA<\/span><\/h2>\n<p><strong><a class=\"dt-pswp-item\" href=\"https:\/\/www.radiopiu.net\/wordpress\/wp-content\/uploads\/2020\/06\/cassa-solidarieta-luxottica.jpg\" data-dt-img-description=\"\" data-large_image_width=\"1167\" data-large_image_height=\"574\"><img loading=\"lazy\" decoding=\"async\" class=\" wp-image-145244 alignleft\" src=\"https:\/\/www.radiopiu.net\/wordpress\/wp-content\/uploads\/2020\/06\/cassa-solidarieta-luxottica-300x148.jpg\" alt=\"\" width=\"209\" height=\"103\" srcset=\"https:\/\/www.radiopiu.net\/wordpress\/wp-content\/uploads\/2020\/06\/cassa-solidarieta-luxottica-300x148.jpg 300w, https:\/\/www.radiopiu.net\/wordpress\/wp-content\/uploads\/2020\/06\/cassa-solidarieta-luxottica-1024x504.jpg 1024w, https:\/\/www.radiopiu.net\/wordpress\/wp-content\/uploads\/2020\/06\/cassa-solidarieta-luxottica-768x378.jpg 768w, https:\/\/www.radiopiu.net\/wordpress\/wp-content\/uploads\/2020\/06\/cassa-solidarieta-luxottica.jpg 1167w\" sizes=\"auto, (max-width: 209px) 100vw, 209px\" \/><\/a>DI MIRKO MEZZACASA<\/strong><\/p>\n<p>Con Paolo Chissal\u00e8 e Fabrizio Campedel<\/p>\n<audio class=\"wp-audio-shortcode\" id=\"audio-425766-16\" preload=\"none\" style=\"width: 100%;\" controls=\"controls\"><source type=\"audio\/mpeg\" src=\"https:\/\/www.radiopiu.net\/wordpress\/wp-content\/uploads\/2024\/12\/cassa-solidarieta-dicemre-24.mp3?_=16\" \/><a href=\"https:\/\/www.radiopiu.net\/wordpress\/wp-content\/uploads\/2024\/12\/cassa-solidarieta-dicemre-24.mp3\">https:\/\/www.radiopiu.net\/wordpress\/wp-content\/uploads\/2024\/12\/cassa-solidarieta-dicemre-24.mp3<\/a><\/audio>\n<p>&nbsp;<\/p>\n<hr \/>\n<p>&nbsp;<\/p>\n<h2><span style=\"color: #333399;\">MUSIC A B C, IL MONDO DELLA MUSICA UNA LETTERA ALLA VOLTA<\/span><\/h2>\n<p><span style=\"color: #ff0000;\"><strong><a class=\"dt-pswp-item\" href=\"https:\/\/www.radiopiu.net\/wordpress\/wp-content\/uploads\/2021\/07\/microfono-radio-ok-768x448-768x448-1.jpg\" data-dt-img-description=\"\" data-large_image_width=\"768\" data-large_image_height=\"448\"><img loading=\"lazy\" decoding=\"async\" class=\" wp-image-220632 alignleft\" src=\"https:\/\/www.radiopiu.net\/wordpress\/wp-content\/uploads\/2021\/07\/microfono-radio-ok-768x448-768x448-1-300x175.jpg\" alt=\"\" width=\"148\" height=\"86\" srcset=\"https:\/\/www.radiopiu.net\/wordpress\/wp-content\/uploads\/2021\/07\/microfono-radio-ok-768x448-768x448-1-300x175.jpg 300w, https:\/\/www.radiopiu.net\/wordpress\/wp-content\/uploads\/2021\/07\/microfono-radio-ok-768x448-768x448-1.jpg 768w\" sizes=\"auto, (max-width: 148px) 100vw, 148px\" \/><\/a>CON MARINA DONA&#8217; E DAVID &#8220;ATHOS&#8221; BEN<\/strong><\/span><\/p>\n<p><span style=\"color: #0000ff;\"><strong>PUNTATA DEL 20 DICEMBRE 2024<\/strong><\/span><\/p>\n<p><strong>PRIMA PARTE<\/strong><\/p>\n<audio class=\"wp-audio-shortcode\" id=\"audio-425766-17\" preload=\"none\" style=\"width: 100%;\" controls=\"controls\"><source type=\"audio\/mpeg\" src=\"https:\/\/www.radiopiu.net\/wordpress\/wp-content\/uploads\/2024\/12\/GOLD1-1.mp3?_=17\" \/><a href=\"https:\/\/www.radiopiu.net\/wordpress\/wp-content\/uploads\/2024\/12\/GOLD1-1.mp3\">https:\/\/www.radiopiu.net\/wordpress\/wp-content\/uploads\/2024\/12\/GOLD1-1.mp3<\/a><\/audio>\n<p>&nbsp;<\/p>\n<p><strong>SECONDA PARTE<\/strong><\/p>\n<audio class=\"wp-audio-shortcode\" id=\"audio-425766-18\" preload=\"none\" style=\"width: 100%;\" controls=\"controls\"><source type=\"audio\/mpeg\" src=\"https:\/\/www.radiopiu.net\/wordpress\/wp-content\/uploads\/2024\/12\/GOLD2-1.mp3?_=18\" \/><a href=\"https:\/\/www.radiopiu.net\/wordpress\/wp-content\/uploads\/2024\/12\/GOLD2-1.mp3\">https:\/\/www.radiopiu.net\/wordpress\/wp-content\/uploads\/2024\/12\/GOLD2-1.mp3<\/a><\/audio>\n<p>&nbsp;<\/p>\n<p><strong>TERZA PARTE<\/strong><\/p>\n<audio class=\"wp-audio-shortcode\" id=\"audio-425766-19\" preload=\"none\" style=\"width: 100%;\" controls=\"controls\"><source type=\"audio\/mpeg\" src=\"https:\/\/www.radiopiu.net\/wordpress\/wp-content\/uploads\/2024\/12\/GOLD3-1.mp3?_=19\" \/><a href=\"https:\/\/www.radiopiu.net\/wordpress\/wp-content\/uploads\/2024\/12\/GOLD3-1.mp3\">https:\/\/www.radiopiu.net\/wordpress\/wp-content\/uploads\/2024\/12\/GOLD3-1.mp3<\/a><\/audio>\n<p>&nbsp;<\/p>\n<h2>LA RACCOLTA COMPLETA<a href=\"https:\/\/www.radiopiu.net\/wordpress\/music-a-b-c-il-mondo-della-musica-una-lettera-alla-volta-la-raccolta\/\"><span style=\"color: #3366ff;\"> CLICCA QUI<\/span><\/a><\/h2>\n<p>&nbsp;<\/p>\n<hr \/>\n<p>&nbsp;<\/p>\n<h2><span style=\"color: #00ccff;\">INIZIA UFFICIALMENTE LA STAGIONE INVERNALE A FORCELLA AURINE<\/span><\/h2>\n<p><strong><a class=\"dt-pswp-item\" href=\"https:\/\/www.radiopiu.net\/wordpress\/wp-content\/uploads\/2021\/11\/FORCELLA-AURINE.jpg\" data-dt-img-description=\"\" data-large_image_width=\"960\" data-large_image_height=\"720\"><img loading=\"lazy\" decoding=\"async\" class=\" wp-image-241538 alignleft\" src=\"https:\/\/www.radiopiu.net\/wordpress\/wp-content\/uploads\/2021\/11\/FORCELLA-AURINE-300x225.jpg\" alt=\"\" width=\"163\" height=\"122\" srcset=\"https:\/\/www.radiopiu.net\/wordpress\/wp-content\/uploads\/2021\/11\/FORCELLA-AURINE-300x225.jpg 300w, https:\/\/www.radiopiu.net\/wordpress\/wp-content\/uploads\/2021\/11\/FORCELLA-AURINE-768x576.jpg 768w, https:\/\/www.radiopiu.net\/wordpress\/wp-content\/uploads\/2021\/11\/FORCELLA-AURINE.jpg 960w\" sizes=\"auto, (max-width: 163px) 100vw, 163px\" \/><\/a>DI MIRKO MEZZACASA<\/strong><\/p>\n<p>OSPITI: Sharon De Marco e Morgan Gnech<\/p>\n<audio class=\"wp-audio-shortcode\" id=\"audio-425766-20\" preload=\"none\" style=\"width: 100%;\" controls=\"controls\"><source type=\"audio\/mpeg\" src=\"https:\/\/www.radiopiu.net\/wordpress\/wp-content\/uploads\/2024\/12\/morgan-e-sharon-forcella-aurine-24.mp3?_=20\" \/><a href=\"https:\/\/www.radiopiu.net\/wordpress\/wp-content\/uploads\/2024\/12\/morgan-e-sharon-forcella-aurine-24.mp3\">https:\/\/www.radiopiu.net\/wordpress\/wp-content\/uploads\/2024\/12\/morgan-e-sharon-forcella-aurine-24.mp3<\/a><\/audio>\n<p>&nbsp;<\/p>\n<hr \/>\n<p>&nbsp;<\/p>\n<h2><span style=\"color: #ffcc00;\"><a class=\"dt-pswp-item\" href=\"https:\/\/www.radiopiu.net\/wordpress\/wp-content\/uploads\/2020\/01\/uomo-disteso-che-conta-soldi-con-il-calcolatore_23-2148230056.jpg\" data-dt-img-description=\"\" data-large_image_width=\"626\" data-large_image_height=\"417\"><img loading=\"lazy\" decoding=\"async\" class=\" wp-image-115054 alignleft\" src=\"https:\/\/www.radiopiu.net\/wordpress\/wp-content\/uploads\/2020\/01\/uomo-disteso-che-conta-soldi-con-il-calcolatore_23-2148230056-300x200.jpg\" alt=\"\" width=\"141\" height=\"94\" srcset=\"https:\/\/www.radiopiu.net\/wordpress\/wp-content\/uploads\/2020\/01\/uomo-disteso-che-conta-soldi-con-il-calcolatore_23-2148230056-300x200.jpg 300w, https:\/\/www.radiopiu.net\/wordpress\/wp-content\/uploads\/2020\/01\/uomo-disteso-che-conta-soldi-con-il-calcolatore_23-2148230056.jpg 626w\" sizes=\"auto, (max-width: 141px) 100vw, 141px\" \/><\/a>FISCO FLASH DI SILVIA BALDO<\/span><\/h2>\n<p><strong>REDAZIONE<\/strong> Nuovo appuntamento con Silvia Baldo che ci fa entrare nel mondo del fisco con delle pillole giornaliere<\/p>\n<p><strong>IRPEF<\/strong><\/p>\n<audio class=\"wp-audio-shortcode\" id=\"audio-425766-21\" preload=\"none\" style=\"width: 100%;\" controls=\"controls\"><source type=\"audio\/mpeg\" src=\"https:\/\/www.radiopiu.net\/wordpress\/wp-content\/uploads\/2024\/12\/fisco-irpef.mp3?_=21\" \/><a href=\"https:\/\/www.radiopiu.net\/wordpress\/wp-content\/uploads\/2024\/12\/fisco-irpef.mp3\">https:\/\/www.radiopiu.net\/wordpress\/wp-content\/uploads\/2024\/12\/fisco-irpef.mp3<\/a><\/audio>\n<p>&nbsp;<\/p>\n<p><strong>BILANCIO<\/strong><\/p>\n<audio class=\"wp-audio-shortcode\" id=\"audio-425766-22\" preload=\"none\" style=\"width: 100%;\" controls=\"controls\"><source type=\"audio\/mpeg\" src=\"https:\/\/www.radiopiu.net\/wordpress\/wp-content\/uploads\/2024\/12\/fisco-bilancio.mp3?_=22\" \/><a href=\"https:\/\/www.radiopiu.net\/wordpress\/wp-content\/uploads\/2024\/12\/fisco-bilancio.mp3\">https:\/\/www.radiopiu.net\/wordpress\/wp-content\/uploads\/2024\/12\/fisco-bilancio.mp3<\/a><\/audio>\n<p>&nbsp;<\/p>\n<p><strong>INTERESSI LEGALI<\/strong><\/p>\n<audio class=\"wp-audio-shortcode\" id=\"audio-425766-23\" preload=\"none\" style=\"width: 100%;\" controls=\"controls\"><source type=\"audio\/mpeg\" src=\"https:\/\/www.radiopiu.net\/wordpress\/wp-content\/uploads\/2024\/12\/FISCO-FLASH-INTERESSEI-LEGALI.mp3?_=23\" \/><a href=\"https:\/\/www.radiopiu.net\/wordpress\/wp-content\/uploads\/2024\/12\/FISCO-FLASH-INTERESSEI-LEGALI.mp3\">https:\/\/www.radiopiu.net\/wordpress\/wp-content\/uploads\/2024\/12\/FISCO-FLASH-INTERESSEI-LEGALI.mp3<\/a><\/audio>\n<p>&nbsp;<\/p>\n<hr \/>\n<p>&nbsp;<\/p>\n<blockquote>\n<h3>ARRIVA IL NUOVO EPISODIO DE &#8220;I CERCATORI&#8221;<\/h3>\n<\/blockquote>\n<p><strong>REDAZIONE<\/strong> Il 22 dicembre tornano &#8220;I Cercatori&#8221; con il nuovo episodio della nuova serie che si potr\u00e0 vedere sul canale Youtube del sodalizio. Questa la trama della puntata: Prima di arrivare a destinazione i ragazzi decidono di fare una sosta. Erik e Federico, approfittando della situazione, tentano di esumare qualche stralcio del passato di Denis. Questi, inizialmente riluttante, inizier\u00e0 a raccontare un episodio, rivivendo col pensiero degli attimi terrificanti che avrebbero dovuto rimanere dimenticati.<\/p>\n<p><strong>IL TRAILER\u00a0<\/strong><\/p>\n<div style=\"width: 960px;\" class=\"wp-video\"><video class=\"wp-video-shortcode\" id=\"video-425766-1\" width=\"960\" height=\"544\" preload=\"metadata\" controls=\"controls\"><source type=\"video\/mp4\" src=\"https:\/\/www.radiopiu.net\/wordpress\/wp-content\/uploads\/2024\/12\/WhatsApp-Video-2024-12-17-at-11.01.15.mp4?_=1\" \/><a href=\"https:\/\/www.radiopiu.net\/wordpress\/wp-content\/uploads\/2024\/12\/WhatsApp-Video-2024-12-17-at-11.01.15.mp4\">https:\/\/www.radiopiu.net\/wordpress\/wp-content\/uploads\/2024\/12\/WhatsApp-Video-2024-12-17-at-11.01.15.mp4<\/a><\/video><\/div>\n<p>&nbsp;<\/p>\n<p>&nbsp;<\/p>\n<hr \/>\n<p>&nbsp;<\/p>\n<h2><span style=\"color: #ff0000;\"><a class=\"dt-pswp-item\" href=\"https:\/\/www.radiopiu.net\/wordpress\/wp-content\/uploads\/2018\/09\/appuntamenti.jpeg\" data-dt-img-description=\"\" data-large_image_width=\"800\" data-large_image_height=\"100\"><img loading=\"lazy\" decoding=\"async\" class=\"wp-image-61958 size-full aligncenter\" src=\"https:\/\/www.radiopiu.net\/wordpress\/wp-content\/uploads\/2018\/09\/appuntamenti.jpeg\" alt=\"\" width=\"800\" height=\"100\" srcset=\"https:\/\/www.radiopiu.net\/wordpress\/wp-content\/uploads\/2018\/09\/appuntamenti.jpeg 800w, https:\/\/www.radiopiu.net\/wordpress\/wp-content\/uploads\/2018\/09\/appuntamenti-300x38.jpeg 300w, https:\/\/www.radiopiu.net\/wordpress\/wp-content\/uploads\/2018\/09\/appuntamenti-768x96.jpeg 768w\" sizes=\"auto, (max-width: 800px) 100vw, 800px\" \/><\/a><\/span><\/h2>\n<div dir=\"auto\"><strong>AL CINEMA DOLOMITI DI FALCADE LE GRANDI PELLICOLE DEL MOMENTO. SABATO E DOMENICA VERRA&#8217; PROIETTATO IL FILM &#8220;OPS \u00c8 GIA&#8217; NATALE&#8221;. SPETTACOLI ALLE 21, DOMENICA ANCHE ALLE 15:30<\/strong><\/div>\n<div class=\"xdj266r x11i5rnm xat24cr x1mh8g0r x1vvkbs x126k92a\">\n<div dir=\"auto\"><\/div>\n<\/div>\n<div>\n<div class=\"\" dir=\"auto\">\n<div id=\":r9h:\" class=\"x1iorvi4 x1pi30zi x1l90r2v x1swvt13\" data-ad-comet-preview=\"message\" data-ad-preview=\"message\">\n<div>\n<div class=\"\" dir=\"auto\">\n<div id=\":r9h:\" class=\"x1iorvi4 x1pi30zi x1l90r2v x1swvt13\" data-ad-comet-preview=\"message\" data-ad-preview=\"message\">\n<div class=\"xdj266r x11i5rnm xat24cr x1mh8g0r x1vvkbs x126k92a\">\n<div dir=\"auto\"><\/div>\n<\/div>\n<div>\n<div class=\"\" dir=\"auto\">\n<div id=\":r9h:\" class=\"x1iorvi4 x1pi30zi x1l90r2v x1swvt13\" data-ad-comet-preview=\"message\" data-ad-preview=\"message\">\n<div>\n<div class=\"\" dir=\"auto\">\n<div id=\":r9h:\" class=\"x1iorvi4 x1pi30zi x1l90r2v x1swvt13\" data-ad-comet-preview=\"message\" data-ad-preview=\"message\">\n\n\t\t\t<style type='text\/css'>\n\t\t\t\t#gallery-7 {\n\t\t\t\t\tmargin: auto;\n\t\t\t\t}\n\t\t\t\t#gallery-7 .gallery-item {\n\t\t\t\t\tfloat: left;\n\t\t\t\t\tmargin-top: 10px;\n\t\t\t\t\ttext-align: center;\n\t\t\t\t\twidth: 25%;\n\t\t\t\t}\n\t\t\t\t#gallery-7 img {\n\t\t\t\t\tborder: 2px solid #cfcfcf;\n\t\t\t\t}\n\t\t\t\t#gallery-7 .gallery-caption {\n\t\t\t\t\tmargin-left: 0;\n\t\t\t\t}\n\t\t\t\t\/* see gallery_shortcode() in wp-includes\/media.php *\/\n\t\t\t<\/style>\n\t\t<div id='gallery-7' class='dt-gallery-container gallery galleryid-425766 gallery-columns-4 gallery-size-thumbnail'><dl class='gallery-item'>\n\t\t\t\t<dt class='gallery-icon portrait'>\n\t\t\t\t\t<a class=\"rollover rollover-zoom dt-pswp-item\" title=\"manifesto serate invernali\" data-dt-img-description=\"\" data-large_image_width=\"1683\" data-large_image_height=\"2383\"href='https:\/\/www.radiopiu.net\/wordpress\/wp-content\/uploads\/2024\/11\/manifesto-serate-invernali.jpg'><img loading=\"lazy\" decoding=\"async\" width=\"150\" height=\"150\" src=\"https:\/\/www.radiopiu.net\/wordpress\/wp-content\/uploads\/2024\/11\/manifesto-serate-invernali-150x150.jpg\" class=\"attachment-thumbnail size-thumbnail\" alt=\"\" aria-describedby=\"gallery-7-418816\" \/><\/a>\n\t\t\t\t<\/dt>\n\t\t\t\t\t<dd class='wp-caption-text gallery-caption' id='gallery-7-418816'>\n\t\t\t\t\t21 FEBBRAIO\n\t\t\t\t\t<\/dd><\/dl><dl class='gallery-item'>\n\t\t\t\t<dt class='gallery-icon portrait'>\n\t\t\t\t\t<a class=\"rollover rollover-zoom dt-pswp-item\" title=\"locandina Insieme e\u0300 piu\u0300 bello\" data-dt-img-description=\"\" data-large_image_width=\"1131\" data-large_image_height=\"1600\"href='https:\/\/www.radiopiu.net\/wordpress\/wp-content\/uploads\/2024\/11\/locandina-Insieme-e-piu-bello.jpg'><img loading=\"lazy\" decoding=\"async\" width=\"150\" height=\"150\" src=\"https:\/\/www.radiopiu.net\/wordpress\/wp-content\/uploads\/2024\/11\/locandina-Insieme-e-piu-bello-150x150.jpg\" class=\"attachment-thumbnail size-thumbnail\" alt=\"\" aria-describedby=\"gallery-7-421314\" \/><\/a>\n\t\t\t\t<\/dt>\n\t\t\t\t\t<dd class='wp-caption-text gallery-caption' id='gallery-7-421314'>\n\t\t\t\t\tINSIEME A SAN GREGORIO\n\t\t\t\t\t<\/dd><\/dl><dl class='gallery-item'>\n\t\t\t\t<dt class='gallery-icon landscape'>\n\t\t\t\t\t<a class=\"rollover rollover-zoom dt-pswp-item\" title=\"tornao angeli 2024\" data-dt-img-description=\"\" data-large_image_width=\"941\" data-large_image_height=\"551\"href='https:\/\/www.radiopiu.net\/wordpress\/wp-content\/uploads\/2024\/12\/tornao-angeli-2024.jpg'><img loading=\"lazy\" decoding=\"async\" width=\"150\" height=\"150\" src=\"https:\/\/www.radiopiu.net\/wordpress\/wp-content\/uploads\/2024\/12\/tornao-angeli-2024-150x150.jpg\" class=\"attachment-thumbnail size-thumbnail\" alt=\"\" aria-describedby=\"gallery-7-422943\" \/><\/a>\n\t\t\t\t<\/dt>\n\t\t\t\t\t<dd class='wp-caption-text gallery-caption' id='gallery-7-422943'>\n\t\t\t\t\tIL TORNEO DEGLI ANGELI\n\t\t\t\t\t<\/dd><\/dl><dl class='gallery-item'>\n\t\t\t\t<dt class='gallery-icon portrait'>\n\t\t\t\t\t<a class=\"rollover rollover-zoom dt-pswp-item\" title=\"0073db61-77c4-47e3-8986-5b9d5f40fa8a\" data-dt-img-description=\"\" data-large_image_width=\"1448\" data-large_image_height=\"2048\"href='https:\/\/www.radiopiu.net\/wordpress\/wp-content\/uploads\/2024\/12\/0073db61-77c4-47e3-8986-5b9d5f40fa8a.jpg'><img loading=\"lazy\" decoding=\"async\" width=\"150\" height=\"150\" src=\"https:\/\/www.radiopiu.net\/wordpress\/wp-content\/uploads\/2024\/12\/0073db61-77c4-47e3-8986-5b9d5f40fa8a-150x150.jpg\" class=\"attachment-thumbnail size-thumbnail\" alt=\"\" aria-describedby=\"gallery-7-422994\" \/><\/a>\n\t\t\t\t<\/dt>\n\t\t\t\t\t<dd class='wp-caption-text gallery-caption' id='gallery-7-422994'>\n\t\t\t\t\tNATALE A LA VALLE\n\t\t\t\t\t<\/dd><\/dl><br style=\"clear: both\" \/><dl class='gallery-item'>\n\t\t\t\t<dt class='gallery-icon portrait'>\n\t\t\t\t\t<a class=\"rollover rollover-zoom dt-pswp-item\" title=\"cc14bd66-7d3b-4192-aabf-82af02057496\" data-dt-img-description=\"\" data-large_image_width=\"1448\" data-large_image_height=\"2048\"href='https:\/\/www.radiopiu.net\/wordpress\/wp-content\/uploads\/2024\/12\/cc14bd66-7d3b-4192-aabf-82af02057496.jpg'><img loading=\"lazy\" decoding=\"async\" width=\"150\" height=\"150\" src=\"https:\/\/www.radiopiu.net\/wordpress\/wp-content\/uploads\/2024\/12\/cc14bd66-7d3b-4192-aabf-82af02057496-150x150.jpg\" class=\"attachment-thumbnail size-thumbnail\" alt=\"\" aria-describedby=\"gallery-7-422993\" \/><\/a>\n\t\t\t\t<\/dt>\n\t\t\t\t\t<dd class='wp-caption-text gallery-caption' id='gallery-7-422993'>\n\t\t\t\t\tNATALE A LA VALLE\n\t\t\t\t\t<\/dd><\/dl><dl class='gallery-item'>\n\t\t\t\t<dt class='gallery-icon landscape'>\n\t\t\t\t\t<a class=\"rollover rollover-zoom dt-pswp-item\" title=\"2e0045b9-30d0-4ed0-9e34-cff896fe6450\" data-dt-img-description=\"\" data-large_image_width=\"1280\" data-large_image_height=\"1280\"href='https:\/\/www.radiopiu.net\/wordpress\/wp-content\/uploads\/2024\/12\/2e0045b9-30d0-4ed0-9e34-cff896fe6450.jpg'><img loading=\"lazy\" decoding=\"async\" width=\"150\" height=\"150\" src=\"https:\/\/www.radiopiu.net\/wordpress\/wp-content\/uploads\/2024\/12\/2e0045b9-30d0-4ed0-9e34-cff896fe6450-150x150.jpg\" class=\"attachment-thumbnail size-thumbnail\" alt=\"\" aria-describedby=\"gallery-7-424006\" srcset=\"https:\/\/www.radiopiu.net\/wordpress\/wp-content\/uploads\/2024\/12\/2e0045b9-30d0-4ed0-9e34-cff896fe6450-150x150.jpg 150w, https:\/\/www.radiopiu.net\/wordpress\/wp-content\/uploads\/2024\/12\/2e0045b9-30d0-4ed0-9e34-cff896fe6450-300x300.jpg 300w, https:\/\/www.radiopiu.net\/wordpress\/wp-content\/uploads\/2024\/12\/2e0045b9-30d0-4ed0-9e34-cff896fe6450-1024x1024.jpg 1024w, https:\/\/www.radiopiu.net\/wordpress\/wp-content\/uploads\/2024\/12\/2e0045b9-30d0-4ed0-9e34-cff896fe6450-768x768.jpg 768w, https:\/\/www.radiopiu.net\/wordpress\/wp-content\/uploads\/2024\/12\/2e0045b9-30d0-4ed0-9e34-cff896fe6450.jpg 1280w\" sizes=\"auto, (max-width: 150px) 100vw, 150px\" \/><\/a>\n\t\t\t\t<\/dt>\n\t\t\t\t\t<dd class='wp-caption-text gallery-caption' id='gallery-7-424006'>\n\t\t\t\t\tCAPODANNO IN BIRRERIA\n\t\t\t\t\t<\/dd><\/dl><dl class='gallery-item'>\n\t\t\t\t<dt class='gallery-icon portrait'>\n\t\t\t\t\t<a class=\"rollover rollover-zoom dt-pswp-item\" title=\"21 dicembre\" data-dt-img-description=\"\" data-large_image_width=\"841\" data-large_image_height=\"1190\"href='https:\/\/www.radiopiu.net\/wordpress\/wp-content\/uploads\/2024\/12\/21-dicembre.jpg'><img loading=\"lazy\" decoding=\"async\" width=\"150\" height=\"150\" src=\"https:\/\/www.radiopiu.net\/wordpress\/wp-content\/uploads\/2024\/12\/21-dicembre-150x150.jpg\" class=\"attachment-thumbnail size-thumbnail\" alt=\"\" \/><\/a>\n\t\t\t\t<\/dt><\/dl><dl class='gallery-item'>\n\t\t\t\t<dt class='gallery-icon portrait'>\n\t\t\t\t\t<a class=\"rollover rollover-zoom dt-pswp-item\" title=\"2d1f6dac-7d77-4762-9f3b-444871cccceb\" data-dt-img-description=\"\" data-large_image_width=\"738\" data-large_image_height=\"1600\"href='https:\/\/www.radiopiu.net\/wordpress\/wp-content\/uploads\/2024\/12\/2d1f6dac-7d77-4762-9f3b-444871cccceb.jpg'><img loading=\"lazy\" decoding=\"async\" width=\"150\" height=\"150\" src=\"https:\/\/www.radiopiu.net\/wordpress\/wp-content\/uploads\/2024\/12\/2d1f6dac-7d77-4762-9f3b-444871cccceb-150x150.jpg\" class=\"attachment-thumbnail size-thumbnail\" alt=\"\" \/><\/a>\n\t\t\t\t<\/dt><\/dl><br style=\"clear: both\" \/><dl class='gallery-item'>\n\t\t\t\t<dt class='gallery-icon landscape'>\n\t\t\t\t\t<a class=\"rollover rollover-zoom dt-pswp-item\" title=\"FB_IMG_1734537567648\" data-dt-img-description=\"\" data-large_image_width=\"1080\" data-large_image_height=\"1080\"href='https:\/\/www.radiopiu.net\/wordpress\/wp-content\/uploads\/2024\/12\/FB_IMG_1734537567648.jpg'><img loading=\"lazy\" decoding=\"async\" width=\"150\" height=\"150\" src=\"https:\/\/www.radiopiu.net\/wordpress\/wp-content\/uploads\/2024\/12\/FB_IMG_1734537567648-150x150.jpg\" class=\"attachment-thumbnail size-thumbnail\" alt=\"\" srcset=\"https:\/\/www.radiopiu.net\/wordpress\/wp-content\/uploads\/2024\/12\/FB_IMG_1734537567648-150x150.jpg 150w, https:\/\/www.radiopiu.net\/wordpress\/wp-content\/uploads\/2024\/12\/FB_IMG_1734537567648-300x300.jpg 300w, https:\/\/www.radiopiu.net\/wordpress\/wp-content\/uploads\/2024\/12\/FB_IMG_1734537567648-1024x1024.jpg 1024w, https:\/\/www.radiopiu.net\/wordpress\/wp-content\/uploads\/2024\/12\/FB_IMG_1734537567648-768x768.jpg 768w, https:\/\/www.radiopiu.net\/wordpress\/wp-content\/uploads\/2024\/12\/FB_IMG_1734537567648.jpg 1080w\" sizes=\"auto, (max-width: 150px) 100vw, 150px\" \/><\/a>\n\t\t\t\t<\/dt><\/dl><dl class='gallery-item'>\n\t\t\t\t<dt class='gallery-icon portrait'>\n\t\t\t\t\t<a class=\"rollover rollover-zoom dt-pswp-item\" title=\"FOTO MATO\" data-dt-img-description=\"\" data-large_image_width=\"632\" data-large_image_height=\"795\"href='https:\/\/www.radiopiu.net\/wordpress\/wp-content\/uploads\/2024\/12\/FOTO-MATO.png'><img loading=\"lazy\" decoding=\"async\" width=\"150\" height=\"150\" src=\"https:\/\/www.radiopiu.net\/wordpress\/wp-content\/uploads\/2024\/12\/FOTO-MATO-150x150.png\" class=\"attachment-thumbnail size-thumbnail\" alt=\"\" \/><\/a>\n\t\t\t\t<\/dt><\/dl><dl class='gallery-item'>\n\t\t\t\t<dt class='gallery-icon portrait'>\n\t\t\t\t\t<a class=\"rollover rollover-zoom dt-pswp-item\" title=\"7b95ed22-0aa2-4512-afb4-1096f3f34fd8\" data-dt-img-description=\"\" data-large_image_width=\"921\" data-large_image_height=\"2048\"href='https:\/\/www.radiopiu.net\/wordpress\/wp-content\/uploads\/2024\/12\/7b95ed22-0aa2-4512-afb4-1096f3f34fd8.jpg'><img loading=\"lazy\" decoding=\"async\" width=\"150\" height=\"150\" src=\"https:\/\/www.radiopiu.net\/wordpress\/wp-content\/uploads\/2024\/12\/7b95ed22-0aa2-4512-afb4-1096f3f34fd8-150x150.jpg\" class=\"attachment-thumbnail size-thumbnail\" alt=\"\" \/><\/a>\n\t\t\t\t<\/dt><\/dl><dl class='gallery-item'>\n\t\t\t\t<dt class='gallery-icon portrait'>\n\t\t\t\t\t<a class=\"rollover rollover-zoom dt-pswp-item\" title=\"2d33e2e7-b87c-4bba-935d-2c2251ee1c15\" data-dt-img-description=\"\" data-large_image_width=\"1067\" data-large_image_height=\"1600\"href='https:\/\/www.radiopiu.net\/wordpress\/wp-content\/uploads\/2024\/12\/2d33e2e7-b87c-4bba-935d-2c2251ee1c15.jpg'><img loading=\"lazy\" decoding=\"async\" width=\"150\" height=\"150\" src=\"https:\/\/www.radiopiu.net\/wordpress\/wp-content\/uploads\/2024\/12\/2d33e2e7-b87c-4bba-935d-2c2251ee1c15-150x150.jpg\" class=\"attachment-thumbnail size-thumbnail\" alt=\"\" aria-describedby=\"gallery-7-425816\" \/><\/a>\n\t\t\t\t<\/dt>\n\t\t\t\t\t<dd class='wp-caption-text gallery-caption' id='gallery-7-425816'>\n\t\t\t\t\tIL CONCERTO DEL CORO AGORDO\n\t\t\t\t\t<\/dd><\/dl><br style=\"clear: both\" \/><dl class='gallery-item'>\n\t\t\t\t<dt class='gallery-icon portrait'>\n\t\t\t\t\t<a class=\"rollover rollover-zoom dt-pswp-item\" title=\"Locandina tombola per bambini 27.12.2024\" data-dt-img-description=\"\" data-large_image_width=\"595\" data-large_image_height=\"842\"href='https:\/\/www.radiopiu.net\/wordpress\/wp-content\/uploads\/2024\/12\/Locandina-tombola-per-bambini-27.12.2024.jpg'><img loading=\"lazy\" decoding=\"async\" width=\"150\" height=\"150\" src=\"https:\/\/www.radiopiu.net\/wordpress\/wp-content\/uploads\/2024\/12\/Locandina-tombola-per-bambini-27.12.2024-150x150.jpg\" class=\"attachment-thumbnail size-thumbnail\" alt=\"\" aria-describedby=\"gallery-7-425832\" \/><\/a>\n\t\t\t\t<\/dt>\n\t\t\t\t\t<dd class='wp-caption-text gallery-caption' id='gallery-7-425832'>\n\t\t\t\t\tLA TOMBOLA A CANALE\n\t\t\t\t\t<\/dd><\/dl>\n\t\t\t\t<br style='clear: both' \/>\n\t\t\t<\/div>\n\n<\/div>\n<\/div>\n<\/div>\n<p>&nbsp;<\/p>\n<\/div>\n<\/div>\n<\/div>\n<\/div>\n<\/div>\n<\/div>\n<\/div>\n<\/div>\n<\/div>\n<p>&nbsp;<\/p>\n<div>\n<div class=\"\" dir=\"auto\">\n<div id=\":r9h:\" class=\"x1iorvi4 x1pi30zi x1l90r2v x1swvt13\" data-ad-comet-preview=\"message\" data-ad-preview=\"message\"><\/div>\n<\/div>\n<\/div>\n<p>&nbsp;<\/p>\n<hr \/>\n<p>&nbsp;<\/p>\n<p class=\"mceTemp\"><a class=\"dt-pswp-item\" href=\"https:\/\/www.radiopiu.net\/wordpress\/wp-content\/uploads\/2018\/09\/WhatsApp-Image-2018-09-20-at-16.04.06.jpeg\" data-dt-img-description=\"\" data-large_image_width=\"800\" data-large_image_height=\"100\"><img loading=\"lazy\" decoding=\"async\" class=\"wp-image-61378 size-full aligncenter\" src=\"https:\/\/www.radiopiu.net\/wordpress\/wp-content\/uploads\/2018\/09\/WhatsApp-Image-2018-09-20-at-16.04.06.jpeg\" alt=\"\" width=\"800\" height=\"100\" srcset=\"https:\/\/www.radiopiu.net\/wordpress\/wp-content\/uploads\/2018\/09\/WhatsApp-Image-2018-09-20-at-16.04.06.jpeg 800w, https:\/\/www.radiopiu.net\/wordpress\/wp-content\/uploads\/2018\/09\/WhatsApp-Image-2018-09-20-at-16.04.06-300x38.jpeg 300w, https:\/\/www.radiopiu.net\/wordpress\/wp-content\/uploads\/2018\/09\/WhatsApp-Image-2018-09-20-at-16.04.06-768x96.jpeg 768w\" sizes=\"auto, (max-width: 800px) 100vw, 800px\" \/><\/a><\/p>\n<p><center><\/center><center><\/center><center><b>\u00a0<\/b><\/center><center><b>OGGI<\/b><\/center><b>\u00a0<\/b>In prevalenza soleggiato con aria secca e ottima visibilit\u00e0 a tutte le quote, salvo qualche modesto e innocuo annuvolamento specie al mattino.<br \/>\n<b>Precipitazioni: <\/b>Assenti<br \/>\n<b>Temperature: <\/b>In calo, specie le minime nelle valli innevate e in quelle che venerd\u00ec erano state interessate dal Foehn, su valori prossimi alla norma.<\/p>\n<hr \/>\n<p><center><b>DOMANI<\/b><\/center>Tempo variabile con cielo in genere poco o parzialmente nuvoloso al mattino, pi\u00f9 irregolarmente nuvoloso dalle ore centrali con fenomeni molto scarsi o assenti.<br \/>\n<b>Precipitazioni: <\/b>Al mattino assenti, nel pomeriggio non del tutto escluso qualche fiocco oltre i 700-900 m senza accumuli importanti<br \/>\n<b>Temperature: <\/b>In alta montagna in lieve aumento, nelle valli in lieve calo, su valori attorno alla norma.<\/p>\n<hr \/>\n<p><center><b>LUNEDI<\/b><\/center>Sulle Prealpi poco o parzialmente nuvoloso, sulle Dolomiti addensamenti pi\u00f9 significativi specie in quelle pi\u00f9 settentrionali dove non sar\u00e0 escluso qualche fiocco di neve specie sulle vette e lungo i pendii dei rilievi per burrasche sparse, localmente anche in qualche valle ma senza determinare accumuli importanti. Temperature in contenuto aumento specie le massime nelle valli interessate dal Favonio.<\/p>\n<hr \/>\n<p><center><b>MARTEDI<\/b><\/center>Giornata simile a quella di luned\u00ec, variabile e piuttosto ventosa, in genere poco o parzialmente nuvolosa sulle Prealpi, pi\u00f9 nuvolosa sulle Dolomiti specie in quelle pi\u00f9 settentrionali con burrasche di neve sparse sulle vette o lungo i pendii e possibili locali fiocchi nelle valli oltre i 700-900 m ma senza accumuli importanti. Temperature in aumento specie le minime nelle valli.<\/p>\n<p>&nbsp;<\/p>\n<blockquote class=\"wp-embedded-content\" data-secret=\"Swft3NG74m\"><p><a href=\"https:\/\/www.radiopiu.net\/wordpress\/oltre-30-cm-di-neve-sulle-cime-dolomitiche-il-bollettino-neve-al-suolo-di-arpav\/\">OLTRE 30 CM DI NEVE SULLE CIME DOLOMITICHE. IL BOLLETTINO NEVE AL SUOLO DI ARPAV<\/a><\/p><\/blockquote>\n<p><iframe loading=\"lazy\" class=\"wp-embedded-content\" sandbox=\"allow-scripts\" security=\"restricted\" style=\"position: absolute; visibility: hidden;\" title=\"&#8220;OLTRE 30 CM DI NEVE SULLE CIME DOLOMITICHE. IL BOLLETTINO NEVE AL SUOLO DI ARPAV&#8221; &#8212; Radio Pi\u00f9\" src=\"https:\/\/www.radiopiu.net\/wordpress\/oltre-30-cm-di-neve-sulle-cime-dolomitiche-il-bollettino-neve-al-suolo-di-arpav\/embed\/#?secret=uhvjxJCDFq#?secret=Swft3NG74m\" data-secret=\"Swft3NG74m\" width=\"600\" height=\"338\" frameborder=\"0\" marginwidth=\"0\" marginheight=\"0\" scrolling=\"no\"><\/iframe><\/p>\n<p>&nbsp;<\/p>\n<hr \/>\n<p>&nbsp;<\/p>\n<p>&nbsp;<\/p>\n<p class=\"mceTemp\"><a class=\"dt-pswp-item\" href=\"https:\/\/www.radiopiu.net\/wordpress\/wp-content\/uploads\/2018\/09\/sport.jpg\" data-dt-img-description=\"\" data-large_image_width=\"800\" data-large_image_height=\"100\"><img loading=\"lazy\" decoding=\"async\" class=\"aligncenter wp-image-60761 size-full\" src=\"https:\/\/www.radiopiu.net\/wordpress\/wp-content\/uploads\/2018\/09\/sport.jpg\" alt=\"\" width=\"800\" height=\"100\" srcset=\"https:\/\/www.radiopiu.net\/wordpress\/wp-content\/uploads\/2018\/09\/sport.jpg 800w, https:\/\/www.radiopiu.net\/wordpress\/wp-content\/uploads\/2018\/09\/sport-300x38.jpg 300w, https:\/\/www.radiopiu.net\/wordpress\/wp-content\/uploads\/2018\/09\/sport-768x96.jpg 768w\" sizes=\"auto, (max-width: 800px) 100vw, 800px\" \/> <\/a><\/p>\n<p class=\"mceTemp\"><span style=\"color: #0000ff;\"><strong>\u00a0<\/strong><\/span><\/p>\n<p class=\"mceTemp\"><span style=\"color: #0000ff;\"><strong>HOCKEY SU GHIACCIO\u00a0<\/strong><\/span><\/p>\n<blockquote>\n<h3>I MASTINI DI VARESE ARRIVANO AD ALLEGHE<\/h3>\n<\/blockquote>\n<p><strong><a class=\"dt-pswp-item\" href=\"https:\/\/www.radiopiu.net\/wordpress\/wp-content\/uploads\/2024\/12\/82828d33-32c9-4801-bf34-bb3543e1b5b8.jpeg\" data-dt-img-description=\"\" data-large_image_width=\"940\" data-large_image_height=\"524\"><img loading=\"lazy\" decoding=\"async\" class=\"size-medium wp-image-425890 alignleft\" src=\"https:\/\/www.radiopiu.net\/wordpress\/wp-content\/uploads\/2024\/12\/82828d33-32c9-4801-bf34-bb3543e1b5b8-300x167.jpeg\" alt=\"\" width=\"300\" height=\"167\" srcset=\"https:\/\/www.radiopiu.net\/wordpress\/wp-content\/uploads\/2024\/12\/82828d33-32c9-4801-bf34-bb3543e1b5b8-300x167.jpeg 300w, https:\/\/www.radiopiu.net\/wordpress\/wp-content\/uploads\/2024\/12\/82828d33-32c9-4801-bf34-bb3543e1b5b8-768x428.jpeg 768w, https:\/\/www.radiopiu.net\/wordpress\/wp-content\/uploads\/2024\/12\/82828d33-32c9-4801-bf34-bb3543e1b5b8.jpeg 940w\" sizes=\"auto, (max-width: 300px) 100vw, 300px\" \/><\/a>DI ROBERTO MIANA, PORTAVOCE DELL\u2019ALLEGHE HOCKEY\u00a0<\/strong><\/p>\n<p>Ventitreesima giornata del campionato IHL di hockey su ghiaccio. Sabato 21 dicembre alle 20:30\u00a0l\u2019Alleghe ospita il Varese. Tribune del \u201cDe Toni\u201d totalmente aperte al pubblico. Entrata dall\u2019ingresso principale.<br \/>\nL\u2019Alleghe arriva dalla sconfitta casalinga 1-4 nel derby contro i Feltre. Gara che ha visto i primi due tempi equilibrati con i Feltrini che hanno vinto la partita nell\u2019ultimo drittel. Primo tempo con le squadre che inizialmente non si vogliono scoprire. \u00c8 il Feltre a rompere l&#8217;equilibrio portandosi in vantaggio. Ma la risposta delle Civette non si fa attendere e con Iori pareggia nel finire di drittel. Secondo periodo dove le difese ed i rispettivi goalie la fanno da padrone, con il risultato di parit\u00e0 che permane. All&#8217;inizio dell&#8217;ultimo tempo, nel giro di due minuti, i Picchi trovano la doppia zampata vincente che decide la gara. I Biancorossi sprecano poi diverse superiorit\u00e0 numeriche, subendo nel finale la quarta marcatura a porta vuota.<br \/>\nIl Varese, prossimo avversario delle Civette, \u00e8 reduce dalla sconfitta casalinga 2-5 contro la corazzata Aosta, che ha interrotto una strisci positiva dei Gialloneri che durava da undici gare. L&#8217;ultima sconfitta dei Varesini risaliva proprio alla gara di andata di fine ottobre contro l&#8217;Alleghe. Mastini quarti in classifica con 44 punti in 21 gare.<br \/>\nSono 29 i precedenti giocati in IHL tra Alleghe e Varese. Il bilancio conta 16 affermazioni delle Civette contro 13 dei Mastini. Nel match di andata l&#8217;Alleghe si \u00e8 imposto 2-1 all&#8217;Acinque Ice Arena di Varese. L\u2019ultimo match in riva al lago, giocato il 3 febbraio di quest\u2019anno, ha visto la clamorosa vittoria dei Gialloneri 10-1.<\/p>\n<p><strong>ALLEGHE HOCKEY &#8211; HCMV VARESE HOCKEY <\/strong>Sabato 21 Dicembre ore 20:30 &#8211; Palaghiaccio Alvise De Toni di Alleghe (BL). Tribune totalmente aperte al pubblico. Entrata dall&#8217;ingresso principale. Arbitri: Alessio Bedana e Federico Stefanelli con giudici di linea Andrea Carrito e Matteo De Cristofaro. Collegamenti in DIRETTA RADIOFONICA su Radio Pi\u00f9 (www.radiopiu.net) con \u201chockey al punto giusto\u201d, in studio Marco Gaz e da Alleghe interventi di Alberto Fontanive<\/p>\n<p>&nbsp;<\/p>\n<p><span style=\"color: #0000ff;\"><strong>PALLAVOLO<\/strong><\/span><\/p>\n<blockquote>\n<h3>BELLUNO VOLLEY CONTRO IL SAN DONA&#8217;<\/h3>\n<\/blockquote>\n<p><a class=\"dt-pswp-item\" href=\"https:\/\/www.radiopiu.net\/wordpress\/wp-content\/uploads\/2024\/12\/Marzola_verso_il_derby_nel_Basso_Piave.jpg\" data-dt-img-description=\"\" data-large_image_width=\"2048\" data-large_image_height=\"1365\"><img loading=\"lazy\" decoding=\"async\" class=\" wp-image-425802 alignleft\" src=\"https:\/\/www.radiopiu.net\/wordpress\/wp-content\/uploads\/2024\/12\/Marzola_verso_il_derby_nel_Basso_Piave-300x200.jpg\" alt=\"\" width=\"168\" height=\"112\" srcset=\"https:\/\/www.radiopiu.net\/wordpress\/wp-content\/uploads\/2024\/12\/Marzola_verso_il_derby_nel_Basso_Piave-300x200.jpg 300w, https:\/\/www.radiopiu.net\/wordpress\/wp-content\/uploads\/2024\/12\/Marzola_verso_il_derby_nel_Basso_Piave-1024x683.jpg 1024w, https:\/\/www.radiopiu.net\/wordpress\/wp-content\/uploads\/2024\/12\/Marzola_verso_il_derby_nel_Basso_Piave-768x512.jpg 768w, https:\/\/www.radiopiu.net\/wordpress\/wp-content\/uploads\/2024\/12\/Marzola_verso_il_derby_nel_Basso_Piave-1536x1024.jpg 1536w, https:\/\/www.radiopiu.net\/wordpress\/wp-content\/uploads\/2024\/12\/Marzola_verso_il_derby_nel_Basso_Piave.jpg 2048w\" sizes=\"auto, (max-width: 168px) 100vw, 168px\" \/><\/a>Il Belluno Volley chiuder\u00e0 il 2024 con un derby d\u2019alta classifica contro la capolista Personal Time, domenica 22 dicembre a San Don\u00e0 di Piave. Un solo punto separa le due squadre, rendendo la sfida decisiva per il primato. Coach Marco Marzola riconosce la forza dell\u2019avversario, una squadra esperta e protagonista di un altro campionato di vertice, e prepara i suoi a un incontro complicato, in particolare per contrastare Giannotti, principale terminale offensivo di San Don\u00e0. Tuttavia, Marzola sottolinea che \u00e8 solo una tappa di un lungo campionato e confida nella preparazione atletica del team. Nonostante le difficolt\u00e0, la squadra si dice pronta a dare il massimo.<\/p>\n<p>&nbsp;<\/p>\n<blockquote>\n<h3>SCONTRO DIRETTO CON IL BASSANO DEL GRAPPA PER LA SB VOLLEY<\/h3>\n<\/blockquote>\n<p><a class=\"dt-pswp-item\" href=\"https:\/\/www.radiopiu.net\/wordpress\/wp-content\/uploads\/2024\/12\/Scontro_diretto_a_Bassano_per_la_SB_Volley.jpg\" data-dt-img-description=\"\" data-large_image_width=\"1076\" data-large_image_height=\"535\"><img loading=\"lazy\" decoding=\"async\" class=\" wp-image-425799 alignleft\" src=\"https:\/\/www.radiopiu.net\/wordpress\/wp-content\/uploads\/2024\/12\/Scontro_diretto_a_Bassano_per_la_SB_Volley-300x149.jpg\" alt=\"\" width=\"197\" height=\"98\" srcset=\"https:\/\/www.radiopiu.net\/wordpress\/wp-content\/uploads\/2024\/12\/Scontro_diretto_a_Bassano_per_la_SB_Volley-300x149.jpg 300w, https:\/\/www.radiopiu.net\/wordpress\/wp-content\/uploads\/2024\/12\/Scontro_diretto_a_Bassano_per_la_SB_Volley-1024x509.jpg 1024w, https:\/\/www.radiopiu.net\/wordpress\/wp-content\/uploads\/2024\/12\/Scontro_diretto_a_Bassano_per_la_SB_Volley-768x382.jpg 768w, https:\/\/www.radiopiu.net\/wordpress\/wp-content\/uploads\/2024\/12\/Scontro_diretto_a_Bassano_per_la_SB_Volley.jpg 1076w\" sizes=\"auto, (max-width: 197px) 100vw, 197px\" \/><\/a>La SB Volley chiude l\u2019anno con uno scontro diretto cruciale contro il Santa Croce, stasera a Bassano del Grappa. Le due squadre, vicinissime in classifica, riflettono il grande equilibrio del campionato femminile di serie C, dove quattro squadre sono racchiuse in due punti. La SB arriva con fiducia, forte di quattro vittorie consecutive, come sottolinea la centrale Claudia Fiabane: \u00abAbbiamo mostrato carattere e resilienza\u00bb. Il Santa Croce, con sei vittorie e due sconfitte, rappresenta un avversario tosto. Fiabane resta positiva, ritenendo il livello del campionato alla portata della SB, che mira in alto con grinta e determinazione.<\/p>\n<p>&nbsp;<\/p>\n","protected":false},"excerpt":{"rendered":"<p>******** &nbsp; LA\u00a0 APP PER IOS-IPHONE di Nicola Vettorello https:\/\/apps.apple.com\/it\/app\/radio-pi%C3%B9-emittente-agordina\/id1515939845 LA\u00a0 APP RADIO\u00a0 PER ANDROID di Nicola Vettorello https:\/\/play.google.com\/store\/apps\/details?id=net.radiopiu.iniko\u00a0\u00a0\u00a0 &nbsp; &nbsp; &nbsp; OGGI A RADIO PIU&#8217;&#8230; TRA L&#8217;ALTRO: 10 10 LA RASSEGNA STAMPA DA L&#8217;AMICO DEL POPOLO DI GIANNI SANTOMASO 10.30\u00a0 \u00a0speciale Forcella Aurine con Morgan Gnech e Sharon De Marco\u00a014.00\u00a0 ELETTROCHOC CON DJ JACK&hellip;<\/p>\n","protected":false},"author":4,"featured_media":425900,"comment_status":"closed","ping_status":"closed","sticky":false,"template":"","format":"standard","meta":{"_monsterinsights_skip_tracking":false,"_monsterinsights_sitenote_active":false,"_monsterinsights_sitenote_note":"","_monsterinsights_sitenote_category":0,"footnotes":""},"categories":[51,86,49],"tags":[],"class_list":["post-425766","post","type-post","status-publish","format-standard","has-post-thumbnail","hentry","category-evidenza-top","category-gr","category-news-18","category-51","category-86","category-49","description-off"],"img_url":"https:\/\/www.radiopiu.net\/wordpress\/wp-content\/uploads\/2024\/12\/0ebc1839-8da3-4073-90ee-fee5533a9d17.jpeg","_links":{"self":[{"href":"https:\/\/www.radiopiu.net\/wordpress\/wp-json\/wp\/v2\/posts\/425766","targetHints":{"allow":["GET"]}}],"collection":[{"href":"https:\/\/www.radiopiu.net\/wordpress\/wp-json\/wp\/v2\/posts"}],"about":[{"href":"https:\/\/www.radiopiu.net\/wordpress\/wp-json\/wp\/v2\/types\/post"}],"author":[{"embeddable":true,"href":"https:\/\/www.radiopiu.net\/wordpress\/wp-json\/wp\/v2\/users\/4"}],"replies":[{"embeddable":true,"href":"https:\/\/www.radiopiu.net\/wordpress\/wp-json\/wp\/v2\/comments?post=425766"}],"version-history":[{"count":38,"href":"https:\/\/www.radiopiu.net\/wordpress\/wp-json\/wp\/v2\/posts\/425766\/revisions"}],"predecessor-version":[{"id":425950,"href":"https:\/\/www.radiopiu.net\/wordpress\/wp-json\/wp\/v2\/posts\/425766\/revisions\/425950"}],"wp:featuredmedia":[{"embeddable":true,"href":"https:\/\/www.radiopiu.net\/wordpress\/wp-json\/wp\/v2\/media\/425900"}],"wp:attachment":[{"href":"https:\/\/www.radiopiu.net\/wordpress\/wp-json\/wp\/v2\/media?parent=425766"}],"wp:term":[{"taxonomy":"category","embeddable":true,"href":"https:\/\/www.radiopiu.net\/wordpress\/wp-json\/wp\/v2\/categories?post=425766"},{"taxonomy":"post_tag","embeddable":true,"href":"https:\/\/www.radiopiu.net\/wordpress\/wp-json\/wp\/v2\/tags?post=425766"}],"curies":[{"name":"wp","href":"https:\/\/api.w.org\/{rel}","templated":true}]}}