{"id":425770,"date":"2024-12-20T09:16:47","date_gmt":"2024-12-20T08:16:47","guid":{"rendered":"https:\/\/www.radiopiu.net\/wordpress\/?p=425770"},"modified":"2024-12-20T09:16:47","modified_gmt":"2024-12-20T08:16:47","slug":"stai-fuori-lemigrazione-dei-giovani-e-limmigrazione-irregolare","status":"publish","type":"post","link":"https:\/\/www.radiopiu.net\/wordpress\/stai-fuori-lemigrazione-dei-giovani-e-limmigrazione-irregolare\/","title":{"rendered":"\u201cStai Fuori!\u201d: L\u2019Emigrazione dei Giovani e l\u2019Immigrazione Irregolare"},"content":{"rendered":"<p>**<\/p>\n<div class=\"flex-shrink-0 flex flex-col relative items-end\">\n<div class=\"pt-0\">\n<div class=\"gizmo-bot-avatar flex h-8 w-8 items-center justify-center overflow-hidden rounded-full\">\n<blockquote>\n<div class=\"relative p-1 rounded-sm flex items-center justify-center bg-token-main-surface-primary text-token-text-primary h-8 w-8\"><em>Nel libro \u201cStai Fuori!\u201d, Alessandro Foti analizza l\u2019emigrazione di giovani laureati italiani verso l\u2019estero, attratti da migliori opportunit\u00e0 lavorative, e contrasta questo fenomeno con l\u2019immigrazione irregolare, spesso caratterizzata da mancanza di competenze.<\/em><\/div>\n<\/blockquote>\n<div><strong><img loading=\"lazy\" decoding=\"async\" class=\"alignleft\" src=\"https:\/\/www.radiopiu.net\/wordpress\/wp-content\/uploads\/2024\/12\/3679fcbf-1e7c-4869-9d69-58160640bc9f-300x300.webp\" width=\"236\" height=\"236\" \/>RIFLESSIONI A PENNA LIBERA, DI TOMASO PETTAZZI<\/strong><\/div>\n<\/div>\n<div>\n<p>\u201cStai Fuori!\u201d \u00e8 un interessante libro di Alessandro Foti, immunologo al Max-Planck-Institute di Berlino. L\u2019autore racconta, sulla base della sua esperienza, \u2019emigrazione di italiani che, specie dall\u2019ultimo decennio, ha coinvolto una percentuale sempre pi\u00f9 importante di giovani \u201ccervelli\u201d, per lo pi\u00f9 laureati, verso l\u2019Europa, ma non solo. Stipendio adeguato, possibilit\u00e0 di degna realizzazione lavorativa, opportunit\u00e0 di avanzamento basata sulle proprie capacit\u00e0. Questi sono i motivi che li spingono ad abbandonare il Bel Paese. Si, proprio abbandonare, perch\u00e9 alla fine ben pochi rientrano. Per fare una battuta, restano qui i Neet (giovani che non studiano n\u00e9 lavorano), e i frequentatori dei numerosissimi talent show). Un dato che non appare nel libro \u00e8 il costo che le famiglie sopportano per la preparazione dei figli, fino alla laurea. Gli istituti di ricerca specializzati lo posizionano tra i 140.000 e i 175.000 \u20ac. Terzo in Europa, dopo Spagna e Irlanda! A questo aggiungiamo quanto spende lo Stato per mantenere le strutture competenti (istituti scolatici, insegnanti, professori, ecc.). Il \u201cSole 24 Ore\u201d lo stima per il 2024 in 79 miliardi.Per contro, c&#8217; un\u2019immigrazione di cui abbiamo estremamente bisogno, dato che i nostri giovani, per motivi pi\u00f9 o meno evidenti, non gradiscono fare lavori modesti o pesanti, ma onesti, dei quali le aziende sono alla spasmodica ricerca. Proviene dai Paesi \u201cin via di sviluppo\u201d (politichese per \u201cpoveri\u201d), che nella stragrande percentuale di casi avviene illegalmente e pericolosamente (quante decine di migliaia di morti solo nel tragitto Africa &#8211; Italia!), ed \u00e8 composta, spiace dirlo, ma \u00e8 la verit\u00e0, da una umanit\u00e0 a bassa scolarit\u00e0, di limitata, se non nulla, capacit\u00e0 lavorativa, della quale non conosciamo generalit\u00e0, et\u00e0, precedenti. Un\u2019immigrazione che per l\u2019Italia ha costi immediati e futuri enormi. Si considerino la ricerca in mare della Guardia costiera e di Finanza, i centri di accoglienza, la successiva ricerca di alloggi, almeno fino alla auspicata raggiunta autonomia lavorativa, Non ultima una costante attenzione a fenomeni delinquenziali di quelli che restano ai margini della societ\u00e0. Come non ne avessimo abbastanza da parte dei nostri nativi. Immigrazione che ingrassa la malavita nazionale ed estera e le imprese senza scrupoli, alla quale si potrebbe porre fine aprendo finalmente centri di reclutamento regolare nei nostri consolati ed ambasciate nei paesi di provenienza.Ma, allo stato attuale, mi sento di dire che, mutuando il titolo di un libro assai noto, siamo riusciti a realizzare \u201cun mondo al contrario\u201d.<\/p>\n<\/div>\n<\/div>\n<p>&nbsp;<\/p>\n<\/div>\n","protected":false},"excerpt":{"rendered":"<p>** Nel libro \u201cStai Fuori!\u201d, Alessandro Foti analizza l\u2019emigrazione di giovani laureati italiani verso l\u2019estero, attratti da migliori opportunit\u00e0 lavorative, e contrasta questo fenomeno con l\u2019immigrazione irregolare, spesso caratterizzata da mancanza di competenze. RIFLESSIONI A PENNA LIBERA, DI TOMASO PETTAZZI \u201cStai Fuori!\u201d \u00e8 un interessante libro di Alessandro Foti, immunologo al Max-Planck-Institute di Berlino. L\u2019autore&hellip;<\/p>\n","protected":false},"author":4,"featured_media":425771,"comment_status":"closed","ping_status":"closed","sticky":false,"template":"","format":"standard","meta":{"_monsterinsights_skip_tracking":false,"_monsterinsights_sitenote_active":false,"_monsterinsights_sitenote_note":"","_monsterinsights_sitenote_category":0,"footnotes":""},"categories":[49],"tags":[],"class_list":["post-425770","post","type-post","status-publish","format-standard","has-post-thumbnail","hentry","category-news-18","category-49","description-off"],"img_url":"https:\/\/www.radiopiu.net\/wordpress\/wp-content\/uploads\/2024\/12\/3679fcbf-1e7c-4869-9d69-58160640bc9f.webp","_links":{"self":[{"href":"https:\/\/www.radiopiu.net\/wordpress\/wp-json\/wp\/v2\/posts\/425770","targetHints":{"allow":["GET"]}}],"collection":[{"href":"https:\/\/www.radiopiu.net\/wordpress\/wp-json\/wp\/v2\/posts"}],"about":[{"href":"https:\/\/www.radiopiu.net\/wordpress\/wp-json\/wp\/v2\/types\/post"}],"author":[{"embeddable":true,"href":"https:\/\/www.radiopiu.net\/wordpress\/wp-json\/wp\/v2\/users\/4"}],"replies":[{"embeddable":true,"href":"https:\/\/www.radiopiu.net\/wordpress\/wp-json\/wp\/v2\/comments?post=425770"}],"version-history":[{"count":1,"href":"https:\/\/www.radiopiu.net\/wordpress\/wp-json\/wp\/v2\/posts\/425770\/revisions"}],"predecessor-version":[{"id":425772,"href":"https:\/\/www.radiopiu.net\/wordpress\/wp-json\/wp\/v2\/posts\/425770\/revisions\/425772"}],"wp:featuredmedia":[{"embeddable":true,"href":"https:\/\/www.radiopiu.net\/wordpress\/wp-json\/wp\/v2\/media\/425771"}],"wp:attachment":[{"href":"https:\/\/www.radiopiu.net\/wordpress\/wp-json\/wp\/v2\/media?parent=425770"}],"wp:term":[{"taxonomy":"category","embeddable":true,"href":"https:\/\/www.radiopiu.net\/wordpress\/wp-json\/wp\/v2\/categories?post=425770"},{"taxonomy":"post_tag","embeddable":true,"href":"https:\/\/www.radiopiu.net\/wordpress\/wp-json\/wp\/v2\/tags?post=425770"}],"curies":[{"name":"wp","href":"https:\/\/api.w.org\/{rel}","templated":true}]}}