{"id":425837,"date":"2024-12-21T05:15:34","date_gmt":"2024-12-21T04:15:34","guid":{"rendered":"https:\/\/www.radiopiu.net\/wordpress\/?p=425837"},"modified":"2024-12-21T05:29:09","modified_gmt":"2024-12-21T04:29:09","slug":"tempo-di-bilanci-per-i-carabinieri-della-provincia-di-belluno-nel-2024-reati-in-calo-prevenzione-e-contrasto-in-netta-crescita","status":"publish","type":"post","link":"https:\/\/www.radiopiu.net\/wordpress\/tempo-di-bilanci-per-i-carabinieri-della-provincia-di-belluno-nel-2024-reati-in-calo-prevenzione-e-contrasto-in-netta-crescita\/","title":{"rendered":"TEMPO DI BILANCI PER I CARABINIERI DELLA PROVINCIA DI BELLUNO NEL 2024 REATI IN CALO, PREVENZIONE E CONTRASTO IN NETTA CRESCITA"},"content":{"rendered":"<p>******<\/p>\n<p>&nbsp;<\/p>\n<blockquote><p><strong>BELLUNO<\/strong> Si avvicina la fine dell&#8217;anno e anche il comando provinciale dei Carabinieri della provincia di Belluno tira le somme sul 2024 che sta per volgere al termine. Un lungo comunicato con tutti particolari dell&#8217;anno che sta per concludersi.<\/p><\/blockquote>\n<p>&nbsp;<\/p>\n<p><a class=\"dt-pswp-item\" href=\"https:\/\/www.radiopiu.net\/wordpress\/wp-content\/uploads\/2024\/12\/CARABINIERI-16.jpg\" data-dt-img-description=\"\" data-large_image_width=\"2048\" data-large_image_height=\"1536\"><img loading=\"lazy\" decoding=\"async\" class=\" wp-image-425848 alignleft\" src=\"https:\/\/www.radiopiu.net\/wordpress\/wp-content\/uploads\/2024\/12\/CARABINIERI-16-300x225.jpg\" alt=\"\" width=\"225\" height=\"169\" srcset=\"https:\/\/www.radiopiu.net\/wordpress\/wp-content\/uploads\/2024\/12\/CARABINIERI-16-300x225.jpg 300w, https:\/\/www.radiopiu.net\/wordpress\/wp-content\/uploads\/2024\/12\/CARABINIERI-16-1024x768.jpg 1024w, https:\/\/www.radiopiu.net\/wordpress\/wp-content\/uploads\/2024\/12\/CARABINIERI-16-768x576.jpg 768w, https:\/\/www.radiopiu.net\/wordpress\/wp-content\/uploads\/2024\/12\/CARABINIERI-16-1536x1152.jpg 1536w, https:\/\/www.radiopiu.net\/wordpress\/wp-content\/uploads\/2024\/12\/CARABINIERI-16.jpg 2048w\" sizes=\"auto, (max-width: 225px) 100vw, 225px\" \/><\/a>Il 2024 si sta concludendo, ed \u00e8 tempo di bilanci anche per i Carabinieri del Comando Provinciale di Belluno. Grazie a una capillare diffusione sul territorio, dove l\u2019Arma \u00e8 presente con 3 Compagnie (Belluno, Feltre e Cortina d\u2019Ampezzo) e 23 Stazioni, e forte di una sinergia efficace tra il Reparto Operativo (costituito dai Nuclei Investigativo e Informativo), i Reparti Forestali e i Reparti Speciali competenti sul territorio, il Comando Provinciale di Belluno ha tirato le somme di un intenso anno di attivit\u00e0. L\u2019Arma ha garantito i servizi di prevenzione e sicurezza in favore delle comunit\u00e0 dei 60 Comuni della provincia, perseguendo oltre il 73% dei reati commessi sul territorio. Desideriamo aprire questo comunicato con un ringraziamento sincero agli organi di informazione della provincia di Belluno e non solo. I professionisti del settore hanno sempre affiancato il nostro lavoro con competenza, interesse e spirito critico. A loro va la nostra gratitudine per aver dato spazio, nei diversi quotidiani, telegiornali, radio e sul web, alle operazioni condotte, alle attivit\u00e0 di prevenzione e alle iniziative promosse in favore delle nostre comunit\u00e0. Siamo certi che il loro impegno sia stato mosso dall\u2019interesse primario del cittadino, a cui forze dell\u2019ordine e giornalisti devono onest\u00e0 e trasparenza. La sicurezza del territorio \u00e8 un bene prezioso, da tutelare con l\u2019impegno congiunto di chi, come i Carabinieri, ama e protegge queste comunit\u00e0. A tutti loro, il nostro pi\u00f9 sentito ringraziamento. L\u2019attivit\u00e0 dell\u2019Arma nel 2024 \u00e8 stata particolarmente intensa, con uno sforzo significativo dedicato alla pianificazione e all\u2019impiego delle forze per garantire le migliori condizioni di sicurezza e sviluppo. \u201cVoglio ringraziare tutti i miei Carabinieri che prestano servizio nella provincia di Belluno\u201d ha dichiarato il Colonnello Pigozzo durante la conferenza stampa odierna, \u201cperch\u00e9, nonostante le difficolt\u00e0, hanno sempre operato con senso di responsabilit\u00e0 e dedizione verso le loro comunit\u00e0\u201d.<\/p>\n<p><strong><a class=\"dt-pswp-item\" href=\"https:\/\/www.radiopiu.net\/wordpress\/wp-content\/uploads\/2024\/12\/CARABINIERI-17.jpg\" data-dt-img-description=\"\" data-large_image_width=\"1600\" data-large_image_height=\"1200\"><img loading=\"lazy\" decoding=\"async\" class=\" wp-image-425849 alignleft\" src=\"https:\/\/www.radiopiu.net\/wordpress\/wp-content\/uploads\/2024\/12\/CARABINIERI-17-300x225.jpg\" alt=\"\" width=\"187\" height=\"140\" srcset=\"https:\/\/www.radiopiu.net\/wordpress\/wp-content\/uploads\/2024\/12\/CARABINIERI-17-300x225.jpg 300w, https:\/\/www.radiopiu.net\/wordpress\/wp-content\/uploads\/2024\/12\/CARABINIERI-17-1024x768.jpg 1024w, https:\/\/www.radiopiu.net\/wordpress\/wp-content\/uploads\/2024\/12\/CARABINIERI-17-768x576.jpg 768w, https:\/\/www.radiopiu.net\/wordpress\/wp-content\/uploads\/2024\/12\/CARABINIERI-17-1536x1152.jpg 1536w, https:\/\/www.radiopiu.net\/wordpress\/wp-content\/uploads\/2024\/12\/CARABINIERI-17.jpg 1600w\" sizes=\"auto, (max-width: 187px) 100vw, 187px\" \/><\/a>OLTRE 85.500 CHIAMATE AL 112, QUASI 29.000 INTERVENTI<\/strong><br \/>\nNel 2024, le Centrali Operative delle tre Compagnie Carabinieri, veri front office dell\u2019Arma, hanno garantito il servizio di pronto intervento 112 H24, gestendo 85.641 chiamate (+25% rispetto alle 68.632 del 2023), con una media giornaliera di 304 telefonate. Da queste sono scaturiti 28.766 interventi operativi (25.388 nel 2023), tra cui:<\/p>\n<ul>\n<li><strong>13.554 interventi di soccorso<\/strong>,<\/li>\n<li><strong>927 interventi per incidenti stradali<\/strong>, con un aumento del 49% rispetto ai 621 del 2023,<\/li>\n<li><strong>18.468 richieste di informazioni utili ai cittadini<\/strong>, a dimostrazione dell\u2019importanza del dialogo tra cittadini e istituzioni.<\/li>\n<\/ul>\n<p><strong><a class=\"dt-pswp-item\" href=\"https:\/\/www.radiopiu.net\/wordpress\/wp-content\/uploads\/2024\/12\/CARABINIERI-14.jpg\" data-dt-img-description=\"\" data-large_image_width=\"1473\" data-large_image_height=\"1104\"><img loading=\"lazy\" decoding=\"async\" class=\" wp-image-425865 alignleft\" src=\"https:\/\/www.radiopiu.net\/wordpress\/wp-content\/uploads\/2024\/12\/CARABINIERI-14-300x225.jpg\" alt=\"\" width=\"219\" height=\"164\" srcset=\"https:\/\/www.radiopiu.net\/wordpress\/wp-content\/uploads\/2024\/12\/CARABINIERI-14-300x225.jpg 300w, https:\/\/www.radiopiu.net\/wordpress\/wp-content\/uploads\/2024\/12\/CARABINIERI-14-1024x767.jpg 1024w, https:\/\/www.radiopiu.net\/wordpress\/wp-content\/uploads\/2024\/12\/CARABINIERI-14-768x576.jpg 768w, https:\/\/www.radiopiu.net\/wordpress\/wp-content\/uploads\/2024\/12\/CARABINIERI-14.jpg 1473w\" sizes=\"auto, (max-width: 219px) 100vw, 219px\" \/><\/a>ATTIVIT\u00c0 PREVENTIVA: +53% NEI SERVIZI DI PATTUGLIA, LE GAZZELLE DELL\u2019ARMA PERCORRONO 37 VOLTE LA CIRCONFERENZA TERRESTRE<\/strong><br \/>\nImponente \u00e8 stata l\u2019attivit\u00e0 preventiva svolta su tutto il territorio provinciale, che ha visto impegnati uomini e donne dell\u2019Arma dei Carabinieri in servizi automontati, appiedati e di Carabiniere di Quartiere. Nel 2024 sono stati effettuati 38.274 servizi di controllo del territorio, con un incremento del 53% rispetto al 2023, grazie a un notevole impegno sia organizzativo che operativo.<\/p>\n<p>Durante i servizi, sono stati controllati 48.253 veicoli, identificate 59.894 persone e percorsi complessivamente 1.583.108 chilometri su strade e centri abitati dell\u2019intera provincia, una distanza equivalente a 37 volte la circonferenza terrestre.<\/p>\n<p>Grande attenzione \u00e8 stata posta anche alla sicurezza stradale e al soccorso. I Carabinieri, che rispondono a oltre l\u201980% delle chiamate per incidenti, hanno rilevato 487 sinistri stradali nel 2024, di cui 286 con feriti, per un totale di 324 persone che hanno riportato lesioni e 24, purtroppo, decedute. Nell\u2019ambito della sicurezza stradale, sono state elevate 1.637 sanzioni al Codice della Strada, sottoposti a test alcolemico oltre 500 conducenti (165 deferiti all\u2019Autorit\u00e0 Giudiziaria), denunciati 18 conducenti per guida sotto effetto di stupefacenti, 5 per omicidio stradale e 25 per gravi violazioni del Codice della Strada. Inoltre, sono state ritirate 222 patenti e sequestrati o sottoposti a fermo oltre 160 veicoli.<\/p>\n<p><strong><a class=\"dt-pswp-item\" href=\"https:\/\/www.radiopiu.net\/wordpress\/wp-content\/uploads\/2024\/12\/CARABINIERI-8.jpg\" data-dt-img-description=\"\" data-large_image_width=\"1296\" data-large_image_height=\"972\"><img loading=\"lazy\" decoding=\"async\" class=\" wp-image-425859 alignleft\" src=\"https:\/\/www.radiopiu.net\/wordpress\/wp-content\/uploads\/2024\/12\/CARABINIERI-8-300x225.jpg\" alt=\"\" width=\"203\" height=\"152\" srcset=\"https:\/\/www.radiopiu.net\/wordpress\/wp-content\/uploads\/2024\/12\/CARABINIERI-8-300x225.jpg 300w, https:\/\/www.radiopiu.net\/wordpress\/wp-content\/uploads\/2024\/12\/CARABINIERI-8-1024x768.jpg 1024w, https:\/\/www.radiopiu.net\/wordpress\/wp-content\/uploads\/2024\/12\/CARABINIERI-8-768x576.jpg 768w, https:\/\/www.radiopiu.net\/wordpress\/wp-content\/uploads\/2024\/12\/CARABINIERI-8.jpg 1296w\" sizes=\"auto, (max-width: 203px) 100vw, 203px\" \/><\/a>ATTIVIT\u00c0 DI CONTRASTO: -24% I FURTI, +30% GLI ARRESTI, +25% NELLA LOTTA AGLI STUPEFACENTI<\/strong><br \/>\nNel 2024, i Carabinieri hanno perseguito 3.698 delitti (3.747 nel 2023), con oltre 1.000 autori noti deferiti all\u2019Autorit\u00e0 Giudiziaria. Gli arresti sono stati 71, con un aumento del 30% rispetto al 2023.<\/p>\n<p>In particolare, l\u2019attenzione al contrasto dei reati contro il patrimonio ha portato a una significativa diminuzione dei furti, che sono stati 831 (-24% rispetto al 2023), con 128 persone denunciate e 4 arrestate. I servizi di prevenzione mirati, tra cui oltre 30 operazioni ad alto impatto condotte dalle Compagnie territoriali, hanno giocato un ruolo decisivo.<\/p>\n<p>Nel 2024, sono state denunciate 14 rapine, con 12 persone denunciate e 7 arrestate. \u00c8 importante sottolineare che nessuna rapina ha riguardato banche, uffici postali o abitazioni di lusso, ma si \u00e8 trattato di episodi riconducibili ad altre dinamiche, sempre affrontati con rapidit\u00e0 e professionalit\u00e0 dalle pattuglie del 112 e dai Nuclei Operativi.<\/p>\n<p>La lotta agli stupefacenti ha visto un forte incremento. Sono stati perseguiti 68 reati legati a spaccio, detenzione, produzione e consumo di droga, con 33 persone denunciate e 14 arrestate. Sono stati segnalati alla Prefettura 107 assuntori di sostanze stupefacenti (+25% rispetto al 2023), di cui 14 minorenni. Le operazioni hanno portato al sequestro di:<\/p>\n<ul>\n<li><strong>2.068 g di marijuana<\/strong>,<\/li>\n<li><strong>46 piante di marijuana<\/strong>,<\/li>\n<li><strong>4.426 g di hashish<\/strong>,<\/li>\n<li><strong>107 g di cocaina<\/strong>,<\/li>\n<li><strong>37 g di eroina<\/strong>,<\/li>\n<li><strong>850 g di altre droghe<\/strong>,<\/li>\n<li><strong>65 pasticche di ecstasy<\/strong>.<\/li>\n<\/ul>\n<p>I sequestri hanno provocato un danno economico al mercato illecito stimato in oltre 100.000 euro.<\/p>\n<p>Tra le operazioni pi\u00f9 significative:<\/p>\n<ul>\n<li><strong>Settembre 2024<\/strong>: arresto di un giovane in possesso di 157 grammi di droghe varie, tra cui cocaina, MDMA, anfetamina e ketamina, oltre a 840 euro in contanti.<\/li>\n<li><strong>Novembre 2024<\/strong>: arresto di 9 persone da parte della Compagnia di Feltre, con il sequestro di 4 kg di hashish, 2,5 kg di marijuana, 32 piante di marijuana, 24 g di eroina, 28 g di cocaina e altro materiale stupefacente.<\/li>\n<\/ul>\n<p><strong>CONTRASTO ALLA VIOLENZA DI GENERE<\/strong><br \/>\nMassima attenzione \u00e8 stata dedicata al fenomeno della violenza di genere. Nel 2024, l\u2019Arma ha perseguito:<\/p>\n<ul>\n<li><strong>18 casi di violenza sessuale<\/strong>,<\/li>\n<li><strong>76 casi di maltrattamenti in famiglia<\/strong>,<\/li>\n<li><strong>43 casi di atti persecutori<\/strong>.<\/li>\n<\/ul>\n<p>Sono state effettuate 98 audizioni protette presso strutture dedicate, con il contributo di Soroptimist Italia. Le attivit\u00e0 hanno portato all\u2019arresto di 10 soggetti in flagranza di reato, all\u2019emissione di 20 braccialetti elettronici e all\u2019adozione di 20 misure cautelari di divieto di avvicinamento e 12 allontanamenti dalla casa familiare.<\/p>\n<p>Decine di incontri sono stati organizzati nelle scuole e in eventi pubblici per promuovere il rispetto e la cultura dell\u2019affettivit\u00e0, con il coinvolgimento di Ufficiali e personale specializzato.<\/p>\n<p data-pm-slice=\"1 1 []\"><strong><a class=\"dt-pswp-item\" href=\"https:\/\/www.radiopiu.net\/wordpress\/wp-content\/uploads\/2024\/12\/CARABINIERI-18.jpg\" data-dt-img-description=\"\" data-large_image_width=\"1600\" data-large_image_height=\"1200\"><img loading=\"lazy\" decoding=\"async\" class=\" wp-image-425850 alignleft\" src=\"https:\/\/www.radiopiu.net\/wordpress\/wp-content\/uploads\/2024\/12\/CARABINIERI-18-300x225.jpg\" alt=\"\" width=\"247\" height=\"185\" srcset=\"https:\/\/www.radiopiu.net\/wordpress\/wp-content\/uploads\/2024\/12\/CARABINIERI-18-300x225.jpg 300w, https:\/\/www.radiopiu.net\/wordpress\/wp-content\/uploads\/2024\/12\/CARABINIERI-18-1024x768.jpg 1024w, https:\/\/www.radiopiu.net\/wordpress\/wp-content\/uploads\/2024\/12\/CARABINIERI-18-768x576.jpg 768w, https:\/\/www.radiopiu.net\/wordpress\/wp-content\/uploads\/2024\/12\/CARABINIERI-18-1536x1152.jpg 1536w, https:\/\/www.radiopiu.net\/wordpress\/wp-content\/uploads\/2024\/12\/CARABINIERI-18.jpg 1600w\" sizes=\"auto, (max-width: 247px) 100vw, 247px\" \/><\/a>TRUFFE AGLI ANZIANI<\/strong><\/p>\n<p>Anche le truffe ai danni delle persone anziane hanno richiesto un grande sforzo da parte dei Carabinieri. Nel 2024 sono stati registrati numerosissimi tentativi di truffa, con oltre 300 chiamate al 112 per segnalare azioni dei truffatori. In 35 casi, purtroppo, le truffe sono andate a buon fine, per un danno complessivo stimato di circa 230.000 euro. Sono stati denunciati 9 soggetti all\u2019Autorit\u00e0 Giudiziaria. L\u2019attivit\u00e0 di prevenzione, attuata attraverso campagne specifiche con il supporto di partner come molte Amministrazioni Comunali, Universit\u00e0 per gli Anziani, Auser, APPIA-CNA, la Provincia di Belluno, Dolomitibus e la cooperativa LatteBusche, ha consentito di prevenire numerosi tentativi di truffa, sensibilizzando le potenziali vittime con consigli diffusi proprio dai Carabinieri.<\/p>\n<p>Le Centrali Operative dei Carabinieri hanno ricevuto, in alcune giornate, oltre 60 chiamate al 112 da anziani che segnalavano contatti sospetti da parte di sedicenti (falsi) Carabinieri, avvocati, medici o altri appartenenti alle forze dell\u2019ordine. Durante il 2024 sono stati incontrati oltre 500 anziani della provincia in specifiche conferenze, distribuite pi\u00f9 di 20.000 brochure informative, e avviata la distribuzione di oltre 1 milione di cartoni del latte con messaggi informativi, destinati a raggiungere tutte le province venete.<\/p>\n<p>Sono state inoltre segnalate 1.123 truffe e frodi informatiche, con vittime residenti nella provincia di Belluno, mentre gli autori agivano attraverso il web, spesso operando da Paesi di altri continenti. Nonostante la complessit\u00e0 delle indagini, i Carabinieri sono riusciti a identificare e denunciare 180 soggetti responsabili.<\/p>\n<p><strong>L\u2019IMPEGNO DEI CARABINIERI NEGOZIATORI E DEI CARABINIERI SCIATORI<\/strong><\/p>\n<p><a class=\"dt-pswp-item\" href=\"https:\/\/www.radiopiu.net\/wordpress\/wp-content\/uploads\/2024\/12\/CARABINIERI-9.jpg\" data-dt-img-description=\"\" data-large_image_width=\"1600\" data-large_image_height=\"1066\"><img loading=\"lazy\" decoding=\"async\" class=\" wp-image-425860 alignleft\" src=\"https:\/\/www.radiopiu.net\/wordpress\/wp-content\/uploads\/2024\/12\/CARABINIERI-9-300x200.jpg\" alt=\"\" width=\"230\" height=\"153\" srcset=\"https:\/\/www.radiopiu.net\/wordpress\/wp-content\/uploads\/2024\/12\/CARABINIERI-9-300x200.jpg 300w, https:\/\/www.radiopiu.net\/wordpress\/wp-content\/uploads\/2024\/12\/CARABINIERI-9-1024x682.jpg 1024w, https:\/\/www.radiopiu.net\/wordpress\/wp-content\/uploads\/2024\/12\/CARABINIERI-9-768x512.jpg 768w, https:\/\/www.radiopiu.net\/wordpress\/wp-content\/uploads\/2024\/12\/CARABINIERI-9-1536x1023.jpg 1536w, https:\/\/www.radiopiu.net\/wordpress\/wp-content\/uploads\/2024\/12\/CARABINIERI-9.jpg 1600w\" sizes=\"auto, (max-width: 230px) 100vw, 230px\" \/><\/a>Significativo anche lo sforzo dei militari Negoziatori del Comando Provinciale di Belluno, che sono intervenuti in casi di soggetti in crisi, barricatisi o con intenti suicidi. Il Comando Provinciale, che dispone di due Carabinieri Negoziatori e personale addestrato per supporto, ha coordinato 5 attivit\u00e0 di negoziazione nel 2024, di cui 3 relative a intenti suicidari, fornendo inoltre consulenza per 18 eventi aggiuntivi. Questo personale altamente specializzato, selezionato attraverso un lungo iter, svolge un ruolo cruciale nella gestione di situazioni complesse.<\/p>\n<p>Altrettanto rilevante \u00e8 stato l\u2019impegno dei Carabinieri Sciatori. Nella stagione invernale 2023\/2024, oltre 25 militari sono stati impiegati quotidianamente nei 10 comprensori sciistici presidiati, effettuando 1.008 servizi e 1.040 interventi, alcuni in collaborazione con altri Enti di Soccorso. Sono state elevate 72 contravvenzioni per comportamenti pericolosi, oltre a segnalazioni di sciatori come assuntori di stupefacenti. Il presidio \u00e8 stato garantito anche grazie all\u2019impiego di moderne motoslitte per interventi rapidi in tutti i comprensori.<\/p>\n<p><strong><a class=\"dt-pswp-item\" href=\"https:\/\/www.radiopiu.net\/wordpress\/wp-content\/uploads\/2024\/12\/CARABINIERI-7.jpg\" data-dt-img-description=\"\" data-large_image_width=\"1600\" data-large_image_height=\"1200\"><img loading=\"lazy\" decoding=\"async\" class=\" wp-image-425858 alignleft\" src=\"https:\/\/www.radiopiu.net\/wordpress\/wp-content\/uploads\/2024\/12\/CARABINIERI-7-300x225.jpg\" alt=\"\" width=\"219\" height=\"164\" srcset=\"https:\/\/www.radiopiu.net\/wordpress\/wp-content\/uploads\/2024\/12\/CARABINIERI-7-300x225.jpg 300w, https:\/\/www.radiopiu.net\/wordpress\/wp-content\/uploads\/2024\/12\/CARABINIERI-7-1024x768.jpg 1024w, https:\/\/www.radiopiu.net\/wordpress\/wp-content\/uploads\/2024\/12\/CARABINIERI-7-768x576.jpg 768w, https:\/\/www.radiopiu.net\/wordpress\/wp-content\/uploads\/2024\/12\/CARABINIERI-7-1536x1152.jpg 1536w, https:\/\/www.radiopiu.net\/wordpress\/wp-content\/uploads\/2024\/12\/CARABINIERI-7.jpg 1600w\" sizes=\"auto, (max-width: 219px) 100vw, 219px\" \/><\/a>EDUCAZIONE ALLA LEGALIT\u00c0: CARABINIERI E STUDENTI<\/strong><\/p>\n<p>I Carabinieri hanno dedicato un forte impegno nel 2024 all\u2019educazione alla legalit\u00e0, collaborando con scuole, studenti e insegnanti per promuovere principi di convivenza civile e coscienza sociale. Tra i temi trattati: sicurezza stradale, bullismo, cyberbullismo, violenza sulle donne e contrasto all\u2019uso di droghe. Sono state organizzate 54 conferenze con la partecipazione di oltre 3.000 studenti, oltre a 24 visite presso le Caserme dell\u2019Arma, dove gli studenti hanno incontrato i Carabinieri delle Stazioni e scoperto mezzi e dotazioni, spesso regalando disegni per ricordare la giornata.<\/p>\n<p><strong><a class=\"dt-pswp-item\" href=\"https:\/\/www.radiopiu.net\/wordpress\/wp-content\/uploads\/2024\/12\/CARABINIERI-10.jpg\" data-dt-img-description=\"\" data-large_image_width=\"1600\" data-large_image_height=\"1200\"><img loading=\"lazy\" decoding=\"async\" class=\"wp-image-425861 alignleft\" src=\"https:\/\/www.radiopiu.net\/wordpress\/wp-content\/uploads\/2024\/12\/CARABINIERI-10-300x225.jpg\" alt=\"\" width=\"211\" height=\"158\" srcset=\"https:\/\/www.radiopiu.net\/wordpress\/wp-content\/uploads\/2024\/12\/CARABINIERI-10-300x225.jpg 300w, https:\/\/www.radiopiu.net\/wordpress\/wp-content\/uploads\/2024\/12\/CARABINIERI-10-1024x768.jpg 1024w, https:\/\/www.radiopiu.net\/wordpress\/wp-content\/uploads\/2024\/12\/CARABINIERI-10-768x576.jpg 768w, https:\/\/www.radiopiu.net\/wordpress\/wp-content\/uploads\/2024\/12\/CARABINIERI-10-1536x1152.jpg 1536w, https:\/\/www.radiopiu.net\/wordpress\/wp-content\/uploads\/2024\/12\/CARABINIERI-10.jpg 1600w\" sizes=\"auto, (max-width: 211px) 100vw, 211px\" \/><\/a>I CARABINIERI FORESTALI<\/strong><\/p>\n<p>L\u2019anno \u00e8 stato particolarmente intenso anche per i Reparti dei Carabinieri Forestali, che hanno operato in tutta la provincia di Belluno, caratterizzata dalla presenza di tre diversi Reparti forestali. Le attivit\u00e0 svolte si sono concentrate sulla tutela ambientale, il controllo del territorio e la prevenzione di reati ambientali, contribuendo a preservare l\u2019equilibrio del fragile ecosistema montano.<\/p>\n<p><strong>IL REPARTO CARABINIERI BIODIVERSIT\u00c0 DI BELLUNO<\/strong><br \/>\nCon sede a Belluno, il Reparto \u00e8 preposto alla tutela e alla salvaguardia di dieci Riserve Naturali dello Stato, di cui otto (Monti del Sole, Piani Eterni-Erera-Val Falcina, Monte Pavione, Piazza del Diavolo, Schiara Occidentale, Valle Imperina, Valle Scura, Vette Feltrine) ricadenti nel territorio del Parco Nazionale Dolomiti Bellunesi e due (Vincheto di Celarda e la Riserva Naturale di Monte Faverghera, con al suo interno il Giardino Botanico delle Alpi Orientali, che ospita pi\u00f9 di 800 specie floristiche), fuori dal perimetro dello stesso. La gestione delle riserve ha coinvolto tutte le professionalit\u00e0 del Reparto, con attivit\u00e0 di studio, ricerca e monitoraggio (raccolta, lavorazione e conservazione di sementi di specie vegetali arbustive e arboree, monitoraggi faunistici, reintroduzione di specie e ripristino di habitat degradati), nonch\u00e9 interventi di manutenzione e miglioramento, accompagnati da attivit\u00e0 di divulgazione ambientale ed educazione alla legalit\u00e0.<br \/>\nParticolare attenzione \u00e8 stata dedicata all\u2019attivit\u00e0 di educazione ambientale, che nel corso del 2024 ha coinvolto oltre 11.000 persone. Nell\u2019ambito del progetto nazionale &#8220;Un albero per il futuro&#8221;, il personale del Reparto ha incontrato gli alunni di 152 classi, che hanno avuto l&#8217;opportunit\u00e0 di partecipare alla messa a dimora delle piante, sia nei territori delle loro scuole che nelle riserve o in aree pubbliche. Nel 2023-2024 sono state piantate 181 piante e sono stati consegnati 9 Alberi di Falcone in memoria del giudice ucciso nell\u2019attentato di Capaci. Inoltre, sono state organizzate visite guidate al Vincheto di Celarda e al Giardino Botanico di Monte Faverghera, coinvolgendo oltre 3.500 visitatori. L\u2019attivit\u00e0 di divulgazione ha incluso 20 eventi specifici, tra cui &#8220;La Befana della Biodiversit\u00e0&#8221; \u2013 Reparti Pediatria Feltre e Belluno, conferenze scientifiche e divulgative, e attivit\u00e0 nelle piazze durante eventi tradizionali come il Palio di Feltre.<br \/>\nL\u2019attivit\u00e0 del Reparto \u00e8 stata documentata in due servizi televisivi: &#8220;La Racola&#8221; presso il Giardino Botanico delle Alpi Orientali e &#8220;Linea Verde Sentieri&#8221; al Centro di Selezione Equestre di Salet.<br \/>\nNel 2024, il Reparto ha accolto 5 studenti dell&#8217;Istituto Agrario &#8220;A. Della Lucia&#8221; di Feltre, una studentessa dell&#8217;ISS &#8220;A. Parolini&#8221; di Bassano del Grappa, e ha seguito il tirocinio universitario di una studentessa dell&#8217;Universit\u00e0 di Palermo (Facolt\u00e0 di Agro-ingegneria) e una dell&#8217;Universit\u00e0 di Padova (Facolt\u00e0 di Scienze Naturali).<br \/>\nLa ricerca scientifica e l\u2019accoglienza degli animali sono altre aree fondamentali. Numerose pubblicazioni scientifiche e progetti di ricerca sono stati realizzati dal personale specializzato, con focus su coleotteri (come il bostrico) e lepidotteri, tra cui l\u2019Euphydryas aurinia, per cui si lavora al ripristino dell\u2019habitat e alla reintroduzione nel Vincheto di Celarda. Un traguardo importante \u00e8 la sottoscrizione della Convenzione con i Gruppi Speleologici del Veneto, che aprir\u00e0 nuove attivit\u00e0 di ricerca scientifica sulle forme di vita ipogee.<br \/>\nPresso la Riserva Vincheto di Celarda \u00e8 attivo il Centro Territoriale per l\u2019Accoglienza degli Animali Confiscati, che ospita rapaci e ungulati, e quest\u2019anno \u00e8 stata realizzata una nuova voliera per rapaci. Inoltre, la convenzione con Veneto Acque ha consentito la ristrutturazione delle vasche dell\u2019impianto ittiogenico per l\u2019allevamento della trota marmorata.<br \/>\nIl Reparto gestisce anche il Centro di Selezione Equestre e Reparto a Cavallo di Salet di Sedico, dove nel 2024 sono nati 5 puledri. Qui si svolge l\u2019addestramento dei puledri a partire dai 6 mesi fino ai 3 anni, preparandoli al servizio a cavallo dell&#8217;Arma. Nel 2024, i cavalli hanno partecipato a 12 manifestazioni, tra cui il Vinitaly e il Palio di Feltre. Grazie all\u2019attivit\u00e0 di fienagione, nel 2024 sono stati prodotti circa 2.720 quintali di fieno, garantendo quasi totale autosufficienza nell\u2019alimentazione dei cavalli.<br \/>\nNel Giardino Botanico delle Alpi Orientali sono stati effettuati interventi di miglioramento, inclusa la realizzazione del nuovo INDEX SEMINUM o Banca del Germoplasma, che attualmente conserva i semi di 120 specie floristiche, utilizzabili per progetti di reintroduzione o scambi con altri giardini botanici alpini. Il Reparto ha anche una falegnameria che produce materiali per la manutenzione di strutture nelle riserve, realizzando anche opere artistiche, come la fiamma in legno donata al Comando Provinciale dei Carabinieri di Belluno, ricavata dagli alberi abbattuti dalla tempesta Vaia.<br \/>\nNel 2024, le maestranze del Reparto sono state coinvolte in lavori di sistemazione idraulico-forestale e nella manutenzione della viabilit\u00e0 forestale, garantendo l&#8217;accesso alle riserve in quota e alle strutture come malghe e bivacchi.<\/p>\n<p><strong>I REPARTI SPECIALI CHE HANNO OPERATO NELLA PROVINCIA DI BELLUNO<\/strong><\/p>\n<p>Molte delle attivit\u00e0 poste in essere dall&#8217;Arma dei Carabinieri sono state supportate dai Reparti Specializzati, che, grazie alla loro altissima preparazione tecnica e professionale nell&#8217;ambito delle specifiche competenze, hanno consentito di conseguire importanti risultati preventivi e repressivi.<\/p>\n<p><strong><a class=\"dt-pswp-item\" href=\"https:\/\/www.radiopiu.net\/wordpress\/wp-content\/uploads\/2024\/12\/SCR-20241220-lkay.png\" data-dt-img-description=\"\" data-large_image_width=\"630\" data-large_image_height=\"346\"><img loading=\"lazy\" decoding=\"async\" class=\"size-medium wp-image-425839 alignleft\" src=\"https:\/\/www.radiopiu.net\/wordpress\/wp-content\/uploads\/2024\/12\/SCR-20241220-lkay-300x165.png\" alt=\"\" width=\"300\" height=\"165\" srcset=\"https:\/\/www.radiopiu.net\/wordpress\/wp-content\/uploads\/2024\/12\/SCR-20241220-lkay-300x165.png 300w, https:\/\/www.radiopiu.net\/wordpress\/wp-content\/uploads\/2024\/12\/SCR-20241220-lkay.png 630w\" sizes=\"auto, (max-width: 300px) 100vw, 300px\" \/><\/a>IL NUCLEO CARABINIERI ISPETTORATO DEL LAVORO DI BELLUNO<\/strong><\/p>\n<p>Struttura specializzata con il compito precipuo di tutelare il lavoro in tutte le sue forme, reprimendo gli abusi e contrastando il lavoro irregolare. Nel corso del 2024, il N.I.L. di Belluno ha ispezionato 100 aziende, riscontrando la non conformit\u00e0 di ben 59 ditte per violazioni connesse quasi esclusivamente alla salute e sicurezza nei luoghi di lavoro. Nell&#8217;ambito di questi controlli, \u00e8 stata verificata la posizione lavorativa di 326 persone, tra cui 48 lavoratori extracomunitari e 10 minori. In un solo caso \u00e8 stato individuato un lavoratore in nero (extracomunitario).<\/p>\n<p>Complessivamente, il N.I.L. ha deferito 69 persone alla Procura della Repubblica presso il Tribunale di Belluno (61 le persone denunciate per gravi violazioni sulla sicurezza dei luoghi di lavoro, con conseguente sospensione di 2 attivit\u00e0 imprenditoriali per un importo complessivo di 11.500 euro). Le ammende contestate ammontano a 118.150 euro, mentre le sanzioni amministrative a circa 13.000 euro e il recupero contributivo a circa 2.000 euro.<\/p>\n<p>I controlli hanno interessato i pi\u00f9 diversi settori, con particolare attenzione a quelli dove si verificano pi\u00f9 frequentemente gli infortuni sui luoghi di lavoro, ossia nel settore edile, agricolo, turistico, del commercio alimentare e non, nelle aziende sanitarie, nella ristorazione e nelle falegnamerie.<\/p>\n<p><strong>IL COMANDO CARABINIERI PER LA TUTELA AMBIENTALE E LA SICUREZZA ENERGETICA<\/strong><\/p>\n<p>Specializzato nella tutela dell&#8217;ambiente, ha fornito un contributo fondamentale. Nella Provincia di Belluno, il N.O.E. di Treviso, come organismo qualificato, ha sviluppato complesse e sistemiche manovre investigative. Le priorit\u00e0 perseguite nel triennio 2021-2024 sono state indirizzate, tramite il monitoraggio degli interventi finanziati con il P.N.R.R., a sostenere il processo di transizione ecologica e di sostenibilit\u00e0, favorendo l&#8217;economia circolare e contrastando le strutture criminali pi\u00f9 agguerrite, anche transnazionali.<\/p>\n<p>Per la Provincia di Belluno, anche al fine di contrastare possibili infiltrazioni della criminalit\u00e0 organizzata, particolare attenzione \u00e8 stata rivolta alle &#8220;Grandi Opere&#8221; relative ai cantieri ANAS e alle Olimpiadi e Paraolimpiadi invernali &#8220;Milano-Cortina 2026&#8221;, che continuano ad essere oggetto di monitoraggio.<\/p>\n<p>Nel corso del 2024, nella Provincia di Belluno sono state effettuate 12 verifiche ispettive, identificate 86 persone, 2 denunce e sono state contestate sanzioni per complessivi 3.800 euro.<\/p>\n<p><strong><a class=\"dt-pswp-item\" href=\"https:\/\/www.radiopiu.net\/wordpress\/wp-content\/uploads\/2024\/12\/SCR-20241220-ljwi.png\" data-dt-img-description=\"\" data-large_image_width=\"446\" data-large_image_height=\"440\"><img loading=\"lazy\" decoding=\"async\" class=\"size-medium wp-image-425840 alignleft\" src=\"https:\/\/www.radiopiu.net\/wordpress\/wp-content\/uploads\/2024\/12\/SCR-20241220-ljwi-300x296.png\" alt=\"\" width=\"300\" height=\"296\" srcset=\"https:\/\/www.radiopiu.net\/wordpress\/wp-content\/uploads\/2024\/12\/SCR-20241220-ljwi-300x296.png 300w, https:\/\/www.radiopiu.net\/wordpress\/wp-content\/uploads\/2024\/12\/SCR-20241220-ljwi.png 446w\" sizes=\"auto, (max-width: 300px) 100vw, 300px\" \/><\/a>IL 14\u00b0 NUCLEO ELICOTTERI CARABINIERI DI BELLUNO<\/strong><\/p>\n<p>Con sede operativa presso l\u2019aeroporto di Belluno, svolge attivit\u00e0 di supporto a favore di tutte le articolazioni dell\u2019Arma dei Carabinieri. Copre il territorio di competenza operativa del Veneto (esclusa la Provincia di Verona) e del Friuli Venezia Giulia. Ha garantito una vasta tipologia di interventi, quali supporto aereo durante le attivit\u00e0 di controllo del territorio da parte dell&#8217;Arma Territoriale, il monitoraggio ambientale, paesaggistico e culturale in collaborazione con i reparti specializzati dell\u2019Arma (TPC, NOE e NAS), operazioni di lancio con il paracadute e trasporti di personale dell\u2019organizzazione mobile (Reggimenti, Tuscania e GIS) per attivit\u00e0 addestrative e operative.<\/p>\n<p>L\u2019elicottero in dotazione \u00e8 un AB412EP con nominativo FIAMMA38. Si tratta di un elicottero multiruolo adatto sia al trasporto di persone (fino a 12) che di materiali. L\u2019equipaggio \u00e8 composto da 2 piloti e uno specialista di bordo e svolge attivit\u00e0 volativa sia di giorno che di notte. Ha una velocit\u00e0 massima di 140 nodi (circa 260 km\/h) e pu\u00f2 volare ad una altitudine massima di 20.000 piedi (circa 6.100 metri). Ha un\u2019autonomia che gli consente di percorrere circa 250 miglia (400 km). L\u2019elicottero \u00e8 dotato di un sistema di controllo con video riprese che consente di monitorare obiettivi archeologici o sottoposti a vincolo paesaggistico, discariche abusive, nonch\u00e9 i cantieri attualmente in atto nella zona provinciale. Le missioni di volo sono normalmente programmate e viene, inoltre, garantito un servizio di pronto intervento H24.<\/p>\n<p>Nel 2024 sono state effettuate centinaia di ore di volo a sostegno delle esigenze operative di tutte le articolazioni dell\u2019Arma che hanno operato nella provincia di Belluno.<\/p>\n<p><strong><a class=\"dt-pswp-item\" href=\"https:\/\/www.radiopiu.net\/wordpress\/wp-content\/uploads\/2024\/12\/SCR-20241220-ljrt.png\" data-dt-img-description=\"\" data-large_image_width=\"622\" data-large_image_height=\"372\"><img loading=\"lazy\" decoding=\"async\" class=\"size-medium wp-image-425841 alignright\" src=\"https:\/\/www.radiopiu.net\/wordpress\/wp-content\/uploads\/2024\/12\/SCR-20241220-ljrt-300x179.png\" alt=\"\" width=\"300\" height=\"179\" srcset=\"https:\/\/www.radiopiu.net\/wordpress\/wp-content\/uploads\/2024\/12\/SCR-20241220-ljrt-300x179.png 300w, https:\/\/www.radiopiu.net\/wordpress\/wp-content\/uploads\/2024\/12\/SCR-20241220-ljrt.png 622w\" sizes=\"auto, (max-width: 300px) 100vw, 300px\" \/><\/a>IL NUCLEO CARABINIERI ANTISOFISTICAZIONE E SANIT\u00c0<\/strong><\/p>\n<p>Con sede a Treviso, \u00e8 competente per territorio nella provincia di Belluno. Nell&#8217;ambito dei settori operativi inerenti alla propria specialit\u00e0, nel corso del 2024 ha eseguito 284 verifiche, rilevando 101 non conformit\u00e0, che hanno portato al deferimento di 12 persone in stato di libert\u00e0 all\u2019Autorit\u00e0 Giudiziaria e alla segnalazione di oltre 100 soggetti alle varie Autorit\u00e0 Amministrative.<\/p>\n<p>Molte verifiche eseguite rientravano nelle campagne di controllo mensile disposte dal Comando Carabinieri per la Tutela della salute di Roma, mentre altre sono state svolte su richiesta dell&#8217;Arma Territoriale della Provincia di Belluno e con la collaborazione del Nucleo Carabinieri Tutela del Lavoro e Carabinieri Forestali.<\/p>\n<p>Nel 2024, nell&#8217;ambito dei settori operativi &#8220;Sanit\u00e0&#8221; e &#8220;Farmaci&#8221;, sono stati effettuati 147 controlli in case di riposo per anziani, farmacie territoriali, ospedali e studi odontoiatrici, rilevando 18 non conformit\u00e0. L&#8217;attenta azione di controllo posta in essere dai Carabinieri del NAS nella Provincia di Belluno ha consentito di individuare una casa di riposo per anziani completamente abusiva, nonch\u00e9 un esercente la professione medica da parte di un sedicente dentista.<\/p>\n<p>L&#8217;attivit\u00e0 ispettiva si \u00e8 concentrata anche nel settore &#8220;carni e allevamenti&#8221;, ove \u00e8 stato accertato il maltrattamento di bovini da latte da parte di alcuni allevatori. Anche il settore della ristorazione, comprensivo delle mense scolastiche e aziendali, \u00e8 stato attentamente monitorato. Infatti, sono state eseguite 70 verifiche, constatando 42 non conformit\u00e0 e segnalando altrettante persone alle varie Autorit\u00e0 Amministrative. Tali controlli hanno permesso di sequestrare amministrativamente 616 kg di alimenti vari (privi di tracciabilit\u00e0, congelati arbitrariamente o con la data di scadenza o preferibile consumo trascorsa) per un valore di 16.000 euro.<\/p>\n<p>&nbsp;<\/p>\n<p>&nbsp;<\/p>\n<p>&nbsp;<\/p>\n<p>*********<\/p>\n","protected":false},"excerpt":{"rendered":"<p>****** &nbsp; BELLUNO Si avvicina la fine dell&#8217;anno e anche il comando provinciale dei Carabinieri della provincia di Belluno tira le somme sul 2024 che sta per volgere al termine. Un lungo comunicato con tutti particolari dell&#8217;anno che sta per concludersi. &nbsp; Il 2024 si sta concludendo, ed \u00e8 tempo di bilanci anche per i&hellip;<\/p>\n","protected":false},"author":4,"featured_media":420438,"comment_status":"closed","ping_status":"closed","sticky":false,"template":"","format":"standard","meta":{"_monsterinsights_skip_tracking":false,"_monsterinsights_sitenote_active":false,"_monsterinsights_sitenote_note":"","_monsterinsights_sitenote_category":0,"footnotes":""},"categories":[51,49],"tags":[],"class_list":["post-425837","post","type-post","status-publish","format-standard","has-post-thumbnail","hentry","category-evidenza-top","category-news-18","category-51","category-49","description-off"],"img_url":"https:\/\/www.radiopiu.net\/wordpress\/wp-content\/uploads\/2024\/11\/CARABINIERI-3-1.jpg","_links":{"self":[{"href":"https:\/\/www.radiopiu.net\/wordpress\/wp-json\/wp\/v2\/posts\/425837","targetHints":{"allow":["GET"]}}],"collection":[{"href":"https:\/\/www.radiopiu.net\/wordpress\/wp-json\/wp\/v2\/posts"}],"about":[{"href":"https:\/\/www.radiopiu.net\/wordpress\/wp-json\/wp\/v2\/types\/post"}],"author":[{"embeddable":true,"href":"https:\/\/www.radiopiu.net\/wordpress\/wp-json\/wp\/v2\/users\/4"}],"replies":[{"embeddable":true,"href":"https:\/\/www.radiopiu.net\/wordpress\/wp-json\/wp\/v2\/comments?post=425837"}],"version-history":[{"count":3,"href":"https:\/\/www.radiopiu.net\/wordpress\/wp-json\/wp\/v2\/posts\/425837\/revisions"}],"predecessor-version":[{"id":425867,"href":"https:\/\/www.radiopiu.net\/wordpress\/wp-json\/wp\/v2\/posts\/425837\/revisions\/425867"}],"wp:featuredmedia":[{"embeddable":true,"href":"https:\/\/www.radiopiu.net\/wordpress\/wp-json\/wp\/v2\/media\/420438"}],"wp:attachment":[{"href":"https:\/\/www.radiopiu.net\/wordpress\/wp-json\/wp\/v2\/media?parent=425837"}],"wp:term":[{"taxonomy":"category","embeddable":true,"href":"https:\/\/www.radiopiu.net\/wordpress\/wp-json\/wp\/v2\/categories?post=425837"},{"taxonomy":"post_tag","embeddable":true,"href":"https:\/\/www.radiopiu.net\/wordpress\/wp-json\/wp\/v2\/tags?post=425837"}],"curies":[{"name":"wp","href":"https:\/\/api.w.org\/{rel}","templated":true}]}}