{"id":425961,"date":"2024-12-24T05:55:04","date_gmt":"2024-12-24T04:55:04","guid":{"rendered":"https:\/\/www.radiopiu.net\/wordpress\/?p=425961"},"modified":"2024-12-25T08:25:15","modified_gmt":"2024-12-25T07:25:15","slug":"minou-di-natale-persa-ad-agosto-ritrovata-a-natale","status":"publish","type":"post","link":"https:\/\/www.radiopiu.net\/wordpress\/minou-di-natale-persa-ad-agosto-ritrovata-a-natale\/","title":{"rendered":"Minou di Natale, persa ad agosto ritrovata a Natale."},"content":{"rendered":"<p>&nbsp;<\/p>\n<p>&nbsp;<\/p>\n<p><strong>di\u00a0 ILIANA COMINA<\/strong><\/p>\n<p>&nbsp;<\/p>\n<p><a class=\"dt-pswp-item\" href=\"https:\/\/www.radiopiu.net\/wordpress\/wp-content\/uploads\/2024\/12\/WhatsApp-Image-2024-12-19-at-08.49.41.jpeg\" data-dt-img-description=\"\" data-large_image_width=\"903\" data-large_image_height=\"1053\"><img loading=\"lazy\" decoding=\"async\" class=\"size-medium wp-image-425963 alignleft\" src=\"https:\/\/www.radiopiu.net\/wordpress\/wp-content\/uploads\/2024\/12\/WhatsApp-Image-2024-12-19-at-08.49.41-257x300.jpeg\" alt=\"\" width=\"257\" height=\"300\" srcset=\"https:\/\/www.radiopiu.net\/wordpress\/wp-content\/uploads\/2024\/12\/WhatsApp-Image-2024-12-19-at-08.49.41-257x300.jpeg 257w, https:\/\/www.radiopiu.net\/wordpress\/wp-content\/uploads\/2024\/12\/WhatsApp-Image-2024-12-19-at-08.49.41-878x1024.jpeg 878w, https:\/\/www.radiopiu.net\/wordpress\/wp-content\/uploads\/2024\/12\/WhatsApp-Image-2024-12-19-at-08.49.41-768x896.jpeg 768w, https:\/\/www.radiopiu.net\/wordpress\/wp-content\/uploads\/2024\/12\/WhatsApp-Image-2024-12-19-at-08.49.41.jpeg 903w\" sizes=\"auto, (max-width: 257px) 100vw, 257px\" \/><\/a>Questa estate le volontarie di Randagi Agordini sono state contattate da un signore che segnalava una gatta dall&#8217;apparenza domestica in una zona di Gosaldo piuttosto isolata, le volontarie sono intervenute e si \u00e8 pensato ad un abbandono anche perch\u00e8 in quella zona purtroppo sono frequenti i ritrovamenti di animali abbandonati da persone incivili.<br \/>\nLa gatta presentava qualche problema di salute, \u00e8 subito stata accudita e le veterinarie di Agordo le hanno prestato le prime cure.<br \/>\nSu Radio Pi\u00f9 era stato fatto appello per il ritrovamento <a href=\"https:\/\/www.radiopiu.net\/wordpress\/gosaldo-persa-o-abbandonata\/\">(qui l&#8217;articolo)<\/a> ma nessuno si \u00e8 fatto vivo.<\/p>\n<p>Ma proprio in questi giorni la proprietaria ha contattato le volontarie riconoscendo la gatta che aveva perduto e questa \u00e8 la sua storia:<\/p>\n<p><em>La gattina era stata trovata in Abruzzo in pessime condizioni la bocca era gi\u00e0 malmessa era gravida ma i gattini erano morti ancor prima di nascere.<\/em><br \/>\n<em>Hanno trovato un stallo a Roma , io cercavo una gatta su Firenze ma mi hanno contattata le volontarie di Roma gli ho chiesto di darmi la pi\u00f9 malmessa ed \u00e8 arrivata la Minou era una gattina impaurita e diffidente si \u00e8 rifugiata nel mio letto i primi giorni per farla mangiare e fare i bisogni la prendevo in braccio e la portavo io piano piano esplorava altre stanze ma ci ha messo quasi tre mesi per entrare in tutte .<\/em><br \/>\n<em>Si \u00e8 ripresa, il pelo da crespo \u00e8 tornato bello morbido (so che \u00e8 indicativo per la salute dei gatti).<\/em><br \/>\n<em>Quest&#8217;anno ho provato a portarla con me a Gosaldo in fraz.Masoch dove mia suocera ha la sua casa (dove \u00e8 nata) in data primo agosto come siamo arrivati a casa e aperto il trasportino \u00e8 scappata abbiamo provato a riprenderla ma senza successo.<\/em><br \/>\n<em><a class=\"dt-pswp-item\" href=\"https:\/\/www.radiopiu.net\/wordpress\/wp-content\/uploads\/2024\/12\/WhatsApp-Image-2024-12-19-at-08.49.41-1.jpeg\" data-dt-img-description=\"\" data-large_image_width=\"1037\" data-large_image_height=\"1440\"><img loading=\"lazy\" decoding=\"async\" class=\"size-medium wp-image-425964 alignleft\" src=\"https:\/\/www.radiopiu.net\/wordpress\/wp-content\/uploads\/2024\/12\/WhatsApp-Image-2024-12-19-at-08.49.41-1-216x300.jpeg\" alt=\"\" width=\"216\" height=\"300\" srcset=\"https:\/\/www.radiopiu.net\/wordpress\/wp-content\/uploads\/2024\/12\/WhatsApp-Image-2024-12-19-at-08.49.41-1-216x300.jpeg 216w, https:\/\/www.radiopiu.net\/wordpress\/wp-content\/uploads\/2024\/12\/WhatsApp-Image-2024-12-19-at-08.49.41-1-737x1024.jpeg 737w, https:\/\/www.radiopiu.net\/wordpress\/wp-content\/uploads\/2024\/12\/WhatsApp-Image-2024-12-19-at-08.49.41-1-768x1066.jpeg 768w, https:\/\/www.radiopiu.net\/wordpress\/wp-content\/uploads\/2024\/12\/WhatsApp-Image-2024-12-19-at-08.49.41-1.jpeg 1037w\" sizes=\"auto, (max-width: 216px) 100vw, 216px\" \/><\/a>Nei giorni a seguire mio figlio ha cercato fino a valle ma niente.<\/em><br \/>\n<em>Seguivamo facebook per vedere se era stata trovata ma niente .<\/em><br \/>\n<em>Quando poi siamo dovuti rientrare a Firenze.<\/em><br \/>\n<em>Io non mi davo pace e ogni sera guardavo su vari siti includendo anche il trentino ma niente fino alla sera di lunedi dove ho provato a digitare gosaldo gatti ed \u00e8 apparsa la Minou che ho riconosciuto immediatamente il resto lo conoscete.<br \/>\n(l&#8217;articolo era quello segnalato sopra)<\/em><\/p>\n<p>Ed ecco che a volte le favole di Natale diventano realt\u00e0.<br \/>\nMinou \u00e8 ritornata dalla sua famiglia anche se lascia un vuoto nella casa della volontaria che l&#8217;ha accudita fino ad ora con amore.<\/p>\n<p>Questa storia \u00e8 finita bene, ma molti sono gli animali persi ogni giorno, senza voler fare nessuna polemica consigliamo di non spostare i gatti durante le vacanze a meno che non siano davvero abituati a viaggiare e che le case di destinazione siano sicure e la sorveglianza efficace. Piuttosto trovate una persona di fiducia che passi a controllare il micio e a nutrirlo una o due volte al giorno, i gatti riescono a sopportare senza troppe difficolt\u00e0 qualche giorno in casa da soli se ben accuditi.<br \/>\nCi troviamo spesso ad intervenire per piazzare gabbie cattura in luoghi in cui sono scappati i gatti. Questi animali faticano ad adattarsi a nuovi ambienti e il loro istinto di fuga li porta a cercare di uscire, una volta all&#8217;esterno la paura li immobilizza in genere in luoghi non lontani da casa. Rimangono nascosti anche per giorni senza cibo ne acqua la paura ha il sopravvento finch\u00e8 spinti dalla fame cominciano a vagare, di solito di notte. A quel punto spesso i proprietari devono ripartire e gli animali diventano randagi. Un gatto domestico si adatta molto male alla vita da randagio perch\u00e8 non \u00e8 abituato a cercare e cacciare il cibo, non sa come e dove trovare acqua ed \u00e8 estraneo alle colonie feline da cui viene il pi\u00f9 delle volte attaccato e non accolto.<br \/>\nCustodite i vostri animali con tutte le accortezze del caso e soprattutto durante le vacanze e a Capodanno proteggeteli dai botti che li terrorizzano e li spingono a fuggire.<\/p>\n","protected":false},"excerpt":{"rendered":"<p>&nbsp; &nbsp; di\u00a0 ILIANA COMINA &nbsp; Questa estate le volontarie di Randagi Agordini sono state contattate da un signore che segnalava una gatta dall&#8217;apparenza domestica in una zona di Gosaldo piuttosto isolata, le volontarie sono intervenute e si \u00e8 pensato ad un abbandono anche perch\u00e8 in quella zona purtroppo sono frequenti i ritrovamenti di animali&hellip;<\/p>\n","protected":false},"author":2,"featured_media":425962,"comment_status":"closed","ping_status":"closed","sticky":false,"template":"","format":"standard","meta":{"_monsterinsights_skip_tracking":false,"_monsterinsights_sitenote_active":false,"_monsterinsights_sitenote_note":"","_monsterinsights_sitenote_category":0,"footnotes":""},"categories":[104,49],"tags":[],"class_list":["post-425961","post","type-post","status-publish","format-standard","has-post-thumbnail","hentry","category-evidenza_3","category-news-18","category-104","category-49","description-off"],"img_url":"https:\/\/www.radiopiu.net\/wordpress\/wp-content\/uploads\/2024\/12\/WhatsApp-Image-2024-12-19-at-08.49.40.jpeg","_links":{"self":[{"href":"https:\/\/www.radiopiu.net\/wordpress\/wp-json\/wp\/v2\/posts\/425961","targetHints":{"allow":["GET"]}}],"collection":[{"href":"https:\/\/www.radiopiu.net\/wordpress\/wp-json\/wp\/v2\/posts"}],"about":[{"href":"https:\/\/www.radiopiu.net\/wordpress\/wp-json\/wp\/v2\/types\/post"}],"author":[{"embeddable":true,"href":"https:\/\/www.radiopiu.net\/wordpress\/wp-json\/wp\/v2\/users\/2"}],"replies":[{"embeddable":true,"href":"https:\/\/www.radiopiu.net\/wordpress\/wp-json\/wp\/v2\/comments?post=425961"}],"version-history":[{"count":2,"href":"https:\/\/www.radiopiu.net\/wordpress\/wp-json\/wp\/v2\/posts\/425961\/revisions"}],"predecessor-version":[{"id":426330,"href":"https:\/\/www.radiopiu.net\/wordpress\/wp-json\/wp\/v2\/posts\/425961\/revisions\/426330"}],"wp:featuredmedia":[{"embeddable":true,"href":"https:\/\/www.radiopiu.net\/wordpress\/wp-json\/wp\/v2\/media\/425962"}],"wp:attachment":[{"href":"https:\/\/www.radiopiu.net\/wordpress\/wp-json\/wp\/v2\/media?parent=425961"}],"wp:term":[{"taxonomy":"category","embeddable":true,"href":"https:\/\/www.radiopiu.net\/wordpress\/wp-json\/wp\/v2\/categories?post=425961"},{"taxonomy":"post_tag","embeddable":true,"href":"https:\/\/www.radiopiu.net\/wordpress\/wp-json\/wp\/v2\/tags?post=425961"}],"curies":[{"name":"wp","href":"https:\/\/api.w.org\/{rel}","templated":true}]}}