{"id":426086,"date":"2024-12-21T05:13:39","date_gmt":"2024-12-21T04:13:39","guid":{"rendered":"https:\/\/www.radiopiu.net\/wordpress\/?p=426086"},"modified":"2024-12-23T10:07:12","modified_gmt":"2024-12-23T09:07:12","slug":"natale-a-frassene-magia-e-novita-per-grandi-e-piccini","status":"publish","type":"post","link":"https:\/\/www.radiopiu.net\/wordpress\/natale-a-frassene-magia-e-novita-per-grandi-e-piccini\/","title":{"rendered":"NATALE A FRASSENE&#8217;. MAGIA E NOVITA&#8217; PER GRANDI E PICCINI"},"content":{"rendered":"<p>*******<\/p>\n<p>&nbsp;<\/p>\n<p><strong>REDAZIONE <\/strong>Il Gruppo Sportivo Frassen\u00e8 porta una ventata di novit\u00e0 nella tradizionale manifestazione della vigilia di Natale. Quest\u2019anno, i bambini potranno inviare le loro letterine al Polo Nord grazie alla nuova <em>cassetta delle lettere a spedizione istantanea<\/em>. Per rendere la serata ancora pi\u00f9 speciale, un grande trono sar\u00e0 pronto ad accogliere Babbo Natale, che arriver\u00e0 il 24 dicembre per regalare sorrisi e scattare foto con i pi\u00f9 piccoli. A completare l\u2019atmosfera festosa, i partecipanti potranno riscaldarsi con un bicchiere di brul\u00e8 e gustare deliziosi arrosticini. Un\u2019occasione imperdibile per vivere la magia del Natale a Frassen\u00e8<\/p>\n\n\t\t\t<style type='text\/css'>\n\t\t\t\t#gallery-1 {\n\t\t\t\t\tmargin: auto;\n\t\t\t\t}\n\t\t\t\t#gallery-1 .gallery-item {\n\t\t\t\t\tfloat: left;\n\t\t\t\t\tmargin-top: 10px;\n\t\t\t\t\ttext-align: center;\n\t\t\t\t\twidth: 33%;\n\t\t\t\t}\n\t\t\t\t#gallery-1 img {\n\t\t\t\t\tborder: 2px solid #cfcfcf;\n\t\t\t\t}\n\t\t\t\t#gallery-1 .gallery-caption {\n\t\t\t\t\tmargin-left: 0;\n\t\t\t\t}\n\t\t\t\t\/* see gallery_shortcode() in wp-includes\/media.php *\/\n\t\t\t<\/style>\n\t\t<div id='gallery-1' class='dt-gallery-container gallery galleryid-426086 gallery-columns-3 gallery-size-medium'><dl class='gallery-item'>\n\t\t\t\t<dt class='gallery-icon portrait'>\n\t\t\t\t\t<a class=\"rollover rollover-zoom dt-pswp-item\" title=\"4ddc38de-6959-4e4c-b439-241b7631952d\" data-dt-img-description=\"\" data-large_image_width=\"1920\" data-large_image_height=\"2560\"href='https:\/\/www.radiopiu.net\/wordpress\/wp-content\/uploads\/2024\/12\/4ddc38de-6959-4e4c-b439-241b7631952d-scaled.jpg'><img loading=\"lazy\" decoding=\"async\" width=\"225\" height=\"300\" src=\"https:\/\/www.radiopiu.net\/wordpress\/wp-content\/uploads\/2024\/12\/4ddc38de-6959-4e4c-b439-241b7631952d-225x300.jpg\" class=\"attachment-medium size-medium\" alt=\"\" srcset=\"https:\/\/www.radiopiu.net\/wordpress\/wp-content\/uploads\/2024\/12\/4ddc38de-6959-4e4c-b439-241b7631952d-225x300.jpg 225w, https:\/\/www.radiopiu.net\/wordpress\/wp-content\/uploads\/2024\/12\/4ddc38de-6959-4e4c-b439-241b7631952d-768x1024.jpg 768w, https:\/\/www.radiopiu.net\/wordpress\/wp-content\/uploads\/2024\/12\/4ddc38de-6959-4e4c-b439-241b7631952d-1152x1536.jpg 1152w, https:\/\/www.radiopiu.net\/wordpress\/wp-content\/uploads\/2024\/12\/4ddc38de-6959-4e4c-b439-241b7631952d-1536x2048.jpg 1536w, https:\/\/www.radiopiu.net\/wordpress\/wp-content\/uploads\/2024\/12\/4ddc38de-6959-4e4c-b439-241b7631952d-scaled.jpg 1920w\" sizes=\"auto, (max-width: 225px) 100vw, 225px\" \/><\/a>\n\t\t\t\t<\/dt><\/dl><dl class='gallery-item'>\n\t\t\t\t<dt class='gallery-icon portrait'>\n\t\t\t\t\t<a class=\"rollover rollover-zoom dt-pswp-item\" title=\"9f35a5c0-c1f0-4b6f-b8e2-a241e2d7d989\" data-dt-img-description=\"\" data-large_image_width=\"1920\" data-large_image_height=\"2560\"href='https:\/\/www.radiopiu.net\/wordpress\/wp-content\/uploads\/2024\/12\/9f35a5c0-c1f0-4b6f-b8e2-a241e2d7d989-scaled.jpg'><img loading=\"lazy\" decoding=\"async\" width=\"225\" height=\"300\" src=\"https:\/\/www.radiopiu.net\/wordpress\/wp-content\/uploads\/2024\/12\/9f35a5c0-c1f0-4b6f-b8e2-a241e2d7d989-225x300.jpg\" class=\"attachment-medium size-medium\" alt=\"\" srcset=\"https:\/\/www.radiopiu.net\/wordpress\/wp-content\/uploads\/2024\/12\/9f35a5c0-c1f0-4b6f-b8e2-a241e2d7d989-225x300.jpg 225w, https:\/\/www.radiopiu.net\/wordpress\/wp-content\/uploads\/2024\/12\/9f35a5c0-c1f0-4b6f-b8e2-a241e2d7d989-768x1024.jpg 768w, https:\/\/www.radiopiu.net\/wordpress\/wp-content\/uploads\/2024\/12\/9f35a5c0-c1f0-4b6f-b8e2-a241e2d7d989-1152x1536.jpg 1152w, https:\/\/www.radiopiu.net\/wordpress\/wp-content\/uploads\/2024\/12\/9f35a5c0-c1f0-4b6f-b8e2-a241e2d7d989-1536x2048.jpg 1536w, https:\/\/www.radiopiu.net\/wordpress\/wp-content\/uploads\/2024\/12\/9f35a5c0-c1f0-4b6f-b8e2-a241e2d7d989-scaled.jpg 1920w\" sizes=\"auto, (max-width: 225px) 100vw, 225px\" \/><\/a>\n\t\t\t\t<\/dt><\/dl><dl class='gallery-item'>\n\t\t\t\t<dt class='gallery-icon landscape'>\n\t\t\t\t\t<a class=\"rollover rollover-zoom dt-pswp-item\" title=\"d01405cf-9d5a-4d77-9162-f0ac29070be3\" data-dt-img-description=\"\" data-large_image_width=\"2560\" data-large_image_height=\"1920\"href='https:\/\/www.radiopiu.net\/wordpress\/wp-content\/uploads\/2024\/12\/d01405cf-9d5a-4d77-9162-f0ac29070be3-scaled.jpg'><img loading=\"lazy\" decoding=\"async\" width=\"300\" height=\"225\" src=\"https:\/\/www.radiopiu.net\/wordpress\/wp-content\/uploads\/2024\/12\/d01405cf-9d5a-4d77-9162-f0ac29070be3-300x225.jpg\" class=\"attachment-medium size-medium\" alt=\"\" srcset=\"https:\/\/www.radiopiu.net\/wordpress\/wp-content\/uploads\/2024\/12\/d01405cf-9d5a-4d77-9162-f0ac29070be3-300x225.jpg 300w, https:\/\/www.radiopiu.net\/wordpress\/wp-content\/uploads\/2024\/12\/d01405cf-9d5a-4d77-9162-f0ac29070be3-1024x768.jpg 1024w, https:\/\/www.radiopiu.net\/wordpress\/wp-content\/uploads\/2024\/12\/d01405cf-9d5a-4d77-9162-f0ac29070be3-768x576.jpg 768w, https:\/\/www.radiopiu.net\/wordpress\/wp-content\/uploads\/2024\/12\/d01405cf-9d5a-4d77-9162-f0ac29070be3-1536x1152.jpg 1536w, https:\/\/www.radiopiu.net\/wordpress\/wp-content\/uploads\/2024\/12\/d01405cf-9d5a-4d77-9162-f0ac29070be3-2048x1536.jpg 2048w\" sizes=\"auto, (max-width: 300px) 100vw, 300px\" \/><\/a>\n\t\t\t\t<\/dt><\/dl><br style=\"clear: both\" \/>\n\t\t\t<\/div>\n\n","protected":false},"excerpt":{"rendered":"<p>******* &nbsp; REDAZIONE Il Gruppo Sportivo Frassen\u00e8 porta una ventata di novit\u00e0 nella tradizionale manifestazione della vigilia di Natale. Quest\u2019anno, i bambini potranno inviare le loro letterine al Polo Nord grazie alla nuova cassetta delle lettere a spedizione istantanea. Per rendere la serata ancora pi\u00f9 speciale, un grande trono sar\u00e0 pronto ad accogliere Babbo Natale,&hellip;<\/p>\n","protected":false},"author":4,"featured_media":426090,"comment_status":"closed","ping_status":"closed","sticky":false,"template":"","format":"standard","meta":{"_monsterinsights_skip_tracking":false,"_monsterinsights_sitenote_active":false,"_monsterinsights_sitenote_note":"","_monsterinsights_sitenote_category":0,"footnotes":""},"categories":[51,49],"tags":[],"class_list":["post-426086","post","type-post","status-publish","format-standard","has-post-thumbnail","hentry","category-evidenza-top","category-news-18","category-51","category-49","description-off"],"img_url":"https:\/\/www.radiopiu.net\/wordpress\/wp-content\/uploads\/2024\/12\/8d25310d-d0bb-48ef-8a9f-7390a5f1085f.jpg","_links":{"self":[{"href":"https:\/\/www.radiopiu.net\/wordpress\/wp-json\/wp\/v2\/posts\/426086","targetHints":{"allow":["GET"]}}],"collection":[{"href":"https:\/\/www.radiopiu.net\/wordpress\/wp-json\/wp\/v2\/posts"}],"about":[{"href":"https:\/\/www.radiopiu.net\/wordpress\/wp-json\/wp\/v2\/types\/post"}],"author":[{"embeddable":true,"href":"https:\/\/www.radiopiu.net\/wordpress\/wp-json\/wp\/v2\/users\/4"}],"replies":[{"embeddable":true,"href":"https:\/\/www.radiopiu.net\/wordpress\/wp-json\/wp\/v2\/comments?post=426086"}],"version-history":[{"count":2,"href":"https:\/\/www.radiopiu.net\/wordpress\/wp-json\/wp\/v2\/posts\/426086\/revisions"}],"predecessor-version":[{"id":426103,"href":"https:\/\/www.radiopiu.net\/wordpress\/wp-json\/wp\/v2\/posts\/426086\/revisions\/426103"}],"wp:featuredmedia":[{"embeddable":true,"href":"https:\/\/www.radiopiu.net\/wordpress\/wp-json\/wp\/v2\/media\/426090"}],"wp:attachment":[{"href":"https:\/\/www.radiopiu.net\/wordpress\/wp-json\/wp\/v2\/media?parent=426086"}],"wp:term":[{"taxonomy":"category","embeddable":true,"href":"https:\/\/www.radiopiu.net\/wordpress\/wp-json\/wp\/v2\/categories?post=426086"},{"taxonomy":"post_tag","embeddable":true,"href":"https:\/\/www.radiopiu.net\/wordpress\/wp-json\/wp\/v2\/tags?post=426086"}],"curies":[{"name":"wp","href":"https:\/\/api.w.org\/{rel}","templated":true}]}}