{"id":426129,"date":"2024-12-23T13:30:21","date_gmt":"2024-12-23T12:30:21","guid":{"rendered":"https:\/\/www.radiopiu.net\/wordpress\/?p=426129"},"modified":"2024-12-22T11:59:12","modified_gmt":"2024-12-22T10:59:12","slug":"i-racconti-di-paolo-soppelsa-puntata-255","status":"publish","type":"post","link":"https:\/\/www.radiopiu.net\/wordpress\/i-racconti-di-paolo-soppelsa-puntata-255\/","title":{"rendered":"I RACCONTI DI PAOLO SOPPELSA &#8211; PUNTATA 255"},"content":{"rendered":"<p>******<\/p>\n<p>&nbsp;<\/p>\n<p><strong>LUNA D&#8217;INVERNO<\/strong><\/p>\n<p><strong>AUDIO<\/strong><\/p>\n<audio class=\"wp-audio-shortcode\" id=\"audio-426129-1\" preload=\"none\" style=\"width: 100%;\" controls=\"controls\"><source type=\"audio\/mpeg\" src=\"https:\/\/www.radiopiu.net\/wordpress\/wp-content\/uploads\/2024\/12\/PAOLOS-3.mp3?_=1\" \/><a href=\"https:\/\/www.radiopiu.net\/wordpress\/wp-content\/uploads\/2024\/12\/PAOLOS-3.mp3\">https:\/\/www.radiopiu.net\/wordpress\/wp-content\/uploads\/2024\/12\/PAOLOS-3.mp3<\/a><\/audio>\n<p>&nbsp;<\/p>\n<p><a class=\"dt-pswp-item\" href=\"https:\/\/www.radiopiu.net\/wordpress\/wp-content\/uploads\/2024\/12\/SCR-20241222-ktvc.png\" data-dt-img-description=\"\" data-large_image_width=\"844\" data-large_image_height=\"526\"><img loading=\"lazy\" decoding=\"async\" class=\" wp-image-426130 alignleft\" src=\"https:\/\/www.radiopiu.net\/wordpress\/wp-content\/uploads\/2024\/12\/SCR-20241222-ktvc-300x187.png\" alt=\"\" width=\"237\" height=\"148\" srcset=\"https:\/\/www.radiopiu.net\/wordpress\/wp-content\/uploads\/2024\/12\/SCR-20241222-ktvc-300x187.png 300w, https:\/\/www.radiopiu.net\/wordpress\/wp-content\/uploads\/2024\/12\/SCR-20241222-ktvc-768x479.png 768w, https:\/\/www.radiopiu.net\/wordpress\/wp-content\/uploads\/2024\/12\/SCR-20241222-ktvc.png 844w\" sizes=\"auto, (max-width: 237px) 100vw, 237px\" \/><\/a>In quel cielo notturno freddo e puro d&#8217;inizio dicembre, le stelle si sentivano orfane senza la compagnia della Luna. Anche le montagne imbiancate di fresco sentivano forte la mancanza di quel chiarore affascinante e misterioso che ne rischiara le cime. Pure a me mancava la sua presenza in quel cielo d&#8217;inverno. A Cencenighe, al calare della sera di Sant&#8217;Andrea, l&#8217;avevo cercata lass\u00f9 in alto fra le vette che circondano il paese, ma lei non c&#8217;era. Alle venti, all\u2019ora consueta del mio partire in direzione sud, non si scorgevano i profili delle montagne. Esse si confondevano con il nero di quel cielo di fine novembre punteggiato di stelle. Qualche sera pi\u00f9 tardi, quando mi trovai nuovamente ai piedi del Pelsa, alzai ancora gli occhi e la vidi nascente lass\u00f9, poco pi\u00f9 in alto della sommit\u00e0 del monte San Lucano. Un giovane e incerto spicchio luminoso, simile a quello che pap\u00e0, tanti anni prima, mi aveva insegnato a disegnare utilizzando una moneta. Sarebbe cresciuta in fretta, pensavo mentre osservavo quella Luna nuova d&#8217;inverno, e infatti durante il fine settimana successivo la sua presenza nel cielo si fece decisamente pi\u00f9 notare. Una mezzaluna perfetta che passeggiava in quel cielo sempre pi\u00f9 freddo spostandosi da una parte all&#8217;altra della valle durante le notti pi\u00f9 lunghe dell&#8217;anno. Poi arriv\u00f2 la met\u00e0 esatta di dicembre, e a quel tempo di quasi Natale, quella Luna che appena due settimane prima era apparsa timidamente, ora si sarebbe presentata come la regina della notte. Dopo lo scendere precoce della sera, lei si sarebbe fatta attendere come una diva. Furono i potenti rintocchi della campana grande che suonava l&#8217;Ave Maria ad annunciare la sua comparsa in quel cielo limpido e freddo. L&#8217;avevo attesa con pazienza, ammirando nel frattempo quel chiarore lieve che illuminava la grande insenatura compresa fra il Mont\u2019Alt e il Campanile di Pelsa. Era questione di minuti e poi sarebbe apparsa proprio lass\u00f9 dove ha termine il ripido Troi dei Sech. Tante volte l&#8217;avevo vista spuntare sopra la cima della grande montagna, e in ogni occasione ero rimasto ad ammirarla a lungo, seguendo il suo muoversi nel cielo. Ricordai quella Luna rossa di luglio che attesi fino a notte inoltrata seduto al tavolo che guarda la valle. E poi un&#8217;altra Luna d&#8217;inizio autunno che mi accompagn\u00f2 durante una lunga notte trascorsa ad ascoltare i potenti bramiti dei cervi. In una tiepida sera d&#8217;aprile, la vidi spuntare sopra la sommit\u00e0 della Palazza per poi posizionarsi al centro della grande V formata dai fianchi delle Pale e del Pelsa mentre il bereghel cantava nel buio e il Cordevole mormorava inquieto, carico d&#8217;acqua di disgelo. Ora toccava all&#8217;ennesima Luna d\u2019inverno, uguale a tante che avevo ammirato durante certe sere di gelo che ghiacciava gli uomini e l&#8217;acqua delle fontane. Pochi minuti pi\u00f9 tardi quel chiarore lass\u00f9 in alto si fece pi\u00f9 vivo e improvvisamente la si vide spuntare dietro un pinnacolo di roccia. Scavalc\u00f2 velocemente le rocce sommitali del Pelsa divenendo la regina di quel freddo cielo di quasi Natale. Ora si vedevano nitidamente le montagne, e pure i boschi e le sagome delle case a mezza costa. La notte era divenuta meno notte mentre lei iniziava la sua lenta passeggiata notturna in quello spazio di cielo sopra Cencenighe. Mi fermai ad ammirarla ancora una volta poco prima di fare rotta verso sud; al mio ritorno avrei trovato una mezzaluna invecchiata e stanca, pronta a salutare ancora una volta gli uomini e la valle. Sarebbe ritornata nel pieno del suo splendore un mese dopo, al tempo dei grandi silenzi di met\u00e0 gennaio, al tempo del profondo inverno.<\/p>\n<p>&nbsp;<\/p>\n<p>&nbsp;<\/p>\n<p>&nbsp;<\/p>\n<p>********<\/p>\n","protected":false},"excerpt":{"rendered":"<p>****** &nbsp; LUNA D&#8217;INVERNO AUDIO &nbsp; In quel cielo notturno freddo e puro d&#8217;inizio dicembre, le stelle si sentivano orfane senza la compagnia della Luna. Anche le montagne imbiancate di fresco sentivano forte la mancanza di quel chiarore affascinante e misterioso che ne rischiara le cime. Pure a me mancava la sua presenza in quel&hellip;<\/p>\n","protected":false},"author":4,"featured_media":426130,"comment_status":"closed","ping_status":"closed","sticky":false,"template":"","format":"standard","meta":{"_monsterinsights_skip_tracking":false,"_monsterinsights_sitenote_active":false,"_monsterinsights_sitenote_note":"","_monsterinsights_sitenote_category":0,"footnotes":""},"categories":[49,112],"tags":[],"class_list":["post-426129","post","type-post","status-publish","format-standard","has-post-thumbnail","hentry","category-news-18","category-racconti-soppelsa","category-49","category-112","description-off"],"img_url":"https:\/\/www.radiopiu.net\/wordpress\/wp-content\/uploads\/2024\/12\/SCR-20241222-ktvc.png","_links":{"self":[{"href":"https:\/\/www.radiopiu.net\/wordpress\/wp-json\/wp\/v2\/posts\/426129","targetHints":{"allow":["GET"]}}],"collection":[{"href":"https:\/\/www.radiopiu.net\/wordpress\/wp-json\/wp\/v2\/posts"}],"about":[{"href":"https:\/\/www.radiopiu.net\/wordpress\/wp-json\/wp\/v2\/types\/post"}],"author":[{"embeddable":true,"href":"https:\/\/www.radiopiu.net\/wordpress\/wp-json\/wp\/v2\/users\/4"}],"replies":[{"embeddable":true,"href":"https:\/\/www.radiopiu.net\/wordpress\/wp-json\/wp\/v2\/comments?post=426129"}],"version-history":[{"count":1,"href":"https:\/\/www.radiopiu.net\/wordpress\/wp-json\/wp\/v2\/posts\/426129\/revisions"}],"predecessor-version":[{"id":426132,"href":"https:\/\/www.radiopiu.net\/wordpress\/wp-json\/wp\/v2\/posts\/426129\/revisions\/426132"}],"wp:featuredmedia":[{"embeddable":true,"href":"https:\/\/www.radiopiu.net\/wordpress\/wp-json\/wp\/v2\/media\/426130"}],"wp:attachment":[{"href":"https:\/\/www.radiopiu.net\/wordpress\/wp-json\/wp\/v2\/media?parent=426129"}],"wp:term":[{"taxonomy":"category","embeddable":true,"href":"https:\/\/www.radiopiu.net\/wordpress\/wp-json\/wp\/v2\/categories?post=426129"},{"taxonomy":"post_tag","embeddable":true,"href":"https:\/\/www.radiopiu.net\/wordpress\/wp-json\/wp\/v2\/tags?post=426129"}],"curies":[{"name":"wp","href":"https:\/\/api.w.org\/{rel}","templated":true}]}}