{"id":426188,"date":"2024-12-23T05:21:27","date_gmt":"2024-12-23T04:21:27","guid":{"rendered":"https:\/\/www.radiopiu.net\/wordpress\/?p=426188"},"modified":"2024-12-23T05:26:45","modified_gmt":"2024-12-23T04:26:45","slug":"turista-olandese-di-57-anni-rientra-dalla-giornata-sugli-sci-e-muore-tra-le-braccia-della-moglie","status":"publish","type":"post","link":"https:\/\/www.radiopiu.net\/wordpress\/turista-olandese-di-57-anni-rientra-dalla-giornata-sugli-sci-e-muore-tra-le-braccia-della-moglie\/","title":{"rendered":"TURISTA OLANDESE DI 57 ANNI, RIENTRA DALLA GIORNATA SUGLI SCI E MUORE TRA LE BRACCIA DELLA MOGLIE"},"content":{"rendered":"<p>****<\/p>\n<blockquote>\n<h3 class=\"entry-title\">DUE DECESSI E UN INCIDENTE. LA GIORNATA DEL SUEM 118<\/h3>\n<\/blockquote>\n<p><strong><a class=\"dt-pswp-item\" href=\"https:\/\/www.radiopiu.net\/wordpress\/wp-content\/uploads\/2024\/09\/SALT.jpg\" data-dt-img-description=\"\" data-large_image_width=\"1500\" data-large_image_height=\"1128\"><img loading=\"lazy\" decoding=\"async\" class=\" wp-image-407831 alignleft\" src=\"https:\/\/www.radiopiu.net\/wordpress\/wp-content\/uploads\/2024\/09\/SALT-300x226.jpg\" alt=\"\" width=\"214\" height=\"161\" srcset=\"https:\/\/www.radiopiu.net\/wordpress\/wp-content\/uploads\/2024\/09\/SALT-300x226.jpg 300w, https:\/\/www.radiopiu.net\/wordpress\/wp-content\/uploads\/2024\/09\/SALT-1024x770.jpg 1024w, https:\/\/www.radiopiu.net\/wordpress\/wp-content\/uploads\/2024\/09\/SALT-768x578.jpg 768w, https:\/\/www.radiopiu.net\/wordpress\/wp-content\/uploads\/2024\/09\/SALT.jpg 1500w\" sizes=\"auto, (max-width: 214px) 100vw, 214px\" \/><\/a>REDAZIONE<\/strong> Il bilancio della giornata del Suem 118 \u00e8 di due decessi e un incidente con un ferito. La giornata \u00e8 iniziata poco prima delle 10 quando la centrale operativa \u00e8 stata allertata per un incidente a Feltre dove \u00e8 rimasta ferita una donna di 78 anni di Seren Del Grappa. Alle 12 l\u2019intervento dell\u2019elicottero Falco per un malore. Purtroppo non c\u2019\u00e8 stato nulla da fare per una donna di 74 anni di San Vito di Cadore. Malore fatale anche ad Arabba. Alle 18 l\u2019intervento per un malore accusato da un uomo di origini olandesi. Purtroppo anche in questo caso i soccorsi sono stati vani, il paziente \u00e8 deceduto. Problemi per l&#8217;elicottero rimasto a terra causa maltempo, ha potuto fare rientro alla base solo attorno alle 20 dopo la tempesta di neve.<\/p>\n<blockquote>\n<h3><strong>turista olandese muore ad Arabba<\/strong><\/h3>\n<\/blockquote>\n<p><strong>LIVINALLONGO<\/strong> \u2013 Un malore improvviso \u00e8 costato la vita a un turista olandese di 57 anni in vacanza ad Arabba all&#8217;Hotel Marilena di via Mesdi. L\u2019uomo, Patrick Kalle,\u00a0 appassionato di sci e frequentatore abituale della localit\u00e0 per la settimana bianca, aveva trascorso la giornata di sabato 22 dicembre sulle piste con la famiglia. Rientrato in hotel nel tardo pomeriggio, si stava preparando per l\u2019apr\u00e8s-ski quando si \u00e8 sentito male.<\/p>\n<p>I soccorsi sono stati tempestivi: un volontario presente in hotel ha avviato le manovre di rianimazione, e l\u2019ambulanza \u00e8 giunta in pochi minuti. Tuttavia, ogni tentativo \u00e8 risultato vano.<\/p>\n<blockquote>\n<h3><strong>Un altro decesso\u00a0\u00a0<\/strong><\/h3>\n<\/blockquote>\n<p><strong><a class=\"dt-pswp-item\" href=\"https:\/\/www.radiopiu.net\/wordpress\/wp-content\/uploads\/2024\/12\/Senza-nome-102.png\" data-dt-img-description=\"\" data-large_image_width=\"346\" data-large_image_height=\"193\"><img loading=\"lazy\" decoding=\"async\" class=\"size-medium wp-image-426251 alignleft\" src=\"https:\/\/www.radiopiu.net\/wordpress\/wp-content\/uploads\/2024\/12\/Senza-nome-102-300x167.png\" alt=\"\" width=\"300\" height=\"167\" srcset=\"https:\/\/www.radiopiu.net\/wordpress\/wp-content\/uploads\/2024\/12\/Senza-nome-102-300x167.png 300w, https:\/\/www.radiopiu.net\/wordpress\/wp-content\/uploads\/2024\/12\/Senza-nome-102.png 346w\" sizes=\"auto, (max-width: 300px) 100vw, 300px\" \/><\/a>SAN VITO DI CADORE<\/strong> una donna Marisa Belli di 74 anni \u00e8 stata trovata morta in casa dai parenti. Si presume una causa naturale.<\/p>\n<blockquote>\n<h3><\/h3>\n<h3>Anziana ferita e statale bloccata per incidente al Casonetto<\/h3>\n<\/blockquote>\n<p>Una donna di 78 anni, residente a Seren del Grappa, \u00e8 rimasta ferita ieri mattina in un incidente autonomo sulla statale 50, al Casonetto. L\u2019anziana ha perso il controllo della sua Opel Agila, probabilmente per un malore, schiantandosi contro un muro. Ricoverata al Santa Maria del Prato con fratture, non \u00e8 in pericolo di vita. La statale \u00e8 rimasta chiusa per i soccorsi, causando disagi al traffico, dirottato sulla strada per Vellai.<\/p>\n<p>&nbsp;<\/p>\n<blockquote>\n<h3>INCIDENTE A CENCENIGHE. QUATTRO AUTO COINVOLTE<\/h3>\n<\/blockquote>\n<p><a class=\"dt-pswp-item\" href=\"https:\/\/www.radiopiu.net\/wordpress\/wp-content\/uploads\/2024\/12\/SCR-20241222-mzid.jpeg\" data-dt-img-description=\"Screenshot\" data-large_image_width=\"1068\" data-large_image_height=\"728\"><img loading=\"lazy\" decoding=\"async\" class=\"wp-image-426150 alignleft\" src=\"https:\/\/www.radiopiu.net\/wordpress\/wp-content\/uploads\/2024\/12\/SCR-20241222-mzid-300x204.jpeg\" alt=\"\" width=\"175\" height=\"119\" srcset=\"https:\/\/www.radiopiu.net\/wordpress\/wp-content\/uploads\/2024\/12\/SCR-20241222-mzid-300x204.jpeg 300w, https:\/\/www.radiopiu.net\/wordpress\/wp-content\/uploads\/2024\/12\/SCR-20241222-mzid-1024x698.jpeg 1024w, https:\/\/www.radiopiu.net\/wordpress\/wp-content\/uploads\/2024\/12\/SCR-20241222-mzid-768x524.jpeg 768w, https:\/\/www.radiopiu.net\/wordpress\/wp-content\/uploads\/2024\/12\/SCR-20241222-mzid.jpeg 1068w\" sizes=\"auto, (max-width: 175px) 100vw, 175px\" \/><\/a><\/p>\n<p><strong>\u00a0<\/strong><\/p>\n<p><strong>CENCENIGHE <\/strong>Incidente a Cencenighe in localit\u00e0 Morbiach di fronte al distributore Bully. Quattro auto coinvolte. Sul posto Vigili del Fuoco e carabinieri per i rilievi di legge. Qualche ripercussione sul traffico, bloccato in entrambe le direzioni nell&#8217;orario in cui i turisti facevano ritorno dalle piste da sci.<\/p>\n<p>&nbsp;<\/p>\n<hr \/>\n<p>&nbsp;<\/p>\n","protected":false},"excerpt":{"rendered":"<p>**** DUE DECESSI E UN INCIDENTE. LA GIORNATA DEL SUEM 118 REDAZIONE Il bilancio della giornata del Suem 118 \u00e8 di due decessi e un incidente con un ferito. La giornata \u00e8 iniziata poco prima delle 10 quando la centrale operativa \u00e8 stata allertata per un incidente a Feltre dove \u00e8 rimasta ferita una donna&hellip;<\/p>\n","protected":false},"author":4,"featured_media":426253,"comment_status":"closed","ping_status":"closed","sticky":false,"template":"","format":"standard","meta":{"_monsterinsights_skip_tracking":false,"_monsterinsights_sitenote_active":false,"_monsterinsights_sitenote_note":"","_monsterinsights_sitenote_category":0,"footnotes":""},"categories":[51,49],"tags":[],"class_list":["post-426188","post","type-post","status-publish","format-standard","has-post-thumbnail","hentry","category-evidenza-top","category-news-18","category-51","category-49","description-off"],"img_url":"https:\/\/www.radiopiu.net\/wordpress\/wp-content\/uploads\/2024\/12\/64ebbfad-3188-4991-b961-1f0430acfa0a.webp","_links":{"self":[{"href":"https:\/\/www.radiopiu.net\/wordpress\/wp-json\/wp\/v2\/posts\/426188","targetHints":{"allow":["GET"]}}],"collection":[{"href":"https:\/\/www.radiopiu.net\/wordpress\/wp-json\/wp\/v2\/posts"}],"about":[{"href":"https:\/\/www.radiopiu.net\/wordpress\/wp-json\/wp\/v2\/types\/post"}],"author":[{"embeddable":true,"href":"https:\/\/www.radiopiu.net\/wordpress\/wp-json\/wp\/v2\/users\/4"}],"replies":[{"embeddable":true,"href":"https:\/\/www.radiopiu.net\/wordpress\/wp-json\/wp\/v2\/comments?post=426188"}],"version-history":[{"count":7,"href":"https:\/\/www.radiopiu.net\/wordpress\/wp-json\/wp\/v2\/posts\/426188\/revisions"}],"predecessor-version":[{"id":426257,"href":"https:\/\/www.radiopiu.net\/wordpress\/wp-json\/wp\/v2\/posts\/426188\/revisions\/426257"}],"wp:featuredmedia":[{"embeddable":true,"href":"https:\/\/www.radiopiu.net\/wordpress\/wp-json\/wp\/v2\/media\/426253"}],"wp:attachment":[{"href":"https:\/\/www.radiopiu.net\/wordpress\/wp-json\/wp\/v2\/media?parent=426188"}],"wp:term":[{"taxonomy":"category","embeddable":true,"href":"https:\/\/www.radiopiu.net\/wordpress\/wp-json\/wp\/v2\/categories?post=426188"},{"taxonomy":"post_tag","embeddable":true,"href":"https:\/\/www.radiopiu.net\/wordpress\/wp-json\/wp\/v2\/tags?post=426188"}],"curies":[{"name":"wp","href":"https:\/\/api.w.org\/{rel}","templated":true}]}}