{"id":426208,"date":"2024-12-24T05:49:40","date_gmt":"2024-12-24T04:49:40","guid":{"rendered":"https:\/\/www.radiopiu.net\/wordpress\/?p=426208"},"modified":"2024-12-24T09:25:59","modified_gmt":"2024-12-24T08:25:59","slug":"giornale-radiopiu-24-dicembre-2024-direttore-mirko-mezzacasada-41-anni-25-giugno-1983-25-giugno-2024","status":"publish","type":"post","link":"https:\/\/www.radiopiu.net\/wordpress\/giornale-radiopiu-24-dicembre-2024-direttore-mirko-mezzacasada-41-anni-25-giugno-1983-25-giugno-2024\/","title":{"rendered":"GIORNALE RADIOPIU 24 DICEMBRE 2024 DIRETTORE MIRKO MEZZACASA\u2026DA 41 ANNI 25 GIUGNO 1983-25 GIUGNO 2024"},"content":{"rendered":"<p>********<\/p>\n<p>&nbsp;<\/p>\n<p><em><span style=\"color: #ff0000;\"><a class=\"dt-pswp-item\" href=\"https:\/\/www.radiopiu.net\/wordpress\/wp-content\/uploads\/2024\/10\/Senza-nome-8.png\" data-dt-img-description=\"\" data-large_image_width=\"343\" data-large_image_height=\"303\"><img loading=\"lazy\" decoding=\"async\" class=\"wp-image-412130 alignleft\" src=\"https:\/\/www.radiopiu.net\/wordpress\/wp-content\/uploads\/2024\/10\/Senza-nome-8-300x265.png\" alt=\"\" width=\"105\" height=\"93\" srcset=\"https:\/\/www.radiopiu.net\/wordpress\/wp-content\/uploads\/2024\/10\/Senza-nome-8-300x265.png 300w, https:\/\/www.radiopiu.net\/wordpress\/wp-content\/uploads\/2024\/10\/Senza-nome-8.png 343w\" sizes=\"auto, (max-width: 105px) 100vw, 105px\" \/><\/a><\/span><\/em><strong><em><span style=\"color: #ff0000;\"> LA\u00a0 APP PER IOS-IPHONE di Nicola Vettorello<\/span><\/em><\/strong><\/p>\n<p><strong><span style=\"color: #0000ff;\"><a style=\"color: #0000ff;\" href=\"https:\/\/apps.apple.com\/it\/app\/radio-pi%C3%B9-emittente-agordina\/id1515939845\">https:\/\/apps.apple.com\/it\/app\/radio-pi%C3%B9-emittente-agordina\/id1515939845<\/a><\/span><\/strong><\/p>\n<p><strong><em style=\"color: #ff0000;\">LA\u00a0 APP RADIO\u00a0 PER ANDROID di Nicola Vettorello<\/em><\/strong><\/p>\n<p><strong><span style=\"color: #0000ff;\"><a style=\"color: #0000ff;\" href=\"https:\/\/play.google.com\/store\/apps\/details?id=net.radiopiu.iniko\" target=\"_blank\" rel=\"noopener noreferrer\">https:\/\/<\/a><a style=\"color: #0000ff;\" href=\"https:\/\/play.google.com\/store\/apps\/details?id=net.radiopiu.iniko\" target=\"_blank\" rel=\"noopener noreferrer\">play.google.com\/store\/apps\/details?id=net.radiopiu.iniko\u00a0\u00a0\u00a0<\/a><\/span><\/strong><\/p>\n<p>&nbsp;<\/p>\n\n\t\t\t<style type='text\/css'>\n\t\t\t\t#gallery-1 {\n\t\t\t\t\tmargin: auto;\n\t\t\t\t}\n\t\t\t\t#gallery-1 .gallery-item {\n\t\t\t\t\tfloat: left;\n\t\t\t\t\tmargin-top: 10px;\n\t\t\t\t\ttext-align: center;\n\t\t\t\t\twidth: 50%;\n\t\t\t\t}\n\t\t\t\t#gallery-1 img {\n\t\t\t\t\tborder: 2px solid #cfcfcf;\n\t\t\t\t}\n\t\t\t\t#gallery-1 .gallery-caption {\n\t\t\t\t\tmargin-left: 0;\n\t\t\t\t}\n\t\t\t\t\/* see gallery_shortcode() in wp-includes\/media.php *\/\n\t\t\t<\/style>\n\t\t<div id='gallery-1' class='dt-gallery-container gallery galleryid-426208 gallery-columns-2 gallery-size-medium'><dl class='gallery-item'>\n\t\t\t\t<dt class='gallery-icon landscape'>\n\t\t\t\t\t<a class=\"rollover rollover-zoom dt-pswp-item\" title=\"a3abb40b-f890-44cf-afe6-7d9419a41fb2\" data-dt-img-description=\"\" data-large_image_width=\"825\" data-large_image_height=\"702\"href='https:\/\/www.radiopiu.net\/wordpress\/wp-content\/uploads\/2024\/12\/a3abb40b-f890-44cf-afe6-7d9419a41fb2.jpg'><img loading=\"lazy\" decoding=\"async\" width=\"300\" height=\"255\" src=\"https:\/\/www.radiopiu.net\/wordpress\/wp-content\/uploads\/2024\/12\/a3abb40b-f890-44cf-afe6-7d9419a41fb2-300x255.jpg\" class=\"attachment-medium size-medium\" alt=\"\" srcset=\"https:\/\/www.radiopiu.net\/wordpress\/wp-content\/uploads\/2024\/12\/a3abb40b-f890-44cf-afe6-7d9419a41fb2-300x255.jpg 300w, https:\/\/www.radiopiu.net\/wordpress\/wp-content\/uploads\/2024\/12\/a3abb40b-f890-44cf-afe6-7d9419a41fb2-768x653.jpg 768w, https:\/\/www.radiopiu.net\/wordpress\/wp-content\/uploads\/2024\/12\/a3abb40b-f890-44cf-afe6-7d9419a41fb2.jpg 825w\" sizes=\"auto, (max-width: 300px) 100vw, 300px\" \/><\/a>\n\t\t\t\t<\/dt><\/dl><dl class='gallery-item'>\n\t\t\t\t<dt class='gallery-icon landscape'>\n\t\t\t\t\t<a class=\"rollover rollover-zoom dt-pswp-item\" title=\"249da9e1-1123-4b5e-9dfc-ffa553c09db8\" data-dt-img-description=\"\" data-large_image_width=\"898\" data-large_image_height=\"621\"href='https:\/\/www.radiopiu.net\/wordpress\/wp-content\/uploads\/2024\/12\/249da9e1-1123-4b5e-9dfc-ffa553c09db8.jpg'><img loading=\"lazy\" decoding=\"async\" width=\"300\" height=\"207\" src=\"https:\/\/www.radiopiu.net\/wordpress\/wp-content\/uploads\/2024\/12\/249da9e1-1123-4b5e-9dfc-ffa553c09db8-300x207.jpg\" class=\"attachment-medium size-medium\" alt=\"\" srcset=\"https:\/\/www.radiopiu.net\/wordpress\/wp-content\/uploads\/2024\/12\/249da9e1-1123-4b5e-9dfc-ffa553c09db8-300x207.jpg 300w, https:\/\/www.radiopiu.net\/wordpress\/wp-content\/uploads\/2024\/12\/249da9e1-1123-4b5e-9dfc-ffa553c09db8-768x531.jpg 768w, https:\/\/www.radiopiu.net\/wordpress\/wp-content\/uploads\/2024\/12\/249da9e1-1123-4b5e-9dfc-ffa553c09db8.jpg 898w\" sizes=\"auto, (max-width: 300px) 100vw, 300px\" \/><\/a>\n\t\t\t\t<\/dt><\/dl><br style=\"clear: both\" \/>\n\t\t\t<\/div>\n\n<p>&nbsp;<\/p>\n<p>&nbsp;<\/p>\n<hr \/>\n<p>&nbsp;<\/p>\n<p>&nbsp;<\/p>\n<p><strong><a class=\"dt-pswp-item\" href=\"https:\/\/www.radiopiu.net\/wordpress\/wp-content\/uploads\/2024\/12\/radionatale-stampa.jpg\" data-dt-img-description=\"\" data-large_image_width=\"1599\" data-large_image_height=\"933\"><img loading=\"lazy\" decoding=\"async\" class=\" wp-image-422556 alignleft\" src=\"https:\/\/www.radiopiu.net\/wordpress\/wp-content\/uploads\/2024\/12\/radionatale-stampa-300x175.jpg\" alt=\"\" width=\"254\" height=\"148\" srcset=\"https:\/\/www.radiopiu.net\/wordpress\/wp-content\/uploads\/2024\/12\/radionatale-stampa-300x175.jpg 300w, https:\/\/www.radiopiu.net\/wordpress\/wp-content\/uploads\/2024\/12\/radionatale-stampa-1024x597.jpg 1024w, https:\/\/www.radiopiu.net\/wordpress\/wp-content\/uploads\/2024\/12\/radionatale-stampa-768x448.jpg 768w, https:\/\/www.radiopiu.net\/wordpress\/wp-content\/uploads\/2024\/12\/radionatale-stampa-1536x896.jpg 1536w, https:\/\/www.radiopiu.net\/wordpress\/wp-content\/uploads\/2024\/12\/radionatale-stampa.jpg 1599w\" sizes=\"auto, (max-width: 254px) 100vw, 254px\" \/><\/a><\/strong>OGGI ALLE <span style=\"color: #ff0000;\">10.30<\/span>\u00a0 CON FRANCESCO ZILLIO DI EPCENTER&#8230; ALLE 10.30 SU RADIOPIU LA TECNOLOGIA ALLA RADIO<\/p>\n<p><strong>15.10<\/strong> IL MARTEDI DI LUISA ALCHINI, SPECIALE VIGILIA DI NATALE e alle <strong>16.45<\/strong> LE HIT DI MIRCO BENCIVENNI IN ONDA ANCHE ALLE <strong>12.30<\/strong> CON LISCIO NON TI LASCIO<\/p>\n<p><span style=\"color: #ff0000;\"><b>DOMANI RADIO PIU&#8217; TRASMETTE LA MESSA DI NATALE, DALL&#8217;ARCIDIACONALE A CURA DI GIANFRANCO TOME&#8217;<\/b><\/span><\/p>\n<p><strong>rassegna stampa nazionale,<\/strong> ogni giorno alle 5 e alle 6 del mattino.<br \/>\ngiornali locali 7 rassegna stampa flash, 8 rassegna stampa, gr flash alle 10 e alle 11, principale 12.30. Informazione pomeriggio ogni ora fino alle 20, in coda ai notiziari nazionali. Giornale radio nazionale: ogni ora dalle 4 del mattino, alle 20 della sera. Alle 19 le anticipazioni dal TG di Antenna 3 di Tiziana Bolognani.<\/p>\n<p>&nbsp;<\/p>\n<p>&nbsp;<\/p>\n<hr \/>\n<p>&nbsp;<\/p>\n<p>&nbsp;<\/p>\n<div class=\"x11i5rnm xat24cr x1mh8g0r x1vvkbs xtlvy1s x126k92a\">\n<div dir=\"auto\">\n<div dir=\"auto\">\n<p><strong><a class=\"dt-pswp-item\" href=\"https:\/\/www.radiopiu.net\/wordpress\/wp-content\/uploads\/2024\/02\/2d44e751-d8a8-461b-8e22-d8e4e853b032.jpg\" data-dt-img-description=\"\" data-large_image_width=\"1600\" data-large_image_height=\"1200\"><img loading=\"lazy\" decoding=\"async\" class=\"wp-image-373307 alignleft\" src=\"https:\/\/www.radiopiu.net\/wordpress\/wp-content\/uploads\/2024\/02\/2d44e751-d8a8-461b-8e22-d8e4e853b032-300x225.jpg\" alt=\"\" width=\"105\" height=\"79\" srcset=\"https:\/\/www.radiopiu.net\/wordpress\/wp-content\/uploads\/2024\/02\/2d44e751-d8a8-461b-8e22-d8e4e853b032-300x225.jpg 300w, https:\/\/www.radiopiu.net\/wordpress\/wp-content\/uploads\/2024\/02\/2d44e751-d8a8-461b-8e22-d8e4e853b032-1024x768.jpg 1024w, https:\/\/www.radiopiu.net\/wordpress\/wp-content\/uploads\/2024\/02\/2d44e751-d8a8-461b-8e22-d8e4e853b032-768x576.jpg 768w, https:\/\/www.radiopiu.net\/wordpress\/wp-content\/uploads\/2024\/02\/2d44e751-d8a8-461b-8e22-d8e4e853b032-1536x1152.jpg 1536w, https:\/\/www.radiopiu.net\/wordpress\/wp-content\/uploads\/2024\/02\/2d44e751-d8a8-461b-8e22-d8e4e853b032.jpg 1600w\" sizes=\"auto, (max-width: 105px) 100vw, 105px\" \/><\/a>EL BAL DEL FIOR, DI GIULIANA DA RONCH, 24 DICEMBRE<\/strong><strong>\u00a02024<\/strong><\/p>\n<p>&nbsp;<\/p>\n<audio class=\"wp-audio-shortcode\" id=\"audio-426208-1\" preload=\"none\" style=\"width: 100%;\" controls=\"controls\"><source type=\"audio\/mpeg\" src=\"https:\/\/www.radiopiu.net\/wordpress\/wp-content\/uploads\/2024\/12\/GMA-3.mp3?_=1\" \/><a href=\"https:\/\/www.radiopiu.net\/wordpress\/wp-content\/uploads\/2024\/12\/GMA-3.mp3\">https:\/\/www.radiopiu.net\/wordpress\/wp-content\/uploads\/2024\/12\/GMA-3.mp3<\/a><\/audio>\n<\/div>\n<\/div>\n<\/div>\n<div class=\"x11i5rnm xat24cr x1mh8g0r x1vvkbs xtlvy1s x126k92a\">\n<p>&nbsp;<\/p>\n<hr \/>\n<p>&nbsp;<\/p>\n<p>&nbsp;<\/p>\n<blockquote>\n<h1><strong><a class=\"dt-pswp-item\" href=\"https:\/\/www.radiopiu.net\/wordpress\/wp-content\/uploads\/2024\/10\/629301fd-708d-4f53-95c2-d28cbefd500f.jpg\" data-dt-img-description=\"\" data-large_image_width=\"1600\" data-large_image_height=\"1322\"><img loading=\"lazy\" decoding=\"async\" class=\"wp-image-413782 alignright\" src=\"https:\/\/www.radiopiu.net\/wordpress\/wp-content\/uploads\/2024\/10\/629301fd-708d-4f53-95c2-d28cbefd500f-300x248.jpg\" alt=\"\" width=\"106\" height=\"88\" srcset=\"https:\/\/www.radiopiu.net\/wordpress\/wp-content\/uploads\/2024\/10\/629301fd-708d-4f53-95c2-d28cbefd500f-300x248.jpg 300w, https:\/\/www.radiopiu.net\/wordpress\/wp-content\/uploads\/2024\/10\/629301fd-708d-4f53-95c2-d28cbefd500f-1024x846.jpg 1024w, https:\/\/www.radiopiu.net\/wordpress\/wp-content\/uploads\/2024\/10\/629301fd-708d-4f53-95c2-d28cbefd500f-768x635.jpg 768w, https:\/\/www.radiopiu.net\/wordpress\/wp-content\/uploads\/2024\/10\/629301fd-708d-4f53-95c2-d28cbefd500f-1536x1269.jpg 1536w, https:\/\/www.radiopiu.net\/wordpress\/wp-content\/uploads\/2024\/10\/629301fd-708d-4f53-95c2-d28cbefd500f.jpg 1600w\" sizes=\"auto, (max-width: 106px) 100vw, 106px\" \/><\/a><\/strong><\/h1>\n<h1><strong><a class=\"dt-pswp-item\" href=\"https:\/\/www.radiopiu.net\/wordpress\/wp-content\/uploads\/2024\/11\/th-18.jpg\" data-dt-img-description=\"\" data-large_image_width=\"156\" data-large_image_height=\"180\"><img loading=\"lazy\" decoding=\"async\" class=\"size-full wp-image-421611 alignleft\" src=\"https:\/\/www.radiopiu.net\/wordpress\/wp-content\/uploads\/2024\/11\/th-18.jpg\" alt=\"\" width=\"156\" height=\"180\" \/><\/a><\/strong><\/h1>\n<h1><strong>N di parom &#8211; L Almanach de la nosta jent<\/strong><\/h1>\n<\/blockquote>\n<p>&nbsp;<\/p>\n<p>Le voci: Davide Conedera, Agordo, Michela Dell&#8217;Osbel, La Valle Agordina Simone Ganz, Falcade Veronica Lezuo, Colle Santa Lucia. La voce nella sigla \u00e8 di Giorgia Taio<\/p>\n<p>&nbsp;<\/p>\n<p><strong>LA PUNTATA DI OGGI, 24 DICEMBRE<\/strong><\/p>\n<audio class=\"wp-audio-shortcode\" id=\"audio-426208-2\" preload=\"none\" style=\"width: 100%;\" controls=\"controls\"><source type=\"audio\/mpeg\" src=\"https:\/\/www.radiopiu.net\/wordpress\/wp-content\/uploads\/2024\/12\/AL2-3.mp3?_=2\" \/><a href=\"https:\/\/www.radiopiu.net\/wordpress\/wp-content\/uploads\/2024\/12\/AL2-3.mp3\">https:\/\/www.radiopiu.net\/wordpress\/wp-content\/uploads\/2024\/12\/AL2-3.mp3<\/a><\/audio>\n<\/div>\n<div class=\"x11i5rnm xat24cr x1mh8g0r x1vvkbs xtlvy1s x126k92a\">\n<div dir=\"auto\">\n<p>&nbsp;<\/p>\n<p>&nbsp;<\/p>\n<p>&nbsp;<\/p>\n<hr \/>\n<\/div>\n<\/div>\n<blockquote>\n<blockquote>\n<h1><span style=\"color: #ff0000;\">\u00a0<\/span><\/h1>\n<h1><span style=\"color: #ff0000;\">I podcast informativi del mattino &#8211; audio &#8211;\u00a0\u00a0<\/span><\/h1>\n<\/blockquote>\n<p><strong><a class=\"dt-pswp-item\" href=\"https:\/\/www.radiopiu.net\/wordpress\/wp-content\/uploads\/2024\/11\/6.jpg\" data-dt-img-description=\"\" data-large_image_width=\"177\" data-large_image_height=\"180\"><img loading=\"lazy\" decoding=\"async\" class=\"size-full wp-image-417911 alignleft\" src=\"https:\/\/www.radiopiu.net\/wordpress\/wp-content\/uploads\/2024\/11\/6.jpg\" alt=\"\" width=\"177\" height=\"180\" \/><\/a>LA RASSEGNA STAMPA NAZIONALE ALLA RADIO, OGNI GIORNO ALLE 5 E ALLE 6 DEL MATTINO <span style=\"color: #0000ff;\">viene pubblicata alle 6.00 <span style=\"color: #ff0000;\">DIRETTA RADIO\u00a0 \u00a0\u00a0<\/span><\/span><\/strong><\/p><\/blockquote>\n<p>&nbsp;<\/p>\n<p><strong>NOTIZIE DELLA NOTTE<\/strong><\/p>\n<p><strong>Honda<\/strong> guadagna oltre il 16% in Borsa sull&#8217;annuncio del buyback <strong>Nave<\/strong> cargo russa alla deriva nel Mediterraneo, &#8216;\u00e8 affondata&#8217; <strong>Borsa<\/strong>: Tokyo, apertura poco variata (+0,05%) <strong>Calcio:<\/strong> Inter-Como 2-0 <strong>Serie A:<\/strong> Fiorentina-Udinese 1-2 <strong>Il governo<\/strong> va avanti sull&#8217;Albania, &#8216;l&#8217;Europa \u00e8 con noi&#8217; <strong>Betlemme,<\/strong> Aleppo, Kiev, dove il Natale \u00e8 senza lustrini <strong>Calenzano,<\/strong> individuato il punto da dove \u00e8 partita esplosione<\/p>\n<h2>AUDIO dalle 6 del mattino<\/h2>\n<audio class=\"wp-audio-shortcode\" id=\"audio-426208-3\" preload=\"none\" style=\"width: 100%;\" controls=\"controls\"><source type=\"audio\/mpeg\" src=\"https:\/\/www.radiopiu.net\/wordpress\/wp-content\/uploads\/2024\/12\/GIORNALEDELLESEI-20.mp3?_=3\" \/><a href=\"https:\/\/www.radiopiu.net\/wordpress\/wp-content\/uploads\/2024\/12\/GIORNALEDELLESEI-20.mp3\">https:\/\/www.radiopiu.net\/wordpress\/wp-content\/uploads\/2024\/12\/GIORNALEDELLESEI-20.mp3<\/a><\/audio>\n<p>&nbsp;<\/p>\n<p>&nbsp;<\/p>\n<hr \/>\n<p>&nbsp;<\/p>\n<h1 style=\"text-align: center;\"><span style=\"color: #ff0000;\"><a class=\"dt-pswp-item\" href=\"https:\/\/www.radiopiu.net\/wordpress\/wp-content\/uploads\/2024\/11\/7.jpg\" data-dt-img-description=\"\" data-large_image_width=\"180\" data-large_image_height=\"180\"><img loading=\"lazy\" decoding=\"async\" class=\"size-full wp-image-417912 alignleft\" src=\"https:\/\/www.radiopiu.net\/wordpress\/wp-content\/uploads\/2024\/11\/7.jpg\" alt=\"\" width=\"180\" height=\"180\" srcset=\"https:\/\/www.radiopiu.net\/wordpress\/wp-content\/uploads\/2024\/11\/7.jpg 180w, https:\/\/www.radiopiu.net\/wordpress\/wp-content\/uploads\/2024\/11\/7-150x150.jpg 150w\" sizes=\"auto, (max-width: 180px) 100vw, 180px\" \/><\/a>I podcast informativi del mattino &#8211; audio &#8211;\u00a0<\/span><\/h1>\n<p><strong>OGNI GIORNO ALLE SETTE DEL MATTINO, LA RASSEGNA STAMPA LOCALE FLASH&#8230; PER CHI VA IN FRETTA. I TITOLI DAI GIORNALI E DAL SITO WWW.RADIOPIU.NET <span style=\"color: #0000ff;\">viene pubblicato alle 7.00<\/span> <span style=\"color: #ff0000;\">DIRETTA RADIO\u00a0<\/span><\/strong><\/p>\n<p><em><span style=\"color: #ff0000;\">per chi va in fretta&#8230; tante notizie in pochi minuti. L&#8217;informazione locale alla radio, ogni ora dalle 7 del mattino alle 19 della sera.<\/span><\/em><\/p>\n<h1>AUDIO dalle 7 del mattino<\/h1>\n<audio class=\"wp-audio-shortcode\" id=\"audio-426208-4\" preload=\"none\" style=\"width: 100%;\" controls=\"controls\"><source type=\"audio\/mpeg\" src=\"https:\/\/www.radiopiu.net\/wordpress\/wp-content\/uploads\/2024\/12\/GF07-19.mp3?_=4\" \/><a href=\"https:\/\/www.radiopiu.net\/wordpress\/wp-content\/uploads\/2024\/12\/GF07-19.mp3\">https:\/\/www.radiopiu.net\/wordpress\/wp-content\/uploads\/2024\/12\/GF07-19.mp3<\/a><\/audio>\n<p>&nbsp;<\/p>\n<p>&nbsp;<\/p>\n<hr \/>\n<p>&nbsp;<\/p>\n<h1><\/h1>\n<h1 style=\"text-align: center;\"><span style=\"color: #ff0000;\"><a class=\"dt-pswp-item\" href=\"https:\/\/www.radiopiu.net\/wordpress\/wp-content\/uploads\/2024\/11\/th.jpg\" data-dt-img-description=\"\" data-large_image_width=\"148\" data-large_image_height=\"179\"><img loading=\"lazy\" decoding=\"async\" class=\"size-full wp-image-417913 alignleft\" src=\"https:\/\/www.radiopiu.net\/wordpress\/wp-content\/uploads\/2024\/11\/th.jpg\" alt=\"\" width=\"148\" height=\"179\" \/><\/a>I podcast informativi del mattino &#8211; audio &#8211;\u00a0<\/span><\/h1>\n<blockquote><p><strong>GIORNALE RADIO NAZIONALE, EDIZIONE DELLE SETTE <span style=\"color: #0000ff;\">viene pubblicato alle 7.05 <span style=\"color: #ff0000;\">DIRETTA RADIO\u00a0<\/span><\/span><\/strong><\/p><\/blockquote>\n<p><strong>il giornale radionazionale e&#8217; in onda ogni ora, dalle sette del mattino alle venti della sera\u00a0 \u00a0<\/strong><strong>\u00a0<\/strong><\/p>\n<p><strong>Nel fermano<\/strong> Picchiato da un gruppo di minorenni, 60enne finisce all&#8217;ospedale <strong>FOCENE-LAZIO<\/strong> Peschereccio affondato, individuato secondo disperso, \u00e8 morto Localizzato sulla spiaggia di Focene con l&#8217;ausilio di un elicottero <strong>Esplosioni in due villette<\/strong> per probabile fuga di gas: in Garfagnana morti marito e moglie,<strong> a Parma<\/strong> tre feriti in ospedale <strong>ROMA<\/strong> Cade un albero nel parco, morta una mamma: era con i figli A causa del forte vento. Un&#8217;altra donna \u00e8 rimasta gravemente ferita. Erano presenti anche i bambini, rimasti illesi <strong>Ritardi fino a 230 minuti<\/strong> Guasto alla linea elettrica, treni fermi tra Molise e Puglia\u00a0 <strong>Il meteo peggiora:<\/strong> sospese le ricerche dei due alpinisti sul Gran Sasso, riprenderanno in sicurezza<\/p>\n<p><span style=\"color: #ff0000;\"><span style=\"color: #0000ff;\">\u00a0<\/span><\/span><\/p>\n<p><span style=\"color: #ff0000;\"><span style=\"color: #0000ff;\">CRONACA<\/span> EDIZIONE DELLA SERA , DEL 23 DICEMBRE 2024 EDIZIONE DI IERI, 20.00<\/span><\/p>\n<audio class=\"wp-audio-shortcode\" id=\"audio-426208-5\" preload=\"none\" style=\"width: 100%;\" controls=\"controls\"><source type=\"audio\/mpeg\" src=\"https:\/\/www.radiopiu.net\/wordpress\/wp-content\/uploads\/2024\/12\/giornale07-39.mp3?_=5\" \/><a href=\"https:\/\/www.radiopiu.net\/wordpress\/wp-content\/uploads\/2024\/12\/giornale07-39.mp3\">https:\/\/www.radiopiu.net\/wordpress\/wp-content\/uploads\/2024\/12\/giornale07-39.mp3<\/a><\/audio>\n<p><span style=\"color: #ff0000;\"><span style=\"color: #0000ff;\">\u00a0<\/span><\/span><\/p>\n<p><span style=\"color: #ff0000;\"><span style=\"color: #0000ff;\">SPORT<\/span> EDIZIONE DELLE 19, DEL 23 DICEMBRE 2024, LO SPORT EDIZIONE DI IERI<\/span><\/p>\n<audio class=\"wp-audio-shortcode\" id=\"audio-426208-6\" preload=\"none\" style=\"width: 100%;\" controls=\"controls\"><source type=\"audio\/mpeg\" src=\"https:\/\/www.radiopiu.net\/wordpress\/wp-content\/uploads\/2024\/12\/gr-sport-20.mp3?_=6\" \/><a href=\"https:\/\/www.radiopiu.net\/wordpress\/wp-content\/uploads\/2024\/12\/gr-sport-20.mp3\">https:\/\/www.radiopiu.net\/wordpress\/wp-content\/uploads\/2024\/12\/gr-sport-20.mp3<\/a><\/audio>\n<h2><span style=\"color: #ff0000;\"><span style=\"color: #0000ff;\">\u00a0<\/span><\/span><\/h2>\n<h2><span style=\"color: #ff0000;\"><span style=\"color: #0000ff;\">ULTIM&#8217;ORA<\/span> AUDIO dalle sette del mattino, ogni ora alla radio EDIZIONE DELLE SETTE<\/span><\/h2>\n<audio class=\"wp-audio-shortcode\" id=\"audio-426208-7\" preload=\"none\" style=\"width: 100%;\" controls=\"controls\"><source type=\"audio\/mpeg\" src=\"https:\/\/www.radiopiu.net\/wordpress\/wp-content\/uploads\/2024\/12\/giornale07-40.mp3?_=7\" \/><a href=\"https:\/\/www.radiopiu.net\/wordpress\/wp-content\/uploads\/2024\/12\/giornale07-40.mp3\">https:\/\/www.radiopiu.net\/wordpress\/wp-content\/uploads\/2024\/12\/giornale07-40.mp3<\/a><\/audio>\n<p>&nbsp;<\/p>\n<p>&nbsp;<\/p>\n<hr \/>\n<p>&nbsp;<\/p>\n<p>&nbsp;<\/p>\n<h1><span style=\"color: #ff0000;\"><a class=\"dt-pswp-item\" href=\"https:\/\/www.radiopiu.net\/wordpress\/wp-content\/uploads\/2024\/11\/8.jpg\" data-dt-img-description=\"\" data-large_image_width=\"180\" data-large_image_height=\"180\"><img loading=\"lazy\" decoding=\"async\" class=\"size-full wp-image-417910 alignleft\" src=\"https:\/\/www.radiopiu.net\/wordpress\/wp-content\/uploads\/2024\/11\/8.jpg\" alt=\"\" width=\"180\" height=\"180\" srcset=\"https:\/\/www.radiopiu.net\/wordpress\/wp-content\/uploads\/2024\/11\/8.jpg 180w, https:\/\/www.radiopiu.net\/wordpress\/wp-content\/uploads\/2024\/11\/8-150x150.jpg 150w\" sizes=\"auto, (max-width: 180px) 100vw, 180px\" \/><\/a>I podcast informativi del mattino &#8211; video &#8211;\u00a0<\/span><\/h1>\n<h2 style=\"text-align: left;\"><strong>RASSEGNA STAMPA LOCALE, ORE OTTO<\/strong><\/h2>\n<h2><strong> <span style=\"color: #0000ff;\">viene\u00a0 <\/span><\/strong><strong><span style=\"color: #0000ff;\">pubblicata alle 8.05 <span style=\"color: #ff0000;\">DIRETTA RADIO\u00a0 \u00a0<\/span><\/span><\/strong><strong>DI MIRKO MEZZACASA<\/strong><\/h2>\n<h2><span style=\"color: #ff0000;\"><strong>\u00a0<\/strong><\/span><span style=\"color: #ff0000;\"><strong>\u00a0<\/strong><\/span><\/h2>\n<h1><span style=\"color: #ff0000;\"><strong>VIDEO\u00a0 \u00a0in diretta dalle 8 del mattino\u00a0 \u00a0per ASCOLTARE<\/strong><\/span><span style=\"text-align: center; font-size: 14px; font-weight: normal;\">\u00a0<\/span><\/h1>\n<blockquote>\n\t\t\t<style type='text\/css'>\n\t\t\t\t#gallery-2 {\n\t\t\t\t\tmargin: auto;\n\t\t\t\t}\n\t\t\t\t#gallery-2 .gallery-item {\n\t\t\t\t\tfloat: left;\n\t\t\t\t\tmargin-top: 10px;\n\t\t\t\t\ttext-align: center;\n\t\t\t\t\twidth: 50%;\n\t\t\t\t}\n\t\t\t\t#gallery-2 img {\n\t\t\t\t\tborder: 2px solid #cfcfcf;\n\t\t\t\t}\n\t\t\t\t#gallery-2 .gallery-caption {\n\t\t\t\t\tmargin-left: 0;\n\t\t\t\t}\n\t\t\t\t\/* see gallery_shortcode() in wp-includes\/media.php *\/\n\t\t\t<\/style>\n\t\t<div id='gallery-2' class='dt-gallery-container gallery galleryid-426208 gallery-columns-2 gallery-size-medium'><dl class='gallery-item'>\n\t\t\t\t<dt class='gallery-icon landscape'>\n\t\t\t\t\t<a class=\"rollover rollover-zoom dt-pswp-item\" title=\"Senza nome\" data-dt-img-description=\"\" data-large_image_width=\"454\" data-large_image_height=\"331\"href='https:\/\/www.radiopiu.net\/wordpress\/wp-content\/uploads\/2024\/12\/Senza-nome-108.png'><img loading=\"lazy\" decoding=\"async\" width=\"300\" height=\"219\" src=\"https:\/\/www.radiopiu.net\/wordpress\/wp-content\/uploads\/2024\/12\/Senza-nome-108-300x219.png\" class=\"attachment-medium size-medium\" alt=\"\" srcset=\"https:\/\/www.radiopiu.net\/wordpress\/wp-content\/uploads\/2024\/12\/Senza-nome-108-300x219.png 300w, https:\/\/www.radiopiu.net\/wordpress\/wp-content\/uploads\/2024\/12\/Senza-nome-108.png 454w\" sizes=\"auto, (max-width: 300px) 100vw, 300px\" \/><\/a>\n\t\t\t\t<\/dt><\/dl><dl class='gallery-item'>\n\t\t\t\t<dt class='gallery-icon landscape'>\n\t\t\t\t\t<a class=\"rollover rollover-zoom dt-pswp-item\" title=\"Senza nome\" data-dt-img-description=\"\" data-large_image_width=\"312\" data-large_image_height=\"223\"href='https:\/\/www.radiopiu.net\/wordpress\/wp-content\/uploads\/2024\/12\/Senza-nome-109.png'><img loading=\"lazy\" decoding=\"async\" width=\"300\" height=\"214\" src=\"https:\/\/www.radiopiu.net\/wordpress\/wp-content\/uploads\/2024\/12\/Senza-nome-109-300x214.png\" class=\"attachment-medium size-medium\" alt=\"\" srcset=\"https:\/\/www.radiopiu.net\/wordpress\/wp-content\/uploads\/2024\/12\/Senza-nome-109-300x214.png 300w, https:\/\/www.radiopiu.net\/wordpress\/wp-content\/uploads\/2024\/12\/Senza-nome-109.png 312w\" sizes=\"auto, (max-width: 300px) 100vw, 300px\" \/><\/a>\n\t\t\t\t<\/dt><\/dl><br style=\"clear: both\" \/>\n\t\t\t<\/div>\n\n<p><iframe loading=\"lazy\" style=\"border: none; overflow: hidden;\" src=\"https:\/\/www.facebook.com\/plugins\/video.php?height=314&amp;href=https%3A%2F%2Fwww.facebook.com%2Fradiopiu%2Fvideos%2F2347807492253769%2F&amp;show_text=false&amp;width=560&amp;t=0\" width=\"560\" height=\"314\" frameborder=\"0\" scrolling=\"no\" allowfullscreen=\"allowfullscreen\"><\/iframe><\/p><\/blockquote>\n<hr \/>\n<p>&nbsp;<\/p>\n<p><strong><a class=\"dt-pswp-item\" href=\"https:\/\/www.radiopiu.net\/wordpress\/wp-content\/uploads\/2023\/12\/ANTENNA.png\" data-dt-img-description=\"\" data-large_image_width=\"300\" data-large_image_height=\"166\"><img loading=\"lazy\" decoding=\"async\" class=\"wp-image-366306 alignright\" src=\"https:\/\/www.radiopiu.net\/wordpress\/wp-content\/uploads\/2023\/12\/ANTENNA.png\" alt=\"\" width=\"101\" height=\"56\" \/><\/a><a class=\"dt-pswp-item\" href=\"https:\/\/www.radiopiu.net\/wordpress\/wp-content\/uploads\/2024\/11\/th-17.jpg\" data-dt-img-description=\"\" data-large_image_width=\"224\" data-large_image_height=\"180\"><img loading=\"lazy\" decoding=\"async\" class=\" wp-image-421610 alignleft\" src=\"https:\/\/www.radiopiu.net\/wordpress\/wp-content\/uploads\/2024\/11\/th-17.jpg\" alt=\"\" width=\"167\" height=\"134\" \/><\/a>ogni sera alle 19 le anticipazioni alla radio, quello che poi seguirete nel TELEGIORNALE BELLUNESE\u00a0 in onda alle 19.30 sul CANALE 10 del digitale terrestre.\u00a0\u00a0<\/strong><\/p>\n<p>&nbsp;<\/p>\n<p><strong>\u00a0<\/strong><\/p>\n<p><strong>\u00a0<\/strong><\/p>\n<p><strong>IERI SERA, LE ANTICIPAZIONI DI FABIO FIORAVANZI<br \/>\n<\/strong><\/p>\n<audio class=\"wp-audio-shortcode\" id=\"audio-426208-8\" preload=\"none\" style=\"width: 100%;\" controls=\"controls\"><source type=\"audio\/mpeg\" src=\"https:\/\/www.radiopiu.net\/wordpress\/wp-content\/uploads\/2024\/12\/ANTENNA3-15.mp3?_=8\" \/><a href=\"https:\/\/www.radiopiu.net\/wordpress\/wp-content\/uploads\/2024\/12\/ANTENNA3-15.mp3\">https:\/\/www.radiopiu.net\/wordpress\/wp-content\/uploads\/2024\/12\/ANTENNA3-15.mp3<\/a><\/audio>\n<p><strong>\u00a0<\/strong><\/p>\n<p>&nbsp;<\/p>\n<p>&nbsp;<\/p>\n<hr \/>\n<p>&nbsp;<\/p>\n<h1><span style=\"color: #ff0000;\">GLI AUGURI DI NATALE DEL PRESIDENTE DEL VENETO LUCA ZAIA<\/span><\/h1>\n<p><iframe loading=\"lazy\" title=\"AUGURI NATALE ZAIA\" width=\"1200\" height=\"675\" src=\"https:\/\/www.youtube.com\/embed\/B_C59I3tDAo?feature=oembed\" frameborder=\"0\" allow=\"accelerometer; autoplay; clipboard-write; encrypted-media; gyroscope; picture-in-picture; web-share\" referrerpolicy=\"strict-origin-when-cross-origin\" allowfullscreen><\/iframe><\/p>\n<p>&nbsp;<\/p>\n<p>&nbsp;<\/p>\n<hr \/>\n<p>&nbsp;<\/p>\n<blockquote>\n<h3>VENTO FORTE SU ZONE MONTANE E PEDEMONTANE. DICHIARATA LA FASE DI ATTENZIONE<\/h3>\n<\/blockquote>\n<p><strong><a class=\"dt-pswp-item\" href=\"https:\/\/www.radiopiu.net\/wordpress\/wp-content\/uploads\/2021\/04\/vento.jpg\" data-dt-img-description=\"\" data-large_image_width=\"1920\" data-large_image_height=\"1567\"><img loading=\"lazy\" decoding=\"async\" class=\" wp-image-201449 alignleft\" src=\"https:\/\/www.radiopiu.net\/wordpress\/wp-content\/uploads\/2021\/04\/vento-300x245.jpg\" alt=\"\" width=\"124\" height=\"101\" srcset=\"https:\/\/www.radiopiu.net\/wordpress\/wp-content\/uploads\/2021\/04\/vento-300x245.jpg 300w, https:\/\/www.radiopiu.net\/wordpress\/wp-content\/uploads\/2021\/04\/vento-1024x836.jpg 1024w, https:\/\/www.radiopiu.net\/wordpress\/wp-content\/uploads\/2021\/04\/vento-768x627.jpg 768w, https:\/\/www.radiopiu.net\/wordpress\/wp-content\/uploads\/2021\/04\/vento-1536x1254.jpg 1536w, https:\/\/www.radiopiu.net\/wordpress\/wp-content\/uploads\/2021\/04\/vento.jpg 1920w\" sizes=\"auto, (max-width: 124px) 100vw, 124px\" \/><\/a>VENEZIA <\/strong>Le previsioni meteo in Veneto prevedono fino alle prime ore di domani venti settentrionali spesso forti sulle zone montane in quota, a tratti anche nelle valli e sulle zone pedemontane (specie centro occidentali) per raffiche di Foehn. Alla luce di tali previsioni il Centro Funzionale Decentrato della Regione del Veneto ha dichiarato per vento forte la fase operativa di attenzione su zone montane e pedemontane, da riconfigurare, a livello locale, in pre-allarme o allarme a seconda dell\u2019intensit\u00e0 del vento L\u2019avviso \u00e8 valido dalle fino alle ore 6 di domani.<\/p>\n<p>&nbsp;<\/p>\n<p>&nbsp;<\/p>\n<hr \/>\n<p>&nbsp;<\/p>\n<blockquote>\n<h3>INVESTITO UN UOMO A BELLUNO. GLI INTERVENTI DEL SUEM 118<\/h3>\n<\/blockquote>\n<p><strong><a class=\"dt-pswp-item\" href=\"https:\/\/www.radiopiu.net\/wordpress\/wp-content\/uploads\/2023\/08\/suem.png\" data-dt-img-description=\"\" data-large_image_width=\"273\" data-large_image_height=\"127\"><img loading=\"lazy\" decoding=\"async\" class=\" wp-image-348238 alignleft\" src=\"https:\/\/www.radiopiu.net\/wordpress\/wp-content\/uploads\/2023\/08\/suem.png\" alt=\"\" width=\"193\" height=\"90\" \/><\/a>REDAZIONE<\/strong> Giornata impegnativa per il Suem 118 che ieri \u00e8 stato impegnato su pi\u00f9 fronti nella provincia di Belluno. Il primo intervento alle 10:30 a Borgo Valbelluna, pi\u00f9 precisamente a Lentiai dove Falco 2 \u00e8 atterrato per soccorrere una donna di 87 anni che sie era fatta male in seguito ad una caduta. L&#8217;anziana \u00e8 stata elitrasportata al San Martino di Belluno con ferite di media gravit\u00e0. Alle 12 Falco 1 \u00e8 volato a Pie Tofana per soccorrere un 44enne di Giavera del Montello che si era procurato un trauma cranico. Falco 1 si \u00e8 alzato in volo per la seconda volta alle 12:30 per soccorrere uno sciatore che sie era fatto male sulla pista di Padola. Poco prima delle 16 l&#8217;ultimo intervento a Belluno dove \u00e8 stato investito da un&#8217;auto un uomo di 24 anni. Sul posto l&#8217;ambulanza per soccorrere il giovane che \u00e8 stato poi trasportato al san martino di Belluno con ferite di media gravit\u00e0.<\/p>\n<p>&nbsp;<\/p>\n<p>&nbsp;<\/p>\n<hr \/>\n<p>&nbsp;<\/p>\n<blockquote>\n<h3>SOCCORSO ESCURSIONISTA BLOCCATO SOTTO LE ROCCE<\/h3>\n<\/blockquote>\n<p><strong>BELLUNO <\/strong>Ieri attorno alle 13.30 la Centrale del Suem ha attivato il Soccorso alpino di Belluno, dopo essere stata contattata da un escursionista in difficolt\u00e0 sul versante meridionale del Monte Serva. Partito da Villa Montalban con l&#8217;intento di salire alla Busa dei Vedei, percorrendo un itinerario fuori dalla traccia consueta un 63enne bellunese era stato costretto a bloccarsi a met\u00e0 quota, a circa mille metri di altitudine, sotto delle rocce, impossibilitato ad avanzare o a tornare sui propri passi. Grazie alla geolocalizzazione della sua posizione, una squadra lo ha individuato e avvicinato percorrendo un viaz, per poi scendere da lui con manovre tecniche. Dopo averlo assicurato, i quattro soccorritori lo hanno calato una cinquantina di metri, hanno guadagnato una traccia di discesa e con lui sono rientrati a valle passate le 16.<\/p>\n<p>&nbsp;<\/p>\n<p>&nbsp;<\/p>\n<hr \/>\n<p>&nbsp;<\/p>\n<blockquote>\n<h3>PIANTA IN STRADA A CAVIOLA, INTERVENTO DEI VIGILI DEL FUOCO<\/h3>\n<\/blockquote>\n<p><strong>FALCADE <\/strong>Nel pomeriggio di ieri alle 15:36, i Vigili del Fuoco di Agordo sono intervenuti in localit\u00e0 Caviola-Tabiadon di Val per rimuovere un albero caduto sulla sede stradale a causa delle forti raffiche di vento. Il personale ha lavorato per circa un\u2019ora per liberare la strada e ripristinare la viabilit\u00e0 in sicurezza. L\u2019episodio, legato alle condizioni meteorologiche avverse, non ha causato danni a persone o mezzi.<\/p>\n<p>&nbsp;<\/p>\n<p>&nbsp;<\/p>\n<hr \/>\n<p>&nbsp;<\/p>\n<p>&nbsp;<\/p>\n<blockquote><p><strong><a href=\"https:\/\/www.radiopiu.net\/wordpress\/wp-content\/uploads\/2024\/12\/2a1b8a4b8096458a0f568bddd6d1d2ca-scaled.webp\"><img loading=\"lazy\" decoding=\"async\" class=\"wp-image-426497 alignleft\" src=\"https:\/\/www.radiopiu.net\/wordpress\/wp-content\/uploads\/2024\/12\/2a1b8a4b8096458a0f568bddd6d1d2ca-300x200.webp\" alt=\"\" width=\"197\" height=\"131\" srcset=\"https:\/\/www.radiopiu.net\/wordpress\/wp-content\/uploads\/2024\/12\/2a1b8a4b8096458a0f568bddd6d1d2ca-300x200.webp 300w, https:\/\/www.radiopiu.net\/wordpress\/wp-content\/uploads\/2024\/12\/2a1b8a4b8096458a0f568bddd6d1d2ca-1024x683.webp 1024w, https:\/\/www.radiopiu.net\/wordpress\/wp-content\/uploads\/2024\/12\/2a1b8a4b8096458a0f568bddd6d1d2ca-768x512.webp 768w, https:\/\/www.radiopiu.net\/wordpress\/wp-content\/uploads\/2024\/12\/2a1b8a4b8096458a0f568bddd6d1d2ca-1536x1024.webp 1536w, https:\/\/www.radiopiu.net\/wordpress\/wp-content\/uploads\/2024\/12\/2a1b8a4b8096458a0f568bddd6d1d2ca-2048x1365.webp 2048w\" sizes=\"auto, (max-width: 197px) 100vw, 197px\" \/><\/a>Vandali distruggono Babbo Natale ecovolontario a Ponte Tezze<\/strong><\/p><\/blockquote>\n<p><strong>FELTRE<\/strong>, il Babbo Natale ecovolontario posizionato sulla passerella di Ponte Tezze come simbolo del rispetto ambientale \u00e8 stato distrutto dai vandali. La testa fracassata, gli abiti strappati e segni di alcolici abbandonati nei pressi lasciano l&#8217;amaro in bocca all&#8217;associazione promotrice. Il gesto rovina il messaggio positivo rivolto alla comunit\u00e0 e rappresenta un duro colpo per chi si impegna a favore dell&#8217;ambiente.<\/p>\n<p>&nbsp;<\/p>\n<p>&nbsp;<\/p>\n<hr \/>\n<p>&nbsp;<\/p>\n<blockquote>\n<h3>BOX PERICOLANTE SULLA SR 203 AGORDINA. INTERVENTO DEI VIGILI DEL FUOCO<\/h3>\n<\/blockquote>\n<p><strong>LA VALLE AGORDINA<\/strong> I Vigili del Fuoco di Agordo sono intervenuti ieri sera, alle 19:08, nel comune di La Valle Agordina, in localit\u00e0 La Muda, per la rimozione di un box in alluminio reso pericolante dalle forti raffiche di vento. L&#8217;episodio si \u00e8 verificato lungo la provinciale 203 Agordina. Fortunatamente, non si registrano danni a persone o mezzi. L&#8217;intervento ha garantito la messa in sicurezza dell&#8217;area e il ripristino della viabilit\u00e0.<\/p>\n<p>&nbsp;<\/p>\n<blockquote>\n<h3>DILLO A RADIO PIU&#8217;&#8230;IL GRAZIE AI DUE RAGAZZI<\/h3>\n<\/blockquote>\n<p><strong><a class=\"dt-pswp-item\" href=\"https:\/\/www.radiopiu.net\/wordpress\/wp-content\/uploads\/2024\/12\/ec134a16-4e2f-4140-b612-5072b567d591.jpg\" data-dt-img-description=\"\" data-large_image_width=\"1204\" data-large_image_height=\"1600\"><img loading=\"lazy\" decoding=\"async\" class=\" wp-image-426479 alignleft\" src=\"https:\/\/www.radiopiu.net\/wordpress\/wp-content\/uploads\/2024\/12\/ec134a16-4e2f-4140-b612-5072b567d591-226x300.jpg\" alt=\"\" width=\"124\" height=\"165\" srcset=\"https:\/\/www.radiopiu.net\/wordpress\/wp-content\/uploads\/2024\/12\/ec134a16-4e2f-4140-b612-5072b567d591-226x300.jpg 226w, https:\/\/www.radiopiu.net\/wordpress\/wp-content\/uploads\/2024\/12\/ec134a16-4e2f-4140-b612-5072b567d591-771x1024.jpg 771w, https:\/\/www.radiopiu.net\/wordpress\/wp-content\/uploads\/2024\/12\/ec134a16-4e2f-4140-b612-5072b567d591-768x1021.jpg 768w, https:\/\/www.radiopiu.net\/wordpress\/wp-content\/uploads\/2024\/12\/ec134a16-4e2f-4140-b612-5072b567d591-1156x1536.jpg 1156w, https:\/\/www.radiopiu.net\/wordpress\/wp-content\/uploads\/2024\/12\/ec134a16-4e2f-4140-b612-5072b567d591.jpg 1204w\" sizes=\"auto, (max-width: 124px) 100vw, 124px\" \/><\/a>RICEVIAMO E PUBBLICHIAMO<\/strong><\/p>\n<p>Volevo ringraziare quei due ragazzi che mi sono venuti in soccorso il localit\u00e1 la Muda. Arrivando da Belluno mi sono trovata una struttura metallica di grandi dimensioni che occuppava l&#8217;intera corsia, probabilmente caduta dalla casa sopra, sono riuscita a fermare l&#8217;auto a pochi centimetri ma poi non avrei saputo cos&#8217;altro fare. Due ragazzi sono scesi dalle auto dietro di me e hanno liberato la strada, presa dal panico non sono nemmeno riuscita a ringraziarli.<\/p>\n<p>Elena<\/p>\n<p>&nbsp;<\/p>\n<p>&nbsp;<\/p>\n<p>&nbsp;<\/p>\n<hr \/>\n<p>&nbsp;<\/p>\n<p><strong>LA GIUDIZIARIA OGGI<\/strong><br \/>\n<strong>SINTESI DAL CORRIERE DELLE ALPI<\/strong><br \/>\n<strong>GIGI SOSSO<\/strong><\/p>\n<p>&nbsp;<\/p>\n<blockquote><p><strong><a href=\"https:\/\/www.radiopiu.net\/wordpress\/wp-content\/uploads\/2024\/12\/fcf95bb5-14de-479b-b21f-a07a95b019f7.webp\"><img loading=\"lazy\" decoding=\"async\" class=\"wp-image-426496 alignleft\" src=\"https:\/\/www.radiopiu.net\/wordpress\/wp-content\/uploads\/2024\/12\/fcf95bb5-14de-479b-b21f-a07a95b019f7-300x300.webp\" alt=\"\" width=\"146\" height=\"146\" srcset=\"https:\/\/www.radiopiu.net\/wordpress\/wp-content\/uploads\/2024\/12\/fcf95bb5-14de-479b-b21f-a07a95b019f7-300x300.webp 300w, https:\/\/www.radiopiu.net\/wordpress\/wp-content\/uploads\/2024\/12\/fcf95bb5-14de-479b-b21f-a07a95b019f7-150x150.webp 150w, https:\/\/www.radiopiu.net\/wordpress\/wp-content\/uploads\/2024\/12\/fcf95bb5-14de-479b-b21f-a07a95b019f7-768x768.webp 768w, https:\/\/www.radiopiu.net\/wordpress\/wp-content\/uploads\/2024\/12\/fcf95bb5-14de-479b-b21f-a07a95b019f7.webp 1024w\" sizes=\"auto, (max-width: 146px) 100vw, 146px\" \/><\/a>Cinque reati in un minuto: brasiliano nei guai a Belluno<\/strong><\/p><\/blockquote>\n<p><strong>BELLUNO<\/strong> Un cittadino brasiliano ha commesso cinque reati in pochi istanti, violando il divieto di avvicinamento alla moglie. Ha sfondato la porta di casa, entrando senza consenso, e si \u00e8 trattenuto con minacce e colpi davanti a due testimoni. Denunciato per lesioni personali aggravate, violazione di domicilio, minacce aggravate, percosse e inosservanza di misure di sicurezza, rischia un processo. La moglie, parte offesa, potrebbe costituirsi parte civile per il risarcimento. Possibile una richiesta di messa alla prova per estinguere i reati.<\/p>\n<p>&nbsp;<\/p>\n<p>&nbsp;<\/p>\n<blockquote><p><strong><a class=\"dt-pswp-item\" href=\"https:\/\/www.radiopiu.net\/wordpress\/wp-content\/uploads\/2024\/09\/Progetto-senza-titolo.png\" data-dt-img-description=\"\" data-large_image_width=\"2048\" data-large_image_height=\"866\"><img loading=\"lazy\" decoding=\"async\" class=\"wp-image-409348 alignleft\" src=\"https:\/\/www.radiopiu.net\/wordpress\/wp-content\/uploads\/2024\/09\/Progetto-senza-titolo-300x127.png\" alt=\"\" width=\"215\" height=\"91\" srcset=\"https:\/\/www.radiopiu.net\/wordpress\/wp-content\/uploads\/2024\/09\/Progetto-senza-titolo-300x127.png 300w, https:\/\/www.radiopiu.net\/wordpress\/wp-content\/uploads\/2024\/09\/Progetto-senza-titolo-1024x433.png 1024w, https:\/\/www.radiopiu.net\/wordpress\/wp-content\/uploads\/2024\/09\/Progetto-senza-titolo-768x325.png 768w, https:\/\/www.radiopiu.net\/wordpress\/wp-content\/uploads\/2024\/09\/Progetto-senza-titolo-1536x650.png 1536w, https:\/\/www.radiopiu.net\/wordpress\/wp-content\/uploads\/2024\/09\/Progetto-senza-titolo.png 2048w\" sizes=\"auto, (max-width: 215px) 100vw, 215px\" \/><\/a>Vandali distruggono due corriere: danni per 3.400 euro<\/strong><\/p><\/blockquote>\n<p><strong>AGORDO<\/strong> , due giovani sono accusati di aver vandalizzato due corriere Dolomitibus, causando danni per 3.400 euro. I veicoli, parcheggiati in via Insurrezione, sono stati forzati e gli interni devastati. I responsabili, AM e MR, saranno processati senza ricorrere a riti alternativi. Gli autisti hanno scoperto i danni il giorno dopo, rendendo inutilizzabili i mezzi. L&#8217;azienda non ha ancora chiesto risarcimenti come parte civile. Le indagini, supportate da telecamere, collegano l\u2019episodio a un precedente vandalismo.<\/p>\n<p>&nbsp;<\/p>\n<p>&nbsp;<\/p>\n<blockquote><p><strong><a href=\"https:\/\/www.radiopiu.net\/wordpress\/wp-content\/uploads\/2024\/12\/0f1443e6-7595-49cb-8a36-27b719099db9.webp\"><img loading=\"lazy\" decoding=\"async\" class=\"wp-image-426503 alignleft\" src=\"https:\/\/www.radiopiu.net\/wordpress\/wp-content\/uploads\/2024\/12\/0f1443e6-7595-49cb-8a36-27b719099db9-300x300.webp\" alt=\"\" width=\"131\" height=\"131\" srcset=\"https:\/\/www.radiopiu.net\/wordpress\/wp-content\/uploads\/2024\/12\/0f1443e6-7595-49cb-8a36-27b719099db9-300x300.webp 300w, https:\/\/www.radiopiu.net\/wordpress\/wp-content\/uploads\/2024\/12\/0f1443e6-7595-49cb-8a36-27b719099db9-150x150.webp 150w, https:\/\/www.radiopiu.net\/wordpress\/wp-content\/uploads\/2024\/12\/0f1443e6-7595-49cb-8a36-27b719099db9-768x768.webp 768w, https:\/\/www.radiopiu.net\/wordpress\/wp-content\/uploads\/2024\/12\/0f1443e6-7595-49cb-8a36-27b719099db9.webp 1024w\" sizes=\"auto, (max-width: 131px) 100vw, 131px\" \/><\/a>Truffa allo sportello: in ballo quasi 4.000 euro, verso l&#8217;accordo<\/strong><\/p><\/blockquote>\n<p><strong>CORTINA<\/strong> Madre e due figli sono stati truffati per un totale di 3.884,20 euro attraverso un raggiro allo sportello bancomat. L\u2019imputato MF, difeso dall\u2019avvocato Enrico Rech, nega il coinvolgimento, sostenendo che la sua carta di credito sia stata clonata. La vicenda, nata da un falso annuncio di vendita online, ha visto i truffatori istruire le vittime su ricariche di denaro, mai destinate a finalizzare la compravendita. Le vittime sembrano pronte a ritirare la querela, aprendo la possibilit\u00e0 di chiudere il caso con un accordo in tribunale.<\/p>\n<p>&nbsp;<\/p>\n<div class=\"flex-shrink-0 flex flex-col relative items-end\">\n<div>\n<div class=\"pt-0\">\n<div class=\"gizmo-bot-avatar flex h-8 w-8 items-center justify-center overflow-hidden rounded-full\">\n<div class=\"relative p-1 rounded-sm flex items-center justify-center bg-token-main-surface-primary text-token-text-primary h-8 w-8\"><\/div>\n<\/div>\n<\/div>\n<\/div>\n<\/div>\n<div class=\"group\/conversation-turn relative flex w-full min-w-0 flex-col agent-turn\">\n<div class=\"flex-col gap-1 md:gap-3\">\n<div class=\"flex max-w-full flex-col flex-grow\">\n<div class=\"min-h-8 text-message flex w-full flex-col items-end gap-2 whitespace-normal break-words text-start [.text-message+&amp;]:mt-5\" dir=\"auto\" data-message-author-role=\"assistant\" data-message-id=\"258cf7f3-e2ff-476e-a09a-fdd86bccaa99\" data-message-model-slug=\"gpt-4o\">\n<div class=\"flex w-full flex-col gap-1 empty:hidden first:pt-[3px]\">\n<div class=\"markdown prose w-full break-words dark:prose-invert dark\">\n<blockquote><p><strong><a href=\"https:\/\/www.radiopiu.net\/wordpress\/wp-content\/uploads\/2024\/12\/f87afca9-32dc-43dd-ae6c-e6921d01412d.webp\"><img loading=\"lazy\" decoding=\"async\" class=\"wp-image-426504 alignleft\" src=\"https:\/\/www.radiopiu.net\/wordpress\/wp-content\/uploads\/2024\/12\/f87afca9-32dc-43dd-ae6c-e6921d01412d-300x300.webp\" alt=\"\" width=\"139\" height=\"139\" srcset=\"https:\/\/www.radiopiu.net\/wordpress\/wp-content\/uploads\/2024\/12\/f87afca9-32dc-43dd-ae6c-e6921d01412d-300x300.webp 300w, https:\/\/www.radiopiu.net\/wordpress\/wp-content\/uploads\/2024\/12\/f87afca9-32dc-43dd-ae6c-e6921d01412d-150x150.webp 150w, https:\/\/www.radiopiu.net\/wordpress\/wp-content\/uploads\/2024\/12\/f87afca9-32dc-43dd-ae6c-e6921d01412d-768x768.webp 768w, https:\/\/www.radiopiu.net\/wordpress\/wp-content\/uploads\/2024\/12\/f87afca9-32dc-43dd-ae6c-e6921d01412d.webp 1024w\" sizes=\"auto, (max-width: 139px) 100vw, 139px\" \/><\/a>Cortina: truffe sugli affitti, pena annullata dalla Cassazione<\/strong><\/p><\/blockquote>\n<p><strong>CORTINA<\/strong> Riccardo Daniele Calvo, noto per le truffe di case vacanze fantasma, aveva ricevuto cinque mesi di reclusione e una multa di 300 euro per aver tentato di raggirare anche Roberta Beta, ex concorrente del Grande Fratello, con un falso alloggio a Cortina. Dopo altre cinque truffe simili in Italia, Calvo ha contestato la severit\u00e0 della pena. La Cassazione gli ha dato ragione, annullando la condanna e rinviando la decisione al Tribunale di Belluno.<\/p>\n<p>&nbsp;<\/p>\n<\/div>\n<\/div>\n<\/div>\n<\/div>\n<\/div>\n<\/div>\n<hr \/>\n<p>&nbsp;<\/p>\n<p>&nbsp;<\/p>\n<blockquote>\n<h2>Turismo Agordino in crescita: pi\u00f9 arrivi, soggiorni pi\u00f9 brevi<\/h2>\n<\/blockquote>\n<blockquote><p><em><img loading=\"lazy\" decoding=\"async\" class=\"alignleft\" src=\"https:\/\/www.radiopiu.net\/wordpress\/wp-content\/uploads\/2020\/05\/agordino-ospedale.png\" width=\"229\" height=\"172\" \/>Nel 2023, gli arrivi turistici nell&#8217;Agordino sono aumentati dell&#8217;11,19% rispetto al 2019, raggiungendo 319.906 presenze. Anche i pernottamenti sono cresciuti del 2,74%, ma la durata media del soggiorno \u00e8 scesa a 3,9 giorni. Gli italiani, soprattutto veneti, rappresentano il 53,1% dei visitatori, mentre gli stranieri tornano ai livelli pre-pandemia con incrementi da Paesi Bassi, Stati Uniti e Regno Unito. Il territorio, con 1.664 strutture ricettive e un sentiment positivo di 88,5\/100, punta a rafforzare la governance e valorizzare il futuro turistico.<\/em><\/p><\/blockquote>\n<p><strong>L&#8217;INDAGINE<\/strong><\/p>\n<p><strong>DI GIANNI SANTOMASO<\/strong><\/p>\n<audio class=\"wp-audio-shortcode\" id=\"audio-426208-9\" preload=\"none\" style=\"width: 100%;\" controls=\"controls\"><source type=\"audio\/mpeg\" src=\"https:\/\/www.radiopiu.net\/wordpress\/wp-content\/uploads\/2024\/12\/GIANNI-TURISMO.mp3?_=9\" \/><a href=\"https:\/\/www.radiopiu.net\/wordpress\/wp-content\/uploads\/2024\/12\/GIANNI-TURISMO.mp3\">https:\/\/www.radiopiu.net\/wordpress\/wp-content\/uploads\/2024\/12\/GIANNI-TURISMO.mp3<\/a><\/audio>\n<p>&nbsp;<\/p>\n<p>&nbsp;<\/p>\n<p>&nbsp;<\/p>\n<hr \/>\n<p>&nbsp;<\/p>\n<blockquote>\n<h2>Cortina Express: quando il cinepanettone si perde&#8230; in Trentino?<\/h2>\n<\/blockquote>\n<p><strong><a class=\"dt-pswp-item\" href=\"https:\/\/www.radiopiu.net\/wordpress\/wp-content\/uploads\/2024\/12\/v5PFjbLO5SgL9uhLA7jTfvktXfq.jpg\" data-dt-img-description=\"\" data-large_image_width=\"900\" data-large_image_height=\"1350\"><img loading=\"lazy\" decoding=\"async\" class=\"size-medium wp-image-426506 alignleft\" src=\"https:\/\/www.radiopiu.net\/wordpress\/wp-content\/uploads\/2024\/12\/v5PFjbLO5SgL9uhLA7jTfvktXfq-200x300.jpg\" alt=\"\" width=\"200\" height=\"300\" srcset=\"https:\/\/www.radiopiu.net\/wordpress\/wp-content\/uploads\/2024\/12\/v5PFjbLO5SgL9uhLA7jTfvktXfq-200x300.jpg 200w, https:\/\/www.radiopiu.net\/wordpress\/wp-content\/uploads\/2024\/12\/v5PFjbLO5SgL9uhLA7jTfvktXfq-683x1024.jpg 683w, https:\/\/www.radiopiu.net\/wordpress\/wp-content\/uploads\/2024\/12\/v5PFjbLO5SgL9uhLA7jTfvktXfq-768x1152.jpg 768w, https:\/\/www.radiopiu.net\/wordpress\/wp-content\/uploads\/2024\/12\/v5PFjbLO5SgL9uhLA7jTfvktXfq.jpg 900w\" sizes=\"auto, (max-width: 200px) 100vw, 200px\" \/><\/a>REDAZIONE<\/strong> Probabilmente siamo poco rappresentati dove conta, probabilmente non lo siamo proprio. Messi nel dimenticatoio nonostante le Olimpiadi alle porte. Oggi politici e amministratori non mancheranno di riempirsi la bocca di belle parole, meglio sarebbe se passassero ai fatti visto che il &#8220;furto&#8221; \u00e8 ormai all&#8217;ordine del giorno. Succede da anni, tra il silenzio e l&#8217;indifferenza di chi dovrebbe dare garanzie ai cittadini.<\/p>\n<p><strong>mm<\/strong><\/p>\n<p data-pm-slice=\"1 1 []\">Se Natale fa rima con cinepanettone, anche quest&#8217;anno non siamo rimasti a bocca asciutta: \u00e8 infatti arrivato nelle sale <em>Cortina Express<\/em>, il nuovo film di Eros Puglielli con Christian De Sica, Lillo Petrolo, Isabella Ferrari e Paolo Calabresi. Una commedia servita in 450 cinema italiani, tra equivoci, colpi di scena e qualche polemica&#8230; geografica! La trama del film si snoda tra le iconiche montagne della Conca d&#8217;Ampezzo, ma la vera sorpresa \u00e8 arrivata dal servizio del Tg1 Rai. Durante l\u2019edizione delle 13:30, la rete ammiraglia ha candidamente localizzato le vicende del film tra le \u201csuggestive montagne del Trentino\u201d. Apriti cielo! A Cortina, tra uno spritz e un panettone artigianale, la gaffe ha fatto il giro dei caff\u00e8 e delle chat locali.\u00a0 La Conca d&#8217;Ampezzo, oltre a prestarsi come set cinematografico, si \u00e8 ritrovata protagonista di un teatrino social. Tra tweet di indignazione e meme di mappe che collocano Cortina al centro di un triangolo tra Verona, Trento e Bolzano, qualcuno ha suggerito un cambio di nome al film: <em>Cortina o Trentino?<\/em> \u2013 un thriller geografico! E non \u00e8 nemmeno la prima volta che le Dolomiti vengono \u201cdislocate\u201d a casaccio nei palinsesti televisivi. Forse la Rai dovrebbe dotarsi di un cartografo prima del prossimo cinepanettone.<\/p>\n<p>&nbsp;<\/p>\n<hr \/>\n<p>&nbsp;<\/p>\n<blockquote>\n<h3 class=\"_title post-title entry-title\"><a class=\"dt-pswp-item\" href=\"https:\/\/www.radiopiu.net\/wordpress\/wp-content\/uploads\/2023\/12\/ANTENNA.png\" data-dt-img-description=\"\" data-large_image_width=\"300\" data-large_image_height=\"166\"><img loading=\"lazy\" decoding=\"async\" class=\" wp-image-366306 alignleft\" src=\"https:\/\/www.radiopiu.net\/wordpress\/wp-content\/uploads\/2023\/12\/ANTENNA.png\" alt=\"\" width=\"155\" height=\"86\" \/><\/a>PROCESSO OPEN ARMS, L\u2019EX SEN. CREMA: \u00abPOLITICA IN GINOCCHIO DAVANTI A MAGISTRATURA\u00bb<\/h3>\n<\/blockquote>\n<p>&nbsp;<\/p>\n<p>Intervistati ALESSANDRO DEL BIANCO (SEGRETARIO PD PROVINCIA BELLUNO), GIOVANNI CREMA (PSI), GINO SPERANDIO (ANPI) (Servizio di\u00a0<a href=\"https:\/\/antennatre.medianordest.it\/redazione\/Fabio-Fioravanzi\/\">Fabio Fioravanzi<\/a>)<\/p>\n<p><iframe loading=\"lazy\" title=\"PROCESSO OPEN ARMS, L&#039;EX SEN. CREMA: \u00abPOLITICA IN GINOCCHIO DAVANTI A MAGISTRATURA\u00bb | 23\/12\/2024\" width=\"1200\" height=\"675\" src=\"https:\/\/www.youtube.com\/embed\/-PT3yl0ckW8?feature=oembed\" frameborder=\"0\" allow=\"accelerometer; autoplay; clipboard-write; encrypted-media; gyroscope; picture-in-picture; web-share\" referrerpolicy=\"strict-origin-when-cross-origin\" allowfullscreen><\/iframe><\/p>\n<p>&nbsp;<\/p>\n<p>&nbsp;<\/p>\n<hr \/>\n<p>&nbsp;<\/p>\n<blockquote><p><strong><a class=\"dt-pswp-item\" href=\"https:\/\/www.radiopiu.net\/wordpress\/wp-content\/uploads\/2024\/12\/visita-centro-ittiogenico-lago.jpg\" data-dt-img-description=\"\" data-large_image_width=\"1599\" data-large_image_height=\"1200\"><img loading=\"lazy\" decoding=\"async\" class=\"size-medium wp-image-426306 alignleft\" src=\"https:\/\/www.radiopiu.net\/wordpress\/wp-content\/uploads\/2024\/12\/visita-centro-ittiogenico-lago-300x225.jpg\" alt=\"\" width=\"300\" height=\"225\" srcset=\"https:\/\/www.radiopiu.net\/wordpress\/wp-content\/uploads\/2024\/12\/visita-centro-ittiogenico-lago-300x225.jpg 300w, https:\/\/www.radiopiu.net\/wordpress\/wp-content\/uploads\/2024\/12\/visita-centro-ittiogenico-lago-1024x768.jpg 1024w, https:\/\/www.radiopiu.net\/wordpress\/wp-content\/uploads\/2024\/12\/visita-centro-ittiogenico-lago-768x576.jpg 768w, https:\/\/www.radiopiu.net\/wordpress\/wp-content\/uploads\/2024\/12\/visita-centro-ittiogenico-lago-1536x1153.jpg 1536w, https:\/\/www.radiopiu.net\/wordpress\/wp-content\/uploads\/2024\/12\/visita-centro-ittiogenico-lago.jpg 1599w\" sizes=\"auto, (max-width: 300px) 100vw, 300px\" \/><\/a>Esplorare e amare l\u2019ambiente: gli studenti di Borgo Valbelluna scoprono la fauna ittica<\/strong><\/p><\/blockquote>\n<p><strong>BELLUNO<\/strong> Gli alunni delle elementari di Borgo Valbelluna hanno vissuto un\u2019esperienza unica al centro ittiogenico di Farra d\u2019Alpago, scoprendo la fauna ittica bellunese, tra cui il luccio del lago di Santa Croce. Grazie alla collaborazione tra Provincia di Belluno e Bacino di pesca 7, i ragazzi hanno approfondito il ciclo di vita dei pesci e l\u2019ecosistema locale. L\u2019iniziativa, commentata positivamente dalla vice presidente Silvia Calligaro, si inserisce in un progetto educativo pi\u00f9 ampio che include anche importanti interventi di riqualificazione dei centri ittiogenici provinciali.<\/p>\n<p>&nbsp;<\/p>\n<hr \/>\n<p>&nbsp;<\/p>\n<blockquote>\n<h2>DILLO A RADIO PIU&#8230; o meglio dillo a Dolomitibus e Provincia<\/h2>\n<\/blockquote>\n<blockquote><p><strong>La lettera malinconica di un ascoltatore a &#8220;Dillo a Radio Pi\u00f9&#8221;<\/strong><\/p><\/blockquote>\n<div class=\"flex max-w-full flex-col flex-grow\">\n<div class=\"min-h-8 text-message flex w-full flex-col items-end gap-2 whitespace-normal break-words text-start [.text-message+&amp;]:mt-5\" dir=\"auto\" data-message-author-role=\"assistant\" data-message-id=\"f6e5298a-c784-49b8-b5ee-2d29fa610f7c\" data-message-model-slug=\"gpt-4o\">\n<div class=\"flex w-full flex-col gap-1 empty:hidden first:pt-[3px]\">\n<div class=\"markdown prose w-full break-words dark:prose-invert dark\">\n<p><img loading=\"lazy\" decoding=\"async\" class=\"alignleft\" src=\"https:\/\/www.radiopiu.net\/wordpress\/wp-content\/uploads\/2024\/12\/Senza-nome-105.png\" width=\"260\" height=\"154\" \/>Un tocco di malinconia ha attraversato le frequenze di <em>Radio Pi\u00f9<\/em> grazie a una lettera inviata alla rubrica <em>Dillo a Radio Pi\u00f9<\/em>. Un ascoltatore, con tono ironico ma intriso di tristezza, ha condiviso il suo disappunto per gli orari delle festivit\u00e0 della DolomitiBus, che rischiano di trasformare i giorni di festa in un\u2019esperienza di isolamento totale.<em> &#8220;Sono in depressione: 25-26-29 dicembre 2024, 1 &#8211; 5 &#8211; 6 gennaio 2025 isolamento totale&#8221;<\/em><\/p>\n<p>Nella lettera, il nostro interlocutore esprime la sua delusione<em>\u00a0\u201cCome sempre sono un vecchio ottimista, nonostante tutto\u201d<\/em>, scrive, trasmettendo un senso di rassegnazione tipico di chi combatte con le difficolt\u00e0 quotidiane, ma non perde mai completamente la speranza.<\/p>\n<p>Nonostante il tono ironico e il saluto di rito con un \u201cBuon Natale\u201d, il messaggio lascia trasparire un profondo senso di solitudine e malinconia, offrendo uno spunto di riflessione su quanto possano essere difficili per alcuni i periodi di festa, soprattutto quando gli spostamenti sono complicati.<\/p>\n<p>A questo ascoltatore va il nostro abbraccio solidale e l&#8217;augurio che, nonostante tutto, possa trovare conforto e serenit\u00e0 in questi giorni di festivit\u00e0. L\u2019appello resta aperto: una riflessione sulla mobilit\u00e0 e sull\u2019inclusivit\u00e0 nei periodi di festa potrebbe fare la differenza per chi, come lui, sogna un Natale meno solitario.<\/p>\n<\/div>\n<\/div>\n<\/div>\n<\/div>\n<p>&nbsp;<\/p>\n<hr \/>\n<p>&nbsp;<\/p>\n<blockquote>\n<h3>CFS E CORTINA BANCA CELEBRANO I GIOVANI TALENTI<\/h3>\n<\/blockquote>\n<blockquote><p><em><strong>Quasi 200 ragazzi ieri sera nella sala teatro del Centro Giovanni XXIII di Belluno per il secondo appuntamento con le premiazioni degli studenti meritevoli da parte di Cortinabanca e C.F.S.-Scuola Edile di Belluno.<\/strong><\/em><\/p><\/blockquote>\n<p><strong>Sindaci e amministratori in coro: \u201cSiete le nostre migliori energie, questo territorio ha bisogno di voi!\u201d<\/strong><\/p>\n<p><b><a class=\"dt-pswp-item\" href=\"https:\/\/www.radiopiu.net\/wordpress\/wp-content\/uploads\/2024\/12\/21680298-a2cd-48ef-ac25-055d7b5f7f64.jpg\" data-dt-img-description=\"\" data-large_image_width=\"1600\" data-large_image_height=\"1066\"><img loading=\"lazy\" decoding=\"async\" class=\"size-medium wp-image-426292 alignleft\" src=\"https:\/\/www.radiopiu.net\/wordpress\/wp-content\/uploads\/2024\/12\/21680298-a2cd-48ef-ac25-055d7b5f7f64-300x200.jpg\" alt=\"\" width=\"300\" height=\"200\" srcset=\"https:\/\/www.radiopiu.net\/wordpress\/wp-content\/uploads\/2024\/12\/21680298-a2cd-48ef-ac25-055d7b5f7f64-300x200.jpg 300w, https:\/\/www.radiopiu.net\/wordpress\/wp-content\/uploads\/2024\/12\/21680298-a2cd-48ef-ac25-055d7b5f7f64-1024x682.jpg 1024w, https:\/\/www.radiopiu.net\/wordpress\/wp-content\/uploads\/2024\/12\/21680298-a2cd-48ef-ac25-055d7b5f7f64-768x512.jpg 768w, https:\/\/www.radiopiu.net\/wordpress\/wp-content\/uploads\/2024\/12\/21680298-a2cd-48ef-ac25-055d7b5f7f64-1536x1023.jpg 1536w, https:\/\/www.radiopiu.net\/wordpress\/wp-content\/uploads\/2024\/12\/21680298-a2cd-48ef-ac25-055d7b5f7f64.jpg 1600w\" sizes=\"auto, (max-width: 300px) 100vw, 300px\" \/><\/a><\/b>Sabato, nella sala teatro del Centro Giovanni XXIII di Belluno, si sono tenute le premiazioni degli studenti meritevoli, organizzate da Cortinabanca e C.F.S. &#8211; Scuola Edile di Belluno. Il sindaco Oscar De Pellegrin ha evidenziato l&#8217;importanza del connubio tra sport e studio nella formazione personale e professionale. L&#8217;europarlamentare Elena Donazzan ha esortato i giovani a perseguire studio e sacrificio. Sono stati premiati 47 studenti delle superiori, 20 neodiplomati, 46 universitari, 12 laureati e circa 40 allievi della Scuola Edile di Sedico. La serata ha visto anche un confronto sul tema &#8220;Scuola e Sport: binomio possibile e vincente&#8221; con giovani atleti e professionisti, dimostrando che sport e studio possono portare al successo in pi\u00f9 ambiti.<b><br \/>\n<\/b><\/p>\n<p><strong>il presidente del C.F.S. Massimo Riva<\/strong><\/p>\n<audio class=\"wp-audio-shortcode\" id=\"audio-426208-10\" preload=\"none\" style=\"width: 100%;\" controls=\"controls\"><source type=\"audio\/wav\" src=\"https:\/\/www.radiopiu.net\/wordpress\/wp-content\/uploads\/2024\/12\/Massimo-Riva.wav?_=10\" \/><a href=\"https:\/\/www.radiopiu.net\/wordpress\/wp-content\/uploads\/2024\/12\/Massimo-Riva.wav\">https:\/\/www.radiopiu.net\/wordpress\/wp-content\/uploads\/2024\/12\/Massimo-Riva.wav<\/a><\/audio>\n<p><strong>il presidente di CORTINA BANCA\u00a0 Massimo Antonelli<\/strong><\/p>\n<audio class=\"wp-audio-shortcode\" id=\"audio-426208-11\" preload=\"none\" style=\"width: 100%;\" controls=\"controls\"><source type=\"audio\/wav\" src=\"https:\/\/www.radiopiu.net\/wordpress\/wp-content\/uploads\/2024\/12\/Massimo-Antonelli.wav?_=11\" \/><a href=\"https:\/\/www.radiopiu.net\/wordpress\/wp-content\/uploads\/2024\/12\/Massimo-Antonelli.wav\">https:\/\/www.radiopiu.net\/wordpress\/wp-content\/uploads\/2024\/12\/Massimo-Antonelli.wav<\/a><\/audio>\n<p>&nbsp;<\/p>\n<hr \/>\n<p>&nbsp;<\/p>\n<blockquote>\n<h1>&#8220;PALANARAE&#8221; E&#8217; ORA DI INTERVENIRE, 2-5-7 MILIONI? DECIDERA&#8217; LUXOTTICA<\/h1>\n<\/blockquote>\n<p><img decoding=\"async\" class=\"alignleft\" src=\"https:\/\/www.radiopiu.net\/wordpress\/wp-content\/uploads\/2022\/04\/palanarae.jpg\" \/><strong>AGORDO<\/strong> Il sindaco di Agordo, Roberto Chissal\u00e8, ha sollecitato l&#8217;Unione Montana a prendere in mano i progetti per il recupero e la riapertura del Palanarae.<br \/>\nHa risposto il Presidente dell&#8217;Unione Montana Paolo Frena. E&#8217; stato dato l&#8217;incarico per la progettazione, tre progetti all&#8217;attenzione dei vertici Luxottica, che si sono riservati di dare una valutazione.<\/p>\n<p>Tutto era iniziato con Giorgio Striano, oggi non pi\u00f9 della famiglia Luxottica, quindi questa potrebbe essere una delle motivazioni dei ritardi. Chissal\u00e8 ha anche chiesto di dare dignit\u00e0 e accessibilit\u00e0 al parcheggio a servizio della Piscina e Palazzetto dello SPort in via Lungorova.<\/p>\n<p>&nbsp;<\/p>\n<p><strong>IL PRESIDENTE PAOLO FRENA<\/strong><\/p>\n<audio class=\"wp-audio-shortcode\" id=\"audio-426208-12\" preload=\"none\" style=\"width: 100%;\" controls=\"controls\"><source type=\"audio\/mpeg\" src=\"https:\/\/www.radiopiu.net\/wordpress\/wp-content\/uploads\/2024\/12\/PAOLO-PARANARAE.mp3?_=12\" \/><a href=\"https:\/\/www.radiopiu.net\/wordpress\/wp-content\/uploads\/2024\/12\/PAOLO-PARANARAE.mp3\">https:\/\/www.radiopiu.net\/wordpress\/wp-content\/uploads\/2024\/12\/PAOLO-PARANARAE.mp3<\/a><\/audio>\n<p>&nbsp;<\/p>\n<p><strong>L&#8217;INTERVENTO DEL SINDACO DI AGORDO, ROBERTO CHISSALE&#8217; CHE CHIEDE DIGNITA&#8217; PER IL PARCHEGGIO ACCANTO ALLA PISCINA E PALAZZETTO COMPRENSORIALE &#8220;DUE IMPORTANTI OPERE DA REALIZZARE IN TEMPI CONSONI&#8221;<\/strong><\/p>\n<audio class=\"wp-audio-shortcode\" id=\"audio-426208-13\" preload=\"none\" style=\"width: 100%;\" controls=\"controls\"><source type=\"audio\/mpeg\" src=\"https:\/\/www.radiopiu.net\/wordpress\/wp-content\/uploads\/2024\/12\/ROBERTO-CHISSAEL.mp3?_=13\" \/><a href=\"https:\/\/www.radiopiu.net\/wordpress\/wp-content\/uploads\/2024\/12\/ROBERTO-CHISSAEL.mp3\">https:\/\/www.radiopiu.net\/wordpress\/wp-content\/uploads\/2024\/12\/ROBERTO-CHISSAEL.mp3<\/a><\/audio>\n<p>&nbsp;<\/p>\n<p>&nbsp;<\/p>\n<blockquote>\n<h2>LA REGINA DELLA BICICLETTA ATTENDE&#8230; LA MERITATA CORONA PER POTER REGNARE<\/h2>\n<\/blockquote>\n<p><strong>AGORDO<\/strong> Solleicitato dal sindaco di Volatago, Giuseppe Schena, il presidente dell&#8217;Unione Montana Paolo Frena ha rispolverato progetto e problemi dopo i due eventi franosi ai Castei e tra Listolade e Taibon. Nella schena la &#8220;Regina&#8221; rimane in pole position.<\/p>\n<p><strong>IL PRESIDENTE DELL&#8217;UNIONE MONTANA PAOLO FRENA.<\/strong><\/p>\n<audio class=\"wp-audio-shortcode\" id=\"audio-426208-14\" preload=\"none\" style=\"width: 100%;\" controls=\"controls\"><source type=\"audio\/mpeg\" src=\"https:\/\/www.radiopiu.net\/wordpress\/wp-content\/uploads\/2024\/12\/PAOLO-FRENA-BICI.mp3?_=14\" \/><a href=\"https:\/\/www.radiopiu.net\/wordpress\/wp-content\/uploads\/2024\/12\/PAOLO-FRENA-BICI.mp3\">https:\/\/www.radiopiu.net\/wordpress\/wp-content\/uploads\/2024\/12\/PAOLO-FRENA-BICI.mp3<\/a><\/audio>\n<p>&nbsp;<\/p>\n\n\t\t\t<style type='text\/css'>\n\t\t\t\t#gallery-3 {\n\t\t\t\t\tmargin: auto;\n\t\t\t\t}\n\t\t\t\t#gallery-3 .gallery-item {\n\t\t\t\t\tfloat: left;\n\t\t\t\t\tmargin-top: 10px;\n\t\t\t\t\ttext-align: center;\n\t\t\t\t\twidth: 25%;\n\t\t\t\t}\n\t\t\t\t#gallery-3 img {\n\t\t\t\t\tborder: 2px solid #cfcfcf;\n\t\t\t\t}\n\t\t\t\t#gallery-3 .gallery-caption {\n\t\t\t\t\tmargin-left: 0;\n\t\t\t\t}\n\t\t\t\t\/* see gallery_shortcode() in wp-includes\/media.php *\/\n\t\t\t<\/style>\n\t\t<div id='gallery-3' class='dt-gallery-container gallery galleryid-426208 gallery-columns-4 gallery-size-thumbnail'><dl class='gallery-item'>\n\t\t\t\t<dt class='gallery-icon landscape'>\n\t\t\t\t\t<a class=\"rollover\" href='https:\/\/www.radiopiu.net\/wordpress\/giornale-radiopiu-24-dicembre-2020-direttore-mirko-mezzacasa\/pista_ciclabile_1\/'><img loading=\"lazy\" decoding=\"async\" width=\"150\" height=\"150\" src=\"https:\/\/www.radiopiu.net\/wordpress\/wp-content\/uploads\/2020\/12\/Pista_ciclabile_1-150x150.jpg\" class=\"attachment-thumbnail size-thumbnail\" alt=\"\" aria-describedby=\"gallery-3-181344\" \/><\/a>\n\t\t\t\t<\/dt>\n\t\t\t\t\t<dd class='wp-caption-text gallery-caption' id='gallery-3-181344'>\n\t\t\t\t\tAGORDO\n\t\t\t\t\t<\/dd><\/dl><dl class='gallery-item'>\n\t\t\t\t<dt class='gallery-icon landscape'>\n\t\t\t\t\t<a class=\"rollover\" href='https:\/\/www.radiopiu.net\/wordpress\/un-parcheggio-da-120-mila-euro-a-servizio-del-campo-di-calcio-ivano-dorigo-da-veneto-strade-un-bonus-di-40-mila-euro-per-gli-asfalti\/ciclabile-agordo\/'><img loading=\"lazy\" decoding=\"async\" width=\"150\" height=\"150\" src=\"https:\/\/www.radiopiu.net\/wordpress\/wp-content\/uploads\/2020\/05\/CICLABILE-AGORDO-150x150.jpg\" class=\"attachment-thumbnail size-thumbnail\" alt=\"\" aria-describedby=\"gallery-3-141277\" \/><\/a>\n\t\t\t\t<\/dt>\n\t\t\t\t\t<dd class='wp-caption-text gallery-caption' id='gallery-3-141277'>\n\t\t\t\t\tAGORDO\n\t\t\t\t\t<\/dd><\/dl><dl class='gallery-item'>\n\t\t\t\t<dt class='gallery-icon landscape'>\n\t\t\t\t\t<a class=\"rollover\" href='https:\/\/www.radiopiu.net\/wordpress\/ciclabile1\/'><img loading=\"lazy\" decoding=\"async\" width=\"150\" height=\"150\" src=\"https:\/\/www.radiopiu.net\/wordpress\/wp-content\/uploads\/2018\/03\/CICLABILE1-150x150.jpg\" class=\"attachment-thumbnail size-thumbnail\" alt=\"\" aria-describedby=\"gallery-3-44720\" \/><\/a>\n\t\t\t\t<\/dt>\n\t\t\t\t\t<dd class='wp-caption-text gallery-caption' id='gallery-3-44720'>\n\t\t\t\t\tLA VALLE\n\t\t\t\t\t<\/dd><\/dl><dl class='gallery-item'>\n\t\t\t\t<dt class='gallery-icon landscape'>\n\t\t\t\t\t<a class=\"rollover\" href='https:\/\/www.radiopiu.net\/wordpress\/la-nuova-cartellonistica-di-taibon\/5a7bf62e-05d9-4317-9b0a-a642b8d33e0c\/'><img loading=\"lazy\" decoding=\"async\" width=\"150\" height=\"150\" src=\"https:\/\/www.radiopiu.net\/wordpress\/wp-content\/uploads\/2022\/08\/5a7bf62e-05d9-4317-9b0a-a642b8d33e0c-150x150.jpg\" class=\"attachment-thumbnail size-thumbnail\" alt=\"\" aria-describedby=\"gallery-3-292741\" \/><\/a>\n\t\t\t\t<\/dt>\n\t\t\t\t\t<dd class='wp-caption-text gallery-caption' id='gallery-3-292741'>\n\t\t\t\t\tGALLERIA LISTOLADE\n\t\t\t\t\t<\/dd><\/dl><br style=\"clear: both\" \/><dl class='gallery-item'>\n\t\t\t\t<dt class='gallery-icon landscape'>\n\t\t\t\t\t<a class=\"rollover\" href='https:\/\/www.radiopiu.net\/wordpress\/michela-epifani\/castei-3\/'><img loading=\"lazy\" decoding=\"async\" width=\"150\" height=\"150\" src=\"https:\/\/www.radiopiu.net\/wordpress\/wp-content\/uploads\/2022\/02\/CASTEI-150x150.jpg\" class=\"attachment-thumbnail size-thumbnail\" alt=\"\" aria-describedby=\"gallery-3-261527\" \/><\/a>\n\t\t\t\t<\/dt>\n\t\t\t\t\t<dd class='wp-caption-text gallery-caption' id='gallery-3-261527'>\n\t\t\t\t\tCASTEI\n\t\t\t\t\t<\/dd><\/dl><dl class='gallery-item'>\n\t\t\t\t<dt class='gallery-icon landscape'>\n\t\t\t\t\t<a class=\"rollover\" href='https:\/\/www.radiopiu.net\/wordpress\/la-regina-senza-corona-per-poter-pedalare\/2023-12-06-14-13-10-036-2\/'><img loading=\"lazy\" decoding=\"async\" width=\"150\" height=\"150\" src=\"https:\/\/www.radiopiu.net\/wordpress\/wp-content\/uploads\/2024\/12\/2023-12-06-14-13-10-036-150x150.jpg\" class=\"attachment-thumbnail size-thumbnail\" alt=\"\" \/><\/a>\n\t\t\t\t<\/dt><\/dl><dl class='gallery-item'>\n\t\t\t\t<dt class='gallery-icon landscape'>\n\t\t\t\t\t<a class=\"rollover\" href='https:\/\/www.radiopiu.net\/wordpress\/la-regina-senza-corona-per-poter-pedalare\/2023-12-06-14-09-51-797-2\/'><img loading=\"lazy\" decoding=\"async\" width=\"150\" height=\"150\" src=\"https:\/\/www.radiopiu.net\/wordpress\/wp-content\/uploads\/2024\/12\/2023-12-06-14-09-51-797-150x150.jpg\" class=\"attachment-thumbnail size-thumbnail\" alt=\"\" \/><\/a>\n\t\t\t\t<\/dt><\/dl><dl class='gallery-item'>\n\t\t\t\t<dt class='gallery-icon landscape'>\n\t\t\t\t\t<a class=\"rollover\" href='https:\/\/www.radiopiu.net\/wordpress\/la-regina-senza-corona-per-poter-pedalare\/2023-12-06-14-01-54-497-2\/'><img loading=\"lazy\" decoding=\"async\" width=\"150\" height=\"150\" src=\"https:\/\/www.radiopiu.net\/wordpress\/wp-content\/uploads\/2024\/12\/2023-12-06-14-01-54-497-150x150.jpg\" class=\"attachment-thumbnail size-thumbnail\" alt=\"\" \/><\/a>\n\t\t\t\t<\/dt><\/dl><br style=\"clear: both\" \/>\n\t\t\t<\/div>\n\n<blockquote>\n<h2><\/h2>\n<h2>ANCHE VOLTAGO HA ASPETTATIVE TURISTICHE. SCHENA &#8220;NON LASCIATECI FUORI&#8221;<\/h2>\n<\/blockquote>\n<p><strong><img loading=\"lazy\" decoding=\"async\" class=\"alignleft\" src=\"https:\/\/www.radiopiu.net\/wordpress\/wp-content\/uploads\/2024\/02\/9046f765-f104-4236-8baa-d806097d7f3a-1.jpg\" width=\"256\" height=\"193\" \/>VOLTAGO<\/strong> Giuseppe Schena non ha dato il proprio voto al Dup, cos\u00ec come il suo vice Andrea Bressan, nel suo lungo intervento (riportato per esteso nel GIORNALE RADIOPIU di oggi, diretta di ieri sera differita) ha criticato anche la missione 7. <em>&#8220;non invidia, ma condivisione di pensiero&#8221;<\/em> ha detto il sindaco di un paese che sta perdendo i servizi essenziali.<\/p>\n<p>&nbsp;<\/p>\n<p>&nbsp;<\/p>\n<p>&nbsp;<\/p>\n<p><span style=\"color: #ff0000;\"><strong>GIUSEPPE SCHENA <em>dal consiglio dell&#8217;Unione Montana<\/em><\/strong><\/span><\/p>\n<audio class=\"wp-audio-shortcode\" id=\"audio-426208-15\" preload=\"none\" style=\"width: 100%;\" controls=\"controls\"><source type=\"audio\/mpeg\" src=\"https:\/\/www.radiopiu.net\/wordpress\/wp-content\/uploads\/2024\/12\/GIUSEPPE-SCHENA-TURISMO.mp3?_=15\" \/><a href=\"https:\/\/www.radiopiu.net\/wordpress\/wp-content\/uploads\/2024\/12\/GIUSEPPE-SCHENA-TURISMO.mp3\">https:\/\/www.radiopiu.net\/wordpress\/wp-content\/uploads\/2024\/12\/GIUSEPPE-SCHENA-TURISMO.mp3<\/a><\/audio>\n<p>&nbsp;<\/p>\n<p>&nbsp;<\/p>\n<blockquote>\n<h3>AD AGORDO IL CONSIGLIO DELL&#8217;UNIONE MONTANA AGORDINA<\/h3>\n<\/blockquote>\n<p><strong>AGORDO<\/strong> E\u2019 stato convocato il consiglio dell\u2019Unione Montana Agordina. Il presidente Paolo Frena tratter\u00e0 6 punti all\u2019ordine del giorno tra cui l\u2019aggiornamento al documento unico di programmazione, l\u2019approvazione del bilancio previsionale 2025\/27, la ricognizione dei servizi pubblici locali a rilevanza economica e la revisione ordinaria delle partecipazioni.<\/p>\n<p><strong>LA DIRETTA RADIO PIU&#8217;<\/strong><\/p>\n<p><iframe loading=\"lazy\" title=\"IL CONSIGLIO DELL&#039;UNIONE MONTANA AGORDINA - 23 DICEMBRE 2024\" width=\"1200\" height=\"900\" src=\"https:\/\/www.youtube.com\/embed\/sD8Uq14k_Tg?feature=oembed\" frameborder=\"0\" allow=\"accelerometer; autoplay; clipboard-write; encrypted-media; gyroscope; picture-in-picture; web-share\" referrerpolicy=\"strict-origin-when-cross-origin\" allowfullscreen><\/iframe><\/p>\n<p>&nbsp;<\/p>\n<p><strong>VIDEO 2<\/strong><\/p>\n<p><iframe loading=\"lazy\" title=\"IL CONSIGLIO DELL&#039;UNIONE MONTANA AGORDINA - 23 DICEMBRE 2024\" width=\"1200\" height=\"900\" src=\"https:\/\/www.youtube.com\/embed\/IcmzvyteY8k?feature=oembed\" frameborder=\"0\" allow=\"accelerometer; autoplay; clipboard-write; encrypted-media; gyroscope; picture-in-picture; web-share\" referrerpolicy=\"strict-origin-when-cross-origin\" allowfullscreen><\/iframe><\/p>\n<p>&nbsp;<\/p>\n<hr \/>\n<p>&nbsp;<\/p>\n<blockquote>\n<h3>I NEO-MAGGIORENNI DI CANALE E VALLADA FESTEGGIANO LA LORO COSTITUZIONE<\/h3>\n<\/blockquote>\n<blockquote><p><em><strong>Un incontro di valori, comunit\u00e0 e responsabilit\u00e0 per i diciottenni\u00a0<\/strong><strong>Accoglienza nella maggiore et\u00e0 tra Costituzione, donazione di sangue e dialogo sul benessere. I\u00a0 Sindaci hanno consegnato ai giovani una copia della Costituzione e una bandiera italiana, simboli dell\u2019impegno civico che li attende. Il proposito:\u00a0 estendere l\u2019iniziativa, il prossimo anno, anche al Comune di Falcade.<\/strong><\/em><\/p><\/blockquote>\n<p><a class=\"dt-pswp-item\" href=\"https:\/\/www.radiopiu.net\/wordpress\/wp-content\/uploads\/2024\/12\/WhatsApp-Image-2024-12-23-at-08.32.33.jpeg\" data-dt-img-description=\"\" data-large_image_width=\"1600\" data-large_image_height=\"720\"><img loading=\"lazy\" decoding=\"async\" class=\"alignnone wp-image-426299 size-full\" src=\"https:\/\/www.radiopiu.net\/wordpress\/wp-content\/uploads\/2024\/12\/WhatsApp-Image-2024-12-23-at-08.32.33.jpeg\" alt=\"\" width=\"1600\" height=\"720\" srcset=\"https:\/\/www.radiopiu.net\/wordpress\/wp-content\/uploads\/2024\/12\/WhatsApp-Image-2024-12-23-at-08.32.33.jpeg 1600w, https:\/\/www.radiopiu.net\/wordpress\/wp-content\/uploads\/2024\/12\/WhatsApp-Image-2024-12-23-at-08.32.33-300x135.jpeg 300w, https:\/\/www.radiopiu.net\/wordpress\/wp-content\/uploads\/2024\/12\/WhatsApp-Image-2024-12-23-at-08.32.33-1024x461.jpeg 1024w, https:\/\/www.radiopiu.net\/wordpress\/wp-content\/uploads\/2024\/12\/WhatsApp-Image-2024-12-23-at-08.32.33-768x346.jpeg 768w, https:\/\/www.radiopiu.net\/wordpress\/wp-content\/uploads\/2024\/12\/WhatsApp-Image-2024-12-23-at-08.32.33-1536x691.jpeg 1536w\" sizes=\"auto, (max-width: 1600px) 100vw, 1600px\" \/><\/a><\/p>\n<p><strong>CANALE D&#8217;AGORDO<\/strong>\u00a0 Si \u00e8 svolta una serata importante e partecipata dedicata ai giovani neodiciottenni delle comunit\u00e0 di Canale e Vallada. Le Amministrazioni Comunali, insieme alla locale Sezione Donatori di Sangue, hanno accolto i ragazzi con un evento che ha saputo unire valori civici, riflessioni sul benessere e la celebrazione della solidariet\u00e0,\u00a0 con il proposito di estendere l\u2019iniziativa, per l\u2019anno prossimo, anche ai giovani del limitrofo Comune di Falcade. Il Sindaco, Massimo Murer, ha parlato ai giovani dell&#8217;importanza della Costituzione italiana, definendola un documento attuale e ricco di bellezza. Con parole appassionate ha esortato i ragazzi a diventare protagonisti nella loro comunit\u00e0. Il Sindaco di Vallada, Fabio Luchetta, ha ribadito il significato dell\u2019ingresso nella maggiore et\u00e0, sottolineando la responsabilit\u00e0 di tradurre i principi costituzionali in azioni concrete per il bene collettivo. Ospite la dottoressa Romana Lucattelli, tecnico della riabilitazione psichiatrica, ha affrontato temi legati al benessere, alle cause di disagio giovanile e all\u2019importanza di riconoscere e gestire lo stress, evidenziando che chiedere aiuto \u00e8 un segno di maturit\u00e0, non di debolezza. Adriano Fiocco, Segretario della Sezione Donatori di Sangue di Canale e Vallada, ha illustrato il significato della donazione di sangue, ricordando le attivit\u00e0 di sensibilizzazione svolte gi\u00e0 a partire dalle scuole elementari. Marilisa Luchetta, coordinatrice della serata, ha letto la testimonianza di Achille Fontanive che nel 1938, in fin di vita, ricevette per ben due volte trasfusioni di sangue dal ventiseienne don Albino Luciani, uscito dal Seminario per andarlo a trovare. Trasfusioni risolutive che il Fontanive segnal\u00f2 in una testimonianza: <em>\u201cNel febbraio 1998 scrissi una lettera a Papa Wojtyla dando la mia testimonianza dei fatti accaduti 60 anni prima, chiedendo la beatificazione e la nomina a patrono dei donatori di sangue del nostro Papa Luciani\u201d.<\/em><\/p>\n<p>&nbsp;<\/p>\n<p><strong>DI GIANNI SANTOMASO<\/strong><\/p>\n<audio class=\"wp-audio-shortcode\" id=\"audio-426208-16\" preload=\"none\" style=\"width: 100%;\" controls=\"controls\"><source type=\"audio\/mpeg\" src=\"https:\/\/www.radiopiu.net\/wordpress\/wp-content\/uploads\/2024\/12\/MARTEDI-A-CANALE-GIANNI.mp3?_=16\" \/><a href=\"https:\/\/www.radiopiu.net\/wordpress\/wp-content\/uploads\/2024\/12\/MARTEDI-A-CANALE-GIANNI.mp3\">https:\/\/www.radiopiu.net\/wordpress\/wp-content\/uploads\/2024\/12\/MARTEDI-A-CANALE-GIANNI.mp3<\/a><\/audio>\n<p>&nbsp;<\/p>\n<hr \/>\n<p>&nbsp;<\/p>\n<blockquote>\n<h3>RIAPERTO L&#8217;IMPIANTO PALAFAVERA-PIODA<\/h3>\n<\/blockquote>\n<p><strong><a class=\"dt-pswp-item\" href=\"https:\/\/www.radiopiu.net\/wordpress\/wp-content\/uploads\/2024\/12\/462967386_8467331563379910_7674260829410110379_n.jpg\" data-dt-img-description=\"\" data-large_image_width=\"2048\" data-large_image_height=\"1536\"><img loading=\"lazy\" decoding=\"async\" class=\" wp-image-426406 alignleft\" src=\"https:\/\/www.radiopiu.net\/wordpress\/wp-content\/uploads\/2024\/12\/462967386_8467331563379910_7674260829410110379_n-300x225.jpg\" alt=\"\" width=\"152\" height=\"114\" srcset=\"https:\/\/www.radiopiu.net\/wordpress\/wp-content\/uploads\/2024\/12\/462967386_8467331563379910_7674260829410110379_n-300x225.jpg 300w, https:\/\/www.radiopiu.net\/wordpress\/wp-content\/uploads\/2024\/12\/462967386_8467331563379910_7674260829410110379_n-1024x768.jpg 1024w, https:\/\/www.radiopiu.net\/wordpress\/wp-content\/uploads\/2024\/12\/462967386_8467331563379910_7674260829410110379_n-768x576.jpg 768w, https:\/\/www.radiopiu.net\/wordpress\/wp-content\/uploads\/2024\/12\/462967386_8467331563379910_7674260829410110379_n-1536x1152.jpg 1536w, https:\/\/www.radiopiu.net\/wordpress\/wp-content\/uploads\/2024\/12\/462967386_8467331563379910_7674260829410110379_n.jpg 2048w\" sizes=\"auto, (max-width: 152px) 100vw, 152px\" \/><\/a>BELLUNO<\/strong> La seggiovia Palafavera-Pioda, chiusa nei giorni scorsi per mancanza di autorizzazioni, \u00e8 stata riaperta oggi al pubblico dalla Provincia di Belluno. L&#8217;impianto non era in regola con il nulla osta tecnico e mancava il collaudo delle opere fermaneve, come previsto dalle normative. Dopo aver sollecitato il gestore e ricevuto la documentazione necessaria, la Provincia ha autorizzato la ripresa delle attivit\u00e0, fondamentale per il turismo invernale. Il consigliere provinciale Marzio Sovilla ha sottolineato l&#8217;importanza dell&#8217;intervento tempestivo, nonostante il ritardo nella modernizzazione dell\u2019impianto, per cui si attende ancora il progetto finanziato dalla Regione.<\/p>\n<p>&nbsp;<\/p>\n<p>&nbsp;<\/p>\n<blockquote>\n<h3>AL CENTRO FONDO PERONAZ DI SELVA DI CADORE SI SCIA<\/h3>\n<\/blockquote>\n<p><strong><a class=\"dt-pswp-item\" href=\"https:\/\/www.radiopiu.net\/wordpress\/wp-content\/uploads\/2024\/12\/Centro-Fondo-Peronaz.jpg\" data-dt-img-description=\"\" data-large_image_width=\"609\" data-large_image_height=\"369\"><img loading=\"lazy\" decoding=\"async\" class=\" wp-image-426412 alignleft\" src=\"https:\/\/www.radiopiu.net\/wordpress\/wp-content\/uploads\/2024\/12\/Centro-Fondo-Peronaz-300x182.jpg\" alt=\"\" width=\"260\" height=\"158\" srcset=\"https:\/\/www.radiopiu.net\/wordpress\/wp-content\/uploads\/2024\/12\/Centro-Fondo-Peronaz-300x182.jpg 300w, https:\/\/www.radiopiu.net\/wordpress\/wp-content\/uploads\/2024\/12\/Centro-Fondo-Peronaz.jpg 609w\" sizes=\"auto, (max-width: 260px) 100vw, 260px\" \/><\/a>SELVA DI CADORE <\/strong>\u00c8 arrivato il momento che tutti aspettavano! A Selva di Cadore riapre il Centro Fondo Peronaz! Che tu sia un esperto sciatore o un principiante, con i suoi 7,5 km di piste suddivise in vari anelli e livelli, troverai il percorso ideale per te, immerso nel suggestivo paesaggio della Val Fiorentina. Puoi noleggiare l&#8217;attrezzatura e prenotare lezioni, private o di gruppo, con maestri altamente qualificati, pronti a insegnare anche a persone con disabilit\u00e0 o a chi desidera cimentarsi nel telemark. Se invece non scii ma vuoi vivere un\u2019esperienza immersiva nella natura, puoi noleggiare ciaspole o bob per una giornata indimenticabile! Seguici su Facebook e Instagram per rimanere aggiornato. Per informazioni chiama il 389 615 2548.<\/p>\n<p><strong>Centro Fondo Peronaz: perch\u00e9 l\u2019inverno \u00e8 pi\u00f9 bello quando lo vivi sulla nostra neve!<\/strong><\/p>\n<p>&nbsp;<\/p>\n<p>&nbsp;<\/p>\n<hr \/>\n<p>&nbsp;<\/p>\n<blockquote>\n<h3>TEMPO DI BILANCI E PROGETTI PER IL FUTURO PER IL SINDACO DI BELLUNO OSCAR DE PELLEGRIN<\/h3>\n<\/blockquote>\n<p><strong><a class=\"dt-pswp-item\" href=\"https:\/\/www.radiopiu.net\/wordpress\/wp-content\/uploads\/2024\/06\/SindacoBelluno_OscarDePellegrin.jpg\" data-dt-img-description=\"\" data-large_image_width=\"2000\" data-large_image_height=\"1333\"><img loading=\"lazy\" decoding=\"async\" class=\" wp-image-396758 alignleft\" src=\"https:\/\/www.radiopiu.net\/wordpress\/wp-content\/uploads\/2024\/06\/SindacoBelluno_OscarDePellegrin-300x200.jpg\" alt=\"\" width=\"213\" height=\"142\" \/><\/a>BELLUNO<\/strong> \u201cGiro di boa\u201d per l&#8217;amministrazione comunale del capoluogo: la fine d&#8217;anno coincide infatti con i primi due anni e mezzo di mandato della giunta De Pellegrin. Tempo di bilanci e di progetti per il futuro.<\/p>\n<p><strong>DI DANIELE DALVIT<\/strong><\/p>\n<audio class=\"wp-audio-shortcode\" id=\"audio-426208-17\" preload=\"none\" style=\"width: 100%;\" controls=\"controls\"><source type=\"audio\/mpeg\" src=\"https:\/\/www.radiopiu.net\/wordpress\/wp-content\/uploads\/2024\/12\/Servizio-De-Pellegrin-bilancio-2024.mp3?_=17\" \/><a href=\"https:\/\/www.radiopiu.net\/wordpress\/wp-content\/uploads\/2024\/12\/Servizio-De-Pellegrin-bilancio-2024.mp3\">https:\/\/www.radiopiu.net\/wordpress\/wp-content\/uploads\/2024\/12\/Servizio-De-Pellegrin-bilancio-2024.mp3<\/a><\/audio>\n<p>&nbsp;<\/p>\n<hr \/>\n<p>&nbsp;<\/p>\n<blockquote>\n<h3><a class=\"dt-pswp-item\" href=\"https:\/\/www.radiopiu.net\/wordpress\/wp-content\/uploads\/2024\/12\/visita-questore-scaled.jpg\" data-dt-img-description=\"\" data-large_image_width=\"1920\" data-large_image_height=\"2560\"><img loading=\"lazy\" decoding=\"async\" class=\" wp-image-426436 alignleft\" src=\"https:\/\/www.radiopiu.net\/wordpress\/wp-content\/uploads\/2024\/12\/visita-questore-225x300.jpg\" alt=\"\" width=\"113\" height=\"151\" srcset=\"https:\/\/www.radiopiu.net\/wordpress\/wp-content\/uploads\/2024\/12\/visita-questore-225x300.jpg 225w, https:\/\/www.radiopiu.net\/wordpress\/wp-content\/uploads\/2024\/12\/visita-questore-768x1024.jpg 768w, https:\/\/www.radiopiu.net\/wordpress\/wp-content\/uploads\/2024\/12\/visita-questore-1152x1536.jpg 1152w, https:\/\/www.radiopiu.net\/wordpress\/wp-content\/uploads\/2024\/12\/visita-questore-1536x2048.jpg 1536w, https:\/\/www.radiopiu.net\/wordpress\/wp-content\/uploads\/2024\/12\/visita-questore-scaled.jpg 1920w\" sizes=\"auto, (max-width: 113px) 100vw, 113px\" \/><\/a>LA VISITA DEL NUOVO QUESTORE AL PRESIDENTE DELLA PROVINCIA DI BELLUNO<\/h3>\n<\/blockquote>\n<p><strong>BELLUNO<\/strong> Il nuovo questore di Belluno, Roberto Della Rocca, ha incontrato il sindaco e presidente della Provincia, Roberto Padrin, a Longarone. Al centro del dialogo, la sicurezza del territorio bellunese e la preparazione per le Olimpiadi Milano-Cortina 2026, con particolare attenzione a viabilit\u00e0, logistica e cronoprogrammi delle opere. Padrin ha elogiato la volont\u00e0 di collaborazione del questore, sottolineando l&#8217;importanza della sinergia tra istituzioni per affrontare le sfide future.<\/p>\n<p>&nbsp;<\/p>\n<p>&nbsp;<\/p>\n<hr \/>\n<p>&nbsp;<\/p>\n<blockquote>\n<h3>Il Prefetto di Belluno in visita all\u2019Istituto: un dialogo sulla salvaguardia delle comunit\u00e0 ladine<\/h3>\n<\/blockquote>\n<p><a class=\"dt-pswp-item\" href=\"https:\/\/www.radiopiu.net\/wordpress\/wp-content\/uploads\/2024\/12\/51470b7e-0aca-450d-acd3-8297d74ee0e9.jpg\" data-dt-img-description=\"\" data-large_image_width=\"1274\" data-large_image_height=\"956\"><img loading=\"lazy\" decoding=\"async\" class=\"size-medium wp-image-426494 alignleft\" src=\"https:\/\/www.radiopiu.net\/wordpress\/wp-content\/uploads\/2024\/12\/51470b7e-0aca-450d-acd3-8297d74ee0e9-300x225.jpg\" alt=\"\" width=\"300\" height=\"225\" srcset=\"https:\/\/www.radiopiu.net\/wordpress\/wp-content\/uploads\/2024\/12\/51470b7e-0aca-450d-acd3-8297d74ee0e9-300x225.jpg 300w, https:\/\/www.radiopiu.net\/wordpress\/wp-content\/uploads\/2024\/12\/51470b7e-0aca-450d-acd3-8297d74ee0e9-1024x768.jpg 1024w, https:\/\/www.radiopiu.net\/wordpress\/wp-content\/uploads\/2024\/12\/51470b7e-0aca-450d-acd3-8297d74ee0e9-768x576.jpg 768w, https:\/\/www.radiopiu.net\/wordpress\/wp-content\/uploads\/2024\/12\/51470b7e-0aca-450d-acd3-8297d74ee0e9.jpg 1274w\" sizes=\"auto, (max-width: 300px) 100vw, 300px\" \/><\/a><strong>COLLE SANTA LUCIA<\/strong> Ieri, l\u2019Istitut Cultural Ladin Cesa de Jan ha avuto l\u2019onore di accogliere\u00a0 il Prefetto di Belluno,\u00a0 Antonello Roccoberton. Un incontro cordiale e significativo che ha permesso di porre l\u2019attenzione su temi fondamentali per il territorio, in particolare la tutela delle comunit\u00e0 ladine.<\/p>\n<blockquote><p><em>&#8220;Durante la visita &#8211; dice il direttore Denni Dorigo &#8211;\u00a0 si \u00e8 sottolineata l\u2019importanza di salvaguardare le specificit\u00e0 culturali e linguistiche delle minoranze, come sancito dalla Costituzione e dalle leggi italiane. Un tema cruciale per preservare la vitalit\u00e0 dei paesi, lontano da strumentalizzazioni. Il Prefetto ha ascoltato con interesse, confermando l\u2019impegno delle istituzioni per la valorizzazione di queste realt\u00e0 uniche&#8221;.<\/em><\/p><\/blockquote>\n<p>&nbsp;<\/p>\n<hr \/>\n<p>&nbsp;<\/p>\n<blockquote>\n<h3>UN NUOVO PULMINO PER LA COOPERATIVA SOCIETA&#8217; NUOVA<\/h3>\n<\/blockquote>\n<p><strong><a class=\"dt-pswp-item\" href=\"https:\/\/www.radiopiu.net\/wordpress\/wp-content\/uploads\/2024\/12\/Pulimino-Societa-Nuova_02.jpeg\" data-dt-img-description=\"\" data-large_image_width=\"1600\" data-large_image_height=\"1200\"><img loading=\"lazy\" decoding=\"async\" class=\" wp-image-426395 alignleft\" src=\"https:\/\/www.radiopiu.net\/wordpress\/wp-content\/uploads\/2024\/12\/Pulimino-Societa-Nuova_02-300x225.jpeg\" alt=\"\" width=\"212\" height=\"159\" srcset=\"https:\/\/www.radiopiu.net\/wordpress\/wp-content\/uploads\/2024\/12\/Pulimino-Societa-Nuova_02-300x225.jpeg 300w, https:\/\/www.radiopiu.net\/wordpress\/wp-content\/uploads\/2024\/12\/Pulimino-Societa-Nuova_02-1024x768.jpeg 1024w, https:\/\/www.radiopiu.net\/wordpress\/wp-content\/uploads\/2024\/12\/Pulimino-Societa-Nuova_02-768x576.jpeg 768w, https:\/\/www.radiopiu.net\/wordpress\/wp-content\/uploads\/2024\/12\/Pulimino-Societa-Nuova_02-1536x1152.jpeg 1536w, https:\/\/www.radiopiu.net\/wordpress\/wp-content\/uploads\/2024\/12\/Pulimino-Societa-Nuova_02.jpeg 1600w\" sizes=\"auto, (max-width: 212px) 100vw, 212px\" \/><\/a>BELLUNO<\/strong> La Cooperativa Societ\u00e0 Nuova ha ricevuto un nuovo pulmino, donato grazie alla solidariet\u00e0 di 78 sostenitori che hanno raccolto circa 26.000 euro, dopo che il precedente era andato distrutto in un incendio. Il mezzo \u00e8 fondamentale per il trasporto quotidiano delle persone con disabilit\u00e0 che frequentano i laboratori della Cooperativa. Durante l\u2019inaugurazione, il 23 dicembre, \u00e8 stato ringraziato ogni donatore, il cui nome \u00e8 riportato sull\u2019adesivo del pulmino. Tra i presenti, anche la famiglia di Fabio Lo Re, imprenditore scomparso a settembre, che aveva invitato a sostenere l\u2019iniziativa. ANFFAS ha temporaneamente fornito un altro mezzo, dimostrando l&#8217;importanza della collaborazione tra enti del terzo settore.<\/p>\n<p>&nbsp;<\/p>\n<p>&nbsp;<\/p>\n<hr \/>\n<p>&nbsp;<\/p>\n<blockquote><p><strong>Nasce Servizi Integrati Bellunesi: nuova gestione per acqua ed energia<\/strong><\/p><\/blockquote>\n<p><strong><a class=\"dt-pswp-item\" href=\"https:\/\/www.radiopiu.net\/wordpress\/wp-content\/uploads\/2024\/12\/Logo_SibPAYOFF.jpg\" data-dt-img-description=\"\" data-large_image_width=\"1536\" data-large_image_height=\"391\"><img loading=\"lazy\" decoding=\"async\" class=\"size-medium wp-image-426474 alignleft\" src=\"https:\/\/www.radiopiu.net\/wordpress\/wp-content\/uploads\/2024\/12\/Logo_SibPAYOFF-300x76.jpg\" alt=\"\" width=\"300\" height=\"76\" srcset=\"https:\/\/www.radiopiu.net\/wordpress\/wp-content\/uploads\/2024\/12\/Logo_SibPAYOFF-300x76.jpg 300w, https:\/\/www.radiopiu.net\/wordpress\/wp-content\/uploads\/2024\/12\/Logo_SibPAYOFF-1024x261.jpg 1024w, https:\/\/www.radiopiu.net\/wordpress\/wp-content\/uploads\/2024\/12\/Logo_SibPAYOFF-768x196.jpg 768w, https:\/\/www.radiopiu.net\/wordpress\/wp-content\/uploads\/2024\/12\/Logo_SibPAYOFF.jpg 1536w\" sizes=\"auto, (max-width: 300px) 100vw, 300px\" \/><\/a>BELLUNO\u00a0<\/strong><\/p>\n<p>Oggi \u00e8 stata ufficializzata la nascita di <strong>Servizi Integrati Bellunesi S.p.A. (SIB)<\/strong>, con la firma dell&#8217;atto di fusione tra Gsp e Bim Belluno Infrastrutture. Operativa dal 1\u00b0 gennaio 2025, la societ\u00e0, partecipata dai Comuni bellunesi e dal Consorzio Bim Piave, gestir\u00e0 il servizio idrico, le reti Gpl, le centraline idroelettriche e il teleriscaldamento. Con un patrimonio netto di 117 milioni di euro, SIB punta a garantire efficienza e sostenibilit\u00e0, sostenendo lo sviluppo del territorio. Un traguardo storico per i vertici aziendali e i Sindaci coinvolti.<\/p>\n<p>&nbsp;<\/p>\n\n\t\t\t<style type='text\/css'>\n\t\t\t\t#gallery-4 {\n\t\t\t\t\tmargin: auto;\n\t\t\t\t}\n\t\t\t\t#gallery-4 .gallery-item {\n\t\t\t\t\tfloat: left;\n\t\t\t\t\tmargin-top: 10px;\n\t\t\t\t\ttext-align: center;\n\t\t\t\t\twidth: 25%;\n\t\t\t\t}\n\t\t\t\t#gallery-4 img {\n\t\t\t\t\tborder: 2px solid #cfcfcf;\n\t\t\t\t}\n\t\t\t\t#gallery-4 .gallery-caption {\n\t\t\t\t\tmargin-left: 0;\n\t\t\t\t}\n\t\t\t\t\/* see gallery_shortcode() in wp-includes\/media.php *\/\n\t\t\t<\/style>\n\t\t<div id='gallery-4' class='dt-gallery-container gallery galleryid-426208 gallery-columns-4 gallery-size-thumbnail'><dl class='gallery-item'>\n\t\t\t\t<dt class='gallery-icon landscape'>\n\t\t\t\t\t<a class=\"rollover rollover-zoom dt-pswp-item\" title=\"1_La lettura dell&#039;atto di fusione a cura del notaio Stivanello\" data-dt-img-description=\"\" data-large_image_width=\"1134\" data-large_image_height=\"638\"href='https:\/\/www.radiopiu.net\/wordpress\/wp-content\/uploads\/2024\/12\/1_La-lettura-dellatto-di-fusione-a-cura-del-notaio-Stivanello.jpg'><img loading=\"lazy\" decoding=\"async\" width=\"150\" height=\"150\" src=\"https:\/\/www.radiopiu.net\/wordpress\/wp-content\/uploads\/2024\/12\/1_La-lettura-dellatto-di-fusione-a-cura-del-notaio-Stivanello-150x150.jpg\" class=\"attachment-thumbnail size-thumbnail\" alt=\"\" \/><\/a>\n\t\t\t\t<\/dt><\/dl><dl class='gallery-item'>\n\t\t\t\t<dt class='gallery-icon landscape'>\n\t\t\t\t\t<a class=\"rollover rollover-zoom dt-pswp-item\" title=\"2_Attilio Sommavilla, presidente di Gsp, sottoscrive l&#039;atto di fusione\" data-dt-img-description=\"\" data-large_image_width=\"1134\" data-large_image_height=\"638\"href='https:\/\/www.radiopiu.net\/wordpress\/wp-content\/uploads\/2024\/12\/2_Attilio-Sommavilla-presidente-di-Gsp-sottoscrive-latto-di-fusione.jpg'><img loading=\"lazy\" decoding=\"async\" width=\"150\" height=\"150\" src=\"https:\/\/www.radiopiu.net\/wordpress\/wp-content\/uploads\/2024\/12\/2_Attilio-Sommavilla-presidente-di-Gsp-sottoscrive-latto-di-fusione-150x150.jpg\" class=\"attachment-thumbnail size-thumbnail\" alt=\"\" \/><\/a>\n\t\t\t\t<\/dt><\/dl><dl class='gallery-item'>\n\t\t\t\t<dt class='gallery-icon landscape'>\n\t\t\t\t\t<a class=\"rollover rollover-zoom dt-pswp-item\" title=\"3_Bruno Zanolla, Amministratore Unico di Bim Belluno Infrastrutture, sotto...usione\" data-dt-img-description=\"\" data-large_image_width=\"1134\" data-large_image_height=\"638\"href='https:\/\/www.radiopiu.net\/wordpress\/wp-content\/uploads\/2024\/12\/3_Bruno-Zanolla-Amministratore-Unico-di-Bim-Belluno-Infrastrutture-sotto.usione.jpg'><img loading=\"lazy\" decoding=\"async\" width=\"150\" height=\"150\" src=\"https:\/\/www.radiopiu.net\/wordpress\/wp-content\/uploads\/2024\/12\/3_Bruno-Zanolla-Amministratore-Unico-di-Bim-Belluno-Infrastrutture-sotto.usione-150x150.jpg\" class=\"attachment-thumbnail size-thumbnail\" alt=\"\" \/><\/a>\n\t\t\t\t<\/dt><\/dl><dl class='gallery-item'>\n\t\t\t\t<dt class='gallery-icon landscape'>\n\t\t\t\t\t<a class=\"rollover rollover-zoom dt-pswp-item\" title=\"5_Fusione avvenuta! E&#039; nata Servizi Integrati Bellunesi spa\" data-dt-img-description=\"\" data-large_image_width=\"1134\" data-large_image_height=\"638\"href='https:\/\/www.radiopiu.net\/wordpress\/wp-content\/uploads\/2024\/12\/5_Fusione-avvenuta-E-nata-Servizi-Integrati-Bellunesi-spa.jpg'><img loading=\"lazy\" decoding=\"async\" width=\"150\" height=\"150\" src=\"https:\/\/www.radiopiu.net\/wordpress\/wp-content\/uploads\/2024\/12\/5_Fusione-avvenuta-E-nata-Servizi-Integrati-Bellunesi-spa-150x150.jpg\" class=\"attachment-thumbnail size-thumbnail\" alt=\"\" \/><\/a>\n\t\t\t\t<\/dt><\/dl><br style=\"clear: both\" \/>\n\t\t\t<\/div>\n\n<p>&nbsp;<\/p>\n<p>&nbsp;<\/p>\n<hr \/>\n<blockquote>\n<h2><\/h2>\n<h2>SIGNORE E SIGNORI ECCO SIB! un passaggio storico<\/h2>\n<\/blockquote>\n<p>&nbsp;<\/p>\n<p><strong><a class=\"dt-pswp-item\" href=\"https:\/\/www.radiopiu.net\/wordpress\/wp-content\/uploads\/2024\/12\/th-9.jpg\" data-dt-img-description=\"\" data-large_image_width=\"238\" data-large_image_height=\"180\"><img loading=\"lazy\" decoding=\"async\" class=\" wp-image-426342 alignleft\" src=\"https:\/\/www.radiopiu.net\/wordpress\/wp-content\/uploads\/2024\/12\/th-9.jpg\" alt=\"\" width=\"148\" height=\"112\" \/><\/a>*** DI BARBARA PAOLAZZI PER RADIO CLUB 103 DOLOMITI E RADIO PIU EMITTENTE AGORDINA\u00a0<\/strong><\/p>\n<p>&nbsp;<\/p>\n<p>&nbsp;<\/p>\n<p>&nbsp;<\/p>\n<p><strong> AUDIO<br \/>\n<\/strong><\/p>\n<audio class=\"wp-audio-shortcode\" id=\"audio-426208-18\" preload=\"none\" style=\"width: 100%;\" controls=\"controls\"><source type=\"audio\/mpeg\" src=\"https:\/\/www.radiopiu.net\/wordpress\/wp-content\/uploads\/2024\/12\/04-GSP-23-12-2024-Sommavila-nascita-SIB.mp3?_=18\" \/><a href=\"https:\/\/www.radiopiu.net\/wordpress\/wp-content\/uploads\/2024\/12\/04-GSP-23-12-2024-Sommavila-nascita-SIB.mp3\">https:\/\/www.radiopiu.net\/wordpress\/wp-content\/uploads\/2024\/12\/04-GSP-23-12-2024-Sommavila-nascita-SIB.mp3<\/a><\/audio>\n<p>&nbsp;<\/p>\n<p><strong>LA RACCOLTA COMPLETA<\/strong><\/p>\n<blockquote class=\"wp-embedded-content\" data-secret=\"64jmXsuOia\"><p><a href=\"https:\/\/www.radiopiu.net\/wordpress\/gsp-informa\/\">GSP informa<\/a><\/p><\/blockquote>\n<p><iframe loading=\"lazy\" class=\"wp-embedded-content\" sandbox=\"allow-scripts\" security=\"restricted\" style=\"position: absolute; visibility: hidden;\" title=\"&#8220;GSP informa&#8221; &#8212; Radio Pi\u00f9\" src=\"https:\/\/www.radiopiu.net\/wordpress\/gsp-informa\/embed\/#?secret=4mTHxpK595#?secret=64jmXsuOia\" data-secret=\"64jmXsuOia\" width=\"600\" height=\"338\" frameborder=\"0\" marginwidth=\"0\" marginheight=\"0\" scrolling=\"no\"><\/iframe><\/p>\n<p>&nbsp;<\/p>\n<p>&nbsp;<\/p>\n<hr \/>\n<p>&nbsp;<\/p>\n<blockquote>\n<h3>TRE DONAZIONI ALL&#8217;ULSS 1 DOLOMITI<\/h3>\n<\/blockquote>\n<p><strong>BELLUNO<\/strong> Il Natale si avvicina e anche l&#8217;Ulss 1 Dolomiti riceve tre donazioni. La Lavaredo Ultra Trail, organizzata dall&#8217;associazione <em>Never Give Up<\/em>, ha devoluto oltre 13.600 euro all&#8217;oncologia di Belluno, confermando il sostegno alla ricerca e alle terapie innovative. Il Commissario Giuseppe Dal Ben e il Sindaco di Cortina, Gianluca Lorenzi, hanno ringraziato gli organizzatori per l&#8217;impegno e il messaggio di tenacia trasmesso dall&#8217;evento. L&#8217;associazione <em>BellunoRianima<\/em> ha donato un apparecchio di drenaggio bronchiale, del valore di 7.500 euro, e un televisore alla Rianimazione di Belluno. Il Commissario Dal Ben ha lodato il gesto, che migliorer\u00e0 le cure e supporter\u00e0 la formazione del personale. Infine, la famiglia Frescura ha donato tre defibrillatori, del valore di 4.000 euro, al SUEM per le ambulanze e l&#8217;automedica. L&#8217;Ulss Dolomiti ha espresso gratitudine per tutte queste iniziative di solidariet\u00e0.<\/p>\n\n\t\t\t<style type='text\/css'>\n\t\t\t\t#gallery-5 {\n\t\t\t\t\tmargin: auto;\n\t\t\t\t}\n\t\t\t\t#gallery-5 .gallery-item {\n\t\t\t\t\tfloat: left;\n\t\t\t\t\tmargin-top: 10px;\n\t\t\t\t\ttext-align: center;\n\t\t\t\t\twidth: 33%;\n\t\t\t\t}\n\t\t\t\t#gallery-5 img {\n\t\t\t\t\tborder: 2px solid #cfcfcf;\n\t\t\t\t}\n\t\t\t\t#gallery-5 .gallery-caption {\n\t\t\t\t\tmargin-left: 0;\n\t\t\t\t}\n\t\t\t\t\/* see gallery_shortcode() in wp-includes\/media.php *\/\n\t\t\t<\/style>\n\t\t<div id='gallery-5' class='dt-gallery-container gallery galleryid-426208 gallery-columns-3 gallery-size-thumbnail'><dl class='gallery-item'>\n\t\t\t\t<dt class='gallery-icon landscape'>\n\t\t\t\t\t<a class=\"rollover rollover-zoom dt-pswp-item\" title=\"suem Frescura\" data-dt-img-description=\"\" data-large_image_width=\"2560\" data-large_image_height=\"2120\"href='https:\/\/www.radiopiu.net\/wordpress\/wp-content\/uploads\/2024\/12\/suem-Frescura-scaled.jpeg'><img loading=\"lazy\" decoding=\"async\" width=\"150\" height=\"150\" src=\"https:\/\/www.radiopiu.net\/wordpress\/wp-content\/uploads\/2024\/12\/suem-Frescura-150x150.jpeg\" class=\"attachment-thumbnail size-thumbnail\" alt=\"\" \/><\/a>\n\t\t\t\t<\/dt><\/dl><dl class='gallery-item'>\n\t\t\t\t<dt class='gallery-icon landscape'>\n\t\t\t\t\t<a class=\"rollover rollover-zoom dt-pswp-item\" title=\"Unknown\" data-dt-img-description=\"\" data-large_image_width=\"2560\" data-large_image_height=\"1441\"href='https:\/\/www.radiopiu.net\/wordpress\/wp-content\/uploads\/2024\/12\/Unknown-4-scaled.jpeg'><img loading=\"lazy\" decoding=\"async\" width=\"150\" height=\"150\" src=\"https:\/\/www.radiopiu.net\/wordpress\/wp-content\/uploads\/2024\/12\/Unknown-4-150x150.jpeg\" class=\"attachment-thumbnail size-thumbnail\" alt=\"\" \/><\/a>\n\t\t\t\t<\/dt><\/dl><dl class='gallery-item'>\n\t\t\t\t<dt class='gallery-icon landscape'>\n\t\t\t\t\t<a class=\"rollover rollover-zoom dt-pswp-item\" title=\"Never give up\" data-dt-img-description=\"\" data-large_image_width=\"2048\" data-large_image_height=\"1819\"href='https:\/\/www.radiopiu.net\/wordpress\/wp-content\/uploads\/2024\/12\/Never-give-up.jpeg'><img loading=\"lazy\" decoding=\"async\" width=\"150\" height=\"150\" src=\"https:\/\/www.radiopiu.net\/wordpress\/wp-content\/uploads\/2024\/12\/Never-give-up-150x150.jpeg\" class=\"attachment-thumbnail size-thumbnail\" alt=\"\" \/><\/a>\n\t\t\t\t<\/dt><\/dl><br style=\"clear: both\" \/>\n\t\t\t<\/div>\n\n<p>&nbsp;<\/p>\n<hr \/>\n<p>&nbsp;<\/p>\n<blockquote>\n<h3>BOTTACIN INCONTRA LA STAMPA<\/h3>\n<\/blockquote>\n<p><strong>VENEZIA <\/strong>Venerd\u00ec 27 dicembre alle 11:30, presso il Genio Civile di Belluno, l\u2019Assessore regionale all\u2019Ambiente e Protezione Civile, Gianpaolo Bottacin, terr\u00e0 una conferenza stampa per fare il punto sulle attivit\u00e0 svolte nel 2024 in materia di Protezione Civile, Ambiente e Difesa del Suolo. L&#8217;incontro riguarder\u00e0 l&#8217;intero territorio regionale, con un focus particolare sulla situazione del bellunese.<\/p>\n<p>&nbsp;<\/p>\n<p>&nbsp;<\/p>\n<hr \/>\n<p>&nbsp;<\/p>\n<h2><span style=\"color: #ff0000;\">CONSIGLI COMUNALI IN AGORDINO<\/span><\/h2>\n<p><strong>RIVAMONTE<\/strong> Consiglio comunale convocato per venerdi alle 18.30. All&#8217;ordine del giorno determinazione aliquote imposta municipale Imu per l&#8217;anno 2025, addizionale irpef conferma aliquote 2025, approvazione programma triennale opere pubbliche, Dup, sostegno dell&#8217;offerta dei servizi educativi prima infanzia, 3-36 mesi e approvazione schema di convenzione per il potenziamento del numero dei posti nel servizio asilo nido di Agordo.<\/p>\n<p><strong>FALCADE<\/strong> Consiglio comunale venerd\u00ec alle 20. Sono 9 i punti in discussione tra cui il nuovo schema di contratto con ASCA, una variazione a bilancio, il programma per l&#8217;affidamento di incarichi esterni, l&#8217;imposta IMU, l&#8217;aggiornamento del DUP, l&#8217;approvazione del bilancio previsionale 2025\/27 e la revisione ordinaria delle partecipazioni.<\/p>\n<p><strong>AGORDO<\/strong> Consiglio comunale lunedi 30 dicembre alle 12. Sette i punti da trattare tra cui le imposte IMU e IRPEF, l&#8217;aggiornamento del DUP, il nuovo schema di contratto con ASCA, il potenziamento di posti in asilo nido e la revisione ordinaria delle pertecipazioni<\/p>\n<p><strong>LIVINALLONGO<\/strong> Consiglio comunale convocato per le 20 di venerdi, all&#8217;ordine del giorno l&#8217;approvazione del regolamento per la disciplina delle riprese audiovisive del consiglio comunale, approvazione bilancio di previsione, approvazione schema di accordo con le funivie Arabba Spa<\/p>\n<p>&nbsp;<\/p>\n<hr \/>\n<p>&nbsp;<\/p>\n<blockquote>\n<h3>IL CONCERTO DI NATALE AL SUPERMERCATO SUPERW DI AGORDO<\/h3>\n<\/blockquote>\n<p><strong>DI MARINA DONA&#8217;<\/strong><\/p>\n<p><strong>AGORDO<\/strong> Nella giornata del 23 dicembre 2024, all&#8217;interno del supermercato &#8220;Super w&#8221; di Agordo alle ore 15:00, il CTG, coro polifonico di Belluno, regala momenti di emozione con canti di Natale ai clienti e al personale del supermercato. Lo storico coro il prossimo anno compir\u00e0 60 anni di attivit\u00e0. \u00c8 stato fondato infatti nel 1965 da Monsignor Sergio Manfroi. Da marzo 2024 il coro \u00e8 diretto dal maestro Stefano Da Ros, nome di spicco nel mondo corale, premiato in vari concorsi nazionali ed internazionali. Vanta di una consistente esperienza, e di un ricco curriculum.<\/p>\n\n\t\t\t<style type='text\/css'>\n\t\t\t\t#gallery-6 {\n\t\t\t\t\tmargin: auto;\n\t\t\t\t}\n\t\t\t\t#gallery-6 .gallery-item {\n\t\t\t\t\tfloat: left;\n\t\t\t\t\tmargin-top: 10px;\n\t\t\t\t\ttext-align: center;\n\t\t\t\t\twidth: 20%;\n\t\t\t\t}\n\t\t\t\t#gallery-6 img {\n\t\t\t\t\tborder: 2px solid #cfcfcf;\n\t\t\t\t}\n\t\t\t\t#gallery-6 .gallery-caption {\n\t\t\t\t\tmargin-left: 0;\n\t\t\t\t}\n\t\t\t\t\/* see gallery_shortcode() in wp-includes\/media.php *\/\n\t\t\t<\/style>\n\t\t<div id='gallery-6' class='dt-gallery-container gallery galleryid-426208 gallery-columns-5 gallery-size-medium'><dl class='gallery-item'>\n\t\t\t\t<dt class='gallery-icon landscape'>\n\t\t\t\t\t<a class=\"rollover rollover-zoom dt-pswp-item\" title=\"c1e17a1d-2965-4836-965c-844b163903cf\" data-dt-img-description=\"\" data-large_image_width=\"1599\" data-large_image_height=\"1186\"href='https:\/\/www.radiopiu.net\/wordpress\/wp-content\/uploads\/2024\/12\/c1e17a1d-2965-4836-965c-844b163903cf.jpg'><img loading=\"lazy\" decoding=\"async\" width=\"300\" height=\"223\" src=\"https:\/\/www.radiopiu.net\/wordpress\/wp-content\/uploads\/2024\/12\/c1e17a1d-2965-4836-965c-844b163903cf-300x223.jpg\" class=\"attachment-medium size-medium\" alt=\"\" srcset=\"https:\/\/www.radiopiu.net\/wordpress\/wp-content\/uploads\/2024\/12\/c1e17a1d-2965-4836-965c-844b163903cf-300x223.jpg 300w, https:\/\/www.radiopiu.net\/wordpress\/wp-content\/uploads\/2024\/12\/c1e17a1d-2965-4836-965c-844b163903cf-1024x760.jpg 1024w, https:\/\/www.radiopiu.net\/wordpress\/wp-content\/uploads\/2024\/12\/c1e17a1d-2965-4836-965c-844b163903cf-768x570.jpg 768w, https:\/\/www.radiopiu.net\/wordpress\/wp-content\/uploads\/2024\/12\/c1e17a1d-2965-4836-965c-844b163903cf-1536x1139.jpg 1536w, https:\/\/www.radiopiu.net\/wordpress\/wp-content\/uploads\/2024\/12\/c1e17a1d-2965-4836-965c-844b163903cf.jpg 1599w\" sizes=\"auto, (max-width: 300px) 100vw, 300px\" \/><\/a>\n\t\t\t\t<\/dt><\/dl><dl class='gallery-item'>\n\t\t\t\t<dt class='gallery-icon landscape'>\n\t\t\t\t\t<a class=\"rollover rollover-zoom dt-pswp-item\" title=\"f2091c5a-9f21-4baf-b482-376f8139475d\" data-dt-img-description=\"\" data-large_image_width=\"1600\" data-large_image_height=\"1200\"href='https:\/\/www.radiopiu.net\/wordpress\/wp-content\/uploads\/2024\/12\/f2091c5a-9f21-4baf-b482-376f8139475d.jpg'><img loading=\"lazy\" decoding=\"async\" width=\"300\" height=\"225\" src=\"https:\/\/www.radiopiu.net\/wordpress\/wp-content\/uploads\/2024\/12\/f2091c5a-9f21-4baf-b482-376f8139475d-300x225.jpg\" class=\"attachment-medium size-medium\" alt=\"\" srcset=\"https:\/\/www.radiopiu.net\/wordpress\/wp-content\/uploads\/2024\/12\/f2091c5a-9f21-4baf-b482-376f8139475d-300x225.jpg 300w, https:\/\/www.radiopiu.net\/wordpress\/wp-content\/uploads\/2024\/12\/f2091c5a-9f21-4baf-b482-376f8139475d-1024x768.jpg 1024w, https:\/\/www.radiopiu.net\/wordpress\/wp-content\/uploads\/2024\/12\/f2091c5a-9f21-4baf-b482-376f8139475d-768x576.jpg 768w, https:\/\/www.radiopiu.net\/wordpress\/wp-content\/uploads\/2024\/12\/f2091c5a-9f21-4baf-b482-376f8139475d-1536x1152.jpg 1536w, https:\/\/www.radiopiu.net\/wordpress\/wp-content\/uploads\/2024\/12\/f2091c5a-9f21-4baf-b482-376f8139475d.jpg 1600w\" sizes=\"auto, (max-width: 300px) 100vw, 300px\" \/><\/a>\n\t\t\t\t<\/dt><\/dl><dl class='gallery-item'>\n\t\t\t\t<dt class='gallery-icon landscape'>\n\t\t\t\t\t<a class=\"rollover rollover-zoom dt-pswp-item\" title=\"c7f96c17-82d1-4ae5-aab8-7fe3512e56e5\" data-dt-img-description=\"\" data-large_image_width=\"1600\" data-large_image_height=\"1200\"href='https:\/\/www.radiopiu.net\/wordpress\/wp-content\/uploads\/2024\/12\/c7f96c17-82d1-4ae5-aab8-7fe3512e56e5.jpg'><img loading=\"lazy\" decoding=\"async\" width=\"300\" height=\"225\" src=\"https:\/\/www.radiopiu.net\/wordpress\/wp-content\/uploads\/2024\/12\/c7f96c17-82d1-4ae5-aab8-7fe3512e56e5-300x225.jpg\" class=\"attachment-medium size-medium\" alt=\"\" srcset=\"https:\/\/www.radiopiu.net\/wordpress\/wp-content\/uploads\/2024\/12\/c7f96c17-82d1-4ae5-aab8-7fe3512e56e5-300x225.jpg 300w, https:\/\/www.radiopiu.net\/wordpress\/wp-content\/uploads\/2024\/12\/c7f96c17-82d1-4ae5-aab8-7fe3512e56e5-1024x768.jpg 1024w, https:\/\/www.radiopiu.net\/wordpress\/wp-content\/uploads\/2024\/12\/c7f96c17-82d1-4ae5-aab8-7fe3512e56e5-768x576.jpg 768w, https:\/\/www.radiopiu.net\/wordpress\/wp-content\/uploads\/2024\/12\/c7f96c17-82d1-4ae5-aab8-7fe3512e56e5-1536x1152.jpg 1536w, https:\/\/www.radiopiu.net\/wordpress\/wp-content\/uploads\/2024\/12\/c7f96c17-82d1-4ae5-aab8-7fe3512e56e5.jpg 1600w\" sizes=\"auto, (max-width: 300px) 100vw, 300px\" \/><\/a>\n\t\t\t\t<\/dt><\/dl><dl class='gallery-item'>\n\t\t\t\t<dt class='gallery-icon landscape'>\n\t\t\t\t\t<a class=\"rollover rollover-zoom dt-pswp-item\" title=\"56f90329-a9ac-4036-8df7-556e11fa69e7\" data-dt-img-description=\"\" data-large_image_width=\"1599\" data-large_image_height=\"1186\"href='https:\/\/www.radiopiu.net\/wordpress\/wp-content\/uploads\/2024\/12\/56f90329-a9ac-4036-8df7-556e11fa69e7.jpg'><img loading=\"lazy\" decoding=\"async\" width=\"300\" height=\"223\" src=\"https:\/\/www.radiopiu.net\/wordpress\/wp-content\/uploads\/2024\/12\/56f90329-a9ac-4036-8df7-556e11fa69e7-300x223.jpg\" class=\"attachment-medium size-medium\" alt=\"\" srcset=\"https:\/\/www.radiopiu.net\/wordpress\/wp-content\/uploads\/2024\/12\/56f90329-a9ac-4036-8df7-556e11fa69e7-300x223.jpg 300w, https:\/\/www.radiopiu.net\/wordpress\/wp-content\/uploads\/2024\/12\/56f90329-a9ac-4036-8df7-556e11fa69e7-1024x760.jpg 1024w, https:\/\/www.radiopiu.net\/wordpress\/wp-content\/uploads\/2024\/12\/56f90329-a9ac-4036-8df7-556e11fa69e7-768x570.jpg 768w, https:\/\/www.radiopiu.net\/wordpress\/wp-content\/uploads\/2024\/12\/56f90329-a9ac-4036-8df7-556e11fa69e7-1536x1139.jpg 1536w, https:\/\/www.radiopiu.net\/wordpress\/wp-content\/uploads\/2024\/12\/56f90329-a9ac-4036-8df7-556e11fa69e7.jpg 1599w\" sizes=\"auto, (max-width: 300px) 100vw, 300px\" \/><\/a>\n\t\t\t\t<\/dt><\/dl><dl class='gallery-item'>\n\t\t\t\t<dt class='gallery-icon landscape'>\n\t\t\t\t\t<a class=\"rollover rollover-zoom dt-pswp-item\" title=\"932d6fde-2c8c-4b6a-9dcc-c9786f42e50d\" data-dt-img-description=\"\" data-large_image_width=\"1080\" data-large_image_height=\"604\"href='https:\/\/www.radiopiu.net\/wordpress\/wp-content\/uploads\/2024\/12\/932d6fde-2c8c-4b6a-9dcc-c9786f42e50d.jpg'><img loading=\"lazy\" decoding=\"async\" width=\"300\" height=\"168\" src=\"https:\/\/www.radiopiu.net\/wordpress\/wp-content\/uploads\/2024\/12\/932d6fde-2c8c-4b6a-9dcc-c9786f42e50d-300x168.jpg\" class=\"attachment-medium size-medium\" alt=\"\" srcset=\"https:\/\/www.radiopiu.net\/wordpress\/wp-content\/uploads\/2024\/12\/932d6fde-2c8c-4b6a-9dcc-c9786f42e50d-300x168.jpg 300w, https:\/\/www.radiopiu.net\/wordpress\/wp-content\/uploads\/2024\/12\/932d6fde-2c8c-4b6a-9dcc-c9786f42e50d-1024x573.jpg 1024w, https:\/\/www.radiopiu.net\/wordpress\/wp-content\/uploads\/2024\/12\/932d6fde-2c8c-4b6a-9dcc-c9786f42e50d-768x430.jpg 768w, https:\/\/www.radiopiu.net\/wordpress\/wp-content\/uploads\/2024\/12\/932d6fde-2c8c-4b6a-9dcc-c9786f42e50d.jpg 1080w\" sizes=\"auto, (max-width: 300px) 100vw, 300px\" \/><\/a>\n\t\t\t\t<\/dt><\/dl><br style=\"clear: both\" \/>\n\t\t\t<\/div>\n\n<p>&nbsp;<\/p>\n<p><iframe loading=\"lazy\" title=\"Il Concerto di Natale al Supermercato SuperW di Agordo\" width=\"1200\" height=\"675\" src=\"https:\/\/www.youtube.com\/embed\/9UGADGLN0ZM?feature=oembed\" frameborder=\"0\" allow=\"accelerometer; autoplay; clipboard-write; encrypted-media; gyroscope; picture-in-picture; web-share\" referrerpolicy=\"strict-origin-when-cross-origin\" allowfullscreen><\/iframe><\/p>\n<p>&nbsp;<\/p>\n<p>&nbsp;<\/p>\n<hr \/>\n<p>&nbsp;<\/p>\n<blockquote>\n<h3>VOLONTARIATO CHE CONTA, IL PRESEPE DI TAIBON &#8211; FOTO _<\/h3>\n<\/blockquote>\n<p><strong>TAIBON<\/strong> Pubblichiamo con piacere e con i complimenti di entusiasmo, alcune foto del presepe in chiesa a Taibon Agordino.<\/p>\n\n\t\t\t<style type='text\/css'>\n\t\t\t\t#gallery-7 {\n\t\t\t\t\tmargin: auto;\n\t\t\t\t}\n\t\t\t\t#gallery-7 .gallery-item {\n\t\t\t\t\tfloat: left;\n\t\t\t\t\tmargin-top: 10px;\n\t\t\t\t\ttext-align: center;\n\t\t\t\t\twidth: 25%;\n\t\t\t\t}\n\t\t\t\t#gallery-7 img {\n\t\t\t\t\tborder: 2px solid #cfcfcf;\n\t\t\t\t}\n\t\t\t\t#gallery-7 .gallery-caption {\n\t\t\t\t\tmargin-left: 0;\n\t\t\t\t}\n\t\t\t\t\/* see gallery_shortcode() in wp-includes\/media.php *\/\n\t\t\t<\/style>\n\t\t<div id='gallery-7' class='dt-gallery-container gallery galleryid-426208 gallery-columns-4 gallery-size-thumbnail'><dl class='gallery-item'>\n\t\t\t\t<dt class='gallery-icon landscape'>\n\t\t\t\t\t<a class=\"rollover rollover-zoom dt-pswp-item\" title=\"462580052_558007437058817_6591845292807497700_n\" data-dt-img-description=\"\" data-large_image_width=\"960\" data-large_image_height=\"720\"href='https:\/\/www.radiopiu.net\/wordpress\/wp-content\/uploads\/2024\/12\/462580052_558007437058817_6591845292807497700_n.jpg'><img loading=\"lazy\" decoding=\"async\" width=\"150\" height=\"150\" src=\"https:\/\/www.radiopiu.net\/wordpress\/wp-content\/uploads\/2024\/12\/462580052_558007437058817_6591845292807497700_n-150x150.jpg\" class=\"attachment-thumbnail size-thumbnail\" alt=\"\" \/><\/a>\n\t\t\t\t<\/dt><\/dl><dl class='gallery-item'>\n\t\t\t\t<dt class='gallery-icon landscape'>\n\t\t\t\t\t<a class=\"rollover rollover-zoom dt-pswp-item\" title=\"467475891_991651779650986_46117814902163575_n\" data-dt-img-description=\"\" data-large_image_width=\"960\" data-large_image_height=\"720\"href='https:\/\/www.radiopiu.net\/wordpress\/wp-content\/uploads\/2024\/12\/467475891_991651779650986_46117814902163575_n.jpg'><img loading=\"lazy\" decoding=\"async\" width=\"150\" height=\"150\" src=\"https:\/\/www.radiopiu.net\/wordpress\/wp-content\/uploads\/2024\/12\/467475891_991651779650986_46117814902163575_n-150x150.jpg\" class=\"attachment-thumbnail size-thumbnail\" alt=\"\" \/><\/a>\n\t\t\t\t<\/dt><\/dl><dl class='gallery-item'>\n\t\t\t\t<dt class='gallery-icon landscape'>\n\t\t\t\t\t<a class=\"rollover rollover-zoom dt-pswp-item\" title=\"462565472_2737220133123104_2480252318500657890_n\" data-dt-img-description=\"\" data-large_image_width=\"960\" data-large_image_height=\"720\"href='https:\/\/www.radiopiu.net\/wordpress\/wp-content\/uploads\/2024\/12\/462565472_2737220133123104_2480252318500657890_n.jpg'><img loading=\"lazy\" decoding=\"async\" width=\"150\" height=\"150\" src=\"https:\/\/www.radiopiu.net\/wordpress\/wp-content\/uploads\/2024\/12\/462565472_2737220133123104_2480252318500657890_n-150x150.jpg\" class=\"attachment-thumbnail size-thumbnail\" alt=\"\" \/><\/a>\n\t\t\t\t<\/dt><\/dl><dl class='gallery-item'>\n\t\t\t\t<dt class='gallery-icon landscape'>\n\t\t\t\t\t<a class=\"rollover rollover-zoom dt-pswp-item\" title=\"466872023_621548787204233_6044151908323334767_n\" data-dt-img-description=\"\" data-large_image_width=\"960\" data-large_image_height=\"720\"href='https:\/\/www.radiopiu.net\/wordpress\/wp-content\/uploads\/2024\/12\/466872023_621548787204233_6044151908323334767_n.jpg'><img loading=\"lazy\" decoding=\"async\" width=\"150\" height=\"150\" src=\"https:\/\/www.radiopiu.net\/wordpress\/wp-content\/uploads\/2024\/12\/466872023_621548787204233_6044151908323334767_n-150x150.jpg\" class=\"attachment-thumbnail size-thumbnail\" alt=\"\" \/><\/a>\n\t\t\t\t<\/dt><\/dl><br style=\"clear: both\" \/><dl class='gallery-item'>\n\t\t\t\t<dt class='gallery-icon landscape'>\n\t\t\t\t\t<a class=\"rollover rollover-zoom dt-pswp-item\" title=\"467481701_920459873544323_8967831831263518035_n\" data-dt-img-description=\"\" data-large_image_width=\"960\" data-large_image_height=\"720\"href='https:\/\/www.radiopiu.net\/wordpress\/wp-content\/uploads\/2024\/12\/467481701_920459873544323_8967831831263518035_n.jpg'><img loading=\"lazy\" decoding=\"async\" width=\"150\" height=\"150\" src=\"https:\/\/www.radiopiu.net\/wordpress\/wp-content\/uploads\/2024\/12\/467481701_920459873544323_8967831831263518035_n-150x150.jpg\" class=\"attachment-thumbnail size-thumbnail\" alt=\"\" \/><\/a>\n\t\t\t\t<\/dt><\/dl><dl class='gallery-item'>\n\t\t\t\t<dt class='gallery-icon landscape'>\n\t\t\t\t\t<a class=\"rollover rollover-zoom dt-pswp-item\" title=\"462582351_1122998442867459_4048801062567697383_n\" data-dt-img-description=\"\" data-large_image_width=\"960\" data-large_image_height=\"720\"href='https:\/\/www.radiopiu.net\/wordpress\/wp-content\/uploads\/2024\/12\/462582351_1122998442867459_4048801062567697383_n.jpg'><img loading=\"lazy\" decoding=\"async\" width=\"150\" height=\"150\" src=\"https:\/\/www.radiopiu.net\/wordpress\/wp-content\/uploads\/2024\/12\/462582351_1122998442867459_4048801062567697383_n-150x150.jpg\" class=\"attachment-thumbnail size-thumbnail\" alt=\"\" \/><\/a>\n\t\t\t\t<\/dt><\/dl><dl class='gallery-item'>\n\t\t\t\t<dt class='gallery-icon landscape'>\n\t\t\t\t\t<a class=\"rollover rollover-zoom dt-pswp-item\" title=\"466956906_1587520808561956_7859678028773214480_n\" data-dt-img-description=\"\" data-large_image_width=\"960\" data-large_image_height=\"720\"href='https:\/\/www.radiopiu.net\/wordpress\/wp-content\/uploads\/2024\/12\/466956906_1587520808561956_7859678028773214480_n.jpg'><img loading=\"lazy\" decoding=\"async\" width=\"150\" height=\"150\" src=\"https:\/\/www.radiopiu.net\/wordpress\/wp-content\/uploads\/2024\/12\/466956906_1587520808561956_7859678028773214480_n-150x150.jpg\" class=\"attachment-thumbnail size-thumbnail\" alt=\"\" \/><\/a>\n\t\t\t\t<\/dt><\/dl><dl class='gallery-item'>\n\t\t\t\t<dt class='gallery-icon landscape'>\n\t\t\t\t\t<a class=\"rollover rollover-zoom dt-pswp-item\" title=\"467228757_1526473698063335_1188300506797858095_n\" data-dt-img-description=\"\" data-large_image_width=\"960\" data-large_image_height=\"720\"href='https:\/\/www.radiopiu.net\/wordpress\/wp-content\/uploads\/2024\/12\/467228757_1526473698063335_1188300506797858095_n.jpg'><img loading=\"lazy\" decoding=\"async\" width=\"150\" height=\"150\" src=\"https:\/\/www.radiopiu.net\/wordpress\/wp-content\/uploads\/2024\/12\/467228757_1526473698063335_1188300506797858095_n-150x150.jpg\" class=\"attachment-thumbnail size-thumbnail\" alt=\"\" \/><\/a>\n\t\t\t\t<\/dt><\/dl><br style=\"clear: both\" \/>\n\t\t\t<\/div>\n\n<p>&nbsp;<\/p>\n<p>&nbsp;<\/p>\n<p>&nbsp;<\/p>\n<hr \/>\n<p>&nbsp;<\/p>\n<blockquote>\n<h3>UNA FELTRE INNEVATA ASPETTA IL NATALE<\/h3>\n<\/blockquote>\n<p><strong><a class=\"dt-pswp-item\" href=\"https:\/\/www.radiopiu.net\/wordpress\/wp-content\/uploads\/2024\/12\/Il-Sindaco-di-Feltre-Viviana-Fusaro-in-Piazza-Maggiore-scaled.jpg\" data-dt-img-description=\"\" data-large_image_width=\"2560\" data-large_image_height=\"1920\"><img loading=\"lazy\" decoding=\"async\" class=\" wp-image-426410 alignleft\" src=\"https:\/\/www.radiopiu.net\/wordpress\/wp-content\/uploads\/2024\/12\/Il-Sindaco-di-Feltre-Viviana-Fusaro-in-Piazza-Maggiore-300x225.jpg\" alt=\"\" width=\"143\" height=\"107\" srcset=\"https:\/\/www.radiopiu.net\/wordpress\/wp-content\/uploads\/2024\/12\/Il-Sindaco-di-Feltre-Viviana-Fusaro-in-Piazza-Maggiore-300x225.jpg 300w, https:\/\/www.radiopiu.net\/wordpress\/wp-content\/uploads\/2024\/12\/Il-Sindaco-di-Feltre-Viviana-Fusaro-in-Piazza-Maggiore-1024x768.jpg 1024w, https:\/\/www.radiopiu.net\/wordpress\/wp-content\/uploads\/2024\/12\/Il-Sindaco-di-Feltre-Viviana-Fusaro-in-Piazza-Maggiore-768x576.jpg 768w, https:\/\/www.radiopiu.net\/wordpress\/wp-content\/uploads\/2024\/12\/Il-Sindaco-di-Feltre-Viviana-Fusaro-in-Piazza-Maggiore-1536x1152.jpg 1536w, https:\/\/www.radiopiu.net\/wordpress\/wp-content\/uploads\/2024\/12\/Il-Sindaco-di-Feltre-Viviana-Fusaro-in-Piazza-Maggiore-2048x1536.jpg 2048w\" sizes=\"auto, (max-width: 143px) 100vw, 143px\" \/><\/a>FELTRE<\/strong> Il Natale 2024 a Feltre si presenta in un\u2019atmosfera magica, grazie a un candido manto di neve che ha avvolto la citt\u00e0. Il Sindaco Viviana Fusaro ha sottolineato l\u2019importanza di vivere appieno questo periodo, tra tradizioni, accoglienza e momenti di condivisione. Il centro storico, illuminato e decorato, ospita mercatini natalizi, spettacoli per bambini, e attivit\u00e0 culturali come le visite al Teatro de La Sena. Stefano De Marco, presidente dell\u2019Associazione Feltre nel Cuore, ha celebrato il successo delle iniziative, tra cui spettacoli emozionanti e l\u2019arrivo del Grinch. La Vigilia sar\u00e0 ricca di eventi, con mercatini, animazioni, performance artistiche e una carrozza magica che trasporter\u00e0 i visitatori in un viaggio incantato. Feltre si conferma una citt\u00e0 capace di unire tradizione e bellezza, regalando esperienze indimenticabili.<\/p>\n<p>&nbsp;<\/p>\n<p>&nbsp;<\/p>\n<hr \/>\n<p>&nbsp;<\/p>\n<blockquote>\n<h3>Telefonia mobile: meno di 7 euro al mese per soddisfare il consumo dati medio<\/h3>\n<\/blockquote>\n<p><strong><img loading=\"lazy\" decoding=\"async\" class=\"alignleft\" src=\"https:\/\/www.radiopiu.net\/wordpress\/wp-content\/uploads\/2024\/02\/telefono.png\" width=\"190\" height=\"165\" \/>L\u2019indagine dell\u2019Osservatorio SOStariffe.it<\/strong><\/p>\n<p>Negli ultimi anni il consumo di traffico dati da SIM Card \u00e8 quasi triplicato rispetto al 2020, arrivando a una media giornaliera di 0,84 GB (circa 25 GB al mese). Le offerte di telefonia mobile si sono adeguate, includendo sempre pi\u00f9 Giga: la media \u00e8 passata da 52 GB a 191 GB per offerta, con un costo calato da 10,81 a 9,40 euro al mese. Per gli utenti con consumi medi, 6,73 euro mensili garantiscono 45 GB, mentre i profili avanzati con esigenze pi\u00f9 elevate possono accedere a offerte con Giga illimitati a circa 16,41 euro al mese.<\/p>\n<p>&nbsp;<\/p>\n<p>&nbsp;<\/p>\n<p>&nbsp;<\/p>\n<hr \/>\n<h2><\/h2>\n<header class=\"entry-header\" aria-label=\"Contenuto\">\n<h1 class=\"entry-title\"><a class=\"dt-pswp-item\" href=\"https:\/\/www.radiopiu.net\/wordpress\/wp-content\/uploads\/2024\/12\/WhatsApp-Image-2024-12-13-at-11.29.03-1.jpg\" data-dt-img-description=\"\" data-large_image_width=\"800\" data-large_image_height=\"382\"><img loading=\"lazy\" decoding=\"async\" class=\"size-medium wp-image-426333 alignleft\" src=\"https:\/\/www.radiopiu.net\/wordpress\/wp-content\/uploads\/2024\/12\/WhatsApp-Image-2024-12-13-at-11.29.03-1-300x143.jpg\" alt=\"\" width=\"300\" height=\"143\" srcset=\"https:\/\/www.radiopiu.net\/wordpress\/wp-content\/uploads\/2024\/12\/WhatsApp-Image-2024-12-13-at-11.29.03-1-300x143.jpg 300w, https:\/\/www.radiopiu.net\/wordpress\/wp-content\/uploads\/2024\/12\/WhatsApp-Image-2024-12-13-at-11.29.03-1-768x367.jpg 768w, https:\/\/www.radiopiu.net\/wordpress\/wp-content\/uploads\/2024\/12\/WhatsApp-Image-2024-12-13-at-11.29.03-1.jpg 800w\" sizes=\"auto, (max-width: 300px) 100vw, 300px\" \/><\/a>\u201cL\u2019eredit\u00e0\u00a0delle\u00a0Olimpiadi\u00a01956\u201d \u00e8 la trasmissione prodotta da Radio Club 103 e in onda su \u201cLe Tre Radio\u201d con il patrocinio della Fondazione Cortina. Audio<\/h1>\n<div class=\"entry-meta\"><span class=\"posted-on\"><time class=\"entry-date published\" datetime=\"2024-12-17T09:48:00+01:00\">17 Dicembre 2024<\/time><\/span><\/div>\n<\/header>\n<div class=\"entry-content\">\n<p class=\"has-text-align-center\">Un viaggio nel passato che dal\u00a0<strong>17 dic<\/strong>embre e\u00a0per\u00a0due mesi\u00a0e\u00a0mezzo, accompagner\u00e0 alla\u00a0<strong>riscoperta\u00a0delle\u00a0storiche\u00a0Olimpiadi\u00a0Invernali di\u00a0Cortina\u00a0d\u2019Ampezzo\u00a0del\u00a01956<\/strong>, un evento che ha segnato la storia di\u00a0Cortina\u00a0e\u00a0dell\u2019Italia tutta.<\/p>\n<p>&nbsp;<\/p>\n<p><strong>PUNTATA 01<\/strong><\/p>\n<audio class=\"wp-audio-shortcode\" id=\"audio-426208-19\" preload=\"none\" style=\"width: 100%;\" controls=\"controls\"><source type=\"audio\/mpeg\" src=\"https:\/\/www.radiopiu.net\/wordpress\/wp-content\/uploads\/2024\/12\/TX_NR1_REMIX_12_12_24_OK99zm7.mp3?_=19\" \/><a href=\"https:\/\/www.radiopiu.net\/wordpress\/wp-content\/uploads\/2024\/12\/TX_NR1_REMIX_12_12_24_OK99zm7.mp3\">https:\/\/www.radiopiu.net\/wordpress\/wp-content\/uploads\/2024\/12\/TX_NR1_REMIX_12_12_24_OK99zm7.mp3<\/a><\/audio>\n<p>&nbsp;<\/p>\n<p><strong>PUNTATA 02<\/strong><\/p>\n<audio class=\"wp-audio-shortcode\" id=\"audio-426208-20\" preload=\"none\" style=\"width: 100%;\" controls=\"controls\"><source type=\"audio\/mpeg\" src=\"https:\/\/www.radiopiu.net\/wordpress\/wp-content\/uploads\/2024\/12\/olimpiadiTX-NR.-2.mp3?_=20\" \/><a href=\"https:\/\/www.radiopiu.net\/wordpress\/wp-content\/uploads\/2024\/12\/olimpiadiTX-NR.-2.mp3\">https:\/\/www.radiopiu.net\/wordpress\/wp-content\/uploads\/2024\/12\/olimpiadiTX-NR.-2.mp3<\/a><\/audio>\n<\/div>\n<p>&nbsp;<\/p>\n<p>&nbsp;<\/p>\n<hr \/>\n<p>&nbsp;<\/p>\n<blockquote>\n<h2>SALUTE E SOCIETA&#8217; CON IL DOTTOR, MARCO CARACCIOLO<\/h2>\n<p><a class=\"dt-pswp-item\" href=\"https:\/\/www.radiopiu.net\/wordpress\/wp-content\/uploads\/2018\/09\/salutesocieta.gif\" data-dt-img-description=\"\" data-large_image_width=\"250\" data-large_image_height=\"175\"><img loading=\"lazy\" decoding=\"async\" class=\"size-full wp-image-60766 alignleft\" src=\"https:\/\/www.radiopiu.net\/wordpress\/wp-content\/uploads\/2018\/09\/salutesocieta.gif\" alt=\"\" width=\"250\" height=\"175\" \/><\/a><strong>San Antonio Breast Cancer Symposium<\/strong><\/p>\n<p>Ogni anno, il San Antonio Breast Cancer Symposium presenta le ultime ricerche sulla biologia sperimentale, l&#8217;eziologia, la prevenzione, la diagnosi e il trattamento del cancro al seno e delle malattie premaligne del seno, compresi i dati degli ultimi studi clinici. Ogni anno al simposio partecipano migliaia di ricercatori di base, medici, scienziati, ricercatori clinici e operatori sanitari.<\/p>\n<p>&nbsp;<\/p><\/blockquote>\n<audio class=\"wp-audio-shortcode\" id=\"audio-426208-21\" preload=\"none\" style=\"width: 100%;\" controls=\"controls\"><source type=\"audio\/mpeg\" src=\"https:\/\/www.radiopiu.net\/wordpress\/wp-content\/uploads\/2024\/12\/SALUTE-3.mp3?_=21\" \/><a href=\"https:\/\/www.radiopiu.net\/wordpress\/wp-content\/uploads\/2024\/12\/SALUTE-3.mp3\">https:\/\/www.radiopiu.net\/wordpress\/wp-content\/uploads\/2024\/12\/SALUTE-3.mp3<\/a><\/audio>\n<p>&nbsp;<\/p>\n<h2><a class=\"dt-pswp-item\" href=\"https:\/\/www.radiopiu.net\/wordpress\/wp-content\/uploads\/2024\/12\/Senza-nome-104.png\" data-dt-img-description=\"\" data-large_image_width=\"465\" data-large_image_height=\"318\"><img loading=\"lazy\" decoding=\"async\" class=\" wp-image-426283 alignleft\" src=\"https:\/\/www.radiopiu.net\/wordpress\/wp-content\/uploads\/2024\/12\/Senza-nome-104-300x205.png\" alt=\"\" width=\"181\" height=\"124\" srcset=\"https:\/\/www.radiopiu.net\/wordpress\/wp-content\/uploads\/2024\/12\/Senza-nome-104-300x205.png 300w, https:\/\/www.radiopiu.net\/wordpress\/wp-content\/uploads\/2024\/12\/Senza-nome-104.png 465w\" sizes=\"auto, (max-width: 181px) 100vw, 181px\" \/><\/a><\/h2>\n<p><strong>Virus respiratorio sinciziale &#8211; Orecchio bionico <\/strong>1. Il virus respiratorio sinciziale \u00e8 la terza causa pi\u00f9 frequente di malattia del tratto respiratorio negli adulti, in Italia si stima provochi ogni anno 290mila casi d\u2019infezione respiratoria acuta, 26mila ospedalizzazioni e 1800 decessi in ospedale. 2. L&#8217;orecchio bionico \u00e8 una tecnologia che \u00e8 diventata prassi negli ultimi anni, con risultati lusinghieri che permettono al paziente di ripristinare un udito simmetrico e bilanciat<\/p>\n<p>&nbsp;<\/p>\n<audio class=\"wp-audio-shortcode\" id=\"audio-426208-22\" preload=\"none\" style=\"width: 100%;\" controls=\"controls\"><source type=\"audio\/mpeg\" src=\"https:\/\/www.radiopiu.net\/wordpress\/wp-content\/uploads\/2024\/12\/SALUTE2.mp3?_=22\" \/><a href=\"https:\/\/www.radiopiu.net\/wordpress\/wp-content\/uploads\/2024\/12\/SALUTE2.mp3\">https:\/\/www.radiopiu.net\/wordpress\/wp-content\/uploads\/2024\/12\/SALUTE2.mp3<\/a><\/audio>\n<p>&nbsp;<\/p>\n<p>&nbsp;<\/p>\n<p>&nbsp;<\/p>\n<p>&nbsp;<\/p>\n<hr \/>\n<p>&nbsp;<\/p>\n<blockquote>\n<h2>Minou di Natale, persa ad agosto ritrovata a Natale.<\/h2>\n<\/blockquote>\n<p><strong>di\u00a0 ILIANA COMINA<\/strong><\/p>\n<p>&nbsp;<\/p>\n<p><a class=\"dt-pswp-item\" href=\"https:\/\/www.radiopiu.net\/wordpress\/wp-content\/uploads\/2024\/12\/WhatsApp-Image-2024-12-19-at-08.49.41.jpeg\" data-dt-img-description=\"\" data-large_image_width=\"903\" data-large_image_height=\"1053\"><img loading=\"lazy\" decoding=\"async\" class=\"size-medium wp-image-425963 alignleft\" src=\"https:\/\/www.radiopiu.net\/wordpress\/wp-content\/uploads\/2024\/12\/WhatsApp-Image-2024-12-19-at-08.49.41-257x300.jpeg\" alt=\"\" width=\"257\" height=\"300\" srcset=\"https:\/\/www.radiopiu.net\/wordpress\/wp-content\/uploads\/2024\/12\/WhatsApp-Image-2024-12-19-at-08.49.41-257x300.jpeg 257w, https:\/\/www.radiopiu.net\/wordpress\/wp-content\/uploads\/2024\/12\/WhatsApp-Image-2024-12-19-at-08.49.41-878x1024.jpeg 878w, https:\/\/www.radiopiu.net\/wordpress\/wp-content\/uploads\/2024\/12\/WhatsApp-Image-2024-12-19-at-08.49.41-768x896.jpeg 768w, https:\/\/www.radiopiu.net\/wordpress\/wp-content\/uploads\/2024\/12\/WhatsApp-Image-2024-12-19-at-08.49.41.jpeg 903w\" sizes=\"auto, (max-width: 257px) 100vw, 257px\" \/><\/a>Questa estate le volontarie di Randagi Agordini sono state contattate da un signore che segnalava una gatta dall&#8217;apparenza domestica in una zona di Gosaldo piuttosto isolata, le volontarie sono intervenute e si \u00e8 pensato ad un abbandono anche perch\u00e8 in quella zona purtroppo sono frequenti i ritrovamenti di animali abbandonati da persone incivili.<br \/>\nLa gatta presentava qualche problema di salute, \u00e8 subito stata accudita e le veterinarie di Agordo le hanno prestato le prime cure.<br \/>\nSu Radio Pi\u00f9 era stato fatto appello per il ritrovamento <a href=\"https:\/\/www.radiopiu.net\/wordpress\/gosaldo-persa-o-abbandonata\/\">(qui l&#8217;articolo)<\/a> ma nessuno si \u00e8 fatto vivo.<\/p>\n<p>Ma proprio in questi giorni la proprietaria ha contattato le volontarie riconoscendo la gatta che aveva perduto e questa \u00e8 la sua storia:<\/p>\n<p><em>La gattina era stata trovata in Abruzzo in pessime condizioni la bocca era gi\u00e0 malmessa era gravida ma i gattini erano morti ancor prima di nascere.<\/em><br \/>\n<em>Hanno trovato un stallo a Roma , io cercavo una gatta su Firenze ma mi hanno contattata le volontarie di Roma gli ho chiesto di darmi la pi\u00f9 malmessa ed \u00e8 arrivata la Minou era una gattina impaurita e diffidente si \u00e8 rifugiata nel mio letto i primi giorni per farla mangiare e fare i bisogni la prendevo in braccio e la portavo io piano piano esplorava altre stanze ma ci ha messo quasi tre mesi per entrare in tutte .<\/em><br \/>\n<em>Si \u00e8 ripresa, il pelo da crespo \u00e8 tornato bello morbido (so che \u00e8 indicativo per la salute dei gatti).<\/em><br \/>\n<em>Quest&#8217;anno ho provato a portarla con me a Gosaldo in fraz.Masoch dove mia suocera ha la sua casa (dove \u00e8 nata) in data primo agosto come siamo arrivati a casa e aperto il trasportino \u00e8 scappata abbiamo provato a riprenderla ma senza successo.<\/em><br \/>\n<em><a class=\"dt-pswp-item\" href=\"https:\/\/www.radiopiu.net\/wordpress\/wp-content\/uploads\/2024\/12\/WhatsApp-Image-2024-12-19-at-08.49.41-1.jpeg\" data-dt-img-description=\"\" data-large_image_width=\"1037\" data-large_image_height=\"1440\"><img loading=\"lazy\" decoding=\"async\" class=\"size-medium wp-image-425964 alignleft\" src=\"https:\/\/www.radiopiu.net\/wordpress\/wp-content\/uploads\/2024\/12\/WhatsApp-Image-2024-12-19-at-08.49.41-1-216x300.jpeg\" alt=\"\" width=\"216\" height=\"300\" srcset=\"https:\/\/www.radiopiu.net\/wordpress\/wp-content\/uploads\/2024\/12\/WhatsApp-Image-2024-12-19-at-08.49.41-1-216x300.jpeg 216w, https:\/\/www.radiopiu.net\/wordpress\/wp-content\/uploads\/2024\/12\/WhatsApp-Image-2024-12-19-at-08.49.41-1-737x1024.jpeg 737w, https:\/\/www.radiopiu.net\/wordpress\/wp-content\/uploads\/2024\/12\/WhatsApp-Image-2024-12-19-at-08.49.41-1-768x1066.jpeg 768w, https:\/\/www.radiopiu.net\/wordpress\/wp-content\/uploads\/2024\/12\/WhatsApp-Image-2024-12-19-at-08.49.41-1.jpeg 1037w\" sizes=\"auto, (max-width: 216px) 100vw, 216px\" \/><\/a>Nei giorni a seguire mio figlio ha cercato fino a valle ma niente.<\/em><br \/>\n<em>Seguivamo facebook per vedere se era stata trovata ma niente .<\/em><br \/>\n<em>Quando poi siamo dovuti rientrare a Firenze.<\/em><br \/>\n<em>Io non mi davo pace e ogni sera guardavo su vari siti includendo anche il trentino ma niente fino alla sera di lunedi dove ho provato a digitare gosaldo gatti ed \u00e8 apparsa la Minou che ho riconosciuto immediatamente il resto lo conoscete.<br \/>\n(l&#8217;articolo era quello segnalato sopra)<\/em><\/p>\n<p>Ed ecco che a volte le favole di Natale diventano realt\u00e0.<br \/>\nMinou \u00e8 ritornata dalla sua famiglia anche se lascia un vuoto nella casa della volontaria che l&#8217;ha accudita fino ad ora con amore.<\/p>\n<p>Questa storia \u00e8 finita bene, ma molti sono gli animali persi ogni giorno, senza voler fare nessuna polemica consigliamo di non spostare i gatti durante le vacanze a meno che non siano davvero abituati a viaggiare e che le case di destinazione siano sicure e la sorveglianza efficace. Piuttosto trovate una persona di fiducia che passi a controllare il micio e a nutrirlo una o due volte al giorno, i gatti riescono a sopportare senza troppe difficolt\u00e0 qualche giorno in casa da soli se ben accuditi.<br \/>\nCi troviamo spesso ad intervenire per piazzare gabbie cattura in luoghi in cui sono scappati i gatti. Questi animali faticano ad adattarsi a nuovi ambienti e il loro istinto di fuga li porta a cercare di uscire, una volta all&#8217;esterno la paura li immobilizza in genere in luoghi non lontani da casa. Rimangono nascosti anche per giorni senza cibo ne acqua la paura ha il sopravvento finch\u00e8 spinti dalla fame cominciano a vagare, di solito di notte. A quel punto spesso i proprietari devono ripartire e gli animali diventano randagi. Un gatto domestico si adatta molto male alla vita da randagio perch\u00e8 non \u00e8 abituato a cercare e cacciare il cibo, non sa come e dove trovare acqua ed \u00e8 estraneo alle colonie feline da cui viene il pi\u00f9 delle volte attaccato e non accolto.<br \/>\nCustodite i vostri animali con tutte le accortezze del caso e soprattutto durante le vacanze e a Capodanno proteggeteli dai botti che li terrorizzano e li spingono a fuggire.<\/p>\n<p>&nbsp;<\/p>\n<p>&nbsp;<\/p>\n<hr \/>\n<p>&nbsp;<\/p>\n<blockquote><p><strong>San Vito al Tagliamento: una scoperta tra arte, storia e cultura<\/strong><\/p><\/blockquote>\n<p><a class=\"dt-pswp-item\" href=\"https:\/\/www.radiopiu.net\/wordpress\/wp-content\/uploads\/2024\/12\/parte-del-gruppo-TCI-in-sala-consiliare2.jpg\" data-dt-img-description=\"\" data-large_image_width=\"1600\" data-large_image_height=\"901\"><img loading=\"lazy\" decoding=\"async\" class=\" wp-image-426350 alignleft\" src=\"https:\/\/www.radiopiu.net\/wordpress\/wp-content\/uploads\/2024\/12\/parte-del-gruppo-TCI-in-sala-consiliare2-300x169.jpg\" alt=\"\" width=\"249\" height=\"140\" srcset=\"https:\/\/www.radiopiu.net\/wordpress\/wp-content\/uploads\/2024\/12\/parte-del-gruppo-TCI-in-sala-consiliare2-300x169.jpg 300w, https:\/\/www.radiopiu.net\/wordpress\/wp-content\/uploads\/2024\/12\/parte-del-gruppo-TCI-in-sala-consiliare2-1024x577.jpg 1024w, https:\/\/www.radiopiu.net\/wordpress\/wp-content\/uploads\/2024\/12\/parte-del-gruppo-TCI-in-sala-consiliare2-768x432.jpg 768w, https:\/\/www.radiopiu.net\/wordpress\/wp-content\/uploads\/2024\/12\/parte-del-gruppo-TCI-in-sala-consiliare2-1536x865.jpg 1536w, https:\/\/www.radiopiu.net\/wordpress\/wp-content\/uploads\/2024\/12\/parte-del-gruppo-TCI-in-sala-consiliare2.jpg 1600w\" sizes=\"auto, (max-width: 249px) 100vw, 249px\" \/><\/a><strong>BELLUNO<\/strong> Il Club di Territorio Touring di Belluno ha scelto San Vito al Tagliamento, Bandiera Arancione del Touring Club Italiano, per il tradizionale appuntamento di fine anno. Cinquanta soci hanno esplorato il borgo friulano, guidati da Angelo Battel, esperto di storia e cultura locale. Tra le tappe principali: il Teatro Sociale Gian Giacomo Arrigoni, il Castello, la Chiesa dell\u2019Annunziata, Palazzo Altan e il Museo della Vita Contadina. La giornata si \u00e8 conclusa con una visita al Duomo e al suggestivo centro storico, lasciando i partecipanti affascinati dalla vivacit\u00e0 culturale del borgo.<\/p>\n<p>&nbsp;<\/p>\n<p>&nbsp;<\/p>\n<p>&nbsp;<\/p>\n<hr \/>\n<p>&nbsp;<\/p>\n<blockquote>\n<h3>AGORDINO: OLTRE LE MONTAGNE E L\u2019OCEANO. IL LIBRO DI LUISA MANFROI E MORENO DE ZAIACOMO<\/h3>\n<\/blockquote>\n<p><strong><a class=\"dt-pswp-item\" href=\"https:\/\/www.radiopiu.net\/wordpress\/wp-content\/uploads\/2024\/12\/Libro-Agordino-oltre-le-montagne-e-loceano.jpg\" data-dt-img-description=\"\" data-large_image_width=\"2048\" data-large_image_height=\"1457\"><img loading=\"lazy\" decoding=\"async\" class=\" wp-image-426201 alignleft\" src=\"https:\/\/www.radiopiu.net\/wordpress\/wp-content\/uploads\/2024\/12\/Libro-Agordino-oltre-le-montagne-e-loceano-300x213.jpg\" alt=\"\" width=\"219\" height=\"155\" srcset=\"https:\/\/www.radiopiu.net\/wordpress\/wp-content\/uploads\/2024\/12\/Libro-Agordino-oltre-le-montagne-e-loceano-300x213.jpg 300w, https:\/\/www.radiopiu.net\/wordpress\/wp-content\/uploads\/2024\/12\/Libro-Agordino-oltre-le-montagne-e-loceano-1024x729.jpg 1024w, https:\/\/www.radiopiu.net\/wordpress\/wp-content\/uploads\/2024\/12\/Libro-Agordino-oltre-le-montagne-e-loceano-768x546.jpg 768w, https:\/\/www.radiopiu.net\/wordpress\/wp-content\/uploads\/2024\/12\/Libro-Agordino-oltre-le-montagne-e-loceano-1536x1093.jpg 1536w, https:\/\/www.radiopiu.net\/wordpress\/wp-content\/uploads\/2024\/12\/Libro-Agordino-oltre-le-montagne-e-loceano.jpg 2048w\" sizes=\"auto, (max-width: 219px) 100vw, 219px\" \/><\/a>REDAZIONE <\/strong>\u00c8 uscito in questi giorni il libro di Luisa Manfroi e Moreno De Zaiacomo: \u201cAGORDINO: OLTRE LE MONTAGNE E L\u2019OCEANO. L\u2019emigrazione dai comuni della Valle del Biois e dell\u2019alta Valle del Cordevole verso gli Stati Uniti d\u2019America\u201d. Un viaggio tra le vite di coloro che hanno lasciato i comuni agordini della Valle del Biois e dell&#8217;alta Valle del Cordevole, in provincia di Belluno, per cercare fortuna negli Stati Uniti d&#8217;America. Attraverso la ricerca, i racconti personali, le vicende, le immagini evocative, gli elenchi dei viaggi e dei passeggeri agordini che hanno varcato l&#8217;Oceano Atlantico, viene dato un volto e una storia ad alcuni dei nomi sui registri di immigrazione di Ellis Island, nella baia di New York, svelando il complesso e dinamico movimento migratorio che ha segnato l&#8217;Agordino tra la fine dell&#8217;Ottocento e la vigilia della Seconda Guerra Mondiale.<\/p>\n<p>&nbsp;<\/p>\n<p>&nbsp;<\/p>\n<hr \/>\n<p>&nbsp;<\/p>\n<blockquote>\n<h3>NATALE A FRASSENE&#8217;. MAGIA E NOVITA&#8217; PER GRANDI E PICCINI<\/h3>\n<\/blockquote>\n<p><strong>REDAZIONE <\/strong>Il Gruppo Sportivo Frassen\u00e8 porta una ventata di novit\u00e0 nella tradizionale manifestazione della vigilia di Natale. Quest\u2019anno, i bambini potranno inviare le loro letterine al Polo Nord grazie alla nuova <em>cassetta delle lettere a spedizione istantanea<\/em>. Per rendere la serata ancora pi\u00f9 speciale, un grande trono sar\u00e0 pronto ad accogliere Babbo Natale, che arriver\u00e0 stasera per regalare sorrisi e scattare foto con i pi\u00f9 piccoli. A completare l\u2019atmosfera festosa, i partecipanti potranno riscaldarsi con un bicchiere di brul\u00e8 e gustare deliziosi arrosticini. Un\u2019occasione imperdibile per vivere la magia del Natale a Frassen\u00e8<\/p>\n\n\t\t\t<style type='text\/css'>\n\t\t\t\t#gallery-8 {\n\t\t\t\t\tmargin: auto;\n\t\t\t\t}\n\t\t\t\t#gallery-8 .gallery-item {\n\t\t\t\t\tfloat: left;\n\t\t\t\t\tmargin-top: 10px;\n\t\t\t\t\ttext-align: center;\n\t\t\t\t\twidth: 33%;\n\t\t\t\t}\n\t\t\t\t#gallery-8 img {\n\t\t\t\t\tborder: 2px solid #cfcfcf;\n\t\t\t\t}\n\t\t\t\t#gallery-8 .gallery-caption {\n\t\t\t\t\tmargin-left: 0;\n\t\t\t\t}\n\t\t\t\t\/* see gallery_shortcode() in wp-includes\/media.php *\/\n\t\t\t<\/style>\n\t\t<div id='gallery-8' class='dt-gallery-container gallery galleryid-426208 gallery-columns-3 gallery-size-medium'><dl class='gallery-item'>\n\t\t\t\t<dt class='gallery-icon portrait'>\n\t\t\t\t\t<a class=\"rollover rollover-zoom dt-pswp-item\" title=\"4ddc38de-6959-4e4c-b439-241b7631952d\" data-dt-img-description=\"\" data-large_image_width=\"1920\" data-large_image_height=\"2560\"href='https:\/\/www.radiopiu.net\/wordpress\/wp-content\/uploads\/2024\/12\/4ddc38de-6959-4e4c-b439-241b7631952d-scaled.jpg'><img loading=\"lazy\" decoding=\"async\" width=\"225\" height=\"300\" src=\"https:\/\/www.radiopiu.net\/wordpress\/wp-content\/uploads\/2024\/12\/4ddc38de-6959-4e4c-b439-241b7631952d-225x300.jpg\" class=\"attachment-medium size-medium\" alt=\"\" srcset=\"https:\/\/www.radiopiu.net\/wordpress\/wp-content\/uploads\/2024\/12\/4ddc38de-6959-4e4c-b439-241b7631952d-225x300.jpg 225w, https:\/\/www.radiopiu.net\/wordpress\/wp-content\/uploads\/2024\/12\/4ddc38de-6959-4e4c-b439-241b7631952d-768x1024.jpg 768w, https:\/\/www.radiopiu.net\/wordpress\/wp-content\/uploads\/2024\/12\/4ddc38de-6959-4e4c-b439-241b7631952d-1152x1536.jpg 1152w, https:\/\/www.radiopiu.net\/wordpress\/wp-content\/uploads\/2024\/12\/4ddc38de-6959-4e4c-b439-241b7631952d-1536x2048.jpg 1536w, https:\/\/www.radiopiu.net\/wordpress\/wp-content\/uploads\/2024\/12\/4ddc38de-6959-4e4c-b439-241b7631952d-scaled.jpg 1920w\" sizes=\"auto, (max-width: 225px) 100vw, 225px\" \/><\/a>\n\t\t\t\t<\/dt><\/dl><dl class='gallery-item'>\n\t\t\t\t<dt class='gallery-icon portrait'>\n\t\t\t\t\t<a class=\"rollover rollover-zoom dt-pswp-item\" title=\"9f35a5c0-c1f0-4b6f-b8e2-a241e2d7d989\" data-dt-img-description=\"\" data-large_image_width=\"1920\" data-large_image_height=\"2560\"href='https:\/\/www.radiopiu.net\/wordpress\/wp-content\/uploads\/2024\/12\/9f35a5c0-c1f0-4b6f-b8e2-a241e2d7d989-scaled.jpg'><img loading=\"lazy\" decoding=\"async\" width=\"225\" height=\"300\" src=\"https:\/\/www.radiopiu.net\/wordpress\/wp-content\/uploads\/2024\/12\/9f35a5c0-c1f0-4b6f-b8e2-a241e2d7d989-225x300.jpg\" class=\"attachment-medium size-medium\" alt=\"\" srcset=\"https:\/\/www.radiopiu.net\/wordpress\/wp-content\/uploads\/2024\/12\/9f35a5c0-c1f0-4b6f-b8e2-a241e2d7d989-225x300.jpg 225w, https:\/\/www.radiopiu.net\/wordpress\/wp-content\/uploads\/2024\/12\/9f35a5c0-c1f0-4b6f-b8e2-a241e2d7d989-768x1024.jpg 768w, https:\/\/www.radiopiu.net\/wordpress\/wp-content\/uploads\/2024\/12\/9f35a5c0-c1f0-4b6f-b8e2-a241e2d7d989-1152x1536.jpg 1152w, https:\/\/www.radiopiu.net\/wordpress\/wp-content\/uploads\/2024\/12\/9f35a5c0-c1f0-4b6f-b8e2-a241e2d7d989-1536x2048.jpg 1536w, https:\/\/www.radiopiu.net\/wordpress\/wp-content\/uploads\/2024\/12\/9f35a5c0-c1f0-4b6f-b8e2-a241e2d7d989-scaled.jpg 1920w\" sizes=\"auto, (max-width: 225px) 100vw, 225px\" \/><\/a>\n\t\t\t\t<\/dt><\/dl><dl class='gallery-item'>\n\t\t\t\t<dt class='gallery-icon landscape'>\n\t\t\t\t\t<a class=\"rollover rollover-zoom dt-pswp-item\" title=\"d01405cf-9d5a-4d77-9162-f0ac29070be3\" data-dt-img-description=\"\" data-large_image_width=\"2560\" data-large_image_height=\"1920\"href='https:\/\/www.radiopiu.net\/wordpress\/wp-content\/uploads\/2024\/12\/d01405cf-9d5a-4d77-9162-f0ac29070be3-scaled.jpg'><img loading=\"lazy\" decoding=\"async\" width=\"300\" height=\"225\" src=\"https:\/\/www.radiopiu.net\/wordpress\/wp-content\/uploads\/2024\/12\/d01405cf-9d5a-4d77-9162-f0ac29070be3-300x225.jpg\" class=\"attachment-medium size-medium\" alt=\"\" srcset=\"https:\/\/www.radiopiu.net\/wordpress\/wp-content\/uploads\/2024\/12\/d01405cf-9d5a-4d77-9162-f0ac29070be3-300x225.jpg 300w, https:\/\/www.radiopiu.net\/wordpress\/wp-content\/uploads\/2024\/12\/d01405cf-9d5a-4d77-9162-f0ac29070be3-1024x768.jpg 1024w, https:\/\/www.radiopiu.net\/wordpress\/wp-content\/uploads\/2024\/12\/d01405cf-9d5a-4d77-9162-f0ac29070be3-768x576.jpg 768w, https:\/\/www.radiopiu.net\/wordpress\/wp-content\/uploads\/2024\/12\/d01405cf-9d5a-4d77-9162-f0ac29070be3-1536x1152.jpg 1536w, https:\/\/www.radiopiu.net\/wordpress\/wp-content\/uploads\/2024\/12\/d01405cf-9d5a-4d77-9162-f0ac29070be3-2048x1536.jpg 2048w\" sizes=\"auto, (max-width: 300px) 100vw, 300px\" \/><\/a>\n\t\t\t\t<\/dt><\/dl><br style=\"clear: both\" \/>\n\t\t\t<\/div>\n\n<p>&nbsp;<\/p>\n<hr \/>\n<p>&nbsp;<\/p>\n<p><strong>SOSPIROLO<\/strong><\/p>\n<p><strong>DI ROBERTO BONA<\/strong><\/p>\n<audio class=\"wp-audio-shortcode\" id=\"audio-426208-23\" preload=\"none\" style=\"width: 100%;\" controls=\"controls\"><source type=\"audio\/wav\" src=\"https:\/\/www.radiopiu.net\/wordpress\/wp-content\/uploads\/2024\/12\/TeatroSospirolo.wav?_=23\" \/><a href=\"https:\/\/www.radiopiu.net\/wordpress\/wp-content\/uploads\/2024\/12\/TeatroSospirolo.wav\">https:\/\/www.radiopiu.net\/wordpress\/wp-content\/uploads\/2024\/12\/TeatroSospirolo.wav<\/a><\/audio>\n<p>&nbsp;<\/p>\n<p><a class=\"dt-pswp-item\" href=\"https:\/\/www.radiopiu.net\/wordpress\/wp-content\/uploads\/2024\/12\/7c4cd1b1-0556-440c-b789-3813bb97f727.jpg\" data-dt-img-description=\"\" data-large_image_width=\"1080\" data-large_image_height=\"1600\"><img loading=\"lazy\" decoding=\"async\" class=\"size-medium wp-image-425529 aligncenter\" src=\"https:\/\/www.radiopiu.net\/wordpress\/wp-content\/uploads\/2024\/12\/7c4cd1b1-0556-440c-b789-3813bb97f727-203x300.jpg\" alt=\"\" width=\"203\" height=\"300\" srcset=\"https:\/\/www.radiopiu.net\/wordpress\/wp-content\/uploads\/2024\/12\/7c4cd1b1-0556-440c-b789-3813bb97f727-203x300.jpg 203w, https:\/\/www.radiopiu.net\/wordpress\/wp-content\/uploads\/2024\/12\/7c4cd1b1-0556-440c-b789-3813bb97f727-691x1024.jpg 691w, https:\/\/www.radiopiu.net\/wordpress\/wp-content\/uploads\/2024\/12\/7c4cd1b1-0556-440c-b789-3813bb97f727-768x1138.jpg 768w, https:\/\/www.radiopiu.net\/wordpress\/wp-content\/uploads\/2024\/12\/7c4cd1b1-0556-440c-b789-3813bb97f727-1037x1536.jpg 1037w, https:\/\/www.radiopiu.net\/wordpress\/wp-content\/uploads\/2024\/12\/7c4cd1b1-0556-440c-b789-3813bb97f727.jpg 1080w\" sizes=\"auto, (max-width: 203px) 100vw, 203px\" \/><\/a><\/p>\n<p>&nbsp;<\/p>\n<hr \/>\n<p>&nbsp;<\/p>\n<blockquote>\n<h3>VIGILIA\u00a0 AL PRESEPIO DI TOCCOL IL RINFRESCO E GLI AUGURI DI BUONE FESTE<\/h3>\n<\/blockquote>\n<p><strong>AGORDO <\/strong>Come ogni anno i boce da Toccol hanno allestito il presepio al lavatoio della frazione. Un allestimento sempre spettacolare che si pu\u00f2 osservare fin da subito. Intanto OGGI VIGILIA DI NATALE ALLE\u00a0 15:30 \u00e8 stato organizzato un rinfresco per scambiarsi gli auguri di buone feste.<\/p>\n\n\t\t\t<style type='text\/css'>\n\t\t\t\t#gallery-9 {\n\t\t\t\t\tmargin: auto;\n\t\t\t\t}\n\t\t\t\t#gallery-9 .gallery-item {\n\t\t\t\t\tfloat: left;\n\t\t\t\t\tmargin-top: 10px;\n\t\t\t\t\ttext-align: center;\n\t\t\t\t\twidth: 50%;\n\t\t\t\t}\n\t\t\t\t#gallery-9 img {\n\t\t\t\t\tborder: 2px solid #cfcfcf;\n\t\t\t\t}\n\t\t\t\t#gallery-9 .gallery-caption {\n\t\t\t\t\tmargin-left: 0;\n\t\t\t\t}\n\t\t\t\t\/* see gallery_shortcode() in wp-includes\/media.php *\/\n\t\t\t<\/style>\n\t\t<div id='gallery-9' class='dt-gallery-container gallery galleryid-426208 gallery-columns-2 gallery-size-medium'><dl class='gallery-item'>\n\t\t\t\t<dt class='gallery-icon landscape'>\n\t\t\t\t\t<a class=\"rollover rollover-zoom dt-pswp-item\" title=\"ad3cd524-755e-4943-b202-584adcda1cba\" data-dt-img-description=\"\" data-large_image_width=\"1600\" data-large_image_height=\"739\"href='https:\/\/www.radiopiu.net\/wordpress\/wp-content\/uploads\/2024\/12\/ad3cd524-755e-4943-b202-584adcda1cba.jpg'><img loading=\"lazy\" decoding=\"async\" width=\"300\" height=\"139\" src=\"https:\/\/www.radiopiu.net\/wordpress\/wp-content\/uploads\/2024\/12\/ad3cd524-755e-4943-b202-584adcda1cba-300x139.jpg\" class=\"attachment-medium size-medium\" alt=\"\" srcset=\"https:\/\/www.radiopiu.net\/wordpress\/wp-content\/uploads\/2024\/12\/ad3cd524-755e-4943-b202-584adcda1cba-300x139.jpg 300w, https:\/\/www.radiopiu.net\/wordpress\/wp-content\/uploads\/2024\/12\/ad3cd524-755e-4943-b202-584adcda1cba-1024x473.jpg 1024w, https:\/\/www.radiopiu.net\/wordpress\/wp-content\/uploads\/2024\/12\/ad3cd524-755e-4943-b202-584adcda1cba-768x355.jpg 768w, https:\/\/www.radiopiu.net\/wordpress\/wp-content\/uploads\/2024\/12\/ad3cd524-755e-4943-b202-584adcda1cba-1536x709.jpg 1536w, https:\/\/www.radiopiu.net\/wordpress\/wp-content\/uploads\/2024\/12\/ad3cd524-755e-4943-b202-584adcda1cba.jpg 1600w\" sizes=\"auto, (max-width: 300px) 100vw, 300px\" \/><\/a>\n\t\t\t\t<\/dt><\/dl><dl class='gallery-item'>\n\t\t\t\t<dt class='gallery-icon landscape'>\n\t\t\t\t\t<a class=\"rollover rollover-zoom dt-pswp-item\" title=\"974d2639-972e-4ccd-ac81-ff77fb756e20\" data-dt-img-description=\"\" data-large_image_width=\"1600\" data-large_image_height=\"739\"href='https:\/\/www.radiopiu.net\/wordpress\/wp-content\/uploads\/2024\/12\/974d2639-972e-4ccd-ac81-ff77fb756e20.jpg'><img loading=\"lazy\" decoding=\"async\" width=\"300\" height=\"139\" src=\"https:\/\/www.radiopiu.net\/wordpress\/wp-content\/uploads\/2024\/12\/974d2639-972e-4ccd-ac81-ff77fb756e20-300x139.jpg\" class=\"attachment-medium size-medium\" alt=\"\" srcset=\"https:\/\/www.radiopiu.net\/wordpress\/wp-content\/uploads\/2024\/12\/974d2639-972e-4ccd-ac81-ff77fb756e20-300x139.jpg 300w, https:\/\/www.radiopiu.net\/wordpress\/wp-content\/uploads\/2024\/12\/974d2639-972e-4ccd-ac81-ff77fb756e20-1024x473.jpg 1024w, https:\/\/www.radiopiu.net\/wordpress\/wp-content\/uploads\/2024\/12\/974d2639-972e-4ccd-ac81-ff77fb756e20-768x355.jpg 768w, https:\/\/www.radiopiu.net\/wordpress\/wp-content\/uploads\/2024\/12\/974d2639-972e-4ccd-ac81-ff77fb756e20-1536x709.jpg 1536w, https:\/\/www.radiopiu.net\/wordpress\/wp-content\/uploads\/2024\/12\/974d2639-972e-4ccd-ac81-ff77fb756e20.jpg 1600w\" sizes=\"auto, (max-width: 300px) 100vw, 300px\" \/><\/a>\n\t\t\t\t<\/dt><\/dl><br style=\"clear: both\" \/>\n\t\t\t<\/div>\n\n<p>&nbsp;<\/p>\n<hr \/>\n<p>&nbsp;<\/p>\n<blockquote>\n<h3>&#8220;STAGIONI DI PACE&#8221; RISUONA AD AGORDO<\/h3>\n<\/blockquote>\n<p><strong>AGORDO <\/strong>Gioved\u00ec 26 dicembre, alle 20.30, la Chiesa Arcidiaconale di Agordo ospiter\u00e0 il tradizionale Concerto di Natale del Coro Agordo. Quest\u2019anno, l\u2019evento vedr\u00e0 la partecipazione del Coro \u201cVoci del Bosco\u201d di Giavera del Montello, diretto dal maestro Gianluca Valle. Il titolo del concerto, <em>\u201cStagioni di Pace\u201d<\/em>, \u00e8 ispirato a un canto composto proprio dal maestro Valle e interpretato dal Coro Agordo. Un titolo quanto mai attuale, in un mondo segnato da numerosi conflitti armati, che invita il pubblico a una riflessione sul valore della pace. Con questo concerto, il Coro Agordo coglie l\u2019occasione per augurare a tutti un sereno e\u2026 intonato Natale!<\/p>\n\n\t\t\t<style type='text\/css'>\n\t\t\t\t#gallery-10 {\n\t\t\t\t\tmargin: auto;\n\t\t\t\t}\n\t\t\t\t#gallery-10 .gallery-item {\n\t\t\t\t\tfloat: left;\n\t\t\t\t\tmargin-top: 10px;\n\t\t\t\t\ttext-align: center;\n\t\t\t\t\twidth: 50%;\n\t\t\t\t}\n\t\t\t\t#gallery-10 img {\n\t\t\t\t\tborder: 2px solid #cfcfcf;\n\t\t\t\t}\n\t\t\t\t#gallery-10 .gallery-caption {\n\t\t\t\t\tmargin-left: 0;\n\t\t\t\t}\n\t\t\t\t\/* see gallery_shortcode() in wp-includes\/media.php *\/\n\t\t\t<\/style>\n\t\t<div id='gallery-10' class='dt-gallery-container gallery galleryid-426208 gallery-columns-2 gallery-size-medium'><dl class='gallery-item'>\n\t\t\t\t<dt class='gallery-icon landscape'>\n\t\t\t\t\t<a class=\"rollover rollover-zoom dt-pswp-item\" title=\"67ef4f4e-7d0e-450d-beb2-93039a994cde\" data-dt-img-description=\"\" data-large_image_width=\"1569\" data-large_image_height=\"1150\"href='https:\/\/www.radiopiu.net\/wordpress\/wp-content\/uploads\/2024\/12\/67ef4f4e-7d0e-450d-beb2-93039a994cde.jpg'><img loading=\"lazy\" decoding=\"async\" width=\"300\" height=\"220\" src=\"https:\/\/www.radiopiu.net\/wordpress\/wp-content\/uploads\/2024\/12\/67ef4f4e-7d0e-450d-beb2-93039a994cde-300x220.jpg\" class=\"attachment-medium size-medium\" alt=\"\" srcset=\"https:\/\/www.radiopiu.net\/wordpress\/wp-content\/uploads\/2024\/12\/67ef4f4e-7d0e-450d-beb2-93039a994cde-300x220.jpg 300w, https:\/\/www.radiopiu.net\/wordpress\/wp-content\/uploads\/2024\/12\/67ef4f4e-7d0e-450d-beb2-93039a994cde-1024x751.jpg 1024w, https:\/\/www.radiopiu.net\/wordpress\/wp-content\/uploads\/2024\/12\/67ef4f4e-7d0e-450d-beb2-93039a994cde-768x563.jpg 768w, https:\/\/www.radiopiu.net\/wordpress\/wp-content\/uploads\/2024\/12\/67ef4f4e-7d0e-450d-beb2-93039a994cde-1536x1126.jpg 1536w, https:\/\/www.radiopiu.net\/wordpress\/wp-content\/uploads\/2024\/12\/67ef4f4e-7d0e-450d-beb2-93039a994cde.jpg 1569w\" sizes=\"auto, (max-width: 300px) 100vw, 300px\" \/><\/a>\n\t\t\t\t<\/dt><\/dl><dl class='gallery-item'>\n\t\t\t\t<dt class='gallery-icon landscape'>\n\t\t\t\t\t<a class=\"rollover rollover-zoom dt-pswp-item\" title=\"74c26eb5-e605-4928-b27e-b55abf17f32a\" data-dt-img-description=\"\" data-large_image_width=\"1600\" data-large_image_height=\"969\"href='https:\/\/www.radiopiu.net\/wordpress\/wp-content\/uploads\/2024\/12\/74c26eb5-e605-4928-b27e-b55abf17f32a.jpg'><img loading=\"lazy\" decoding=\"async\" width=\"300\" height=\"182\" src=\"https:\/\/www.radiopiu.net\/wordpress\/wp-content\/uploads\/2024\/12\/74c26eb5-e605-4928-b27e-b55abf17f32a-300x182.jpg\" class=\"attachment-medium size-medium\" alt=\"\" aria-describedby=\"gallery-10-425976\" srcset=\"https:\/\/www.radiopiu.net\/wordpress\/wp-content\/uploads\/2024\/12\/74c26eb5-e605-4928-b27e-b55abf17f32a-300x182.jpg 300w, https:\/\/www.radiopiu.net\/wordpress\/wp-content\/uploads\/2024\/12\/74c26eb5-e605-4928-b27e-b55abf17f32a-1024x620.jpg 1024w, https:\/\/www.radiopiu.net\/wordpress\/wp-content\/uploads\/2024\/12\/74c26eb5-e605-4928-b27e-b55abf17f32a-768x465.jpg 768w, https:\/\/www.radiopiu.net\/wordpress\/wp-content\/uploads\/2024\/12\/74c26eb5-e605-4928-b27e-b55abf17f32a-1536x930.jpg 1536w, https:\/\/www.radiopiu.net\/wordpress\/wp-content\/uploads\/2024\/12\/74c26eb5-e605-4928-b27e-b55abf17f32a.jpg 1600w\" sizes=\"auto, (max-width: 300px) 100vw, 300px\" \/><\/a>\n\t\t\t\t<\/dt>\n\t\t\t\t\t<dd class='wp-caption-text gallery-caption' id='gallery-10-425976'>\n\t\t\t\t\tCORO VOCI DEL BOSCO\n\t\t\t\t\t<\/dd><\/dl><br style=\"clear: both\" \/>\n\t\t\t<\/div>\n\n<hr \/>\n<p>&nbsp;<\/p>\n<blockquote>\n<h1>Il Presepe Artistico di Roe di Sedico: un capolavoro da visitare<\/h1>\n<\/blockquote>\n<p><a class=\"dt-pswp-item\" href=\"https:\/\/www.radiopiu.net\/wordpress\/wp-content\/uploads\/2024\/12\/5162ed54-e3b2-4d17-82f0-cf26bd30086a.jpg\" data-dt-img-description=\"\" data-large_image_width=\"1200\" data-large_image_height=\"1600\"><img loading=\"lazy\" decoding=\"async\" class=\"size-medium wp-image-423381 alignleft\" src=\"https:\/\/www.radiopiu.net\/wordpress\/wp-content\/uploads\/2024\/12\/5162ed54-e3b2-4d17-82f0-cf26bd30086a-225x300.jpg\" alt=\"\" width=\"225\" height=\"300\" srcset=\"https:\/\/www.radiopiu.net\/wordpress\/wp-content\/uploads\/2024\/12\/5162ed54-e3b2-4d17-82f0-cf26bd30086a-225x300.jpg 225w, https:\/\/www.radiopiu.net\/wordpress\/wp-content\/uploads\/2024\/12\/5162ed54-e3b2-4d17-82f0-cf26bd30086a-768x1024.jpg 768w, https:\/\/www.radiopiu.net\/wordpress\/wp-content\/uploads\/2024\/12\/5162ed54-e3b2-4d17-82f0-cf26bd30086a-1152x1536.jpg 1152w, https:\/\/www.radiopiu.net\/wordpress\/wp-content\/uploads\/2024\/12\/5162ed54-e3b2-4d17-82f0-cf26bd30086a.jpg 1200w\" sizes=\"auto, (max-width: 225px) 100vw, 225px\" \/><\/a>Il presepe artistico di Roe di Sedico \u00e8 un\u2019opera straordinaria realizzata dai talentuosi autori Fabio Sommacal, Davide Lovisotto, Edi Tegner, Andrea Fontanive e Marco Bressan. Nato nel 1988, le prime edizioni venivano ospitate nella cappella invernale e smontate ogni anno. Dal 1991, grazie alla disponibilit\u00e0 di Don Rinaldo, il presepe ha trovato una sede permanente, permettendo la realizzazione di 32 edizioni fino all\u2019interruzione causata dalla pandemia. Dal 2022, l\u2019avventura \u00e8 ripartita con rinnovato entusiasmo. Il presepe \u00e8 visitabile fino al 31 gennaio: <strong>Domeniche e festivi:<\/strong> 10:00-12:00 e 14:00-18:30. <strong>Dal 25 dicembre al 6 gennaio:<\/strong> aperto anche nei feriali, nel pomeriggio 14:00-18:30. Un appuntamento imperdibile per immergersi nella magia del Natale e ammirare un\u2019opera che racconta tradizione e passione.<\/p>\n<p>&nbsp;<\/p>\n\n\t\t\t<style type='text\/css'>\n\t\t\t\t#gallery-11 {\n\t\t\t\t\tmargin: auto;\n\t\t\t\t}\n\t\t\t\t#gallery-11 .gallery-item {\n\t\t\t\t\tfloat: left;\n\t\t\t\t\tmargin-top: 10px;\n\t\t\t\t\ttext-align: center;\n\t\t\t\t\twidth: 12%;\n\t\t\t\t}\n\t\t\t\t#gallery-11 img {\n\t\t\t\t\tborder: 2px solid #cfcfcf;\n\t\t\t\t}\n\t\t\t\t#gallery-11 .gallery-caption {\n\t\t\t\t\tmargin-left: 0;\n\t\t\t\t}\n\t\t\t\t\/* see gallery_shortcode() in wp-includes\/media.php *\/\n\t\t\t<\/style>\n\t\t<div id='gallery-11' class='dt-gallery-container gallery galleryid-426208 gallery-columns-8 gallery-size-thumbnail'><dl class='gallery-item'>\n\t\t\t\t<dt class='gallery-icon landscape'>\n\t\t\t\t\t<a class=\"rollover rollover-zoom dt-pswp-item\" title=\"1708f0ec-4e7a-4978-b30d-3959327ffde0\" data-dt-img-description=\"\" data-large_image_width=\"1600\" data-large_image_height=\"1200\"href='https:\/\/www.radiopiu.net\/wordpress\/wp-content\/uploads\/2024\/12\/1708f0ec-4e7a-4978-b30d-3959327ffde0.jpg'><img loading=\"lazy\" decoding=\"async\" width=\"150\" height=\"150\" src=\"https:\/\/www.radiopiu.net\/wordpress\/wp-content\/uploads\/2024\/12\/1708f0ec-4e7a-4978-b30d-3959327ffde0-150x150.jpg\" class=\"attachment-thumbnail size-thumbnail\" alt=\"\" \/><\/a>\n\t\t\t\t<\/dt><\/dl><dl class='gallery-item'>\n\t\t\t\t<dt class='gallery-icon landscape'>\n\t\t\t\t\t<a class=\"rollover rollover-zoom dt-pswp-item\" title=\"31faecc0-e87e-406d-b6a8-6f5633f67e78\" data-dt-img-description=\"\" data-large_image_width=\"1600\" data-large_image_height=\"1200\"href='https:\/\/www.radiopiu.net\/wordpress\/wp-content\/uploads\/2024\/12\/31faecc0-e87e-406d-b6a8-6f5633f67e78.jpg'><img loading=\"lazy\" decoding=\"async\" width=\"150\" height=\"150\" src=\"https:\/\/www.radiopiu.net\/wordpress\/wp-content\/uploads\/2024\/12\/31faecc0-e87e-406d-b6a8-6f5633f67e78-150x150.jpg\" class=\"attachment-thumbnail size-thumbnail\" alt=\"\" \/><\/a>\n\t\t\t\t<\/dt><\/dl><dl class='gallery-item'>\n\t\t\t\t<dt class='gallery-icon landscape'>\n\t\t\t\t\t<a class=\"rollover rollover-zoom dt-pswp-item\" title=\"22cd45a8-8844-4e2d-8552-f9a2b7c9b35a\" data-dt-img-description=\"\" data-large_image_width=\"1600\" data-large_image_height=\"1200\"href='https:\/\/www.radiopiu.net\/wordpress\/wp-content\/uploads\/2024\/12\/22cd45a8-8844-4e2d-8552-f9a2b7c9b35a.jpg'><img loading=\"lazy\" decoding=\"async\" width=\"150\" height=\"150\" src=\"https:\/\/www.radiopiu.net\/wordpress\/wp-content\/uploads\/2024\/12\/22cd45a8-8844-4e2d-8552-f9a2b7c9b35a-150x150.jpg\" class=\"attachment-thumbnail size-thumbnail\" alt=\"\" \/><\/a>\n\t\t\t\t<\/dt><\/dl><dl class='gallery-item'>\n\t\t\t\t<dt class='gallery-icon landscape'>\n\t\t\t\t\t<a class=\"rollover rollover-zoom dt-pswp-item\" title=\"2f78f81d-54a0-473e-a048-6082fa5f0dfb\" data-dt-img-description=\"\" data-large_image_width=\"1600\" data-large_image_height=\"1200\"href='https:\/\/www.radiopiu.net\/wordpress\/wp-content\/uploads\/2024\/12\/2f78f81d-54a0-473e-a048-6082fa5f0dfb.jpg'><img loading=\"lazy\" decoding=\"async\" width=\"150\" height=\"150\" src=\"https:\/\/www.radiopiu.net\/wordpress\/wp-content\/uploads\/2024\/12\/2f78f81d-54a0-473e-a048-6082fa5f0dfb-150x150.jpg\" class=\"attachment-thumbnail size-thumbnail\" alt=\"\" \/><\/a>\n\t\t\t\t<\/dt><\/dl><dl class='gallery-item'>\n\t\t\t\t<dt class='gallery-icon landscape'>\n\t\t\t\t\t<a class=\"rollover rollover-zoom dt-pswp-item\" title=\"05ae5de8-f5ea-45b4-9b1f-d4e96bbb1fb8\" data-dt-img-description=\"\" data-large_image_width=\"1600\" data-large_image_height=\"1200\"href='https:\/\/www.radiopiu.net\/wordpress\/wp-content\/uploads\/2024\/12\/05ae5de8-f5ea-45b4-9b1f-d4e96bbb1fb8.jpg'><img loading=\"lazy\" decoding=\"async\" width=\"150\" height=\"150\" src=\"https:\/\/www.radiopiu.net\/wordpress\/wp-content\/uploads\/2024\/12\/05ae5de8-f5ea-45b4-9b1f-d4e96bbb1fb8-150x150.jpg\" class=\"attachment-thumbnail size-thumbnail\" alt=\"\" \/><\/a>\n\t\t\t\t<\/dt><\/dl><dl class='gallery-item'>\n\t\t\t\t<dt class='gallery-icon landscape'>\n\t\t\t\t\t<a class=\"rollover rollover-zoom dt-pswp-item\" title=\"9b5d2c47-0c82-43c2-ac45-eda00723a965\" data-dt-img-description=\"\" data-large_image_width=\"1600\" data-large_image_height=\"1200\"href='https:\/\/www.radiopiu.net\/wordpress\/wp-content\/uploads\/2024\/12\/9b5d2c47-0c82-43c2-ac45-eda00723a965.jpg'><img loading=\"lazy\" decoding=\"async\" width=\"150\" height=\"150\" src=\"https:\/\/www.radiopiu.net\/wordpress\/wp-content\/uploads\/2024\/12\/9b5d2c47-0c82-43c2-ac45-eda00723a965-150x150.jpg\" class=\"attachment-thumbnail size-thumbnail\" alt=\"\" \/><\/a>\n\t\t\t\t<\/dt><\/dl><dl class='gallery-item'>\n\t\t\t\t<dt class='gallery-icon landscape'>\n\t\t\t\t\t<a class=\"rollover rollover-zoom dt-pswp-item\" title=\"2ed1d8d3-409e-4775-94ed-91e3eda55c6e\" data-dt-img-description=\"\" data-large_image_width=\"1600\" data-large_image_height=\"1200\"href='https:\/\/www.radiopiu.net\/wordpress\/wp-content\/uploads\/2024\/12\/2ed1d8d3-409e-4775-94ed-91e3eda55c6e.jpg'><img loading=\"lazy\" decoding=\"async\" width=\"150\" height=\"150\" src=\"https:\/\/www.radiopiu.net\/wordpress\/wp-content\/uploads\/2024\/12\/2ed1d8d3-409e-4775-94ed-91e3eda55c6e-150x150.jpg\" class=\"attachment-thumbnail size-thumbnail\" alt=\"\" \/><\/a>\n\t\t\t\t<\/dt><\/dl><dl class='gallery-item'>\n\t\t\t\t<dt class='gallery-icon landscape'>\n\t\t\t\t\t<a class=\"rollover rollover-zoom dt-pswp-item\" title=\"0f25e816-4eb7-459e-b251-b05d839862fc\" data-dt-img-description=\"\" data-large_image_width=\"1600\" data-large_image_height=\"1200\"href='https:\/\/www.radiopiu.net\/wordpress\/wp-content\/uploads\/2024\/12\/0f25e816-4eb7-459e-b251-b05d839862fc.jpg'><img loading=\"lazy\" decoding=\"async\" width=\"150\" height=\"150\" src=\"https:\/\/www.radiopiu.net\/wordpress\/wp-content\/uploads\/2024\/12\/0f25e816-4eb7-459e-b251-b05d839862fc-150x150.jpg\" class=\"attachment-thumbnail size-thumbnail\" alt=\"\" \/><\/a>\n\t\t\t\t<\/dt><\/dl><br style=\"clear: both\" \/>\n\t\t\t<\/div>\n\n<p>&nbsp;<\/p>\n<p>&nbsp;<\/p>\n<hr \/>\n<p>&nbsp;<\/p>\n<blockquote>\n<h3>NATALE A SAN CIPRIANO CON DUE EVENTI IMPERDIBILI<\/h3>\n<\/blockquote>\n<p><strong><a class=\"dt-pswp-item\" href=\"https:\/\/www.radiopiu.net\/wordpress\/wp-content\/uploads\/2024\/12\/c0fbba5d-7a67-4c59-9d7e-7b49d934614d-1.jpg\" data-dt-img-description=\"\" data-large_image_width=\"900\" data-large_image_height=\"1600\"><img loading=\"lazy\" decoding=\"async\" class=\" wp-image-426023 alignleft\" src=\"https:\/\/www.radiopiu.net\/wordpress\/wp-content\/uploads\/2024\/12\/c0fbba5d-7a67-4c59-9d7e-7b49d934614d-1-169x300.jpg\" alt=\"\" width=\"112\" height=\"199\" srcset=\"https:\/\/www.radiopiu.net\/wordpress\/wp-content\/uploads\/2024\/12\/c0fbba5d-7a67-4c59-9d7e-7b49d934614d-1-169x300.jpg 169w, https:\/\/www.radiopiu.net\/wordpress\/wp-content\/uploads\/2024\/12\/c0fbba5d-7a67-4c59-9d7e-7b49d934614d-1-576x1024.jpg 576w, https:\/\/www.radiopiu.net\/wordpress\/wp-content\/uploads\/2024\/12\/c0fbba5d-7a67-4c59-9d7e-7b49d934614d-1-768x1365.jpg 768w, https:\/\/www.radiopiu.net\/wordpress\/wp-content\/uploads\/2024\/12\/c0fbba5d-7a67-4c59-9d7e-7b49d934614d-1-864x1536.jpg 864w, https:\/\/www.radiopiu.net\/wordpress\/wp-content\/uploads\/2024\/12\/c0fbba5d-7a67-4c59-9d7e-7b49d934614d-1.jpg 900w\" sizes=\"auto, (max-width: 112px) 100vw, 112px\" \/><\/a> <\/strong><\/p>\n<p><strong>\u00a0<\/strong><\/p>\n<p><strong>TAIBON <\/strong>Il Natale si accende a San Cipriano con due eventi imperdibili. Venerd\u00ec 27 dicembre, alle ore 20:30, la Chiesa di San Cipriano ospiter\u00e0 un emozionante concerto del Coro Parrocchiale di Taibon, accompagnato da un\u2019esibizione d\u2019organo con i maestri Santomaso Manuel e Savio Federico. Sabato 28 dicembre, dopo la Santa Messa delle 18:30, la festa continua in Piazza San Cipriano con la &#8220;Serata sotto l\u2019albero&#8221;. Organizzata dal Comitato San Cipriano e dalla Proloco di Taibon, la serata offrir\u00e0 un gustoso buffet con dolci, bevande e musica dal vivo, per celebrare insieme la magia delle festivit\u00e0. Un\u2019occasione speciale per condividere momenti di gioia e tradizione natalizia.<\/p>\n<p>&nbsp;<\/p>\n<p>&nbsp;<\/p>\n<p>&nbsp;<\/p>\n<hr \/>\n<p>&nbsp;<\/p>\n<p><strong><a class=\"dt-pswp-item\" href=\"https:\/\/www.radiopiu.net\/wordpress\/wp-content\/uploads\/2024\/11\/AMICI-MINERARI.png\" data-dt-img-description=\"\" data-large_image_width=\"209\" data-large_image_height=\"174\"><img loading=\"lazy\" decoding=\"async\" class=\" wp-image-419180 alignleft\" src=\"https:\/\/www.radiopiu.net\/wordpress\/wp-content\/uploads\/2024\/11\/AMICI-MINERARI.png\" alt=\"\" width=\"168\" height=\"140\" \/><\/a>&#8220;Con gli Amici dei Minerari: Serate d&#8217;Inverno \u2013 un viaggio tra storia, scienza e meraviglie. Incontri presso la Sala con T\u00e0-Mis. Non mancare!&#8221;<\/strong><\/p>\n<ul>\n<li><em>Venerd\u00ec 24 gennaio, ore 20:30<\/em>: &#8220;Il meraviglioso mondo dei fossili delle Dolomiti&#8221; \u2013 Relatore Danilo Giordano.<\/li>\n<li><em>Venerd\u00ec 21 febbraio, ore 20:30<\/em>: &#8220;Il traforo del Brennero: studio, progettazione e realizzazione&#8221; \u2013 Relatori Vittorio Fenti e Mario Guadagnini.<\/li>\n<\/ul>\n<p><strong>Vivi la cultura e la passione per la montagna!<\/strong><\/p>\n<p>&nbsp;<\/p>\n<p>&nbsp;<\/p>\n<p>&nbsp;<\/p>\n<hr \/>\n<p>&nbsp;<\/p>\n<blockquote>\n<h3><a class=\"dt-pswp-item\" href=\"https:\/\/www.radiopiu.net\/wordpress\/wp-content\/uploads\/2024\/12\/Sul-filo-dellAcqua-03.jpg\" data-dt-img-description=\"\" data-large_image_width=\"911\" data-large_image_height=\"1000\"><img loading=\"lazy\" decoding=\"async\" class=\" wp-image-426397 alignleft\" src=\"https:\/\/www.radiopiu.net\/wordpress\/wp-content\/uploads\/2024\/12\/Sul-filo-dellAcqua-03-273x300.jpg\" alt=\"\" width=\"116\" height=\"128\" srcset=\"https:\/\/www.radiopiu.net\/wordpress\/wp-content\/uploads\/2024\/12\/Sul-filo-dellAcqua-03-273x300.jpg 273w, https:\/\/www.radiopiu.net\/wordpress\/wp-content\/uploads\/2024\/12\/Sul-filo-dellAcqua-03-768x843.jpg 768w, https:\/\/www.radiopiu.net\/wordpress\/wp-content\/uploads\/2024\/12\/Sul-filo-dellAcqua-03.jpg 911w\" sizes=\"auto, (max-width: 116px) 100vw, 116px\" \/><\/a>SUL FILO DELL&#8217;ACQUA<\/h3>\n<\/blockquote>\n<p><strong>SAN VITO DI CADORE <\/strong>Sabato 28 dicembre alle ore 21.00, presso la sala polifunzionale E. De Lotto di San Vito di Cadore, il gruppo teatrale I Comelianti porter\u00e0 in scena lo spettacolo intitolato <em>\u201cSul filo dell&#8217;Acqua\u201d <\/em>\u00a0realizzata in occasione del 600\u00b0 anniversario della dedizione del Cadore a Venezia in collaborazione con la Magnifica Comunit\u00e0 di Cadore. Ingresso libero. Evento patrocinato dal Comune di San Vito di Cadore.<\/p>\n<p>&nbsp;<\/p>\n<p>&nbsp;<\/p>\n<hr \/>\n<p>&nbsp;<\/p>\n<blockquote>\n<h3>&#8220;OCEANIA 2&#8221; AL CINEMA DOLOMITI DI FALCADE<\/h3>\n<\/blockquote>\n<p><strong><a class=\"dt-pswp-item\" href=\"https:\/\/www.radiopiu.net\/wordpress\/wp-content\/uploads\/2024\/12\/locandina-4.jpg\" data-dt-img-description=\"\" data-large_image_width=\"420\" data-large_image_height=\"600\"><img loading=\"lazy\" decoding=\"async\" class=\"size-medium wp-image-426147 alignleft\" src=\"https:\/\/www.radiopiu.net\/wordpress\/wp-content\/uploads\/2024\/12\/locandina-4-210x300.jpg\" alt=\"\" width=\"210\" height=\"300\" srcset=\"https:\/\/www.radiopiu.net\/wordpress\/wp-content\/uploads\/2024\/12\/locandina-4-210x300.jpg 210w, https:\/\/www.radiopiu.net\/wordpress\/wp-content\/uploads\/2024\/12\/locandina-4.jpg 420w\" sizes=\"auto, (max-width: 210px) 100vw, 210px\" \/><\/a>FALCADE<\/strong> Continuano gli appuntamenti con i grandi film del momento al Cinema Dolomiti di Falcade. Il 23, 24 e 25 dicembre \u00e8 il turno del nuovo film d&#8217;animazione Disney &#8220;Oceania 2&#8221;. Tre anni dopo la restituzione del Cuore di Te Fiti, Vaiana esplora nuove isole e istruisce la sorella Simea sulla connessione con l&#8217;oceano e gli antenati. Durante una cerimonia, riceve una visione dall&#8217;antenato Tautai Vasa, che le rivela che il dio delle tempeste Nalo ha sommerso l&#8217;isola mistica Motufetu, interrompendo la connessione tra le isole. Vaiana raduna un equipaggio e parte alla ricerca dell\u2019isola per salvarla. Maui, anch\u2019egli in cerca di Motufetu, viene catturato da Matangi, servitrice di Nalo. Vaiana e il suo equipaggio incontrano i Kakamora, che rivelano l\u2019impatto di Nalo sulle loro vite. In seguito, Vaiana convince Matangi a unirsi alla loro missione, liberando Maui e affrontando Nalo. Dopo vari ostacoli, Vaiana e Maui elaborano un piano: Maui far\u00e0 riemergere Motufetu mentre il gruppo distrae Nalo. Durante lo scontro, Nalo colpisce Maui, facendogli perdere i poteri e l\u2019amo magico. Vaiana tocca l\u2019isola sommersa, spezzando la maledizione, ma viene colpita mortalmente da un fulmine. Con l\u2019aiuto degli spiriti degli antenati, Maui riesce a riportarla in vita, trasformandola in una semidea. Insieme, i due eroi fanno riemergere Motufetu, ristabilendo la connessione tra l&#8217;oceano e i popoli. Vaiana torna a Motunui, diventando una dea navigatrice. Una scena post-crediti mostra Nalo e Tamatoa unire le forze per pianificare la vendetta contro Vaiana.<\/p>\n<p><strong>LA PRESENTAZIONE A CURA DI PAOLA LANCIATO<\/strong><\/p>\n<audio class=\"wp-audio-shortcode\" id=\"audio-426208-24\" preload=\"none\" style=\"width: 100%;\" controls=\"controls\"><source type=\"audio\/mpeg\" src=\"https:\/\/www.radiopiu.net\/wordpress\/wp-content\/uploads\/2024\/12\/OCEANIA-2.mp3?_=24\" \/><a href=\"https:\/\/www.radiopiu.net\/wordpress\/wp-content\/uploads\/2024\/12\/OCEANIA-2.mp3\">https:\/\/www.radiopiu.net\/wordpress\/wp-content\/uploads\/2024\/12\/OCEANIA-2.mp3<\/a><\/audio>\n<p>&nbsp;<\/p>\n<p>&nbsp;<\/p>\n<hr \/>\n<p>&nbsp;<\/p>\n<blockquote>\n<h2>I nuovi vecchi siamo noi?<\/h2>\n<\/blockquote>\n<blockquote><p><strong>Riflessioni sul giudizio generazionale e il fenomeno musicale dei trapper<\/strong><\/p><\/blockquote>\n<p><em>Diventare \u201cvecchi\u201d non riguarda solo l\u2019et\u00e0 anagrafica, ma uno stato mentale che ci porta a giudicare le nuove generazioni come lo facevano con noi i \u201cvecchi di una volta\u201d. \u00c8 quanto accade oggi con la musica trap, spesso accusata di cattivo gusto per i suoi testi crudi e provocatori. La recente esclusione del trapper Tony F da un concerto di Capodanno a Roma ha acceso il dibattito, ma forse il vero problema \u00e8 la mancata comprensione del linguaggio di una generazione che racconta il disagio attraverso la sua arte.<\/em><\/p>\n<p>&nbsp;<\/p>\n<p><strong>DI LUISA ALCHINI<\/strong><\/p>\n<p>&nbsp;<\/p>\n<p><img decoding=\"async\" class=\"alignleft\" src=\"https:\/\/www.radiopiu.net\/wordpress\/wp-content\/uploads\/2024\/12\/aa9b5d37-d8a2-45ab-882c-2e4ea43db921-300x300.webp\" \/>I vecchi non cambiano mai, vecchi non per la loro presunta et\u00e0 ma piuttosto per il momento della vita in cui alcuni uomini e donne si trovano loro malgrado a sentirsi tali, nell\u2019accezione meno onorabile del termine che si distingue dal sostantivo anziano che ispira rispetto, talvolta tenerezza.<br \/>\nL\u2019adolescente di allora si ripromette che in et\u00e0 avanzata non sar\u00e0 mai come quei vecchi giudicanti che smontano ogni pensiero, ogni azione delle nuove generazioni e che si esprimono con ridondanti frasi di retorica \u201c altro s\u00ec che una volta..\u201d \u201caltro che i ragazzi di oggi..\u201d , purtroppo accade invece che superati i cinquanta lo stesso teen agers di ieri si ritrovi proprio a ricalcare lo stereotipo del \u201c vecchio dentro\u201d.<br \/>\nLa riflessione, come premessa, apre alcune considerazioni scaturite da alcune argomentazioni giornalistiche di questi giorni in merito al tema delle canzoni di oggi, mi riferisco in particolare ai testi i proposti da molti rapper o trapper italiani caratterizzati da frasi sconnesse con banali riferimenti violenti di sesso che fanno impallidire i pi\u00f9 bigotti. Non vi \u00e8 dubbio che in questi casi non possiamo parlare di buon gusto anche se la percezione \u00e8 sempre soggettiva e legata alla propria concezione di etica e morale, obiettivamente possiamo affermare che siamo lontani dall\u2019ideale di \u201cbellezza\u201d che dovrebbe manifestarsi dall\u2019arte .<br \/>\nPiaccia o no il fenomeno trapper \u00e8 la musica del momento, \u00e8 quanto viene ascoltato oggi dai giovanissimi e un motivo ci sar\u00e0, proviamo almeno a chiedercelo? Una notizia che ha scatenato i media in questi giorni riguarda l\u2019esclusione di TONY F dal concerto di Capodanno a Roma dopo che associazioni che si occupano di violenza sulle donne, hanno puntato il dito su alcuni testi delle sue canzoni, non riporto quelli incriminati, certo non sono edificanti e istintivamente scandalizzano. Eppure i ragazzini ascoltano le sue canzoni e le cantano, persino le stesse ragazzine che dovrebbero opporsi a questa violenza verbale cos\u00ec esibita.<br \/>\nOra sospendiamo il giudizio, proviamo ad \u201cascoltare\u201d andando oltre ,infatti \u201cnon \u00e8 tutto come sembra\u201d.<br \/>\nI ragazzi ci spiegano che il genere trap importato dall\u2019 America e contestualizzato nella periferia milanese ci racconta il degrado, il disagio , la povert\u00e0, la droga e lo fa attraverso un linguaggio iperbolico, nudo e crudo, altro non \u00e8 che la trasgressione insista nella giovent\u00f9 e che oggi si manifesta anche cos\u00ec, con la musica. Ai perbenisti sarebbe da spiegare che l\u2019arte non andrebbe mai e dico mai censurata, infatti molti colleghi hanno solidarizzato con Tony F dopo l\u2019episodio, sarebbe anche ora di accantonare il perbenismo di chi teme l\u2019emulazione che dovrebbe derivare dall\u2019ascolto di alcune canzoni, ricordo mia figlia fu pesantemente redarguita quando in classe os\u00f2 affermare, con ironia, che Leopardi, persona alquanto sfortunata, avrebbe potuto indurre leggendolo alla depressione e a gesti estremi. Non credo che i giovanissimi siano tutti beoti da mettere in pratica quello che ascoltano dalla trapp, se andiamo indietro nel tempo quando i teen agers eravamo noi di \u201ccattivi maestri\u201d e idoli strampalati ne abbiamo avuti parecchi ma siamo stati abbastanza intelligenti nel discernere e quindi vecchio \u201cnon me la menare\u201d (cit.883)<\/p>\n<p>&nbsp;<\/p>\n<p>&nbsp;<\/p>\n<hr \/>\n<h2><span style=\"color: #ff6600;\">IERI ALLA RADIO\u00a0\u00a0<\/span><\/h2>\n<h2><span style=\"color: #333399;\">RITRATTI SONORI, IL PROGRAMMA DI ALESSIA DALL&#8217;O&#8217;<\/span><\/h2>\n<p><span style=\"color: #ff0000;\"><strong><a class=\"dt-pswp-item\" href=\"https:\/\/www.radiopiu.net\/wordpress\/wp-content\/uploads\/2024\/12\/LHSHKLSHGLK.jpg\" data-dt-img-description=\"\" data-large_image_width=\"899\" data-large_image_height=\"760\"><img loading=\"lazy\" decoding=\"async\" class=\" wp-image-426391 alignleft\" src=\"https:\/\/www.radiopiu.net\/wordpress\/wp-content\/uploads\/2024\/12\/LHSHKLSHGLK-300x254.jpg\" alt=\"\" width=\"162\" height=\"137\" srcset=\"https:\/\/www.radiopiu.net\/wordpress\/wp-content\/uploads\/2024\/12\/LHSHKLSHGLK-300x254.jpg 300w, https:\/\/www.radiopiu.net\/wordpress\/wp-content\/uploads\/2024\/12\/LHSHKLSHGLK-768x649.jpg 768w, https:\/\/www.radiopiu.net\/wordpress\/wp-content\/uploads\/2024\/12\/LHSHKLSHGLK.jpg 899w\" sizes=\"auto, (max-width: 162px) 100vw, 162px\" \/><\/a>PUNTATA 09 &#8211; ELISA MIGLIORANZA<\/strong><\/span><\/p>\n<p>PRIMA PARTE<\/p>\n<audio class=\"wp-audio-shortcode\" id=\"audio-426208-25\" preload=\"none\" style=\"width: 100%;\" controls=\"controls\"><source type=\"audio\/mpeg\" src=\"https:\/\/www.radiopiu.net\/wordpress\/wp-content\/uploads\/2024\/12\/RF1-3.mp3?_=25\" \/><a href=\"https:\/\/www.radiopiu.net\/wordpress\/wp-content\/uploads\/2024\/12\/RF1-3.mp3\">https:\/\/www.radiopiu.net\/wordpress\/wp-content\/uploads\/2024\/12\/RF1-3.mp3<\/a><\/audio>\n<p>&nbsp;<\/p>\n<p>SECONDA PARTE<\/p>\n<audio class=\"wp-audio-shortcode\" id=\"audio-426208-26\" preload=\"none\" style=\"width: 100%;\" controls=\"controls\"><source type=\"audio\/mpeg\" src=\"https:\/\/www.radiopiu.net\/wordpress\/wp-content\/uploads\/2024\/12\/RF2-3.mp3?_=26\" \/><a href=\"https:\/\/www.radiopiu.net\/wordpress\/wp-content\/uploads\/2024\/12\/RF2-3.mp3\">https:\/\/www.radiopiu.net\/wordpress\/wp-content\/uploads\/2024\/12\/RF2-3.mp3<\/a><\/audio>\n<p>&nbsp;<\/p>\n<p>TERZA PARTE<\/p>\n<audio class=\"wp-audio-shortcode\" id=\"audio-426208-27\" preload=\"none\" style=\"width: 100%;\" controls=\"controls\"><source type=\"audio\/mpeg\" src=\"https:\/\/www.radiopiu.net\/wordpress\/wp-content\/uploads\/2024\/12\/RF3-3.mp3?_=27\" \/><a href=\"https:\/\/www.radiopiu.net\/wordpress\/wp-content\/uploads\/2024\/12\/RF3-3.mp3\">https:\/\/www.radiopiu.net\/wordpress\/wp-content\/uploads\/2024\/12\/RF3-3.mp3<\/a><\/audio>\n<p>&nbsp;<\/p>\n<h2>LA RACCOLTA COMPLETA <a href=\"https:\/\/www.radiopiu.net\/wordpress\/ritratti-sonori-il-programma-di-alessia-dallo-la-raccolta\/\"><span style=\"color: #3366ff;\">CLICCA QUI<\/span><\/a><\/h2>\n<p>&nbsp;<\/p>\n<hr \/>\n<p>&nbsp;<\/p>\n<h2><span style=\"color: #ff00ff;\">COSA GUARDO STASERA IN TV?&#8230;CON PAOLA LANCIATO<\/span><\/h2>\n<h1><span style=\"color: #ff0000;\"><strong><a class=\"dt-pswp-item\" href=\"https:\/\/www.radiopiu.net\/wordpress\/wp-content\/uploads\/2024\/12\/locandina-5.jpg\" data-dt-img-description=\"\" data-large_image_width=\"420\" data-large_image_height=\"600\"><img loading=\"lazy\" decoding=\"async\" class=\"size-medium wp-image-426383 alignleft\" src=\"https:\/\/www.radiopiu.net\/wordpress\/wp-content\/uploads\/2024\/12\/locandina-5-210x300.jpg\" alt=\"\" width=\"210\" height=\"300\" srcset=\"https:\/\/www.radiopiu.net\/wordpress\/wp-content\/uploads\/2024\/12\/locandina-5-210x300.jpg 210w, https:\/\/www.radiopiu.net\/wordpress\/wp-content\/uploads\/2024\/12\/locandina-5.jpg 420w\" sizes=\"auto, (max-width: 210px) 100vw, 210px\" \/><\/a> <\/strong><\/span><\/h1>\n<h1><span style=\"color: #ff0000;\"><strong>\u00a0<\/strong><\/span><\/h1>\n<h1><span style=\"color: #ff0000;\"><strong>Puntata 9 del 23 dicembre 2024<\/strong><\/span><\/h1>\n<audio class=\"wp-audio-shortcode\" id=\"audio-426208-28\" preload=\"none\" style=\"width: 100%;\" controls=\"controls\"><source type=\"audio\/mpeg\" src=\"https:\/\/www.radiopiu.net\/wordpress\/wp-content\/uploads\/2024\/12\/CIAK1-3.mp3?_=28\" \/><a href=\"https:\/\/www.radiopiu.net\/wordpress\/wp-content\/uploads\/2024\/12\/CIAK1-3.mp3\">https:\/\/www.radiopiu.net\/wordpress\/wp-content\/uploads\/2024\/12\/CIAK1-3.mp3<\/a><\/audio>\n<p>&nbsp;<\/p>\n<h2>LA RACCOLTA COMPLETA <a href=\"https:\/\/www.radiopiu.net\/wordpress\/cosa-guardo-stasera-in-tv-con-paola-lanciato-la-raccolta\/\"><span style=\"color: #3366ff;\">CLICCA QUI<\/span><\/a><\/h2>\n<p>&nbsp;<\/p>\n<hr \/>\n<p>&nbsp;<\/p>\n<h2><span style=\"color: #808000;\">I RACCONTI DI PAOLO SOPPELSA<\/span><\/h2>\n<p><strong>LUNA D&#8217;INVERNO<\/strong><\/p>\n<p><strong>AUDIO<\/strong><\/p>\n<audio class=\"wp-audio-shortcode\" id=\"audio-426208-29\" preload=\"none\" style=\"width: 100%;\" controls=\"controls\"><source type=\"audio\/mpeg\" src=\"https:\/\/www.radiopiu.net\/wordpress\/wp-content\/uploads\/2024\/12\/PAOLOS-3.mp3?_=29\" \/><a href=\"https:\/\/www.radiopiu.net\/wordpress\/wp-content\/uploads\/2024\/12\/PAOLOS-3.mp3\">https:\/\/www.radiopiu.net\/wordpress\/wp-content\/uploads\/2024\/12\/PAOLOS-3.mp3<\/a><\/audio>\n<p>&nbsp;<\/p>\n<p><a class=\"dt-pswp-item\" href=\"https:\/\/www.radiopiu.net\/wordpress\/wp-content\/uploads\/2024\/12\/SCR-20241222-ktvc.png\" data-dt-img-description=\"\" data-large_image_width=\"844\" data-large_image_height=\"526\"><img loading=\"lazy\" decoding=\"async\" class=\" wp-image-426130 alignleft\" src=\"https:\/\/www.radiopiu.net\/wordpress\/wp-content\/uploads\/2024\/12\/SCR-20241222-ktvc-300x187.png\" alt=\"\" width=\"237\" height=\"148\" srcset=\"https:\/\/www.radiopiu.net\/wordpress\/wp-content\/uploads\/2024\/12\/SCR-20241222-ktvc-300x187.png 300w, https:\/\/www.radiopiu.net\/wordpress\/wp-content\/uploads\/2024\/12\/SCR-20241222-ktvc-768x479.png 768w, https:\/\/www.radiopiu.net\/wordpress\/wp-content\/uploads\/2024\/12\/SCR-20241222-ktvc.png 844w\" sizes=\"auto, (max-width: 237px) 100vw, 237px\" \/><\/a>In quel cielo notturno freddo e puro d&#8217;inizio dicembre, le stelle si sentivano orfane senza la compagnia della Luna. Anche le montagne imbiancate di fresco sentivano forte la mancanza di quel chiarore affascinante e misterioso che ne rischiara le cime. Pure a me mancava la sua presenza in quel cielo d&#8217;inverno. A Cencenighe, al calare della sera di Sant&#8217;Andrea, l&#8217;avevo cercata lass\u00f9 in alto fra le vette che circondano il paese, ma lei non c&#8217;era. Alle venti, all\u2019ora consueta del mio partire in direzione sud, non si scorgevano i profili delle montagne. Esse si confondevano con il nero di quel cielo di fine novembre punteggiato di stelle. Qualche sera pi\u00f9 tardi, quando mi trovai nuovamente ai piedi del Pelsa, alzai ancora gli occhi e la vidi nascente lass\u00f9, poco pi\u00f9 in alto della sommit\u00e0 del monte San Lucano. Un giovane e incerto spicchio luminoso, simile a quello che pap\u00e0, tanti anni prima, mi aveva insegnato a disegnare utilizzando una moneta. Sarebbe cresciuta in fretta, pensavo mentre osservavo quella Luna nuova d&#8217;inverno, e infatti durante il fine settimana successivo la sua presenza nel cielo si fece decisamente pi\u00f9 notare. Una mezzaluna perfetta che passeggiava in quel cielo sempre pi\u00f9 freddo spostandosi da una parte all&#8217;altra della valle durante le notti pi\u00f9 lunghe dell&#8217;anno. Poi arriv\u00f2 la met\u00e0 esatta di dicembre, e a quel tempo di quasi Natale, quella Luna che appena due settimane prima era apparsa timidamente, ora si sarebbe presentata come la regina della notte. Dopo lo scendere precoce della sera, lei si sarebbe fatta attendere come una diva. Furono i potenti rintocchi della campana grande che suonava l&#8217;Ave Maria ad annunciare la sua comparsa in quel cielo limpido e freddo. L&#8217;avevo attesa con pazienza, ammirando nel frattempo quel chiarore lieve che illuminava la grande insenatura compresa fra il Mont\u2019Alt e il Campanile di Pelsa. Era questione di minuti e poi sarebbe apparsa proprio lass\u00f9 dove ha termine il ripido Troi dei Sech. Tante volte l&#8217;avevo vista spuntare sopra la cima della grande montagna, e in ogni occasione ero rimasto ad ammirarla a lungo, seguendo il suo muoversi nel cielo. Ricordai quella Luna rossa di luglio che attesi fino a notte inoltrata seduto al tavolo che guarda la valle. E poi un&#8217;altra Luna d&#8217;inizio autunno che mi accompagn\u00f2 durante una lunga notte trascorsa ad ascoltare i potenti bramiti dei cervi. In una tiepida sera d&#8217;aprile, la vidi spuntare sopra la sommit\u00e0 della Palazza per poi posizionarsi al centro della grande V formata dai fianchi delle Pale e del Pelsa mentre il bereghel cantava nel buio e il Cordevole mormorava inquieto, carico d&#8217;acqua di disgelo. Ora toccava all&#8217;ennesima Luna d\u2019inverno, uguale a tante che avevo ammirato durante certe sere di gelo che ghiacciava gli uomini e l&#8217;acqua delle fontane. Pochi minuti pi\u00f9 tardi quel chiarore lass\u00f9 in alto si fece pi\u00f9 vivo e improvvisamente la si vide spuntare dietro un pinnacolo di roccia. Scavalc\u00f2 velocemente le rocce sommitali del Pelsa divenendo la regina di quel freddo cielo di quasi Natale. Ora si vedevano nitidamente le montagne, e pure i boschi e le sagome delle case a mezza costa. La notte era divenuta meno notte mentre lei iniziava la sua lenta passeggiata notturna in quello spazio di cielo sopra Cencenighe. Mi fermai ad ammirarla ancora una volta poco prima di fare rotta verso sud; al mio ritorno avrei trovato una mezzaluna invecchiata e stanca, pronta a salutare ancora una volta gli uomini e la valle. Sarebbe ritornata nel pieno del suo splendore un mese dopo, al tempo dei grandi silenzi di met\u00e0 gennaio, al tempo del profondo inverno.<\/p>\n<p>&nbsp;<\/p>\n<blockquote class=\"wp-embedded-content\" data-secret=\"EYYRwu07KR\"><p><a href=\"https:\/\/www.radiopiu.net\/wordpress\/set5a\/\">EL BAL DEL FIOR, DETTI E MODI DI DIRE  LA RACCOLTA COMPLETA<\/a><\/p><\/blockquote>\n<p><iframe loading=\"lazy\" class=\"wp-embedded-content\" sandbox=\"allow-scripts\" security=\"restricted\" style=\"position: absolute; visibility: hidden;\" title=\"&#8220;EL BAL DEL FIOR, DETTI E MODI DI DIRE  LA RACCOLTA COMPLETA&#8221; &#8212; Radio Pi\u00f9\" src=\"https:\/\/www.radiopiu.net\/wordpress\/set5a\/embed\/#?secret=dCIVyu1PKK#?secret=EYYRwu07KR\" data-secret=\"EYYRwu07KR\" width=\"600\" height=\"338\" frameborder=\"0\" marginwidth=\"0\" marginheight=\"0\" scrolling=\"no\"><\/iframe><\/p>\n<p>&nbsp;<\/p>\n<blockquote class=\"wp-embedded-content\" data-secret=\"eVrDLiwJxN\"><p><a href=\"https:\/\/www.radiopiu.net\/wordpress\/almanac1\/\">N di parom &#8211; L Almanach de la nosta jent RACCOLTA COMPLETA<\/a><\/p><\/blockquote>\n<p><iframe loading=\"lazy\" class=\"wp-embedded-content\" sandbox=\"allow-scripts\" security=\"restricted\" style=\"position: absolute; visibility: hidden;\" title=\"&#8220;N di parom &#8211; L Almanach de la nosta jent RACCOLTA COMPLETA&#8221; &#8212; Radio Pi\u00f9\" src=\"https:\/\/www.radiopiu.net\/wordpress\/almanac1\/embed\/#?secret=KSGDFOLOBC#?secret=eVrDLiwJxN\" data-secret=\"eVrDLiwJxN\" width=\"600\" height=\"338\" frameborder=\"0\" marginwidth=\"0\" marginheight=\"0\" scrolling=\"no\"><\/iframe><\/p>\n<blockquote class=\"wp-embedded-content\" data-secret=\"bld8Vz8zGc\"><p><a href=\"https:\/\/www.radiopiu.net\/wordpress\/pirole-de-lenga-la-parola-del-giorno-a-cura-del-musla-raccolta-completa\/\">PIROLE DE LENGA&#8230; LA PAROLA DEL GIORNO A CURA DEL MUSLA -raccolta completa &#8211;<\/a><\/p><\/blockquote>\n<p><iframe loading=\"lazy\" class=\"wp-embedded-content\" sandbox=\"allow-scripts\" security=\"restricted\" style=\"position: absolute; visibility: hidden;\" title=\"&#8220;PIROLE DE LENGA&#8230; LA PAROLA DEL GIORNO A CURA DEL MUSLA -raccolta completa &#8211;&#8221; &#8212; Radio Pi\u00f9\" src=\"https:\/\/www.radiopiu.net\/wordpress\/pirole-de-lenga-la-parola-del-giorno-a-cura-del-musla-raccolta-completa\/embed\/#?secret=ZIbmZt27Vh#?secret=bld8Vz8zGc\" data-secret=\"bld8Vz8zGc\" width=\"600\" height=\"338\" frameborder=\"0\" marginwidth=\"0\" marginheight=\"0\" scrolling=\"no\"><\/iframe><\/p>\n<p>&nbsp;<\/p>\n<hr \/>\n<p>&nbsp;<\/p>\n<h2><span style=\"color: #ff0000;\"><a class=\"dt-pswp-item\" href=\"https:\/\/www.radiopiu.net\/wordpress\/wp-content\/uploads\/2018\/09\/appuntamenti.jpeg\" data-dt-img-description=\"\" data-large_image_width=\"800\" data-large_image_height=\"100\"><img loading=\"lazy\" decoding=\"async\" class=\"wp-image-61958 size-full aligncenter\" src=\"https:\/\/www.radiopiu.net\/wordpress\/wp-content\/uploads\/2018\/09\/appuntamenti.jpeg\" alt=\"\" width=\"800\" height=\"100\" srcset=\"https:\/\/www.radiopiu.net\/wordpress\/wp-content\/uploads\/2018\/09\/appuntamenti.jpeg 800w, https:\/\/www.radiopiu.net\/wordpress\/wp-content\/uploads\/2018\/09\/appuntamenti-300x38.jpeg 300w, https:\/\/www.radiopiu.net\/wordpress\/wp-content\/uploads\/2018\/09\/appuntamenti-768x96.jpeg 768w\" sizes=\"auto, (max-width: 800px) 100vw, 800px\" \/><\/a><\/span><\/h2>\n<div dir=\"auto\"><strong>AL CINEMA DOLOMITI DI FALCADE LE GRANDI PELLICOLE DEL MOMENTO. OGGI E DOMANI VERRA&#8217; PROIETTATO IL FILM &#8220;OCEANIA 2&#8221;. SPETTACOLI ALLE 21, DOMANI ANCHE ALLE 15:30<\/strong><\/div>\n<div class=\"xdj266r x11i5rnm xat24cr x1mh8g0r x1vvkbs x126k92a\">\n<div dir=\"auto\"><\/div>\n<\/div>\n<div>\n<div class=\"\" dir=\"auto\">\n<div id=\":r9h:\" class=\"x1iorvi4 x1pi30zi x1l90r2v x1swvt13\" data-ad-comet-preview=\"message\" data-ad-preview=\"message\">\n<div>\n<div class=\"\" dir=\"auto\">\n<div id=\":r9h:\" class=\"x1iorvi4 x1pi30zi x1l90r2v x1swvt13\" data-ad-comet-preview=\"message\" data-ad-preview=\"message\">\n<div class=\"xdj266r x11i5rnm xat24cr x1mh8g0r x1vvkbs x126k92a\">\n<div dir=\"auto\"><\/div>\n<\/div>\n<div>\n<div class=\"\" dir=\"auto\">\n<div id=\":r9h:\" class=\"x1iorvi4 x1pi30zi x1l90r2v x1swvt13\" data-ad-comet-preview=\"message\" data-ad-preview=\"message\">\n<div>\n<div class=\"\" dir=\"auto\">\n<div id=\":r9h:\" class=\"x1iorvi4 x1pi30zi x1l90r2v x1swvt13\" data-ad-comet-preview=\"message\" data-ad-preview=\"message\">\n\n\t\t\t<style type='text\/css'>\n\t\t\t\t#gallery-12 {\n\t\t\t\t\tmargin: auto;\n\t\t\t\t}\n\t\t\t\t#gallery-12 .gallery-item {\n\t\t\t\t\tfloat: left;\n\t\t\t\t\tmargin-top: 10px;\n\t\t\t\t\ttext-align: center;\n\t\t\t\t\twidth: 25%;\n\t\t\t\t}\n\t\t\t\t#gallery-12 img {\n\t\t\t\t\tborder: 2px solid #cfcfcf;\n\t\t\t\t}\n\t\t\t\t#gallery-12 .gallery-caption {\n\t\t\t\t\tmargin-left: 0;\n\t\t\t\t}\n\t\t\t\t\/* see gallery_shortcode() in wp-includes\/media.php *\/\n\t\t\t<\/style>\n\t\t<div id='gallery-12' class='dt-gallery-container gallery galleryid-426208 gallery-columns-4 gallery-size-thumbnail'><dl class='gallery-item'>\n\t\t\t\t<dt class='gallery-icon portrait'>\n\t\t\t\t\t<a class=\"rollover rollover-zoom dt-pswp-item\" title=\"manifesto serate invernali\" data-dt-img-description=\"\" data-large_image_width=\"1683\" data-large_image_height=\"2383\"href='https:\/\/www.radiopiu.net\/wordpress\/wp-content\/uploads\/2024\/11\/manifesto-serate-invernali.jpg'><img loading=\"lazy\" decoding=\"async\" width=\"150\" height=\"150\" src=\"https:\/\/www.radiopiu.net\/wordpress\/wp-content\/uploads\/2024\/11\/manifesto-serate-invernali-150x150.jpg\" class=\"attachment-thumbnail size-thumbnail\" alt=\"\" aria-describedby=\"gallery-12-418816\" \/><\/a>\n\t\t\t\t<\/dt>\n\t\t\t\t\t<dd class='wp-caption-text gallery-caption' id='gallery-12-418816'>\n\t\t\t\t\t21 FEBBRAIO\n\t\t\t\t\t<\/dd><\/dl><dl class='gallery-item'>\n\t\t\t\t<dt class='gallery-icon portrait'>\n\t\t\t\t\t<a class=\"rollover rollover-zoom dt-pswp-item\" title=\"locandina Insieme e\u0300 piu\u0300 bello\" data-dt-img-description=\"\" data-large_image_width=\"1131\" data-large_image_height=\"1600\"href='https:\/\/www.radiopiu.net\/wordpress\/wp-content\/uploads\/2024\/11\/locandina-Insieme-e-piu-bello.jpg'><img loading=\"lazy\" decoding=\"async\" width=\"150\" height=\"150\" src=\"https:\/\/www.radiopiu.net\/wordpress\/wp-content\/uploads\/2024\/11\/locandina-Insieme-e-piu-bello-150x150.jpg\" class=\"attachment-thumbnail size-thumbnail\" alt=\"\" aria-describedby=\"gallery-12-421314\" \/><\/a>\n\t\t\t\t<\/dt>\n\t\t\t\t\t<dd class='wp-caption-text gallery-caption' id='gallery-12-421314'>\n\t\t\t\t\tINSIEME A SAN GREGORIO\n\t\t\t\t\t<\/dd><\/dl><dl class='gallery-item'>\n\t\t\t\t<dt class='gallery-icon portrait'>\n\t\t\t\t\t<a class=\"rollover rollover-zoom dt-pswp-item\" title=\"0073db61-77c4-47e3-8986-5b9d5f40fa8a\" data-dt-img-description=\"\" data-large_image_width=\"1448\" data-large_image_height=\"2048\"href='https:\/\/www.radiopiu.net\/wordpress\/wp-content\/uploads\/2024\/12\/0073db61-77c4-47e3-8986-5b9d5f40fa8a.jpg'><img loading=\"lazy\" decoding=\"async\" width=\"150\" height=\"150\" src=\"https:\/\/www.radiopiu.net\/wordpress\/wp-content\/uploads\/2024\/12\/0073db61-77c4-47e3-8986-5b9d5f40fa8a-150x150.jpg\" class=\"attachment-thumbnail size-thumbnail\" alt=\"\" aria-describedby=\"gallery-12-422994\" \/><\/a>\n\t\t\t\t<\/dt>\n\t\t\t\t\t<dd class='wp-caption-text gallery-caption' id='gallery-12-422994'>\n\t\t\t\t\tNATALE A LA VALLE\n\t\t\t\t\t<\/dd><\/dl><dl class='gallery-item'>\n\t\t\t\t<dt class='gallery-icon portrait'>\n\t\t\t\t\t<a class=\"rollover rollover-zoom dt-pswp-item\" title=\"cc14bd66-7d3b-4192-aabf-82af02057496\" data-dt-img-description=\"\" data-large_image_width=\"1448\" data-large_image_height=\"2048\"href='https:\/\/www.radiopiu.net\/wordpress\/wp-content\/uploads\/2024\/12\/cc14bd66-7d3b-4192-aabf-82af02057496.jpg'><img loading=\"lazy\" decoding=\"async\" width=\"150\" height=\"150\" src=\"https:\/\/www.radiopiu.net\/wordpress\/wp-content\/uploads\/2024\/12\/cc14bd66-7d3b-4192-aabf-82af02057496-150x150.jpg\" class=\"attachment-thumbnail size-thumbnail\" alt=\"\" aria-describedby=\"gallery-12-422993\" \/><\/a>\n\t\t\t\t<\/dt>\n\t\t\t\t\t<dd class='wp-caption-text gallery-caption' id='gallery-12-422993'>\n\t\t\t\t\tNATALE A LA VALLE\n\t\t\t\t\t<\/dd><\/dl><br style=\"clear: both\" \/><dl class='gallery-item'>\n\t\t\t\t<dt class='gallery-icon landscape'>\n\t\t\t\t\t<a class=\"rollover rollover-zoom dt-pswp-item\" title=\"2e0045b9-30d0-4ed0-9e34-cff896fe6450\" data-dt-img-description=\"\" data-large_image_width=\"1280\" data-large_image_height=\"1280\"href='https:\/\/www.radiopiu.net\/wordpress\/wp-content\/uploads\/2024\/12\/2e0045b9-30d0-4ed0-9e34-cff896fe6450.jpg'><img loading=\"lazy\" decoding=\"async\" width=\"150\" height=\"150\" src=\"https:\/\/www.radiopiu.net\/wordpress\/wp-content\/uploads\/2024\/12\/2e0045b9-30d0-4ed0-9e34-cff896fe6450-150x150.jpg\" class=\"attachment-thumbnail size-thumbnail\" alt=\"\" aria-describedby=\"gallery-12-424006\" srcset=\"https:\/\/www.radiopiu.net\/wordpress\/wp-content\/uploads\/2024\/12\/2e0045b9-30d0-4ed0-9e34-cff896fe6450-150x150.jpg 150w, https:\/\/www.radiopiu.net\/wordpress\/wp-content\/uploads\/2024\/12\/2e0045b9-30d0-4ed0-9e34-cff896fe6450-300x300.jpg 300w, https:\/\/www.radiopiu.net\/wordpress\/wp-content\/uploads\/2024\/12\/2e0045b9-30d0-4ed0-9e34-cff896fe6450-1024x1024.jpg 1024w, https:\/\/www.radiopiu.net\/wordpress\/wp-content\/uploads\/2024\/12\/2e0045b9-30d0-4ed0-9e34-cff896fe6450-768x768.jpg 768w, https:\/\/www.radiopiu.net\/wordpress\/wp-content\/uploads\/2024\/12\/2e0045b9-30d0-4ed0-9e34-cff896fe6450.jpg 1280w\" sizes=\"auto, (max-width: 150px) 100vw, 150px\" \/><\/a>\n\t\t\t\t<\/dt>\n\t\t\t\t\t<dd class='wp-caption-text gallery-caption' id='gallery-12-424006'>\n\t\t\t\t\tCAPODANNO IN BIRRERIA\n\t\t\t\t\t<\/dd><\/dl><dl class='gallery-item'>\n\t\t\t\t<dt class='gallery-icon portrait'>\n\t\t\t\t\t<a class=\"rollover rollover-zoom dt-pswp-item\" title=\"FOTO MATO\" data-dt-img-description=\"\" data-large_image_width=\"632\" data-large_image_height=\"795\"href='https:\/\/www.radiopiu.net\/wordpress\/wp-content\/uploads\/2024\/12\/FOTO-MATO.png'><img loading=\"lazy\" decoding=\"async\" width=\"150\" height=\"150\" src=\"https:\/\/www.radiopiu.net\/wordpress\/wp-content\/uploads\/2024\/12\/FOTO-MATO-150x150.png\" class=\"attachment-thumbnail size-thumbnail\" alt=\"\" \/><\/a>\n\t\t\t\t<\/dt><\/dl><dl class='gallery-item'>\n\t\t\t\t<dt class='gallery-icon portrait'>\n\t\t\t\t\t<a class=\"rollover rollover-zoom dt-pswp-item\" title=\"2d33e2e7-b87c-4bba-935d-2c2251ee1c15\" data-dt-img-description=\"\" data-large_image_width=\"1067\" data-large_image_height=\"1600\"href='https:\/\/www.radiopiu.net\/wordpress\/wp-content\/uploads\/2024\/12\/2d33e2e7-b87c-4bba-935d-2c2251ee1c15.jpg'><img loading=\"lazy\" decoding=\"async\" width=\"150\" height=\"150\" src=\"https:\/\/www.radiopiu.net\/wordpress\/wp-content\/uploads\/2024\/12\/2d33e2e7-b87c-4bba-935d-2c2251ee1c15-150x150.jpg\" class=\"attachment-thumbnail size-thumbnail\" alt=\"\" aria-describedby=\"gallery-12-425816\" \/><\/a>\n\t\t\t\t<\/dt>\n\t\t\t\t\t<dd class='wp-caption-text gallery-caption' id='gallery-12-425816'>\n\t\t\t\t\tIL CONCERTO DEL CORO AGORDO\n\t\t\t\t\t<\/dd><\/dl><dl class='gallery-item'>\n\t\t\t\t<dt class='gallery-icon portrait'>\n\t\t\t\t\t<a class=\"rollover rollover-zoom dt-pswp-item\" title=\"Locandina tombola per bambini 27.12.2024\" data-dt-img-description=\"\" data-large_image_width=\"595\" data-large_image_height=\"842\"href='https:\/\/www.radiopiu.net\/wordpress\/wp-content\/uploads\/2024\/12\/Locandina-tombola-per-bambini-27.12.2024.jpg'><img loading=\"lazy\" decoding=\"async\" width=\"150\" height=\"150\" src=\"https:\/\/www.radiopiu.net\/wordpress\/wp-content\/uploads\/2024\/12\/Locandina-tombola-per-bambini-27.12.2024-150x150.jpg\" class=\"attachment-thumbnail size-thumbnail\" alt=\"\" aria-describedby=\"gallery-12-425832\" \/><\/a>\n\t\t\t\t<\/dt>\n\t\t\t\t\t<dd class='wp-caption-text gallery-caption' id='gallery-12-425832'>\n\t\t\t\t\tLA TOMBOLA A CANALE\n\t\t\t\t\t<\/dd><\/dl><br style=\"clear: both\" \/><dl class='gallery-item'>\n\t\t\t\t<dt class='gallery-icon portrait'>\n\t\t\t\t\t<a class=\"rollover rollover-zoom dt-pswp-item\" title=\"1e189c5b-7e93-430e-965c-cb351f652e99\" data-dt-img-description=\"\" data-large_image_width=\"874\" data-large_image_height=\"1199\"href='https:\/\/www.radiopiu.net\/wordpress\/wp-content\/uploads\/2024\/12\/1e189c5b-7e93-430e-965c-cb351f652e99.jpg'><img loading=\"lazy\" decoding=\"async\" width=\"150\" height=\"150\" src=\"https:\/\/www.radiopiu.net\/wordpress\/wp-content\/uploads\/2024\/12\/1e189c5b-7e93-430e-965c-cb351f652e99-150x150.jpg\" class=\"attachment-thumbnail size-thumbnail\" alt=\"\" aria-describedby=\"gallery-12-425968\" \/><\/a>\n\t\t\t\t<\/dt>\n\t\t\t\t\t<dd class='wp-caption-text gallery-caption' id='gallery-12-425968'>\n\t\t\t\t\tALLA CASA DELLA GIOVENTU DI CAVIOLA\n\t\t\t\t\t<\/dd><\/dl><dl class='gallery-item'>\n\t\t\t\t<dt class='gallery-icon portrait'>\n\t\t\t\t\t<a class=\"rollover rollover-zoom dt-pswp-item\" title=\"c0fbba5d-7a67-4c59-9d7e-7b49d934614d\" data-dt-img-description=\"\" data-large_image_width=\"900\" data-large_image_height=\"1600\"href='https:\/\/www.radiopiu.net\/wordpress\/wp-content\/uploads\/2024\/12\/c0fbba5d-7a67-4c59-9d7e-7b49d934614d.jpg'><img loading=\"lazy\" decoding=\"async\" width=\"150\" height=\"150\" src=\"https:\/\/www.radiopiu.net\/wordpress\/wp-content\/uploads\/2024\/12\/c0fbba5d-7a67-4c59-9d7e-7b49d934614d-150x150.jpg\" class=\"attachment-thumbnail size-thumbnail\" alt=\"\" aria-describedby=\"gallery-12-426020\" \/><\/a>\n\t\t\t\t<\/dt>\n\t\t\t\t\t<dd class='wp-caption-text gallery-caption' id='gallery-12-426020'>\n\t\t\t\t\tA SAN CIPRIANO DI TAIBON\n\t\t\t\t\t<\/dd><\/dl><dl class='gallery-item'>\n\t\t\t\t<dt class='gallery-icon portrait'>\n\t\t\t\t\t<a class=\"rollover rollover-zoom dt-pswp-item\" title=\"8d25310d-d0bb-48ef-8a9f-7390a5f1085f\" data-dt-img-description=\"\" data-large_image_width=\"1448\" data-large_image_height=\"2048\"href='https:\/\/www.radiopiu.net\/wordpress\/wp-content\/uploads\/2024\/12\/8d25310d-d0bb-48ef-8a9f-7390a5f1085f.jpg'><img loading=\"lazy\" decoding=\"async\" width=\"150\" height=\"150\" src=\"https:\/\/www.radiopiu.net\/wordpress\/wp-content\/uploads\/2024\/12\/8d25310d-d0bb-48ef-8a9f-7390a5f1085f-150x150.jpg\" class=\"attachment-thumbnail size-thumbnail\" alt=\"\" \/><\/a>\n\t\t\t\t<\/dt><\/dl><dl class='gallery-item'>\n\t\t\t\t<dt class='gallery-icon portrait'>\n\t\t\t\t\t<a class=\"rollover rollover-zoom dt-pswp-item\" title=\"470587494_10231707808712450_6536192014372239705_n\" data-dt-img-description=\"\" data-large_image_width=\"512\" data-large_image_height=\"720\"href='https:\/\/www.radiopiu.net\/wordpress\/wp-content\/uploads\/2024\/12\/470587494_10231707808712450_6536192014372239705_n.jpg'><img loading=\"lazy\" decoding=\"async\" width=\"150\" height=\"150\" src=\"https:\/\/www.radiopiu.net\/wordpress\/wp-content\/uploads\/2024\/12\/470587494_10231707808712450_6536192014372239705_n-150x150.jpg\" class=\"attachment-thumbnail size-thumbnail\" alt=\"\" \/><\/a>\n\t\t\t\t<\/dt><\/dl><br style=\"clear: both\" \/><dl class='gallery-item'>\n\t\t\t\t<dt class='gallery-icon portrait'>\n\t\t\t\t\t<a class=\"rollover rollover-zoom dt-pswp-item\" title=\"9b5dcf5f-116e-4a59-b5d7-914bfda9423a\" data-dt-img-description=\"\" data-large_image_width=\"1131\" data-large_image_height=\"1600\"href='https:\/\/www.radiopiu.net\/wordpress\/wp-content\/uploads\/2024\/12\/9b5dcf5f-116e-4a59-b5d7-914bfda9423a.jpg'><img loading=\"lazy\" decoding=\"async\" width=\"150\" height=\"150\" src=\"https:\/\/www.radiopiu.net\/wordpress\/wp-content\/uploads\/2024\/12\/9b5dcf5f-116e-4a59-b5d7-914bfda9423a-150x150.jpg\" class=\"attachment-thumbnail size-thumbnail\" alt=\"\" aria-describedby=\"gallery-12-426348\" \/><\/a>\n\t\t\t\t<\/dt>\n\t\t\t\t\t<dd class='wp-caption-text gallery-caption' id='gallery-12-426348'>\n\t\t\t\t\tIN PISCINA AD AGORDO\n\t\t\t\t\t<\/dd><\/dl><dl class='gallery-item'>\n\t\t\t\t<dt class='gallery-icon portrait'>\n\t\t\t\t\t<a class=\"rollover rollover-zoom dt-pswp-item\" title=\"23fa7745-5dd3-443c-a296-10d3e0c817fd\" data-dt-img-description=\"\" data-large_image_width=\"1131\" data-large_image_height=\"1600\"href='https:\/\/www.radiopiu.net\/wordpress\/wp-content\/uploads\/2024\/12\/23fa7745-5dd3-443c-a296-10d3e0c817fd.jpg'><img loading=\"lazy\" decoding=\"async\" width=\"150\" height=\"150\" src=\"https:\/\/www.radiopiu.net\/wordpress\/wp-content\/uploads\/2024\/12\/23fa7745-5dd3-443c-a296-10d3e0c817fd-150x150.jpg\" class=\"attachment-thumbnail size-thumbnail\" alt=\"\" \/><\/a>\n\t\t\t\t<\/dt><\/dl><dl class='gallery-item'>\n\t\t\t\t<dt class='gallery-icon portrait'>\n\t\t\t\t\t<a class=\"rollover rollover-zoom dt-pswp-item\" title=\"I Comelianti_man_32x47_San Vito 281224\" data-dt-img-description=\"\" data-large_image_width=\"1702\" data-large_image_height=\"2500\"href='https:\/\/www.radiopiu.net\/wordpress\/wp-content\/uploads\/2024\/12\/I-Comelianti_man_32x47_San-Vito-281224.jpg'><img loading=\"lazy\" decoding=\"async\" width=\"150\" height=\"150\" src=\"https:\/\/www.radiopiu.net\/wordpress\/wp-content\/uploads\/2024\/12\/I-Comelianti_man_32x47_San-Vito-281224-150x150.jpg\" class=\"attachment-thumbnail size-thumbnail\" alt=\"\" aria-describedby=\"gallery-12-426398\" \/><\/a>\n\t\t\t\t<\/dt>\n\t\t\t\t\t<dd class='wp-caption-text gallery-caption' id='gallery-12-426398'>\n\t\t\t\t\tA SAN VITO DI CADORE\n\t\t\t\t\t<\/dd><\/dl>\n\t\t\t\t<br style='clear: both' \/>\n\t\t\t<\/div>\n\n<\/div>\n<\/div>\n<\/div>\n<p>&nbsp;<\/p>\n<\/div>\n<\/div>\n<\/div>\n<\/div>\n<\/div>\n<\/div>\n<\/div>\n<\/div>\n<\/div>\n<p>&nbsp;<\/p>\n<div>\n<div class=\"\" dir=\"auto\">\n<div id=\":r9h:\" class=\"x1iorvi4 x1pi30zi x1l90r2v x1swvt13\" data-ad-comet-preview=\"message\" data-ad-preview=\"message\"><\/div>\n<\/div>\n<\/div>\n<p>&nbsp;<\/p>\n<hr \/>\n<p>&nbsp;<\/p>\n<p class=\"mceTemp\"><a class=\"dt-pswp-item\" href=\"https:\/\/www.radiopiu.net\/wordpress\/wp-content\/uploads\/2018\/09\/WhatsApp-Image-2018-09-20-at-16.04.06.jpeg\" data-dt-img-description=\"\" data-large_image_width=\"800\" data-large_image_height=\"100\"><img loading=\"lazy\" decoding=\"async\" class=\"wp-image-61378 size-full aligncenter\" src=\"https:\/\/www.radiopiu.net\/wordpress\/wp-content\/uploads\/2018\/09\/WhatsApp-Image-2018-09-20-at-16.04.06.jpeg\" alt=\"\" width=\"800\" height=\"100\" srcset=\"https:\/\/www.radiopiu.net\/wordpress\/wp-content\/uploads\/2018\/09\/WhatsApp-Image-2018-09-20-at-16.04.06.jpeg 800w, https:\/\/www.radiopiu.net\/wordpress\/wp-content\/uploads\/2018\/09\/WhatsApp-Image-2018-09-20-at-16.04.06-300x38.jpeg 300w, https:\/\/www.radiopiu.net\/wordpress\/wp-content\/uploads\/2018\/09\/WhatsApp-Image-2018-09-20-at-16.04.06-768x96.jpeg 768w\" sizes=\"auto, (max-width: 800px) 100vw, 800px\" \/><\/a><\/p>\n<p><center><\/center><center><\/center><center><b>\u00a0<\/b><\/center><center><b>OGGI<\/b><\/center>Giornata simile a quella di luned\u00ec, ben soleggiata, asciutta e piuttosto ventosa soprattutto in quota con qualche addensamento nuvoloso sulle Dolomiti pi\u00f9 settentrionali associato a qualche eventuale fenomeno.<br \/>\n<b>Precipitazioni: <\/b>\u00a0possibile qualche burrasca di neve sparse sulle vette o lungo i pendii<br \/>\n<b>Temperature: <\/b>In alta montagna senza notevoli variazioni a parte qualche leggero aumento oltre i 2600 m; nelle valli in lieve aumento specie le minime.<\/p>\n<hr \/>\n<p><center><b>DOMANI<\/b><\/center>In prevalenza ben soleggiato e stabile su tutte le Alpi, salvo della residua nuvolosit\u00e0 nelle prime ore sulle Dolomiti pi\u00f9 settentrionali.<br \/>\n<b>Precipitazioni: <\/b>Assenti<br \/>\n<b>Temperature: <\/b>In aumento soprattutto le massime e in alta montagna, salvo qualche lieve diminuzione delle minime nelle valli.<\/p>\n<hr \/>\n<p><center><b>GIOVEDI<\/b><\/center>Tempo stabile, soleggiato e asciutto con ottima visibilit\u00e0 a tutte le quote. Temperature in contenuto aumento in quota e le minime nelle valli con massime perlopi\u00f9 stazionarie nei fondovalle. Clima meno freddo rispetto ai giorni precedenti, specie in alta montagna.<\/p>\n<hr \/>\n<p><center><b>VENERDI<\/b><\/center>Tempo stabile ben soleggiato e asciutto con ottima visibilit\u00e0 a tutte le quote con clima meno freddo rispetto a gioved\u00ec. Temperature in ulteriore lieve aumento con un&#8217;elevata escursione termica giornaliera specie nelle valli esposte al soleggiamento e con una modesta inversione termica nelle ore fredde.<\/p>\n<p>&nbsp;<\/p>\n<blockquote class=\"wp-embedded-content\" data-secret=\"q0p2TTL6PB\"><p><a href=\"https:\/\/www.radiopiu.net\/wordpress\/neve-al-suolo-aggiornamentoa\/\">NEVE AL SUOLO. AGGIORNAMENTO ARPAV  23 12 24<\/a><\/p><\/blockquote>\n<p><iframe loading=\"lazy\" class=\"wp-embedded-content\" sandbox=\"allow-scripts\" security=\"restricted\" style=\"position: absolute; visibility: hidden;\" title=\"&#8220;NEVE AL SUOLO. AGGIORNAMENTO ARPAV  23 12 24&#8221; &#8212; Radio Pi\u00f9\" src=\"https:\/\/www.radiopiu.net\/wordpress\/neve-al-suolo-aggiornamentoa\/embed\/#?secret=KqPzDT6YzM#?secret=q0p2TTL6PB\" data-secret=\"q0p2TTL6PB\" width=\"600\" height=\"338\" frameborder=\"0\" marginwidth=\"0\" marginheight=\"0\" scrolling=\"no\"><\/iframe><\/p>\n<p>&nbsp;<\/p>\n<hr \/>\n<p>&nbsp;<\/p>\n<p>&nbsp;<\/p>\n<p class=\"mceTemp\"><a class=\"dt-pswp-item\" href=\"https:\/\/www.radiopiu.net\/wordpress\/wp-content\/uploads\/2018\/09\/sport.jpg\" data-dt-img-description=\"\" data-large_image_width=\"800\" data-large_image_height=\"100\"><img loading=\"lazy\" decoding=\"async\" class=\"aligncenter wp-image-60761 size-full\" src=\"https:\/\/www.radiopiu.net\/wordpress\/wp-content\/uploads\/2018\/09\/sport.jpg\" alt=\"\" width=\"800\" height=\"100\" srcset=\"https:\/\/www.radiopiu.net\/wordpress\/wp-content\/uploads\/2018\/09\/sport.jpg 800w, https:\/\/www.radiopiu.net\/wordpress\/wp-content\/uploads\/2018\/09\/sport-300x38.jpg 300w, https:\/\/www.radiopiu.net\/wordpress\/wp-content\/uploads\/2018\/09\/sport-768x96.jpg 768w\" sizes=\"auto, (max-width: 800px) 100vw, 800px\" \/> <\/a><\/p>\n<p class=\"mceTemp\"><span style=\"color: #0000ff;\"><strong>\u00a0<\/strong><\/span><\/p>\n<p class=\"mceTemp\"><span style=\"color: #0000ff;\"><strong>HOCKEY SU GHIACCIO\u00a0<\/strong><\/span><\/p>\n<blockquote>\n<h3>IL FINE SETTIMANA DEL SETTORE GIOVANILE DELL&#8217;ALLEGHE HOCKEY<\/h3>\n<\/blockquote>\n<p><strong><a class=\"dt-pswp-item\" href=\"https:\/\/www.radiopiu.net\/wordpress\/wp-content\/uploads\/2018\/12\/HOCKEY-BBB.jpg\" data-dt-img-description=\"\" data-large_image_width=\"1920\" data-large_image_height=\"1200\"><img loading=\"lazy\" decoding=\"async\" class=\" wp-image-70532 alignleft\" src=\"https:\/\/www.radiopiu.net\/wordpress\/wp-content\/uploads\/2018\/12\/HOCKEY-BBB-300x188.jpg\" alt=\"\" width=\"219\" height=\"137\" srcset=\"https:\/\/www.radiopiu.net\/wordpress\/wp-content\/uploads\/2018\/12\/HOCKEY-BBB-300x188.jpg 300w, https:\/\/www.radiopiu.net\/wordpress\/wp-content\/uploads\/2018\/12\/HOCKEY-BBB-768x480.jpg 768w, https:\/\/www.radiopiu.net\/wordpress\/wp-content\/uploads\/2018\/12\/HOCKEY-BBB-1024x640.jpg 1024w, https:\/\/www.radiopiu.net\/wordpress\/wp-content\/uploads\/2018\/12\/HOCKEY-BBB.jpg 1920w\" sizes=\"auto, (max-width: 219px) 100vw, 219px\" \/><\/a>DI MARCO GAZ<\/strong><\/p>\n<p><span style=\"color: #ff0000;\"><strong>UNDER 19<\/strong><\/span><\/p>\n<p><strong>ASIAGO \u2013 CORTINA\/ALLEGHE 5-0<\/strong><\/p>\n<p>Termina con una sonora sconfitta l\u2019ultima sfida prima della pausa natalizia per il Cortina\/Alleghe under 19. In terra vicentina la squadra mista bellunese esce sconfitta dopo una sfida a senso unico che ha premiato l\u2019Asiago. Cortina\/Alleghe all\u2019ottavo posto in classifica con 24 punti.<\/p>\n<p><span style=\"color: #ff0000;\"><strong>UNDER 16 <\/strong><\/span><\/p>\n<p><strong>CALDARO \u2013 CORTINA\/DOBBIACO 2-1 dot<\/strong><\/p>\n<p>Sconfitta all\u2019overtime per l\u2019Under 16 del Cortina\/Dobbiaco dove militano anche giocatori agordini. Una partita che ha visto gli altoatesini passare in vantaggio e gli ospiti pareggiare subito dopo. Nel secondo e terzo tempo reti inviolate poi il supplementare dove il Caldaro ha la meglio.<\/p>\n<p><span style=\"color: #ff0000;\"><strong>UNDER 14 <\/strong><\/span><\/p>\n<p><strong>ALTA BADIA \u2013 ALLEGHE\/CORTINA 3-6<\/strong><\/p>\n<p>Le giovani civette under 14 superano l\u2019Alta Badia e si aggiudicano il master round del campionato. Punteggio che si pu\u00f2 definire tennistico con gli alleghesi che mettono a segno 6 marcature e ne subiscono 3. La prima fase del campionato si chiude con la seconda posizione del girone est1 per l\u2019Alleghe\/Cortina che ora inizier\u00e0 il campionato vero e proprio. Il 30 dicembre la prima sfida del master round contro il Trento.<\/p>\n<p>&nbsp;<\/p>\n<p><span style=\"color: #0000ff;\"><strong>NUOTO<\/strong><\/span><\/p>\n<blockquote>\n<h3>\u201cTrofeo Babbo Natale\u201d: Sportivamente Belluno brilla con i giovani nuotatori<\/h3>\n<\/blockquote>\n<p>Bassano del Grappa ha ospitato il decimo \u201cTrofeo Babbo Natale\u201d, dove gli Esordienti della Sportivamente Belluno si sono distinti conquistando il <strong>nono posto nella classifica generale<\/strong> su oltre 500 partecipanti.<\/p>\n<p>Nicola De Min ha vinto l\u2019oro nei 50 rana (43\u201d94), mentre Alessandro Morra ha brillato con un argento nei 100 stile libero (1\u201900\u201d10) e un bronzo nei 100 farfalla (1\u201905\u201d65). Prestazioni eccellenti anche per Gabriel Somacal, Mattia Brianti, Laura Ivessa e Greta Galanti, con piazzamenti entro l\u2019ottavo posto in diverse gare individuali.<\/p>\n<p>Da applausi la staffetta 4&#215;100 stile mixed, che ha conquistato il bronzo (4\u201923\u201d82). Soddisfazione del tecnico Daniela Piermarini, che ora guarda al Meeting del Pinguino a gennaio<\/p>\n\n\t\t\t<style type='text\/css'>\n\t\t\t\t#gallery-13 {\n\t\t\t\t\tmargin: auto;\n\t\t\t\t}\n\t\t\t\t#gallery-13 .gallery-item {\n\t\t\t\t\tfloat: left;\n\t\t\t\t\tmargin-top: 10px;\n\t\t\t\t\ttext-align: center;\n\t\t\t\t\twidth: 50%;\n\t\t\t\t}\n\t\t\t\t#gallery-13 img {\n\t\t\t\t\tborder: 2px solid #cfcfcf;\n\t\t\t\t}\n\t\t\t\t#gallery-13 .gallery-caption {\n\t\t\t\t\tmargin-left: 0;\n\t\t\t\t}\n\t\t\t\t\/* see gallery_shortcode() in wp-includes\/media.php *\/\n\t\t\t<\/style>\n\t\t<div id='gallery-13' class='dt-gallery-container gallery galleryid-426208 gallery-columns-2 gallery-size-medium'><dl class='gallery-item'>\n\t\t\t\t<dt class='gallery-icon landscape'>\n\t\t\t\t\t<a class=\"rollover rollover-zoom dt-pswp-item\" title=\"Bellunesi_protagonisti_a_Bassano\" data-dt-img-description=\"\" data-large_image_width=\"1207\" data-large_image_height=\"905\"href='https:\/\/www.radiopiu.net\/wordpress\/wp-content\/uploads\/2024\/12\/Bellunesi_protagonisti_a_Bassano.jpg'><img loading=\"lazy\" decoding=\"async\" width=\"300\" height=\"225\" src=\"https:\/\/www.radiopiu.net\/wordpress\/wp-content\/uploads\/2024\/12\/Bellunesi_protagonisti_a_Bassano-300x225.jpg\" class=\"attachment-medium size-medium\" alt=\"\" srcset=\"https:\/\/www.radiopiu.net\/wordpress\/wp-content\/uploads\/2024\/12\/Bellunesi_protagonisti_a_Bassano-300x225.jpg 300w, https:\/\/www.radiopiu.net\/wordpress\/wp-content\/uploads\/2024\/12\/Bellunesi_protagonisti_a_Bassano-1024x768.jpg 1024w, https:\/\/www.radiopiu.net\/wordpress\/wp-content\/uploads\/2024\/12\/Bellunesi_protagonisti_a_Bassano-768x576.jpg 768w, https:\/\/www.radiopiu.net\/wordpress\/wp-content\/uploads\/2024\/12\/Bellunesi_protagonisti_a_Bassano.jpg 1207w\" sizes=\"auto, (max-width: 300px) 100vw, 300px\" \/><\/a>\n\t\t\t\t<\/dt><\/dl><dl class='gallery-item'>\n\t\t\t\t<dt class='gallery-icon landscape'>\n\t\t\t\t\t<a class=\"rollover rollover-zoom dt-pswp-item\" title=\"Bilancio_positivo_al_Trofeo_Babbo_Natale\" data-dt-img-description=\"\" data-large_image_width=\"1207\" data-large_image_height=\"869\"href='https:\/\/www.radiopiu.net\/wordpress\/wp-content\/uploads\/2024\/12\/Bilancio_positivo_al_Trofeo_Babbo_Natale.jpg'><img loading=\"lazy\" decoding=\"async\" width=\"300\" height=\"216\" src=\"https:\/\/www.radiopiu.net\/wordpress\/wp-content\/uploads\/2024\/12\/Bilancio_positivo_al_Trofeo_Babbo_Natale-300x216.jpg\" class=\"attachment-medium size-medium\" alt=\"\" srcset=\"https:\/\/www.radiopiu.net\/wordpress\/wp-content\/uploads\/2024\/12\/Bilancio_positivo_al_Trofeo_Babbo_Natale-300x216.jpg 300w, https:\/\/www.radiopiu.net\/wordpress\/wp-content\/uploads\/2024\/12\/Bilancio_positivo_al_Trofeo_Babbo_Natale-1024x737.jpg 1024w, https:\/\/www.radiopiu.net\/wordpress\/wp-content\/uploads\/2024\/12\/Bilancio_positivo_al_Trofeo_Babbo_Natale-768x553.jpg 768w, https:\/\/www.radiopiu.net\/wordpress\/wp-content\/uploads\/2024\/12\/Bilancio_positivo_al_Trofeo_Babbo_Natale.jpg 1207w\" sizes=\"auto, (max-width: 300px) 100vw, 300px\" \/><\/a>\n\t\t\t\t<\/dt><\/dl><br style=\"clear: both\" \/>\n\t\t\t<\/div>\n\n<p>&nbsp;<\/p>\n<p><span style=\"color: #0000ff;\"><strong>KARATE<\/strong><\/span><\/p>\n<blockquote><p><strong><a class=\"dt-pswp-item\" href=\"https:\/\/www.radiopiu.net\/wordpress\/wp-content\/uploads\/2024\/12\/Grand-Prix.jpg\" data-dt-img-description=\"\" data-large_image_width=\"1536\" data-large_image_height=\"2048\"><img loading=\"lazy\" decoding=\"async\" class=\"size-medium wp-image-426379 alignleft\" src=\"https:\/\/www.radiopiu.net\/wordpress\/wp-content\/uploads\/2024\/12\/Grand-Prix-225x300.jpg\" alt=\"\" width=\"225\" height=\"300\" srcset=\"https:\/\/www.radiopiu.net\/wordpress\/wp-content\/uploads\/2024\/12\/Grand-Prix-225x300.jpg 225w, https:\/\/www.radiopiu.net\/wordpress\/wp-content\/uploads\/2024\/12\/Grand-Prix-768x1024.jpg 768w, https:\/\/www.radiopiu.net\/wordpress\/wp-content\/uploads\/2024\/12\/Grand-Prix-1152x1536.jpg 1152w, https:\/\/www.radiopiu.net\/wordpress\/wp-content\/uploads\/2024\/12\/Grand-Prix.jpg 1536w\" sizes=\"auto, (max-width: 225px) 100vw, 225px\" \/><\/a>Karate: successi e spettacolo al Grand Prix di Natale a Longarone<\/strong><\/p><\/blockquote>\n<p>Al palazzetto dello sport di Longarone si \u00e8 svolto il Grand Prix di Natale, evento organizzato dal Tsks Belluno per atleti dai 4 ai 18 anni. Oltre 150 partecipanti si sono confrontati su percorsi, kihon, kata e kumite, con dimostrazioni applaudite delle cinture nere.<\/p>\n<p>L\u2019evento ha visto la presenza del presidente provinciale AICS Davide Capponi che ha premiato Lorenzo Pontil Scala, medaglia d\u2019argento al Campionato Italiano e alla Coppa del Mondo. Una giornata memorabile, tra competizione, inclusione e celebrazione dell\u2019arte del karate.<\/p>\n<p>&nbsp;<\/p>\n<p><strong>Ecco tutti i risultati.<\/strong> Categoria bianca-gialla 6 anni. 1. Edoardo Cavalet, 2. Giacomo De Carlo, 3. Riccardo Da Rin. Categoria bianca-gialla 7 anni. 1. Agata De Martin, 2. David Rushi, Lorenzo Pais. Categoria bianca-gialla 8-9 anni. 1. Sofia Campagnuolo, 2. Mia Menardi, 3. Soraya Capraro. Categoria arancio 6-7-8 anni. 1. Sofia Cavalet, 2. Leone Valle Da Rin, 3. Giacomo Del Gaudio. Categoria verde 6-7-8 anni. 1. Nora Casati, 2. Stefania Pocchiesa, 3. Evan Frenner. Categoria cinture arancio 9-10 anni. 1. Pietro Baldovin, 2. Gabriele Fiori, 3. Anna Baldissarutti. Categoria cinture bianca-gialla 10-11 anni. 1. Larissa Baldovin, 2. Annalisa Clerici, 3. Vanessa Vecellio. Categoria cinture verdi 9-10 anni. 1. Asia Lam, 2. Alice Ghinato, 3. Michele Giavi. Categoria cinture arancio-verdi 11-12 anni. 1. Bianca Baldovin, 2. Veronica Pomar\u00e8, 3. Eleonora Larcher. Categoria cinture bianca-gialla 14-15 anni. 1. Gabriel Zaporojan, 2. Zeno De Toffol, 3. Gabriele De Ghetto. Categoriacinture arancio-verdi 13-14 anni. 1. Lavinia Mazzer, 2. Leonardo Bellodis, 3. Anna Belli.<br \/>\nCategoria cinture bianca-gialla 16-17 anni. 1. Fjolla Saliu, 2. Vittoria Costoli, 3. Gaia Cason. Categoria cinture arancio-verdi 17-18 anni. 1. Martina Bianchi, 2. Martin Roveri, 3. Marta Bordin. Categoria cinture blu-marroni 9-10-11 anni. 1. Cecilia Bianco, 2. Sara Pagotto, 3. Nicole De Martin. Categoria cinture blu-marroni 12-13 anni. 1. Matildecinture arancio-verdi 13-14 anni. 1. Lavinia Mazzer, 2. Leonardo Bellodis, 3. Anna Belli. Categoria cinture bianca-gialla 16-17 anni. 1. Fjolla Saliu, 2. Vittoria Costoli, 3. Gaia Cason. Categoria cinture arancio-verdi 17-18 anni. 1. Martina Bianchi, 2. Martin Roveri, 3. Marta Bordin. Categoria cinture blu-marroni 9-10-11 anni. 1. Cecilia Bianco, 2. Sara Pagotto, 3. Nicole De Martin. Categoria cinture blu-marroni 12-13 anni. 1. Matilde Antinucci, 2. Alessandro Monti, 3. Elisa Alver\u00e0. Categoria cinture nere F. 14-15 anni. 1.Giada Gaspari, 2. Linda Pompanin, 3. Letizia Zanetto. Categoria cinture nere M. 14-15 anni. 1. Lorenzo Pontil Scala, 2. Samuele Pinzon, 3. Raffaele Fattor. Categoria cinture nere F. 16-17 anni. 1. Greta De Pauli, 2. Martina Ciliotta, 3. Giulia Cecconi. Categoria cinture nere M. 16-17 anni. 1. Gabriele Lam, 2. Antonio Buzesco Pop, 3. Loris Da Rin.<\/p>\n<p>&nbsp;<\/p>\n<hr \/>\n<p>&nbsp;<\/p>\n<h2><span style=\"color: #00ff00;\">GOODBYE BY BICICLE&#8230;UN VIAGGIO DALL&#8217;INDIA A SEREN DEL GRAPPA IN BICICLETTA<\/span><\/h2>\n<p><span style=\"color: #ff0000;\"><strong>PUNTATA 39 &#8211; FINALMENTE A CASA (ULTIMA PUNTATA)<\/strong><\/span><\/p>\n<audio class=\"wp-audio-shortcode\" id=\"audio-426208-30\" preload=\"none\" style=\"width: 100%;\" controls=\"controls\"><source type=\"audio\/mpeg\" src=\"https:\/\/www.radiopiu.net\/wordpress\/wp-content\/uploads\/2024\/12\/AIRE-INDIA-ULTIMA-PUNTATA.mp3?_=30\" \/><a href=\"https:\/\/www.radiopiu.net\/wordpress\/wp-content\/uploads\/2024\/12\/AIRE-INDIA-ULTIMA-PUNTATA.mp3\">https:\/\/www.radiopiu.net\/wordpress\/wp-content\/uploads\/2024\/12\/AIRE-INDIA-ULTIMA-PUNTATA.mp3<\/a><\/audio>\n<p>&nbsp;<\/p>\n\n\t\t\t<style type='text\/css'>\n\t\t\t\t#gallery-14 {\n\t\t\t\t\tmargin: auto;\n\t\t\t\t}\n\t\t\t\t#gallery-14 .gallery-item {\n\t\t\t\t\tfloat: left;\n\t\t\t\t\tmargin-top: 10px;\n\t\t\t\t\ttext-align: center;\n\t\t\t\t\twidth: 25%;\n\t\t\t\t}\n\t\t\t\t#gallery-14 img {\n\t\t\t\t\tborder: 2px solid #cfcfcf;\n\t\t\t\t}\n\t\t\t\t#gallery-14 .gallery-caption {\n\t\t\t\t\tmargin-left: 0;\n\t\t\t\t}\n\t\t\t\t\/* see gallery_shortcode() in wp-includes\/media.php *\/\n\t\t\t<\/style>\n\t\t<div id='gallery-14' class='dt-gallery-container gallery galleryid-426208 gallery-columns-4 gallery-size-thumbnail'><dl class='gallery-item'>\n\t\t\t\t<dt class='gallery-icon landscape'>\n\t\t\t\t\t<a class=\"rollover rollover-zoom dt-pswp-item\" title=\"7a2c84e0-93f5-4040-b424-b7965a970522\" data-dt-img-description=\"\" data-large_image_width=\"1600\" data-large_image_height=\"1200\"href='https:\/\/www.radiopiu.net\/wordpress\/wp-content\/uploads\/2024\/12\/7a2c84e0-93f5-4040-b424-b7965a970522.jpg'><img loading=\"lazy\" decoding=\"async\" width=\"150\" height=\"150\" src=\"https:\/\/www.radiopiu.net\/wordpress\/wp-content\/uploads\/2024\/12\/7a2c84e0-93f5-4040-b424-b7965a970522-150x150.jpg\" class=\"attachment-thumbnail size-thumbnail\" alt=\"\" \/><\/a>\n\t\t\t\t<\/dt><\/dl><dl class='gallery-item'>\n\t\t\t\t<dt class='gallery-icon portrait'>\n\t\t\t\t\t<a class=\"rollover rollover-zoom dt-pswp-item\" title=\"6026b5db-3431-4bfb-b578-0d0f50816c38\" data-dt-img-description=\"\" data-large_image_width=\"1200\" data-large_image_height=\"1600\"href='https:\/\/www.radiopiu.net\/wordpress\/wp-content\/uploads\/2024\/12\/6026b5db-3431-4bfb-b578-0d0f50816c38.jpg'><img loading=\"lazy\" decoding=\"async\" width=\"150\" height=\"150\" src=\"https:\/\/www.radiopiu.net\/wordpress\/wp-content\/uploads\/2024\/12\/6026b5db-3431-4bfb-b578-0d0f50816c38-150x150.jpg\" class=\"attachment-thumbnail size-thumbnail\" alt=\"\" \/><\/a>\n\t\t\t\t<\/dt><\/dl><dl class='gallery-item'>\n\t\t\t\t<dt class='gallery-icon landscape'>\n\t\t\t\t\t<a class=\"rollover rollover-zoom dt-pswp-item\" title=\"95899ca7-21e1-4c2c-9ffb-8ef3cef15bf9\" data-dt-img-description=\"\" data-large_image_width=\"1600\" data-large_image_height=\"1200\"href='https:\/\/www.radiopiu.net\/wordpress\/wp-content\/uploads\/2024\/12\/95899ca7-21e1-4c2c-9ffb-8ef3cef15bf9.jpg'><img loading=\"lazy\" decoding=\"async\" width=\"150\" height=\"150\" src=\"https:\/\/www.radiopiu.net\/wordpress\/wp-content\/uploads\/2024\/12\/95899ca7-21e1-4c2c-9ffb-8ef3cef15bf9-150x150.jpg\" class=\"attachment-thumbnail size-thumbnail\" alt=\"\" \/><\/a>\n\t\t\t\t<\/dt><\/dl><dl class='gallery-item'>\n\t\t\t\t<dt class='gallery-icon portrait'>\n\t\t\t\t\t<a class=\"rollover rollover-zoom dt-pswp-item\" title=\"cea65a7c-756c-46e2-95d3-22ef94691924\" data-dt-img-description=\"\" data-large_image_width=\"1200\" data-large_image_height=\"1600\"href='https:\/\/www.radiopiu.net\/wordpress\/wp-content\/uploads\/2024\/12\/cea65a7c-756c-46e2-95d3-22ef94691924.jpg'><img loading=\"lazy\" decoding=\"async\" width=\"150\" height=\"150\" src=\"https:\/\/www.radiopiu.net\/wordpress\/wp-content\/uploads\/2024\/12\/cea65a7c-756c-46e2-95d3-22ef94691924-150x150.jpg\" class=\"attachment-thumbnail size-thumbnail\" alt=\"\" \/><\/a>\n\t\t\t\t<\/dt><\/dl><br style=\"clear: both\" \/>\n\t\t\t<\/div>\n\n<p>&nbsp;<\/p>\n<h2>LA RACCOLTA COMPLETA <a href=\"https:\/\/www.radiopiu.net\/wordpress\/goodbye-by-bicicle-un-viaggio-dallindia-a-seren-del-grappa-in-bicicletta-39\/\"><span style=\"color: #3366ff;\">CLICCA QUI<\/span><\/a><\/h2>\n<p>&nbsp;<\/p>\n<p>&nbsp;<\/p>\n<p>&nbsp;<\/p>\n<p>&nbsp;<\/p>\n<p>&nbsp;<\/p>\n","protected":false},"excerpt":{"rendered":"<p>******** &nbsp; LA\u00a0 APP PER IOS-IPHONE di Nicola Vettorello https:\/\/apps.apple.com\/it\/app\/radio-pi%C3%B9-emittente-agordina\/id1515939845 LA\u00a0 APP RADIO\u00a0 PER ANDROID di Nicola Vettorello https:\/\/play.google.com\/store\/apps\/details?id=net.radiopiu.iniko\u00a0\u00a0\u00a0 &nbsp; &nbsp; &nbsp; &nbsp; &nbsp; OGGI ALLE 10.30\u00a0 CON FRANCESCO ZILLIO DI EPCENTER&#8230; ALLE 10.30 SU RADIOPIU LA TECNOLOGIA ALLA RADIO 15.10 IL MARTEDI DI LUISA ALCHINI, SPECIALE VIGILIA DI NATALE e alle 16.45 LE HIT&hellip;<\/p>\n","protected":false},"author":4,"featured_media":426446,"comment_status":"closed","ping_status":"closed","sticky":false,"template":"","format":"standard","meta":{"_monsterinsights_skip_tracking":false,"_monsterinsights_sitenote_active":false,"_monsterinsights_sitenote_note":"","_monsterinsights_sitenote_category":0,"footnotes":""},"categories":[51,86,49],"tags":[],"class_list":["post-426208","post","type-post","status-publish","format-standard","has-post-thumbnail","hentry","category-evidenza-top","category-gr","category-news-18","category-51","category-86","category-49","description-off"],"img_url":"https:\/\/www.radiopiu.net\/wordpress\/wp-content\/uploads\/2024\/12\/suem-Frescura-scaled.jpeg","_links":{"self":[{"href":"https:\/\/www.radiopiu.net\/wordpress\/wp-json\/wp\/v2\/posts\/426208","targetHints":{"allow":["GET"]}}],"collection":[{"href":"https:\/\/www.radiopiu.net\/wordpress\/wp-json\/wp\/v2\/posts"}],"about":[{"href":"https:\/\/www.radiopiu.net\/wordpress\/wp-json\/wp\/v2\/types\/post"}],"author":[{"embeddable":true,"href":"https:\/\/www.radiopiu.net\/wordpress\/wp-json\/wp\/v2\/users\/4"}],"replies":[{"embeddable":true,"href":"https:\/\/www.radiopiu.net\/wordpress\/wp-json\/wp\/v2\/comments?post=426208"}],"version-history":[{"count":43,"href":"https:\/\/www.radiopiu.net\/wordpress\/wp-json\/wp\/v2\/posts\/426208\/revisions"}],"predecessor-version":[{"id":426576,"href":"https:\/\/www.radiopiu.net\/wordpress\/wp-json\/wp\/v2\/posts\/426208\/revisions\/426576"}],"wp:featuredmedia":[{"embeddable":true,"href":"https:\/\/www.radiopiu.net\/wordpress\/wp-json\/wp\/v2\/media\/426446"}],"wp:attachment":[{"href":"https:\/\/www.radiopiu.net\/wordpress\/wp-json\/wp\/v2\/media?parent=426208"}],"wp:term":[{"taxonomy":"category","embeddable":true,"href":"https:\/\/www.radiopiu.net\/wordpress\/wp-json\/wp\/v2\/categories?post=426208"},{"taxonomy":"post_tag","embeddable":true,"href":"https:\/\/www.radiopiu.net\/wordpress\/wp-json\/wp\/v2\/tags?post=426208"}],"curies":[{"name":"wp","href":"https:\/\/api.w.org\/{rel}","templated":true}]}}