{"id":426286,"date":"2024-12-23T09:11:11","date_gmt":"2024-12-23T08:11:11","guid":{"rendered":"https:\/\/www.radiopiu.net\/wordpress\/?p=426286"},"modified":"2024-12-23T09:11:11","modified_gmt":"2024-12-23T08:11:11","slug":"dillo-a-radio-piu-o-meglio-dillo-a-dolomitibus-e-provincia","status":"publish","type":"post","link":"https:\/\/www.radiopiu.net\/wordpress\/dillo-a-radio-piu-o-meglio-dillo-a-dolomitibus-e-provincia\/","title":{"rendered":"DILLO A RADIO PIU&#8230; o meglio dillo a Dolomitibus e Provincia"},"content":{"rendered":"<p>***<\/p>\n<blockquote><p><strong>La lettera malinconica di un ascoltatore a &#8220;Dillo a Radio Pi\u00f9&#8221;<\/strong><\/p><\/blockquote>\n<div class=\"flex max-w-full flex-col flex-grow\">\n<div class=\"min-h-8 text-message flex w-full flex-col items-end gap-2 whitespace-normal break-words text-start [.text-message+&amp;]:mt-5\" dir=\"auto\" data-message-author-role=\"assistant\" data-message-id=\"f6e5298a-c784-49b8-b5ee-2d29fa610f7c\" data-message-model-slug=\"gpt-4o\">\n<div class=\"flex w-full flex-col gap-1 empty:hidden first:pt-[3px]\">\n<div class=\"markdown prose w-full break-words dark:prose-invert dark\">\n<p><img loading=\"lazy\" decoding=\"async\" class=\"alignleft\" src=\"https:\/\/www.radiopiu.net\/wordpress\/wp-content\/uploads\/2024\/12\/Senza-nome-105.png\" width=\"260\" height=\"154\" \/>Un tocco di malinconia ha attraversato le frequenze di <em>Radio Pi\u00f9<\/em> grazie a una lettera inviata alla rubrica <em>Dillo a Radio Pi\u00f9<\/em>. Un ascoltatore, con tono ironico ma intriso di tristezza, ha condiviso il suo disappunto per gli orari delle festivit\u00e0 della DolomitiBus, che rischiano di trasformare i giorni di festa in un\u2019esperienza di isolamento totale.<em> &#8220;Sono in depressione: 25-26-29 dicembre 2024, 1 &#8211; 5 &#8211; 6 gennaio 2025 isolamento totale&#8221;<\/em><\/p>\n<p>Nella lettera, il nostro interlocutore esprime la sua delusione<em>\u00a0\u201cCome sempre sono un vecchio ottimista, nonostante tutto\u201d<\/em>, scrive, trasmettendo un senso di rassegnazione tipico di chi combatte con le difficolt\u00e0 quotidiane, ma non perde mai completamente la speranza.<\/p>\n<p>Nonostante il tono ironico e il saluto di rito con un \u201cBuon Natale\u201d, il messaggio lascia trasparire un profondo senso di solitudine e malinconia, offrendo uno spunto di riflessione su quanto possano essere difficili per alcuni i periodi di festa, soprattutto quando gli spostamenti sono complicati.<\/p>\n<p>A questo ascoltatore va il nostro abbraccio solidale e l&#8217;augurio che, nonostante tutto, possa trovare conforto e serenit\u00e0 in questi giorni di festivit\u00e0. L\u2019appello resta aperto: una riflessione sulla mobilit\u00e0 e sull\u2019inclusivit\u00e0 nei periodi di festa potrebbe fare la differenza per chi, come lui, sogna un Natale meno solitario.<\/p>\n<\/div>\n<\/div>\n<\/div>\n<\/div>\n<p>&nbsp;<\/p>\n<p>&nbsp;<\/p>\n<hr \/>\n<p>&nbsp;<\/p>\n","protected":false},"excerpt":{"rendered":"<p>*** La lettera malinconica di un ascoltatore a &#8220;Dillo a Radio Pi\u00f9&#8221; Un tocco di malinconia ha attraversato le frequenze di Radio Pi\u00f9 grazie a una lettera inviata alla rubrica Dillo a Radio Pi\u00f9. Un ascoltatore, con tono ironico ma intriso di tristezza, ha condiviso il suo disappunto per gli orari delle festivit\u00e0 della DolomitiBus,&hellip;<\/p>\n","protected":false},"author":4,"featured_media":426287,"comment_status":"closed","ping_status":"closed","sticky":false,"template":"","format":"standard","meta":{"_monsterinsights_skip_tracking":false,"_monsterinsights_sitenote_active":false,"_monsterinsights_sitenote_note":"","_monsterinsights_sitenote_category":0,"footnotes":""},"categories":[49],"tags":[],"class_list":["post-426286","post","type-post","status-publish","format-standard","has-post-thumbnail","hentry","category-news-18","category-49","description-off"],"img_url":"https:\/\/www.radiopiu.net\/wordpress\/wp-content\/uploads\/2024\/12\/Senza-nome-105.png","_links":{"self":[{"href":"https:\/\/www.radiopiu.net\/wordpress\/wp-json\/wp\/v2\/posts\/426286","targetHints":{"allow":["GET"]}}],"collection":[{"href":"https:\/\/www.radiopiu.net\/wordpress\/wp-json\/wp\/v2\/posts"}],"about":[{"href":"https:\/\/www.radiopiu.net\/wordpress\/wp-json\/wp\/v2\/types\/post"}],"author":[{"embeddable":true,"href":"https:\/\/www.radiopiu.net\/wordpress\/wp-json\/wp\/v2\/users\/4"}],"replies":[{"embeddable":true,"href":"https:\/\/www.radiopiu.net\/wordpress\/wp-json\/wp\/v2\/comments?post=426286"}],"version-history":[{"count":1,"href":"https:\/\/www.radiopiu.net\/wordpress\/wp-json\/wp\/v2\/posts\/426286\/revisions"}],"predecessor-version":[{"id":426288,"href":"https:\/\/www.radiopiu.net\/wordpress\/wp-json\/wp\/v2\/posts\/426286\/revisions\/426288"}],"wp:featuredmedia":[{"embeddable":true,"href":"https:\/\/www.radiopiu.net\/wordpress\/wp-json\/wp\/v2\/media\/426287"}],"wp:attachment":[{"href":"https:\/\/www.radiopiu.net\/wordpress\/wp-json\/wp\/v2\/media?parent=426286"}],"wp:term":[{"taxonomy":"category","embeddable":true,"href":"https:\/\/www.radiopiu.net\/wordpress\/wp-json\/wp\/v2\/categories?post=426286"},{"taxonomy":"post_tag","embeddable":true,"href":"https:\/\/www.radiopiu.net\/wordpress\/wp-json\/wp\/v2\/tags?post=426286"}],"curies":[{"name":"wp","href":"https:\/\/api.w.org\/{rel}","templated":true}]}}