{"id":426438,"date":"2024-12-24T05:44:34","date_gmt":"2024-12-24T04:44:34","guid":{"rendered":"https:\/\/www.radiopiu.net\/wordpress\/?p=426438"},"modified":"2024-12-24T05:53:47","modified_gmt":"2024-12-24T04:53:47","slug":"investito-un-uomo-a-belluno-gli-interventi-del-suem-118","status":"publish","type":"post","link":"https:\/\/www.radiopiu.net\/wordpress\/investito-un-uomo-a-belluno-gli-interventi-del-suem-118\/","title":{"rendered":"INVESTITO UN UOMO A BELLUNO. GLI INTERVENTI DEL SUEM 118"},"content":{"rendered":"<p>******<\/p>\n<p>&nbsp;<\/p>\n<p><strong><a class=\"dt-pswp-item\" href=\"https:\/\/www.radiopiu.net\/wordpress\/wp-content\/uploads\/2023\/08\/suem.png\" data-dt-img-description=\"\" data-large_image_width=\"273\" data-large_image_height=\"127\"><img loading=\"lazy\" decoding=\"async\" class=\" wp-image-348238 alignleft\" src=\"https:\/\/www.radiopiu.net\/wordpress\/wp-content\/uploads\/2023\/08\/suem.png\" alt=\"\" width=\"193\" height=\"90\" \/><\/a>REDAZIONE<\/strong> Giornata impegnativa per il Suem 118 impegnato su pi\u00f9 fronti nella provincia di Belluno. Il primo intervento alle 10:30 a Borgo Valbelluna, pi\u00f9 precisamente a Lentiai dove Falco 2 \u00e8 atterrato per soccorrere una donna di 87 anni che sie era fatta male in seguito ad una caduta. L&#8217;anziana \u00e8 stata elitrasportata al San Martino di Belluno con ferite di media gravit\u00e0. Alle 12 Falco 1 \u00e8 volato a Pie Tofana per soccorrere un 44enne di Giavera del Montello che si era procurato un trauma cranico. Falco 1 si \u00e8 alzato in volo per la seconda volta alle 12:30 per soccorrere uno sciatore che sie era fatto male sulla pista di Padola. Poco prima delle 16 l&#8217;ultimo intervento a Belluno dove \u00e8 stato investito da un&#8217;auto un uomo di 24 anni. Sul posto l&#8217;ambulanza per soccorrere il giovane che \u00e8 stato poi trasportato al san martino di Belluno con ferite di media gravit\u00e0.<\/p>\n<p>&nbsp;<\/p>\n<p>&nbsp;<\/p>\n<p>********<\/p>\n","protected":false},"excerpt":{"rendered":"<p>****** &nbsp; REDAZIONE Giornata impegnativa per il Suem 118 impegnato su pi\u00f9 fronti nella provincia di Belluno. Il primo intervento alle 10:30 a Borgo Valbelluna, pi\u00f9 precisamente a Lentiai dove Falco 2 \u00e8 atterrato per soccorrere una donna di 87 anni che sie era fatta male in seguito ad una caduta. L&#8217;anziana \u00e8 stata elitrasportata&hellip;<\/p>\n","protected":false},"author":4,"featured_media":348787,"comment_status":"closed","ping_status":"closed","sticky":false,"template":"","format":"standard","meta":{"_monsterinsights_skip_tracking":false,"_monsterinsights_sitenote_active":false,"_monsterinsights_sitenote_note":"","_monsterinsights_sitenote_category":0,"footnotes":""},"categories":[51,49],"tags":[],"class_list":["post-426438","post","type-post","status-publish","format-standard","has-post-thumbnail","hentry","category-evidenza-top","category-news-18","category-51","category-49","description-off"],"img_url":"https:\/\/www.radiopiu.net\/wordpress\/wp-content\/uploads\/2023\/08\/ambulanza-ulss-1.jpg","_links":{"self":[{"href":"https:\/\/www.radiopiu.net\/wordpress\/wp-json\/wp\/v2\/posts\/426438","targetHints":{"allow":["GET"]}}],"collection":[{"href":"https:\/\/www.radiopiu.net\/wordpress\/wp-json\/wp\/v2\/posts"}],"about":[{"href":"https:\/\/www.radiopiu.net\/wordpress\/wp-json\/wp\/v2\/types\/post"}],"author":[{"embeddable":true,"href":"https:\/\/www.radiopiu.net\/wordpress\/wp-json\/wp\/v2\/users\/4"}],"replies":[{"embeddable":true,"href":"https:\/\/www.radiopiu.net\/wordpress\/wp-json\/wp\/v2\/comments?post=426438"}],"version-history":[{"count":1,"href":"https:\/\/www.radiopiu.net\/wordpress\/wp-json\/wp\/v2\/posts\/426438\/revisions"}],"predecessor-version":[{"id":426439,"href":"https:\/\/www.radiopiu.net\/wordpress\/wp-json\/wp\/v2\/posts\/426438\/revisions\/426439"}],"wp:featuredmedia":[{"embeddable":true,"href":"https:\/\/www.radiopiu.net\/wordpress\/wp-json\/wp\/v2\/media\/348787"}],"wp:attachment":[{"href":"https:\/\/www.radiopiu.net\/wordpress\/wp-json\/wp\/v2\/media?parent=426438"}],"wp:term":[{"taxonomy":"category","embeddable":true,"href":"https:\/\/www.radiopiu.net\/wordpress\/wp-json\/wp\/v2\/categories?post=426438"},{"taxonomy":"post_tag","embeddable":true,"href":"https:\/\/www.radiopiu.net\/wordpress\/wp-json\/wp\/v2\/tags?post=426438"}],"curies":[{"name":"wp","href":"https:\/\/api.w.org\/{rel}","templated":true}]}}