{"id":426551,"date":"2024-12-24T06:56:26","date_gmt":"2024-12-24T05:56:26","guid":{"rendered":"https:\/\/www.radiopiu.net\/wordpress\/?p=426551"},"modified":"2024-12-25T08:25:07","modified_gmt":"2024-12-25T07:25:07","slug":"palanarae-e-ora-di-intervenire-2-5-7-milioni-decidera-luxottica","status":"publish","type":"post","link":"https:\/\/www.radiopiu.net\/wordpress\/palanarae-e-ora-di-intervenire-2-5-7-milioni-decidera-luxottica\/","title":{"rendered":"&#8220;PALANARAE&#8221; E&#8217; ORA DI INTERVENIRE, 2-5-7 MILIONI? DECIDERA&#8217; LUXOTTICA"},"content":{"rendered":"<p>**<\/p>\n<p>&nbsp;<\/p>\n<p><img decoding=\"async\" class=\"alignleft\" src=\"https:\/\/www.radiopiu.net\/wordpress\/wp-content\/uploads\/2022\/04\/palanarae.jpg\" \/><strong>AGORDO<\/strong> Il sindaco i Agordo, Roberto Chissal\u00e8, ha sollecitato l&#8217;Unione Montana a prendere in mano i progetti per il recupero e la riapertura del Palanarae.<br \/>\nHa risposto il Presidente dell&#8217;Unione Montana Paolo Frena. E&#8217; stato dato l&#8217;incarico per la progettazione, tre progetti all&#8217;attenzione dei vertici Luxottica, che si sono riservati di dare una valutazione. Tutto era iniziato con Giorgio Striano, oggi non pi\u00f9 della famiglia Luxottica, quindi questa potrebbe essere una delle motivazioni dei ritardi. Chissal\u00e8 ha anche chiesto di dare dignit\u00e0 e accessibilit\u00e0 al parcheggio a servizio della Piscina e Palazzetto dello SPort in via Lungorova.<\/p>\n<p>&nbsp;<\/p>\n<p><strong>IL PRESIDENTE PAOLO FRENA<\/strong><\/p>\n<audio class=\"wp-audio-shortcode\" id=\"audio-426551-1\" preload=\"none\" style=\"width: 100%;\" controls=\"controls\"><source type=\"audio\/mpeg\" src=\"https:\/\/www.radiopiu.net\/wordpress\/wp-content\/uploads\/2024\/12\/PAOLO-PARANARAE.mp3?_=1\" \/><a href=\"https:\/\/www.radiopiu.net\/wordpress\/wp-content\/uploads\/2024\/12\/PAOLO-PARANARAE.mp3\">https:\/\/www.radiopiu.net\/wordpress\/wp-content\/uploads\/2024\/12\/PAOLO-PARANARAE.mp3<\/a><\/audio>\n<p>&nbsp;<\/p>\n<p><strong>L&#8217;INTERVENTO DEL SINDACO DI AGORDO, ROBERTO CHISSALE&#8217; CHE CHIEDE DIGNITA&#8217; PER IL PARCHEGGIO ACCANTO ALLA PISCINA E PALAZZETTO COMPRENSORIALE &#8220;DUE IMPORTANTI OPERE DA REALIZZARE IN TEMPI CONSONI&#8221;<\/strong><\/p>\n<audio class=\"wp-audio-shortcode\" id=\"audio-426551-2\" preload=\"none\" style=\"width: 100%;\" controls=\"controls\"><source type=\"audio\/mpeg\" src=\"https:\/\/www.radiopiu.net\/wordpress\/wp-content\/uploads\/2024\/12\/ROBERTO-CHISSAEL.mp3?_=2\" \/><a href=\"https:\/\/www.radiopiu.net\/wordpress\/wp-content\/uploads\/2024\/12\/ROBERTO-CHISSAEL.mp3\">https:\/\/www.radiopiu.net\/wordpress\/wp-content\/uploads\/2024\/12\/ROBERTO-CHISSAEL.mp3<\/a><\/audio>\n<p>&nbsp;<\/p>\n<hr \/>\n<p>&nbsp;<\/p>\n<p>&nbsp;<\/p>\n<p>&nbsp;<\/p>\n<p>&nbsp;<\/p>\n","protected":false},"excerpt":{"rendered":"<p>** &nbsp; AGORDO Il sindaco i Agordo, Roberto Chissal\u00e8, ha sollecitato l&#8217;Unione Montana a prendere in mano i progetti per il recupero e la riapertura del Palanarae. Ha risposto il Presidente dell&#8217;Unione Montana Paolo Frena. E&#8217; stato dato l&#8217;incarico per la progettazione, tre progetti all&#8217;attenzione dei vertici Luxottica, che si sono riservati di dare una&hellip;<\/p>\n","protected":false},"author":4,"featured_media":272256,"comment_status":"closed","ping_status":"closed","sticky":false,"template":"","format":"standard","meta":{"_monsterinsights_skip_tracking":false,"_monsterinsights_sitenote_active":false,"_monsterinsights_sitenote_note":"","_monsterinsights_sitenote_category":0,"footnotes":""},"categories":[51,49],"tags":[],"class_list":["post-426551","post","type-post","status-publish","format-standard","has-post-thumbnail","hentry","category-evidenza-top","category-news-18","category-51","category-49","description-off"],"img_url":"https:\/\/www.radiopiu.net\/wordpress\/wp-content\/uploads\/2022\/04\/palanarae.jpg","_links":{"self":[{"href":"https:\/\/www.radiopiu.net\/wordpress\/wp-json\/wp\/v2\/posts\/426551","targetHints":{"allow":["GET"]}}],"collection":[{"href":"https:\/\/www.radiopiu.net\/wordpress\/wp-json\/wp\/v2\/posts"}],"about":[{"href":"https:\/\/www.radiopiu.net\/wordpress\/wp-json\/wp\/v2\/types\/post"}],"author":[{"embeddable":true,"href":"https:\/\/www.radiopiu.net\/wordpress\/wp-json\/wp\/v2\/users\/4"}],"replies":[{"embeddable":true,"href":"https:\/\/www.radiopiu.net\/wordpress\/wp-json\/wp\/v2\/comments?post=426551"}],"version-history":[{"count":3,"href":"https:\/\/www.radiopiu.net\/wordpress\/wp-json\/wp\/v2\/posts\/426551\/revisions"}],"predecessor-version":[{"id":426574,"href":"https:\/\/www.radiopiu.net\/wordpress\/wp-json\/wp\/v2\/posts\/426551\/revisions\/426574"}],"wp:featuredmedia":[{"embeddable":true,"href":"https:\/\/www.radiopiu.net\/wordpress\/wp-json\/wp\/v2\/media\/272256"}],"wp:attachment":[{"href":"https:\/\/www.radiopiu.net\/wordpress\/wp-json\/wp\/v2\/media?parent=426551"}],"wp:term":[{"taxonomy":"category","embeddable":true,"href":"https:\/\/www.radiopiu.net\/wordpress\/wp-json\/wp\/v2\/categories?post=426551"},{"taxonomy":"post_tag","embeddable":true,"href":"https:\/\/www.radiopiu.net\/wordpress\/wp-json\/wp\/v2\/tags?post=426551"}],"curies":[{"name":"wp","href":"https:\/\/api.w.org\/{rel}","templated":true}]}}