{"id":426581,"date":"2024-12-25T09:00:23","date_gmt":"2024-12-25T08:00:23","guid":{"rendered":"https:\/\/www.radiopiu.net\/wordpress\/?p=426581"},"modified":"2024-12-25T09:26:36","modified_gmt":"2024-12-25T08:26:36","slug":"i-vecchi-siamo-noi-di-luisa-alchini","status":"publish","type":"post","link":"https:\/\/www.radiopiu.net\/wordpress\/i-vecchi-siamo-noi-di-luisa-alchini\/","title":{"rendered":"I VECCHI SIAMO NOI? DI LUISA ALCHINI"},"content":{"rendered":"<p>******<\/p>\n<p>&nbsp;<\/p>\n<p><strong>DI LUISA ALCHINI<\/strong><\/p>\n<audio class=\"wp-audio-shortcode\" id=\"audio-426581-1\" preload=\"none\" style=\"width: 100%;\" controls=\"controls\"><source type=\"audio\/mpeg\" src=\"https:\/\/www.radiopiu.net\/wordpress\/wp-content\/uploads\/2024\/12\/I-vecchi-siamo-noi-con-musica-completo.mp3?_=1\" \/><a href=\"https:\/\/www.radiopiu.net\/wordpress\/wp-content\/uploads\/2024\/12\/I-vecchi-siamo-noi-con-musica-completo.mp3\">https:\/\/www.radiopiu.net\/wordpress\/wp-content\/uploads\/2024\/12\/I-vecchi-siamo-noi-con-musica-completo.mp3<\/a><\/audio>\n<p>&nbsp;<\/p>\n<p><img decoding=\"async\" class=\"alignleft\" src=\"https:\/\/www.radiopiu.net\/wordpress\/wp-content\/uploads\/2024\/12\/aa9b5d37-d8a2-45ab-882c-2e4ea43db921-300x300.webp\" \/>I vecchi non cambiano mai, vecchi non per la loro presunta et\u00e0 ma piuttosto per il momento della vita in cui alcuni uomini e donne si trovano loro malgrado a sentirsi tali, nell\u2019accezione meno onorabile del termine che si distingue dal sostantivo anziano che ispira rispetto, talvolta tenerezza.<br \/>\nL\u2019adolescente di allora si ripromette che in et\u00e0 avanzata non sar\u00e0 mai come quei vecchi giudicanti che smontano ogni pensiero, ogni azione delle nuove generazioni e che si esprimono con ridondanti frasi di retorica \u201c altro s\u00ec che una volta..\u201d \u201caltro che i ragazzi di oggi..\u201d , purtroppo accade invece che superati i cinquanta lo stesso teen agers di ieri si ritrovi proprio a ricalcare lo stereotipo del \u201c vecchio dentro\u201d.<br \/>\nLa riflessione, come premessa, apre alcune considerazioni scaturite da alcune argomentazioni giornalistiche di questi giorni in merito al tema delle canzoni di oggi, mi riferisco in particolare ai testi i proposti da molti rapper o trapper italiani caratterizzati da frasi sconnesse con banali riferimenti violenti di sesso che fanno impallidire i pi\u00f9 bigotti. Non vi \u00e8 dubbio che in questi casi non possiamo parlare di buon gusto anche se la percezione \u00e8 sempre soggettiva e legata alla propria concezione di etica e morale, obiettivamente possiamo affermare che siamo lontani dall\u2019ideale di \u201cbellezza\u201d che dovrebbe manifestarsi dall\u2019arte .<br \/>\nPiaccia o no il fenomeno trapper \u00e8 la musica del momento, \u00e8 quanto viene ascoltato oggi dai giovanissimi e un motivo ci sar\u00e0, proviamo almeno a chiedercelo? Una notizia che ha scatenato i media in questi giorni riguarda l\u2019esclusione di TONY F dal concerto di Capodanno a Roma dopo che associazioni che si occupano di violenza sulle donne, hanno puntato il dito su alcuni testi delle sue canzoni, non riporto quelli incriminati, certo non sono edificanti e istintivamente scandalizzano. Eppure i ragazzini ascoltano le sue canzoni e le cantano, persino le stesse ragazzine che dovrebbero opporsi a questa violenza verbale cos\u00ec esibita.<br \/>\nOra sospendiamo il giudizio, proviamo ad \u201cascoltare\u201d andando oltre ,infatti \u201cnon \u00e8 tutto come sembra\u201d.<br \/>\nI ragazzi ci spiegano che il genere trap importato dall\u2019 America e contestualizzato nella periferia milanese ci racconta il degrado, il disagio , la povert\u00e0, la droga e lo fa attraverso un linguaggio iperbolico, nudo e crudo, altro non \u00e8 che la trasgressione insista nella giovent\u00f9 e che oggi si manifesta anche cos\u00ec, con la musica. Ai perbenisti sarebbe da spiegare che l\u2019arte non andrebbe mai e dico mai censurata, infatti molti colleghi hanno solidarizzato con Tony F dopo l\u2019episodio, sarebbe anche ora di accantonare il perbenismo di chi teme l\u2019emulazione che dovrebbe derivare dall\u2019ascolto di alcune canzoni, ricordo mia figlia fu pesantemente redarguita quando in classe os\u00f2 affermare, con ironia, che Leopardi, persona alquanto sfortunata, avrebbe potuto indurre leggendolo alla depressione e a gesti estremi. Non credo che i giovanissimi siano tutti beoti da mettere in pratica quello che ascoltano dalla trapp, se andiamo indietro nel tempo quando i teen agers eravamo noi di \u201ccattivi maestri\u201d e idoli strampalati ne abbiamo avuti parecchi ma siamo stati abbastanza intelligenti nel discernere e quindi vecchio \u201cnon me la menare\u201d (cit.883)<\/p>\n<p>&nbsp;<\/p>\n<p>&nbsp;<\/p>\n<p>*******<\/p>\n","protected":false},"excerpt":{"rendered":"<p>****** &nbsp; DI LUISA ALCHINI &nbsp; I vecchi non cambiano mai, vecchi non per la loro presunta et\u00e0 ma piuttosto per il momento della vita in cui alcuni uomini e donne si trovano loro malgrado a sentirsi tali, nell\u2019accezione meno onorabile del termine che si distingue dal sostantivo anziano che ispira rispetto, talvolta tenerezza. L\u2019adolescente&hellip;<\/p>\n","protected":false},"author":4,"featured_media":426583,"comment_status":"closed","ping_status":"closed","sticky":false,"template":"","format":"standard","meta":{"_monsterinsights_skip_tracking":false,"_monsterinsights_sitenote_active":false,"_monsterinsights_sitenote_note":"","_monsterinsights_sitenote_category":0,"footnotes":""},"categories":[51,86,49],"tags":[],"class_list":["post-426581","post","type-post","status-publish","format-standard","has-post-thumbnail","hentry","category-evidenza-top","category-gr","category-news-18","category-51","category-86","category-49","description-off"],"img_url":"https:\/\/www.radiopiu.net\/wordpress\/wp-content\/uploads\/2024\/12\/SCR-20241224-jxeh.jpeg","_links":{"self":[{"href":"https:\/\/www.radiopiu.net\/wordpress\/wp-json\/wp\/v2\/posts\/426581","targetHints":{"allow":["GET"]}}],"collection":[{"href":"https:\/\/www.radiopiu.net\/wordpress\/wp-json\/wp\/v2\/posts"}],"about":[{"href":"https:\/\/www.radiopiu.net\/wordpress\/wp-json\/wp\/v2\/types\/post"}],"author":[{"embeddable":true,"href":"https:\/\/www.radiopiu.net\/wordpress\/wp-json\/wp\/v2\/users\/4"}],"replies":[{"embeddable":true,"href":"https:\/\/www.radiopiu.net\/wordpress\/wp-json\/wp\/v2\/comments?post=426581"}],"version-history":[{"count":1,"href":"https:\/\/www.radiopiu.net\/wordpress\/wp-json\/wp\/v2\/posts\/426581\/revisions"}],"predecessor-version":[{"id":426584,"href":"https:\/\/www.radiopiu.net\/wordpress\/wp-json\/wp\/v2\/posts\/426581\/revisions\/426584"}],"wp:featuredmedia":[{"embeddable":true,"href":"https:\/\/www.radiopiu.net\/wordpress\/wp-json\/wp\/v2\/media\/426583"}],"wp:attachment":[{"href":"https:\/\/www.radiopiu.net\/wordpress\/wp-json\/wp\/v2\/media?parent=426581"}],"wp:term":[{"taxonomy":"category","embeddable":true,"href":"https:\/\/www.radiopiu.net\/wordpress\/wp-json\/wp\/v2\/categories?post=426581"},{"taxonomy":"post_tag","embeddable":true,"href":"https:\/\/www.radiopiu.net\/wordpress\/wp-json\/wp\/v2\/tags?post=426581"}],"curies":[{"name":"wp","href":"https:\/\/api.w.org\/{rel}","templated":true}]}}