{"id":426589,"date":"2024-12-24T12:16:31","date_gmt":"2024-12-24T11:16:31","guid":{"rendered":"https:\/\/www.radiopiu.net\/wordpress\/?p=426589"},"modified":"2024-12-25T08:24:08","modified_gmt":"2024-12-25T07:24:08","slug":"cinzia-vecellio-mattia-di-auronzo-di-cadore-e-antonietta-crepaz-di-valle-di-cadore-si-distinguono-a-roma-al-concorso-salva-la-tua-lingua-locale","status":"publish","type":"post","link":"https:\/\/www.radiopiu.net\/wordpress\/cinzia-vecellio-mattia-di-auronzo-di-cadore-e-antonietta-crepaz-di-valle-di-cadore-si-distinguono-a-roma-al-concorso-salva-la-tua-lingua-locale\/","title":{"rendered":"CINZIA VECELLIO MATTIA DI AURONZO DI CADORE E ANTONIETTA CREPAZ DI VALLE DI CADORE  SI DISTINGUONO A ROMA AL CONCORSO \u201cSALVA LA TUA LINGUA LOCALE\u201d"},"content":{"rendered":"<p>******<\/p>\n<p>&nbsp;<\/p>\n<p><strong><a class=\"dt-pswp-item\" href=\"https:\/\/www.radiopiu.net\/wordpress\/wp-content\/uploads\/2024\/12\/premiate-sul-palco.jpg\" data-dt-img-description=\"\" data-large_image_width=\"1600\" data-large_image_height=\"1200\"><img loading=\"lazy\" decoding=\"async\" class=\" wp-image-426590 alignleft\" src=\"https:\/\/www.radiopiu.net\/wordpress\/wp-content\/uploads\/2024\/12\/premiate-sul-palco-300x225.jpg\" alt=\"\" width=\"207\" height=\"155\" srcset=\"https:\/\/www.radiopiu.net\/wordpress\/wp-content\/uploads\/2024\/12\/premiate-sul-palco-300x225.jpg 300w, https:\/\/www.radiopiu.net\/wordpress\/wp-content\/uploads\/2024\/12\/premiate-sul-palco-1024x768.jpg 1024w, https:\/\/www.radiopiu.net\/wordpress\/wp-content\/uploads\/2024\/12\/premiate-sul-palco-768x576.jpg 768w, https:\/\/www.radiopiu.net\/wordpress\/wp-content\/uploads\/2024\/12\/premiate-sul-palco-1536x1152.jpg 1536w, https:\/\/www.radiopiu.net\/wordpress\/wp-content\/uploads\/2024\/12\/premiate-sul-palco.jpg 1600w\" sizes=\"auto, (max-width: 207px) 100vw, 207px\" \/><\/a>ROMA <\/strong>Brillanti risultati per il Bellunese alla dodicesima edizione del Premio letterario nazionale \u201cSalva la tua lingua locale\u201d promosso da Unione Nazionale delle Pro Loco d\u2019Italia e ALI Lazio \u2013 Autonomie Locali Italiane, in collaborazione con il Centro Internazionale \u201cEugenio Montale\u201d. Anche Unpli Belluno ha coinvolto le Pro Loco Bellunesi, motivandole a partecipare a questo importante premio aperto a tutti gli autori con lo scopo di salvaguardare uno dei dialetti o delle lingue locali d\u2019Italia. Un importante risultato \u00e8 andato a Cinzia Vecellio Mattia della Pro Loco di Auronzo di Cadore, che ha ottenuto un secondo posto ex aequo nella sezione \u201ctesi di laurea\u201d, intitolata a Tullio De Mauro, con il suo lavoro del 2021 dal titolo \u201c<em>L\u2019Istituto Ladin de la Dolomites<\/em>\u201d, che tratta dell\u2019istituto provinciale, con sede a Borca di Cadore, che tutela e promuove le minoranze linguistiche storiche e le tradizioni locali delle comunit\u00e0 ladine. In particolare, il lavoro di tesi \u00e8 stato premiato per la valorizzazione e la salvaguardia del ladino bellunese (il primo posto \u00e8 andato a un lavoro inerente il dialetto genovese). Soddisfazione anche per la poetessa <em>fodoma<\/em> Antonietta Crepaz, della Pro Loco Valle di Cadore, finalista nella sezione \u201cpoesia\u201d per la scelta di presentare un componimento scritto in una lingua minoritaria, cio\u00e8 il Ladino nella variante <em>Fodom<\/em>. Menzioni speciali ad alcune Pro Loco per aver egregiamente diffuso il premio: sono quelle di Alleghe, Auronzo di Cadore, Gosaldo Dolomiti, Valle di Cadore, Canale d\u2019Agordo; stessa menzione anche all\u2019Union Ladina Agordin Sotciusa. La cerimonia di premiazione si \u00e8 svolta di recente a Roma presso la Sala della Protomoteca, in Campidoglio, alla presenza del presidente nazionale Antonino La Spina, del presidente Unpli Veneto Rino Furlan e del presidente Unpli Belluno Davide Praloran, che ha dichiarato: \u00abCongratulazioni alle Pro Loco che hanno aiutato nel promuovere e diffondere l\u2019iniziativa e anche ai partecipanti al concorso. Un plauso particolare va a Cinzia Vecellio Mattia e ad Antonietta Crepaz per aver saputo valorizzare cos\u00ec efficacemente delle lingue minoritarie e dialetti locali, oltre agli enti che li preservano, peculiarit\u00e0 del nostro territorio la cui tutela \u00e8 uno dei compiti culturali cui sono chiamate anche le Pro Loco\u00bb. L\u2019edizione 2024, come confermato dal segretario del Premio Gabriele Desiderio, si \u00e8 chiusa con un numero importante di partecipanti, oltre 400, cos\u00ec suddivisi nelle diverse sezioni: Premio Tullio De Mauro (58), Poesia edita (26), Prosa edita (24), Musica (39), Teatro (40), Poesia inedita (211), Prosa inedita (40). Il lavoro delle diverse giurie \u00e8 stato complesso e articolato, visto l\u2019alto numero di concorrenti e la variet\u00e0 dei lavori pervenuti, e ha restituito come sempre uno spaccato importante delle lingue locali e dei dialetti a oggi utilizzati nel nostro paese.<\/p>\n<p>&nbsp;<\/p>\n<p>&nbsp;<\/p>\n<p>&nbsp;<\/p>\n<p>&nbsp;<\/p>\n<p>********<\/p>\n","protected":false},"excerpt":{"rendered":"<p>****** &nbsp; ROMA Brillanti risultati per il Bellunese alla dodicesima edizione del Premio letterario nazionale \u201cSalva la tua lingua locale\u201d promosso da Unione Nazionale delle Pro Loco d\u2019Italia e ALI Lazio \u2013 Autonomie Locali Italiane, in collaborazione con il Centro Internazionale \u201cEugenio Montale\u201d. Anche Unpli Belluno ha coinvolto le Pro Loco Bellunesi, motivandole a partecipare&hellip;<\/p>\n","protected":false},"author":4,"featured_media":426590,"comment_status":"closed","ping_status":"closed","sticky":false,"template":"","format":"standard","meta":{"_monsterinsights_skip_tracking":false,"_monsterinsights_sitenote_active":false,"_monsterinsights_sitenote_note":"","_monsterinsights_sitenote_category":0,"footnotes":""},"categories":[104,49],"tags":[],"class_list":["post-426589","post","type-post","status-publish","format-standard","has-post-thumbnail","hentry","category-evidenza_3","category-news-18","category-104","category-49","description-off"],"img_url":"https:\/\/www.radiopiu.net\/wordpress\/wp-content\/uploads\/2024\/12\/premiate-sul-palco.jpg","_links":{"self":[{"href":"https:\/\/www.radiopiu.net\/wordpress\/wp-json\/wp\/v2\/posts\/426589","targetHints":{"allow":["GET"]}}],"collection":[{"href":"https:\/\/www.radiopiu.net\/wordpress\/wp-json\/wp\/v2\/posts"}],"about":[{"href":"https:\/\/www.radiopiu.net\/wordpress\/wp-json\/wp\/v2\/types\/post"}],"author":[{"embeddable":true,"href":"https:\/\/www.radiopiu.net\/wordpress\/wp-json\/wp\/v2\/users\/4"}],"replies":[{"embeddable":true,"href":"https:\/\/www.radiopiu.net\/wordpress\/wp-json\/wp\/v2\/comments?post=426589"}],"version-history":[{"count":1,"href":"https:\/\/www.radiopiu.net\/wordpress\/wp-json\/wp\/v2\/posts\/426589\/revisions"}],"predecessor-version":[{"id":426591,"href":"https:\/\/www.radiopiu.net\/wordpress\/wp-json\/wp\/v2\/posts\/426589\/revisions\/426591"}],"wp:featuredmedia":[{"embeddable":true,"href":"https:\/\/www.radiopiu.net\/wordpress\/wp-json\/wp\/v2\/media\/426590"}],"wp:attachment":[{"href":"https:\/\/www.radiopiu.net\/wordpress\/wp-json\/wp\/v2\/media?parent=426589"}],"wp:term":[{"taxonomy":"category","embeddable":true,"href":"https:\/\/www.radiopiu.net\/wordpress\/wp-json\/wp\/v2\/categories?post=426589"},{"taxonomy":"post_tag","embeddable":true,"href":"https:\/\/www.radiopiu.net\/wordpress\/wp-json\/wp\/v2\/tags?post=426589"}],"curies":[{"name":"wp","href":"https:\/\/api.w.org\/{rel}","templated":true}]}}