{"id":426612,"date":"2024-12-24T16:33:38","date_gmt":"2024-12-24T15:33:38","guid":{"rendered":"https:\/\/www.radiopiu.net\/wordpress\/?p=426612"},"modified":"2024-12-24T18:16:52","modified_gmt":"2024-12-24T17:16:52","slug":"due-feriti-nellincidente-a-san-vito-di-cadore","status":"publish","type":"post","link":"https:\/\/www.radiopiu.net\/wordpress\/due-feriti-nellincidente-a-san-vito-di-cadore\/","title":{"rendered":"DUE FERITI NELL\u2019INCIDENTE A SAN VITO DI CADORE"},"content":{"rendered":"<p>******<br \/>\n<strong>REDAZIONE<\/strong> Vigilia di Natale al lavoro per il personale del Suem 118 impegnato su pi\u00f9 fronti. L\u2019intervento principale a San Vito di Cadore dove due auto sono entrate in collisione. Uno scontro frontale dove sono rimasti feriti due ragazzi romani di 31 e 29 anni. Sul posto due ambulanze e l\u2019elicottero Falco 2 che ha trasferito i pazienti a negli ospedali di Pieve e Belluno con ferite di media gravit\u00e0. In mattinata altri due interventi. Il primo alle 10:30 sulle piste di Palafavera dove un bambino di 8 anni \u00e8 stato soccorso in seguito ad una caduta in pista. In Val di Zoldo una donna di 53 anni \u00e8 stata soccorsa in seguito ad un malore. Poco prima delle 13 ancora un intervento sulle piste di Cortina dove \u00e8 stato soccorso un inglese di 53 anni in seguito ad una caduta con gli sci.<\/p>\n<p><strong>PER LE TRE RADIO BARBARA PAOLAZZI<\/strong><\/p>\n<audio class=\"wp-audio-shortcode\" id=\"audio-426612-1\" preload=\"none\" style=\"width: 100%;\" controls=\"controls\"><source type=\"audio\/mpeg\" src=\"https:\/\/www.radiopiu.net\/wordpress\/wp-content\/uploads\/2024\/12\/PAOLAZZI-INCIDENTE-SAN-VITO.mp3?_=1\" \/><a href=\"https:\/\/www.radiopiu.net\/wordpress\/wp-content\/uploads\/2024\/12\/PAOLAZZI-INCIDENTE-SAN-VITO.mp3\">https:\/\/www.radiopiu.net\/wordpress\/wp-content\/uploads\/2024\/12\/PAOLAZZI-INCIDENTE-SAN-VITO.mp3<\/a><\/audio>\n<p>&nbsp;<\/p>\n<p>&nbsp;<\/p>\n<p>&nbsp;<\/p>\n<p>*******<\/p>\n","protected":false},"excerpt":{"rendered":"<p>****** REDAZIONE Vigilia di Natale al lavoro per il personale del Suem 118 impegnato su pi\u00f9 fronti. L\u2019intervento principale a San Vito di Cadore dove due auto sono entrate in collisione. Uno scontro frontale dove sono rimasti feriti due ragazzi romani di 31 e 29 anni. Sul posto due ambulanze e l\u2019elicottero Falco 2 che&hellip;<\/p>\n","protected":false},"author":4,"featured_media":212226,"comment_status":"closed","ping_status":"closed","sticky":false,"template":"","format":"standard","meta":{"_monsterinsights_skip_tracking":false,"_monsterinsights_sitenote_active":false,"_monsterinsights_sitenote_note":"","_monsterinsights_sitenote_category":0,"footnotes":""},"categories":[51,49],"tags":[],"class_list":["post-426612","post","type-post","status-publish","format-standard","has-post-thumbnail","hentry","category-evidenza-top","category-news-18","category-51","category-49","description-off"],"img_url":"https:\/\/www.radiopiu.net\/wordpress\/wp-content\/uploads\/2021\/05\/203e932f-d79d-423b-a9df-af7325d671e8.jpg","_links":{"self":[{"href":"https:\/\/www.radiopiu.net\/wordpress\/wp-json\/wp\/v2\/posts\/426612","targetHints":{"allow":["GET"]}}],"collection":[{"href":"https:\/\/www.radiopiu.net\/wordpress\/wp-json\/wp\/v2\/posts"}],"about":[{"href":"https:\/\/www.radiopiu.net\/wordpress\/wp-json\/wp\/v2\/types\/post"}],"author":[{"embeddable":true,"href":"https:\/\/www.radiopiu.net\/wordpress\/wp-json\/wp\/v2\/users\/4"}],"replies":[{"embeddable":true,"href":"https:\/\/www.radiopiu.net\/wordpress\/wp-json\/wp\/v2\/comments?post=426612"}],"version-history":[{"count":3,"href":"https:\/\/www.radiopiu.net\/wordpress\/wp-json\/wp\/v2\/posts\/426612\/revisions"}],"predecessor-version":[{"id":426620,"href":"https:\/\/www.radiopiu.net\/wordpress\/wp-json\/wp\/v2\/posts\/426612\/revisions\/426620"}],"wp:featuredmedia":[{"embeddable":true,"href":"https:\/\/www.radiopiu.net\/wordpress\/wp-json\/wp\/v2\/media\/212226"}],"wp:attachment":[{"href":"https:\/\/www.radiopiu.net\/wordpress\/wp-json\/wp\/v2\/media?parent=426612"}],"wp:term":[{"taxonomy":"category","embeddable":true,"href":"https:\/\/www.radiopiu.net\/wordpress\/wp-json\/wp\/v2\/categories?post=426612"},{"taxonomy":"post_tag","embeddable":true,"href":"https:\/\/www.radiopiu.net\/wordpress\/wp-json\/wp\/v2\/tags?post=426612"}],"curies":[{"name":"wp","href":"https:\/\/api.w.org\/{rel}","templated":true}]}}