{"id":426636,"date":"2024-12-25T19:58:24","date_gmt":"2024-12-25T18:58:24","guid":{"rendered":"https:\/\/www.radiopiu.net\/wordpress\/?p=426636"},"modified":"2024-12-25T19:58:24","modified_gmt":"2024-12-25T18:58:24","slug":"natale-senza-caffe-in-centro-a-belluno","status":"publish","type":"post","link":"https:\/\/www.radiopiu.net\/wordpress\/natale-senza-caffe-in-centro-a-belluno\/","title":{"rendered":"NATALE SENZA CAFFE&#8217; IN CENTRO A BELLUNO"},"content":{"rendered":"<p>**<\/p>\n<p>&nbsp;<\/p>\n<p><strong>da Tomaso Pettazzi riceviamo e pubblichiamo<\/strong><\/p>\n<p><img loading=\"lazy\" decoding=\"async\" class=\"alignleft\" src=\"https:\/\/www.radiopiu.net\/wordpress\/wp-content\/uploads\/2024\/12\/09992fa0-25f7-4ca9-b2a9-036369458dd6-300x300.webp\" width=\"177\" height=\"177\" \/>Questa mattina, dopo la Messa delle 9 in Duomo, come molte altre persone, bellunesi e turisti, intendevo bere un bel caff\u00e8 caldo in piazza dei Martiri. <em>Mission impossible, <\/em>direbbe Tom Cruise. Natale \u00e8 Natale per tutti, anche per i collaboratori dei locali pubblici. Ed \u00e8 giusto che sia cos\u00ec. Mi permetto per\u00f2 di dare un suggerimento agli addetti ai lavori. La festa viene una volta l\u2019anno. Perch\u00e9 non accordarci in tempo, affinch\u00e9 ci sia un locale aperto al mattino ed uno al pomeriggio? Non chiedo molto. Per ogni caff\u00e8 in centro potrebbe capitare un turno nell\u2019arco di tre anni. Siamo una cittadina turistica? Siamo il capoluogo delle Dolomiti? Siamo stati capitale delle Alpi? Basta poco per screditare quanto conquistato in anni di lavoro.<\/p>\n<p>&#8212;-<\/p>\n","protected":false},"excerpt":{"rendered":"<p>** &nbsp; da Tomaso Pettazzi riceviamo e pubblichiamo Questa mattina, dopo la Messa delle 9 in Duomo, come molte altre persone, bellunesi e turisti, intendevo bere un bel caff\u00e8 caldo in piazza dei Martiri. Mission impossible, direbbe Tom Cruise. Natale \u00e8 Natale per tutti, anche per i collaboratori dei locali pubblici. Ed \u00e8 giusto che&hellip;<\/p>\n","protected":false},"author":4,"featured_media":426637,"comment_status":"closed","ping_status":"closed","sticky":false,"template":"","format":"standard","meta":{"_monsterinsights_skip_tracking":false,"_monsterinsights_sitenote_active":false,"_monsterinsights_sitenote_note":"","_monsterinsights_sitenote_category":0,"footnotes":""},"categories":[86,49],"tags":[],"class_list":["post-426636","post","type-post","status-publish","format-standard","has-post-thumbnail","hentry","category-gr","category-news-18","category-86","category-49","description-off"],"img_url":"https:\/\/www.radiopiu.net\/wordpress\/wp-content\/uploads\/2024\/12\/09992fa0-25f7-4ca9-b2a9-036369458dd6.webp","_links":{"self":[{"href":"https:\/\/www.radiopiu.net\/wordpress\/wp-json\/wp\/v2\/posts\/426636","targetHints":{"allow":["GET"]}}],"collection":[{"href":"https:\/\/www.radiopiu.net\/wordpress\/wp-json\/wp\/v2\/posts"}],"about":[{"href":"https:\/\/www.radiopiu.net\/wordpress\/wp-json\/wp\/v2\/types\/post"}],"author":[{"embeddable":true,"href":"https:\/\/www.radiopiu.net\/wordpress\/wp-json\/wp\/v2\/users\/4"}],"replies":[{"embeddable":true,"href":"https:\/\/www.radiopiu.net\/wordpress\/wp-json\/wp\/v2\/comments?post=426636"}],"version-history":[{"count":1,"href":"https:\/\/www.radiopiu.net\/wordpress\/wp-json\/wp\/v2\/posts\/426636\/revisions"}],"predecessor-version":[{"id":426638,"href":"https:\/\/www.radiopiu.net\/wordpress\/wp-json\/wp\/v2\/posts\/426636\/revisions\/426638"}],"wp:featuredmedia":[{"embeddable":true,"href":"https:\/\/www.radiopiu.net\/wordpress\/wp-json\/wp\/v2\/media\/426637"}],"wp:attachment":[{"href":"https:\/\/www.radiopiu.net\/wordpress\/wp-json\/wp\/v2\/media?parent=426636"}],"wp:term":[{"taxonomy":"category","embeddable":true,"href":"https:\/\/www.radiopiu.net\/wordpress\/wp-json\/wp\/v2\/categories?post=426636"},{"taxonomy":"post_tag","embeddable":true,"href":"https:\/\/www.radiopiu.net\/wordpress\/wp-json\/wp\/v2\/tags?post=426636"}],"curies":[{"name":"wp","href":"https:\/\/api.w.org\/{rel}","templated":true}]}}