{"id":426639,"date":"2024-12-27T05:19:39","date_gmt":"2024-12-27T04:19:39","guid":{"rendered":"https:\/\/www.radiopiu.net\/wordpress\/?p=426639"},"modified":"2024-12-27T05:28:12","modified_gmt":"2024-12-27T04:28:12","slug":"loris-santomaso-49-anni-di-passione-nel-raccontare-storia-e-tradizioni-con-il-calendario-agordino","status":"publish","type":"post","link":"https:\/\/www.radiopiu.net\/wordpress\/loris-santomaso-49-anni-di-passione-nel-raccontare-storia-e-tradizioni-con-il-calendario-agordino\/","title":{"rendered":"Loris Santomaso: 49 Anni di Passione nel Raccontare Storia e Tradizioni con il Calendario Agordino"},"content":{"rendered":"<p>***<\/p>\n<p><img loading=\"lazy\" decoding=\"async\" class=\"alignleft\" src=\"https:\/\/www.radiopiu.net\/wordpress\/wp-content\/uploads\/2023\/04\/loris-santomaso-268x300-1.jpg\" width=\"121\" height=\"135\" \/><\/p>\n<div class=\"flex max-w-full flex-col flex-grow\">\n<div class=\"min-h-8 text-message flex w-full flex-col items-end gap-2 whitespace-normal break-words text-start [.text-message+&amp;]:mt-5\" dir=\"auto\" data-message-author-role=\"assistant\" data-message-id=\"48bc9392-42a4-4ef3-88d0-eddfa4d87856\" data-message-model-slug=\"gpt-4o\">\n<div class=\"flex w-full flex-col gap-1 empty:hidden first:pt-[3px]\">\n<div class=\"markdown prose w-full break-words dark:prose-invert dark\">\n<blockquote><p><em>Complimenti a Loris Santomaso per il prezioso impegno con il Calendario Agordino, che da 49 anni racconta storia, cultura e tradizioni, unendo generazioni e comunit\u00e0 con passione e dedizione inestimabile.<\/em><\/p><\/blockquote>\n<\/div>\n<\/div>\n<\/div>\n<\/div>\n<p>&nbsp;<\/p>\n<p>&nbsp;<\/p>\n<p>AGORDO<\/p>\n<p>\u00c8 uscito puntualmente anche quest\u2019anno, per la 49<sup>a<\/sup> volta, il Calendario Agordino 2025, il tradizionale numero di fine anno di \u201cEchi di Agordo\u201d, il bimestrale della Pieve arcidiaconale di Santa Maria Nascente. Un\u2019iniziativa che, fin dall\u2019inizio, vuole essere una piccola strenna natalizia, sempre attesa e gradita dagli agordini, ma anche dai 1200 tra emigranti, amici ed estimatori ai quali viene spedita nel mondo, per fare loro compagnia nella scansione dei 365 giorni con notizie, immagini e ricordi della terra agordina, ma non solo. E, rifacendosi, appunto in quanto&#8230; calendario, anche a ricorrenze e\/o anniversari da cui trarre ispirazione specie se sollecitata da esempi che mantengono una fresca attualit\u00e0, continuando a sperare in una favorevole accoglienza.<\/p>\n<p><a class=\"dt-pswp-item\" href=\"https:\/\/www.radiopiu.net\/wordpress\/wp-content\/uploads\/2024\/12\/AGORDO-Copertina-Calendario-Agordino-2025.jpg\" data-dt-img-description=\"\" data-large_image_width=\"915\" data-large_image_height=\"1372\"><img loading=\"lazy\" decoding=\"async\" class=\"size-medium wp-image-426640 alignleft\" src=\"https:\/\/www.radiopiu.net\/wordpress\/wp-content\/uploads\/2024\/12\/AGORDO-Copertina-Calendario-Agordino-2025-200x300.jpg\" alt=\"\" width=\"200\" height=\"300\" srcset=\"https:\/\/www.radiopiu.net\/wordpress\/wp-content\/uploads\/2024\/12\/AGORDO-Copertina-Calendario-Agordino-2025-200x300.jpg 200w, https:\/\/www.radiopiu.net\/wordpress\/wp-content\/uploads\/2024\/12\/AGORDO-Copertina-Calendario-Agordino-2025-683x1024.jpg 683w, https:\/\/www.radiopiu.net\/wordpress\/wp-content\/uploads\/2024\/12\/AGORDO-Copertina-Calendario-Agordino-2025-768x1152.jpg 768w, https:\/\/www.radiopiu.net\/wordpress\/wp-content\/uploads\/2024\/12\/AGORDO-Copertina-Calendario-Agordino-2025.jpg 915w\" sizes=\"auto, (max-width: 200px) 100vw, 200px\" \/><\/a>Quella \u201csperanza\u201d, alla quale la copertina della 49<sup>a<\/sup> edizione del \u201clunario\u201d, compilato da Loris Santomaso, dedica subito doverosa attenzione, evidenziando come, dopo l&#8217;annuncio dato con la consegna della bolla \u201cSpes non confundit\u201d il 9 maggio 2024 in San Pietro in Vaticano, Papa Francesco ha proclamato l\u2019indizione del Giubileo &#8211; o Anno Santo &#8211; iniziato ufficialmente il 24 dicembre 2024 con la tradizionale apertura della Porta Santa, proprio con il significativo titolo di \u201cPellegrini di Speranza<strong>\u201d<\/strong>, per concludersi il 6 gennaio 2026.<\/p>\n<p>Il termine \u201csperanza\u201d \u00e8 poi ancora richiamato, nella sezione storica della pubblicazione, rivolgendo lo sguardo indietro di cento anni, all\u201911 gennaio 1925, quando gli agordini avevano confidato perch\u00e9 la gioia della grande festa per l&#8217;inaugurazione della nuova Ferrovia Bribano-Agordo potesse durare a lungo&#8230; Purtroppo, solo dopo trent\u2019anni, divenne motivo di profonda delusione e amarezza e la sua soppressione nel novembre 1955 che segn\u00f2, sotto vari aspetti, l\u2019avvio di un continuo e sistematico taglio di servizi pubblici alla gente di montagna. Non poteva certo essere dimenticato il duplice anniversario del suo inizio e della sua fine ancora presenti nella memoria degli agordini di una certa et\u00e0.<\/p>\n<p>Cos\u00ec, come non poteva pi\u00f9 essere ignorata una particolare figura di artista, quella di No\u00e8 Pollazzon (1921-1996), di Digoman di Voltago Agordino, perito minerario ed emigrante prima, per dedicarsi poi, una volta rientrato in patria, alla sua innata passione per la pittura, lasciando una straordinaria testimonianza di amore alla terra d\u2019origine con opere (ad olio, acquerelli, spatole, chine e disegni) di grande pregio e di forte impatto visivo ed emotivo.<\/p>\n<p>Dalla piccola ma ricca di talenti frazione di Digoman viene pure Attilio Pietrogiovanna, amante autodidatta della fotografia, rimasto altrettanto legato al paese natio, pur vivendo lontano per lavoro, al quale ha dedicato a sua volta tante affettuose attenzioni, fatte di vari eventi di rievocazioni storiche, quindi con un bel volume di ricordi del tempo passato, ricco di splendide immagini che il suo obbiettivo ha pure riservato ai terremotati di Norcia, esposte in varie localit\u00e0 venete con puro spirito di solidariet\u00e0, ed ora in bella evidenza nel Calendario Agordino 2025.<\/p>\n<p><strong>Foto<\/strong>:<\/p>\n<p>La copertina del Calendario Agordino 2025.<\/p>\n<div class=\"flex max-w-full flex-col flex-grow\">\n<div class=\"min-h-8 text-message flex w-full flex-col items-end gap-2 whitespace-normal break-words text-start [.text-message+&amp;]:mt-5\" dir=\"auto\" data-message-author-role=\"assistant\" data-message-id=\"48bc9392-42a4-4ef3-88d0-eddfa4d87856\" data-message-model-slug=\"gpt-4o\">\n<div class=\"flex w-full flex-col gap-1 empty:hidden first:pt-[3px]\">\n<div class=\"markdown prose w-full break-words dark:prose-invert dark\">\n<p>&nbsp;<\/p>\n<\/div>\n<\/div>\n<\/div>\n<\/div>\n<div class=\"mb-2 flex gap-3 empty:hidden -ml-2\">\n<div class=\"items-center justify-start rounded-xl p-1 flex\">\n<div class=\"flex items-center\">\n<div class=\"flex items-center pb-0\"><\/div>\n<\/div>\n<\/div>\n<\/div>\n","protected":false},"excerpt":{"rendered":"<p>*** Complimenti a Loris Santomaso per il prezioso impegno con il Calendario Agordino, che da 49 anni racconta storia, cultura e tradizioni, unendo generazioni e comunit\u00e0 con passione e dedizione inestimabile. &nbsp; &nbsp; AGORDO \u00c8 uscito puntualmente anche quest\u2019anno, per la 49a volta, il Calendario Agordino 2025, il tradizionale numero di fine anno di \u201cEchi&hellip;<\/p>\n","protected":false},"author":4,"featured_media":330465,"comment_status":"closed","ping_status":"closed","sticky":false,"template":"","format":"standard","meta":{"_monsterinsights_skip_tracking":false,"_monsterinsights_sitenote_active":false,"_monsterinsights_sitenote_note":"","_monsterinsights_sitenote_category":0,"footnotes":""},"categories":[51,49],"tags":[],"class_list":["post-426639","post","type-post","status-publish","format-standard","has-post-thumbnail","hentry","category-evidenza-top","category-news-18","category-51","category-49","description-off"],"img_url":"https:\/\/www.radiopiu.net\/wordpress\/wp-content\/uploads\/2023\/04\/loris-santomaso-268x300-1.jpg","_links":{"self":[{"href":"https:\/\/www.radiopiu.net\/wordpress\/wp-json\/wp\/v2\/posts\/426639","targetHints":{"allow":["GET"]}}],"collection":[{"href":"https:\/\/www.radiopiu.net\/wordpress\/wp-json\/wp\/v2\/posts"}],"about":[{"href":"https:\/\/www.radiopiu.net\/wordpress\/wp-json\/wp\/v2\/types\/post"}],"author":[{"embeddable":true,"href":"https:\/\/www.radiopiu.net\/wordpress\/wp-json\/wp\/v2\/users\/4"}],"replies":[{"embeddable":true,"href":"https:\/\/www.radiopiu.net\/wordpress\/wp-json\/wp\/v2\/comments?post=426639"}],"version-history":[{"count":1,"href":"https:\/\/www.radiopiu.net\/wordpress\/wp-json\/wp\/v2\/posts\/426639\/revisions"}],"predecessor-version":[{"id":426641,"href":"https:\/\/www.radiopiu.net\/wordpress\/wp-json\/wp\/v2\/posts\/426639\/revisions\/426641"}],"wp:featuredmedia":[{"embeddable":true,"href":"https:\/\/www.radiopiu.net\/wordpress\/wp-json\/wp\/v2\/media\/330465"}],"wp:attachment":[{"href":"https:\/\/www.radiopiu.net\/wordpress\/wp-json\/wp\/v2\/media?parent=426639"}],"wp:term":[{"taxonomy":"category","embeddable":true,"href":"https:\/\/www.radiopiu.net\/wordpress\/wp-json\/wp\/v2\/categories?post=426639"},{"taxonomy":"post_tag","embeddable":true,"href":"https:\/\/www.radiopiu.net\/wordpress\/wp-json\/wp\/v2\/tags?post=426639"}],"curies":[{"name":"wp","href":"https:\/\/api.w.org\/{rel}","templated":true}]}}