{"id":426709,"date":"2024-12-27T05:19:44","date_gmt":"2024-12-27T04:19:44","guid":{"rendered":"https:\/\/www.radiopiu.net\/wordpress\/?p=426709"},"modified":"2024-12-27T05:27:39","modified_gmt":"2024-12-27T04:27:39","slug":"conclusi-i-lavori-di-messa-in-sicurezza-a-saviner-di-rocca-pietore","status":"publish","type":"post","link":"https:\/\/www.radiopiu.net\/wordpress\/conclusi-i-lavori-di-messa-in-sicurezza-a-saviner-di-rocca-pietore\/","title":{"rendered":"CONCLUSI I LAVORI DI MESSA IN SICUREZZA A SAVINER DI ROCCA PIETORE"},"content":{"rendered":"<p>*******<\/p>\n<p><strong>BELLUNO<\/strong> <span style=\"font-size: large;\">Quattro settimane di lavori e un investimento di 160mila euro. Si sono concluse a inizio dicembre le operazioni di messa in sicurezza del versante di Saviner di Laste (Rocca Pietore) dove a fine ottobre un masso era precipitato sventrando la parete di una casa. E nei giorni scorsi l\u2019intervento \u00e8 stato rendicontato dagli uffici della Provincia che hanno seguito tutto l\u2019iter e finanziato il cantiere. <\/span><span style=\"font-size: large;\">\u00abIn tempi rapidissimi siamo intervenuti per sistemare un dissesto importante, che aveva suscitato parecchia preoccupazione\u00bb commenta il consigliere provinciale delegato alla difesa del suolo, Massimo Bortoluzzi. \u00abQuanto capitato a Saviner infatti ha messo in luce una volta di pi\u00f9 la fragilit\u00e0 della nostra montagna e la necessit\u00e0 di intervenire in maniera rapida e puntuale\u00bb. <\/span><span style=\"font-size: large;\">Il dissesto si era verificato il 30 ottobre: poco dopo le 18.40 un masso di circa 1 metro cubo si \u00e8 staccato pi\u00f9 o meno 50 metri a monte di un\u2019abitazione ed \u00e8 rimbalzato fino all\u2019edificio, impattando sulla parete perimetrale. L\u2019indomani la Provincia ha disposto un sopralluogo e gi\u00e0 il 4 novembre, a seguito di tutte le indagini geologiche effettuate, ha avviato una somma urgenza. I lavori sono stati consegnati l\u20198 novembre e nel giro di quattro settimane sono stati realizzati. Negli ultimi giorni prima di Natale l&#8217;intervento si \u00e8 chiuso anche con la rendicontazione. <\/span><span style=\"font-size: large;\">Nel dettaglio, \u00e8 stata posizionata una barriera paramassi alta 4 metri e lunga 60. \u00c8 stata fatta una chiodatura del versante per evitare ulteriori movimenti di sassi e detriti. E a seguito di analisi, \u00e8 stato legato con funi e rete armata un masso ciclopico di 20-30 metri cubi per evitare che possa muoversi. <\/span><span style=\"font-size: large;\">\u00abAbbiamo risposto prontamente alle esigenze di maggiore sicurezza sollevate dai residenti di Saviner e dal sindaco di Rocca Pietore &#8211; conclude il consigliere delegato Bortoluzzi -. Nel 2024, in concomitanza con eventi meteo e dissesti, abbiamo attivato diverse somme urgenze in pi\u00f9 parti del territorio provinciale. Si conferma quindi l\u2019attenzione altissima anche per le aree pi\u00f9 periferiche e montane\u00bb.<\/p>\n<p><\/span><\/p>\n\n\t\t\t<style type='text\/css'>\n\t\t\t\t#gallery-1 {\n\t\t\t\t\tmargin: auto;\n\t\t\t\t}\n\t\t\t\t#gallery-1 .gallery-item {\n\t\t\t\t\tfloat: left;\n\t\t\t\t\tmargin-top: 10px;\n\t\t\t\t\ttext-align: center;\n\t\t\t\t\twidth: 33%;\n\t\t\t\t}\n\t\t\t\t#gallery-1 img {\n\t\t\t\t\tborder: 2px solid #cfcfcf;\n\t\t\t\t}\n\t\t\t\t#gallery-1 .gallery-caption {\n\t\t\t\t\tmargin-left: 0;\n\t\t\t\t}\n\t\t\t\t\/* see gallery_shortcode() in wp-includes\/media.php *\/\n\t\t\t<\/style>\n\t\t<div id='gallery-1' class='dt-gallery-container gallery galleryid-426709 gallery-columns-3 gallery-size-thumbnail'><dl class='gallery-item'>\n\t\t\t\t<dt class='gallery-icon portrait'>\n\t\t\t\t\t<a class=\"rollover\" href='https:\/\/www.radiopiu.net\/wordpress\/conclusi-i-lavori-di-messa-in-sicurezza-a-saviner-di-rocca-pietore\/img_4722\/'><img loading=\"lazy\" decoding=\"async\" width=\"150\" height=\"150\" src=\"https:\/\/www.radiopiu.net\/wordpress\/wp-content\/uploads\/2024\/12\/IMG_4722-150x150.jpeg\" class=\"attachment-thumbnail size-thumbnail\" alt=\"\" \/><\/a>\n\t\t\t\t<\/dt><\/dl><dl class='gallery-item'>\n\t\t\t\t<dt class='gallery-icon portrait'>\n\t\t\t\t\t<a class=\"rollover\" href='https:\/\/www.radiopiu.net\/wordpress\/conclusi-i-lavori-di-messa-in-sicurezza-a-saviner-di-rocca-pietore\/img_4721\/'><img loading=\"lazy\" decoding=\"async\" width=\"150\" height=\"150\" src=\"https:\/\/www.radiopiu.net\/wordpress\/wp-content\/uploads\/2024\/12\/IMG_4721-150x150.jpeg\" class=\"attachment-thumbnail size-thumbnail\" alt=\"\" \/><\/a>\n\t\t\t\t<\/dt><\/dl><dl class='gallery-item'>\n\t\t\t\t<dt class='gallery-icon portrait'>\n\t\t\t\t\t<a class=\"rollover\" href='https:\/\/www.radiopiu.net\/wordpress\/conclusi-i-lavori-di-messa-in-sicurezza-a-saviner-di-rocca-pietore\/img_4720\/'><img loading=\"lazy\" decoding=\"async\" width=\"150\" height=\"150\" src=\"https:\/\/www.radiopiu.net\/wordpress\/wp-content\/uploads\/2024\/12\/IMG_4720-150x150.jpeg\" class=\"attachment-thumbnail size-thumbnail\" alt=\"\" \/><\/a>\n\t\t\t\t<\/dt><\/dl><br style=\"clear: both\" \/>\n\t\t\t<\/div>\n\n<p><span style=\"font-size: large;\">\u00a0<\/span><\/p>\n<p>&nbsp;<\/p>\n","protected":false},"excerpt":{"rendered":"<p>******* BELLUNO Quattro settimane di lavori e un investimento di 160mila euro. Si sono concluse a inizio dicembre le operazioni di messa in sicurezza del versante di Saviner di Laste (Rocca Pietore) dove a fine ottobre un masso era precipitato sventrando la parete di una casa. E nei giorni scorsi l\u2019intervento \u00e8 stato rendicontato dagli&hellip;<\/p>\n","protected":false},"author":4,"featured_media":426711,"comment_status":"closed","ping_status":"closed","sticky":false,"template":"","format":"standard","meta":{"_monsterinsights_skip_tracking":false,"_monsterinsights_sitenote_active":false,"_monsterinsights_sitenote_note":"","_monsterinsights_sitenote_category":0,"footnotes":""},"categories":[51,49],"tags":[],"class_list":["post-426709","post","type-post","status-publish","format-standard","has-post-thumbnail","hentry","category-evidenza-top","category-news-18","category-51","category-49","description-off"],"img_url":"https:\/\/www.radiopiu.net\/wordpress\/wp-content\/uploads\/2024\/12\/IMG_4721.jpeg","_links":{"self":[{"href":"https:\/\/www.radiopiu.net\/wordpress\/wp-json\/wp\/v2\/posts\/426709","targetHints":{"allow":["GET"]}}],"collection":[{"href":"https:\/\/www.radiopiu.net\/wordpress\/wp-json\/wp\/v2\/posts"}],"about":[{"href":"https:\/\/www.radiopiu.net\/wordpress\/wp-json\/wp\/v2\/types\/post"}],"author":[{"embeddable":true,"href":"https:\/\/www.radiopiu.net\/wordpress\/wp-json\/wp\/v2\/users\/4"}],"replies":[{"embeddable":true,"href":"https:\/\/www.radiopiu.net\/wordpress\/wp-json\/wp\/v2\/comments?post=426709"}],"version-history":[{"count":2,"href":"https:\/\/www.radiopiu.net\/wordpress\/wp-json\/wp\/v2\/posts\/426709\/revisions"}],"predecessor-version":[{"id":426715,"href":"https:\/\/www.radiopiu.net\/wordpress\/wp-json\/wp\/v2\/posts\/426709\/revisions\/426715"}],"wp:featuredmedia":[{"embeddable":true,"href":"https:\/\/www.radiopiu.net\/wordpress\/wp-json\/wp\/v2\/media\/426711"}],"wp:attachment":[{"href":"https:\/\/www.radiopiu.net\/wordpress\/wp-json\/wp\/v2\/media?parent=426709"}],"wp:term":[{"taxonomy":"category","embeddable":true,"href":"https:\/\/www.radiopiu.net\/wordpress\/wp-json\/wp\/v2\/categories?post=426709"},{"taxonomy":"post_tag","embeddable":true,"href":"https:\/\/www.radiopiu.net\/wordpress\/wp-json\/wp\/v2\/tags?post=426709"}],"curies":[{"name":"wp","href":"https:\/\/api.w.org\/{rel}","templated":true}]}}