{"id":426754,"date":"2024-12-28T05:08:55","date_gmt":"2024-12-28T04:08:55","guid":{"rendered":"https:\/\/www.radiopiu.net\/wordpress\/?p=426754"},"modified":"2024-12-28T08:25:22","modified_gmt":"2024-12-28T07:25:22","slug":"giornale-radiopiu-28-dicembre-2024-direttore-mirko-mezzacasada-41-anni-25-giugno-1983-25-giugno-2024","status":"publish","type":"post","link":"https:\/\/www.radiopiu.net\/wordpress\/giornale-radiopiu-28-dicembre-2024-direttore-mirko-mezzacasada-41-anni-25-giugno-1983-25-giugno-2024\/","title":{"rendered":"GIORNALE RADIOPIU 28 DICEMBRE 2024 DIRETTORE MIRKO MEZZACASA\u2026DA 41 ANNI 25 GIUGNO 1983-25 GIUGNO 2024"},"content":{"rendered":"<p>********<\/p>\n<p>&nbsp;<\/p>\n<p><em><span style=\"color: #ff0000;\"><a class=\"dt-pswp-item\" href=\"https:\/\/www.radiopiu.net\/wordpress\/wp-content\/uploads\/2024\/10\/Senza-nome-8.png\" data-dt-img-description=\"\" data-large_image_width=\"343\" data-large_image_height=\"303\"><img loading=\"lazy\" decoding=\"async\" class=\"wp-image-412130 alignleft\" src=\"https:\/\/www.radiopiu.net\/wordpress\/wp-content\/uploads\/2024\/10\/Senza-nome-8-300x265.png\" alt=\"\" width=\"105\" height=\"93\" srcset=\"https:\/\/www.radiopiu.net\/wordpress\/wp-content\/uploads\/2024\/10\/Senza-nome-8-300x265.png 300w, https:\/\/www.radiopiu.net\/wordpress\/wp-content\/uploads\/2024\/10\/Senza-nome-8.png 343w\" sizes=\"auto, (max-width: 105px) 100vw, 105px\" \/><\/a><\/span><\/em><strong><em><span style=\"color: #ff0000;\"> LA\u00a0 APP PER IOS-IPHONE di Nicola Vettorello<\/span><\/em><\/strong><\/p>\n<p><strong><span style=\"color: #0000ff;\"><a style=\"color: #0000ff;\" href=\"https:\/\/apps.apple.com\/it\/app\/radio-pi%C3%B9-emittente-agordina\/id1515939845\">https:\/\/apps.apple.com\/it\/app\/radio-pi%C3%B9-emittente-agordina\/id1515939845<\/a><\/span><\/strong><\/p>\n<p><strong><em style=\"color: #ff0000;\">LA\u00a0 APP RADIO\u00a0 PER ANDROID di Nicola Vettorello<\/em><\/strong><\/p>\n<p><strong><span style=\"color: #0000ff;\"><a style=\"color: #0000ff;\" href=\"https:\/\/play.google.com\/store\/apps\/details?id=net.radiopiu.iniko\" target=\"_blank\" rel=\"noopener noreferrer\">https:\/\/<\/a><a style=\"color: #0000ff;\" href=\"https:\/\/play.google.com\/store\/apps\/details?id=net.radiopiu.iniko\" target=\"_blank\" rel=\"noopener noreferrer\">play.google.com\/store\/apps\/details?id=net.radiopiu.iniko\u00a0\u00a0\u00a0<\/a><\/span><\/strong><\/p>\n<p>&nbsp;<\/p>\n<p>&nbsp;<\/p>\n<p>&nbsp;<\/p>\n<hr \/>\n<p>&nbsp;<\/p>\n<p>&nbsp;<\/p>\n<p><strong><a class=\"dt-pswp-item\" href=\"https:\/\/www.radiopiu.net\/wordpress\/wp-content\/uploads\/2024\/12\/radionatale-stampa.jpg\" data-dt-img-description=\"\" data-large_image_width=\"1599\" data-large_image_height=\"933\"><img loading=\"lazy\" decoding=\"async\" class=\" wp-image-422556 alignleft\" src=\"https:\/\/www.radiopiu.net\/wordpress\/wp-content\/uploads\/2024\/12\/radionatale-stampa-300x175.jpg\" alt=\"\" width=\"254\" height=\"148\" srcset=\"https:\/\/www.radiopiu.net\/wordpress\/wp-content\/uploads\/2024\/12\/radionatale-stampa-300x175.jpg 300w, https:\/\/www.radiopiu.net\/wordpress\/wp-content\/uploads\/2024\/12\/radionatale-stampa-1024x597.jpg 1024w, https:\/\/www.radiopiu.net\/wordpress\/wp-content\/uploads\/2024\/12\/radionatale-stampa-768x448.jpg 768w, https:\/\/www.radiopiu.net\/wordpress\/wp-content\/uploads\/2024\/12\/radionatale-stampa-1536x896.jpg 1536w, https:\/\/www.radiopiu.net\/wordpress\/wp-content\/uploads\/2024\/12\/radionatale-stampa.jpg 1599w\" sizes=\"auto, (max-width: 254px) 100vw, 254px\" \/><\/a>OGGI ALLE 14.00\u00a0<\/strong> ELETTROCHOC CON DJ JACK, LA MUSICA CHE BATTE <strong>15.00<\/strong> LA CLASSIFICA UFFICIALE DI MARCO GAZ\u00a0 \u00a0ALLE <strong>12.30<\/strong> CON LISCIO NON TI LASCIO DI MIRCO BENCIVENNI<\/p>\n<p>&nbsp;<\/p>\n<p><strong>rassegna stampa nazionale,<\/strong> ogni giorno alle 5 e alle 6 del mattino.<br \/>\ngiornali locali 7 rassegna stampa flash, 8 rassegna stampa, gr flash alle 10 e alle 11, principale 12.30. Informazione pomeriggio ogni ora fino alle 20, in coda ai notiziari nazionali. Giornale radio nazionale: ogni ora dalle 4 del mattino, alle 20 della sera. Alle 19 le anticipazioni dal TG di Antenna 3 di Tiziana Bolognani.<\/p>\n<p>&nbsp;<\/p>\n<p>&nbsp;<\/p>\n<hr \/>\n<p>&nbsp;<\/p>\n<p>&nbsp;<\/p>\n<div class=\"x11i5rnm xat24cr x1mh8g0r x1vvkbs xtlvy1s x126k92a\">\n<div dir=\"auto\">\n<div dir=\"auto\">\n<p><strong><a class=\"dt-pswp-item\" href=\"https:\/\/www.radiopiu.net\/wordpress\/wp-content\/uploads\/2024\/02\/2d44e751-d8a8-461b-8e22-d8e4e853b032.jpg\" data-dt-img-description=\"\" data-large_image_width=\"1600\" data-large_image_height=\"1200\"><img loading=\"lazy\" decoding=\"async\" class=\"wp-image-373307 alignleft\" src=\"https:\/\/www.radiopiu.net\/wordpress\/wp-content\/uploads\/2024\/02\/2d44e751-d8a8-461b-8e22-d8e4e853b032-300x225.jpg\" alt=\"\" width=\"105\" height=\"79\" srcset=\"https:\/\/www.radiopiu.net\/wordpress\/wp-content\/uploads\/2024\/02\/2d44e751-d8a8-461b-8e22-d8e4e853b032-300x225.jpg 300w, https:\/\/www.radiopiu.net\/wordpress\/wp-content\/uploads\/2024\/02\/2d44e751-d8a8-461b-8e22-d8e4e853b032-1024x768.jpg 1024w, https:\/\/www.radiopiu.net\/wordpress\/wp-content\/uploads\/2024\/02\/2d44e751-d8a8-461b-8e22-d8e4e853b032-768x576.jpg 768w, https:\/\/www.radiopiu.net\/wordpress\/wp-content\/uploads\/2024\/02\/2d44e751-d8a8-461b-8e22-d8e4e853b032-1536x1152.jpg 1536w, https:\/\/www.radiopiu.net\/wordpress\/wp-content\/uploads\/2024\/02\/2d44e751-d8a8-461b-8e22-d8e4e853b032.jpg 1600w\" sizes=\"auto, (max-width: 105px) 100vw, 105px\" \/><\/a>EL BAL DEL FIOR, DI GIULIANA DA RONCH, 28 DICEMBRE<\/strong><strong>\u00a02024<\/strong><\/p>\n<\/div>\n<\/div>\n<\/div>\n<div class=\"x11i5rnm xat24cr x1mh8g0r x1vvkbs xtlvy1s x126k92a\">\n<audio class=\"wp-audio-shortcode\" id=\"audio-426754-1\" preload=\"none\" style=\"width: 100%;\" controls=\"controls\"><source type=\"audio\/mpeg\" src=\"https:\/\/www.radiopiu.net\/wordpress\/wp-content\/uploads\/2024\/12\/GSA-3.mp3?_=1\" \/><a href=\"https:\/\/www.radiopiu.net\/wordpress\/wp-content\/uploads\/2024\/12\/GSA-3.mp3\">https:\/\/www.radiopiu.net\/wordpress\/wp-content\/uploads\/2024\/12\/GSA-3.mp3<\/a><\/audio>\n<p>&nbsp;<\/p>\n<hr \/>\n<p>&nbsp;<\/p>\n<p>&nbsp;<\/p>\n<blockquote>\n<h1><strong><a class=\"dt-pswp-item\" href=\"https:\/\/www.radiopiu.net\/wordpress\/wp-content\/uploads\/2024\/10\/629301fd-708d-4f53-95c2-d28cbefd500f.jpg\" data-dt-img-description=\"\" data-large_image_width=\"1600\" data-large_image_height=\"1322\"><img loading=\"lazy\" decoding=\"async\" class=\"wp-image-413782 alignright\" src=\"https:\/\/www.radiopiu.net\/wordpress\/wp-content\/uploads\/2024\/10\/629301fd-708d-4f53-95c2-d28cbefd500f-300x248.jpg\" alt=\"\" width=\"106\" height=\"88\" srcset=\"https:\/\/www.radiopiu.net\/wordpress\/wp-content\/uploads\/2024\/10\/629301fd-708d-4f53-95c2-d28cbefd500f-300x248.jpg 300w, https:\/\/www.radiopiu.net\/wordpress\/wp-content\/uploads\/2024\/10\/629301fd-708d-4f53-95c2-d28cbefd500f-1024x846.jpg 1024w, https:\/\/www.radiopiu.net\/wordpress\/wp-content\/uploads\/2024\/10\/629301fd-708d-4f53-95c2-d28cbefd500f-768x635.jpg 768w, https:\/\/www.radiopiu.net\/wordpress\/wp-content\/uploads\/2024\/10\/629301fd-708d-4f53-95c2-d28cbefd500f-1536x1269.jpg 1536w, https:\/\/www.radiopiu.net\/wordpress\/wp-content\/uploads\/2024\/10\/629301fd-708d-4f53-95c2-d28cbefd500f.jpg 1600w\" sizes=\"auto, (max-width: 106px) 100vw, 106px\" \/><\/a><\/strong><\/h1>\n<h1><strong><a class=\"dt-pswp-item\" href=\"https:\/\/www.radiopiu.net\/wordpress\/wp-content\/uploads\/2024\/11\/th-18.jpg\" data-dt-img-description=\"\" data-large_image_width=\"156\" data-large_image_height=\"180\"><img loading=\"lazy\" decoding=\"async\" class=\"size-full wp-image-421611 alignleft\" src=\"https:\/\/www.radiopiu.net\/wordpress\/wp-content\/uploads\/2024\/11\/th-18.jpg\" alt=\"\" width=\"156\" height=\"180\" \/><\/a><\/strong><\/h1>\n<h1><strong>N di parom &#8211; L Almanach de la nosta jent<\/strong><\/h1>\n<\/blockquote>\n<p>&nbsp;<\/p>\n<p>Le voci: Davide Conedera, Agordo, Michela Dell&#8217;Osbel, La Valle Agordina Simone Ganz, Falcade Veronica Lezuo, Colle Santa Lucia. La voce nella sigla \u00e8 di Giorgia Taio<\/p>\n<p>&nbsp;<\/p>\n<p><strong>LA PUNTATA DI OGGI, 28 DICEMBRE<\/strong><\/p>\n<\/div>\n<div class=\"x11i5rnm xat24cr x1mh8g0r x1vvkbs xtlvy1s x126k92a\">\n<div dir=\"auto\">\n<audio class=\"wp-audio-shortcode\" id=\"audio-426754-2\" preload=\"none\" style=\"width: 100%;\" controls=\"controls\"><source type=\"audio\/mpeg\" src=\"https:\/\/www.radiopiu.net\/wordpress\/wp-content\/uploads\/2024\/12\/AL6-3.mp3?_=2\" \/><a href=\"https:\/\/www.radiopiu.net\/wordpress\/wp-content\/uploads\/2024\/12\/AL6-3.mp3\">https:\/\/www.radiopiu.net\/wordpress\/wp-content\/uploads\/2024\/12\/AL6-3.mp3<\/a><\/audio>\n<p>&nbsp;<\/p>\n<hr \/>\n<\/div>\n<\/div>\n<blockquote>\n<blockquote>\n<h1><span style=\"color: #ff0000;\">\u00a0<\/span><\/h1>\n<h1><span style=\"color: #ff0000;\">I podcast informativi del mattino &#8211; audio &#8211;\u00a0\u00a0<\/span><\/h1>\n<\/blockquote>\n<p><strong><a class=\"dt-pswp-item\" href=\"https:\/\/www.radiopiu.net\/wordpress\/wp-content\/uploads\/2024\/11\/6.jpg\" data-dt-img-description=\"\" data-large_image_width=\"177\" data-large_image_height=\"180\"><img loading=\"lazy\" decoding=\"async\" class=\"size-full wp-image-417911 alignleft\" src=\"https:\/\/www.radiopiu.net\/wordpress\/wp-content\/uploads\/2024\/11\/6.jpg\" alt=\"\" width=\"177\" height=\"180\" \/><\/a>LA RASSEGNA STAMPA NAZIONALE ALLA RADIO, OGNI GIORNO ALLE 5 E ALLE 6 DEL MATTINO <span style=\"color: #0000ff;\">viene pubblicata alle 6.00 <span style=\"color: #ff0000;\">DIRETTA RADIO\u00a0 \u00a0\u00a0<\/span><\/span><\/strong><\/p><\/blockquote>\n<p>&nbsp;<\/p>\n<p><strong>NOTIZIE DELLA NOTTE<\/strong><\/p>\n<p><strong>Cinema:<\/strong> morta a 73 anni Olivia Hussey, Giulietta di Zeffirelli <strong>Ucraina,<\/strong> Zelensky: Pechino usi la sua influenza su Pyongyang <strong>Basket:<\/strong> Nba, i Sacramento Kings licenziano coach Brown <strong>Usa,<\/strong> &#8216;a conoscenza arresto Sala, Iran rilasci prigionieri&#8217; <strong>Usa,<\/strong> da prime prove aereo azero abbattuto dalla Russia <strong>Fico<\/strong>, reagiremo se Kiev toglier\u00e0 gas russo alla Slovacchia <strong>Usa,<\/strong> da prime prove aereo azero abbattuto dalla Russia <strong>Fico,<\/strong> reagiremo se Kiev toglier\u00e0 gas russo alla Slovacchia<\/p>\n<h2>AUDIO dalle 6 del mattino<\/h2>\n<audio class=\"wp-audio-shortcode\" id=\"audio-426754-3\" preload=\"none\" style=\"width: 100%;\" controls=\"controls\"><source type=\"audio\/mpeg\" src=\"https:\/\/www.radiopiu.net\/wordpress\/wp-content\/uploads\/2024\/12\/GIORNALEDELLESEI-22.mp3?_=3\" \/><a href=\"https:\/\/www.radiopiu.net\/wordpress\/wp-content\/uploads\/2024\/12\/GIORNALEDELLESEI-22.mp3\">https:\/\/www.radiopiu.net\/wordpress\/wp-content\/uploads\/2024\/12\/GIORNALEDELLESEI-22.mp3<\/a><\/audio>\n<p>&nbsp;<\/p>\n<hr \/>\n<p>&nbsp;<\/p>\n<h1 style=\"text-align: center;\"><span style=\"color: #ff0000;\"><a class=\"dt-pswp-item\" href=\"https:\/\/www.radiopiu.net\/wordpress\/wp-content\/uploads\/2024\/11\/7.jpg\" data-dt-img-description=\"\" data-large_image_width=\"180\" data-large_image_height=\"180\"><img loading=\"lazy\" decoding=\"async\" class=\"size-full wp-image-417912 alignleft\" src=\"https:\/\/www.radiopiu.net\/wordpress\/wp-content\/uploads\/2024\/11\/7.jpg\" alt=\"\" width=\"180\" height=\"180\" srcset=\"https:\/\/www.radiopiu.net\/wordpress\/wp-content\/uploads\/2024\/11\/7.jpg 180w, https:\/\/www.radiopiu.net\/wordpress\/wp-content\/uploads\/2024\/11\/7-150x150.jpg 150w\" sizes=\"auto, (max-width: 180px) 100vw, 180px\" \/><\/a>I podcast informativi del mattino &#8211; audio &#8211;\u00a0<\/span><\/h1>\n<p><strong>OGNI GIORNO ALLE SETTE DEL MATTINO, LA RASSEGNA STAMPA LOCALE FLASH&#8230; PER CHI VA IN FRETTA. I TITOLI DAI GIORNALI E DAL SITO WWW.RADIOPIU.NET <span style=\"color: #0000ff;\">viene pubblicato alle 7.00<\/span> <span style=\"color: #ff0000;\">DIRETTA RADIO\u00a0<\/span><\/strong><\/p>\n<p><em><span style=\"color: #ff0000;\">per chi va in fretta&#8230; tante notizie in pochi minuti. L&#8217;informazione locale alla radio, ogni ora dalle 7 del mattino alle 19 della sera.<\/span><\/em><\/p>\n<h1><\/h1>\n<h1>AUDIO dalle 7 del mattino<\/h1>\n<audio class=\"wp-audio-shortcode\" id=\"audio-426754-4\" preload=\"none\" style=\"width: 100%;\" controls=\"controls\"><source type=\"audio\/mpeg\" src=\"https:\/\/www.radiopiu.net\/wordpress\/wp-content\/uploads\/2024\/12\/GF07-21.mp3?_=4\" \/><a href=\"https:\/\/www.radiopiu.net\/wordpress\/wp-content\/uploads\/2024\/12\/GF07-21.mp3\">https:\/\/www.radiopiu.net\/wordpress\/wp-content\/uploads\/2024\/12\/GF07-21.mp3<\/a><\/audio>\n<p>&nbsp;<\/p>\n<hr \/>\n<p>&nbsp;<\/p>\n<h1><\/h1>\n<h1 style=\"text-align: center;\"><span style=\"color: #ff0000;\"><a class=\"dt-pswp-item\" href=\"https:\/\/www.radiopiu.net\/wordpress\/wp-content\/uploads\/2024\/11\/th.jpg\" data-dt-img-description=\"\" data-large_image_width=\"148\" data-large_image_height=\"179\"><img loading=\"lazy\" decoding=\"async\" class=\"size-full wp-image-417913 alignleft\" src=\"https:\/\/www.radiopiu.net\/wordpress\/wp-content\/uploads\/2024\/11\/th.jpg\" alt=\"\" width=\"148\" height=\"179\" \/><\/a>I podcast informativi del mattino &#8211; audio &#8211;\u00a0<\/span><\/h1>\n<blockquote><p><strong>GIORNALE RADIO NAZIONALE, EDIZIONE DELLE SETTE <span style=\"color: #0000ff;\">viene pubblicato alle 7.05 <span style=\"color: #ff0000;\">DIRETTA RADIO\u00a0<\/span><\/span><\/strong><\/p><\/blockquote>\n<p><strong>il giornale radionazionale e&#8217; in onda ogni ora, dalle sette del mattino alle venti della sera\u00a0 \u00a0<\/strong><strong>\u00a0<\/strong><\/p>\n<p><strong>\u00c8 successo a San Felice<\/strong> a Ema Famiglia morta intossicata in una villetta a Firenze, bimba fuori pericolo <strong>Per ubriachezza in pubblico<\/strong> Lascia l&#8217;auto e va a piedi perch\u00e8 ha bevuto ma i carabinieri lo multano <strong>\u00c8 morto per schiacciamento<\/strong> Un bimbo di dieci anni travolto e ucciso da un&#8217;auto nel Napoletano <strong>Trafficante di migranti arrestato<\/strong> a Natale in Puglia Si nascondeva in una masseria in Salento, preso dai carabinieri <strong>Aggredisce l&#8217;ex compagna<\/strong>, arrestato a Bolzano per sequestro di persona Entrato in casa con la forza ha rinchiuso la donna in una stanza <strong>Terrorismo, la ragazza di Spoleto<\/strong> non risponde al gip La diciottenne in video collegamento dal carcere di Perugia <strong>Sciame sismico a Montevago<\/strong>, altre due scosse la scorsa notte Salgono a sette i movimenti tellurici da mercoled\u00ec scorso <strong>Trovati i corpi dei due alpinisti dispersi,<\/strong> Cristian Gualdi e Luca Perazzini Durante il sorvolo in elicottero con il Sonar Recco. I due romagnoli erano scomparsi da domenica, scivolati sul Gran Sasso <strong>Alessia Piperno a Cecilia Sala<\/strong>: &#8216;Tieni duro, abbraccio i tuoi genitori&#8217; Fu detenuta 45 giorni a Evin, lo stesso carcere della reporter<\/p>\n<p><span style=\"color: #ff0000;\"><span style=\"color: #0000ff;\">CRONACA<\/span> EDIZIONE DELLA SERA , DEL 27 DICEMBRE 2024 EDIZIONE DI IERI, 20.00<\/span><\/p>\n<audio class=\"wp-audio-shortcode\" id=\"audio-426754-5\" preload=\"none\" style=\"width: 100%;\" controls=\"controls\"><source type=\"audio\/mpeg\" src=\"https:\/\/www.radiopiu.net\/wordpress\/wp-content\/uploads\/2024\/12\/giornale07-43.mp3?_=5\" \/><a href=\"https:\/\/www.radiopiu.net\/wordpress\/wp-content\/uploads\/2024\/12\/giornale07-43.mp3\">https:\/\/www.radiopiu.net\/wordpress\/wp-content\/uploads\/2024\/12\/giornale07-43.mp3<\/a><\/audio>\n<p>&nbsp;<\/p>\n<p><span style=\"color: #ff0000;\"><span style=\"color: #0000ff;\">SPORT<\/span> EDIZIONE DELLE 19, DEL 27 DICEMBRE 2024, LO SPORT EDIZIONE DI IERI<\/span><\/p>\n<audio class=\"wp-audio-shortcode\" id=\"audio-426754-6\" preload=\"none\" style=\"width: 100%;\" controls=\"controls\"><source type=\"audio\/mpeg\" src=\"https:\/\/www.radiopiu.net\/wordpress\/wp-content\/uploads\/2024\/12\/gr-sport-22.mp3?_=6\" \/><a href=\"https:\/\/www.radiopiu.net\/wordpress\/wp-content\/uploads\/2024\/12\/gr-sport-22.mp3\">https:\/\/www.radiopiu.net\/wordpress\/wp-content\/uploads\/2024\/12\/gr-sport-22.mp3<\/a><\/audio>\n<p>&nbsp;<\/p>\n<h2><span style=\"color: #ff0000;\"><span style=\"color: #0000ff;\">ULTIM&#8217;ORA<\/span> AUDIO dalle sette del mattino, ogni ora alla radio EDIZIONE DELLE SETTE<\/span><\/h2>\n<audio class=\"wp-audio-shortcode\" id=\"audio-426754-7\" preload=\"none\" style=\"width: 100%;\" controls=\"controls\"><source type=\"audio\/mpeg\" src=\"https:\/\/www.radiopiu.net\/wordpress\/wp-content\/uploads\/2024\/12\/giornale07-44.mp3?_=7\" \/><a href=\"https:\/\/www.radiopiu.net\/wordpress\/wp-content\/uploads\/2024\/12\/giornale07-44.mp3\">https:\/\/www.radiopiu.net\/wordpress\/wp-content\/uploads\/2024\/12\/giornale07-44.mp3<\/a><\/audio>\n<p>&nbsp;<\/p>\n<p>&nbsp;<\/p>\n<hr \/>\n<p>&nbsp;<\/p>\n<p>&nbsp;<\/p>\n<h1><span style=\"color: #ff0000;\"><a class=\"dt-pswp-item\" href=\"https:\/\/www.radiopiu.net\/wordpress\/wp-content\/uploads\/2024\/11\/8.jpg\" data-dt-img-description=\"\" data-large_image_width=\"180\" data-large_image_height=\"180\"><img loading=\"lazy\" decoding=\"async\" class=\"size-full wp-image-417910 alignleft\" src=\"https:\/\/www.radiopiu.net\/wordpress\/wp-content\/uploads\/2024\/11\/8.jpg\" alt=\"\" width=\"180\" height=\"180\" srcset=\"https:\/\/www.radiopiu.net\/wordpress\/wp-content\/uploads\/2024\/11\/8.jpg 180w, https:\/\/www.radiopiu.net\/wordpress\/wp-content\/uploads\/2024\/11\/8-150x150.jpg 150w\" sizes=\"auto, (max-width: 180px) 100vw, 180px\" \/><\/a>I podcast informativi del mattino &#8211; video &#8211;\u00a0<\/span><\/h1>\n<h2 style=\"text-align: left;\"><strong>RASSEGNA STAMPA LOCALE, ORE OTTO<\/strong><\/h2>\n<h2><strong> <span style=\"color: #0000ff;\">viene\u00a0 <\/span><\/strong><strong><span style=\"color: #0000ff;\">pubblicata alle 8.05 <span style=\"color: #ff0000;\">DIRETTA RADIO\u00a0 \u00a0<\/span><\/span><\/strong><strong>DI MIRKO MEZZACASA<\/strong><\/h2>\n<h2><span style=\"color: #ff0000;\"><strong>\u00a0<\/strong><\/span><\/h2>\n<h2><span style=\"color: #ff0000;\"><strong>\u00a0<\/strong><\/span><\/h2>\n<h1><span style=\"color: #ff0000;\"><strong>VIDEO\u00a0 \u00a0in diretta dalle 8 del mattino\u00a0 \u00a0per ASCOLTARE <\/strong><\/span><\/h1>\n<h1 style=\"text-align: center;\"><\/h1>\n<p><iframe loading=\"lazy\" style=\"border: none; overflow: hidden;\" src=\"https:\/\/www.facebook.com\/plugins\/video.php?height=314&amp;href=https%3A%2F%2Fwww.facebook.com%2Fradiopiu%2Fvideos%2F485748241201968%2F&amp;show_text=false&amp;width=560&amp;t=0\" width=\"560\" height=\"314\" frameborder=\"0\" scrolling=\"no\" allowfullscreen=\"allowfullscreen\"><\/iframe><\/p>\n\n\t\t\t<style type='text\/css'>\n\t\t\t\t#gallery-1 {\n\t\t\t\t\tmargin: auto;\n\t\t\t\t}\n\t\t\t\t#gallery-1 .gallery-item {\n\t\t\t\t\tfloat: left;\n\t\t\t\t\tmargin-top: 10px;\n\t\t\t\t\ttext-align: center;\n\t\t\t\t\twidth: 33%;\n\t\t\t\t}\n\t\t\t\t#gallery-1 img {\n\t\t\t\t\tborder: 2px solid #cfcfcf;\n\t\t\t\t}\n\t\t\t\t#gallery-1 .gallery-caption {\n\t\t\t\t\tmargin-left: 0;\n\t\t\t\t}\n\t\t\t\t\/* see gallery_shortcode() in wp-includes\/media.php *\/\n\t\t\t<\/style>\n\t\t<div id='gallery-1' class='dt-gallery-container gallery galleryid-426754 gallery-columns-3 gallery-size-medium'><dl class='gallery-item'>\n\t\t\t\t<dt class='gallery-icon landscape'>\n\t\t\t\t\t<a class=\"rollover rollover-zoom dt-pswp-item\" title=\"COOP2\" data-dt-img-description=\"\" data-large_image_width=\"450\" data-large_image_height=\"259\"href='https:\/\/www.radiopiu.net\/wordpress\/wp-content\/uploads\/2024\/12\/COOP2-12.png'><img loading=\"lazy\" decoding=\"async\" width=\"300\" height=\"173\" src=\"https:\/\/www.radiopiu.net\/wordpress\/wp-content\/uploads\/2024\/12\/COOP2-12-300x173.png\" class=\"attachment-medium size-medium\" alt=\"\" srcset=\"https:\/\/www.radiopiu.net\/wordpress\/wp-content\/uploads\/2024\/12\/COOP2-12-300x173.png 300w, https:\/\/www.radiopiu.net\/wordpress\/wp-content\/uploads\/2024\/12\/COOP2-12.png 450w\" sizes=\"auto, (max-width: 300px) 100vw, 300px\" \/><\/a>\n\t\t\t\t<\/dt><\/dl><dl class='gallery-item'>\n\t\t\t\t<dt class='gallery-icon landscape'>\n\t\t\t\t\t<a class=\"rollover rollover-zoom dt-pswp-item\" title=\"COOP3\" data-dt-img-description=\"\" data-large_image_width=\"496\" data-large_image_height=\"328\"href='https:\/\/www.radiopiu.net\/wordpress\/wp-content\/uploads\/2024\/12\/COOP3-3.png'><img loading=\"lazy\" decoding=\"async\" width=\"300\" height=\"198\" src=\"https:\/\/www.radiopiu.net\/wordpress\/wp-content\/uploads\/2024\/12\/COOP3-3-300x198.png\" class=\"attachment-medium size-medium\" alt=\"\" srcset=\"https:\/\/www.radiopiu.net\/wordpress\/wp-content\/uploads\/2024\/12\/COOP3-3-300x198.png 300w, https:\/\/www.radiopiu.net\/wordpress\/wp-content\/uploads\/2024\/12\/COOP3-3.png 496w\" sizes=\"auto, (max-width: 300px) 100vw, 300px\" \/><\/a>\n\t\t\t\t<\/dt><\/dl><dl class='gallery-item'>\n\t\t\t\t<dt class='gallery-icon landscape'>\n\t\t\t\t\t<a class=\"rollover rollover-zoom dt-pswp-item\" title=\"COOP1\" data-dt-img-description=\"\" data-large_image_width=\"445\" data-large_image_height=\"213\"href='https:\/\/www.radiopiu.net\/wordpress\/wp-content\/uploads\/2024\/12\/COOP1-13.png'><img loading=\"lazy\" decoding=\"async\" width=\"300\" height=\"144\" src=\"https:\/\/www.radiopiu.net\/wordpress\/wp-content\/uploads\/2024\/12\/COOP1-13-300x144.png\" class=\"attachment-medium size-medium\" alt=\"\" srcset=\"https:\/\/www.radiopiu.net\/wordpress\/wp-content\/uploads\/2024\/12\/COOP1-13-300x144.png 300w, https:\/\/www.radiopiu.net\/wordpress\/wp-content\/uploads\/2024\/12\/COOP1-13.png 445w\" sizes=\"auto, (max-width: 300px) 100vw, 300px\" \/><\/a>\n\t\t\t\t<\/dt><\/dl><br style=\"clear: both\" \/>\n\t\t\t<\/div>\n\n<blockquote><p>&nbsp;<\/p><\/blockquote>\n<hr \/>\n<p>&nbsp;<\/p>\n<p><strong><a class=\"dt-pswp-item\" href=\"https:\/\/www.radiopiu.net\/wordpress\/wp-content\/uploads\/2023\/12\/ANTENNA.png\" data-dt-img-description=\"\" data-large_image_width=\"300\" data-large_image_height=\"166\"><img loading=\"lazy\" decoding=\"async\" class=\"wp-image-366306 alignright\" src=\"https:\/\/www.radiopiu.net\/wordpress\/wp-content\/uploads\/2023\/12\/ANTENNA.png\" alt=\"\" width=\"101\" height=\"56\" \/><\/a><a class=\"dt-pswp-item\" href=\"https:\/\/www.radiopiu.net\/wordpress\/wp-content\/uploads\/2024\/11\/th-17.jpg\" data-dt-img-description=\"\" data-large_image_width=\"224\" data-large_image_height=\"180\"><img loading=\"lazy\" decoding=\"async\" class=\" wp-image-421610 alignleft\" src=\"https:\/\/www.radiopiu.net\/wordpress\/wp-content\/uploads\/2024\/11\/th-17.jpg\" alt=\"\" width=\"167\" height=\"134\" \/><\/a>ogni sera alle 19 le anticipazioni alla radio, quello che poi seguirete nel TELEGIORNALE BELLUNESE\u00a0 in onda alle 19.30 sul CANALE 10 del digitale terrestre.\u00a0\u00a0<\/strong><\/p>\n<p>&nbsp;<\/p>\n<p><strong>IERI SERA, LE ANTICIPAZIONI DI\u00a0 CRISTIAN ARBOIT<\/strong><\/p>\n<audio class=\"wp-audio-shortcode\" id=\"audio-426754-8\" preload=\"none\" style=\"width: 100%;\" controls=\"controls\"><source type=\"audio\/mpeg\" src=\"https:\/\/www.radiopiu.net\/wordpress\/wp-content\/uploads\/2024\/12\/ANTENNA.mp3?_=8\" \/><a href=\"https:\/\/www.radiopiu.net\/wordpress\/wp-content\/uploads\/2024\/12\/ANTENNA.mp3\">https:\/\/www.radiopiu.net\/wordpress\/wp-content\/uploads\/2024\/12\/ANTENNA.mp3<\/a><\/audio>\n<p>&nbsp;<\/p>\n<hr \/>\n<p>&nbsp;<\/p>\n<blockquote>\n<h2>Doppio Intervento: Due Sciatori Ricoverati al San Martino<\/h2>\n<\/blockquote>\n<p><strong><img loading=\"lazy\" decoding=\"async\" class=\"alignleft\" src=\"https:\/\/www.radiopiu.net\/wordpress\/wp-content\/uploads\/2022\/08\/salt.jpg\" width=\"90\" height=\"120\" \/>BELLUNO<\/strong> Due elicotteri, Falco 1 e Falco 2, sono decollati a distanza di pochi minuti per due interventi di soccorso nelle Dolomiti. Il primo, Falco 1, ieri mattina\u00a0 \u00e8 stato inviato a Cortina d\u2019Ampezzo per soccorrere un cinquantenne romano che ha riportato un trauma agli arti inferiori durante un\u2019attivit\u00e0 sportiva. Poco dopo, Falco 2 \u00e8 intervenuto sulle piste di Arabba per assistere un 58enne che ha subito un grave trauma al bacino. Entrambi i pazienti sono stati trasportati d\u2019urgenza all\u2019ospedale San Martino di Belluno per le cure necessarie.<\/p>\n<p>&nbsp;<\/p>\n<blockquote>\n<h3 class=\"entry-title\">ALTRI DUE INTERVENTI NEL POMERIGGIO PER IL SUEM 118<\/h3>\n<\/blockquote>\n<p><strong>REDAZIONE\u00a0<\/strong>La giornata di ieri si \u00e8 conclusa con altri due interventi del Suem 118. Nel pomeriggio alle 15, l\u2019elicottero Falco 2 \u00e8 stato inviato a Falcade per soccorrere un giovane che si era fatto male ad un arto inferiore. Il piccolo paziente \u00e8 stato elitrasportato a Belluno con ferite di media gravit\u00e0. Un\u2019ora dopo \u00e8 ancora Falco 2 che si \u00e8 alzato in volo per dirigersi verso le Tre Cime di Lavaredo dove due ragazzi, un uomo e una donna di 20 e 21 anni, si trovavano in difficolt\u00e0. I due illesi sono stati portati in salvo.<\/p>\n<p>&nbsp;<\/p>\n<p>&nbsp;<\/p>\n<hr \/>\n<p>&nbsp;<\/p>\n<blockquote>\n<h2>INCENDIO A PONTE, FIAMME DALLA TETTOIA ALL&#8217;ABITAZIONE<\/h2>\n<\/blockquote>\n<div class=\"flex max-w-full flex-col flex-grow\">\n<div class=\"min-h-8 text-message flex w-full flex-col items-end gap-2 whitespace-normal break-words text-start [.text-message+&amp;]:mt-5\" dir=\"auto\" data-message-author-role=\"assistant\" data-message-id=\"3e91ee37-4344-4460-8ef6-799f3f9d7cce\" data-message-model-slug=\"gpt-4o\">\n<div class=\"flex w-full flex-col gap-1 empty:hidden first:pt-[3px]\">\n<div class=\"markdown prose w-full break-words dark:prose-invert dark\">\n<p><strong>PONTE NELLE ALPI<\/strong> Nelle prime ore di ieri, un incendio \u00e8 divampato nella frazione di Cugnan, a Ponte nelle Alpi, coinvolgendo una tettoia, due auto e la facciata di un\u2019abitazione. Un residente \u00e8 stato trasportato in ospedale per aver inalato fumo. Alcuni automobilisti di passaggio, notando le fiamme, hanno allertato i soccorsi e svegliato i residenti che stavano dormendo. I vigili del fuoco hanno evitato che l\u2019incendio si propagasse ulteriormente, le fiamme hanno distrutto due auto, una legnaia e parte del cappotto esterno dell\u2019abitazione. Un infisso al piano terra \u00e8 stato danneggiato, e il fumo ha causato ulteriori danni all\u2019interno dell\u2019abitazione.<\/p>\n<\/div>\n<\/div>\n<\/div>\n<\/div>\n<div class=\"mb-2 flex gap-3 empty:hidden -ml-2\">\n<div class=\"items-center justify-start rounded-xl p-1 flex\">\n<div class=\"flex items-center\">\n\n\t\t\t<style type='text\/css'>\n\t\t\t\t#gallery-2 {\n\t\t\t\t\tmargin: auto;\n\t\t\t\t}\n\t\t\t\t#gallery-2 .gallery-item {\n\t\t\t\t\tfloat: left;\n\t\t\t\t\tmargin-top: 10px;\n\t\t\t\t\ttext-align: center;\n\t\t\t\t\twidth: 25%;\n\t\t\t\t}\n\t\t\t\t#gallery-2 img {\n\t\t\t\t\tborder: 2px solid #cfcfcf;\n\t\t\t\t}\n\t\t\t\t#gallery-2 .gallery-caption {\n\t\t\t\t\tmargin-left: 0;\n\t\t\t\t}\n\t\t\t\t\/* see gallery_shortcode() in wp-includes\/media.php *\/\n\t\t\t<\/style>\n\t\t<div id='gallery-2' class='dt-gallery-container gallery galleryid-426754 gallery-columns-4 gallery-size-thumbnail'><dl class='gallery-item'>\n\t\t\t\t<dt class='gallery-icon landscape'>\n\t\t\t\t\t<a class=\"rollover rollover-zoom dt-pswp-item\" title=\"4b26908f-efca-429e-a449-5e0a34a6543a\" data-dt-img-description=\"\" data-large_image_width=\"1280\" data-large_image_height=\"844\"href='https:\/\/www.radiopiu.net\/wordpress\/wp-content\/uploads\/2024\/12\/4b26908f-efca-429e-a449-5e0a34a6543a.jpg'><img loading=\"lazy\" decoding=\"async\" width=\"150\" height=\"150\" src=\"https:\/\/www.radiopiu.net\/wordpress\/wp-content\/uploads\/2024\/12\/4b26908f-efca-429e-a449-5e0a34a6543a-150x150.jpg\" class=\"attachment-thumbnail size-thumbnail\" alt=\"\" \/><\/a>\n\t\t\t\t<\/dt><\/dl><dl class='gallery-item'>\n\t\t\t\t<dt class='gallery-icon landscape'>\n\t\t\t\t\t<a class=\"rollover rollover-zoom dt-pswp-item\" title=\"e7cc64a9-8d6c-448f-80c9-1e2d218b4ce9\" data-dt-img-description=\"\" data-large_image_width=\"1280\" data-large_image_height=\"896\"href='https:\/\/www.radiopiu.net\/wordpress\/wp-content\/uploads\/2024\/12\/e7cc64a9-8d6c-448f-80c9-1e2d218b4ce9.jpg'><img loading=\"lazy\" decoding=\"async\" width=\"150\" height=\"150\" src=\"https:\/\/www.radiopiu.net\/wordpress\/wp-content\/uploads\/2024\/12\/e7cc64a9-8d6c-448f-80c9-1e2d218b4ce9-150x150.jpg\" class=\"attachment-thumbnail size-thumbnail\" alt=\"\" \/><\/a>\n\t\t\t\t<\/dt><\/dl><dl class='gallery-item'>\n\t\t\t\t<dt class='gallery-icon landscape'>\n\t\t\t\t\t<a class=\"rollover rollover-zoom dt-pswp-item\" title=\"58620a91-9cbe-4b17-973d-993a4c850dfc\" data-dt-img-description=\"\" data-large_image_width=\"1280\" data-large_image_height=\"960\"href='https:\/\/www.radiopiu.net\/wordpress\/wp-content\/uploads\/2024\/12\/58620a91-9cbe-4b17-973d-993a4c850dfc.jpg'><img loading=\"lazy\" decoding=\"async\" width=\"150\" height=\"150\" src=\"https:\/\/www.radiopiu.net\/wordpress\/wp-content\/uploads\/2024\/12\/58620a91-9cbe-4b17-973d-993a4c850dfc-150x150.jpg\" class=\"attachment-thumbnail size-thumbnail\" alt=\"\" \/><\/a>\n\t\t\t\t<\/dt><\/dl><dl class='gallery-item'>\n\t\t\t\t<dt class='gallery-icon landscape'>\n\t\t\t\t\t<a class=\"rollover rollover-zoom dt-pswp-item\" title=\"6c509078-db17-4fc3-b4d8-f50791f8a5ef\" data-dt-img-description=\"\" data-large_image_width=\"1280\" data-large_image_height=\"912\"href='https:\/\/www.radiopiu.net\/wordpress\/wp-content\/uploads\/2024\/12\/6c509078-db17-4fc3-b4d8-f50791f8a5ef.jpg'><img loading=\"lazy\" decoding=\"async\" width=\"150\" height=\"150\" src=\"https:\/\/www.radiopiu.net\/wordpress\/wp-content\/uploads\/2024\/12\/6c509078-db17-4fc3-b4d8-f50791f8a5ef-150x150.jpg\" class=\"attachment-thumbnail size-thumbnail\" alt=\"\" \/><\/a>\n\t\t\t\t<\/dt><\/dl><br style=\"clear: both\" \/><dl class='gallery-item'>\n\t\t\t\t<dt class='gallery-icon landscape'>\n\t\t\t\t\t<a class=\"rollover rollover-zoom dt-pswp-item\" title=\"a0a241f5-dc82-4ce8-bcfe-05bcaf46ac69\" data-dt-img-description=\"\" data-large_image_width=\"1280\" data-large_image_height=\"888\"href='https:\/\/www.radiopiu.net\/wordpress\/wp-content\/uploads\/2024\/12\/a0a241f5-dc82-4ce8-bcfe-05bcaf46ac69.jpg'><img loading=\"lazy\" decoding=\"async\" width=\"150\" height=\"150\" src=\"https:\/\/www.radiopiu.net\/wordpress\/wp-content\/uploads\/2024\/12\/a0a241f5-dc82-4ce8-bcfe-05bcaf46ac69-150x150.jpg\" class=\"attachment-thumbnail size-thumbnail\" alt=\"\" \/><\/a>\n\t\t\t\t<\/dt><\/dl><dl class='gallery-item'>\n\t\t\t\t<dt class='gallery-icon landscape'>\n\t\t\t\t\t<a class=\"rollover rollover-zoom dt-pswp-item\" title=\"860795cc-c3b8-476b-9884-da38e285fb15\" data-dt-img-description=\"\" data-large_image_width=\"1280\" data-large_image_height=\"960\"href='https:\/\/www.radiopiu.net\/wordpress\/wp-content\/uploads\/2024\/12\/860795cc-c3b8-476b-9884-da38e285fb15.jpg'><img loading=\"lazy\" decoding=\"async\" width=\"150\" height=\"150\" src=\"https:\/\/www.radiopiu.net\/wordpress\/wp-content\/uploads\/2024\/12\/860795cc-c3b8-476b-9884-da38e285fb15-150x150.jpg\" class=\"attachment-thumbnail size-thumbnail\" alt=\"\" \/><\/a>\n\t\t\t\t<\/dt><\/dl><dl class='gallery-item'>\n\t\t\t\t<dt class='gallery-icon landscape'>\n\t\t\t\t\t<a class=\"rollover rollover-zoom dt-pswp-item\" title=\"cd62f76b-70db-4f48-817e-a48c50eb6fc9\" data-dt-img-description=\"\" data-large_image_width=\"1280\" data-large_image_height=\"960\"href='https:\/\/www.radiopiu.net\/wordpress\/wp-content\/uploads\/2024\/12\/cd62f76b-70db-4f48-817e-a48c50eb6fc9.jpg'><img loading=\"lazy\" decoding=\"async\" width=\"150\" height=\"150\" src=\"https:\/\/www.radiopiu.net\/wordpress\/wp-content\/uploads\/2024\/12\/cd62f76b-70db-4f48-817e-a48c50eb6fc9-150x150.jpg\" class=\"attachment-thumbnail size-thumbnail\" alt=\"\" \/><\/a>\n\t\t\t\t<\/dt><\/dl>\n\t\t\t\t<br style='clear: both' \/>\n\t\t\t<\/div>\n\n<div class=\"flex items-center pb-0\"><\/div>\n<div>\n<hr \/>\n<\/div>\n<blockquote>\n<h2>Luxottica: La Polizia di Stato sequestra 200 paia di occhiali rubati<\/h2>\n<\/blockquote>\n<div>\n<p><a class=\"dt-pswp-item\" href=\"https:\/\/www.radiopiu.net\/wordpress\/wp-content\/uploads\/2024\/12\/xx.jpg\" data-dt-img-description=\"\" data-large_image_width=\"1600\" data-large_image_height=\"1086\"><img loading=\"lazy\" decoding=\"async\" class=\"size-medium wp-image-426819 alignleft\" src=\"https:\/\/www.radiopiu.net\/wordpress\/wp-content\/uploads\/2024\/12\/xx-300x204.jpg\" alt=\"\" width=\"300\" height=\"204\" srcset=\"https:\/\/www.radiopiu.net\/wordpress\/wp-content\/uploads\/2024\/12\/xx-300x204.jpg 300w, https:\/\/www.radiopiu.net\/wordpress\/wp-content\/uploads\/2024\/12\/xx-1024x695.jpg 1024w, https:\/\/www.radiopiu.net\/wordpress\/wp-content\/uploads\/2024\/12\/xx-768x521.jpg 768w, https:\/\/www.radiopiu.net\/wordpress\/wp-content\/uploads\/2024\/12\/xx-1536x1043.jpg 1536w, https:\/\/www.radiopiu.net\/wordpress\/wp-content\/uploads\/2024\/12\/xx.jpg 1600w\" sizes=\"auto, (max-width: 300px) 100vw, 300px\" \/><\/a><\/p>\n<p><strong>BELLUNO<\/strong> La Polizia di Stato ha sequestrato alcune centinaia di occhiali sottratti durante il ciclo produttivo della Luxottica e rivenduti online da un giovane\u00a0 dipendente dell&#8217;azienda.<\/p>\n<p>Le indagini, condotte dalla Sezione Operativa per la Sicurezza Cibernetica di Belluno, sono partite da una segnalazione degli organi di sicurezza interni di Luxottica. L\u2019attivit\u00e0 investigativa ha permesso di risalire al responsabile, un impiegato ventiquattrenne ora indagato per furto e ricettazione.<\/p>\n<p>Durante l\u2019operazione \u00e8 stato sequestrato anche l\u2019account utilizzato per le vendite illegali su un noto sito di e-commerce. Il giovane rischia il licenziamento per giusta causa, mentre le autorit\u00e0 sottolineano che l\u2019indagato \u00e8 da ritenersi innocente fino a una sentenza definitiva.<\/p>\n<p>L\u2019episodio mette in evidenza l\u2019importanza della collaborazione tra le imprese, la Polizia di Stato e la Procura della Repubblica per la tutela delle infrastrutture critiche. In quest\u2019ottica, si inserisce la recente sottoscrizione di un Protocollo d\u2019Intesa per la Protezione delle Infrastrutture Critiche tra Luxottica e la Polizia di Stato.<\/p>\n<p>&nbsp;<\/p>\n<h1 class=\"_title post-title entry-title\"><a class=\"dt-pswp-item\" href=\"https:\/\/www.radiopiu.net\/wordpress\/wp-content\/uploads\/2023\/12\/ANTENNA.png\" data-dt-img-description=\"\" data-large_image_width=\"300\" data-large_image_height=\"166\"><img loading=\"lazy\" decoding=\"async\" class=\"wp-image-366306 alignleft\" src=\"https:\/\/www.radiopiu.net\/wordpress\/wp-content\/uploads\/2023\/12\/ANTENNA.png\" alt=\"\" width=\"219\" height=\"121\" \/><\/a>AGORDO | RUBA 200 PAIA DI OCCHIALI, DIPENDENTE LUXOTTICA RISCHIA IL LICENZIAMENTO<\/h1>\n<\/div>\n<\/div>\n<\/div>\n<\/div>\n<p>Intervistati MARIO POZZA (PRESIDENTE CAMERA DI COMMERCIO TREVISO \u2013 BELLUNO) (Servizio di\u00a0<a href=\"https:\/\/antennatre.medianordest.it\/redazione\/Anna-De-Roberto\/\">Anna De Roberto<\/a>)<\/p>\n<p><iframe loading=\"lazy\" title=\"RUBA 200 PAIA DI OCCHIALI, DIPENDENTE LUXOTTICA RISCHIA IL LICENZIAMENTO | 27\/12\/2024\" width=\"1200\" height=\"675\" src=\"https:\/\/www.youtube.com\/embed\/mTGFCg2ucag?feature=oembed\" frameborder=\"0\" allow=\"accelerometer; autoplay; clipboard-write; encrypted-media; gyroscope; picture-in-picture; web-share\" referrerpolicy=\"strict-origin-when-cross-origin\" allowfullscreen><\/iframe><\/p>\n<p>&nbsp;<\/p>\n<hr \/>\n<p>&nbsp;<\/p>\n<div><\/div>\n<div>\n<blockquote>\n<h3><a href=\"https:\/\/www.radiopiu.net\/wordpress\/wp-content\/uploads\/2024\/12\/69c580b1-55da-4e26-ac63-b6e852e401c2.webp\"><img loading=\"lazy\" decoding=\"async\" class=\" wp-image-426914 alignleft\" src=\"https:\/\/www.radiopiu.net\/wordpress\/wp-content\/uploads\/2024\/12\/69c580b1-55da-4e26-ac63-b6e852e401c2-300x300.webp\" alt=\"\" width=\"218\" height=\"218\" srcset=\"https:\/\/www.radiopiu.net\/wordpress\/wp-content\/uploads\/2024\/12\/69c580b1-55da-4e26-ac63-b6e852e401c2-300x300.webp 300w, https:\/\/www.radiopiu.net\/wordpress\/wp-content\/uploads\/2024\/12\/69c580b1-55da-4e26-ac63-b6e852e401c2-150x150.webp 150w, https:\/\/www.radiopiu.net\/wordpress\/wp-content\/uploads\/2024\/12\/69c580b1-55da-4e26-ac63-b6e852e401c2-768x768.webp 768w, https:\/\/www.radiopiu.net\/wordpress\/wp-content\/uploads\/2024\/12\/69c580b1-55da-4e26-ac63-b6e852e401c2.webp 1024w\" sizes=\"auto, (max-width: 218px) 100vw, 218px\" \/><\/a>Aggressione a Vigile Urbano: Arrestato un 54enne, Divieto di Dimora a Belluno<\/h3>\n<\/blockquote>\n<p><strong>PEDAVENA <\/strong>\u00a0un vigile urbano \u00e8 stato aggredito da un 54enne altoatesino mentre interveniva per proteggere una donna che denunciava maltrattamenti dal marito. Durante un controllo in via Vittorio Veneto, l&#8217;agente Davide Pinaffo ha cercato di identificare l&#8217;uomo, che ha reagito con insulti e due pugni, colpendolo al volto. Nonostante l&#8217;aggressione, l&#8217;agente, con l\u2019aiuto di alcuni cittadini, \u00e8 riuscito a fermare e ammanettare l\u2019uomo.<\/p>\n<p>Il 54enne \u00e8 stato arrestato e il giudice ha disposto il divieto di dimora in provincia di Belluno. Dovr\u00e0 affrontare un processo per resistenza a pubblico ufficiale, lesioni aggravate e rifiuto di fornire le generalit\u00e0. La donna potrebbe sporgere denuncia, aumentando i procedimenti a suo carico. Il Comune di Pedavena potrebbe costituirsi parte civile.<\/p>\n<p>&nbsp;<\/p>\n<hr \/>\n<p>&nbsp;<\/p>\n<\/div>\n<p><span style=\"color: #ff0000;\"><strong>OGGI LA GIUDIZIARIA<\/strong><\/span><br \/>\n<span style=\"color: #ff0000;\"><strong>DAL CORRIERE DELLE ALPI, GIGI SOSSO sintesi<\/strong><\/span><\/p>\n<blockquote>\n<h3>Cassazione Respinge il Ricorso di Nikolic: Niente Appello su Condanne di 15 Anni Fa<\/h3>\n<\/blockquote>\n<p><strong>FELTRE\u00a0 \u00a0<\/strong>La Cassazione ha respinto il ricorso di VN, cittadino serbo condannato 14 e 15 anni fa dal Tribunale di Belluno.\u00a0 Noto a Feltre per aver utilizzato nove alias, sosteneva di non essere stato informato dei procedimenti penali a suo carico. La Suprema Corte ha ritenuto infondato il ricorso, confermando le sentenze precedenti e condannandolo al pagamento delle spese processuali e 3.000 euro alla Cassa delle Ammende. L&#8217;udienza si era svolta il 7 novembre a Roma, con sentenza pubblicata nelle ultime ore.<\/p>\n<p>&nbsp;<\/p>\n<hr \/>\n<p>&nbsp;<\/p>\n<blockquote>\n<h3>L&#8217;ASSESSORE BOTTACIN TRACCIA LE TAPPE DEL 2024. OLTRE 120 MILIONI DI EURO IN OPERE DI DIFESA IDRAULICA E FORESTALE<\/h3>\n<\/blockquote>\n<p><strong>BELLUNO<\/strong> L\u2019assessore all\u2019Ambiente e Protezione Civile del Veneto, Gianpaolo Bottacin, ha tracciato un bilancio dell\u2019attivit\u00e0 regionale del 2024, evidenziando i risultati principali: realizzati interventi del piano post-alluvione 2010 per un valore di 2,2 miliardi su 4 complessivi, con opere di difesa idraulica e forestale di varie dimensioni. Nel 2024 sono stati avviati 166 interventi da 87 milioni di euro, 15 cantieri forestali per 14 milioni e 101 progetti minori per 21 milioni. Il Veneto si conferma leader nella raccolta differenziata e registra miglioramenti nella qualit\u00e0 dell\u2019aria. Inoltre, sono stati stanziati 6 milioni per il volontariato di Protezione Civile, che ha visto impegnati oltre 8.000 volontari. Bottacin ha sottolineato l\u2019importanza strategica delle concessioni idroelettriche in scadenza nel 2029, evidenziando i benefici economici e territoriali derivanti dalle nuove norme regionali.<\/p>\n<p><strong>L&#8217;ASSESSORE REGIONALE GIANPAOLO BOTTACIN<\/strong><\/p>\n<div style=\"width: 848px;\" class=\"wp-video\"><video class=\"wp-video-shortcode\" id=\"video-426754-1\" width=\"848\" height=\"478\" preload=\"metadata\" controls=\"controls\"><source type=\"video\/mp4\" src=\"https:\/\/www.radiopiu.net\/wordpress\/wp-content\/uploads\/2024\/12\/WhatsApp-Video-2024-12-27-at-15.57.28.mp4?_=1\" \/><a href=\"https:\/\/www.radiopiu.net\/wordpress\/wp-content\/uploads\/2024\/12\/WhatsApp-Video-2024-12-27-at-15.57.28.mp4\">https:\/\/www.radiopiu.net\/wordpress\/wp-content\/uploads\/2024\/12\/WhatsApp-Video-2024-12-27-at-15.57.28.mp4<\/a><\/video><\/div>\n<p>&nbsp;<\/p>\n<hr \/>\n<p>&nbsp;<\/p>\n<blockquote>\n<h3>INAUGURATO L&#8217;OSPEDALE DI COMUNITA&#8217; A FELTRE<\/h3>\n<\/blockquote>\n<p><strong>PER LE TRE RADIO, BARBARA PAOLAZZI<\/strong><\/p>\n<audio class=\"wp-audio-shortcode\" id=\"audio-426754-9\" preload=\"none\" style=\"width: 100%;\" controls=\"controls\"><source type=\"audio\/mpeg\" src=\"https:\/\/www.radiopiu.net\/wordpress\/wp-content\/uploads\/2024\/12\/barbara.mp3?_=9\" \/><a href=\"https:\/\/www.radiopiu.net\/wordpress\/wp-content\/uploads\/2024\/12\/barbara.mp3\">https:\/\/www.radiopiu.net\/wordpress\/wp-content\/uploads\/2024\/12\/barbara.mp3<\/a><\/audio>\n<p>&nbsp;<\/p>\n<p><strong>FELTRE<\/strong> A Feltre \u00e8 stato inaugurato un ospedale di comunit\u00e0 presso il presidio di Santa Maria del Prato, con 15 posti letto dei 85 previsti per l\u2019area dolomitica. Fa parte di un piano regionale che prevede 71 strutture per un totale di 1.500 posti letto, integrate tra ospedale e territorio, pianificate gi\u00e0 nel 2018 e potenziate con i fondi del PNRR. L\u2019intervento, finanziato con 1,55 milioni di euro, ha riqualificato gli spazi interni e migliorato l\u2019accessibilit\u00e0. Gli ospedali di comunit\u00e0 garantiscono assistenza post-dimissioni a pazienti clinicamente stabili ma non ancora autonomi, grazie a team multidisciplinari. L\u2019assessore regionale Manuela Lanzarin ha sottolineato la sfida di attrarre personale sanitario, supportata da un piano straordinario da 150 milioni di euro in tre anni.<\/p>\n\n\t\t\t<style type='text\/css'>\n\t\t\t\t#gallery-3 {\n\t\t\t\t\tmargin: auto;\n\t\t\t\t}\n\t\t\t\t#gallery-3 .gallery-item {\n\t\t\t\t\tfloat: left;\n\t\t\t\t\tmargin-top: 10px;\n\t\t\t\t\ttext-align: center;\n\t\t\t\t\twidth: 33%;\n\t\t\t\t}\n\t\t\t\t#gallery-3 img {\n\t\t\t\t\tborder: 2px solid #cfcfcf;\n\t\t\t\t}\n\t\t\t\t#gallery-3 .gallery-caption {\n\t\t\t\t\tmargin-left: 0;\n\t\t\t\t}\n\t\t\t\t\/* see gallery_shortcode() in wp-includes\/media.php *\/\n\t\t\t<\/style>\n\t\t<div id='gallery-3' class='dt-gallery-container gallery galleryid-426754 gallery-columns-3 gallery-size-medium'><dl class='gallery-item'>\n\t\t\t\t<dt class='gallery-icon landscape'>\n\t\t\t\t\t<a class=\"rollover rollover-zoom dt-pswp-item\" title=\"foto (6)\" data-dt-img-description=\"\" data-large_image_width=\"2560\" data-large_image_height=\"2048\"href='https:\/\/www.radiopiu.net\/wordpress\/wp-content\/uploads\/2024\/12\/foto-6-scaled.jpeg'><img loading=\"lazy\" decoding=\"async\" width=\"300\" height=\"240\" src=\"https:\/\/www.radiopiu.net\/wordpress\/wp-content\/uploads\/2024\/12\/foto-6-300x240.jpeg\" class=\"attachment-medium size-medium\" alt=\"\" srcset=\"https:\/\/www.radiopiu.net\/wordpress\/wp-content\/uploads\/2024\/12\/foto-6-300x240.jpeg 300w, https:\/\/www.radiopiu.net\/wordpress\/wp-content\/uploads\/2024\/12\/foto-6-1024x819.jpeg 1024w, https:\/\/www.radiopiu.net\/wordpress\/wp-content\/uploads\/2024\/12\/foto-6-768x614.jpeg 768w, https:\/\/www.radiopiu.net\/wordpress\/wp-content\/uploads\/2024\/12\/foto-6-1536x1229.jpeg 1536w, https:\/\/www.radiopiu.net\/wordpress\/wp-content\/uploads\/2024\/12\/foto-6-2048x1638.jpeg 2048w\" sizes=\"auto, (max-width: 300px) 100vw, 300px\" \/><\/a>\n\t\t\t\t<\/dt><\/dl><dl class='gallery-item'>\n\t\t\t\t<dt class='gallery-icon landscape'>\n\t\t\t\t\t<a class=\"rollover rollover-zoom dt-pswp-item\" title=\"foto (3)\" data-dt-img-description=\"\" data-large_image_width=\"2560\" data-large_image_height=\"1907\"href='https:\/\/www.radiopiu.net\/wordpress\/wp-content\/uploads\/2024\/12\/foto-3-scaled.jpeg'><img loading=\"lazy\" decoding=\"async\" width=\"300\" height=\"223\" src=\"https:\/\/www.radiopiu.net\/wordpress\/wp-content\/uploads\/2024\/12\/foto-3-300x223.jpeg\" class=\"attachment-medium size-medium\" alt=\"\" srcset=\"https:\/\/www.radiopiu.net\/wordpress\/wp-content\/uploads\/2024\/12\/foto-3-300x223.jpeg 300w, https:\/\/www.radiopiu.net\/wordpress\/wp-content\/uploads\/2024\/12\/foto-3-1024x763.jpeg 1024w, https:\/\/www.radiopiu.net\/wordpress\/wp-content\/uploads\/2024\/12\/foto-3-768x572.jpeg 768w, https:\/\/www.radiopiu.net\/wordpress\/wp-content\/uploads\/2024\/12\/foto-3-1536x1144.jpeg 1536w, https:\/\/www.radiopiu.net\/wordpress\/wp-content\/uploads\/2024\/12\/foto-3-2048x1526.jpeg 2048w\" sizes=\"auto, (max-width: 300px) 100vw, 300px\" \/><\/a>\n\t\t\t\t<\/dt><\/dl><dl class='gallery-item'>\n\t\t\t\t<dt class='gallery-icon landscape'>\n\t\t\t\t\t<a class=\"rollover rollover-zoom dt-pswp-item\" title=\"foto (1)\" data-dt-img-description=\"\" data-large_image_width=\"2560\" data-large_image_height=\"1918\"href='https:\/\/www.radiopiu.net\/wordpress\/wp-content\/uploads\/2024\/12\/foto-1-scaled.jpeg'><img loading=\"lazy\" decoding=\"async\" width=\"300\" height=\"225\" src=\"https:\/\/www.radiopiu.net\/wordpress\/wp-content\/uploads\/2024\/12\/foto-1-300x225.jpeg\" class=\"attachment-medium size-medium\" alt=\"\" srcset=\"https:\/\/www.radiopiu.net\/wordpress\/wp-content\/uploads\/2024\/12\/foto-1-300x225.jpeg 300w, https:\/\/www.radiopiu.net\/wordpress\/wp-content\/uploads\/2024\/12\/foto-1-1024x767.jpeg 1024w, https:\/\/www.radiopiu.net\/wordpress\/wp-content\/uploads\/2024\/12\/foto-1-768x575.jpeg 768w, https:\/\/www.radiopiu.net\/wordpress\/wp-content\/uploads\/2024\/12\/foto-1-1536x1151.jpeg 1536w, https:\/\/www.radiopiu.net\/wordpress\/wp-content\/uploads\/2024\/12\/foto-1-2048x1535.jpeg 2048w\" sizes=\"auto, (max-width: 300px) 100vw, 300px\" \/><\/a>\n\t\t\t\t<\/dt><\/dl><br style=\"clear: both\" \/>\n\t\t\t<\/div>\n\n<p>&nbsp;<\/p>\n<p>&nbsp;<\/p>\n<hr \/>\n<p>&nbsp;<\/p>\n<blockquote>\n<h3>IL CORDOGLIO DEL PRESIDENTE DELLA CAMERA DI COMMERCIO DI TREVISO E BELLUNO PER LA MORTE DI ANTONIO BARZAGHI<\/h3>\n<\/blockquote>\n<p><strong>TREVISO<\/strong> Il presidente della Camera di Commercio di Treviso e Belluno Mario Pozza ha espresso profondo cordoglio per la scomparsa di Antonio Barzaghi, figura di spicco della cultura trevigiana. Barzaghi, insieme alla moglie Mariarosaria Nevola, \u00e8 stato promotore del Premio Goffredo Parise e della Scuola di Giornalismo di Reportage, offrendo opportunit\u00e0 uniche ai giovani di confrontarsi con importanti giornalisti italiani. Pozza lo ha ricordato come uomo di grande spirito e cultura, la cui memoria rester\u00e0 viva nei ricordi delle lezioni, delle conferenze stampa e del teatro. Ha rivolto un pensiero affettuoso alla famiglia, esprimendo stima e gratitudine per il suo operato.<\/p>\n<p>&nbsp;<\/p>\n<p>&nbsp;<\/p>\n<hr \/>\n<p>&nbsp;<\/p>\n<blockquote>\n<h2>Export in Flessione: Treviso e Belluno in Difficolt\u00e0<\/h2>\n<\/blockquote>\n<p><strong>BELLUNO_TREVISO\u00a0<\/strong><\/p>\n<p><img loading=\"lazy\" decoding=\"async\" class=\"alignleft\" src=\"https:\/\/www.radiopiu.net\/wordpress\/wp-content\/uploads\/2021\/07\/sheet-metal-repair-1749671__340.jpg\" width=\"242\" height=\"161\" \/>Secondo i dati diffusi dall\u2019Istat, le esportazioni delle province di Treviso e Belluno hanno subito una flessione nei primi nove mesi del 2024. Treviso registra un calo del -2,0% rispetto allo stesso periodo del 2023, mentre Belluno segna un pi\u00f9 marcato -6,6%. Per Treviso, la diminuzione \u00e8 legata principalmente al sistema moda e al comparto automotive. Tuttavia, le esportazioni di macchinari, mobili, alimentari e bevande si mantengono stabili o in lieve crescita. Il mercato tedesco, uno dei principali sbocchi commerciali, ha subito una contrazione del -9,4%, corrispondente a una perdita di quasi 164 milioni di euro. Belluno, invece, risente soprattutto della flessione dell\u2019occhialeria verso gli Stati Uniti, con effetti attribuiti a riorganizzazioni della filiera. Anche l\u2019export di macchinari, tessile e metallurgia \u00e8 in calo, mentre tengono i prodotti elettronici e medicali. A livello nazionale, l\u2019export cala del -0,7%, con una flessione pi\u00f9 marcata nei mercati intra-Ue, in particolare Germania e Francia, mentre crescono le esportazioni verso l\u2019area extra-Ue. I dati evidenziano la necessit\u00e0 di diversificare i mercati per sostenere le imprese locali.<\/p>\n<p>&nbsp;<\/p>\n<p>&nbsp;<\/p>\n<hr \/>\n<p>&nbsp;<\/p>\n<blockquote>\n<h3>Processionaria sui Pini Silvestri: Una Minaccia nella Passeggiata verso il Forte di Peden<\/h3>\n<\/blockquote>\n<blockquote><p><em>Un appello che sottolinea la necessit\u00e0 di salvaguardare una delle passeggiate pi\u00f9 amate del territorio, mantenendola sicura per bambini, adulti e animali.<\/em><\/p><\/blockquote>\n<p><strong>TAIBON<\/strong><\/p>\n<p><a class=\"dt-pswp-item\" href=\"https:\/\/www.radiopiu.net\/wordpress\/wp-content\/uploads\/2024\/12\/ea02291f-7b5c-455d-86fe-1c772730ab93.jpg\" data-dt-img-description=\"\" data-large_image_width=\"1600\" data-large_image_height=\"1600\"><img loading=\"lazy\" decoding=\"async\" class=\" wp-image-426798 alignleft\" src=\"https:\/\/www.radiopiu.net\/wordpress\/wp-content\/uploads\/2024\/12\/ea02291f-7b5c-455d-86fe-1c772730ab93-300x300.jpg\" alt=\"\" width=\"187\" height=\"187\" srcset=\"https:\/\/www.radiopiu.net\/wordpress\/wp-content\/uploads\/2024\/12\/ea02291f-7b5c-455d-86fe-1c772730ab93-300x300.jpg 300w, https:\/\/www.radiopiu.net\/wordpress\/wp-content\/uploads\/2024\/12\/ea02291f-7b5c-455d-86fe-1c772730ab93-1024x1024.jpg 1024w, https:\/\/www.radiopiu.net\/wordpress\/wp-content\/uploads\/2024\/12\/ea02291f-7b5c-455d-86fe-1c772730ab93-150x150.jpg 150w, https:\/\/www.radiopiu.net\/wordpress\/wp-content\/uploads\/2024\/12\/ea02291f-7b5c-455d-86fe-1c772730ab93-768x768.jpg 768w, https:\/\/www.radiopiu.net\/wordpress\/wp-content\/uploads\/2024\/12\/ea02291f-7b5c-455d-86fe-1c772730ab93-1536x1536.jpg 1536w, https:\/\/www.radiopiu.net\/wordpress\/wp-content\/uploads\/2024\/12\/ea02291f-7b5c-455d-86fe-1c772730ab93.jpg 1600w\" sizes=\"auto, (max-width: 187px) 100vw, 187px\" \/><\/a>Un cittadino segnala una preoccupante presenza di nidi di processionaria sui pini silvestri lungo la strada che dalle Peschiere conduce al Forte di Peden, un fenomeno osservato di recente e assente fino alla primavera scorsa.<\/p>\n<p>La processionaria, una specie infestante che nidifica principalmente sulle conifere, rappresenta un grave pericolo per la salute di persone e animali. Le sue larve, quando migrano, rilasciano peli urticanti che possono provocare reazioni allergiche, irritazioni cutanee e respiratorie, e nei casi pi\u00f9 gravi, seri problemi agli occhi.<\/p>\n<p>La zona interessata \u00e8 particolarmente frequentata per passeggiate e attivit\u00e0 all\u2019aria aperta, rendendo urgente un intervento per prevenire rischi. La segnalazione invita l\u2019amministrazione comunale a intervenire prontamente per rimuovere i nidi e contenere la diffusione della colonizzazione, proteggendo cos\u00ec l\u2019area e chi la frequenta.<\/p>\n<p>&nbsp;<\/p>\n<hr \/>\n<p>&nbsp;<\/p>\n<blockquote>\n<h3 class=\"_title post-title entry-title\"><a class=\"dt-pswp-item\" href=\"https:\/\/www.radiopiu.net\/wordpress\/wp-content\/uploads\/2023\/12\/ANTENNA.png\" data-dt-img-description=\"\" data-large_image_width=\"300\" data-large_image_height=\"166\"><img loading=\"lazy\" decoding=\"async\" class=\"wp-image-366306 alignleft\" src=\"https:\/\/www.radiopiu.net\/wordpress\/wp-content\/uploads\/2023\/12\/ANTENNA.png\" alt=\"\" width=\"193\" height=\"107\" \/><\/a>CORTINA D\u2019AMPEZZO | DELLA ROCCA: \u00abVACANZE SICURE SE TUTTI CONSAPEVOLI DEI RISCHI DELLA MONTAGNA\u00bb<\/h3>\n<\/blockquote>\n<p>\u2013 Intervistati ROBERTO DELLA ROCCA (QUESTORE DI BELLUNO) (Servizio di\u00a0<a href=\"https:\/\/antennatre.medianordest.it\/redazione\/Tiziana-Bolognani\/\">Tiziana Bolognani<\/a>)<\/p>\n<p>&nbsp;<\/p>\n<p><iframe loading=\"lazy\" title=\"DELLA ROCCA: \u00abVACANZE SICURE SE TUTTI CONSAPEVOLI DEI RISCHI DELLA MONTAGNA\u00bb | 27\/12\/2024\" width=\"1200\" height=\"675\" src=\"https:\/\/www.youtube.com\/embed\/bqoMpN8wtUE?feature=oembed\" frameborder=\"0\" allow=\"accelerometer; autoplay; clipboard-write; encrypted-media; gyroscope; picture-in-picture; web-share\" referrerpolicy=\"strict-origin-when-cross-origin\" allowfullscreen><\/iframe><\/p>\n<hr \/>\n<p>&nbsp;<\/p>\n<blockquote>\n<h3>BUONGIORNO DA PASSO CAMPOLONGO<\/h3>\n<\/blockquote>\n<p><strong>REDAZIONE<\/strong> Ecco come si presentava ieri Passo Campolongo. La segnalazione di Silvia.\u00a0<em> &#8220;Arriva il camioncino della raccolta porta a porta per il ritiro della carta davanti alle casette (utili per il decoro urbano e anche per evitare l&#8217;assalto degli animali) guardano i bidoni dell&#8217;immondizia, si girano e se ne vanno sena ritirare quanto e&#8217; all&#8217;esterno dei cassonetti. Perch\u00e8? Due settimane fa il bidone era pieno bastava svuotarlo evitando ulteriori accumuli dei giorni successivi. Le foto sono il risultato di due settimane senza raccolta. Il nostro sindaco Oscar Nagler che auspica di andare in Alto Adige&#8230; figuriamoci se ci vogliono in queste condizioni&#8221;.\u00a0\u00a0<\/em><\/p>\n<p><strong>IL SINDACO, OSCAR NAGLER<\/strong><\/p>\n<audio class=\"wp-audio-shortcode\" id=\"audio-426754-10\" preload=\"none\" style=\"width: 100%;\" controls=\"controls\"><source type=\"audio\/mpeg\" src=\"https:\/\/www.radiopiu.net\/wordpress\/wp-content\/uploads\/2024\/12\/OSCAR-RIFIUTI.mp3?_=10\" \/><a href=\"https:\/\/www.radiopiu.net\/wordpress\/wp-content\/uploads\/2024\/12\/OSCAR-RIFIUTI.mp3\">https:\/\/www.radiopiu.net\/wordpress\/wp-content\/uploads\/2024\/12\/OSCAR-RIFIUTI.mp3<\/a><\/audio>\n<p>&nbsp;<\/p>\n\n\t\t\t<style type='text\/css'>\n\t\t\t\t#gallery-4 {\n\t\t\t\t\tmargin: auto;\n\t\t\t\t}\n\t\t\t\t#gallery-4 .gallery-item {\n\t\t\t\t\tfloat: left;\n\t\t\t\t\tmargin-top: 10px;\n\t\t\t\t\ttext-align: center;\n\t\t\t\t\twidth: 50%;\n\t\t\t\t}\n\t\t\t\t#gallery-4 img {\n\t\t\t\t\tborder: 2px solid #cfcfcf;\n\t\t\t\t}\n\t\t\t\t#gallery-4 .gallery-caption {\n\t\t\t\t\tmargin-left: 0;\n\t\t\t\t}\n\t\t\t\t\/* see gallery_shortcode() in wp-includes\/media.php *\/\n\t\t\t<\/style>\n\t\t<div id='gallery-4' class='dt-gallery-container gallery galleryid-426754 gallery-columns-2 gallery-size-medium'><dl class='gallery-item'>\n\t\t\t\t<dt class='gallery-icon portrait'>\n\t\t\t\t\t<a class=\"rollover rollover-zoom dt-pswp-item\" title=\"8220daed-8e20-49d8-891c-5b1169579469\" data-dt-img-description=\"\" data-large_image_width=\"1200\" data-large_image_height=\"1600\"href='https:\/\/www.radiopiu.net\/wordpress\/wp-content\/uploads\/2024\/12\/8220daed-8e20-49d8-891c-5b1169579469.jpg'><img loading=\"lazy\" decoding=\"async\" width=\"225\" height=\"300\" src=\"https:\/\/www.radiopiu.net\/wordpress\/wp-content\/uploads\/2024\/12\/8220daed-8e20-49d8-891c-5b1169579469-225x300.jpg\" class=\"attachment-medium size-medium\" alt=\"\" srcset=\"https:\/\/www.radiopiu.net\/wordpress\/wp-content\/uploads\/2024\/12\/8220daed-8e20-49d8-891c-5b1169579469-225x300.jpg 225w, https:\/\/www.radiopiu.net\/wordpress\/wp-content\/uploads\/2024\/12\/8220daed-8e20-49d8-891c-5b1169579469-768x1024.jpg 768w, https:\/\/www.radiopiu.net\/wordpress\/wp-content\/uploads\/2024\/12\/8220daed-8e20-49d8-891c-5b1169579469-1152x1536.jpg 1152w, https:\/\/www.radiopiu.net\/wordpress\/wp-content\/uploads\/2024\/12\/8220daed-8e20-49d8-891c-5b1169579469.jpg 1200w\" sizes=\"auto, (max-width: 225px) 100vw, 225px\" \/><\/a>\n\t\t\t\t<\/dt><\/dl><dl class='gallery-item'>\n\t\t\t\t<dt class='gallery-icon portrait'>\n\t\t\t\t\t<a class=\"rollover rollover-zoom dt-pswp-item\" title=\"0ad5ba6d-9deb-4bc9-ae7b-10f9e18ca9dc\" data-dt-img-description=\"\" data-large_image_width=\"1200\" data-large_image_height=\"1600\"href='https:\/\/www.radiopiu.net\/wordpress\/wp-content\/uploads\/2024\/12\/0ad5ba6d-9deb-4bc9-ae7b-10f9e18ca9dc.jpg'><img loading=\"lazy\" decoding=\"async\" width=\"225\" height=\"300\" src=\"https:\/\/www.radiopiu.net\/wordpress\/wp-content\/uploads\/2024\/12\/0ad5ba6d-9deb-4bc9-ae7b-10f9e18ca9dc-225x300.jpg\" class=\"attachment-medium size-medium\" alt=\"\" srcset=\"https:\/\/www.radiopiu.net\/wordpress\/wp-content\/uploads\/2024\/12\/0ad5ba6d-9deb-4bc9-ae7b-10f9e18ca9dc-225x300.jpg 225w, https:\/\/www.radiopiu.net\/wordpress\/wp-content\/uploads\/2024\/12\/0ad5ba6d-9deb-4bc9-ae7b-10f9e18ca9dc-768x1024.jpg 768w, https:\/\/www.radiopiu.net\/wordpress\/wp-content\/uploads\/2024\/12\/0ad5ba6d-9deb-4bc9-ae7b-10f9e18ca9dc-1152x1536.jpg 1152w, https:\/\/www.radiopiu.net\/wordpress\/wp-content\/uploads\/2024\/12\/0ad5ba6d-9deb-4bc9-ae7b-10f9e18ca9dc.jpg 1200w\" sizes=\"auto, (max-width: 225px) 100vw, 225px\" \/><\/a>\n\t\t\t\t<\/dt><\/dl><br style=\"clear: both\" \/>\n\t\t\t<\/div>\n\n<p>&nbsp;<\/p>\n<blockquote>\n<h3>LA RISPOSTA DI VALPE PER PASSO CAMPOLONGO,<\/h3>\n<\/blockquote>\n<p>&nbsp;<\/p>\n<p><strong><img loading=\"lazy\" decoding=\"async\" class=\"alignleft\" src=\"https:\/\/www.radiopiu.net\/wordpress\/wp-content\/uploads\/2018\/10\/logo-valpe-verticale.jpg\" width=\"115\" height=\"114\" \/>LA RISPOSTA DI VALPE<\/strong>: <i>In merito alla segnalazione di ieri &#8220;<\/i><i>BUONGIORNO DA PASSO CAMPOLONGO&#8221; <\/i><i>informiamo che nella giornata odierna verr\u00e0 effettuata la pulizia dell&#8217;area e ripristinata la situazione. L&#8217;utente \u00e8 gi\u00e0 stato contattato e informato. <\/i><i>Inoltre, per rispondere alle esigenze di maggior conferimento da parte di varie utenze non domestiche, legate alla stagionalit\u00e0, Valpe Ambiente rafforzer\u00e0 il servizio per garantire un&#8217;adeguata raccolta dei rifiuti.<\/i><\/p>\n<div class=\"elementToProof\"><\/div>\n<div><\/div>\n<hr \/>\n<p>&nbsp;<\/p>\n<blockquote>\n<h3>RIPRISTINATO IL MARCIAPEDE DI VIA VITTORIO VENETO A BELLUNO<\/h3>\n<\/blockquote>\n<p><strong><a class=\"dt-pswp-item\" href=\"https:\/\/www.radiopiu.net\/wordpress\/wp-content\/uploads\/2024\/12\/1000110910.png\" data-dt-img-description=\"\" data-large_image_width=\"1080\" data-large_image_height=\"1080\"><img loading=\"lazy\" decoding=\"async\" class=\" wp-image-426869 alignleft\" src=\"https:\/\/www.radiopiu.net\/wordpress\/wp-content\/uploads\/2024\/12\/1000110910-300x300.png\" alt=\"\" width=\"150\" height=\"150\" srcset=\"https:\/\/www.radiopiu.net\/wordpress\/wp-content\/uploads\/2024\/12\/1000110910-300x300.png 300w, https:\/\/www.radiopiu.net\/wordpress\/wp-content\/uploads\/2024\/12\/1000110910-1024x1024.png 1024w, https:\/\/www.radiopiu.net\/wordpress\/wp-content\/uploads\/2024\/12\/1000110910-150x150.png 150w, https:\/\/www.radiopiu.net\/wordpress\/wp-content\/uploads\/2024\/12\/1000110910-768x768.png 768w, https:\/\/www.radiopiu.net\/wordpress\/wp-content\/uploads\/2024\/12\/1000110910.png 1080w\" sizes=\"auto, (max-width: 150px) 100vw, 150px\" \/><\/a>BELLUNO<\/strong> Il marciapiede di via Vittorio Veneto a Belluno, davanti al Super W e alla stazione di servizio, \u00e8 stato finalmente ristrutturato dopo anni di segnalazioni del Comitato di Quartiere Baldenich24. Le radici degli alberi avevano danneggiato la pavimentazione, rendendo il transito pericoloso, soprattutto per i pi\u00f9 fragili, aggravato dalla presenza di un albero pericolante. Il marciapiede \u00e8 stato riasfaltato e messo in sicurezza, con la rimozione degli alberi problematici. Il Comitato ha ringraziato il consigliere Francesco Pingitore e il vice sindaco Paolo Gamba per la collaborazione. Tuttavia, sottolinea l\u2019importanza di ripiantare nuovi alberi per preservare il verde urbano. L&#8217;intervento \u00e8 un passo verso una citt\u00e0 pi\u00f9 sicura e accessibile, ma restano altre priorit\u00e0 come il riposizionamento di una fermata autobus e il miglioramento della segnaletica.<\/p>\n<p>&nbsp;<\/p>\n<p>&nbsp;<\/p>\n<hr \/>\n<p>&nbsp;<\/p>\n<blockquote>\n<h3>CONTRIBUTI AI PRIVATI PER LO SFALCIO PRATI NEL COMUNE DI BORGO VALBELLUNA, ANNO 2024<\/h3>\n<\/blockquote>\n<p><strong><a class=\"dt-pswp-item\" href=\"https:\/\/www.radiopiu.net\/wordpress\/wp-content\/uploads\/2024\/12\/WhatsApp-Image-2024-12-27-at-12.13.00.jpeg\" data-dt-img-description=\"\" data-large_image_width=\"1600\" data-large_image_height=\"900\"><img loading=\"lazy\" decoding=\"async\" class=\" wp-image-426874 alignleft\" src=\"https:\/\/www.radiopiu.net\/wordpress\/wp-content\/uploads\/2024\/12\/WhatsApp-Image-2024-12-27-at-12.13.00-300x169.jpeg\" alt=\"\" width=\"195\" height=\"110\" srcset=\"https:\/\/www.radiopiu.net\/wordpress\/wp-content\/uploads\/2024\/12\/WhatsApp-Image-2024-12-27-at-12.13.00-300x169.jpeg 300w, https:\/\/www.radiopiu.net\/wordpress\/wp-content\/uploads\/2024\/12\/WhatsApp-Image-2024-12-27-at-12.13.00-1024x576.jpeg 1024w, https:\/\/www.radiopiu.net\/wordpress\/wp-content\/uploads\/2024\/12\/WhatsApp-Image-2024-12-27-at-12.13.00-768x432.jpeg 768w, https:\/\/www.radiopiu.net\/wordpress\/wp-content\/uploads\/2024\/12\/WhatsApp-Image-2024-12-27-at-12.13.00-1536x864.jpeg 1536w, https:\/\/www.radiopiu.net\/wordpress\/wp-content\/uploads\/2024\/12\/WhatsApp-Image-2024-12-27-at-12.13.00.jpeg 1600w\" sizes=\"auto, (max-width: 195px) 100vw, 195px\" \/><\/a>BORGO VALBELLUNA<\/strong> Nel Comune di Borgo Valbelluna sono pervenute 252 domande per il bando &#8220;Sfalcio prati&#8221;, in aumento rispetto alle 190 dell\u2019anno scorso. Con un budget di 60.000\u20ac, il bando incentiva la cura di terreni privati, in particolare nelle aree marginali e in quota, per contrastare l\u2019abbandono e il degrado. I contributi, in forma di buoni elettronici, sono spendibili nei negozi locali, sostenendo l\u2019economia del territorio. Sono stati coinvolti oltre 361 ettari, il 47% sopra i 600 m slm. Il Vicesindaco Simone Deola ha sottolineato il valore simbolico e ambientale dell\u2019iniziativa, mentre l\u2019Assessore Martino Bernard ha elogiato l\u2019impatto economico e il lavoro degli uffici comunali.<\/p>\n<p>&nbsp;<\/p>\n<p>&nbsp;<\/p>\n<hr \/>\n<p>&nbsp;<\/p>\n<blockquote>\n<h2>Fondazione Welfare Dolomiti: un 2024 solidale e progetti per il futuro<\/h2>\n<\/blockquote>\n<p><strong>BELLUNO<\/strong><\/p>\n<p><a class=\"dt-pswp-item\" href=\"https:\/\/www.radiopiu.net\/wordpress\/wp-content\/uploads\/2024\/12\/Senza-nome-121.png\" data-dt-img-description=\"\" data-large_image_width=\"280\" data-large_image_height=\"257\"><img loading=\"lazy\" decoding=\"async\" class=\" wp-image-426849 alignleft\" src=\"https:\/\/www.radiopiu.net\/wordpress\/wp-content\/uploads\/2024\/12\/Senza-nome-121.png\" alt=\"\" width=\"200\" height=\"184\" \/><\/a>La Fondazione Welfare Dolomiti chiude il 2024 con numeri importanti: 530 lavoratori coinvolti come donatori, 22 famiglie sostenute per le rette dell\u2019asilo nido, 3 donne vittime di violenza accolte in emergenza. Tra le iniziative, il progetto \u201cInvesti Scuola\u201d per il trasporto studenti e il concorso \u201cCi sto bene\u201d per trattenere i giovani a Belluno.<\/p>\n<p>La presidente Francesca De Biasi evidenzia il valore del lavoro di squadra. Per il 2025, si punta a consolidare i progetti esistenti, introdurre bandi per doposcuola e microcredito, e sostenere la residenzialit\u00e0 con affitti calmierati.<\/p>\n<p><strong>AUDIO, FRANCESCA DE BIASI<\/strong><\/p>\n<audio class=\"wp-audio-shortcode\" id=\"audio-426754-11\" preload=\"none\" style=\"width: 100%;\" controls=\"controls\"><source type=\"audio\/mpeg\" src=\"https:\/\/www.radiopiu.net\/wordpress\/wp-content\/uploads\/2024\/12\/DE-BIASI-FRANBCESCA.mp3?_=11\" \/><a href=\"https:\/\/www.radiopiu.net\/wordpress\/wp-content\/uploads\/2024\/12\/DE-BIASI-FRANBCESCA.mp3\">https:\/\/www.radiopiu.net\/wordpress\/wp-content\/uploads\/2024\/12\/DE-BIASI-FRANBCESCA.mp3<\/a><\/audio>\n<p>&nbsp;<\/p>\n<hr \/>\n<p>&nbsp;<\/p>\n<blockquote>\n<h3>&#8220;NON ABBIAMO UN PIANETA B&#8221; ANCHE ALL&#8217;UNIVERSITA&#8217; DEGLI ANZIANI<\/h3>\n<\/blockquote>\n<p><strong><a class=\"dt-pswp-item\" href=\"https:\/\/www.radiopiu.net\/wordpress\/wp-content\/uploads\/2024\/12\/ambientiamoci_uni.png\" data-dt-img-description=\"\" data-large_image_width=\"1230\" data-large_image_height=\"710\"><img loading=\"lazy\" decoding=\"async\" class=\" wp-image-426871 alignleft\" src=\"https:\/\/www.radiopiu.net\/wordpress\/wp-content\/uploads\/2024\/12\/ambientiamoci_uni-300x173.png\" alt=\"\" width=\"180\" height=\"104\" srcset=\"https:\/\/www.radiopiu.net\/wordpress\/wp-content\/uploads\/2024\/12\/ambientiamoci_uni-300x173.png 300w, https:\/\/www.radiopiu.net\/wordpress\/wp-content\/uploads\/2024\/12\/ambientiamoci_uni-1024x591.png 1024w, https:\/\/www.radiopiu.net\/wordpress\/wp-content\/uploads\/2024\/12\/ambientiamoci_uni-768x443.png 768w, https:\/\/www.radiopiu.net\/wordpress\/wp-content\/uploads\/2024\/12\/ambientiamoci_uni.png 1230w\" sizes=\"auto, (max-width: 180px) 100vw, 180px\" \/><\/a>BELLUNO <\/strong>Il progetto educativo &#8220;Non abbiamo un pianeta B&#8221;, parte dell&#8217;iniziativa AmbientiAMOci del Rotary Club di Belluno, ha ampliato il suo ambito coinvolgendo sei sezioni territoriali dell&#8217;Universit\u00e0 per gli Adulti e Anziani. Gi\u00e0 attivo con successo nelle scuole, il progetto ora promuove il dialogo intergenerazionale sui temi ambientali. Gli eventi a Feltre e Alleghe hanno mostrato un forte interesse, ma anche la consapevolezza delle sfide: impegni quotidiani, difficolt\u00e0 nel cambiare abitudini e conflitti con interessi economici. Nel 2025 sono previsti incontri con altre sezioni, tra cui Comelico-Sappada e Quero. Il programma, sviluppato da facilitatori esperti, include incontri formativi e azioni complementari come la trasmissione radiofonica multilingue &#8220;Eco Sveglia&#8221; e un sito dedicato con risorse educative. Sostenuto da sponsor locali e partner tecnici, AmbientiAMOci punta a sensibilizzare comunit\u00e0 e scuole, con adesioni ancora aperte. Per informazioni: ambientiamociqui.it.<\/p>\n<p>&nbsp;<\/p>\n<p>&nbsp;<\/p>\n<hr \/>\n<p>&nbsp;<\/p>\n<blockquote>\n<h3>FINALMENTE RIAPERTO L&#8217;UFFICIO POSTALE DI VALLADA<\/h3>\n<\/blockquote>\n<p><a class=\"dt-pswp-item\" href=\"https:\/\/www.radiopiu.net\/wordpress\/wp-content\/uploads\/2024\/12\/Poste-Italiane-Vallada-Agordina-dic-2024-scaled.jpg\" data-dt-img-description=\"oppo_32\" data-large_image_width=\"1920\" data-large_image_height=\"2560\"><img loading=\"lazy\" decoding=\"async\" class=\"wp-image-426842 alignleft\" src=\"https:\/\/www.radiopiu.net\/wordpress\/wp-content\/uploads\/2024\/12\/Poste-Italiane-Vallada-Agordina-dic-2024-225x300.jpg\" alt=\"\" width=\"131\" height=\"175\" srcset=\"https:\/\/www.radiopiu.net\/wordpress\/wp-content\/uploads\/2024\/12\/Poste-Italiane-Vallada-Agordina-dic-2024-225x300.jpg 225w, https:\/\/www.radiopiu.net\/wordpress\/wp-content\/uploads\/2024\/12\/Poste-Italiane-Vallada-Agordina-dic-2024-768x1024.jpg 768w, https:\/\/www.radiopiu.net\/wordpress\/wp-content\/uploads\/2024\/12\/Poste-Italiane-Vallada-Agordina-dic-2024-1152x1536.jpg 1152w, https:\/\/www.radiopiu.net\/wordpress\/wp-content\/uploads\/2024\/12\/Poste-Italiane-Vallada-Agordina-dic-2024-1536x2048.jpg 1536w, https:\/\/www.radiopiu.net\/wordpress\/wp-content\/uploads\/2024\/12\/Poste-Italiane-Vallada-Agordina-dic-2024-scaled.jpg 1920w\" sizes=\"auto, (max-width: 131px) 100vw, 131px\" \/><\/a><strong>VALLADA\u00a0<\/strong> \u00c8 stato riaperto l\u2019Ufficio Postale di Vallada Agordina. Sono infatti terminati, nei giorni scorsi, i lavori di ristrutturazione della sede (frazione Celat 13).\u00a0 L\u2019ufficio postale ha cambiato il suo tradizionale aspetto grazie anche alla realizzazione di uno sportello ribassato. Inoltre, l\u2019intera sala che accoglie i clienti \u00e8 stata rinnovata e dotata di nuovi arredi e colori ed una corsia per non vedenti. L\u2019ufficio postale di Vallada Agordina \u00e8 a disposizione dei cittadini con il consueto orario: luned\u00ec, mercoled\u00ec e venerd\u00ec dalle 8.20 alle 13.45.<\/p>\n<p>&nbsp;<\/p>\n<p>&nbsp;<\/p>\n<p>&nbsp;<\/p>\n<hr \/>\n<p>&nbsp;<\/p>\n<blockquote>\n<h3>IL QUESTORE DI BELLUNO FA VISITA A CONFCOMMERCIO<\/h3>\n<\/blockquote>\n<p><a class=\"dt-pswp-item\" href=\"https:\/\/www.radiopiu.net\/wordpress\/wp-content\/uploads\/2024\/12\/KJoLJoLJo-scaled.jpg\" data-dt-img-description=\"oplus_34\" data-large_image_width=\"2560\" data-large_image_height=\"1479\"><img loading=\"lazy\" decoding=\"async\" class=\"wp-image-426872 alignleft\" src=\"https:\/\/www.radiopiu.net\/wordpress\/wp-content\/uploads\/2024\/12\/KJoLJoLJo-300x173.jpg\" alt=\"\" width=\"180\" height=\"104\" srcset=\"https:\/\/www.radiopiu.net\/wordpress\/wp-content\/uploads\/2024\/12\/KJoLJoLJo-300x173.jpg 300w, https:\/\/www.radiopiu.net\/wordpress\/wp-content\/uploads\/2024\/12\/KJoLJoLJo-1024x592.jpg 1024w, https:\/\/www.radiopiu.net\/wordpress\/wp-content\/uploads\/2024\/12\/KJoLJoLJo-768x444.jpg 768w, https:\/\/www.radiopiu.net\/wordpress\/wp-content\/uploads\/2024\/12\/KJoLJoLJo-1536x887.jpg 1536w, https:\/\/www.radiopiu.net\/wordpress\/wp-content\/uploads\/2024\/12\/KJoLJoLJo-2048x1183.jpg 2048w\" sizes=\"auto, (max-width: 180px) 100vw, 180px\" \/><\/a><strong>BELLUNO<\/strong> Il presidente di Confcommercio Belluno Dolomiti, Paolo Doglioni, ha accolto il nuovo Questore di Belluno, Roberto Della Rocca, sottolineando l&#8217;importanza della collaborazione tra l&#8217;associazione e le Forze dell&#8217;Ordine per la sicurezza del territorio, fondamentale anche per lo sviluppo economico. Durante l&#8217;incontro si \u00e8 discusso del ruolo cruciale delle Forze dell&#8217;Ordine nel garantire il successo delle Olimpiadi invernali imminenti. Doglioni ha augurato buon lavoro al Questore, ribadendo il supporto di Confcommercio alle Istituzioni.<\/p>\n<p>&nbsp;<\/p>\n<p>&nbsp;<\/p>\n<hr \/>\n<p>&nbsp;<\/p>\n<blockquote>\n<h3>IL VALORE DEL TEMPO SPESO BENE<\/h3>\n<\/blockquote>\n<p><strong><a class=\"dt-pswp-item\" href=\"https:\/\/www.radiopiu.net\/wordpress\/wp-content\/uploads\/2024\/12\/642ac5a8-5e9a-4613-ae37-953f4fd69206.jpg\" data-dt-img-description=\"\" data-large_image_width=\"1200\" data-large_image_height=\"1600\"><img loading=\"lazy\" decoding=\"async\" class=\" wp-image-426858 alignleft\" src=\"https:\/\/www.radiopiu.net\/wordpress\/wp-content\/uploads\/2024\/12\/642ac5a8-5e9a-4613-ae37-953f4fd69206-225x300.jpg\" alt=\"\" width=\"151\" height=\"201\" srcset=\"https:\/\/www.radiopiu.net\/wordpress\/wp-content\/uploads\/2024\/12\/642ac5a8-5e9a-4613-ae37-953f4fd69206-225x300.jpg 225w, https:\/\/www.radiopiu.net\/wordpress\/wp-content\/uploads\/2024\/12\/642ac5a8-5e9a-4613-ae37-953f4fd69206-768x1024.jpg 768w, https:\/\/www.radiopiu.net\/wordpress\/wp-content\/uploads\/2024\/12\/642ac5a8-5e9a-4613-ae37-953f4fd69206-1152x1536.jpg 1152w, https:\/\/www.radiopiu.net\/wordpress\/wp-content\/uploads\/2024\/12\/642ac5a8-5e9a-4613-ae37-953f4fd69206.jpg 1200w\" sizes=\"auto, (max-width: 151px) 100vw, 151px\" \/><\/a>DI LUISA ALCHINI<\/strong><\/p>\n<p><strong>CENCENIGHE\u00a0<\/strong>Oggi vorrei rivolgere un pensiero alle migliaia di persone in Italia che si impegnano nel volontariato, attivit\u00e0 che sempre pi\u00f9 va a sopperire alle mancanze dello stato sociale . Pensiamoci davvero e siamo grati a tutti coloro che con slancio &#8220;regalano&#8221; il proprio tempo agli altri il cui valore \u00e8 inestimabile, non c&#8217;\u00e8 alcuna valuta che lo possa quantificare se non quella della riconoscenza , un semplice grazie con il cuore ripaga i sacrifici di chi toglie quel tempo alla propria famiglia per dedicarlo ad altri. Il tempo ha un valore altissimo in questi casi , quando qualcuno magari mugugna sul fatto che nel volontariato sono previsti i rimborsi spese, significa che non ha proprio compreso l&#8217; alto senso dell&#8217; opera di chi &#8221; lavora&#8221; gratuitamente ma che almeno non dovrebbe rimetterci anche altro oltre al prezioso TEMPO.<br \/>\n(Cati legge ai bambini a Cencenighe)<\/p>\n<p>&nbsp;<\/p>\n<hr \/>\n<p>&nbsp;<\/p>\n<blockquote>\n<h3><a class=\"dt-pswp-item\" href=\"https:\/\/www.radiopiu.net\/wordpress\/wp-content\/uploads\/2024\/12\/AAAA.jpg\" data-dt-img-description=\"\" data-large_image_width=\"260\" data-large_image_height=\"219\"><img loading=\"lazy\" decoding=\"async\" class=\"size-full wp-image-425925 alignleft\" src=\"https:\/\/www.radiopiu.net\/wordpress\/wp-content\/uploads\/2024\/12\/AAAA.jpg\" alt=\"\" width=\"260\" height=\"219\" \/><\/a>Fine dell\u2019Avventura a MasterChef per Simone Bazzali<\/h3>\n<\/blockquote>\n<p><strong>REDAZIONE<\/strong><br \/>\nSimone Bazzali, il &#8220;Contadino Simo&#8221; di Sospirolo, \u00e8 stato eliminato da <em>MasterChef Italia<\/em> durante l\u2019Invention Test della terza puntata. La prova richiedeva la preparazione di un piatto con ingredienti del bosco, ma problemi nella gestione del tempo e l\u2019uso del sifone, sconsigliato dagli chef, hanno compromesso il suo piatto <em>Sfumature di bosco<\/em>. Chef Cannavacciuolo ha espresso delusione, mentre Locatelli ha elogiato il percorso genuino di Bazzali, definendolo &#8220;fiabesco&#8221;. Bazzali si \u00e8 congedato con serenit\u00e0, dicendo:<em> \u00ab\u00c8 stata gi\u00e0 una grande conquista partecipare\u00bb.<\/em><\/p>\n<p>&nbsp;<\/p>\n<p>&nbsp;<\/p>\n<p>&nbsp;<\/p>\n<hr \/>\n<p>&nbsp;<\/p>\n<h2><span style=\"color: #ff0000;\">CONSIGLI COMUNALI IN AGORDINO<\/span><\/h2>\n<p><strong>AGORDO<\/strong> Consiglio comunale lunedi 30 dicembre alle 12. Sette i punti da trattare tra cui le imposte IMU e IRPEF, l&#8217;aggiornamento del DUP, il nuovo schema di contratto con ASCA, il potenziamento di posti in asilo nido e la revisione ordinaria delle pertecipazioni<\/p>\n<p><strong>SELVA DI CADORE<\/strong> Consiglio comunale lunedi alle 18:30. Otto i punti all&#8217;ordine del giorno tra cui la revisione ordinaria delle partecipazioni, l&#8217;imposta IMU, la verifica della quantit\u00e0 e qualit\u00e0 di aree fabbricabili, il DUP, l&#8217;approvazione del bilancio 2025\/27, il programma degli incarichi di collaborazioni esterne e il nuovo schema di contratto con ASCA<\/p>\n<p><strong>TAIBON<\/strong> Sei punti all&#8217;ordine del giorno nel consiglio comunale di luned\u00ec alle 16. Tra questi si parler\u00e0 delle imposte IMU e IRPEF, la revisione ordinaria delle partecipazioni, la convenzione con il comune di Agordo per il potenziamento dell&#8217;asilo nido e le modifiche al contratto con ASCA<\/p>\n<p><strong>SAN TOMASO<\/strong> Consiglio comunale luned\u00ec alle 20:30. Un solo punto da discutere: la revisione ordinaria delle partecipazioni<\/p>\n<p>&nbsp;<\/p>\n<hr \/>\n<p>&nbsp;<\/p>\n<blockquote>\n<h3>AGORDINO: OLTRE LE MONTAGNE E L\u2019OCEANO. IL LIBRO DI LUISA MANFROI E MORENO DE ZAIACOMO<\/h3>\n<\/blockquote>\n<p><strong><a class=\"dt-pswp-item\" href=\"https:\/\/www.radiopiu.net\/wordpress\/wp-content\/uploads\/2024\/12\/Libro-Agordino-oltre-le-montagne-e-loceano.jpg\" data-dt-img-description=\"\" data-large_image_width=\"2048\" data-large_image_height=\"1457\"><img loading=\"lazy\" decoding=\"async\" class=\" wp-image-426201 alignleft\" src=\"https:\/\/www.radiopiu.net\/wordpress\/wp-content\/uploads\/2024\/12\/Libro-Agordino-oltre-le-montagne-e-loceano-300x213.jpg\" alt=\"\" width=\"219\" height=\"155\" srcset=\"https:\/\/www.radiopiu.net\/wordpress\/wp-content\/uploads\/2024\/12\/Libro-Agordino-oltre-le-montagne-e-loceano-300x213.jpg 300w, https:\/\/www.radiopiu.net\/wordpress\/wp-content\/uploads\/2024\/12\/Libro-Agordino-oltre-le-montagne-e-loceano-1024x729.jpg 1024w, https:\/\/www.radiopiu.net\/wordpress\/wp-content\/uploads\/2024\/12\/Libro-Agordino-oltre-le-montagne-e-loceano-768x546.jpg 768w, https:\/\/www.radiopiu.net\/wordpress\/wp-content\/uploads\/2024\/12\/Libro-Agordino-oltre-le-montagne-e-loceano-1536x1093.jpg 1536w, https:\/\/www.radiopiu.net\/wordpress\/wp-content\/uploads\/2024\/12\/Libro-Agordino-oltre-le-montagne-e-loceano.jpg 2048w\" sizes=\"auto, (max-width: 219px) 100vw, 219px\" \/><\/a>REDAZIONE <\/strong>\u00c8 uscito in questi giorni il libro di Luisa Manfroi e Moreno De Zaiacomo: \u201cAGORDINO: OLTRE LE MONTAGNE E L\u2019OCEANO. L\u2019emigrazione dai comuni della Valle del Biois e dell\u2019alta Valle del Cordevole verso gli Stati Uniti d\u2019America\u201d. Un viaggio tra le vite di coloro che hanno lasciato i comuni agordini della Valle del Biois e dell&#8217;alta Valle del Cordevole, in provincia di Belluno, per cercare fortuna negli Stati Uniti d&#8217;America. Attraverso la ricerca, i racconti personali, le vicende, le immagini evocative, gli elenchi dei viaggi e dei passeggeri agordini che hanno varcato l&#8217;Oceano Atlantico, viene dato un volto e una storia ad alcuni dei nomi sui registri di immigrazione di Ellis Island, nella baia di New York, svelando il complesso e dinamico movimento migratorio che ha segnato l&#8217;Agordino tra la fine dell&#8217;Ottocento e la vigilia della Seconda Guerra Mondiale.<\/p>\n<p>&nbsp;<\/p>\n<blockquote class=\"wp-embedded-content\" data-secret=\"9ZqSGqVvLj\"><p><a href=\"https:\/\/www.radiopiu.net\/wordpress\/valle-del-biois-storia-alla-radio-il-celentone-e-il-focolare-archivio-radio-piu-raccolta-1939-1970\/\">valle del biois STORIA ALLA RADIO, &#8220;IL CELENTONE&#8221; e &#8220;IL FOCOLARE&#8221; ARCHIVIO RADIO PIU raccolta 1939-1970<\/a><\/p><\/blockquote>\n<p><iframe loading=\"lazy\" class=\"wp-embedded-content\" sandbox=\"allow-scripts\" security=\"restricted\" style=\"position: absolute; visibility: hidden;\" title=\"&#8220;valle del biois STORIA ALLA RADIO, &#8220;IL CELENTONE&#8221; e &#8220;IL FOCOLARE&#8221; ARCHIVIO RADIO PIU raccolta 1939-1970&#8221; &#8212; Radio Pi\u00f9\" src=\"https:\/\/www.radiopiu.net\/wordpress\/valle-del-biois-storia-alla-radio-il-celentone-e-il-focolare-archivio-radio-piu-raccolta-1939-1970\/embed\/#?secret=pKTs3Xnrw8#?secret=9ZqSGqVvLj\" data-secret=\"9ZqSGqVvLj\" width=\"600\" height=\"338\" frameborder=\"0\" marginwidth=\"0\" marginheight=\"0\" scrolling=\"no\"><\/iframe><\/p>\n<blockquote class=\"wp-embedded-content\" data-secret=\"IDd8RavCgz\"><p><a href=\"https:\/\/www.radiopiu.net\/wordpress\/caviola-di-falcade-storia-alla-radio-1958-la-benedizione-della-nuova-chiesa\/\">caviola di falcade STORIA ALLA RADIO, 1958 LA BENEDIZIONE DELLA NUOVA CHIESA<\/a><\/p><\/blockquote>\n<p><iframe loading=\"lazy\" class=\"wp-embedded-content\" sandbox=\"allow-scripts\" security=\"restricted\" style=\"position: absolute; visibility: hidden;\" title=\"&#8220;caviola di falcade STORIA ALLA RADIO, 1958 LA BENEDIZIONE DELLA NUOVA CHIESA&#8221; &#8212; Radio Pi\u00f9\" src=\"https:\/\/www.radiopiu.net\/wordpress\/caviola-di-falcade-storia-alla-radio-1958-la-benedizione-della-nuova-chiesa\/embed\/#?secret=fmiXqIluqk#?secret=IDd8RavCgz\" data-secret=\"IDd8RavCgz\" width=\"600\" height=\"338\" frameborder=\"0\" marginwidth=\"0\" marginheight=\"0\" scrolling=\"no\"><\/iframe><\/p>\n<hr \/>\n<p>&nbsp;<\/p>\n<blockquote>\n<h1>Il Presepe Artistico di Roe di Sedico: un capolavoro da visitare<\/h1>\n<\/blockquote>\n<p><a class=\"dt-pswp-item\" href=\"https:\/\/www.radiopiu.net\/wordpress\/wp-content\/uploads\/2024\/12\/5162ed54-e3b2-4d17-82f0-cf26bd30086a.jpg\" data-dt-img-description=\"\" data-large_image_width=\"1200\" data-large_image_height=\"1600\"><img loading=\"lazy\" decoding=\"async\" class=\"size-medium wp-image-423381 alignleft\" src=\"https:\/\/www.radiopiu.net\/wordpress\/wp-content\/uploads\/2024\/12\/5162ed54-e3b2-4d17-82f0-cf26bd30086a-225x300.jpg\" alt=\"\" width=\"225\" height=\"300\" srcset=\"https:\/\/www.radiopiu.net\/wordpress\/wp-content\/uploads\/2024\/12\/5162ed54-e3b2-4d17-82f0-cf26bd30086a-225x300.jpg 225w, https:\/\/www.radiopiu.net\/wordpress\/wp-content\/uploads\/2024\/12\/5162ed54-e3b2-4d17-82f0-cf26bd30086a-768x1024.jpg 768w, https:\/\/www.radiopiu.net\/wordpress\/wp-content\/uploads\/2024\/12\/5162ed54-e3b2-4d17-82f0-cf26bd30086a-1152x1536.jpg 1152w, https:\/\/www.radiopiu.net\/wordpress\/wp-content\/uploads\/2024\/12\/5162ed54-e3b2-4d17-82f0-cf26bd30086a.jpg 1200w\" sizes=\"auto, (max-width: 225px) 100vw, 225px\" \/><\/a>Il presepe artistico di Roe di Sedico \u00e8 un\u2019opera straordinaria realizzata dai talentuosi autori Fabio Sommacal, Davide Lovisotto, Edi Tegner, Andrea Fontanive e Marco Bressan. Nato nel 1988, le prime edizioni venivano ospitate nella cappella invernale e smontate ogni anno. Dal 1991, grazie alla disponibilit\u00e0 di Don Rinaldo, il presepe ha trovato una sede permanente, permettendo la realizzazione di 32 edizioni fino all\u2019interruzione causata dalla pandemia. Dal 2022, l\u2019avventura \u00e8 ripartita con rinnovato entusiasmo. Il presepe \u00e8 visitabile fino al 31 gennaio: <strong>Domeniche e festivi:<\/strong> 10:00-12:00 e 14:00-18:30. <strong>Dal 25 dicembre al 6 gennaio:<\/strong> aperto anche nei feriali, nel pomeriggio 14:00-18:30. Un appuntamento imperdibile per immergersi nella magia del Natale e ammirare un\u2019opera che racconta tradizione e passione.<\/p>\n<p>&nbsp;<\/p>\n\n\t\t\t<style type='text\/css'>\n\t\t\t\t#gallery-5 {\n\t\t\t\t\tmargin: auto;\n\t\t\t\t}\n\t\t\t\t#gallery-5 .gallery-item {\n\t\t\t\t\tfloat: left;\n\t\t\t\t\tmargin-top: 10px;\n\t\t\t\t\ttext-align: center;\n\t\t\t\t\twidth: 12%;\n\t\t\t\t}\n\t\t\t\t#gallery-5 img {\n\t\t\t\t\tborder: 2px solid #cfcfcf;\n\t\t\t\t}\n\t\t\t\t#gallery-5 .gallery-caption {\n\t\t\t\t\tmargin-left: 0;\n\t\t\t\t}\n\t\t\t\t\/* see gallery_shortcode() in wp-includes\/media.php *\/\n\t\t\t<\/style>\n\t\t<div id='gallery-5' class='dt-gallery-container gallery galleryid-426754 gallery-columns-8 gallery-size-thumbnail'><dl class='gallery-item'>\n\t\t\t\t<dt class='gallery-icon landscape'>\n\t\t\t\t\t<a class=\"rollover rollover-zoom dt-pswp-item\" title=\"1708f0ec-4e7a-4978-b30d-3959327ffde0\" data-dt-img-description=\"\" data-large_image_width=\"1600\" data-large_image_height=\"1200\"href='https:\/\/www.radiopiu.net\/wordpress\/wp-content\/uploads\/2024\/12\/1708f0ec-4e7a-4978-b30d-3959327ffde0.jpg'><img loading=\"lazy\" decoding=\"async\" width=\"150\" height=\"150\" src=\"https:\/\/www.radiopiu.net\/wordpress\/wp-content\/uploads\/2024\/12\/1708f0ec-4e7a-4978-b30d-3959327ffde0-150x150.jpg\" class=\"attachment-thumbnail size-thumbnail\" alt=\"\" \/><\/a>\n\t\t\t\t<\/dt><\/dl><dl class='gallery-item'>\n\t\t\t\t<dt class='gallery-icon landscape'>\n\t\t\t\t\t<a class=\"rollover rollover-zoom dt-pswp-item\" title=\"31faecc0-e87e-406d-b6a8-6f5633f67e78\" data-dt-img-description=\"\" data-large_image_width=\"1600\" data-large_image_height=\"1200\"href='https:\/\/www.radiopiu.net\/wordpress\/wp-content\/uploads\/2024\/12\/31faecc0-e87e-406d-b6a8-6f5633f67e78.jpg'><img loading=\"lazy\" decoding=\"async\" width=\"150\" height=\"150\" src=\"https:\/\/www.radiopiu.net\/wordpress\/wp-content\/uploads\/2024\/12\/31faecc0-e87e-406d-b6a8-6f5633f67e78-150x150.jpg\" class=\"attachment-thumbnail size-thumbnail\" alt=\"\" \/><\/a>\n\t\t\t\t<\/dt><\/dl><dl class='gallery-item'>\n\t\t\t\t<dt class='gallery-icon landscape'>\n\t\t\t\t\t<a class=\"rollover rollover-zoom dt-pswp-item\" title=\"22cd45a8-8844-4e2d-8552-f9a2b7c9b35a\" data-dt-img-description=\"\" data-large_image_width=\"1600\" data-large_image_height=\"1200\"href='https:\/\/www.radiopiu.net\/wordpress\/wp-content\/uploads\/2024\/12\/22cd45a8-8844-4e2d-8552-f9a2b7c9b35a.jpg'><img loading=\"lazy\" decoding=\"async\" width=\"150\" height=\"150\" src=\"https:\/\/www.radiopiu.net\/wordpress\/wp-content\/uploads\/2024\/12\/22cd45a8-8844-4e2d-8552-f9a2b7c9b35a-150x150.jpg\" class=\"attachment-thumbnail size-thumbnail\" alt=\"\" \/><\/a>\n\t\t\t\t<\/dt><\/dl><dl class='gallery-item'>\n\t\t\t\t<dt class='gallery-icon landscape'>\n\t\t\t\t\t<a class=\"rollover rollover-zoom dt-pswp-item\" title=\"2f78f81d-54a0-473e-a048-6082fa5f0dfb\" data-dt-img-description=\"\" data-large_image_width=\"1600\" data-large_image_height=\"1200\"href='https:\/\/www.radiopiu.net\/wordpress\/wp-content\/uploads\/2024\/12\/2f78f81d-54a0-473e-a048-6082fa5f0dfb.jpg'><img loading=\"lazy\" decoding=\"async\" width=\"150\" height=\"150\" src=\"https:\/\/www.radiopiu.net\/wordpress\/wp-content\/uploads\/2024\/12\/2f78f81d-54a0-473e-a048-6082fa5f0dfb-150x150.jpg\" class=\"attachment-thumbnail size-thumbnail\" alt=\"\" \/><\/a>\n\t\t\t\t<\/dt><\/dl><dl class='gallery-item'>\n\t\t\t\t<dt class='gallery-icon landscape'>\n\t\t\t\t\t<a class=\"rollover rollover-zoom dt-pswp-item\" title=\"05ae5de8-f5ea-45b4-9b1f-d4e96bbb1fb8\" data-dt-img-description=\"\" data-large_image_width=\"1600\" data-large_image_height=\"1200\"href='https:\/\/www.radiopiu.net\/wordpress\/wp-content\/uploads\/2024\/12\/05ae5de8-f5ea-45b4-9b1f-d4e96bbb1fb8.jpg'><img loading=\"lazy\" decoding=\"async\" width=\"150\" height=\"150\" src=\"https:\/\/www.radiopiu.net\/wordpress\/wp-content\/uploads\/2024\/12\/05ae5de8-f5ea-45b4-9b1f-d4e96bbb1fb8-150x150.jpg\" class=\"attachment-thumbnail size-thumbnail\" alt=\"\" \/><\/a>\n\t\t\t\t<\/dt><\/dl><dl class='gallery-item'>\n\t\t\t\t<dt class='gallery-icon landscape'>\n\t\t\t\t\t<a class=\"rollover rollover-zoom dt-pswp-item\" title=\"9b5d2c47-0c82-43c2-ac45-eda00723a965\" data-dt-img-description=\"\" data-large_image_width=\"1600\" data-large_image_height=\"1200\"href='https:\/\/www.radiopiu.net\/wordpress\/wp-content\/uploads\/2024\/12\/9b5d2c47-0c82-43c2-ac45-eda00723a965.jpg'><img loading=\"lazy\" decoding=\"async\" width=\"150\" height=\"150\" src=\"https:\/\/www.radiopiu.net\/wordpress\/wp-content\/uploads\/2024\/12\/9b5d2c47-0c82-43c2-ac45-eda00723a965-150x150.jpg\" class=\"attachment-thumbnail size-thumbnail\" alt=\"\" \/><\/a>\n\t\t\t\t<\/dt><\/dl><dl class='gallery-item'>\n\t\t\t\t<dt class='gallery-icon landscape'>\n\t\t\t\t\t<a class=\"rollover rollover-zoom dt-pswp-item\" title=\"2ed1d8d3-409e-4775-94ed-91e3eda55c6e\" data-dt-img-description=\"\" data-large_image_width=\"1600\" data-large_image_height=\"1200\"href='https:\/\/www.radiopiu.net\/wordpress\/wp-content\/uploads\/2024\/12\/2ed1d8d3-409e-4775-94ed-91e3eda55c6e.jpg'><img loading=\"lazy\" decoding=\"async\" width=\"150\" height=\"150\" src=\"https:\/\/www.radiopiu.net\/wordpress\/wp-content\/uploads\/2024\/12\/2ed1d8d3-409e-4775-94ed-91e3eda55c6e-150x150.jpg\" class=\"attachment-thumbnail size-thumbnail\" alt=\"\" \/><\/a>\n\t\t\t\t<\/dt><\/dl><dl class='gallery-item'>\n\t\t\t\t<dt class='gallery-icon landscape'>\n\t\t\t\t\t<a class=\"rollover rollover-zoom dt-pswp-item\" title=\"0f25e816-4eb7-459e-b251-b05d839862fc\" data-dt-img-description=\"\" data-large_image_width=\"1600\" data-large_image_height=\"1200\"href='https:\/\/www.radiopiu.net\/wordpress\/wp-content\/uploads\/2024\/12\/0f25e816-4eb7-459e-b251-b05d839862fc.jpg'><img loading=\"lazy\" decoding=\"async\" width=\"150\" height=\"150\" src=\"https:\/\/www.radiopiu.net\/wordpress\/wp-content\/uploads\/2024\/12\/0f25e816-4eb7-459e-b251-b05d839862fc-150x150.jpg\" class=\"attachment-thumbnail size-thumbnail\" alt=\"\" \/><\/a>\n\t\t\t\t<\/dt><\/dl><br style=\"clear: both\" \/>\n\t\t\t<\/div>\n\n<p>&nbsp;<\/p>\n<p>&nbsp;<\/p>\n<hr \/>\n<p>&nbsp;<\/p>\n<blockquote>\n<h3>NATALE A SAN CIPRIANO<\/h3>\n<\/blockquote>\n<p><strong><a class=\"dt-pswp-item\" href=\"https:\/\/www.radiopiu.net\/wordpress\/wp-content\/uploads\/2024\/12\/c0fbba5d-7a67-4c59-9d7e-7b49d934614d-1.jpg\" data-dt-img-description=\"\" data-large_image_width=\"900\" data-large_image_height=\"1600\"><img loading=\"lazy\" decoding=\"async\" class=\" wp-image-426023 alignleft\" src=\"https:\/\/www.radiopiu.net\/wordpress\/wp-content\/uploads\/2024\/12\/c0fbba5d-7a67-4c59-9d7e-7b49d934614d-1-169x300.jpg\" alt=\"\" width=\"112\" height=\"199\" srcset=\"https:\/\/www.radiopiu.net\/wordpress\/wp-content\/uploads\/2024\/12\/c0fbba5d-7a67-4c59-9d7e-7b49d934614d-1-169x300.jpg 169w, https:\/\/www.radiopiu.net\/wordpress\/wp-content\/uploads\/2024\/12\/c0fbba5d-7a67-4c59-9d7e-7b49d934614d-1-576x1024.jpg 576w, https:\/\/www.radiopiu.net\/wordpress\/wp-content\/uploads\/2024\/12\/c0fbba5d-7a67-4c59-9d7e-7b49d934614d-1-768x1365.jpg 768w, https:\/\/www.radiopiu.net\/wordpress\/wp-content\/uploads\/2024\/12\/c0fbba5d-7a67-4c59-9d7e-7b49d934614d-1-864x1536.jpg 864w, https:\/\/www.radiopiu.net\/wordpress\/wp-content\/uploads\/2024\/12\/c0fbba5d-7a67-4c59-9d7e-7b49d934614d-1.jpg 900w\" sizes=\"auto, (max-width: 112px) 100vw, 112px\" \/><\/a> <\/strong><\/p>\n<p><strong>\u00a0<\/strong><\/p>\n<p><strong>TAIBON <\/strong>Il Natale si accende a San Cipriano. Oggi, dopo la Santa Messa delle 18:30, la festa continua in Piazza San Cipriano con la &#8220;Serata sotto l\u2019albero&#8221;. Organizzata dal Comitato San Cipriano e dalla Proloco di Taibon, la serata offrir\u00e0 un gustoso buffet con dolci, bevande e musica dal vivo, per celebrare insieme la magia delle festivit\u00e0. Un\u2019occasione speciale per condividere momenti di gioia e tradizione natalizia.<\/p>\n<p>&nbsp;<\/p>\n<p>&nbsp;<\/p>\n<p>&nbsp;<\/p>\n<p>&nbsp;<\/p>\n<hr \/>\n<p>&nbsp;<\/p>\n<p><strong><a class=\"dt-pswp-item\" href=\"https:\/\/www.radiopiu.net\/wordpress\/wp-content\/uploads\/2024\/11\/AMICI-MINERARI.png\" data-dt-img-description=\"\" data-large_image_width=\"209\" data-large_image_height=\"174\"><img loading=\"lazy\" decoding=\"async\" class=\" wp-image-419180 alignleft\" src=\"https:\/\/www.radiopiu.net\/wordpress\/wp-content\/uploads\/2024\/11\/AMICI-MINERARI.png\" alt=\"\" width=\"168\" height=\"140\" \/><\/a>&#8220;Con gli Amici dei Minerari: Serate d&#8217;Inverno \u2013 un viaggio tra storia, scienza e meraviglie. Incontri presso la Sala con T\u00e0-Mis. Non mancare!&#8221;<\/strong><\/p>\n<ul>\n<li><em>Venerd\u00ec 24 gennaio, ore 20:30<\/em>: &#8220;Il meraviglioso mondo dei fossili delle Dolomiti&#8221; \u2013 Relatore Danilo Giordano.<\/li>\n<li><em>Venerd\u00ec 21 febbraio, ore 20:30<\/em>: &#8220;Il traforo del Brennero: studio, progettazione e realizzazione&#8221; \u2013 Relatori Vittorio Fenti e Mario Guadagnini.<\/li>\n<\/ul>\n<p><strong>Vivi la cultura e la passione per la montagna!<\/strong><\/p>\n<p>&nbsp;<\/p>\n<p>&nbsp;<\/p>\n<p>&nbsp;<\/p>\n<hr \/>\n<p>&nbsp;<\/p>\n<blockquote>\n<h3><a class=\"dt-pswp-item\" href=\"https:\/\/www.radiopiu.net\/wordpress\/wp-content\/uploads\/2024\/12\/Sul-filo-dellAcqua-03.jpg\" data-dt-img-description=\"\" data-large_image_width=\"911\" data-large_image_height=\"1000\"><img loading=\"lazy\" decoding=\"async\" class=\" wp-image-426397 alignleft\" src=\"https:\/\/www.radiopiu.net\/wordpress\/wp-content\/uploads\/2024\/12\/Sul-filo-dellAcqua-03-273x300.jpg\" alt=\"\" width=\"116\" height=\"128\" srcset=\"https:\/\/www.radiopiu.net\/wordpress\/wp-content\/uploads\/2024\/12\/Sul-filo-dellAcqua-03-273x300.jpg 273w, https:\/\/www.radiopiu.net\/wordpress\/wp-content\/uploads\/2024\/12\/Sul-filo-dellAcqua-03-768x843.jpg 768w, https:\/\/www.radiopiu.net\/wordpress\/wp-content\/uploads\/2024\/12\/Sul-filo-dellAcqua-03.jpg 911w\" sizes=\"auto, (max-width: 116px) 100vw, 116px\" \/><\/a>SUL FILO DELL&#8217;ACQUA<\/h3>\n<\/blockquote>\n<p><strong>SAN VITO DI CADORE <\/strong>Oggi alle 21, presso la sala polifunzionale E. De Lotto di San Vito di Cadore, il gruppo teatrale I Comelianti porter\u00e0 in scena lo spettacolo intitolato <em>\u201cSul filo dell&#8217;Acqua\u201d <\/em>\u00a0realizzata in occasione del 600\u00b0 anniversario della dedizione del Cadore a Venezia in collaborazione con la Magnifica Comunit\u00e0 di Cadore. Ingresso libero. Evento patrocinato dal Comune di San Vito di Cadore.<\/p>\n<p>&nbsp;<\/p>\n<p>&nbsp;<\/p>\n<p>&nbsp;<\/p>\n<hr \/>\n<p>&nbsp;<\/p>\n<blockquote>\n<h3>&#8220;IL GLADIATORE 2&#8221; AL CINEMA DOLOMITI DI FALCADE<\/h3>\n<\/blockquote>\n<p><strong><a class=\"dt-pswp-item\" href=\"https:\/\/www.radiopiu.net\/wordpress\/wp-content\/uploads\/2024\/12\/locandinapg1.jpg\" data-dt-img-description=\"\" data-large_image_width=\"420\" data-large_image_height=\"525\"><img loading=\"lazy\" decoding=\"async\" class=\" wp-image-422584 alignleft\" src=\"https:\/\/www.radiopiu.net\/wordpress\/wp-content\/uploads\/2024\/12\/locandinapg1-240x300.jpg\" alt=\"\" width=\"190\" height=\"238\" srcset=\"https:\/\/www.radiopiu.net\/wordpress\/wp-content\/uploads\/2024\/12\/locandinapg1-240x300.jpg 240w, https:\/\/www.radiopiu.net\/wordpress\/wp-content\/uploads\/2024\/12\/locandinapg1.jpg 420w\" sizes=\"auto, (max-width: 190px) 100vw, 190px\" \/><\/a>FALCADE\u00a0<\/strong>Continua la programmazione al Cinema Dolomiti di Falcade con il film di Ridly Scott &#8220;Il Gladiatore 2&#8221;. Sedici anni dopo la morte di Marco Aurelio, Roma \u00e8 governata dai tirannici fratelli Caracalla e Geta, immersa nella corruzione. Il generale romano Marco Acacio conquista la Numidia, facendo prigioniero Annone, un uomo distrutto dalla perdita della moglie e della sua terra. Annone, trasformato in gladiatore, cattura l\u2019attenzione di Macrino, un mercante di schiavi con oscure ambizioni. Durante i combattimenti, Annone scopre di essere Lucio Vero Aurelio, figlio del leggendario Massimo Decimo Meridio e di Lucilla, figlia di Marco Aurelio. Lucilla e Acacio tramano per rovesciare gli imperatori, ma il complotto viene scoperto. Acacio finisce nell\u2019arena, dove Annone lo sconfigge senza ucciderlo. Tuttavia, il caos esplode: Caracalla uccide Geta su consiglio di Macrino, che trama per prendere il potere. Lucilla viene catturata e condannata a morte, ma prima dona a suo figlio l\u2019anello di Marco Aurelio. Nel Colosseo, Annone guida un&#8217;insurrezione di gladiatori e affronta Macrino alle porte di Roma. Nonostante le difficolt\u00e0, Annone riesce a uccidere il suo nemico. Con la morte di Macrino, Lucio si proclama erede al trono e ispira Roma a unirsi per costruire un impero pi\u00f9 giusto, realizzando il sogno di Marco Aurelio.<\/p>\n<p><span style=\"color: #ff0000;\"><strong>IN PROGRAMMAZIONE IL 26-27-28 DICEMBRE, SPETTACOLI ALLE 21<\/strong><\/span><\/p>\n<p><strong>LA PRESENTAZIONE A CURA DI PAOLA LANCIATO<\/strong><\/p>\n<audio class=\"wp-audio-shortcode\" id=\"audio-426754-12\" preload=\"none\" style=\"width: 100%;\" controls=\"controls\"><source type=\"audio\/mpeg\" src=\"https:\/\/www.radiopiu.net\/wordpress\/wp-content\/uploads\/2024\/12\/IL-GLADIATORE-II.mp3?_=12\" \/><a href=\"https:\/\/www.radiopiu.net\/wordpress\/wp-content\/uploads\/2024\/12\/IL-GLADIATORE-II.mp3\">https:\/\/www.radiopiu.net\/wordpress\/wp-content\/uploads\/2024\/12\/IL-GLADIATORE-II.mp3<\/a><\/audio>\n<p>&nbsp;<\/p>\n<hr \/>\n<p>&nbsp;<\/p>\n<h2><span style=\"color: #ff6600;\">IERI ALLA RADIO<\/span><\/h2>\n<h2><span style=\"color: #008000;\">MUSIC A B C, IL MONDO DELLA MUSICA UNA LETTERA ALLA VOLTA<\/span><\/h2>\n<p><span style=\"color: #ff0000;\"><strong><a class=\"dt-pswp-item\" href=\"https:\/\/www.radiopiu.net\/wordpress\/wp-content\/uploads\/2021\/07\/microfono-radio-ok-768x448-768x448-1.jpg\" data-dt-img-description=\"\" data-large_image_width=\"768\" data-large_image_height=\"448\"><img loading=\"lazy\" decoding=\"async\" class=\" wp-image-220632 alignleft\" src=\"https:\/\/www.radiopiu.net\/wordpress\/wp-content\/uploads\/2021\/07\/microfono-radio-ok-768x448-768x448-1-300x175.jpg\" alt=\"\" width=\"148\" height=\"86\" srcset=\"https:\/\/www.radiopiu.net\/wordpress\/wp-content\/uploads\/2021\/07\/microfono-radio-ok-768x448-768x448-1-300x175.jpg 300w, https:\/\/www.radiopiu.net\/wordpress\/wp-content\/uploads\/2021\/07\/microfono-radio-ok-768x448-768x448-1.jpg 768w\" sizes=\"auto, (max-width: 148px) 100vw, 148px\" \/><\/a>CON MARINA DONA&#8217; E DAVID &#8220;ATHOS&#8221; BEN<\/strong><\/span><\/p>\n<p><span style=\"color: #0000ff;\"><strong>PUNTATA DEL 27 DICEMBRE 2024<\/strong><\/span><\/p>\n<p><strong>PRIMA PARTE<\/strong><\/p>\n<audio class=\"wp-audio-shortcode\" id=\"audio-426754-13\" preload=\"none\" style=\"width: 100%;\" controls=\"controls\"><source type=\"audio\/mpeg\" src=\"https:\/\/www.radiopiu.net\/wordpress\/wp-content\/uploads\/2024\/12\/GOLD1-2.mp3?_=13\" \/><a href=\"https:\/\/www.radiopiu.net\/wordpress\/wp-content\/uploads\/2024\/12\/GOLD1-2.mp3\">https:\/\/www.radiopiu.net\/wordpress\/wp-content\/uploads\/2024\/12\/GOLD1-2.mp3<\/a><\/audio>\n<p>&nbsp;<\/p>\n<p><strong>SECONDA PARTE<\/strong><\/p>\n<audio class=\"wp-audio-shortcode\" id=\"audio-426754-14\" preload=\"none\" style=\"width: 100%;\" controls=\"controls\"><source type=\"audio\/mpeg\" src=\"https:\/\/www.radiopiu.net\/wordpress\/wp-content\/uploads\/2024\/12\/GOLD2-2.mp3?_=14\" \/><a href=\"https:\/\/www.radiopiu.net\/wordpress\/wp-content\/uploads\/2024\/12\/GOLD2-2.mp3\">https:\/\/www.radiopiu.net\/wordpress\/wp-content\/uploads\/2024\/12\/GOLD2-2.mp3<\/a><\/audio>\n<p>&nbsp;<\/p>\n<p><strong>TERZA PARTE<\/strong><\/p>\n<audio class=\"wp-audio-shortcode\" id=\"audio-426754-15\" preload=\"none\" style=\"width: 100%;\" controls=\"controls\"><source type=\"audio\/mpeg\" src=\"https:\/\/www.radiopiu.net\/wordpress\/wp-content\/uploads\/2024\/12\/GOLD3-2.mp3?_=15\" \/><a href=\"https:\/\/www.radiopiu.net\/wordpress\/wp-content\/uploads\/2024\/12\/GOLD3-2.mp3\">https:\/\/www.radiopiu.net\/wordpress\/wp-content\/uploads\/2024\/12\/GOLD3-2.mp3<\/a><\/audio>\n<p>&nbsp;<\/p>\n<h2>LA RACCOLTA COMPLEAT <a href=\"https:\/\/www.radiopiu.net\/wordpress\/music-a-b-c-il-mondo-della-musica-una-lettera-alla-volta-la-raccolta\/\"><span style=\"color: #3366ff;\">CLICCA QUI<\/span><\/a><\/h2>\n<p>&nbsp;<\/p>\n<p>&nbsp;<\/p>\n<hr \/>\n<p>&nbsp;<\/p>\n<h2><span style=\"color: #ff0000;\"><a class=\"dt-pswp-item\" href=\"https:\/\/www.radiopiu.net\/wordpress\/wp-content\/uploads\/2018\/09\/appuntamenti.jpeg\" data-dt-img-description=\"\" data-large_image_width=\"800\" data-large_image_height=\"100\"><img loading=\"lazy\" decoding=\"async\" class=\"wp-image-61958 size-full aligncenter\" src=\"https:\/\/www.radiopiu.net\/wordpress\/wp-content\/uploads\/2018\/09\/appuntamenti.jpeg\" alt=\"\" width=\"800\" height=\"100\" srcset=\"https:\/\/www.radiopiu.net\/wordpress\/wp-content\/uploads\/2018\/09\/appuntamenti.jpeg 800w, https:\/\/www.radiopiu.net\/wordpress\/wp-content\/uploads\/2018\/09\/appuntamenti-300x38.jpeg 300w, https:\/\/www.radiopiu.net\/wordpress\/wp-content\/uploads\/2018\/09\/appuntamenti-768x96.jpeg 768w\" sizes=\"auto, (max-width: 800px) 100vw, 800px\" \/><\/a><\/span><\/h2>\n<div dir=\"auto\"><strong>AL CINEMA DOLOMITI DI FALCADE LE GRANDI PELLICOLE DEL MOMENTO. OGGI VERRA&#8217; PROIETTATO IL FILM &#8220;IL GLADIATORE 2&#8221;. SPETTACOLI ALLE 21<\/strong><\/div>\n<div class=\"xdj266r x11i5rnm xat24cr x1mh8g0r x1vvkbs x126k92a\">\n<div dir=\"auto\"><\/div>\n<\/div>\n<div>\n<div class=\"\" dir=\"auto\">\n<div id=\":r9h:\" class=\"x1iorvi4 x1pi30zi x1l90r2v x1swvt13\" data-ad-comet-preview=\"message\" data-ad-preview=\"message\">\n<div>\n<div class=\"\" dir=\"auto\">\n<div id=\":r9h:\" class=\"x1iorvi4 x1pi30zi x1l90r2v x1swvt13\" data-ad-comet-preview=\"message\" data-ad-preview=\"message\">\n<div class=\"xdj266r x11i5rnm xat24cr x1mh8g0r x1vvkbs x126k92a\">\n<div dir=\"auto\"><\/div>\n<\/div>\n<div>\n<div class=\"\" dir=\"auto\">\n<div id=\":r9h:\" class=\"x1iorvi4 x1pi30zi x1l90r2v x1swvt13\" data-ad-comet-preview=\"message\" data-ad-preview=\"message\">\n<div>\n<div class=\"\" dir=\"auto\">\n<div id=\":r9h:\" class=\"x1iorvi4 x1pi30zi x1l90r2v x1swvt13\" data-ad-comet-preview=\"message\" data-ad-preview=\"message\">\n\n\t\t\t<style type='text\/css'>\n\t\t\t\t#gallery-6 {\n\t\t\t\t\tmargin: auto;\n\t\t\t\t}\n\t\t\t\t#gallery-6 .gallery-item {\n\t\t\t\t\tfloat: left;\n\t\t\t\t\tmargin-top: 10px;\n\t\t\t\t\ttext-align: center;\n\t\t\t\t\twidth: 20%;\n\t\t\t\t}\n\t\t\t\t#gallery-6 img {\n\t\t\t\t\tborder: 2px solid #cfcfcf;\n\t\t\t\t}\n\t\t\t\t#gallery-6 .gallery-caption {\n\t\t\t\t\tmargin-left: 0;\n\t\t\t\t}\n\t\t\t\t\/* see gallery_shortcode() in wp-includes\/media.php *\/\n\t\t\t<\/style>\n\t\t<div id='gallery-6' class='dt-gallery-container gallery galleryid-426754 gallery-columns-5 gallery-size-thumbnail'><dl class='gallery-item'>\n\t\t\t\t<dt class='gallery-icon portrait'>\n\t\t\t\t\t<a class=\"rollover rollover-zoom dt-pswp-item\" title=\"manifesto serate invernali\" data-dt-img-description=\"\" data-large_image_width=\"1683\" data-large_image_height=\"2383\"href='https:\/\/www.radiopiu.net\/wordpress\/wp-content\/uploads\/2024\/11\/manifesto-serate-invernali.jpg'><img loading=\"lazy\" decoding=\"async\" width=\"150\" height=\"150\" src=\"https:\/\/www.radiopiu.net\/wordpress\/wp-content\/uploads\/2024\/11\/manifesto-serate-invernali-150x150.jpg\" class=\"attachment-thumbnail size-thumbnail\" alt=\"\" aria-describedby=\"gallery-6-418816\" \/><\/a>\n\t\t\t\t<\/dt>\n\t\t\t\t\t<dd class='wp-caption-text gallery-caption' id='gallery-6-418816'>\n\t\t\t\t\t21 FEBBRAIO\n\t\t\t\t\t<\/dd><\/dl><dl class='gallery-item'>\n\t\t\t\t<dt class='gallery-icon portrait'>\n\t\t\t\t\t<a class=\"rollover rollover-zoom dt-pswp-item\" title=\"locandina Insieme e\u0300 piu\u0300 bello\" data-dt-img-description=\"\" data-large_image_width=\"1131\" data-large_image_height=\"1600\"href='https:\/\/www.radiopiu.net\/wordpress\/wp-content\/uploads\/2024\/11\/locandina-Insieme-e-piu-bello.jpg'><img loading=\"lazy\" decoding=\"async\" width=\"150\" height=\"150\" src=\"https:\/\/www.radiopiu.net\/wordpress\/wp-content\/uploads\/2024\/11\/locandina-Insieme-e-piu-bello-150x150.jpg\" class=\"attachment-thumbnail size-thumbnail\" alt=\"\" aria-describedby=\"gallery-6-421314\" \/><\/a>\n\t\t\t\t<\/dt>\n\t\t\t\t\t<dd class='wp-caption-text gallery-caption' id='gallery-6-421314'>\n\t\t\t\t\tINSIEME A SAN GREGORIO\n\t\t\t\t\t<\/dd><\/dl><dl class='gallery-item'>\n\t\t\t\t<dt class='gallery-icon portrait'>\n\t\t\t\t\t<a class=\"rollover rollover-zoom dt-pswp-item\" title=\"0073db61-77c4-47e3-8986-5b9d5f40fa8a\" data-dt-img-description=\"\" data-large_image_width=\"1448\" data-large_image_height=\"2048\"href='https:\/\/www.radiopiu.net\/wordpress\/wp-content\/uploads\/2024\/12\/0073db61-77c4-47e3-8986-5b9d5f40fa8a.jpg'><img loading=\"lazy\" decoding=\"async\" width=\"150\" height=\"150\" src=\"https:\/\/www.radiopiu.net\/wordpress\/wp-content\/uploads\/2024\/12\/0073db61-77c4-47e3-8986-5b9d5f40fa8a-150x150.jpg\" class=\"attachment-thumbnail size-thumbnail\" alt=\"\" aria-describedby=\"gallery-6-422994\" \/><\/a>\n\t\t\t\t<\/dt>\n\t\t\t\t\t<dd class='wp-caption-text gallery-caption' id='gallery-6-422994'>\n\t\t\t\t\tNATALE A LA VALLE\n\t\t\t\t\t<\/dd><\/dl><dl class='gallery-item'>\n\t\t\t\t<dt class='gallery-icon portrait'>\n\t\t\t\t\t<a class=\"rollover rollover-zoom dt-pswp-item\" title=\"cc14bd66-7d3b-4192-aabf-82af02057496\" data-dt-img-description=\"\" data-large_image_width=\"1448\" data-large_image_height=\"2048\"href='https:\/\/www.radiopiu.net\/wordpress\/wp-content\/uploads\/2024\/12\/cc14bd66-7d3b-4192-aabf-82af02057496.jpg'><img loading=\"lazy\" decoding=\"async\" width=\"150\" height=\"150\" src=\"https:\/\/www.radiopiu.net\/wordpress\/wp-content\/uploads\/2024\/12\/cc14bd66-7d3b-4192-aabf-82af02057496-150x150.jpg\" class=\"attachment-thumbnail size-thumbnail\" alt=\"\" aria-describedby=\"gallery-6-422993\" \/><\/a>\n\t\t\t\t<\/dt>\n\t\t\t\t\t<dd class='wp-caption-text gallery-caption' id='gallery-6-422993'>\n\t\t\t\t\tNATALE A LA VALLE\n\t\t\t\t\t<\/dd><\/dl><dl class='gallery-item'>\n\t\t\t\t<dt class='gallery-icon landscape'>\n\t\t\t\t\t<a class=\"rollover rollover-zoom dt-pswp-item\" title=\"2e0045b9-30d0-4ed0-9e34-cff896fe6450\" data-dt-img-description=\"\" data-large_image_width=\"1280\" data-large_image_height=\"1280\"href='https:\/\/www.radiopiu.net\/wordpress\/wp-content\/uploads\/2024\/12\/2e0045b9-30d0-4ed0-9e34-cff896fe6450.jpg'><img loading=\"lazy\" decoding=\"async\" width=\"150\" height=\"150\" src=\"https:\/\/www.radiopiu.net\/wordpress\/wp-content\/uploads\/2024\/12\/2e0045b9-30d0-4ed0-9e34-cff896fe6450-150x150.jpg\" class=\"attachment-thumbnail size-thumbnail\" alt=\"\" aria-describedby=\"gallery-6-424006\" srcset=\"https:\/\/www.radiopiu.net\/wordpress\/wp-content\/uploads\/2024\/12\/2e0045b9-30d0-4ed0-9e34-cff896fe6450-150x150.jpg 150w, https:\/\/www.radiopiu.net\/wordpress\/wp-content\/uploads\/2024\/12\/2e0045b9-30d0-4ed0-9e34-cff896fe6450-300x300.jpg 300w, https:\/\/www.radiopiu.net\/wordpress\/wp-content\/uploads\/2024\/12\/2e0045b9-30d0-4ed0-9e34-cff896fe6450-1024x1024.jpg 1024w, https:\/\/www.radiopiu.net\/wordpress\/wp-content\/uploads\/2024\/12\/2e0045b9-30d0-4ed0-9e34-cff896fe6450-768x768.jpg 768w, https:\/\/www.radiopiu.net\/wordpress\/wp-content\/uploads\/2024\/12\/2e0045b9-30d0-4ed0-9e34-cff896fe6450.jpg 1280w\" sizes=\"auto, (max-width: 150px) 100vw, 150px\" \/><\/a>\n\t\t\t\t<\/dt>\n\t\t\t\t\t<dd class='wp-caption-text gallery-caption' id='gallery-6-424006'>\n\t\t\t\t\tCAPODANNO IN BIRRERIA\n\t\t\t\t\t<\/dd><\/dl><br style=\"clear: both\" \/><dl class='gallery-item'>\n\t\t\t\t<dt class='gallery-icon portrait'>\n\t\t\t\t\t<a class=\"rollover rollover-zoom dt-pswp-item\" title=\"FOTO MATO\" data-dt-img-description=\"\" data-large_image_width=\"632\" data-large_image_height=\"795\"href='https:\/\/www.radiopiu.net\/wordpress\/wp-content\/uploads\/2024\/12\/FOTO-MATO.png'><img loading=\"lazy\" decoding=\"async\" width=\"150\" height=\"150\" src=\"https:\/\/www.radiopiu.net\/wordpress\/wp-content\/uploads\/2024\/12\/FOTO-MATO-150x150.png\" class=\"attachment-thumbnail size-thumbnail\" alt=\"\" \/><\/a>\n\t\t\t\t<\/dt><\/dl><dl class='gallery-item'>\n\t\t\t\t<dt class='gallery-icon portrait'>\n\t\t\t\t\t<a class=\"rollover rollover-zoom dt-pswp-item\" title=\"282d9b52-2c21-47e7-9622-b42cf4b4529c\" data-dt-img-description=\"\" data-large_image_width=\"720\" data-large_image_height=\"1280\"href='https:\/\/www.radiopiu.net\/wordpress\/wp-content\/uploads\/2024\/12\/282d9b52-2c21-47e7-9622-b42cf4b4529c.jpg'><img loading=\"lazy\" decoding=\"async\" width=\"150\" height=\"150\" src=\"https:\/\/www.radiopiu.net\/wordpress\/wp-content\/uploads\/2024\/12\/282d9b52-2c21-47e7-9622-b42cf4b4529c-150x150.jpg\" class=\"attachment-thumbnail size-thumbnail\" alt=\"\" \/><\/a>\n\t\t\t\t<\/dt><\/dl><dl class='gallery-item'>\n\t\t\t\t<dt class='gallery-icon portrait'>\n\t\t\t\t\t<a class=\"rollover rollover-zoom dt-pswp-item\" title=\"Locandina tombola per bambini 27.12.2024\" data-dt-img-description=\"\" data-large_image_width=\"595\" data-large_image_height=\"842\"href='https:\/\/www.radiopiu.net\/wordpress\/wp-content\/uploads\/2024\/12\/Locandina-tombola-per-bambini-27.12.2024.jpg'><img loading=\"lazy\" decoding=\"async\" width=\"150\" height=\"150\" src=\"https:\/\/www.radiopiu.net\/wordpress\/wp-content\/uploads\/2024\/12\/Locandina-tombola-per-bambini-27.12.2024-150x150.jpg\" class=\"attachment-thumbnail size-thumbnail\" alt=\"\" aria-describedby=\"gallery-6-425832\" \/><\/a>\n\t\t\t\t<\/dt>\n\t\t\t\t\t<dd class='wp-caption-text gallery-caption' id='gallery-6-425832'>\n\t\t\t\t\tLA TOMBOLA A CANALE\n\t\t\t\t\t<\/dd><\/dl><dl class='gallery-item'>\n\t\t\t\t<dt class='gallery-icon portrait'>\n\t\t\t\t\t<a class=\"rollover rollover-zoom dt-pswp-item\" title=\"1e189c5b-7e93-430e-965c-cb351f652e99\" data-dt-img-description=\"\" data-large_image_width=\"874\" data-large_image_height=\"1199\"href='https:\/\/www.radiopiu.net\/wordpress\/wp-content\/uploads\/2024\/12\/1e189c5b-7e93-430e-965c-cb351f652e99.jpg'><img loading=\"lazy\" decoding=\"async\" width=\"150\" height=\"150\" src=\"https:\/\/www.radiopiu.net\/wordpress\/wp-content\/uploads\/2024\/12\/1e189c5b-7e93-430e-965c-cb351f652e99-150x150.jpg\" class=\"attachment-thumbnail size-thumbnail\" alt=\"\" aria-describedby=\"gallery-6-425968\" \/><\/a>\n\t\t\t\t<\/dt>\n\t\t\t\t\t<dd class='wp-caption-text gallery-caption' id='gallery-6-425968'>\n\t\t\t\t\tALLA CASA DELLA GIOVENTU DI CAVIOLA\n\t\t\t\t\t<\/dd><\/dl><dl class='gallery-item'>\n\t\t\t\t<dt class='gallery-icon portrait'>\n\t\t\t\t\t<a class=\"rollover rollover-zoom dt-pswp-item\" title=\"c0fbba5d-7a67-4c59-9d7e-7b49d934614d\" data-dt-img-description=\"\" data-large_image_width=\"900\" data-large_image_height=\"1600\"href='https:\/\/www.radiopiu.net\/wordpress\/wp-content\/uploads\/2024\/12\/c0fbba5d-7a67-4c59-9d7e-7b49d934614d.jpg'><img loading=\"lazy\" decoding=\"async\" width=\"150\" height=\"150\" src=\"https:\/\/www.radiopiu.net\/wordpress\/wp-content\/uploads\/2024\/12\/c0fbba5d-7a67-4c59-9d7e-7b49d934614d-150x150.jpg\" class=\"attachment-thumbnail size-thumbnail\" alt=\"\" aria-describedby=\"gallery-6-426020\" \/><\/a>\n\t\t\t\t<\/dt>\n\t\t\t\t\t<dd class='wp-caption-text gallery-caption' id='gallery-6-426020'>\n\t\t\t\t\tA SAN CIPRIANO DI TAIBON\n\t\t\t\t\t<\/dd><\/dl><br style=\"clear: both\" \/><dl class='gallery-item'>\n\t\t\t\t<dt class='gallery-icon portrait'>\n\t\t\t\t\t<a class=\"rollover rollover-zoom dt-pswp-item\" title=\"470587494_10231707808712450_6536192014372239705_n\" data-dt-img-description=\"\" data-large_image_width=\"512\" data-large_image_height=\"720\"href='https:\/\/www.radiopiu.net\/wordpress\/wp-content\/uploads\/2024\/12\/470587494_10231707808712450_6536192014372239705_n.jpg'><img loading=\"lazy\" decoding=\"async\" width=\"150\" height=\"150\" src=\"https:\/\/www.radiopiu.net\/wordpress\/wp-content\/uploads\/2024\/12\/470587494_10231707808712450_6536192014372239705_n-150x150.jpg\" class=\"attachment-thumbnail size-thumbnail\" alt=\"\" \/><\/a>\n\t\t\t\t<\/dt><\/dl><dl class='gallery-item'>\n\t\t\t\t<dt class='gallery-icon portrait'>\n\t\t\t\t\t<a class=\"rollover rollover-zoom dt-pswp-item\" title=\"9b5dcf5f-116e-4a59-b5d7-914bfda9423a\" data-dt-img-description=\"\" data-large_image_width=\"1131\" data-large_image_height=\"1600\"href='https:\/\/www.radiopiu.net\/wordpress\/wp-content\/uploads\/2024\/12\/9b5dcf5f-116e-4a59-b5d7-914bfda9423a.jpg'><img loading=\"lazy\" decoding=\"async\" width=\"150\" height=\"150\" src=\"https:\/\/www.radiopiu.net\/wordpress\/wp-content\/uploads\/2024\/12\/9b5dcf5f-116e-4a59-b5d7-914bfda9423a-150x150.jpg\" class=\"attachment-thumbnail size-thumbnail\" alt=\"\" aria-describedby=\"gallery-6-426348\" \/><\/a>\n\t\t\t\t<\/dt>\n\t\t\t\t\t<dd class='wp-caption-text gallery-caption' id='gallery-6-426348'>\n\t\t\t\t\tIN PISCINA AD AGORDO\n\t\t\t\t\t<\/dd><\/dl><dl class='gallery-item'>\n\t\t\t\t<dt class='gallery-icon portrait'>\n\t\t\t\t\t<a class=\"rollover rollover-zoom dt-pswp-item\" title=\"I Comelianti_man_32x47_San Vito 281224\" data-dt-img-description=\"\" data-large_image_width=\"1702\" data-large_image_height=\"2500\"href='https:\/\/www.radiopiu.net\/wordpress\/wp-content\/uploads\/2024\/12\/I-Comelianti_man_32x47_San-Vito-281224.jpg'><img loading=\"lazy\" decoding=\"async\" width=\"150\" height=\"150\" src=\"https:\/\/www.radiopiu.net\/wordpress\/wp-content\/uploads\/2024\/12\/I-Comelianti_man_32x47_San-Vito-281224-150x150.jpg\" class=\"attachment-thumbnail size-thumbnail\" alt=\"\" aria-describedby=\"gallery-6-426398\" \/><\/a>\n\t\t\t\t<\/dt>\n\t\t\t\t\t<dd class='wp-caption-text gallery-caption' id='gallery-6-426398'>\n\t\t\t\t\tA SAN VITO DI CADORE\n\t\t\t\t\t<\/dd><\/dl><dl class='gallery-item'>\n\t\t\t\t<dt class='gallery-icon portrait'>\n\t\t\t\t\t<a class=\"rollover rollover-zoom dt-pswp-item\" title=\"Locandina 28.12.24 (1)\" data-dt-img-description=\"\" data-large_image_width=\"595\" data-large_image_height=\"842\"href='https:\/\/www.radiopiu.net\/wordpress\/wp-content\/uploads\/2024\/12\/Locandina-28.12.24-1.jpg'><img loading=\"lazy\" decoding=\"async\" width=\"150\" height=\"150\" src=\"https:\/\/www.radiopiu.net\/wordpress\/wp-content\/uploads\/2024\/12\/Locandina-28.12.24-1-150x150.jpg\" class=\"attachment-thumbnail size-thumbnail\" alt=\"\" aria-describedby=\"gallery-6-426616\" \/><\/a>\n\t\t\t\t<\/dt>\n\t\t\t\t\t<dd class='wp-caption-text gallery-caption' id='gallery-6-426616'>\n\t\t\t\t\tA CANALE D&#8217;AGORDO\n\t\t\t\t\t<\/dd><\/dl><dl class='gallery-item'>\n\t\t\t\t<dt class='gallery-icon portrait'>\n\t\t\t\t\t<a class=\"rollover rollover-zoom dt-pswp-item\" title=\"Locandina Emma Canton Roberto De Nart 11 gennaio 2025\" data-dt-img-description=\"\" data-large_image_width=\"1447\" data-large_image_height=\"2048\"href='https:\/\/www.radiopiu.net\/wordpress\/wp-content\/uploads\/2024\/12\/Locandina-Emma-Canton-Roberto-De-Nart-11-gennaio-2025.jpg'><img loading=\"lazy\" decoding=\"async\" width=\"150\" height=\"150\" src=\"https:\/\/www.radiopiu.net\/wordpress\/wp-content\/uploads\/2024\/12\/Locandina-Emma-Canton-Roberto-De-Nart-11-gennaio-2025-150x150.jpg\" class=\"attachment-thumbnail size-thumbnail\" alt=\"\" aria-describedby=\"gallery-6-426749\" \/><\/a>\n\t\t\t\t<\/dt>\n\t\t\t\t\t<dd class='wp-caption-text gallery-caption' id='gallery-6-426749'>\n\t\t\t\t\tCON ROBERTO DE NART\n\t\t\t\t\t<\/dd><\/dl><br style=\"clear: both\" \/>\n\t\t\t<\/div>\n\n<\/div>\n<\/div>\n<\/div>\n<p>&nbsp;<\/p>\n<\/div>\n<\/div>\n<\/div>\n<\/div>\n<\/div>\n<\/div>\n<\/div>\n<\/div>\n<\/div>\n<p>&nbsp;<\/p>\n<div>\n<div class=\"\" dir=\"auto\">\n<div id=\":r9h:\" class=\"x1iorvi4 x1pi30zi x1l90r2v x1swvt13\" data-ad-comet-preview=\"message\" data-ad-preview=\"message\"><\/div>\n<\/div>\n<\/div>\n<p>&nbsp;<\/p>\n<hr \/>\n<p>&nbsp;<\/p>\n<p class=\"mceTemp\"><a class=\"dt-pswp-item\" href=\"https:\/\/www.radiopiu.net\/wordpress\/wp-content\/uploads\/2018\/09\/WhatsApp-Image-2018-09-20-at-16.04.06.jpeg\" data-dt-img-description=\"\" data-large_image_width=\"800\" data-large_image_height=\"100\"><img loading=\"lazy\" decoding=\"async\" class=\"wp-image-61378 size-full aligncenter\" src=\"https:\/\/www.radiopiu.net\/wordpress\/wp-content\/uploads\/2018\/09\/WhatsApp-Image-2018-09-20-at-16.04.06.jpeg\" alt=\"\" width=\"800\" height=\"100\" srcset=\"https:\/\/www.radiopiu.net\/wordpress\/wp-content\/uploads\/2018\/09\/WhatsApp-Image-2018-09-20-at-16.04.06.jpeg 800w, https:\/\/www.radiopiu.net\/wordpress\/wp-content\/uploads\/2018\/09\/WhatsApp-Image-2018-09-20-at-16.04.06-300x38.jpeg 300w, https:\/\/www.radiopiu.net\/wordpress\/wp-content\/uploads\/2018\/09\/WhatsApp-Image-2018-09-20-at-16.04.06-768x96.jpeg 768w\" sizes=\"auto, (max-width: 800px) 100vw, 800px\" \/><\/a><\/p>\n<p><center><\/center><center><\/center><center><b>\u00a0<\/b><\/center><center><b>OGGI<\/b><\/center>Salvo residue velature al mattino, ancora una giornata ben soleggiata e stabile con aria tersa e ottima visibilit\u00e0 a tutte le quote.<br \/>\n<b>Precipitazioni: <\/b>Assenti<br \/>\n<b>Temperature: <\/b>In contenuto aumento, specie le minime in alta montagna su valori superiori alle medie del periodo, con un&#8217;inversione termica notturna nelle valli molto importante, localmente persistente anche nelle ore diurne in quelle chiuse.<\/p>\n<hr \/>\n<p><center><b>DOMANI<\/b><\/center>Ancora cielo in prevalenza sereno con tempo ben soleggiato, stabile, asciutto e con ottima visibilit\u00e0 a tutte le quote.<br \/>\n<b>Precipitazioni: <\/b>Assenti<br \/>\n<b>Temperature: <\/b>In lieve diminuzione specie in alta montagna con leggera attenuazione dell&#8217;inversione termica nelle valli e con clima ancora mite per il periodo in alta montagna e nelle valli ben interessate dal soleggiamento mentre in quelle pi\u00f9 in ombra saranno stazionarie dove persister\u00e0 l&#8217;inversione termica anche nelle ore diurne.<\/p>\n<hr \/>\n<p><center><b>LUNEDI<\/b><\/center>Cielo ancora sereno con tempo ben soleggiato e asciutto e con ottima visibilit\u00e0 a tutte le quote. Temperature stazionarie o in lieve diminuzione ma con clima ancora mite per il periodo in alta montagna e nelle ore diurne nelle valli e altipiani ben esposti al soleggiamento, dove per\u00f2 di notte far\u00e0 ancora piuttosto freddo a causa dell&#8217;inversione termica.<\/p>\n<hr \/>\n<p><center><b>MARTEDI<\/b><\/center>Ancora una giornata ben soleggiata, stabile e asciutta con ottima visibilit\u00e0 a tutte le quote. Temperature in contenuta diminuzione specie in alta montagna con persistenza dell&#8217;inversione termica nelle valli.<\/p>\n<p>&nbsp;<\/p>\n<p>&nbsp;<\/p>\n<hr \/>\n<p>&nbsp;<\/p>\n<p>&nbsp;<\/p>\n<p class=\"mceTemp\"><a class=\"dt-pswp-item\" href=\"https:\/\/www.radiopiu.net\/wordpress\/wp-content\/uploads\/2018\/09\/sport.jpg\" data-dt-img-description=\"\" data-large_image_width=\"800\" data-large_image_height=\"100\"><img loading=\"lazy\" decoding=\"async\" class=\"aligncenter wp-image-60761 size-full\" src=\"https:\/\/www.radiopiu.net\/wordpress\/wp-content\/uploads\/2018\/09\/sport.jpg\" alt=\"\" width=\"800\" height=\"100\" srcset=\"https:\/\/www.radiopiu.net\/wordpress\/wp-content\/uploads\/2018\/09\/sport.jpg 800w, https:\/\/www.radiopiu.net\/wordpress\/wp-content\/uploads\/2018\/09\/sport-300x38.jpg 300w, https:\/\/www.radiopiu.net\/wordpress\/wp-content\/uploads\/2018\/09\/sport-768x96.jpg 768w\" sizes=\"auto, (max-width: 800px) 100vw, 800px\" \/> <\/a><\/p>\n<p class=\"mceTemp\"><span style=\"color: #0000ff;\"><strong>\u00a0<\/strong><\/span><\/p>\n<p class=\"mceTemp\"><span style=\"color: #0000ff;\"><strong>HOCKEY SU GHIACCIO\u00a0<\/strong><\/span><\/p>\n<blockquote>\n<h3>L&#8217;ALLEGHE VINCE A BRESSANONE E SI AGGIUDICA IL MASTER ROUND. IL FELTRE PERDE ALL&#8217;OVERTIME CON IL DOBBIACO<\/h3>\n<\/blockquote>\n<p><strong>DI MARCO GAZ<\/strong><\/p>\n<p><span style=\"color: #ff0000;\"><strong>IHL \u2013 24\u00b0 GIORNATA<\/strong><\/span><\/p>\n<p><strong>BRESSANONE \u2013 ALLEGHE 3-6<\/strong><\/p>\n<p>PARZIALI: 0-1, 1-2, 2-3<\/p>\n<p>GOL: pt. 8\u201915\u201d Iori. st. 1\u201937\u201d De Val, 4\u201956\u201d Phelps, 18\u201926\u201d Moberg. tt. 2\u201902\u201d Stupak, 10\u201919\u201d De Val, 16\u201952\u201d Stupak, 18\u201925\u201d Iori, 18\u201940\u201d Alessio<\/p>\n<p>L\u2019Alleghe torna da Bressanone con tre punti importantissimi per il proseguo della stagione. Le civette atterrano i falchi altoatesini e conquistano matematicamente il master round per la seconda fase del campionato IHL. Bella prestazione della compagine alleghese che tiene in mano una sfida che non era scontata alla vigilia. Ora l\u2019ultima giornata di stagione regolare con gli agordini in campo domenica al De Toni dove arriver\u00e0 il Fiemme. \u00a0Primi minuti di gara con l\u2019Alleghe all\u2019attacco anche per una doppia superiorit\u00e0 numerica. Le conclusioni verso la porta altoatesina non mancano ma il disco sembra non voler entrare. Il Bressanone sembra nervoso e viene punito ancora una volta dagli arbitri. Le civette prendono la mira e sbloccano la partita con Iori che su rebound batte il golie avversario. I brissinesi per\u00f2 non stanno a guardare e provano a farsi pericolosi dalle parti di De Nardin. Nel secondo tempo le civette trovano il gol del raddoppio. A mettere la firma sulla seconda marcatura alleghese ci pensa De Val che coglie un assist d\u2019oro di Alessio per infilare il portiere altoatesino. Al primo errore in fase difensiva delle civette, il Bressanone accorcia le distanze con Phelps. Gli agordini tengono in mano la partita avvicinandosi al gol in pi\u00f9 occasioni. La terza rete alleghese arriva a pochi istanti dal termine del secondo drittel. Questa volta \u00e8 moberg che buca il portiere avversario su assist di Makela. Ad inizio terza frazione i padroni di casa accorciano le distanze con Stupak. I falchi sembrano pi\u00f9 decisi in campo e si rendono offensivi. Rialzano la testa le civette che prendono di mira la porta brissinese e calano il poker con De Val. Finale di gara al cardiopalma con il Bressanone che accorcia di nuovo le distanze. Padroni di casa che provano il tutto per tutto togliendo il portiere ma Iori trova subito il gol. A chiudere definitivamente la sfida ci pensa Alessio poco dopo.<\/p>\n\n\t\t\t<style type='text\/css'>\n\t\t\t\t#gallery-7 {\n\t\t\t\t\tmargin: auto;\n\t\t\t\t}\n\t\t\t\t#gallery-7 .gallery-item {\n\t\t\t\t\tfloat: left;\n\t\t\t\t\tmargin-top: 10px;\n\t\t\t\t\ttext-align: center;\n\t\t\t\t\twidth: 33%;\n\t\t\t\t}\n\t\t\t\t#gallery-7 img {\n\t\t\t\t\tborder: 2px solid #cfcfcf;\n\t\t\t\t}\n\t\t\t\t#gallery-7 .gallery-caption {\n\t\t\t\t\tmargin-left: 0;\n\t\t\t\t}\n\t\t\t\t\/* see gallery_shortcode() in wp-includes\/media.php *\/\n\t\t\t<\/style>\n\t\t<div id='gallery-7' class='dt-gallery-container gallery galleryid-426754 gallery-columns-3 gallery-size-thumbnail'><dl class='gallery-item'>\n\t\t\t\t<dt class='gallery-icon landscape'>\n\t\t\t\t\t<a class=\"rollover rollover-zoom dt-pswp-item\" title=\"37e93312-3956-4f6e-a32a-03141d6520e9\" data-dt-img-description=\"\" data-large_image_width=\"1313\" data-large_image_height=\"666\"href='https:\/\/www.radiopiu.net\/wordpress\/wp-content\/uploads\/2024\/12\/37e93312-3956-4f6e-a32a-03141d6520e9.jpg'><img loading=\"lazy\" decoding=\"async\" width=\"150\" height=\"150\" src=\"https:\/\/www.radiopiu.net\/wordpress\/wp-content\/uploads\/2024\/12\/37e93312-3956-4f6e-a32a-03141d6520e9-150x150.jpg\" class=\"attachment-thumbnail size-thumbnail\" alt=\"\" \/><\/a>\n\t\t\t\t<\/dt><\/dl><dl class='gallery-item'>\n\t\t\t\t<dt class='gallery-icon portrait'>\n\t\t\t\t\t<a class=\"rollover rollover-zoom dt-pswp-item\" title=\"6886fe6d-961d-41a6-9f72-9a41fe6f9505\" data-dt-img-description=\"\" data-large_image_width=\"1200\" data-large_image_height=\"1600\"href='https:\/\/www.radiopiu.net\/wordpress\/wp-content\/uploads\/2024\/12\/6886fe6d-961d-41a6-9f72-9a41fe6f9505.jpg'><img loading=\"lazy\" decoding=\"async\" width=\"150\" height=\"150\" src=\"https:\/\/www.radiopiu.net\/wordpress\/wp-content\/uploads\/2024\/12\/6886fe6d-961d-41a6-9f72-9a41fe6f9505-150x150.jpg\" class=\"attachment-thumbnail size-thumbnail\" alt=\"\" \/><\/a>\n\t\t\t\t<\/dt><\/dl><dl class='gallery-item'>\n\t\t\t\t<dt class='gallery-icon portrait'>\n\t\t\t\t\t<a class=\"rollover rollover-zoom dt-pswp-item\" title=\"c73c6636-1e8f-4b44-8f91-5a6d9ed98180\" data-dt-img-description=\"\" data-large_image_width=\"1200\" data-large_image_height=\"1600\"href='https:\/\/www.radiopiu.net\/wordpress\/wp-content\/uploads\/2024\/12\/c73c6636-1e8f-4b44-8f91-5a6d9ed98180.jpg'><img loading=\"lazy\" decoding=\"async\" width=\"150\" height=\"150\" src=\"https:\/\/www.radiopiu.net\/wordpress\/wp-content\/uploads\/2024\/12\/c73c6636-1e8f-4b44-8f91-5a6d9ed98180-150x150.jpg\" class=\"attachment-thumbnail size-thumbnail\" alt=\"\" \/><\/a>\n\t\t\t\t<\/dt><\/dl><br style=\"clear: both\" \/>\n\t\t\t<\/div>\n\n<p>&nbsp;<\/p>\n<p><strong>DOBBIACO \u2013 FELTRE 5-4 dot<\/strong><\/p>\n<p>PARZIALI: 2-1, 1-1, 1-2, 1-0<\/p>\n<p>GOL: pt. 13\u201927\u201d Da Forno, 17\u201910\u201d Tauber, 19\u201916\u201d Esposito. St. 4\u201956\u201d Korkiakoski, 18\u201901\u201d Backstrom. Tt. 3\u201936\u201d Dall\u2019Agnol, 5\u201904\u201d Foltin, 7\u201906\u201d Tauber. Ot. 1\u201922\u201d Krasnozhon<\/p>\n<p>La stagione regolare del Feltre si chiude con una sconfitta all\u2019overtime. A Dobbiaco la squadra feltrina ci mette anima e corpo per portare a casa i tre punti ma non ce la fa contro gli altoatesini. Padroni di casa che fanno botta e risposta per tutti i 60\u2019 di gioco per poi spuntarla al supplementare. Feltre che riposer\u00e0 nell\u2019ultima giornata di campionato in attesa di giocare il master round.\u00a0 Sfida combattuta a Dobbiaco con le due formazioni che fin da subito vanno alla ricerca del gol. I padroni di casa sembrano avere una marcia in pi\u00f9 ma il Feltre non sta a guardare e impegna il golie avversario in pi\u00f9 occasioni. La sfida si sblocca al 13\u2019 quando Da Forno trova il pertugio per portare in vantaggio i feltrini. Gli altoatesini si svegliano a fine primo tempo mettendo a segno due reti in rapida successione. Nel secondo drittel il Feltre riesce a pareggiare i conti con Korkiakoski. il risultato rispecchi quello che si vede in campo con le due formazioni che provano un botta e risposta alla ricerca del vantaggio. Backstrom sigla la rete del vantaggio altoatesino ma nel terzo tempo il Feltre pareggia di nuovo i conti grazie a Dall\u2019Agnol. Bastano pochi minuti e arriva un altro gol dei picchi con Foltin. Le due formazioni continuano il botta e risposta e il Dobbiaco pareggia i conti. Si va all\u2019overtime dove gli orsi polari la spuntano dopo poco pi\u00f9 di un giro di orologio<\/p>\n<p>&nbsp;<\/p>\n<p>&nbsp;<\/p>\n","protected":false},"excerpt":{"rendered":"<p>******** &nbsp; LA\u00a0 APP PER IOS-IPHONE di Nicola Vettorello https:\/\/apps.apple.com\/it\/app\/radio-pi%C3%B9-emittente-agordina\/id1515939845 LA\u00a0 APP RADIO\u00a0 PER ANDROID di Nicola Vettorello https:\/\/play.google.com\/store\/apps\/details?id=net.radiopiu.iniko\u00a0\u00a0\u00a0 &nbsp; &nbsp; &nbsp; &nbsp; &nbsp; OGGI ALLE 14.00\u00a0 ELETTROCHOC CON DJ JACK, LA MUSICA CHE BATTE 15.00 LA CLASSIFICA UFFICIALE DI MARCO GAZ\u00a0 \u00a0ALLE 12.30 CON LISCIO NON TI LASCIO DI MIRCO BENCIVENNI &nbsp; rassegna stampa&hellip;<\/p>\n","protected":false},"author":4,"featured_media":426827,"comment_status":"closed","ping_status":"closed","sticky":false,"template":"","format":"standard","meta":{"_monsterinsights_skip_tracking":false,"_monsterinsights_sitenote_active":false,"_monsterinsights_sitenote_note":"","_monsterinsights_sitenote_category":0,"footnotes":""},"categories":[51,86,49],"tags":[],"class_list":["post-426754","post","type-post","status-publish","format-standard","has-post-thumbnail","hentry","category-evidenza-top","category-gr","category-news-18","category-51","category-86","category-49","description-off"],"img_url":"https:\/\/www.radiopiu.net\/wordpress\/wp-content\/uploads\/2024\/12\/860795cc-c3b8-476b-9884-da38e285fb15.jpg","_links":{"self":[{"href":"https:\/\/www.radiopiu.net\/wordpress\/wp-json\/wp\/v2\/posts\/426754","targetHints":{"allow":["GET"]}}],"collection":[{"href":"https:\/\/www.radiopiu.net\/wordpress\/wp-json\/wp\/v2\/posts"}],"about":[{"href":"https:\/\/www.radiopiu.net\/wordpress\/wp-json\/wp\/v2\/types\/post"}],"author":[{"embeddable":true,"href":"https:\/\/www.radiopiu.net\/wordpress\/wp-json\/wp\/v2\/users\/4"}],"replies":[{"embeddable":true,"href":"https:\/\/www.radiopiu.net\/wordpress\/wp-json\/wp\/v2\/comments?post=426754"}],"version-history":[{"count":23,"href":"https:\/\/www.radiopiu.net\/wordpress\/wp-json\/wp\/v2\/posts\/426754\/revisions"}],"predecessor-version":[{"id":426936,"href":"https:\/\/www.radiopiu.net\/wordpress\/wp-json\/wp\/v2\/posts\/426754\/revisions\/426936"}],"wp:featuredmedia":[{"embeddable":true,"href":"https:\/\/www.radiopiu.net\/wordpress\/wp-json\/wp\/v2\/media\/426827"}],"wp:attachment":[{"href":"https:\/\/www.radiopiu.net\/wordpress\/wp-json\/wp\/v2\/media?parent=426754"}],"wp:term":[{"taxonomy":"category","embeddable":true,"href":"https:\/\/www.radiopiu.net\/wordpress\/wp-json\/wp\/v2\/categories?post=426754"},{"taxonomy":"post_tag","embeddable":true,"href":"https:\/\/www.radiopiu.net\/wordpress\/wp-json\/wp\/v2\/tags?post=426754"}],"curies":[{"name":"wp","href":"https:\/\/api.w.org\/{rel}","templated":true}]}}