{"id":426793,"date":"2024-12-27T14:17:50","date_gmt":"2024-12-27T13:17:50","guid":{"rendered":"https:\/\/www.radiopiu.net\/wordpress\/?p=426793"},"modified":"2024-12-28T05:12:43","modified_gmt":"2024-12-28T04:12:43","slug":"la-risposta-di-valpe-per-passo-campolongo","status":"publish","type":"post","link":"https:\/\/www.radiopiu.net\/wordpress\/la-risposta-di-valpe-per-passo-campolongo\/","title":{"rendered":"LA RISPOSTA DI VALPE PER PASSO CAMPOLONGO,"},"content":{"rendered":"<p>***<\/p>\n<p><strong><img loading=\"lazy\" decoding=\"async\" class=\"alignleft\" src=\"https:\/\/www.radiopiu.net\/wordpress\/wp-content\/uploads\/2018\/10\/logo-valpe-verticale.jpg\" width=\"115\" height=\"114\" \/>LA RISPOSTA DI VALPE<\/strong>: <i>In merito alla segnalazione &#8220;<\/i><i>BUONGIORNO DA PASSO CAMPOLONGO&#8221; <\/i><i>informiamo che nella giornata di domani verr\u00e0 effettuata la pulizia dell&#8217;area e ripristinata la situazione. L&#8217;utente \u00e8 gi\u00e0 stato contattato e informato.\u00a0<\/i><i>Inoltre, per rispondere alle esigenze di maggior conferimento da parte di varie utenze non domestiche, legate alla stagionalit\u00e0, Valpe Ambiente rafforzer\u00e0 il servizio per garantire un&#8217;adeguata raccolta dei rifiuti.<\/i><\/p>\n<div class=\"elementToProof\"><\/div>\n<hr \/>\n<blockquote>\n<h3><\/h3>\n<h3>BUONGIORNO DA PASSO CAMPOLONGO<\/h3>\n<\/blockquote>\n<p><strong>REDAZIONE<\/strong> Ecco come si presenta oggi Passo Campolongo. La segnalazione di Silvia.\u00a0<em> &#8220;Arriva il camioncino della raccolta porta a porta per il ritiro della carta davanti alle casette (utili per il decoro urbano e anche per evitare l&#8217;assalto degli animali) guardano i bidoni dell&#8217;immondizia, si girano e se ne vanno sena ritirare quanto e&#8217; all&#8217;esterno dei cassonetti. Perch\u00e8? Due settimane fa il bidone era pieno bastava svuotarlo evitando ulteriori accumuli dei giorni successivi. Le foto sono il risultato di due settimane senza raccolta. Il nostro sindaco Oscar Nagler che auspica di andare in Alto Adige&#8230; figuriamoci se ci vogliono in queste condizioni&#8221;.\u00a0\u00a0<\/em><\/p>\n<p><strong>IL SINDACO, OSCAR NAGLER<\/strong><\/p>\n<audio class=\"wp-audio-shortcode\" id=\"audio-426793-1\" preload=\"none\" style=\"width: 100%;\" controls=\"controls\"><source type=\"audio\/mpeg\" src=\"https:\/\/www.radiopiu.net\/wordpress\/wp-content\/uploads\/2024\/12\/OSCAR-RIFIUTI.mp3?_=1\" \/><a href=\"https:\/\/www.radiopiu.net\/wordpress\/wp-content\/uploads\/2024\/12\/OSCAR-RIFIUTI.mp3\">https:\/\/www.radiopiu.net\/wordpress\/wp-content\/uploads\/2024\/12\/OSCAR-RIFIUTI.mp3<\/a><\/audio>\n<p>&nbsp;<\/p>\n\n\t\t\t<style type='text\/css'>\n\t\t\t\t#gallery-1 {\n\t\t\t\t\tmargin: auto;\n\t\t\t\t}\n\t\t\t\t#gallery-1 .gallery-item {\n\t\t\t\t\tfloat: left;\n\t\t\t\t\tmargin-top: 10px;\n\t\t\t\t\ttext-align: center;\n\t\t\t\t\twidth: 50%;\n\t\t\t\t}\n\t\t\t\t#gallery-1 img {\n\t\t\t\t\tborder: 2px solid #cfcfcf;\n\t\t\t\t}\n\t\t\t\t#gallery-1 .gallery-caption {\n\t\t\t\t\tmargin-left: 0;\n\t\t\t\t}\n\t\t\t\t\/* see gallery_shortcode() in wp-includes\/media.php *\/\n\t\t\t<\/style>\n\t\t<div id='gallery-1' class='dt-gallery-container gallery galleryid-426793 gallery-columns-2 gallery-size-medium'><dl class='gallery-item'>\n\t\t\t\t<dt class='gallery-icon portrait'>\n\t\t\t\t\t<a class=\"rollover rollover-zoom dt-pswp-item\" title=\"8220daed-8e20-49d8-891c-5b1169579469\" data-dt-img-description=\"\" data-large_image_width=\"1200\" data-large_image_height=\"1600\"href='https:\/\/www.radiopiu.net\/wordpress\/wp-content\/uploads\/2024\/12\/8220daed-8e20-49d8-891c-5b1169579469.jpg'><img loading=\"lazy\" decoding=\"async\" width=\"225\" height=\"300\" src=\"https:\/\/www.radiopiu.net\/wordpress\/wp-content\/uploads\/2024\/12\/8220daed-8e20-49d8-891c-5b1169579469-225x300.jpg\" class=\"attachment-medium size-medium\" alt=\"\" srcset=\"https:\/\/www.radiopiu.net\/wordpress\/wp-content\/uploads\/2024\/12\/8220daed-8e20-49d8-891c-5b1169579469-225x300.jpg 225w, https:\/\/www.radiopiu.net\/wordpress\/wp-content\/uploads\/2024\/12\/8220daed-8e20-49d8-891c-5b1169579469-768x1024.jpg 768w, https:\/\/www.radiopiu.net\/wordpress\/wp-content\/uploads\/2024\/12\/8220daed-8e20-49d8-891c-5b1169579469-1152x1536.jpg 1152w, https:\/\/www.radiopiu.net\/wordpress\/wp-content\/uploads\/2024\/12\/8220daed-8e20-49d8-891c-5b1169579469.jpg 1200w\" sizes=\"auto, (max-width: 225px) 100vw, 225px\" \/><\/a>\n\t\t\t\t<\/dt><\/dl><dl class='gallery-item'>\n\t\t\t\t<dt class='gallery-icon portrait'>\n\t\t\t\t\t<a class=\"rollover rollover-zoom dt-pswp-item\" title=\"0ad5ba6d-9deb-4bc9-ae7b-10f9e18ca9dc\" data-dt-img-description=\"\" data-large_image_width=\"1200\" data-large_image_height=\"1600\"href='https:\/\/www.radiopiu.net\/wordpress\/wp-content\/uploads\/2024\/12\/0ad5ba6d-9deb-4bc9-ae7b-10f9e18ca9dc.jpg'><img loading=\"lazy\" decoding=\"async\" width=\"225\" height=\"300\" src=\"https:\/\/www.radiopiu.net\/wordpress\/wp-content\/uploads\/2024\/12\/0ad5ba6d-9deb-4bc9-ae7b-10f9e18ca9dc-225x300.jpg\" class=\"attachment-medium size-medium\" alt=\"\" srcset=\"https:\/\/www.radiopiu.net\/wordpress\/wp-content\/uploads\/2024\/12\/0ad5ba6d-9deb-4bc9-ae7b-10f9e18ca9dc-225x300.jpg 225w, https:\/\/www.radiopiu.net\/wordpress\/wp-content\/uploads\/2024\/12\/0ad5ba6d-9deb-4bc9-ae7b-10f9e18ca9dc-768x1024.jpg 768w, https:\/\/www.radiopiu.net\/wordpress\/wp-content\/uploads\/2024\/12\/0ad5ba6d-9deb-4bc9-ae7b-10f9e18ca9dc-1152x1536.jpg 1152w, https:\/\/www.radiopiu.net\/wordpress\/wp-content\/uploads\/2024\/12\/0ad5ba6d-9deb-4bc9-ae7b-10f9e18ca9dc.jpg 1200w\" sizes=\"auto, (max-width: 225px) 100vw, 225px\" \/><\/a>\n\t\t\t\t<\/dt><\/dl><br style=\"clear: both\" \/>\n\t\t\t<\/div>\n\n<p>&nbsp;<\/p>\n","protected":false},"excerpt":{"rendered":"<p>*** LA RISPOSTA DI VALPE: In merito alla segnalazione &#8220;BUONGIORNO DA PASSO CAMPOLONGO&#8221; informiamo che nella giornata di domani verr\u00e0 effettuata la pulizia dell&#8217;area e ripristinata la situazione. L&#8217;utente \u00e8 gi\u00e0 stato contattato e informato.\u00a0Inoltre, per rispondere alle esigenze di maggior conferimento da parte di varie utenze non domestiche, legate alla stagionalit\u00e0, Valpe Ambiente rafforzer\u00e0&hellip;<\/p>\n","protected":false},"author":4,"featured_media":65542,"comment_status":"closed","ping_status":"closed","sticky":false,"template":"","format":"standard","meta":{"_monsterinsights_skip_tracking":false,"_monsterinsights_sitenote_active":false,"_monsterinsights_sitenote_note":"","_monsterinsights_sitenote_category":0,"footnotes":""},"categories":[51,49],"tags":[],"class_list":["post-426793","post","type-post","status-publish","format-standard","has-post-thumbnail","hentry","category-evidenza-top","category-news-18","category-51","category-49","description-off"],"img_url":"https:\/\/www.radiopiu.net\/wordpress\/wp-content\/uploads\/2018\/10\/logo-valpe-verticale.jpg","_links":{"self":[{"href":"https:\/\/www.radiopiu.net\/wordpress\/wp-json\/wp\/v2\/posts\/426793","targetHints":{"allow":["GET"]}}],"collection":[{"href":"https:\/\/www.radiopiu.net\/wordpress\/wp-json\/wp\/v2\/posts"}],"about":[{"href":"https:\/\/www.radiopiu.net\/wordpress\/wp-json\/wp\/v2\/types\/post"}],"author":[{"embeddable":true,"href":"https:\/\/www.radiopiu.net\/wordpress\/wp-json\/wp\/v2\/users\/4"}],"replies":[{"embeddable":true,"href":"https:\/\/www.radiopiu.net\/wordpress\/wp-json\/wp\/v2\/comments?post=426793"}],"version-history":[{"count":3,"href":"https:\/\/www.radiopiu.net\/wordpress\/wp-json\/wp\/v2\/posts\/426793\/revisions"}],"predecessor-version":[{"id":426838,"href":"https:\/\/www.radiopiu.net\/wordpress\/wp-json\/wp\/v2\/posts\/426793\/revisions\/426838"}],"wp:featuredmedia":[{"embeddable":true,"href":"https:\/\/www.radiopiu.net\/wordpress\/wp-json\/wp\/v2\/media\/65542"}],"wp:attachment":[{"href":"https:\/\/www.radiopiu.net\/wordpress\/wp-json\/wp\/v2\/media?parent=426793"}],"wp:term":[{"taxonomy":"category","embeddable":true,"href":"https:\/\/www.radiopiu.net\/wordpress\/wp-json\/wp\/v2\/categories?post=426793"},{"taxonomy":"post_tag","embeddable":true,"href":"https:\/\/www.radiopiu.net\/wordpress\/wp-json\/wp\/v2\/tags?post=426793"}],"curies":[{"name":"wp","href":"https:\/\/api.w.org\/{rel}","templated":true}]}}