{"id":426840,"date":"2024-12-27T05:22:18","date_gmt":"2024-12-27T04:22:18","guid":{"rendered":"https:\/\/www.radiopiu.net\/wordpress\/?p=426840"},"modified":"2024-12-27T14:58:30","modified_gmt":"2024-12-27T13:58:30","slug":"finalmente-riaperto-lufficio-postale-di-vallada","status":"publish","type":"post","link":"https:\/\/www.radiopiu.net\/wordpress\/finalmente-riaperto-lufficio-postale-di-vallada\/","title":{"rendered":"FINALMENTE RIAPERTO L&#8217;UFFICIO POSTALE DI VALLADA"},"content":{"rendered":"<p>**<\/p>\n<p><a class=\"dt-pswp-item\" href=\"https:\/\/www.radiopiu.net\/wordpress\/wp-content\/uploads\/2024\/12\/Poste-Italiane-Vallada-Agordina-dic-2024-scaled.jpg\" data-dt-img-description=\"oppo_32\" data-large_image_width=\"1920\" data-large_image_height=\"2560\"><img loading=\"lazy\" decoding=\"async\" class=\"wp-image-426842 alignleft\" src=\"https:\/\/www.radiopiu.net\/wordpress\/wp-content\/uploads\/2024\/12\/Poste-Italiane-Vallada-Agordina-dic-2024-225x300.jpg\" alt=\"\" width=\"131\" height=\"175\" srcset=\"https:\/\/www.radiopiu.net\/wordpress\/wp-content\/uploads\/2024\/12\/Poste-Italiane-Vallada-Agordina-dic-2024-225x300.jpg 225w, https:\/\/www.radiopiu.net\/wordpress\/wp-content\/uploads\/2024\/12\/Poste-Italiane-Vallada-Agordina-dic-2024-768x1024.jpg 768w, https:\/\/www.radiopiu.net\/wordpress\/wp-content\/uploads\/2024\/12\/Poste-Italiane-Vallada-Agordina-dic-2024-1152x1536.jpg 1152w, https:\/\/www.radiopiu.net\/wordpress\/wp-content\/uploads\/2024\/12\/Poste-Italiane-Vallada-Agordina-dic-2024-1536x2048.jpg 1536w, https:\/\/www.radiopiu.net\/wordpress\/wp-content\/uploads\/2024\/12\/Poste-Italiane-Vallada-Agordina-dic-2024-scaled.jpg 1920w\" sizes=\"auto, (max-width: 131px) 100vw, 131px\" \/><\/a><strong>VALLADA\u00a0<\/strong> \u00c8 stato riaperto l\u2019Ufficio Postale di Vallada Agordina. Sono infatti terminati, nei giorni scorsi, i lavori di ristrutturazione della sede (frazione Celat 13).\u00a0 L\u2019ufficio postale ha cambiato il suo tradizionale aspetto grazie anche alla realizzazione di uno sportello ribassato. Inoltre, l\u2019intera sala che accoglie i clienti \u00e8 stata rinnovata e dotata di nuovi arredi e colori ed una corsia per non vedenti. L\u2019ufficio postale di Vallada Agordina \u00e8 a disposizione dei cittadini con il consueto orario: luned\u00ec, mercoled\u00ec e venerd\u00ec dalle 8.20 alle 13.45.<\/p>\n<p>&nbsp;<\/p>\n<p>&nbsp;<\/p>\n<p>&nbsp;<\/p>\n<hr \/>\n<div class=\"mceTemp\">oppo_32<\/div>\n","protected":false},"excerpt":{"rendered":"<p>** VALLADA\u00a0 \u00c8 stato riaperto l\u2019Ufficio Postale di Vallada Agordina. Sono infatti terminati, nei giorni scorsi, i lavori di ristrutturazione della sede (frazione Celat 13).\u00a0 L\u2019ufficio postale ha cambiato il suo tradizionale aspetto grazie anche alla realizzazione di uno sportello ribassato. Inoltre, l\u2019intera sala che accoglie i clienti \u00e8 stata rinnovata e dotata di nuovi&hellip;<\/p>\n","protected":false},"author":4,"featured_media":426842,"comment_status":"closed","ping_status":"closed","sticky":false,"template":"","format":"standard","meta":{"_monsterinsights_skip_tracking":false,"_monsterinsights_sitenote_active":false,"_monsterinsights_sitenote_note":"","_monsterinsights_sitenote_category":0,"footnotes":""},"categories":[49],"tags":[],"class_list":["post-426840","post","type-post","status-publish","format-standard","has-post-thumbnail","hentry","category-news-18","category-49","description-off"],"img_url":"https:\/\/www.radiopiu.net\/wordpress\/wp-content\/uploads\/2024\/12\/Poste-Italiane-Vallada-Agordina-dic-2024-scaled.jpg","_links":{"self":[{"href":"https:\/\/www.radiopiu.net\/wordpress\/wp-json\/wp\/v2\/posts\/426840","targetHints":{"allow":["GET"]}}],"collection":[{"href":"https:\/\/www.radiopiu.net\/wordpress\/wp-json\/wp\/v2\/posts"}],"about":[{"href":"https:\/\/www.radiopiu.net\/wordpress\/wp-json\/wp\/v2\/types\/post"}],"author":[{"embeddable":true,"href":"https:\/\/www.radiopiu.net\/wordpress\/wp-json\/wp\/v2\/users\/4"}],"replies":[{"embeddable":true,"href":"https:\/\/www.radiopiu.net\/wordpress\/wp-json\/wp\/v2\/comments?post=426840"}],"version-history":[{"count":2,"href":"https:\/\/www.radiopiu.net\/wordpress\/wp-json\/wp\/v2\/posts\/426840\/revisions"}],"predecessor-version":[{"id":426852,"href":"https:\/\/www.radiopiu.net\/wordpress\/wp-json\/wp\/v2\/posts\/426840\/revisions\/426852"}],"wp:featuredmedia":[{"embeddable":true,"href":"https:\/\/www.radiopiu.net\/wordpress\/wp-json\/wp\/v2\/media\/426842"}],"wp:attachment":[{"href":"https:\/\/www.radiopiu.net\/wordpress\/wp-json\/wp\/v2\/media?parent=426840"}],"wp:term":[{"taxonomy":"category","embeddable":true,"href":"https:\/\/www.radiopiu.net\/wordpress\/wp-json\/wp\/v2\/categories?post=426840"},{"taxonomy":"post_tag","embeddable":true,"href":"https:\/\/www.radiopiu.net\/wordpress\/wp-json\/wp\/v2\/tags?post=426840"}],"curies":[{"name":"wp","href":"https:\/\/api.w.org\/{rel}","templated":true}]}}