{"id":426937,"date":"2024-12-30T05:30:49","date_gmt":"2024-12-30T04:30:49","guid":{"rendered":"https:\/\/www.radiopiu.net\/wordpress\/?p=426937"},"modified":"2024-12-30T08:04:45","modified_gmt":"2024-12-30T07:04:45","slug":"giornale-radiopiu-30-dicembre-2024-direttore-mirko-mezzacasada-41-anni-25-giugno-1983-25-giugno-2024","status":"publish","type":"post","link":"https:\/\/www.radiopiu.net\/wordpress\/giornale-radiopiu-30-dicembre-2024-direttore-mirko-mezzacasada-41-anni-25-giugno-1983-25-giugno-2024\/","title":{"rendered":"GIORNALE RADIOPIU 30 DICEMBRE 2024 DIRETTORE MIRKO MEZZACASA\u2026DA 41 ANNI 25 GIUGNO 1983-25 GIUGNO 2024"},"content":{"rendered":"<p>********<\/p>\n<p>&nbsp;<\/p>\n<p><em><span style=\"color: #ff0000;\"><a class=\"dt-pswp-item\" href=\"https:\/\/www.radiopiu.net\/wordpress\/wp-content\/uploads\/2024\/10\/Senza-nome-8.png\" data-dt-img-description=\"\" data-large_image_width=\"343\" data-large_image_height=\"303\"><img loading=\"lazy\" decoding=\"async\" class=\"wp-image-412130 alignleft\" src=\"https:\/\/www.radiopiu.net\/wordpress\/wp-content\/uploads\/2024\/10\/Senza-nome-8-300x265.png\" alt=\"\" width=\"105\" height=\"93\" srcset=\"https:\/\/www.radiopiu.net\/wordpress\/wp-content\/uploads\/2024\/10\/Senza-nome-8-300x265.png 300w, https:\/\/www.radiopiu.net\/wordpress\/wp-content\/uploads\/2024\/10\/Senza-nome-8.png 343w\" sizes=\"auto, (max-width: 105px) 100vw, 105px\" \/><\/a><\/span><\/em><strong><em><span style=\"color: #ff0000;\"> LA\u00a0 APP PER IOS-IPHONE di Nicola Vettorello<\/span><\/em><\/strong><\/p>\n<p><strong><span style=\"color: #0000ff;\"><a style=\"color: #0000ff;\" href=\"https:\/\/apps.apple.com\/it\/app\/radio-pi%C3%B9-emittente-agordina\/id1515939845\">https:\/\/apps.apple.com\/it\/app\/radio-pi%C3%B9-emittente-agordina\/id1515939845<\/a><\/span><\/strong><\/p>\n<p><strong><em style=\"color: #ff0000;\">LA\u00a0 APP RADIO\u00a0 PER ANDROID di Nicola Vettorello<\/em><\/strong><\/p>\n<p><strong><span style=\"color: #0000ff;\"><a style=\"color: #0000ff;\" href=\"https:\/\/play.google.com\/store\/apps\/details?id=net.radiopiu.iniko\" target=\"_blank\" rel=\"noopener noreferrer\">https:\/\/<\/a><a style=\"color: #0000ff;\" href=\"https:\/\/play.google.com\/store\/apps\/details?id=net.radiopiu.iniko\" target=\"_blank\" rel=\"noopener noreferrer\">play.google.com\/store\/apps\/details?id=net.radiopiu.iniko\u00a0\u00a0\u00a0<\/a><\/span><\/strong><\/p>\n<p>&nbsp;<\/p>\n<div dir=\"auto\"><a class=\"dt-pswp-item\" href=\"https:\/\/www.radiopiu.net\/wordpress\/wp-content\/uploads\/2024\/12\/471596507_10236396431037698_3094808571034660316_n.jpg\" data-dt-img-description=\"\" data-large_image_width=\"235\" data-large_image_height=\"180\"><img loading=\"lazy\" decoding=\"async\" class=\"size-full wp-image-427179 alignleft\" src=\"https:\/\/www.radiopiu.net\/wordpress\/wp-content\/uploads\/2024\/12\/471596507_10236396431037698_3094808571034660316_n.jpg\" alt=\"\" width=\"235\" height=\"180\" \/><\/a>41 anni fa, in questi giorni, Floriano Pra, (sindaco di Alleghe dal 1970) ci ospitava nel suo ufficio in Comunit\u00e0 Montana concedendoci una prima lunga intervista. Era il Presidente dell&#8217;allora Comunit\u00e0 Montana Agordina a marchio Democrazia Cristiana, la grande Balena in effetti era ben spiaggiata nell&#8217;Agordino, da Colle Santa Lucia a Gosaldo, ma non in piazza ad Agordo saldamente nella mani del Socialista e Senatore Armando Da Roit, &#8220;Tama&#8221;. Allora, nel dicembre 1983 RADIOPIU realizz\u00f2 la prima intervista al Presidente. Io non ancora ventenne e Lui politico gi\u00e0 navigato&#8230;Non fu facile, ma sicuramente fantastico, Floriano Pra al microfono di RADIOPIU era per noi gi\u00e0 un importante traguardo.<\/div>\n<div dir=\"auto\">Dal 1983 ad oggi, ogni anno, l&#8217;ultimo dell&#8217;anno, il 31 dicembre alle 12.30 la RADIO dedica un&#8217;ora di tempo al Presidente dell&#8217;Unione Montana. Sar\u00e0 cos\u00ec anche quest&#8217;anno, martedi un&#8217;ora con il Presidente Paolo Frena. Rapporti con la regione, viabilit\u00e0, ciclabile, Luxottica, spopolamento, programmi &#8230; e molto altro<\/div>\n<div dir=\"auto\">mirko mezzacasa<\/div>\n<div dir=\"auto\"><\/div>\n<p>&nbsp;<\/p>\n<hr \/>\n<p>&nbsp;<\/p>\n<p>&nbsp;<\/p>\n<p><strong><a class=\"dt-pswp-item\" href=\"https:\/\/www.radiopiu.net\/wordpress\/wp-content\/uploads\/2024\/12\/471615537_1017488390393913_6207398480417722726_n.jpg\" data-dt-img-description=\"\" data-large_image_width=\"508\" data-large_image_height=\"720\"><img loading=\"lazy\" decoding=\"async\" class=\"size-medium wp-image-427177 alignleft\" src=\"https:\/\/www.radiopiu.net\/wordpress\/wp-content\/uploads\/2024\/12\/471615537_1017488390393913_6207398480417722726_n-212x300.jpg\" alt=\"\" width=\"212\" height=\"300\" srcset=\"https:\/\/www.radiopiu.net\/wordpress\/wp-content\/uploads\/2024\/12\/471615537_1017488390393913_6207398480417722726_n-212x300.jpg 212w, https:\/\/www.radiopiu.net\/wordpress\/wp-content\/uploads\/2024\/12\/471615537_1017488390393913_6207398480417722726_n.jpg 508w\" sizes=\"auto, (max-width: 212px) 100vw, 212px\" \/><\/a>OGGI ALLE 10.30 <\/strong>\u00a0IL RIASSUNTO DI UN VIAGGIO, DI UN&#8217;AVVENTURA DALL&#8217;INDIA A SEREN DEL GRAPPA, LO SPECIALE ALLA RADIO CON MARCO GAZ\u00c8 iniziato il 10 gennaio il viaggio in bicicletta di Aire e Lili che assieme al loro cane hanno percorso\u00a0 un lungo tragitto che \u00e8 partito in India e terminato a Rasai.<br \/>\n<strong>alle 15.10<\/strong> ALESSIA DALL&#8217;O CONDUCE RITRATTI SONORI, PUNTATA &#8220;ZERO&#8221; CON FABRIZIO PESCOSTA, L&#8217;AGRICHEF DELLA PICCOLA BAITA.<\/p>\n<h1><span style=\"color: #000000;\">OGGI DALLE 12.00 DIETTA SOCIAL sito-facebook-telegram &#8211;\u00a0RCONSIGLIO COMUNALE AD AGRODO<\/span><\/h1>\n<h1><span style=\"color: #ff0000;\">DOMANI DALLE 22.30 DIRETTA RADIO&#8230; IL CAPODANNO A FALCADE<\/span><\/h1>\n<p><strong>rassegna stampa nazionale,<\/strong> ogni giorno alle 5 e alle 6 del mattino.<br \/>\ngiornali locali 7 rassegna stampa flash, 8 rassegna stampa, gr flash alle 10 e alle 11, principale 12.30. Informazione pomeriggio ogni ora fino alle 20, in coda ai notiziari nazionali. Giornale radio nazionale: ogni ora dalle 4 del mattino, alle 20 della sera. Alle 19 le anticipazioni dal TG di Antenna 3 di Tiziana Bolognani.<\/p>\n<p>&nbsp;<\/p>\n<p>&nbsp;<\/p>\n<hr \/>\n<p>&nbsp;<\/p>\n<p>&nbsp;<\/p>\n<div class=\"x11i5rnm xat24cr x1mh8g0r x1vvkbs xtlvy1s x126k92a\">\n<div dir=\"auto\">\n<div dir=\"auto\">\n<p><strong><a class=\"dt-pswp-item\" href=\"https:\/\/www.radiopiu.net\/wordpress\/wp-content\/uploads\/2024\/02\/2d44e751-d8a8-461b-8e22-d8e4e853b032.jpg\" data-dt-img-description=\"\" data-large_image_width=\"1600\" data-large_image_height=\"1200\"><img loading=\"lazy\" decoding=\"async\" class=\"wp-image-373307 alignleft\" src=\"https:\/\/www.radiopiu.net\/wordpress\/wp-content\/uploads\/2024\/02\/2d44e751-d8a8-461b-8e22-d8e4e853b032-300x225.jpg\" alt=\"\" width=\"105\" height=\"79\" srcset=\"https:\/\/www.radiopiu.net\/wordpress\/wp-content\/uploads\/2024\/02\/2d44e751-d8a8-461b-8e22-d8e4e853b032-300x225.jpg 300w, https:\/\/www.radiopiu.net\/wordpress\/wp-content\/uploads\/2024\/02\/2d44e751-d8a8-461b-8e22-d8e4e853b032-1024x768.jpg 1024w, https:\/\/www.radiopiu.net\/wordpress\/wp-content\/uploads\/2024\/02\/2d44e751-d8a8-461b-8e22-d8e4e853b032-768x576.jpg 768w, https:\/\/www.radiopiu.net\/wordpress\/wp-content\/uploads\/2024\/02\/2d44e751-d8a8-461b-8e22-d8e4e853b032-1536x1152.jpg 1536w, https:\/\/www.radiopiu.net\/wordpress\/wp-content\/uploads\/2024\/02\/2d44e751-d8a8-461b-8e22-d8e4e853b032.jpg 1600w\" sizes=\"auto, (max-width: 105px) 100vw, 105px\" \/><\/a>EL BAL DEL FIOR, DI GIULIANA DA RONCH, 30 DICEMBRE<\/strong><strong>\u00a02024<\/strong><\/p>\n<\/div>\n<\/div>\n<\/div>\n<div class=\"x11i5rnm xat24cr x1mh8g0r x1vvkbs xtlvy1s x126k92a\">\n<p>&nbsp;<\/p>\n<audio class=\"wp-audio-shortcode\" id=\"audio-426937-1\" preload=\"none\" style=\"width: 100%;\" controls=\"controls\"><source type=\"audio\/mpeg\" src=\"https:\/\/www.radiopiu.net\/wordpress\/wp-content\/uploads\/2024\/12\/GLU-4.mp3?_=1\" \/><a href=\"https:\/\/www.radiopiu.net\/wordpress\/wp-content\/uploads\/2024\/12\/GLU-4.mp3\">https:\/\/www.radiopiu.net\/wordpress\/wp-content\/uploads\/2024\/12\/GLU-4.mp3<\/a><\/audio>\n<p>&nbsp;<\/p>\n<p>&nbsp;<\/p>\n<hr \/>\n<p>&nbsp;<\/p>\n<p>&nbsp;<\/p>\n<blockquote>\n<h1><strong><a class=\"dt-pswp-item\" href=\"https:\/\/www.radiopiu.net\/wordpress\/wp-content\/uploads\/2024\/10\/629301fd-708d-4f53-95c2-d28cbefd500f.jpg\" data-dt-img-description=\"\" data-large_image_width=\"1600\" data-large_image_height=\"1322\"><img loading=\"lazy\" decoding=\"async\" class=\"wp-image-413782 alignright\" src=\"https:\/\/www.radiopiu.net\/wordpress\/wp-content\/uploads\/2024\/10\/629301fd-708d-4f53-95c2-d28cbefd500f-300x248.jpg\" alt=\"\" width=\"106\" height=\"88\" srcset=\"https:\/\/www.radiopiu.net\/wordpress\/wp-content\/uploads\/2024\/10\/629301fd-708d-4f53-95c2-d28cbefd500f-300x248.jpg 300w, https:\/\/www.radiopiu.net\/wordpress\/wp-content\/uploads\/2024\/10\/629301fd-708d-4f53-95c2-d28cbefd500f-1024x846.jpg 1024w, https:\/\/www.radiopiu.net\/wordpress\/wp-content\/uploads\/2024\/10\/629301fd-708d-4f53-95c2-d28cbefd500f-768x635.jpg 768w, https:\/\/www.radiopiu.net\/wordpress\/wp-content\/uploads\/2024\/10\/629301fd-708d-4f53-95c2-d28cbefd500f-1536x1269.jpg 1536w, https:\/\/www.radiopiu.net\/wordpress\/wp-content\/uploads\/2024\/10\/629301fd-708d-4f53-95c2-d28cbefd500f.jpg 1600w\" sizes=\"auto, (max-width: 106px) 100vw, 106px\" \/><\/a><\/strong><\/h1>\n<h1><strong><a class=\"dt-pswp-item\" href=\"https:\/\/www.radiopiu.net\/wordpress\/wp-content\/uploads\/2024\/11\/th-18.jpg\" data-dt-img-description=\"\" data-large_image_width=\"156\" data-large_image_height=\"180\"><img loading=\"lazy\" decoding=\"async\" class=\"size-full wp-image-421611 alignleft\" src=\"https:\/\/www.radiopiu.net\/wordpress\/wp-content\/uploads\/2024\/11\/th-18.jpg\" alt=\"\" width=\"156\" height=\"180\" \/><\/a><\/strong><\/h1>\n<h1><strong>N di parom &#8211; L Almanach de la nosta jent<\/strong><\/h1>\n<\/blockquote>\n<p>&nbsp;<\/p>\n<p>Le voci: Davide Conedera, Agordo, Michela Dell&#8217;Osbel, La Valle Agordina Simone Ganz, Falcade Veronica Lezuo, Colle Santa Lucia. La voce nella sigla \u00e8 di Giorgia Taio<\/p>\n<p>&nbsp;<\/p>\n<p><strong>LA PUNTATA DI OGGI, 30 DICEMBRE<\/strong><\/p>\n<audio class=\"wp-audio-shortcode\" id=\"audio-426937-2\" preload=\"none\" style=\"width: 100%;\" controls=\"controls\"><source type=\"audio\/mpeg\" src=\"https:\/\/www.radiopiu.net\/wordpress\/wp-content\/uploads\/2024\/12\/AL1-4.mp3?_=2\" \/><a href=\"https:\/\/www.radiopiu.net\/wordpress\/wp-content\/uploads\/2024\/12\/AL1-4.mp3\">https:\/\/www.radiopiu.net\/wordpress\/wp-content\/uploads\/2024\/12\/AL1-4.mp3<\/a><\/audio>\n<\/div>\n<div class=\"x11i5rnm xat24cr x1mh8g0r x1vvkbs xtlvy1s x126k92a\">\n<div dir=\"auto\">\n<p>&nbsp;<\/p>\n<p>&nbsp;<\/p>\n<p>&nbsp;<\/p>\n<hr \/>\n<\/div>\n<\/div>\n<blockquote>\n<blockquote>\n<h1><span style=\"color: #ff0000;\">\u00a0<\/span><\/h1>\n<h1><span style=\"color: #ff0000;\">I podcast informativi del mattino &#8211; audio &#8211;\u00a0\u00a0<\/span><\/h1>\n<\/blockquote>\n<p><strong><a class=\"dt-pswp-item\" href=\"https:\/\/www.radiopiu.net\/wordpress\/wp-content\/uploads\/2024\/11\/6.jpg\" data-dt-img-description=\"\" data-large_image_width=\"177\" data-large_image_height=\"180\"><img loading=\"lazy\" decoding=\"async\" class=\"size-full wp-image-417911 alignleft\" src=\"https:\/\/www.radiopiu.net\/wordpress\/wp-content\/uploads\/2024\/11\/6.jpg\" alt=\"\" width=\"177\" height=\"180\" \/><\/a>LA RASSEGNA STAMPA NAZIONALE ALLA RADIO, OGNI GIORNO ALLE 5 E ALLE 6 DEL MATTINO <span style=\"color: #0000ff;\">viene pubblicata alle 6.00 <span style=\"color: #ff0000;\">DIRETTA RADIO\u00a0 \u00a0\u00a0<\/span><\/span><\/strong><\/p><\/blockquote>\n<p>&nbsp;<\/p>\n<p><strong>NOTIZIE DELLA NOTTE<\/strong><\/p>\n<p><strong>Usa,<\/strong> Biden dichiara 9 gennaio giorno lutto nazionale per Carter <strong>Corea del Sud,<\/strong> mandato d&#8217;arresto per il presidente sospeso Yoon &#8216;<strong>Stesso problema al carrello&#8217;,<\/strong> volo della Jeju Air torna a terra<br \/>\n<strong>Calcio<\/strong>, Fonseca: il Milan mi ha esonerato <strong>Borsa:<\/strong> Tokyo, apertura in leggero ribasso (-0,19%)<br \/>\n<strong>E&#8217; morto<\/strong> l&#8217;ex presidente Usa Jimmy Carter <strong>Incassi Usa<\/strong>, \u00e8 sfida tra Sonic 3 e Mufasa <strong>Per fumo<\/strong> chiuse 2 stazioni metro Roma, intossicato 16enne<\/p>\n<h2>AUDIO dalle 6 del mattino<\/h2>\n<audio class=\"wp-audio-shortcode\" id=\"audio-426937-3\" preload=\"none\" style=\"width: 100%;\" controls=\"controls\"><source type=\"audio\/mpeg\" src=\"https:\/\/www.radiopiu.net\/wordpress\/wp-content\/uploads\/2024\/12\/GIORNALEDELLESEI-24.mp3?_=3\" \/><a href=\"https:\/\/www.radiopiu.net\/wordpress\/wp-content\/uploads\/2024\/12\/GIORNALEDELLESEI-24.mp3\">https:\/\/www.radiopiu.net\/wordpress\/wp-content\/uploads\/2024\/12\/GIORNALEDELLESEI-24.mp3<\/a><\/audio>\n<p>&nbsp;<\/p>\n<p>&nbsp;<\/p>\n<p>&nbsp;<\/p>\n<hr \/>\n<p>&nbsp;<\/p>\n<h1 style=\"text-align: center;\"><span style=\"color: #ff0000;\"><a class=\"dt-pswp-item\" href=\"https:\/\/www.radiopiu.net\/wordpress\/wp-content\/uploads\/2024\/11\/7.jpg\" data-dt-img-description=\"\" data-large_image_width=\"180\" data-large_image_height=\"180\"><img loading=\"lazy\" decoding=\"async\" class=\"size-full wp-image-417912 alignleft\" src=\"https:\/\/www.radiopiu.net\/wordpress\/wp-content\/uploads\/2024\/11\/7.jpg\" alt=\"\" width=\"180\" height=\"180\" srcset=\"https:\/\/www.radiopiu.net\/wordpress\/wp-content\/uploads\/2024\/11\/7.jpg 180w, https:\/\/www.radiopiu.net\/wordpress\/wp-content\/uploads\/2024\/11\/7-150x150.jpg 150w\" sizes=\"auto, (max-width: 180px) 100vw, 180px\" \/><\/a>I podcast informativi del mattino &#8211; audio &#8211;\u00a0<\/span><\/h1>\n<p><strong>OGNI GIORNO ALLE SETTE DEL MATTINO, LA RASSEGNA STAMPA LOCALE FLASH&#8230; PER CHI VA IN FRETTA. I TITOLI DAI GIORNALI E DAL SITO WWW.RADIOPIU.NET <span style=\"color: #0000ff;\">viene pubblicato alle 7.00<\/span> <span style=\"color: #ff0000;\">DIRETTA RADIO\u00a0<\/span><\/strong><\/p>\n<p><em><span style=\"color: #ff0000;\">per chi va in fretta&#8230; tante notizie in pochi minuti. L&#8217;informazione locale alla radio, ogni ora dalle 7 del mattino alle 19 della sera.<\/span><\/em><\/p>\n<h1><\/h1>\n<h1>AUDIO dalle 7 del mattino<\/h1>\n<audio class=\"wp-audio-shortcode\" id=\"audio-426937-4\" preload=\"none\" style=\"width: 100%;\" controls=\"controls\"><source type=\"audio\/mpeg\" src=\"https:\/\/www.radiopiu.net\/wordpress\/wp-content\/uploads\/2024\/12\/GF07-22.mp3?_=4\" \/><a href=\"https:\/\/www.radiopiu.net\/wordpress\/wp-content\/uploads\/2024\/12\/GF07-22.mp3\">https:\/\/www.radiopiu.net\/wordpress\/wp-content\/uploads\/2024\/12\/GF07-22.mp3<\/a><\/audio>\n<p>&nbsp;<\/p>\n<hr \/>\n<p>&nbsp;<\/p>\n<h1><\/h1>\n<h1 style=\"text-align: center;\"><span style=\"color: #ff0000;\"><a class=\"dt-pswp-item\" href=\"https:\/\/www.radiopiu.net\/wordpress\/wp-content\/uploads\/2024\/11\/th.jpg\" data-dt-img-description=\"\" data-large_image_width=\"148\" data-large_image_height=\"179\"><img loading=\"lazy\" decoding=\"async\" class=\"size-full wp-image-417913 alignleft\" src=\"https:\/\/www.radiopiu.net\/wordpress\/wp-content\/uploads\/2024\/11\/th.jpg\" alt=\"\" width=\"148\" height=\"179\" \/><\/a>I podcast informativi del mattino &#8211; audio &#8211;\u00a0<\/span><\/h1>\n<blockquote><p><strong>GIORNALE RADIO NAZIONALE, EDIZIONE DELLE SETTE <span style=\"color: #0000ff;\">viene pubblicato alle 7.05 <span style=\"color: #ff0000;\">DIRETTA RADIO\u00a0<\/span><\/span><\/strong><\/p><\/blockquote>\n<p><strong>il giornale radionazionale e&#8217; in onda ogni ora, dalle sette del mattino alle venti della sera\u00a0 \u00a0<\/strong><strong>\u00a0<\/strong><\/p>\n<p>&nbsp;<\/p>\n<p><strong>Gli alpinisti morti<\/strong> &#8216;Dovevano fermarli&#8217;, esposto del fratello di Luca Perazzini &#8216;La Procura di Teramo indaghi sulle due vittime del Gran Sasso&#8217; <strong>A Campi Bisenzio<\/strong> Lite in strada, diciassettenne muore accoltellato<\/p>\n<p><strong>Uomini violenti<\/strong> Picchia la fidanzata nel Reggiano, arrestato dai carabinieri.<strong> Donna aggredita<\/strong> con l&#8217;acido dall&#8217;ex nel suo negozio Arrestato sessantenne a Verbania, aveva gi\u00e0 minacciato la donna <strong>&#8216;Colpita 25 volte&#8217;,<\/strong> il racconto di Martina Voce al padre La 21enne fiorentina pu\u00f2 parlare e cammina grazie a un supporto <strong>Poliziotti salvano un giovane tedesco<\/strong> aggrappato ad una roccia Difficile intervento di recupero in Val Senales <strong>Napoli Spari durante furto in appartamento<\/strong>, passante ferito a un piede Padrone di casa spara, malvivente risponde:Cc trovano 16 bossoli <strong>Tassista e cliente rapinati,<\/strong> il colpo nel filmato della videocamera A Milano la notte scorsa in via Ceva, immagini virali<strong> Famiglia intossicata<\/strong> da monossido di carbonio, a Salerno in 5 in ospedale L&#8217;incidente probabilmente causato da malfunzionamento impianto<\/p>\n<p><span style=\"color: #ff0000;\"><span style=\"color: #0000ff;\">CRONACA<\/span> EDIZIONE DELLA SERA , DEL 29 DICEMBRE 2024 EDIZIONE DI IERI, 20.00<\/span><\/p>\n<audio class=\"wp-audio-shortcode\" id=\"audio-426937-5\" preload=\"none\" style=\"width: 100%;\" controls=\"controls\"><source type=\"audio\/mpeg\" src=\"https:\/\/www.radiopiu.net\/wordpress\/wp-content\/uploads\/2024\/12\/giornale07-45.mp3?_=5\" \/><a href=\"https:\/\/www.radiopiu.net\/wordpress\/wp-content\/uploads\/2024\/12\/giornale07-45.mp3\">https:\/\/www.radiopiu.net\/wordpress\/wp-content\/uploads\/2024\/12\/giornale07-45.mp3<\/a><\/audio>\n<p>&nbsp;<\/p>\n<p><span style=\"color: #ff0000;\"><span style=\"color: #0000ff;\">SPORT<\/span> EDIZIONE DELLE 19, DEL 29 DICEMBRE 2024, LO SPORT EDIZIONE DI IERI<\/span><\/p>\n<audio class=\"wp-audio-shortcode\" id=\"audio-426937-6\" preload=\"none\" style=\"width: 100%;\" controls=\"controls\"><source type=\"audio\/mpeg\" src=\"https:\/\/www.radiopiu.net\/wordpress\/wp-content\/uploads\/2024\/12\/gr-sport-23.mp3?_=6\" \/><a href=\"https:\/\/www.radiopiu.net\/wordpress\/wp-content\/uploads\/2024\/12\/gr-sport-23.mp3\">https:\/\/www.radiopiu.net\/wordpress\/wp-content\/uploads\/2024\/12\/gr-sport-23.mp3<\/a><\/audio>\n<p>&nbsp;<\/p>\n<h2><span style=\"color: #ff0000;\"><span style=\"color: #0000ff;\">ULTIM&#8217;ORA<\/span> AUDIO dalle sette del mattino, ogni ora alla radio EDIZIONE DELLE SETTE<\/span><\/h2>\n<audio class=\"wp-audio-shortcode\" id=\"audio-426937-7\" preload=\"none\" style=\"width: 100%;\" controls=\"controls\"><source type=\"audio\/mpeg\" src=\"https:\/\/www.radiopiu.net\/wordpress\/wp-content\/uploads\/2024\/12\/giornale07-46.mp3?_=7\" \/><a href=\"https:\/\/www.radiopiu.net\/wordpress\/wp-content\/uploads\/2024\/12\/giornale07-46.mp3\">https:\/\/www.radiopiu.net\/wordpress\/wp-content\/uploads\/2024\/12\/giornale07-46.mp3<\/a><\/audio>\n<p>&nbsp;<\/p>\n<p>&nbsp;<\/p>\n<hr \/>\n<p>&nbsp;<\/p>\n<p>&nbsp;<\/p>\n<h1><span style=\"color: #ff0000;\"><a class=\"dt-pswp-item\" href=\"https:\/\/www.radiopiu.net\/wordpress\/wp-content\/uploads\/2024\/11\/8.jpg\" data-dt-img-description=\"\" data-large_image_width=\"180\" data-large_image_height=\"180\"><img loading=\"lazy\" decoding=\"async\" class=\"size-full wp-image-417910 alignleft\" src=\"https:\/\/www.radiopiu.net\/wordpress\/wp-content\/uploads\/2024\/11\/8.jpg\" alt=\"\" width=\"180\" height=\"180\" srcset=\"https:\/\/www.radiopiu.net\/wordpress\/wp-content\/uploads\/2024\/11\/8.jpg 180w, https:\/\/www.radiopiu.net\/wordpress\/wp-content\/uploads\/2024\/11\/8-150x150.jpg 150w\" sizes=\"auto, (max-width: 180px) 100vw, 180px\" \/><\/a>I podcast informativi del mattino &#8211; video &#8211;\u00a0<\/span><\/h1>\n<h2 style=\"text-align: left;\"><strong>RASSEGNA STAMPA LOCALE, ORE OTTO<\/strong><\/h2>\n<h2><strong> <span style=\"color: #0000ff;\">viene\u00a0 <\/span><\/strong><strong><span style=\"color: #0000ff;\">pubblicata alle 8.05 <span style=\"color: #ff0000;\">DIRETTA RADIO\u00a0 \u00a0<\/span><\/span><\/strong><strong>DI MIRKO MEZZACASA<\/strong><\/h2>\n<h2><span style=\"color: #ff0000;\"><strong>\u00a0<\/strong><\/span><\/h2>\n<h2><span style=\"color: #ff0000;\"><strong>\u00a0<\/strong><\/span><\/h2>\n<h1><span style=\"color: #ff0000;\"><strong>VIDEO\u00a0 \u00a0in diretta dalle 8 del mattino\u00a0 \u00a0per ASCOLTARE<\/strong><\/span><\/h1>\n\n\t\t\t<style type='text\/css'>\n\t\t\t\t#gallery-1 {\n\t\t\t\t\tmargin: auto;\n\t\t\t\t}\n\t\t\t\t#gallery-1 .gallery-item {\n\t\t\t\t\tfloat: left;\n\t\t\t\t\tmargin-top: 10px;\n\t\t\t\t\ttext-align: center;\n\t\t\t\t\twidth: 50%;\n\t\t\t\t}\n\t\t\t\t#gallery-1 img {\n\t\t\t\t\tborder: 2px solid #cfcfcf;\n\t\t\t\t}\n\t\t\t\t#gallery-1 .gallery-caption {\n\t\t\t\t\tmargin-left: 0;\n\t\t\t\t}\n\t\t\t\t\/* see gallery_shortcode() in wp-includes\/media.php *\/\n\t\t\t<\/style>\n\t\t<div id='gallery-1' class='dt-gallery-container gallery galleryid-426937 gallery-columns-2 gallery-size-medium'><dl class='gallery-item'>\n\t\t\t\t<dt class='gallery-icon landscape'>\n\t\t\t\t\t<a class=\"rollover rollover-zoom dt-pswp-item\" title=\"COP2\" data-dt-img-description=\"\" data-large_image_width=\"354\" data-large_image_height=\"178\"href='https:\/\/www.radiopiu.net\/wordpress\/wp-content\/uploads\/2024\/12\/COP2-3.png'><img loading=\"lazy\" decoding=\"async\" width=\"300\" height=\"151\" src=\"https:\/\/www.radiopiu.net\/wordpress\/wp-content\/uploads\/2024\/12\/COP2-3-300x151.png\" class=\"attachment-medium size-medium\" alt=\"\" srcset=\"https:\/\/www.radiopiu.net\/wordpress\/wp-content\/uploads\/2024\/12\/COP2-3-300x151.png 300w, https:\/\/www.radiopiu.net\/wordpress\/wp-content\/uploads\/2024\/12\/COP2-3.png 354w\" sizes=\"auto, (max-width: 300px) 100vw, 300px\" \/><\/a>\n\t\t\t\t<\/dt><\/dl><dl class='gallery-item'>\n\t\t\t\t<dt class='gallery-icon landscape'>\n\t\t\t\t\t<a class=\"rollover rollover-zoom dt-pswp-item\" title=\"COP1\" data-dt-img-description=\"\" data-large_image_width=\"366\" data-large_image_height=\"179\"href='https:\/\/www.radiopiu.net\/wordpress\/wp-content\/uploads\/2024\/12\/COP1-3.png'><img loading=\"lazy\" decoding=\"async\" width=\"300\" height=\"147\" src=\"https:\/\/www.radiopiu.net\/wordpress\/wp-content\/uploads\/2024\/12\/COP1-3-300x147.png\" class=\"attachment-medium size-medium\" alt=\"\" srcset=\"https:\/\/www.radiopiu.net\/wordpress\/wp-content\/uploads\/2024\/12\/COP1-3-300x147.png 300w, https:\/\/www.radiopiu.net\/wordpress\/wp-content\/uploads\/2024\/12\/COP1-3.png 366w\" sizes=\"auto, (max-width: 300px) 100vw, 300px\" \/><\/a>\n\t\t\t\t<\/dt><\/dl><br style=\"clear: both\" \/>\n\t\t\t<\/div>\n\n<blockquote>\n<h1 style=\"text-align: center;\"><\/h1>\n<p>&nbsp;<\/p><\/blockquote>\n<hr \/>\n<p>&nbsp;<\/p>\n<p><strong><a class=\"dt-pswp-item\" href=\"https:\/\/www.radiopiu.net\/wordpress\/wp-content\/uploads\/2023\/12\/ANTENNA.png\" data-dt-img-description=\"\" data-large_image_width=\"300\" data-large_image_height=\"166\"><img loading=\"lazy\" decoding=\"async\" class=\"wp-image-366306 alignright\" src=\"https:\/\/www.radiopiu.net\/wordpress\/wp-content\/uploads\/2023\/12\/ANTENNA.png\" alt=\"\" width=\"101\" height=\"56\" \/><\/a><a class=\"dt-pswp-item\" href=\"https:\/\/www.radiopiu.net\/wordpress\/wp-content\/uploads\/2024\/11\/th-17.jpg\" data-dt-img-description=\"\" data-large_image_width=\"224\" data-large_image_height=\"180\"><img loading=\"lazy\" decoding=\"async\" class=\" wp-image-421610 alignleft\" src=\"https:\/\/www.radiopiu.net\/wordpress\/wp-content\/uploads\/2024\/11\/th-17.jpg\" alt=\"\" width=\"167\" height=\"134\" \/><\/a>ogni sera alle 19 le anticipazioni alla radio, quello che poi seguirete nel TELEGIORNALE BELLUNESE\u00a0 in onda alle 19.30 sul CANALE 10 del digitale terrestre.\u00a0\u00a0<\/strong><\/p>\n<p>&nbsp;<\/p>\n<p>&nbsp;<\/p>\n<p>&nbsp;<\/p>\n<p>&nbsp;<\/p>\n<hr \/>\n<p>&nbsp;<\/p>\n<p>&nbsp;<\/p>\n<blockquote>\n<h3>UN ARRESTO A BELLUNO PER DETENZIONE DI STUPEFACENTI<\/h3>\n<\/blockquote>\n<p><strong><a class=\"dt-pswp-item\" href=\"https:\/\/www.radiopiu.net\/wordpress\/wp-content\/uploads\/2024\/12\/IMG_4746-scaled.jpeg\" data-dt-img-description=\"\" data-large_image_width=\"2560\" data-large_image_height=\"1790\"><img loading=\"lazy\" decoding=\"async\" class=\" wp-image-426950 alignleft\" src=\"https:\/\/www.radiopiu.net\/wordpress\/wp-content\/uploads\/2024\/12\/IMG_4746-300x210.jpeg\" alt=\"\" width=\"196\" height=\"137\" srcset=\"https:\/\/www.radiopiu.net\/wordpress\/wp-content\/uploads\/2024\/12\/IMG_4746-300x210.jpeg 300w, https:\/\/www.radiopiu.net\/wordpress\/wp-content\/uploads\/2024\/12\/IMG_4746-1024x716.jpeg 1024w, https:\/\/www.radiopiu.net\/wordpress\/wp-content\/uploads\/2024\/12\/IMG_4746-768x537.jpeg 768w, https:\/\/www.radiopiu.net\/wordpress\/wp-content\/uploads\/2024\/12\/IMG_4746-1536x1074.jpeg 1536w, https:\/\/www.radiopiu.net\/wordpress\/wp-content\/uploads\/2024\/12\/IMG_4746-2048x1432.jpeg 2048w\" sizes=\"auto, (max-width: 196px) 100vw, 196px\" \/><\/a>BELLUNO<\/strong> Il 20 dicembre, la Squadra Mobile di Belluno ha arrestato un cinquantenne per detenzione di LSD e cocaina a fini di spaccio. Gi\u00e0 noto alle Forze dell\u2019Ordine, l\u2019uomo era sotto osservazione per sospetta distribuzione di LSD. Durante una perquisizione, sono stati trovati nel frigorifero 3 flaconi contenenti LSD liquido (3,42g), abilmente nascosti tra gli alimenti. Sopra il frigorifero sono stati rinvenuti 0,9g di cocaina, 350\u20ac, un bilancino, sacchetti per il confezionamento e un apparecchio per il sottovuoto. L\u2019LSD, estremamente potente anche in minime quantit\u00e0, poteva essere suddiviso in numerose dosi. Arrestato in flagranza, l\u2019uomo \u00e8 stato inizialmente posto ai domiciliari. Il 23 dicembre, il GIP ha convalidato l\u2019arresto imponendo l\u2019obbligo di dimora a Belluno con permanenza notturna in casa.<\/p>\n<p>&nbsp;<\/p>\n<p>&nbsp;<\/p>\n<hr \/>\n<p>&nbsp;<\/p>\n<p>&nbsp;<\/p>\n<blockquote>\n<h3 class=\"entry-title\">UNA DOMENICA IMPEGNATIVA PER IL SUEM 118 Sono stati 14 gli interventi sulle piste da sci di Cortina; 11 su quelle di Arabba; quattro ad Alleghe, due a Zoldo e uno a Falcade, Selva di Cadore, San Vito e Nevegal.\u00a0\u2014<\/h3>\n<\/blockquote>\n<p><strong class=\"photoswipe-wrapper\"><a class=\"dt-pswp-item pspw-wrap-ready\" href=\"https:\/\/www.radiopiu.net\/wordpress\/wp-content\/uploads\/2024\/03\/e040112e-5e6f-4e7a-9965-35c6262d822e.jpg\" data-dt-img-description=\"\" data-large_image_width=\"1071\" data-large_image_height=\"679\"><img loading=\"lazy\" decoding=\"async\" class=\" wp-image-379219 alignleft\" src=\"https:\/\/www.radiopiu.net\/wordpress\/wp-content\/uploads\/2024\/03\/e040112e-5e6f-4e7a-9965-35c6262d822e-300x190.jpg\" sizes=\"auto, (max-width: 186px) 100vw, 186px\" srcset=\"https:\/\/www.radiopiu.net\/wordpress\/wp-content\/uploads\/2024\/03\/e040112e-5e6f-4e7a-9965-35c6262d822e-300x190.jpg 300w, https:\/\/www.radiopiu.net\/wordpress\/wp-content\/uploads\/2024\/03\/e040112e-5e6f-4e7a-9965-35c6262d822e-1024x649.jpg 1024w, https:\/\/www.radiopiu.net\/wordpress\/wp-content\/uploads\/2024\/03\/e040112e-5e6f-4e7a-9965-35c6262d822e-768x487.jpg 768w, https:\/\/www.radiopiu.net\/wordpress\/wp-content\/uploads\/2024\/03\/e040112e-5e6f-4e7a-9965-35c6262d822e.jpg 1071w\" alt=\"\" width=\"186\" height=\"118\" \/><\/a>REDAZIONE<\/strong>\u00a0 La prima chiamata alla centrale operativa \u00e8 arrivata poco prima delle 9:30 per soccorrere un uomo che era rimasto incosciente a Malga Ciapela. L\u2019elicottero Falco \u00e8 volato quindi a Rocca Pietore per caricare il 53enne di Putignano per poi portarlo al San Martino di Belluno. Poco dopo si \u00e8 alzato in volo anche Falco 2 per soccorrere un ragazzo di 18 anni a Canale D\u2019Agordo, il paziente \u00e8 stato portato al nosocomio di Belluno con ferite di media gravit\u00e0. Alle 11:46 Falco si \u00e8 diretto a Prato Carnico per soccorrere un uomo per trauma cranico. Alle 12:15 un incidente ad Anz\u00f9 di Feltre dove un uomo di 87 anni \u00e8 rimasto ferito. L\u2019ambulanza lo ha portato al Santa Maria del Prato di Feltre. Falco 2 \u00e8 stato inviato alle 14:42 a Socrepes per un uomo che si era fatto male al bacino, mentre Falco 1 \u00e8 volato a Misurina per un trauma cranico ad un uomo di 56 anni.<\/p>\n<p>&nbsp;<\/p>\n<p>&nbsp;<\/p>\n<hr \/>\n<p>&nbsp;<\/p>\n<blockquote>\n<h3>ANZIANO ACCUSA UN MALORE SOPRA LAMON<\/h3>\n<\/blockquote>\n<p><strong>LAMON<\/strong> Attorno alle 10.20 di sabato la Centrale del 118 \u00e8 stata attivata per un uomo colto da malore mentre si trovava sul limitare del bosco, in prossimit\u00e0 della propria casera sul Col dei Tei. Il 78enne di Lamon \u00e8 stato raggiunto dal personale sanitario e dal tecnico di elisoccorso di Falco 2, risaliti al luogo dove si trovava dalle coordinate della posizione. Valutate le condizioni, l&#8217;uomo \u00e8 stato imbarcato e trasportato per i dovuti accertamenti all&#8217;ospedale di Feltre.<\/p>\n<p>&nbsp;<\/p>\n<p>&nbsp;<\/p>\n<hr \/>\n<p>&nbsp;<\/p>\n<blockquote>\n<h3>SCIVOLA SUL SENTIERO SOPRA L&#8217;ABITATO DI FEDER<\/h3>\n<\/blockquote>\n<p><strong>CANALE D&#8217;AGORDO<\/strong> Ieri mattina verso le 9.15 il Soccorso alpino della Val Biois \u00e8 stato allertato, per l&#8217;eventuale recupero di un ragazzo scivolato sul sentiero 687, sopra localit\u00e0 Feder, che si era procurato una sospetta distorsione al ginocchio. Poich\u00e9 il luogo era distante da raggiungere a causa della neve e l&#8217;avvicinamento avrebbe richiesto tempo per le squadre a piedi, il 18enne di Cadoneghe (PD), \u00e8 stato soccorso dell&#8217;equipaggio di Falco 2, che lo ha imbarcato con il verricello e trasportato all&#8217;ospedale di Belluno.<\/p>\n<p>&nbsp;<\/p>\n<p>&nbsp;<\/p>\n<hr \/>\n<p>&nbsp;<\/p>\n<blockquote>\n<h3>ANZIANA SCIVOLA SUL SENTIERO CHE PORTA AL MONTE SERVA<\/h3>\n<\/blockquote>\n<p><strong><a class=\"dt-pswp-item\" href=\"https:\/\/www.radiopiu.net\/wordpress\/wp-content\/uploads\/2024\/12\/Watermark_20241229_171022_679.jpg\" data-dt-img-description=\"\" data-large_image_width=\"1773\" data-large_image_height=\"2364\"><img loading=\"lazy\" decoding=\"async\" class=\" wp-image-427089 alignleft\" src=\"https:\/\/www.radiopiu.net\/wordpress\/wp-content\/uploads\/2024\/12\/Watermark_20241229_171022_679-225x300.jpg\" alt=\"\" width=\"131\" height=\"175\" srcset=\"https:\/\/www.radiopiu.net\/wordpress\/wp-content\/uploads\/2024\/12\/Watermark_20241229_171022_679-225x300.jpg 225w, https:\/\/www.radiopiu.net\/wordpress\/wp-content\/uploads\/2024\/12\/Watermark_20241229_171022_679-768x1024.jpg 768w, https:\/\/www.radiopiu.net\/wordpress\/wp-content\/uploads\/2024\/12\/Watermark_20241229_171022_679-1152x1536.jpg 1152w, https:\/\/www.radiopiu.net\/wordpress\/wp-content\/uploads\/2024\/12\/Watermark_20241229_171022_679-1536x2048.jpg 1536w, https:\/\/www.radiopiu.net\/wordpress\/wp-content\/uploads\/2024\/12\/Watermark_20241229_171022_679.jpg 1773w\" sizes=\"auto, (max-width: 131px) 100vw, 131px\" \/><\/a>PONTE NELLE ALPI<\/strong> Attorno alle 13.30 di ieri due squadre del Soccorso alpino di Belluno e Longarone sono partite in direzione del Monte Serva, per un&#8217;escursionista scivolata sul sentiero. La 70enne di Santa Giustina (BL) al momento dell&#8217;incidente stava scendendo con due amiche, una delle quali andata incontro ai soccorritori per dare le opportune indicazioni. Le tre donne erano salite dalla Chiesetta di Sant&#8217;Andrea fino al crinale di Col Frusac, quando, al momento di rientrare a valle dal ripido sentiero diretto, una di loro aveva messo male il piede, riportando un trauma alla caviglia che le impediva di proseguire. Otto soccorritori, tra i quali un infermiere la hanno raggiunta, immobilizzandole la gamba e caricandola in barella, per poi trasportarla da 700 metri di quota a 400. Una volta sulla strada, l&#8217;infortunata \u00e8 stata trasferita nell&#8217;ambulanza, che la ha accompagnata all&#8217;ospedale di Belluno.<\/p>\n<p>&nbsp;<\/p>\n<p>&nbsp;<\/p>\n<hr \/>\n<p>&nbsp;<\/p>\n<p>&nbsp;<\/p>\n<blockquote>\n<h2><strong><a class=\"dt-pswp-item\" href=\"https:\/\/www.radiopiu.net\/wordpress\/wp-content\/uploads\/2024\/12\/Senza-nome-122.png\" data-dt-img-description=\"\" data-large_image_width=\"656\" data-large_image_height=\"335\"><img loading=\"lazy\" decoding=\"async\" class=\" wp-image-427158 alignleft\" src=\"https:\/\/www.radiopiu.net\/wordpress\/wp-content\/uploads\/2024\/12\/Senza-nome-122-300x153.png\" alt=\"\" width=\"229\" height=\"117\" srcset=\"https:\/\/www.radiopiu.net\/wordpress\/wp-content\/uploads\/2024\/12\/Senza-nome-122-300x153.png 300w, https:\/\/www.radiopiu.net\/wordpress\/wp-content\/uploads\/2024\/12\/Senza-nome-122.png 656w\" sizes=\"auto, (max-width: 229px) 100vw, 229px\" \/><\/a>Guard-rail infilza l\u2019auto, anziano ferito a Feltre<\/strong><\/h2>\n<\/blockquote>\n<div class=\"flex max-w-full flex-col flex-grow\">\n<div class=\"min-h-8 text-message flex w-full flex-col items-end gap-2 whitespace-normal break-words text-start [.text-message+&amp;]:mt-5\" dir=\"auto\" data-message-author-role=\"assistant\" data-message-id=\"01c87ac0-e85b-41e6-9b08-af86a8d3e8e0\" data-message-model-slug=\"gpt-4o\">\n<div class=\"flex w-full flex-col gap-1 empty:hidden first:pt-[3px]\">\n<div class=\"markdown prose w-full break-words dark:prose-invert dark\">\n<p>Spettacolare incidente ieri sulla Feltrina, dove un 87enne ha sbagliato traiettoria entrando sul cavalcavia di Anz\u00f9. La Mercedes Classe B ha colpito il guard-rail, che si \u00e8 infilato nell\u2019auto per tutta la lunghezza, lasciandola incastrata di traverso sulla strada. L\u2019anziano, ferito ma in condizioni non gravi, \u00e8 stato soccorso dai vigili del fuoco e dal 118. Nessun altro veicolo coinvolto, grazie alla prontezza di una conducente testimone. I carabinieri indagano sulle cause, ipotizzando distrazione o malore.<\/p>\n<\/div>\n<\/div>\n<\/div>\n<\/div>\n<p><strong>foto CORRIERE DELLE ALPI<\/strong><\/p>\n<p>&nbsp;<\/p>\n<hr \/>\n<p>&nbsp;<\/p>\n<blockquote>\n<h3>VOLTAGO FA LA CONTA DEI DANNI DOPO IL FORTE VENTO DEI GIORNI SCORSI<\/h3>\n<\/blockquote>\n<p><strong>VOLTAGO<\/strong> Il vento dei giorni scorsi ha creato danni di non poco conto a Voltago. A segnalarlo il primo cittadino Giuseppe Schena che su segnalazione di alcuni cittadini ha potuto constatare di persona che le raffiche di vento hanno divelto il tetto di una struttura adibita a ricovero bestiame.<\/p>\n<p><strong>IL SINDACO GIUSEPPE SCHENA<\/strong><\/p>\n<audio class=\"wp-audio-shortcode\" id=\"audio-426937-8\" preload=\"none\" style=\"width: 100%;\" controls=\"controls\"><source type=\"audio\/mpeg\" src=\"https:\/\/www.radiopiu.net\/wordpress\/wp-content\/uploads\/2024\/12\/giuseppe-schena-2.mp3?_=8\" \/><a href=\"https:\/\/www.radiopiu.net\/wordpress\/wp-content\/uploads\/2024\/12\/giuseppe-schena-2.mp3\">https:\/\/www.radiopiu.net\/wordpress\/wp-content\/uploads\/2024\/12\/giuseppe-schena-2.mp3<\/a><\/audio>\n<p>&nbsp;<\/p>\n\n\t\t\t<style type='text\/css'>\n\t\t\t\t#gallery-2 {\n\t\t\t\t\tmargin: auto;\n\t\t\t\t}\n\t\t\t\t#gallery-2 .gallery-item {\n\t\t\t\t\tfloat: left;\n\t\t\t\t\tmargin-top: 10px;\n\t\t\t\t\ttext-align: center;\n\t\t\t\t\twidth: 33%;\n\t\t\t\t}\n\t\t\t\t#gallery-2 img {\n\t\t\t\t\tborder: 2px solid #cfcfcf;\n\t\t\t\t}\n\t\t\t\t#gallery-2 .gallery-caption {\n\t\t\t\t\tmargin-left: 0;\n\t\t\t\t}\n\t\t\t\t\/* see gallery_shortcode() in wp-includes\/media.php *\/\n\t\t\t<\/style>\n\t\t<div id='gallery-2' class='dt-gallery-container gallery galleryid-426937 gallery-columns-3 gallery-size-medium'><dl class='gallery-item'>\n\t\t\t\t<dt class='gallery-icon landscape'>\n\t\t\t\t\t<a class=\"rollover rollover-zoom dt-pswp-item\" title=\"6aa637ab-7e54-4791-9a29-148b7ad482d1\" data-dt-img-description=\"\" data-large_image_width=\"1600\" data-large_image_height=\"720\"href='https:\/\/www.radiopiu.net\/wordpress\/wp-content\/uploads\/2024\/12\/6aa637ab-7e54-4791-9a29-148b7ad482d1.jpg'><img loading=\"lazy\" decoding=\"async\" width=\"300\" height=\"135\" src=\"https:\/\/www.radiopiu.net\/wordpress\/wp-content\/uploads\/2024\/12\/6aa637ab-7e54-4791-9a29-148b7ad482d1-300x135.jpg\" class=\"attachment-medium size-medium\" alt=\"\" srcset=\"https:\/\/www.radiopiu.net\/wordpress\/wp-content\/uploads\/2024\/12\/6aa637ab-7e54-4791-9a29-148b7ad482d1-300x135.jpg 300w, https:\/\/www.radiopiu.net\/wordpress\/wp-content\/uploads\/2024\/12\/6aa637ab-7e54-4791-9a29-148b7ad482d1-1024x461.jpg 1024w, https:\/\/www.radiopiu.net\/wordpress\/wp-content\/uploads\/2024\/12\/6aa637ab-7e54-4791-9a29-148b7ad482d1-768x346.jpg 768w, https:\/\/www.radiopiu.net\/wordpress\/wp-content\/uploads\/2024\/12\/6aa637ab-7e54-4791-9a29-148b7ad482d1-1536x691.jpg 1536w, https:\/\/www.radiopiu.net\/wordpress\/wp-content\/uploads\/2024\/12\/6aa637ab-7e54-4791-9a29-148b7ad482d1.jpg 1600w\" sizes=\"auto, (max-width: 300px) 100vw, 300px\" \/><\/a>\n\t\t\t\t<\/dt><\/dl><dl class='gallery-item'>\n\t\t\t\t<dt class='gallery-icon landscape'>\n\t\t\t\t\t<a class=\"rollover rollover-zoom dt-pswp-item\" title=\"64ac92c1-c10f-4ce9-b1b1-9314b03e9604\" data-dt-img-description=\"\" data-large_image_width=\"1600\" data-large_image_height=\"720\"href='https:\/\/www.radiopiu.net\/wordpress\/wp-content\/uploads\/2024\/12\/64ac92c1-c10f-4ce9-b1b1-9314b03e9604.jpg'><img loading=\"lazy\" decoding=\"async\" width=\"300\" height=\"135\" src=\"https:\/\/www.radiopiu.net\/wordpress\/wp-content\/uploads\/2024\/12\/64ac92c1-c10f-4ce9-b1b1-9314b03e9604-300x135.jpg\" class=\"attachment-medium size-medium\" alt=\"\" srcset=\"https:\/\/www.radiopiu.net\/wordpress\/wp-content\/uploads\/2024\/12\/64ac92c1-c10f-4ce9-b1b1-9314b03e9604-300x135.jpg 300w, https:\/\/www.radiopiu.net\/wordpress\/wp-content\/uploads\/2024\/12\/64ac92c1-c10f-4ce9-b1b1-9314b03e9604-1024x461.jpg 1024w, https:\/\/www.radiopiu.net\/wordpress\/wp-content\/uploads\/2024\/12\/64ac92c1-c10f-4ce9-b1b1-9314b03e9604-768x346.jpg 768w, https:\/\/www.radiopiu.net\/wordpress\/wp-content\/uploads\/2024\/12\/64ac92c1-c10f-4ce9-b1b1-9314b03e9604-1536x691.jpg 1536w, https:\/\/www.radiopiu.net\/wordpress\/wp-content\/uploads\/2024\/12\/64ac92c1-c10f-4ce9-b1b1-9314b03e9604.jpg 1600w\" sizes=\"auto, (max-width: 300px) 100vw, 300px\" \/><\/a>\n\t\t\t\t<\/dt><\/dl><dl class='gallery-item'>\n\t\t\t\t<dt class='gallery-icon landscape'>\n\t\t\t\t\t<a class=\"rollover rollover-zoom dt-pswp-item\" title=\"df64ebb5-7246-47c4-a173-6ce50857c333\" data-dt-img-description=\"\" data-large_image_width=\"1600\" data-large_image_height=\"720\"href='https:\/\/www.radiopiu.net\/wordpress\/wp-content\/uploads\/2024\/12\/df64ebb5-7246-47c4-a173-6ce50857c333.jpg'><img loading=\"lazy\" decoding=\"async\" width=\"300\" height=\"135\" src=\"https:\/\/www.radiopiu.net\/wordpress\/wp-content\/uploads\/2024\/12\/df64ebb5-7246-47c4-a173-6ce50857c333-300x135.jpg\" class=\"attachment-medium size-medium\" alt=\"\" srcset=\"https:\/\/www.radiopiu.net\/wordpress\/wp-content\/uploads\/2024\/12\/df64ebb5-7246-47c4-a173-6ce50857c333-300x135.jpg 300w, https:\/\/www.radiopiu.net\/wordpress\/wp-content\/uploads\/2024\/12\/df64ebb5-7246-47c4-a173-6ce50857c333-1024x461.jpg 1024w, https:\/\/www.radiopiu.net\/wordpress\/wp-content\/uploads\/2024\/12\/df64ebb5-7246-47c4-a173-6ce50857c333-768x346.jpg 768w, https:\/\/www.radiopiu.net\/wordpress\/wp-content\/uploads\/2024\/12\/df64ebb5-7246-47c4-a173-6ce50857c333-1536x691.jpg 1536w, https:\/\/www.radiopiu.net\/wordpress\/wp-content\/uploads\/2024\/12\/df64ebb5-7246-47c4-a173-6ce50857c333.jpg 1600w\" sizes=\"auto, (max-width: 300px) 100vw, 300px\" \/><\/a>\n\t\t\t\t<\/dt><\/dl><br style=\"clear: both\" \/>\n\t\t\t<\/div>\n\n<p>&nbsp;<\/p>\n<hr \/>\n<p>&nbsp;<\/p>\n<blockquote>\n<h3>Falcade: tagliata l&#8217;IMU agli alberghi per sostenere il turismo<\/h3>\n<\/blockquote>\n<p><strong><a class=\"dt-pswp-item\" href=\"https:\/\/www.radiopiu.net\/wordpress\/wp-content\/uploads\/2022\/11\/CONSIGLIO-COMUNALE-FALCADE-1.jpg\" data-dt-img-description=\"\" data-large_image_width=\"1920\" data-large_image_height=\"1080\"><img loading=\"lazy\" decoding=\"async\" class=\" wp-image-304534 alignleft\" src=\"https:\/\/www.radiopiu.net\/wordpress\/wp-content\/uploads\/2022\/11\/CONSIGLIO-COMUNALE-FALCADE-1-300x169.jpg\" alt=\"\" width=\"249\" height=\"140\" srcset=\"https:\/\/www.radiopiu.net\/wordpress\/wp-content\/uploads\/2022\/11\/CONSIGLIO-COMUNALE-FALCADE-1-300x169.jpg 300w, https:\/\/www.radiopiu.net\/wordpress\/wp-content\/uploads\/2022\/11\/CONSIGLIO-COMUNALE-FALCADE-1-1024x576.jpg 1024w, https:\/\/www.radiopiu.net\/wordpress\/wp-content\/uploads\/2022\/11\/CONSIGLIO-COMUNALE-FALCADE-1-768x432.jpg 768w, https:\/\/www.radiopiu.net\/wordpress\/wp-content\/uploads\/2022\/11\/CONSIGLIO-COMUNALE-FALCADE-1-1536x864.jpg 1536w, https:\/\/www.radiopiu.net\/wordpress\/wp-content\/uploads\/2022\/11\/CONSIGLIO-COMUNALE-FALCADE-1.jpg 1920w\" sizes=\"auto, (max-width: 249px) 100vw, 249px\" \/><\/a>FALCADE<\/strong><\/p>\n<p>Il Comune di Falcade riduce l&#8217;IMU per alberghi e pensioni dall&#8217;8,6 al 7,6 per mille, con un risparmio complessivo di 40 mila euro per gli operatori turistici. La decisione, votata all&#8217;unanimit\u00e0 dal consiglio comunale, mira a sostenere un settore in difficolt\u00e0, considerato il motore economico della valle del Biois. Il sindaco Mauro Salvaterra sottolinea che, nonostante il sacrificio per le casse comunali, questa misura intende incentivare nuovi investimenti e preservare l&#8217;ospitalit\u00e0 storica del territorio. Le altre tariffe IMU restano invariate, rassicurando i proprietari di seconde case. L&#8217;iniziativa, un forte segnale per il turismo locale, si accompagna a futuri progetti per migliorare l&#8217;attrattivit\u00e0 della zona.<\/p>\n<p>&nbsp;<\/p>\n<p>&nbsp;<\/p>\n<hr \/>\n<p>&nbsp;<\/p>\n<blockquote>\n<h3>DA FALCADE IL MESSAGGIO DEL SINDACO AI CITTADINI<\/h3>\n<\/blockquote>\n<p><strong><a class=\"dt-pswp-item\" href=\"https:\/\/www.radiopiu.net\/wordpress\/wp-content\/uploads\/2024\/12\/SCR-20241229-psin.jpeg\" data-dt-img-description=\"\" data-large_image_width=\"1242\" data-large_image_height=\"946\"><img loading=\"lazy\" decoding=\"async\" class=\" wp-image-427095 alignleft\" src=\"https:\/\/www.radiopiu.net\/wordpress\/wp-content\/uploads\/2024\/12\/SCR-20241229-psin-300x229.jpeg\" alt=\"\" width=\"156\" height=\"119\" srcset=\"https:\/\/www.radiopiu.net\/wordpress\/wp-content\/uploads\/2024\/12\/SCR-20241229-psin-300x229.jpeg 300w, https:\/\/www.radiopiu.net\/wordpress\/wp-content\/uploads\/2024\/12\/SCR-20241229-psin-1024x780.jpeg 1024w, https:\/\/www.radiopiu.net\/wordpress\/wp-content\/uploads\/2024\/12\/SCR-20241229-psin-768x585.jpeg 768w, https:\/\/www.radiopiu.net\/wordpress\/wp-content\/uploads\/2024\/12\/SCR-20241229-psin.jpeg 1242w\" sizes=\"auto, (max-width: 156px) 100vw, 156px\" \/><\/a>FALCADE <\/strong>Il 2024 sta per volgere al termine e il sindaco di Falcade Mauro Salvaterra ha voluto lasciare un messaggio a tutti i cittadini in vista della fine dell&#8217;anno<\/p>\n<p>&nbsp;<\/p>\n<p>&nbsp;<\/p>\n<p><strong>IL SINDACO DI FALCADE MAURO SALVATERRA<\/strong><\/p>\n<audio class=\"wp-audio-shortcode\" id=\"audio-426937-9\" preload=\"none\" style=\"width: 100%;\" controls=\"controls\"><source type=\"audio\/mpeg\" src=\"https:\/\/www.radiopiu.net\/wordpress\/wp-content\/uploads\/2024\/12\/MAURO-SALVATERRA.mp3?_=9\" \/><a href=\"https:\/\/www.radiopiu.net\/wordpress\/wp-content\/uploads\/2024\/12\/MAURO-SALVATERRA.mp3\">https:\/\/www.radiopiu.net\/wordpress\/wp-content\/uploads\/2024\/12\/MAURO-SALVATERRA.mp3<\/a><\/audio>\n<p>&nbsp;<\/p>\n<p>&nbsp;<\/p>\n<hr \/>\n<p>&nbsp;<\/p>\n<blockquote>\n<h3>INSTALLATI 11 CARTELLI STRADALI CON IL BRAND DOLOMITI BELLUNESI<\/h3>\n<\/blockquote>\n<p><strong><a class=\"dt-pswp-item\" href=\"https:\/\/www.radiopiu.net\/wordpress\/wp-content\/uploads\/2024\/12\/SCR-20241228-llam.png\" data-dt-img-description=\"\" data-large_image_width=\"1342\" data-large_image_height=\"888\"><img loading=\"lazy\" decoding=\"async\" class=\" wp-image-426987 alignleft\" src=\"https:\/\/www.radiopiu.net\/wordpress\/wp-content\/uploads\/2024\/12\/SCR-20241228-llam-300x199.png\" alt=\"\" width=\"188\" height=\"125\" srcset=\"https:\/\/www.radiopiu.net\/wordpress\/wp-content\/uploads\/2024\/12\/SCR-20241228-llam-300x199.png 300w, https:\/\/www.radiopiu.net\/wordpress\/wp-content\/uploads\/2024\/12\/SCR-20241228-llam-1024x678.png 1024w, https:\/\/www.radiopiu.net\/wordpress\/wp-content\/uploads\/2024\/12\/SCR-20241228-llam-768x508.png 768w, https:\/\/www.radiopiu.net\/wordpress\/wp-content\/uploads\/2024\/12\/SCR-20241228-llam.png 1342w\" sizes=\"auto, (max-width: 188px) 100vw, 188px\" \/><\/a>BELLUNO <\/strong>La provincia di Belluno accoglie i visitatori con nuovi cartelli rosa ispirati ai colori dell\u2019enrosadira delle Dolomiti, recanti la scritta \u201cDolomiti Bellunesi\u201d e il nuovo brand territoriale. L\u2019iniziativa, promossa dalla consigliera provinciale Vanessa De Francesch, sottolinea l\u2019identit\u00e0 territoriale del Bellunese come custode delle Dolomiti, specie dopo recenti errori mediatici che attribuivano Cortina al Trentino. I cartelli, parte del progetto \u201cVivere le Dolomiti\u201d finanziato dai Fondi di confine, aggiornano quelli esistenti dal 2009 con il nuovo piano di marketing. Installati in 11 punti strategici in 10 Comuni di confine, evidenziano l\u2019importanza della brandizzazione in vista delle Olimpiadi e Paralimpiadi. I cartelli sono 11, installati in 10 Comuni di confine con altre province, vale a dire Setteville, Arsi\u00e8, Sovramonte, Falcade (un cartello al Valles, l\u2019altro al San Pellegrino), Rocca Pietore (sul Fedaia), Auronzo, Lorenzago (sul Passo Mauria), Longarone, Alpago e Borgo Valbelluna (sul San Boldo). Grafica (in collaborazione con Dmo) e realizzazione valgono complessivamente poco meno di 70mila euro. L\u2019installazione \u00e8 stata completata nei giorni scorsi<\/p>\n<div dir=\"auto\"><\/div>\n<div dir=\"auto\"><\/div>\n<blockquote>\n<h3>DILLO A RADIO PIU&#8217;&#8230;MA LIVINALLONGO?<\/h3>\n<\/blockquote>\n<p><strong><a class=\"dt-pswp-item\" href=\"https:\/\/www.radiopiu.net\/wordpress\/wp-content\/uploads\/2024\/12\/PASSO-PORDOI-scaled.jpg\" data-dt-img-description=\"\" data-large_image_width=\"2560\" data-large_image_height=\"1709\"><img loading=\"lazy\" decoding=\"async\" class=\" wp-image-426997 alignleft\" src=\"https:\/\/www.radiopiu.net\/wordpress\/wp-content\/uploads\/2024\/12\/PASSO-PORDOI-300x200.jpg\" alt=\"\" width=\"197\" height=\"131\" srcset=\"https:\/\/www.radiopiu.net\/wordpress\/wp-content\/uploads\/2024\/12\/PASSO-PORDOI-300x200.jpg 300w, https:\/\/www.radiopiu.net\/wordpress\/wp-content\/uploads\/2024\/12\/PASSO-PORDOI-1024x684.jpg 1024w, https:\/\/www.radiopiu.net\/wordpress\/wp-content\/uploads\/2024\/12\/PASSO-PORDOI-768x513.jpg 768w, https:\/\/www.radiopiu.net\/wordpress\/wp-content\/uploads\/2024\/12\/PASSO-PORDOI-1536x1025.jpg 1536w, https:\/\/www.radiopiu.net\/wordpress\/wp-content\/uploads\/2024\/12\/PASSO-PORDOI-2048x1367.jpg 2048w\" sizes=\"auto, (max-width: 197px) 100vw, 197px\" \/><\/a>RICEVIAMO E PUBBLICHIAMO<\/strong><\/p>\n<p>1 &#8211; Ho letto l&#8217;articolo sui nuovi cartelli stradali con il brand Dolomiti Bellunesi, ma Livinalongo non \u00e8 un comune di confine?<\/p>\n<p>2 &#8211; E adesso partir\u00e0 la polemica manca il Pordoi e il Campolongo (Livinallongo)<\/p>\n<p>3 &#8211; Non \u00e8 che ci si sia dimenticati anche di Gosaldo &#8211; Passo Cereda?<\/p>\n<p>(FOTO: Wikipedia)<\/p>\n<p>4 &#8211; <span class=\"\"><span class=\"xt0psk2\"><a class=\"x1i10hfl xjbqb8w x1ejq31n xd10rxx x1sy0etr x17r0tee x972fbf xcfux6l x1qhh985 xm0m39n x9f619 x1ypdohk xt0psk2 xe8uvvx xdj266r x11i5rnm xat24cr x1mh8g0r xexx8yu x4uap5 x18d9i69 xkhd6sd x16tdsg8 x1hl2dhg xggy1nq x1a2a7pz x1heor9g x1sur9pj xkrqix3 x1s688f\" tabindex=\"0\" role=\"link\" href=\"https:\/\/www.facebook.com\/groups\/61488111720\/user\/1633002215\/?__cft__[0]=AZWkKx8stx06UODQw0qNJJU0d8KSRfWwidd-msmGABwEEhM41MWyGK7h_T2FP3UbxfaHASvtTh5I9Zbu1P2TJnIWfhhlV8ePKUMNxhyerspMMcLB7lf_2C9H8QIehd-S7rSzpwqdCkwtPvfXiGWTtfWpjEtmaWvMfWMcjgve6V-OShv73zoUTp7hf4VJfR2gugLQaF3kp7x4bMynRSFnpY_X&amp;__tn__=R]-R\" aria-hidden=\"false\"><span class=\"x3nfvp2\"><span class=\"x193iq5w xeuugli x13faqbe x1vvkbs x1xmvt09 x1lliihq x1s928wv xhkezso x1gmr53x x1cpjm7i x1fgarty x1943h6x x4zkp8e x676frb x1nxh6w3 x1sibtaa x1s688f xzsf02u\" dir=\"auto\">Moreno Geremetta<\/span><\/span><\/a>\u00a0<\/span><\/span>E poi aggiungo: Cima Banche? Gosaldo? Pordoi? Campolongo? Valparola?\u00a0 Passo di Monte Croce?<\/p>\n<p>5- <span class=\"\"><span class=\"xt0psk2\"><a class=\"x1i10hfl xjbqb8w x1ejq31n xd10rxx x1sy0etr x17r0tee x972fbf xcfux6l x1qhh985 xm0m39n x9f619 x1ypdohk xt0psk2 xe8uvvx xdj266r x11i5rnm xat24cr x1mh8g0r xexx8yu x4uap5 x18d9i69 xkhd6sd x16tdsg8 x1hl2dhg xggy1nq x1a2a7pz x1heor9g x1sur9pj xkrqix3 x1s688f\" tabindex=\"0\" role=\"link\" href=\"https:\/\/www.facebook.com\/groups\/61488111720\/user\/1051660298\/?__cft__[0]=AZWkKx8stx06UODQw0qNJJU0d8KSRfWwidd-msmGABwEEhM41MWyGK7h_T2FP3UbxfaHASvtTh5I9Zbu1P2TJnIWfhhlV8ePKUMNxhyerspMMcLB7lf_2C9H8QIehd-S7rSzpwqdCkwtPvfXiGWTtfWpjEtmaWvMfWMcjgve6V-OShv73zoUTp7hf4VJfR2gugLQaF3kp7x4bMynRSFnpY_X&amp;__tn__=R]-R\" aria-hidden=\"false\"><span class=\"x3nfvp2\"><span class=\"x193iq5w xeuugli x13faqbe x1vvkbs x1xmvt09 x1lliihq x1s928wv xhkezso x1gmr53x x1cpjm7i x1fgarty x1943h6x x4zkp8e x676frb x1nxh6w3 x1sibtaa x1s688f xzsf02u\" dir=\"auto\">Luis Bertagnin<\/span><\/span><\/a> <\/span><\/span>Praticamente i punti pi\u00f9 importanti dimenticati dalla stessa Belluno. Qualcuno dir\u00e0. Siete sempre a lamentarvi. Certo Tutto questo arriva con spaventoso, vergognoso e ignorante ritardo da parte nostra. Aggiungo che se viene continuamente e volutamente sbagliata la locazione geografica delle Dolomiti Bellunesi, la colpa \u00e8 solo di Belluno che ha acconsentito a tutto ci\u00f2 con un silenzio prolungato e spesso anche con complicit\u00e0. Meglio tardi che mai? Certo meglio tardi che mai. Ma fatto cos\u00ec adesso serve poco o niente. Intanto che stiamo qua a mettere i cartelli, nel frattempo \u00e8 scappata Sappada, e mentre tutti erano a compiangere a ovest la mutilazione di Belluno, il Trentino in silenzio a est si stava portando via la fetta della Marmolada alle spalle ignote dei bellunesi. Adesso c&#8217;\u00e8 la partita dei Comuni che hanno fatto il referendum. Se \u00e8 Sappada perch\u00e9 non pu\u00f2 farlo Cortina e gli altri? Il sudtirol lo ha gi\u00e0 messo in agenda nell&#8217;ordine del giorno ed \u00e8 pi\u00f9 forte del sappadino Friuli. Belluno \u00e8 destinata a sparire spartita tra le autonomie vicine e quello che resta se lo prender\u00e0 Treviso perch\u00e9 una provincia cos\u00ec non pu\u00f2 stare in piedi. Adesso continuIamo a mettere i cartelli dai\u00a0 Che sulle etichette del vino Trentino doc c&#8217;\u00e8 il pelmo<\/p>\n<p>6- <span class=\"\"><span class=\"xt0psk2\"><a class=\"x1i10hfl xjbqb8w x1ejq31n xd10rxx x1sy0etr x17r0tee x972fbf xcfux6l x1qhh985 xm0m39n x9f619 x1ypdohk xt0psk2 xe8uvvx xdj266r x11i5rnm xat24cr x1mh8g0r xexx8yu x4uap5 x18d9i69 xkhd6sd x16tdsg8 x1hl2dhg xggy1nq x1a2a7pz x1heor9g x1sur9pj xkrqix3 x1s688f\" tabindex=\"0\" role=\"link\" href=\"https:\/\/www.facebook.com\/groups\/61488111720\/user\/1017999810\/?__cft__[0]=AZWkKx8stx06UODQw0qNJJU0d8KSRfWwidd-msmGABwEEhM41MWyGK7h_T2FP3UbxfaHASvtTh5I9Zbu1P2TJnIWfhhlV8ePKUMNxhyerspMMcLB7lf_2C9H8QIehd-S7rSzpwqdCkwtPvfXiGWTtfWpjEtmaWvMfWMcjgve6V-OShv73zoUTp7hf4VJfR2gugLQaF3kp7x4bMynRSFnpY_X&amp;__tn__=R]-R\" aria-hidden=\"false\"><span class=\"x3nfvp2\"><span class=\"x193iq5w xeuugli x13faqbe x1vvkbs x1xmvt09 x1lliihq x1s928wv xhkezso x1gmr53x x1cpjm7i x1fgarty x1943h6x x4zkp8e x676frb x1nxh6w3 x1sibtaa x1s688f xzsf02u\" dir=\"auto\">Andrea Randy Dal Bo<\/span><\/span><\/a> <\/span><\/span>Come sempre in Italia funziona cos\u00ec. Quando si tratta di lavori della Pubblica Amministrazione, che siano essi Comunali, Provinciali, Regionali o Nazionali i prezzi lievitano a dismisura. Un cartello da 600\u20ac magicamente, costa 6000\u20ac. \u00c8 questa l&#8217;assurdit\u00e0. Certo, c&#8217;\u00e8 la progettazione, la realizzazione, la posa. Ma sono cmq cifre assurde. Soprattutto perch\u00e9 stiamo parlando di una cartello che di certo non migliorer\u00e0 i servizi, la viabilit\u00e0, o la manutenzione del territorio che a differenza dei paesi confinanti \u00e8 scarsa e visibilmente decadente.<\/p>\n<p>&nbsp;<\/p>\n<p>&nbsp;<\/p>\n<blockquote>\n<h2>DILLO A RADIO PIU&#8230; La Provincia con mentalit\u00e0 da serie B<\/h2>\n<\/blockquote>\n<blockquote><p><em>Mai mai sentito parlare di Dolomiti gardenesi? Badiote? Bolzanine o Trentine?<\/em><\/p><\/blockquote>\n<p><img loading=\"lazy\" decoding=\"async\" class=\"alignleft\" src=\"https:\/\/www.radiopiu.net\/wordpress\/wp-content\/uploads\/2024\/10\/Saucony_Dolomiti_Extreme_Trail-2024_credito-Giacomo_Bocola.jpg\" width=\"252\" height=\"168\" \/>In una lettera inviata a Radio Pi\u00f9, un ascoltatore ha espresso la sua opinione sulla gestione e promozione delle Dolomiti Bellunesi, criticando l&#8217;approccio provinciale e le scelte di branding.<\/p>\n<p>Secondo l&#8217;autore, identificare le Dolomiti come &#8220;Bellunesi&#8221; \u00e8 un errore che sminuisce l&#8217;unicit\u00e0 di questo patrimonio naturale, confondendo l&#8217;identit\u00e0 globale delle Dolomiti con un\u2019etichetta territoriale. &#8220;Esistono le Dolomiti di Recoaro, le Dolomiti del Sud, ma solo come similitudini. Le Dolomiti sono una e una sola, non serve specificare un nomignolo provinciale,&#8221; scrive.<\/p>\n<p>L&#8217;ascoltatore suggerisce che invece di investire in cartelli e marchi distintivi, sarebbe pi\u00f9 utile educare e informare il pubblico sull\u2019intero territorio dolomitico e la sua posizione. Riconosce, inoltre, il contributo delle province autonome di Bolzano e Trento nella promozione internazionale delle Dolomiti, che ha reso queste montagne celebri in tutto il mondo.<\/p>\n<p>Lo sfogo si conclude con un messaggio di amore per le Dolomiti: &#8220;W Le DOLOMITI&#8221;, sottolineando la necessit\u00e0 di una visione unitaria e pi\u00f9 inclusiva per valorizzare questo patrimonio naturale unico.<\/p>\n<p>&nbsp;<\/p>\n<p>&nbsp;<\/p>\n<hr \/>\n<p>&nbsp;<\/p>\n<blockquote>\n<h3>AUMENTO DEI CANONI IDRICI: LA PROVINCIA CHIEDE AI SINDACI DI PORTARE PAZIENZA<\/h3>\n<\/blockquote>\n<p><strong><a class=\"dt-pswp-item\" href=\"https:\/\/www.radiopiu.net\/wordpress\/wp-content\/uploads\/2020\/06\/palazzo_piloni_belluno.jpg\" data-dt-img-description=\"\" data-large_image_width=\"1000\" data-large_image_height=\"667\"><img loading=\"lazy\" decoding=\"async\" class=\" wp-image-144771 alignleft\" src=\"https:\/\/www.radiopiu.net\/wordpress\/wp-content\/uploads\/2020\/06\/palazzo_piloni_belluno-300x200.jpg\" alt=\"\" width=\"170\" height=\"113\" srcset=\"https:\/\/www.radiopiu.net\/wordpress\/wp-content\/uploads\/2020\/06\/palazzo_piloni_belluno-300x200.jpg 300w, https:\/\/www.radiopiu.net\/wordpress\/wp-content\/uploads\/2020\/06\/palazzo_piloni_belluno-768x512.jpg 768w, https:\/\/www.radiopiu.net\/wordpress\/wp-content\/uploads\/2020\/06\/palazzo_piloni_belluno.jpg 1000w\" sizes=\"auto, (max-width: 170px) 100vw, 170px\" \/><\/a>BELLUNO <\/strong>Il presidente della Provincia di Belluno, Roberto Padrin, ha espresso la necessit\u00e0 di pazienza da parte di sindaci e Unioni Montane, in attesa delle risorse promesse dall\u2019aumento dei canoni idrici. Recentemente sono stati stanziati 2 milioni di euro per le Unioni Montane, con l\u2019impegno di incrementare i fondi se le risorse attese arriveranno. Tuttavia, la Provincia attende ancora l\u2019adeguamento della quota fissa dei canoni, che Enel ha contestato, causando un mancato versamento stimato in 3,5 milioni di euro per il 2023 e altrettanto per il 2024. Anche gli extracanoni idrici, valutati in circa 18 milioni, sono bloccati per via di ricorsi. La Provincia sottolinea che tali risorse sarebbero fondamentali per rafforzare gli interventi di difesa del suolo e sostenere le Unioni Montane auspicando che il 2025 segni lo sblocco di questi fondi, lamentando ritardi e l\u2019insistenza dell\u2019assessore Bottacin nel richiedere ringraziamenti.<\/p>\n<p>&nbsp;<\/p>\n<blockquote>\n<h2><strong>Canoni idrici, una battaglia epocale per Belluno<\/strong><\/h2>\n<\/blockquote>\n<p><strong>DI GIANPAOLO BOTTACIN<\/strong><\/p>\n<p><a class=\"dt-pswp-item\" href=\"https:\/\/www.radiopiu.net\/wordpress\/wp-content\/uploads\/2023\/11\/BOTTACIN.png\" data-dt-img-description=\"\" data-large_image_width=\"591\" data-large_image_height=\"400\"><img loading=\"lazy\" decoding=\"async\" class=\"size-medium wp-image-362309 alignleft\" src=\"https:\/\/www.radiopiu.net\/wordpress\/wp-content\/uploads\/2023\/11\/BOTTACIN-300x203.png\" alt=\"\" width=\"300\" height=\"203\" srcset=\"https:\/\/www.radiopiu.net\/wordpress\/wp-content\/uploads\/2023\/11\/BOTTACIN-300x203.png 300w, https:\/\/www.radiopiu.net\/wordpress\/wp-content\/uploads\/2023\/11\/BOTTACIN.png 591w\" sizes=\"auto, (max-width: 300px) 100vw, 300px\" \/><\/a>Leggendo certe dichiarazioni si rimane quanto meno perplessi soprattutto se si \u00e8 bellunesi. Qui non si parla di un contributo come tanti altri. Qui si tratta di una vera e propria rivoluzione che per chi rappresenta le nostre comunit\u00e0 dovrebbe essere una battaglia fondamentale per sancire un principio sacrosanto. E cio\u00e8 che chi sfrutta la risorsa acqua e sappiamo quanto \u00e8 costato lo sfruttamento idroelettrico a noi bellunesi, deve incrementare in maniera sostanziosa la ricaduta economica sui nostri territori. Chi non ha capito questo, ovviamente non pu\u00f2 capire che si tratta di una battaglia storica. Sono arrivato in Regione quando i canoni idrici ammontavano a 7 milioni di euro. Poi, nel 2008 feci un emendamento per raddoppiarli. Ovviamente chi doveva versare il doppio fece ricorso ma lo perse. Dal 2014 l&#8217;intero gettito di questi canoni raddoppiato vengono incassati dall&#8217;ente Provincia. Analogamente nel 2020, dopo essere riuscito a modificare la legge nazionale con non poca difficolt\u00e0, feci approvare una legge regionale che incrementa sensibilmente la quota che i grandi produttori di energia idroelettrica devono versare nelle casse della Provincia. Altri 20 milioni all&#8217;anno. Ovviamente anche in questo caso i produttori di energia si sono opposti con ricorsi. Ricorsi presentati anche nelle altre regioni in cui sono state approvate leggi analoghe, in particolare Lombardia e Piemonte. Il tribunale competente per tali ricorsi \u00e8 il tribunale superiore delle acque pubbliche che purtroppo ha dei tempi molto lunghi, ma che ovviamente sono del tutto indipendenti dal sottoscritto. Ma stanno arrivando le sentenze rispetto a tali ricorsi anche nei confronti dei gestori che hanno gran parte delle centrali in provincia di Belluno. E nelle prime sentenze si legge chiaramente che il tribunale superiore delle acque pubbliche vuole &#8220;dare continuit\u00e0 a tale giurisprudenza&#8221;. Pertanto \u00e8 solo questione di tempo. Ma l&#8217;esito \u00e8 piuttosto scontato, come nel 2008. Lascia quindi perplessi che una battaglia di civilt\u00e0 con ricadute di decine di milioni di euro venga quasi ironizzata da parte di qualcuno. Stiamo parlando di una svolta epocale che ha pesanti ricadute positive nel bilancio dell&#8217;ente Provincia. Una battaglia, che qualcuno tende a sminuire, per nulla scontata e che purtroppo ho dovuto fare da solo.<\/p>\n<p>&nbsp;<\/p>\n<p>&nbsp;<\/p>\n<hr \/>\n<p>&nbsp;<\/p>\n<p><strong>LA GIUDIZIARIA OGGI<\/strong><br \/>\n<strong>DAL CORRIERE DELLE ALPI<\/strong><br \/>\n<strong>SINTESI GIGI SOSSO<\/strong><\/p>\n<h3><a href=\"https:\/\/www.radiopiu.net\/wordpress\/wp-content\/uploads\/2024\/12\/ff263c6f-2ee3-4907-a7f1-7f7db3ede647.webp\"><img loading=\"lazy\" decoding=\"async\" class=\"wp-image-427157 alignleft\" src=\"https:\/\/www.radiopiu.net\/wordpress\/wp-content\/uploads\/2024\/12\/ff263c6f-2ee3-4907-a7f1-7f7db3ede647-300x300.webp\" alt=\"\" width=\"130\" height=\"130\" srcset=\"https:\/\/www.radiopiu.net\/wordpress\/wp-content\/uploads\/2024\/12\/ff263c6f-2ee3-4907-a7f1-7f7db3ede647-300x300.webp 300w, https:\/\/www.radiopiu.net\/wordpress\/wp-content\/uploads\/2024\/12\/ff263c6f-2ee3-4907-a7f1-7f7db3ede647-150x150.webp 150w, https:\/\/www.radiopiu.net\/wordpress\/wp-content\/uploads\/2024\/12\/ff263c6f-2ee3-4907-a7f1-7f7db3ede647-768x768.webp 768w, https:\/\/www.radiopiu.net\/wordpress\/wp-content\/uploads\/2024\/12\/ff263c6f-2ee3-4907-a7f1-7f7db3ede647.webp 1024w\" sizes=\"auto, (max-width: 130px) 100vw, 130px\" \/><\/a>Sextorsion a Belluno: Tentata Estorsione Online<\/h3>\n<p><strong>BELLUNO<\/strong> Un 24enne bellunese \u00e8 stato vittima di sextorsion durante il lockdown. Dopo aver conosciuto una presunta ragazza afroamericana su Telegram, il rapporto virtuale \u00e8 degenerato in un tentativo di estorsione. La donna, poi rivelatasi falsa, ha iniziato a richiedere denaro, minacciando di diffondere foto personali del ragazzo. Le richieste sono arrivate fino a mille euro. La fidanzata del giovane ha scoperto la truffa e denunciato l&#8217;accaduto. La Polizia Postale indaga contro ignoti. Un caso che evidenzia i rischi dei rapporti virtuali e delle truffe online.<\/p>\n<blockquote>\n<h3><\/h3>\n<h3><strong>Rissa e Mistero in Via del Boscon: Otto Indagati, Nessun Coltello Ritrovato<\/strong><\/h3>\n<\/blockquote>\n<p><strong>BELLUNO<\/strong> Otto indagati per lesioni aggravate e un coltello scomparso segnano il mistero di una colluttazione a Castion. Una donna 40enne accusa il gruppo di aggressione, ma gli indagati sostengono che la stessa abbia estratto l\u2019arma minacciandoli e ferendosi da sola durante lo scontro. La coppia aggredita parla di un agguato, ma le telecamere non chiariscono i fatti. La Procura valuta l\u2019archiviazione, mentre gli indagati potrebbero denunciare la donna per minaccia aggravata. Senza prove certe, il caso resta in bilico.<\/p>\n<blockquote><p><strong>Tentato omicidio alla stazione, vittima in coma senza ricordi<\/strong><\/p><\/blockquote>\n<p><strong>FELTRE<\/strong> Il 42enne I.M. \u00e8 stato brutalmente aggredito lo scorso 28 agosto alla stazione di Feltre, finendo in coma. L&#8217;aggressore, D.V., \u00e8 accusato di tentato omicidio ed \u00e8 detenuto in una sezione psichiatrica del carcere di Verona. La vittima si \u00e8 ripresa, ma non ricorda nulla. Le indagini preliminari, prossime alla chiusura, includono una perizia psichiatrica sull&#8217;indagato. Escluso il coinvolgimento di terzi, l&#8217;aggressione \u00e8 stata violenta, forse con una bottiglia. La Procura potrebbe chiedere il rinvio a giudizio il 14 gennaio.<\/p>\n<p>&nbsp;<\/p>\n<hr \/>\n<p>&nbsp;<\/p>\n<blockquote>\n<h3>DILLO A RADIO PIU&#8217;&#8230;I FURBETTI DELLA CODA A FALCADE 1<\/h3>\n<\/blockquote>\n<p><a class=\"dt-pswp-item\" href=\"https:\/\/www.radiopiu.net\/wordpress\/wp-content\/uploads\/2024\/12\/SCR-20241228-qblw.jpeg\" data-dt-img-description=\"Screenshot\" data-large_image_width=\"1526\" data-large_image_height=\"1048\"><img loading=\"lazy\" decoding=\"async\" class=\"wp-image-427013 alignleft\" src=\"https:\/\/www.radiopiu.net\/wordpress\/wp-content\/uploads\/2024\/12\/SCR-20241228-qblw-300x206.jpeg\" alt=\"\" width=\"183\" height=\"126\" srcset=\"https:\/\/www.radiopiu.net\/wordpress\/wp-content\/uploads\/2024\/12\/SCR-20241228-qblw-300x206.jpeg 300w, https:\/\/www.radiopiu.net\/wordpress\/wp-content\/uploads\/2024\/12\/SCR-20241228-qblw-1024x703.jpeg 1024w, https:\/\/www.radiopiu.net\/wordpress\/wp-content\/uploads\/2024\/12\/SCR-20241228-qblw-768x527.jpeg 768w, https:\/\/www.radiopiu.net\/wordpress\/wp-content\/uploads\/2024\/12\/SCR-20241228-qblw.jpeg 1526w\" sizes=\"auto, (max-width: 183px) 100vw, 183px\" \/><\/a><strong>RICEVIAMO E PUBBLICHIAMO\u00a0<\/strong><\/p>\n<p>Cara Radio Pi\u00f9, vorrei fare sommessamente, ma con determinazione, un appello al Comune di Falcade affinch\u00e9 si ponga attenzione a una situazione incresciosa causata da alcuni sconsiderati che ignorano i divieti per guadagnare qualche posizione in coda. Siamo tutti felici del boom temporaneo di afflusso turistico nel nostro paese: \u00e8 un\u2019ottima notizia per l\u2019economia locale e per le famiglie coinvolte nella filiera dello sci, della ricettivit\u00e0 e dei servizi. Speriamo davvero che questo periodo positivo possa durare anche oltre l\u2019Epifania. Tuttavia, il boom va gestito. Non si pu\u00f2 lasciare che le cose continuino cos\u00ec senza un intervento. Prendiamo, ad esempio, la gestione del traffico e il rispetto delle regole, come i divieti di accesso e i limiti di velocit\u00e0. Per evitare \u2013 speriamo mai! \u2013 un incidente frontale in via Garibaldi o un investimento di un pedone, bisognerebbe intervenire con urgenza. Attualmente, chiunque percorra a piedi via Caruo, scendendo dalla Coop, da piazza o via del Mercato verso via M.O. Serafini, si trover\u00e0 davanti un \u201cbiscione\u201d di auto. Centinaia di persone \u2013 madri e padri di famiglia \u2013 ignorano il divieto di accesso e utilizzano abusivamente via Caruo, un viottolo stretto e in discesa nel cuore del centro storico di Pi\u00e8 Falcade. La situazione \u00e8 aggravata dalla totale assenza della Polizia Locale, che dovrebbe invece intensificare i controlli, non ridurli, soprattutto in questi giorni di grande afflusso. Questo vale non solo per via Caruo, ma per tutte le strade paesane: il rispetto delle regole esistenti \u00e8 il minimo indispensabile. Che esempio stiamo dando ai turisti, italiani e stranieri, o persino ai nostri figli? Che tutto sia permesso, in spregio agli altri e al buon senso civico? Falcade, se vuole crescere e guardare al futuro, non pu\u00f2 andare controcorrente. Ovunque si cerca di accrescere la qualit\u00e0 della vita: un atteggiamento di \u201claissez-faire\u201d contraddice ogni proposta seria di marketing territoriale e sviluppo sostenibile.<\/p>\n<p>Pier Giorgio Oliveti<\/p>\n<p>&nbsp;<\/p>\n<h3>DILLO A RADIO PIU&#8217;&#8230;I FURBETTI DELLA CODA A FALCADE 2<\/h3>\n<div dir=\"auto\">Ho letto quanto pubblicato a proposito delle code che si formano a Falcade nell&#8217;orario di rientro dalle poste da sci in questi giorni e del comportamento scorretto di molti automobilisti, che ho potuto verificare di persona ieri.\u00a0 Forse impedendo l&#8217;accesso\u00a0 in Via Garibaldi all&#8217;altezza dell&#8217;albergo Belvedere il traffico in discesa rimarrebbe incanalato nella strada principale, rendendo pi\u00f9 semplice la gestione all&#8217;intersezione con via Focobon.\u00a0 Segnalo inoltre la grande maleducazione di molti automobilisti che in Piazza Municipio occupano indebitamente il posto riservato ai disabili e che, parcheggiando negli spazi riservati alle moto, impediscono l&#8217;accesso al parcheggio del condominio con i negozi.\u00a0 Purtroppo l&#8217;impegno degli agenti della Polizia Locale nella gestione del traffico impedisce loro di sanzionare i soliti furbetti.<\/div>\n<div dir=\"auto\">Alberto Nicol\u00f2 Pallaro<\/div>\n<p>&nbsp;<\/p>\n<p>&nbsp;<\/p>\n<blockquote>\n<h3>DILLO A RADIO PIU&#8217;&#8230;LA GESTIONE DEL TRAFFICO A FALCADE<\/h3>\n<\/blockquote>\n<p><strong><a class=\"dt-pswp-item\" href=\"https:\/\/www.radiopiu.net\/wordpress\/wp-content\/uploads\/2021\/07\/FALCADE_ESTATE-2990.jpg\" data-dt-img-description=\"\" data-large_image_width=\"900\" data-large_image_height=\"600\"><img loading=\"lazy\" decoding=\"async\" class=\" wp-image-220251 alignleft\" src=\"https:\/\/www.radiopiu.net\/wordpress\/wp-content\/uploads\/2021\/07\/FALCADE_ESTATE-2990-300x200.jpg\" alt=\"\" width=\"207\" height=\"138\" srcset=\"https:\/\/www.radiopiu.net\/wordpress\/wp-content\/uploads\/2021\/07\/FALCADE_ESTATE-2990-300x200.jpg 300w, https:\/\/www.radiopiu.net\/wordpress\/wp-content\/uploads\/2021\/07\/FALCADE_ESTATE-2990-768x512.jpg 768w, https:\/\/www.radiopiu.net\/wordpress\/wp-content\/uploads\/2021\/07\/FALCADE_ESTATE-2990.jpg 900w\" sizes=\"auto, (max-width: 207px) 100vw, 207px\" \/><\/a>RICEVIAMO E PUBBLICHIAMO<\/strong><\/p>\n<p style=\"font-weight: 400;\">Mi riferisco alla lettera di Piergiorgio Oliveti pubblicata da Radio Pi\u00f9 con riferimento al traffico nel comune di Falcade. Certo, la situazione in questi giorni festivi non era delle pi\u00f9 ottimali ma, piuttosto caotica. La Polizia Locale in forza al Comune ( se non vado errato ha 2 persone in organico) ha fatto di tutto e di pi\u00f9. Li ho visti in questi giorni operare in situazioni difficili e complesse con altissimo senso del dovere e delle loro responsabilit\u00e0. Certo che, uno vale uno, e non si pu\u00f2 essere nello stesso momento in qualsiasi luogo. Il Comune di Falcade con la frazione di Caviola \u00e8 abbastanza vasto e le zone critiche sono moltissime. Un suggerimento che mi sento di dare al Sindaco Salvaterra \u00e8 quello di studiare bene il problema ed eventualmente verificare la possibilit\u00e0 di poter disporre di agenti provenienti da altri paesi dove la loro presenza non \u00e8 indispensabile. ( Sistema gi\u00e0 sperimentato, con successo, nel nostro Comune nei periodi estivi nelle scorse stagioni).<\/p>\n<p style=\"font-weight: 400;\">Rodolfo Pellegrinon<\/p>\n<p>&nbsp;<\/p>\n<hr \/>\n<p>&nbsp;<\/p>\n<blockquote>\n<h3>UNA DELEGAZIONE DI IMPRENDITORI, OTTICI, OFTALMOLOGI, OPTOMETRISTI HA INCONTRATO IL SANTO PADRE<\/h3>\n<\/blockquote>\n<p><strong><a class=\"dt-pswp-item\" href=\"https:\/\/www.radiopiu.net\/wordpress\/wp-content\/uploads\/2024\/12\/61E28DB3-40D3-4A9A-A52A-184C3740A3DE.jpeg\" data-dt-img-description=\"\" data-large_image_width=\"1600\" data-large_image_height=\"1075\"><img loading=\"lazy\" decoding=\"async\" class=\" wp-image-427058 alignleft\" src=\"https:\/\/www.radiopiu.net\/wordpress\/wp-content\/uploads\/2024\/12\/61E28DB3-40D3-4A9A-A52A-184C3740A3DE-300x202.jpeg\" alt=\"\" width=\"187\" height=\"126\" srcset=\"https:\/\/www.radiopiu.net\/wordpress\/wp-content\/uploads\/2024\/12\/61E28DB3-40D3-4A9A-A52A-184C3740A3DE-300x202.jpeg 300w, https:\/\/www.radiopiu.net\/wordpress\/wp-content\/uploads\/2024\/12\/61E28DB3-40D3-4A9A-A52A-184C3740A3DE-1024x688.jpeg 1024w, https:\/\/www.radiopiu.net\/wordpress\/wp-content\/uploads\/2024\/12\/61E28DB3-40D3-4A9A-A52A-184C3740A3DE-768x516.jpeg 768w, https:\/\/www.radiopiu.net\/wordpress\/wp-content\/uploads\/2024\/12\/61E28DB3-40D3-4A9A-A52A-184C3740A3DE-1536x1032.jpeg 1536w, https:\/\/www.radiopiu.net\/wordpress\/wp-content\/uploads\/2024\/12\/61E28DB3-40D3-4A9A-A52A-184C3740A3DE.jpeg 1600w\" sizes=\"auto, (max-width: 187px) 100vw, 187px\" \/><\/a>BELLUNO <\/strong>Lorraine Berton, presidente di Confindustria Belluno Dolomiti e di Anfao, accanto a una delegazione di imprenditori, ottici, oftalmologi, optometristi &#8211; su espressa richiesta di Alessandro Spiezia, ottico di fiducia del Papa &#8211; ha incontrato il Santo Padre in occasione delle celebrazioni di Santa Lucia, patrona della vista. L&#8217;incontro \u00e8 avvenuto in Vaticano poco prima di Natale. \u00c8 stata pura emozione: al Papa ho portato il saluto delle imprese e delle nostre Dolomiti\u201d, afferma Berton. &#8220;La vista \u00e8 uno dei doni pi\u00f9 preziosi che abbiamo e proteggerla significa custodire un dono prezioso\u201d, rimarca Berton. \u201cSi tratta di un impegno che l&#8217;occhialeria italiana porta avanti ogni giorno con passione e competenza, nuovi stimoli e grande creativit\u00e0\u201d. &#8220;L&#8217;incontro con il Santo Padre \u00e8 stato breve ma molto toccante: \u00e8 un uomo che trasmette pace e una profonda serenit\u00e0. Lo ringrazio ancora per il tempo che ha voluto dedicare al mondo dell&#8217;impresa e dell&#8217;occhiale. Saperlo al nostro fianco ci onora e ci ispira a fare il nostro lavoro sempre al meglio, custodendo il creato e avendo cura del benessere delle nostre comunit\u00e0\u201d, conclude Berton.<\/p>\n<p>&nbsp;<\/p>\n<p>&nbsp;<\/p>\n<hr \/>\n<p>&nbsp;<\/p>\n<blockquote>\n<h3>LA MANOVRA DI BILANCIO 2025 \u00c8 POSITIVA PER CLAUDIA SCARZANELLA DI CONFARTIGIANATO BELLUNO<\/h3>\n<\/blockquote>\n<p><strong><a class=\"dt-pswp-item\" href=\"https:\/\/www.radiopiu.net\/wordpress\/wp-content\/uploads\/2024\/12\/scarzanella-dic24-scaled.jpg\" data-dt-img-description=\"\" data-large_image_width=\"1969\" data-large_image_height=\"2560\"><img loading=\"lazy\" decoding=\"async\" class=\" wp-image-427054 alignleft\" src=\"https:\/\/www.radiopiu.net\/wordpress\/wp-content\/uploads\/2024\/12\/scarzanella-dic24-231x300.jpg\" alt=\"\" width=\"136\" height=\"177\" srcset=\"https:\/\/www.radiopiu.net\/wordpress\/wp-content\/uploads\/2024\/12\/scarzanella-dic24-231x300.jpg 231w, https:\/\/www.radiopiu.net\/wordpress\/wp-content\/uploads\/2024\/12\/scarzanella-dic24-787x1024.jpg 787w, https:\/\/www.radiopiu.net\/wordpress\/wp-content\/uploads\/2024\/12\/scarzanella-dic24-768x999.jpg 768w, https:\/\/www.radiopiu.net\/wordpress\/wp-content\/uploads\/2024\/12\/scarzanella-dic24-1181x1536.jpg 1181w, https:\/\/www.radiopiu.net\/wordpress\/wp-content\/uploads\/2024\/12\/scarzanella-dic24-1575x2048.jpg 1575w, https:\/\/www.radiopiu.net\/wordpress\/wp-content\/uploads\/2024\/12\/scarzanella-dic24-scaled.jpg 1969w\" sizes=\"auto, (max-width: 136px) 100vw, 136px\" \/><\/a>BELLUNO<\/strong> La presidente di Confartigianato Belluno, Claudia Scarzanella, valuta positivamente la Manovra di Bilancio 2025, che destina il 64% delle risorse alla riduzione della pressione fiscale e sostiene le imprese con misure come il Fondo di Garanzia e la legge Sabatini. Tuttavia, critica l\u2019esclusione delle microimprese dalla riduzione dell\u2019IRES al 20% e segnala che i costi sui prestiti bancari rischiano di penalizzare le aziende pi\u00f9 fragili. Sul fronte dell\u2019innovazione, semplificazioni al programma Transizione 5.0 sono accolte con favore, ma resta il rischio di esclusione per le imprese meno strutturate. Anche nel settore edilizio, la riduzione delle detrazioni fiscali solleva preoccupazioni, mentre sono apprezzate le agevolazioni per assunzioni stabili e apprendistato. Scarzanella invita a un approccio pi\u00f9 organico, valorizzando il legame tra imprese artigiane e territorio, e sottolinea l\u2019importanza di reti d\u2019impresa per affrontare le sfide del mercato.<\/p>\n<p>&nbsp;<\/p>\n<p>&nbsp;<\/p>\n<hr \/>\n<p>&nbsp;<\/p>\n<blockquote>\n<h3>IN VENETO ABBIAMO POCHE IMPRESE \u201cROSA\u201d<\/h3>\n<\/blockquote>\n<p><a class=\"dt-pswp-item\" href=\"https:\/\/www.radiopiu.net\/wordpress\/wp-content\/uploads\/2024\/12\/20241228111723.png\" data-dt-img-description=\"\" data-large_image_width=\"489\" data-large_image_height=\"787\"><img loading=\"lazy\" decoding=\"async\" class=\"size-medium wp-image-426953 alignleft\" src=\"https:\/\/www.radiopiu.net\/wordpress\/wp-content\/uploads\/2024\/12\/20241228111723-186x300.png\" alt=\"\" width=\"186\" height=\"300\" srcset=\"https:\/\/www.radiopiu.net\/wordpress\/wp-content\/uploads\/2024\/12\/20241228111723-186x300.png 186w, https:\/\/www.radiopiu.net\/wordpress\/wp-content\/uploads\/2024\/12\/20241228111723.png 489w\" sizes=\"auto, (max-width: 186px) 100vw, 186px\" \/><\/a>Sia per incidenza percentuale sul totale che per numero assoluto, le imprese guidate da donne venete non sono tantissime. Nonostante possiamo contare su un tasso di occupazione femminile in Veneto relativamente elevato, pari al 62,9 per cento (vedi Graf. 1), la vocazione delle donne venete ad avviare un\u2019attivit\u00e0 imprenditoriale \u00e8 abbastanza contenuta. Complessivamente le imprese femminili presenti nella nostra regione sono 87.840 e sul totale delle imprese presenti in regione incidono per il 20,8 per cento. A livello nazionale solo la Lombardia con il 19,7 per cento e il Trentino Alto Adige con il 18,8 registrano un dato inferiore al nostro. La media nazionale, invece, \u00e8 del 22,7 per cento (vedi Tab. 1). In valore assoluto, invece, tra tutte le regioni italiane il Veneto con le sue 87.840 imprese femminili si colloca al 5\u00b0 posto.<\/p>\n<p>Bench\u00e9 i dati relativi al Veneto non siano particolarmente esaltanti, in molti settori anche della nostra regione le aziende guidate da donne sono fondamentali, perch\u00e9 continuano a dare una spinta importante alla crescita e contribuiscono ad aumentare notevolmente la qualit\u00e0 del sistema economico. A differenza dei colleghi maschi, inoltre, le donne imprenditrici tendono a dare lavoro soprattutto ad altre donne. In un Paese come il nostro, che ha il tasso di occupazione femminile pi\u00f9 basso d&#8217;Europa, avere pi\u00f9 imprenditrici \u00e8 un passo decisivo per contrastare anche le disuguaglianze di genere.<\/p>\n<p><strong>\u2022 A DIFFERENZA DEI MASCHI, LE DONNE ASSUMONO DONNE<\/strong><\/p>\n<p>In generale possiamo affermare che il basso tasso di occupazione femminile in Italia \u00e8 principalmente attribuibile all&#8217;elevato carico di lavoro domestico che grava sulle spalle delle donne. Purtroppo, il nostro Paese ha storicamente investito in misura limitata nello sviluppo dei servizi sociali e della prima infanzia, penalizzando le donne in modo duplice. In assenza di adeguati investimenti in questi ambiti non sono stati creati nuovi posti di lavoro che avrebbero potuto essere occupati prevalentemente da donne. Numerosi studi a livello internazionale dimostrano come l&#8217;imprenditoria femminile possa rappresentare una chiave per incrementare l&#8217;occupazione femminile; infatti le donne che fanno impresa tendono ad assumere altre donne in misura significativamente maggiore rispetto ai loro colleghi maschi.<\/p>\n<p><strong><a class=\"dt-pswp-item\" href=\"https:\/\/www.radiopiu.net\/wordpress\/wp-content\/uploads\/2024\/12\/20241228111742.png\" data-dt-img-description=\"\" data-large_image_width=\"515\" data-large_image_height=\"463\"><img loading=\"lazy\" decoding=\"async\" class=\"size-medium wp-image-426954 alignleft\" src=\"https:\/\/www.radiopiu.net\/wordpress\/wp-content\/uploads\/2024\/12\/20241228111742-300x270.png\" alt=\"\" width=\"300\" height=\"270\" srcset=\"https:\/\/www.radiopiu.net\/wordpress\/wp-content\/uploads\/2024\/12\/20241228111742-300x270.png 300w, https:\/\/www.radiopiu.net\/wordpress\/wp-content\/uploads\/2024\/12\/20241228111742.png 515w\" sizes=\"auto, (max-width: 300px) 100vw, 300px\" \/><\/a>\u2022 L\u2019AUTOIMPIEGO COME STRUMENTO PER TORNARE NEL MERCATO DEL LAVORO E CONSEGUIRE I PROPRI SOGNI<\/strong><\/p>\n<p>La letteratura specializzata evidenzia almeno due fattori che motivano le donne a intraprendere un percorso imprenditoriale. Il primo \u00e8 strutturale ed \u00e8 correlato alla condizione socio-economica: situazioni di disoccupazione, tradizioni familiari o la presenza di incentivi economici inducono a considerare l&#8217;imprenditorialit\u00e0 come necessit\u00e0. Il secondo fattore \u00e8 motivazionale e concerne ragioni intrinseche che spingono le donne ad abbracciare tale opportunit\u00e0; questo aspetto sembra rispecchiare maggiormente la sensibilit\u00e0 femminile. Grazie all\u2019autoimprenditorialit\u00e0, le donne possono gestire con maggiore flessibilit\u00e0 gli impegni lavorativi insieme a quelli familiari. Inoltre, coloro che si trovano in condizioni di inattivit\u00e0 a causa della nascita di un figlio incontrano notevoli difficolt\u00e0 nel reinserirsi nel mercato del lavoro. L&#8217;autoimpiego si \u00e8 affermato come uno degli strumenti pi\u00f9 efficaci per riconquistare protagonismo nella propria vita professionale e realizzare i propri obiettivi e aspirazioni nella speranza di ottenere risultati economici gratificanti e una maggiore indipendenza.<\/p>\n<p><strong>LE IMPRESE IN ROSA VANNO BENE A ROVIGO E BELLUNO<\/strong><br \/>\nIl territorio veneto con l\u2019incidenza delle imprese femminili sul totale provinciale pi\u00f9 elevata \u00e8 Rovigo. Nel capoluogo polesano le 5.362 imprese femminili costituiscono il 23,9 per cento del totale. Seguono Belluno con un\u2019incidenza del 21,6 per cento e 2.835 aziende a guida femminile e Verona con il 21 per cento e 17.664 attivit\u00e0 capitanate da donne (vedi Tab. 2).<\/p>\n<p>&nbsp;<\/p>\n<p>&nbsp;<\/p>\n<hr \/>\n<p>&nbsp;<\/p>\n<h2><span style=\"color: #ff0000;\">CONSIGLI COMUNALI IN AGORDINO<\/span><\/h2>\n<p><strong>AGORDO<\/strong> Consiglio comunale oggi alle 12. Sette i punti da trattare tra cui le imposte IMU e IRPEF, l&#8217;aggiornamento del DUP, il nuovo schema di contratto con ASCA, il potenziamento di posti in asilo nido e la revisione ordinaria delle pertecipazioni<\/p>\n<p><strong>SELVA DI CADORE<\/strong> Consiglio comunale oggi alle 18:30. Otto i punti all&#8217;ordine del giorno tra cui la revisione ordinaria delle partecipazioni, l&#8217;imposta IMU, la verifica della quantit\u00e0 e qualit\u00e0 di aree fabbricabili, il DUP, l&#8217;approvazione del bilancio 2025\/27, il programma degli incarichi di collaborazioni esterne e il nuovo schema di contratto con ASCA<\/p>\n<p><strong>TAIBON<\/strong> Sei punti all&#8217;ordine del giorno nel consiglio comunale di oggi alle 16. Tra questi si parler\u00e0 delle imposte IMU e IRPEF, la revisione ordinaria delle partecipazioni, la convenzione con il comune di Agordo per il potenziamento dell&#8217;asilo nido e le modifiche al contratto con ASCA<\/p>\n<p><strong>SAN TOMASO<\/strong> Consiglio comunale oggi alle 20:30. Un solo punto da discutere: la revisione ordinaria delle partecipazioni<\/p>\n<p>&nbsp;<\/p>\n<hr \/>\n<p>&nbsp;<\/p>\n<blockquote>\n<h3>FESTA SOTTO L&#8217;ALBERO A SAN CIPRIANO DI TAIBON<\/h3>\n<\/blockquote>\n<p><strong>TAIBON<\/strong> Una serata in compagnia sotto l&#8217;albero di Natale di san Cipriano. Si ripete anche quest&#8217;anno la festa organizzata dal Comitato San Cipriano e dalla Pro Loco di Taibon. Una serata alternativa con buona musica, cibo e bevande a volont\u00e0 per avvicinarsi al nuovo anno che sta per arrivare.<\/p>\n<p><strong>IL VIDEO RADIO PIU&#8217;<\/strong><\/p>\n<p><iframe loading=\"lazy\" style=\"border: none; overflow: hidden;\" src=\"https:\/\/www.facebook.com\/plugins\/video.php?height=314&amp;href=https%3A%2F%2Fwww.facebook.com%2Fradiopiu%2Fvideos%2F1600656433912173%2F&amp;show_text=false&amp;width=560&amp;t=0\" width=\"560\" height=\"314\" frameborder=\"0\" scrolling=\"no\" allowfullscreen=\"allowfullscreen\" data-mce-fragment=\"1\"><\/iframe><\/p>\n<hr \/>\n<p>&nbsp;<\/p>\n<blockquote>\n<h3>UNA SALA GREMITA DI GENTE HA ACCOLTO CORRADO CATTADORI A RIVAMONTE PER LA STORIA DELLA VALLE IMPERINA E DELLE SUE MINIERE<\/h3>\n<\/blockquote>\n<p><strong><a class=\"dt-pswp-item\" href=\"https:\/\/www.radiopiu.net\/wordpress\/wp-content\/uploads\/2024\/12\/61eb3bef-d75e-42a2-bdb7-6999cc1b9f42.jpg\" data-dt-img-description=\"\" data-large_image_width=\"2048\" data-large_image_height=\"1536\"><img loading=\"lazy\" decoding=\"async\" class=\" wp-image-427080 alignleft\" src=\"https:\/\/www.radiopiu.net\/wordpress\/wp-content\/uploads\/2024\/12\/61eb3bef-d75e-42a2-bdb7-6999cc1b9f42-300x225.jpg\" alt=\"\" width=\"189\" height=\"142\" srcset=\"https:\/\/www.radiopiu.net\/wordpress\/wp-content\/uploads\/2024\/12\/61eb3bef-d75e-42a2-bdb7-6999cc1b9f42-300x225.jpg 300w, https:\/\/www.radiopiu.net\/wordpress\/wp-content\/uploads\/2024\/12\/61eb3bef-d75e-42a2-bdb7-6999cc1b9f42-1024x768.jpg 1024w, https:\/\/www.radiopiu.net\/wordpress\/wp-content\/uploads\/2024\/12\/61eb3bef-d75e-42a2-bdb7-6999cc1b9f42-768x576.jpg 768w, https:\/\/www.radiopiu.net\/wordpress\/wp-content\/uploads\/2024\/12\/61eb3bef-d75e-42a2-bdb7-6999cc1b9f42-1536x1152.jpg 1536w, https:\/\/www.radiopiu.net\/wordpress\/wp-content\/uploads\/2024\/12\/61eb3bef-d75e-42a2-bdb7-6999cc1b9f42.jpg 2048w\" sizes=\"auto, (max-width: 189px) 100vw, 189px\" \/><\/a>RIVAMONTE<\/strong> La parrocchia di San Floriano, guidata dal giovane don Fabiano Del Favero, ha organizzto un evento culturale alla Casa della Giovent\u00f9 di Rivamonte. Sono state proiettate immagini e approfondimenti sulla storia del paese e della vallata, con particolare attenzione alle miniere di Valle Imperina, recentemente rilanciate dalla gestione della B\u00f2tol Group di Fabrizio Vigilante. La presentazione, curata dallo storico locale Corrado Cattadori, intende valorizzare le radici e il percorso delle comunit\u00e0 locali. Un successo con la sal gremita di gente attenta ad ascoltare. Un ringraziamento a Giuliano Laveder per foto e video.<\/p>\n<p>&nbsp;<\/p>\n<p><strong>IL VIDEO<\/strong><\/p>\n<div style=\"width: 848px;\" class=\"wp-video\"><video class=\"wp-video-shortcode\" id=\"video-426937-1\" width=\"848\" height=\"480\" preload=\"metadata\" controls=\"controls\"><source type=\"video\/mp4\" src=\"https:\/\/www.radiopiu.net\/wordpress\/wp-content\/uploads\/2024\/12\/WhatsApp-Video-2024-12-29-at-16.42.45.mp4?_=1\" \/><a href=\"https:\/\/www.radiopiu.net\/wordpress\/wp-content\/uploads\/2024\/12\/WhatsApp-Video-2024-12-29-at-16.42.45.mp4\">https:\/\/www.radiopiu.net\/wordpress\/wp-content\/uploads\/2024\/12\/WhatsApp-Video-2024-12-29-at-16.42.45.mp4<\/a><\/video><\/div>\n<p>&nbsp;<\/p>\n<hr \/>\n<p>&nbsp;<\/p>\n<blockquote class=\"wp-embedded-content\" data-secret=\"bl9hg6FAjA\"><p><a href=\"https:\/\/www.radiopiu.net\/wordpress\/unantica-inscrizione-confinaria-incisa-nella-roccia-a-forcella-moschesin\/\">UN&#8217;ANTICA INSCRIZIONE CONFINARIA INCISA NELLA ROCCIA A FORCELLA MOSCHESIN<\/a><\/p><\/blockquote>\n<p><iframe loading=\"lazy\" class=\"wp-embedded-content\" sandbox=\"allow-scripts\" security=\"restricted\" style=\"position: absolute; visibility: hidden;\" title=\"&#8220;UN&#8217;ANTICA INSCRIZIONE CONFINARIA INCISA NELLA ROCCIA A FORCELLA MOSCHESIN&#8221; &#8212; Radio Pi\u00f9\" src=\"https:\/\/www.radiopiu.net\/wordpress\/unantica-inscrizione-confinaria-incisa-nella-roccia-a-forcella-moschesin\/embed\/#?secret=eUjycp9Zkt#?secret=bl9hg6FAjA\" data-secret=\"bl9hg6FAjA\" width=\"600\" height=\"338\" frameborder=\"0\" marginwidth=\"0\" marginheight=\"0\" scrolling=\"no\"><\/iframe><\/p>\n<p>&nbsp;<\/p>\n<hr \/>\n<p>&nbsp;<\/p>\n<blockquote>\n<h3>AGORDINO: OLTRE LE MONTAGNE E L\u2019OCEANO. IL LIBRO DI LUISA MANFROI E MORENO DE ZAIACOMO<\/h3>\n<\/blockquote>\n<p><strong><a class=\"dt-pswp-item\" href=\"https:\/\/www.radiopiu.net\/wordpress\/wp-content\/uploads\/2024\/12\/Libro-Agordino-oltre-le-montagne-e-loceano.jpg\" data-dt-img-description=\"\" data-large_image_width=\"2048\" data-large_image_height=\"1457\"><img loading=\"lazy\" decoding=\"async\" class=\" wp-image-426201 alignleft\" src=\"https:\/\/www.radiopiu.net\/wordpress\/wp-content\/uploads\/2024\/12\/Libro-Agordino-oltre-le-montagne-e-loceano-300x213.jpg\" alt=\"\" width=\"219\" height=\"155\" srcset=\"https:\/\/www.radiopiu.net\/wordpress\/wp-content\/uploads\/2024\/12\/Libro-Agordino-oltre-le-montagne-e-loceano-300x213.jpg 300w, https:\/\/www.radiopiu.net\/wordpress\/wp-content\/uploads\/2024\/12\/Libro-Agordino-oltre-le-montagne-e-loceano-1024x729.jpg 1024w, https:\/\/www.radiopiu.net\/wordpress\/wp-content\/uploads\/2024\/12\/Libro-Agordino-oltre-le-montagne-e-loceano-768x546.jpg 768w, https:\/\/www.radiopiu.net\/wordpress\/wp-content\/uploads\/2024\/12\/Libro-Agordino-oltre-le-montagne-e-loceano-1536x1093.jpg 1536w, https:\/\/www.radiopiu.net\/wordpress\/wp-content\/uploads\/2024\/12\/Libro-Agordino-oltre-le-montagne-e-loceano.jpg 2048w\" sizes=\"auto, (max-width: 219px) 100vw, 219px\" \/><\/a>REDAZIONE <\/strong>\u00c8 uscito in questi giorni il libro di Luisa Manfroi e Moreno De Zaiacomo: \u201cAGORDINO: OLTRE LE MONTAGNE E L\u2019OCEANO. L\u2019emigrazione dai comuni della Valle del Biois e dell\u2019alta Valle del Cordevole verso gli Stati Uniti d\u2019America\u201d. Un viaggio tra le vite di coloro che hanno lasciato i comuni agordini della Valle del Biois e dell&#8217;alta Valle del Cordevole, in provincia di Belluno, per cercare fortuna negli Stati Uniti d&#8217;America. Attraverso la ricerca, i racconti personali, le vicende, le immagini evocative, gli elenchi dei viaggi e dei passeggeri agordini che hanno varcato l&#8217;Oceano Atlantico, viene dato un volto e una storia ad alcuni dei nomi sui registri di immigrazione di Ellis Island, nella baia di New York, svelando il complesso e dinamico movimento migratorio che ha segnato l&#8217;Agordino tra la fine dell&#8217;Ottocento e la vigilia della Seconda Guerra Mondiale.<\/p>\n<p>&nbsp;<\/p>\n<blockquote class=\"wp-embedded-content\" data-secret=\"7L2JSn1jUO\"><p><a href=\"https:\/\/www.radiopiu.net\/wordpress\/valle-del-biois-storia-alla-radio-il-celentone-e-il-focolare-archivio-radio-piu-raccolta-1939-1970\/\">valle del biois STORIA ALLA RADIO, &#8220;IL CELENTONE&#8221; e &#8220;IL FOCOLARE&#8221; ARCHIVIO RADIO PIU raccolta 1939-1970<\/a><\/p><\/blockquote>\n<p><iframe loading=\"lazy\" class=\"wp-embedded-content\" sandbox=\"allow-scripts\" security=\"restricted\" style=\"position: absolute; visibility: hidden;\" title=\"&#8220;valle del biois STORIA ALLA RADIO, &#8220;IL CELENTONE&#8221; e &#8220;IL FOCOLARE&#8221; ARCHIVIO RADIO PIU raccolta 1939-1970&#8221; &#8212; Radio Pi\u00f9\" src=\"https:\/\/www.radiopiu.net\/wordpress\/valle-del-biois-storia-alla-radio-il-celentone-e-il-focolare-archivio-radio-piu-raccolta-1939-1970\/embed\/#?secret=HXI3fupbEY#?secret=7L2JSn1jUO\" data-secret=\"7L2JSn1jUO\" width=\"600\" height=\"338\" frameborder=\"0\" marginwidth=\"0\" marginheight=\"0\" scrolling=\"no\"><\/iframe><\/p>\n<blockquote class=\"wp-embedded-content\" data-secret=\"yZswM3PUNV\"><p><a href=\"https:\/\/www.radiopiu.net\/wordpress\/caviola-di-falcade-storia-alla-radio-1958-la-benedizione-della-nuova-chiesa\/\">caviola di falcade STORIA ALLA RADIO, 1958 LA BENEDIZIONE DELLA NUOVA CHIESA<\/a><\/p><\/blockquote>\n<p><iframe loading=\"lazy\" class=\"wp-embedded-content\" sandbox=\"allow-scripts\" security=\"restricted\" style=\"position: absolute; visibility: hidden;\" title=\"&#8220;caviola di falcade STORIA ALLA RADIO, 1958 LA BENEDIZIONE DELLA NUOVA CHIESA&#8221; &#8212; Radio Pi\u00f9\" src=\"https:\/\/www.radiopiu.net\/wordpress\/caviola-di-falcade-storia-alla-radio-1958-la-benedizione-della-nuova-chiesa\/embed\/#?secret=CmXAVW9Pm0#?secret=yZswM3PUNV\" data-secret=\"yZswM3PUNV\" width=\"600\" height=\"338\" frameborder=\"0\" marginwidth=\"0\" marginheight=\"0\" scrolling=\"no\"><\/iframe><\/p>\n<hr \/>\n<p>&nbsp;<\/p>\n<blockquote>\n<h1>Il Presepe Artistico di Roe di Sedico: un capolavoro da visitare<\/h1>\n<\/blockquote>\n<p><a class=\"dt-pswp-item\" href=\"https:\/\/www.radiopiu.net\/wordpress\/wp-content\/uploads\/2024\/12\/5162ed54-e3b2-4d17-82f0-cf26bd30086a.jpg\" data-dt-img-description=\"\" data-large_image_width=\"1200\" data-large_image_height=\"1600\"><img loading=\"lazy\" decoding=\"async\" class=\"size-medium wp-image-423381 alignleft\" src=\"https:\/\/www.radiopiu.net\/wordpress\/wp-content\/uploads\/2024\/12\/5162ed54-e3b2-4d17-82f0-cf26bd30086a-225x300.jpg\" alt=\"\" width=\"225\" height=\"300\" srcset=\"https:\/\/www.radiopiu.net\/wordpress\/wp-content\/uploads\/2024\/12\/5162ed54-e3b2-4d17-82f0-cf26bd30086a-225x300.jpg 225w, https:\/\/www.radiopiu.net\/wordpress\/wp-content\/uploads\/2024\/12\/5162ed54-e3b2-4d17-82f0-cf26bd30086a-768x1024.jpg 768w, https:\/\/www.radiopiu.net\/wordpress\/wp-content\/uploads\/2024\/12\/5162ed54-e3b2-4d17-82f0-cf26bd30086a-1152x1536.jpg 1152w, https:\/\/www.radiopiu.net\/wordpress\/wp-content\/uploads\/2024\/12\/5162ed54-e3b2-4d17-82f0-cf26bd30086a.jpg 1200w\" sizes=\"auto, (max-width: 225px) 100vw, 225px\" \/><\/a>Il presepe artistico di Roe di Sedico \u00e8 un\u2019opera straordinaria realizzata dai talentuosi autori Fabio Sommacal, Davide Lovisotto, Edi Tegner, Andrea Fontanive e Marco Bressan. Nato nel 1988, le prime edizioni venivano ospitate nella cappella invernale e smontate ogni anno. Dal 1991, grazie alla disponibilit\u00e0 di Don Rinaldo, il presepe ha trovato una sede permanente, permettendo la realizzazione di 32 edizioni fino all\u2019interruzione causata dalla pandemia. Dal 2022, l\u2019avventura \u00e8 ripartita con rinnovato entusiasmo. Il presepe \u00e8 visitabile fino al 31 gennaio: <strong>Domeniche e festivi:<\/strong> 10:00-12:00 e 14:00-18:30. <strong>Dal 25 dicembre al 6 gennaio:<\/strong> aperto anche nei feriali, nel pomeriggio 14:00-18:30. Un appuntamento imperdibile per immergersi nella magia del Natale e ammirare un\u2019opera che racconta tradizione e passione.<\/p>\n<p>&nbsp;<\/p>\n\n\t\t\t<style type='text\/css'>\n\t\t\t\t#gallery-3 {\n\t\t\t\t\tmargin: auto;\n\t\t\t\t}\n\t\t\t\t#gallery-3 .gallery-item {\n\t\t\t\t\tfloat: left;\n\t\t\t\t\tmargin-top: 10px;\n\t\t\t\t\ttext-align: center;\n\t\t\t\t\twidth: 12%;\n\t\t\t\t}\n\t\t\t\t#gallery-3 img {\n\t\t\t\t\tborder: 2px solid #cfcfcf;\n\t\t\t\t}\n\t\t\t\t#gallery-3 .gallery-caption {\n\t\t\t\t\tmargin-left: 0;\n\t\t\t\t}\n\t\t\t\t\/* see gallery_shortcode() in wp-includes\/media.php *\/\n\t\t\t<\/style>\n\t\t<div id='gallery-3' class='dt-gallery-container gallery galleryid-426937 gallery-columns-8 gallery-size-thumbnail'><dl class='gallery-item'>\n\t\t\t\t<dt class='gallery-icon landscape'>\n\t\t\t\t\t<a class=\"rollover rollover-zoom dt-pswp-item\" title=\"1708f0ec-4e7a-4978-b30d-3959327ffde0\" data-dt-img-description=\"\" data-large_image_width=\"1600\" data-large_image_height=\"1200\"href='https:\/\/www.radiopiu.net\/wordpress\/wp-content\/uploads\/2024\/12\/1708f0ec-4e7a-4978-b30d-3959327ffde0.jpg'><img loading=\"lazy\" decoding=\"async\" width=\"150\" height=\"150\" src=\"https:\/\/www.radiopiu.net\/wordpress\/wp-content\/uploads\/2024\/12\/1708f0ec-4e7a-4978-b30d-3959327ffde0-150x150.jpg\" class=\"attachment-thumbnail size-thumbnail\" alt=\"\" \/><\/a>\n\t\t\t\t<\/dt><\/dl><dl class='gallery-item'>\n\t\t\t\t<dt class='gallery-icon landscape'>\n\t\t\t\t\t<a class=\"rollover rollover-zoom dt-pswp-item\" title=\"31faecc0-e87e-406d-b6a8-6f5633f67e78\" data-dt-img-description=\"\" data-large_image_width=\"1600\" data-large_image_height=\"1200\"href='https:\/\/www.radiopiu.net\/wordpress\/wp-content\/uploads\/2024\/12\/31faecc0-e87e-406d-b6a8-6f5633f67e78.jpg'><img loading=\"lazy\" decoding=\"async\" width=\"150\" height=\"150\" src=\"https:\/\/www.radiopiu.net\/wordpress\/wp-content\/uploads\/2024\/12\/31faecc0-e87e-406d-b6a8-6f5633f67e78-150x150.jpg\" class=\"attachment-thumbnail size-thumbnail\" alt=\"\" \/><\/a>\n\t\t\t\t<\/dt><\/dl><dl class='gallery-item'>\n\t\t\t\t<dt class='gallery-icon landscape'>\n\t\t\t\t\t<a class=\"rollover rollover-zoom dt-pswp-item\" title=\"22cd45a8-8844-4e2d-8552-f9a2b7c9b35a\" data-dt-img-description=\"\" data-large_image_width=\"1600\" data-large_image_height=\"1200\"href='https:\/\/www.radiopiu.net\/wordpress\/wp-content\/uploads\/2024\/12\/22cd45a8-8844-4e2d-8552-f9a2b7c9b35a.jpg'><img loading=\"lazy\" decoding=\"async\" width=\"150\" height=\"150\" src=\"https:\/\/www.radiopiu.net\/wordpress\/wp-content\/uploads\/2024\/12\/22cd45a8-8844-4e2d-8552-f9a2b7c9b35a-150x150.jpg\" class=\"attachment-thumbnail size-thumbnail\" alt=\"\" \/><\/a>\n\t\t\t\t<\/dt><\/dl><dl class='gallery-item'>\n\t\t\t\t<dt class='gallery-icon landscape'>\n\t\t\t\t\t<a class=\"rollover rollover-zoom dt-pswp-item\" title=\"2f78f81d-54a0-473e-a048-6082fa5f0dfb\" data-dt-img-description=\"\" data-large_image_width=\"1600\" data-large_image_height=\"1200\"href='https:\/\/www.radiopiu.net\/wordpress\/wp-content\/uploads\/2024\/12\/2f78f81d-54a0-473e-a048-6082fa5f0dfb.jpg'><img loading=\"lazy\" decoding=\"async\" width=\"150\" height=\"150\" src=\"https:\/\/www.radiopiu.net\/wordpress\/wp-content\/uploads\/2024\/12\/2f78f81d-54a0-473e-a048-6082fa5f0dfb-150x150.jpg\" class=\"attachment-thumbnail size-thumbnail\" alt=\"\" \/><\/a>\n\t\t\t\t<\/dt><\/dl><dl class='gallery-item'>\n\t\t\t\t<dt class='gallery-icon landscape'>\n\t\t\t\t\t<a class=\"rollover rollover-zoom dt-pswp-item\" title=\"05ae5de8-f5ea-45b4-9b1f-d4e96bbb1fb8\" data-dt-img-description=\"\" data-large_image_width=\"1600\" data-large_image_height=\"1200\"href='https:\/\/www.radiopiu.net\/wordpress\/wp-content\/uploads\/2024\/12\/05ae5de8-f5ea-45b4-9b1f-d4e96bbb1fb8.jpg'><img loading=\"lazy\" decoding=\"async\" width=\"150\" height=\"150\" src=\"https:\/\/www.radiopiu.net\/wordpress\/wp-content\/uploads\/2024\/12\/05ae5de8-f5ea-45b4-9b1f-d4e96bbb1fb8-150x150.jpg\" class=\"attachment-thumbnail size-thumbnail\" alt=\"\" \/><\/a>\n\t\t\t\t<\/dt><\/dl><dl class='gallery-item'>\n\t\t\t\t<dt class='gallery-icon landscape'>\n\t\t\t\t\t<a class=\"rollover rollover-zoom dt-pswp-item\" title=\"9b5d2c47-0c82-43c2-ac45-eda00723a965\" data-dt-img-description=\"\" data-large_image_width=\"1600\" data-large_image_height=\"1200\"href='https:\/\/www.radiopiu.net\/wordpress\/wp-content\/uploads\/2024\/12\/9b5d2c47-0c82-43c2-ac45-eda00723a965.jpg'><img loading=\"lazy\" decoding=\"async\" width=\"150\" height=\"150\" src=\"https:\/\/www.radiopiu.net\/wordpress\/wp-content\/uploads\/2024\/12\/9b5d2c47-0c82-43c2-ac45-eda00723a965-150x150.jpg\" class=\"attachment-thumbnail size-thumbnail\" alt=\"\" \/><\/a>\n\t\t\t\t<\/dt><\/dl><dl class='gallery-item'>\n\t\t\t\t<dt class='gallery-icon landscape'>\n\t\t\t\t\t<a class=\"rollover rollover-zoom dt-pswp-item\" title=\"2ed1d8d3-409e-4775-94ed-91e3eda55c6e\" data-dt-img-description=\"\" data-large_image_width=\"1600\" data-large_image_height=\"1200\"href='https:\/\/www.radiopiu.net\/wordpress\/wp-content\/uploads\/2024\/12\/2ed1d8d3-409e-4775-94ed-91e3eda55c6e.jpg'><img loading=\"lazy\" decoding=\"async\" width=\"150\" height=\"150\" src=\"https:\/\/www.radiopiu.net\/wordpress\/wp-content\/uploads\/2024\/12\/2ed1d8d3-409e-4775-94ed-91e3eda55c6e-150x150.jpg\" class=\"attachment-thumbnail size-thumbnail\" alt=\"\" \/><\/a>\n\t\t\t\t<\/dt><\/dl><dl class='gallery-item'>\n\t\t\t\t<dt class='gallery-icon landscape'>\n\t\t\t\t\t<a class=\"rollover rollover-zoom dt-pswp-item\" title=\"0f25e816-4eb7-459e-b251-b05d839862fc\" data-dt-img-description=\"\" data-large_image_width=\"1600\" data-large_image_height=\"1200\"href='https:\/\/www.radiopiu.net\/wordpress\/wp-content\/uploads\/2024\/12\/0f25e816-4eb7-459e-b251-b05d839862fc.jpg'><img loading=\"lazy\" decoding=\"async\" width=\"150\" height=\"150\" src=\"https:\/\/www.radiopiu.net\/wordpress\/wp-content\/uploads\/2024\/12\/0f25e816-4eb7-459e-b251-b05d839862fc-150x150.jpg\" class=\"attachment-thumbnail size-thumbnail\" alt=\"\" \/><\/a>\n\t\t\t\t<\/dt><\/dl><br style=\"clear: both\" \/>\n\t\t\t<\/div>\n\n<p>&nbsp;<\/p>\n<hr \/>\n<p>&nbsp;<\/p>\n<p><strong><a class=\"dt-pswp-item\" href=\"https:\/\/www.radiopiu.net\/wordpress\/wp-content\/uploads\/2024\/11\/AMICI-MINERARI.png\" data-dt-img-description=\"\" data-large_image_width=\"209\" data-large_image_height=\"174\"><img loading=\"lazy\" decoding=\"async\" class=\" wp-image-419180 alignleft\" src=\"https:\/\/www.radiopiu.net\/wordpress\/wp-content\/uploads\/2024\/11\/AMICI-MINERARI.png\" alt=\"\" width=\"168\" height=\"140\" \/><\/a>&#8220;Con gli Amici dei Minerari: Serate d&#8217;Inverno \u2013 un viaggio tra storia, scienza e meraviglie. Incontri presso la Sala con T\u00e0-Mis. Non mancare!&#8221;<\/strong><\/p>\n<ul>\n<li><em>Venerd\u00ec 24 gennaio, ore 20:30<\/em>: &#8220;Il meraviglioso mondo dei fossili delle Dolomiti&#8221; \u2013 Relatore Danilo Giordano.<\/li>\n<li><em>Venerd\u00ec 21 febbraio, ore 20:30<\/em>: &#8220;Il traforo del Brennero: studio, progettazione e realizzazione&#8221; \u2013 Relatori Vittorio Fenti e Mario Guadagnini.<\/li>\n<\/ul>\n<p><strong>Vivi la cultura e la passione per la montagna!<\/strong><\/p>\n<p>&nbsp;<\/p>\n<p>&nbsp;<\/p>\n<hr \/>\n<p>&nbsp;<\/p>\n<blockquote>\n<h3>STORIE DI MONTAGNA IL 4 GENNAIO A SAN TOMASO<\/h3>\n<\/blockquote>\n<p><strong><a class=\"dt-pswp-item\" href=\"https:\/\/www.radiopiu.net\/wordpress\/wp-content\/uploads\/2024\/12\/fcf6f9a2-c8e2-48da-bcc7-20c5d5161e50-1.jpg\" data-dt-img-description=\"\" data-large_image_width=\"1080\" data-large_image_height=\"1080\"><img loading=\"lazy\" decoding=\"async\" class=\" wp-image-427004 alignleft\" src=\"https:\/\/www.radiopiu.net\/wordpress\/wp-content\/uploads\/2024\/12\/fcf6f9a2-c8e2-48da-bcc7-20c5d5161e50-1-300x300.jpg\" alt=\"\" width=\"125\" height=\"125\" srcset=\"https:\/\/www.radiopiu.net\/wordpress\/wp-content\/uploads\/2024\/12\/fcf6f9a2-c8e2-48da-bcc7-20c5d5161e50-1-300x300.jpg 300w, https:\/\/www.radiopiu.net\/wordpress\/wp-content\/uploads\/2024\/12\/fcf6f9a2-c8e2-48da-bcc7-20c5d5161e50-1-1024x1024.jpg 1024w, https:\/\/www.radiopiu.net\/wordpress\/wp-content\/uploads\/2024\/12\/fcf6f9a2-c8e2-48da-bcc7-20c5d5161e50-1-150x150.jpg 150w, https:\/\/www.radiopiu.net\/wordpress\/wp-content\/uploads\/2024\/12\/fcf6f9a2-c8e2-48da-bcc7-20c5d5161e50-1-768x768.jpg 768w, https:\/\/www.radiopiu.net\/wordpress\/wp-content\/uploads\/2024\/12\/fcf6f9a2-c8e2-48da-bcc7-20c5d5161e50-1.jpg 1080w\" sizes=\"auto, (max-width: 125px) 100vw, 125px\" \/><\/a>SAN TOMASO<\/strong> Sabato 4 gennaio alle 17.30, presso la Sala Parrocchiale di San Tomaso (Loc. Zelat), Luca e Paolo presenteranno per la prima volta in pubblico alcuni video, pi\u00f9 un inedito, realizzati da Luca tratti dai racconti contenuti nella rubrica I racconti di Paolo Soppelsa, presente nel sito di Radio Pi\u00f9 Emittente Agordina. Sar\u00e0 un&#8217;occasione per veder proiettati sul grande schermo questi video che narrano la montagna ed in particolare il territorio Agordino.<\/p>\n<p><strong>L&#8217;INVITO DI PAOLO SOPPELSA<\/strong><\/p>\n<audio class=\"wp-audio-shortcode\" id=\"audio-426937-10\" preload=\"none\" style=\"width: 100%;\" controls=\"controls\"><source type=\"audio\/mpeg\" src=\"https:\/\/www.radiopiu.net\/wordpress\/wp-content\/uploads\/2024\/12\/gr-30-storie-di-montagna-SOPPELSA.mp3?_=10\" \/><a href=\"https:\/\/www.radiopiu.net\/wordpress\/wp-content\/uploads\/2024\/12\/gr-30-storie-di-montagna-SOPPELSA.mp3\">https:\/\/www.radiopiu.net\/wordpress\/wp-content\/uploads\/2024\/12\/gr-30-storie-di-montagna-SOPPELSA.mp3<\/a><\/audio>\n<p>&nbsp;<\/p>\n<hr \/>\n<p>&nbsp;<\/p>\n<blockquote>\n<h3>SUL FILO DELL&#8217;ACQUA IN CADORE<\/h3>\n<\/blockquote>\n<p><strong>CADORE <\/strong>Sabato 11 gennaio, alle 21, nella Sala Consiliare della Magnifica Comunit\u00e0 di Cadore, il gruppo teatrale I Comelianti presenter\u00e0 \u201cSul filo dell\u2019Acqua\u201d. Lo spettacolo, ideato per il 600\u00b0 anniversario della dedizione del Cadore a Venezia, celebra il legame storico tra i due territori attraverso un mix di storia, teatro, musica e poesia. L\u2019evento, a ingresso libero, \u00e8 un omaggio artistico e culturale che valorizza il patrimonio condiviso e lo rende accessibile al pubblico moderno.<\/p>\n<p>&nbsp;<\/p>\n<p>&nbsp;<\/p>\n<hr \/>\n<p>&nbsp;<\/p>\n<h2><span style=\"color: #ff6600;\">IERI ALLA RADIO<\/span><\/h2>\n<h2><span style=\"color: #008080;\">DUE MINUTI PER TE<\/span><\/h2>\n<p><strong><a class=\"dt-pswp-item\" href=\"https:\/\/www.radiopiu.net\/wordpress\/wp-content\/uploads\/2020\/12\/DON-GIORGIO-LISE.jpg\" data-dt-img-description=\"\" data-large_image_width=\"1600\" data-large_image_height=\"901\"><img loading=\"lazy\" decoding=\"async\" class=\" wp-image-177420 alignleft\" src=\"https:\/\/www.radiopiu.net\/wordpress\/wp-content\/uploads\/2020\/12\/DON-GIORGIO-LISE-300x169.jpg\" alt=\"\" width=\"192\" height=\"108\" srcset=\"https:\/\/www.radiopiu.net\/wordpress\/wp-content\/uploads\/2020\/12\/DON-GIORGIO-LISE-300x169.jpg 300w, https:\/\/www.radiopiu.net\/wordpress\/wp-content\/uploads\/2020\/12\/DON-GIORGIO-LISE-1024x577.jpg 1024w, https:\/\/www.radiopiu.net\/wordpress\/wp-content\/uploads\/2020\/12\/DON-GIORGIO-LISE-768x432.jpg 768w, https:\/\/www.radiopiu.net\/wordpress\/wp-content\/uploads\/2020\/12\/DON-GIORGIO-LISE-1536x865.jpg 1536w, https:\/\/www.radiopiu.net\/wordpress\/wp-content\/uploads\/2020\/12\/DON-GIORGIO-LISE.jpg 1600w\" sizes=\"auto, (max-width: 192px) 100vw, 192px\" \/><\/a>APPUNTAMENTO DELLA DOMENICA CON IL PENSIERO DI MONSIGNOR GIORGIO LISE<\/strong><\/p>\n<audio class=\"wp-audio-shortcode\" id=\"audio-426937-11\" preload=\"none\" style=\"width: 100%;\" controls=\"controls\"><source type=\"audio\/mpeg\" src=\"https:\/\/www.radiopiu.net\/wordpress\/wp-content\/uploads\/2024\/12\/DON-GIORGIO-3.mp3?_=11\" \/><a href=\"https:\/\/www.radiopiu.net\/wordpress\/wp-content\/uploads\/2024\/12\/DON-GIORGIO-3.mp3\">https:\/\/www.radiopiu.net\/wordpress\/wp-content\/uploads\/2024\/12\/DON-GIORGIO-3.mp3<\/a><\/audio>\n<p>&nbsp;<\/p>\n<blockquote class=\"wp-embedded-content\" data-secret=\"xLn13PJ2zB\"><p><a href=\"https:\/\/www.radiopiu.net\/wordpress\/la-fine-dellanno-il-podcast\/\">LA FINE DELL&#8217;ANNO &#8211; IL PODCAST<\/a><\/p><\/blockquote>\n<p><iframe loading=\"lazy\" class=\"wp-embedded-content\" sandbox=\"allow-scripts\" security=\"restricted\" style=\"position: absolute; visibility: hidden;\" title=\"&#8220;LA FINE DELL&#8217;ANNO &#8211; IL PODCAST&#8221; &#8212; Radio Pi\u00f9\" src=\"https:\/\/www.radiopiu.net\/wordpress\/la-fine-dellanno-il-podcast\/embed\/#?secret=14FovBFuyc#?secret=xLn13PJ2zB\" data-secret=\"xLn13PJ2zB\" width=\"600\" height=\"338\" frameborder=\"0\" marginwidth=\"0\" marginheight=\"0\" scrolling=\"no\"><\/iframe><\/p>\n<p>&nbsp;<\/p>\n<blockquote class=\"wp-embedded-content\" data-secret=\"Z7F2qTQcbw\"><p><a href=\"https:\/\/www.radiopiu.net\/wordpress\/piu-siamo-con-marina-settimana-dal-23-al-27-dicembre-2024\/\">PIU&#8217; SIAMO&#8230;CON MARINA &#8211; SETTIMANA DAL 23 AL 27 DICEMBRE 2024<\/a><\/p><\/blockquote>\n<p><iframe loading=\"lazy\" class=\"wp-embedded-content\" sandbox=\"allow-scripts\" security=\"restricted\" style=\"position: absolute; visibility: hidden;\" title=\"&#8220;PIU&#8217; SIAMO&#8230;CON MARINA &#8211; SETTIMANA DAL 23 AL 27 DICEMBRE 2024&#8221; &#8212; Radio Pi\u00f9\" src=\"https:\/\/www.radiopiu.net\/wordpress\/piu-siamo-con-marina-settimana-dal-23-al-27-dicembre-2024\/embed\/#?secret=v7opdp2swH#?secret=Z7F2qTQcbw\" data-secret=\"Z7F2qTQcbw\" width=\"600\" height=\"338\" frameborder=\"0\" marginwidth=\"0\" marginheight=\"0\" scrolling=\"no\"><\/iframe><\/p>\n<p>&nbsp;<\/p>\n<hr \/>\n<p>&nbsp;<\/p>\n<blockquote>\n<h3>&#8220;CORTINA EXPRESS&#8221; AL CINEMA DOLOMITI DI FALCADE<\/h3>\n<\/blockquote>\n<p><strong><a class=\"dt-pswp-item\" href=\"https:\/\/www.radiopiu.net\/wordpress\/wp-content\/uploads\/2024\/12\/locandina-6.jpg\" data-dt-img-description=\"\" data-large_image_width=\"420\" data-large_image_height=\"615\"><img loading=\"lazy\" decoding=\"async\" class=\" wp-image-427064 alignleft\" src=\"https:\/\/www.radiopiu.net\/wordpress\/wp-content\/uploads\/2024\/12\/locandina-6-205x300.jpg\" alt=\"\" width=\"128\" height=\"187\" srcset=\"https:\/\/www.radiopiu.net\/wordpress\/wp-content\/uploads\/2024\/12\/locandina-6-205x300.jpg 205w, https:\/\/www.radiopiu.net\/wordpress\/wp-content\/uploads\/2024\/12\/locandina-6.jpg 420w\" sizes=\"auto, (max-width: 128px) 100vw, 128px\" \/><\/a>FALCADE\u00a0<\/strong>Continua la programmazione con i grandi fime del momento al Cinema Dolomiti di Falcade. Il 29 e 30 dicembre il cinepanettone con Lillo e Christian De Sica dal titolo &#8220;Cortina Express&#8221;. Lucio De Roberti, un affascinante viveur di mezza et\u00e0, si trova al centro di una commedia di intrecci familiari e ambizioni personali. L\u2019uomo si reca a Cortina d&#8217;Ampezzo per impedire che il nipote sposi la figlia di Patrizia Giordano, un\u2019abile discografica con un lato oscuro: la donna \u00e8 pronta a tutto per salvare la sua azienda sull&#8217;orlo del fallimento, appoggiata da un marito completamente succube. Il film, una brillante commedia di costume e sentimenti, \u00e8 stato girato nel maggio 2024, alternando le splendide ambientazioni montane di Cortina d&#8217;Ampezzo ai suggestivi scorci urbani di Roma. Tra paesaggi mozzafiato e intrighi di famiglia, la storia promette di catturare il pubblico con il suo mix di ironia e colpi di scena.<\/p>\n<p><span style=\"color: #ff0000;\"><strong>SPETTACOLI ALLE 21, IL 29 DICEMBRE ANCHE ALLE 15:30<\/strong><\/span><\/p>\n<p><strong>LA PRESENTAZIONE A CURA DI PAOLA LANCIATO<\/strong><\/p>\n<audio class=\"wp-audio-shortcode\" id=\"audio-426937-12\" preload=\"none\" style=\"width: 100%;\" controls=\"controls\"><source type=\"audio\/mpeg\" src=\"https:\/\/www.radiopiu.net\/wordpress\/wp-content\/uploads\/2024\/12\/CORTINA-EXPRESS.mp3?_=12\" \/><a href=\"https:\/\/www.radiopiu.net\/wordpress\/wp-content\/uploads\/2024\/12\/CORTINA-EXPRESS.mp3\">https:\/\/www.radiopiu.net\/wordpress\/wp-content\/uploads\/2024\/12\/CORTINA-EXPRESS.mp3<\/a><\/audio>\n<p>&nbsp;<\/p>\n<hr \/>\n<p>&nbsp;<\/p>\n<h2><span style=\"color: #ff0000;\"><a class=\"dt-pswp-item\" href=\"https:\/\/www.radiopiu.net\/wordpress\/wp-content\/uploads\/2018\/09\/appuntamenti.jpeg\" data-dt-img-description=\"\" data-large_image_width=\"800\" data-large_image_height=\"100\"><img loading=\"lazy\" decoding=\"async\" class=\"wp-image-61958 size-full aligncenter\" src=\"https:\/\/www.radiopiu.net\/wordpress\/wp-content\/uploads\/2018\/09\/appuntamenti.jpeg\" alt=\"\" width=\"800\" height=\"100\" srcset=\"https:\/\/www.radiopiu.net\/wordpress\/wp-content\/uploads\/2018\/09\/appuntamenti.jpeg 800w, https:\/\/www.radiopiu.net\/wordpress\/wp-content\/uploads\/2018\/09\/appuntamenti-300x38.jpeg 300w, https:\/\/www.radiopiu.net\/wordpress\/wp-content\/uploads\/2018\/09\/appuntamenti-768x96.jpeg 768w\" sizes=\"auto, (max-width: 800px) 100vw, 800px\" \/><\/a><\/span><\/h2>\n<div dir=\"auto\"><strong>AL CINEMA DOLOMITI DI FALCADE LE GRANDI PELLICOLE DEL MOMENTO. OGGI VERRA&#8217; PROIETTATO IL FILM &#8220;CORTINA EXPRESS&#8221;. SPETTACOLO ALLE 21<\/strong><\/div>\n<div class=\"xdj266r x11i5rnm xat24cr x1mh8g0r x1vvkbs x126k92a\">\n<div dir=\"auto\"><\/div>\n<\/div>\n<div>\n<div class=\"\" dir=\"auto\">\n<div id=\":r9h:\" class=\"x1iorvi4 x1pi30zi x1l90r2v x1swvt13\" data-ad-comet-preview=\"message\" data-ad-preview=\"message\">\n<div>\n<div class=\"\" dir=\"auto\">\n<div id=\":r9h:\" class=\"x1iorvi4 x1pi30zi x1l90r2v x1swvt13\" data-ad-comet-preview=\"message\" data-ad-preview=\"message\">\n<div class=\"xdj266r x11i5rnm xat24cr x1mh8g0r x1vvkbs x126k92a\">\n<div dir=\"auto\"><\/div>\n<\/div>\n<div>\n<div class=\"\" dir=\"auto\">\n<div id=\":r9h:\" class=\"x1iorvi4 x1pi30zi x1l90r2v x1swvt13\" data-ad-comet-preview=\"message\" data-ad-preview=\"message\">\n<div>\n<div class=\"\" dir=\"auto\">\n<div id=\":r9h:\" class=\"x1iorvi4 x1pi30zi x1l90r2v x1swvt13\" data-ad-comet-preview=\"message\" data-ad-preview=\"message\">\n\n\t\t\t<style type='text\/css'>\n\t\t\t\t#gallery-4 {\n\t\t\t\t\tmargin: auto;\n\t\t\t\t}\n\t\t\t\t#gallery-4 .gallery-item {\n\t\t\t\t\tfloat: left;\n\t\t\t\t\tmargin-top: 10px;\n\t\t\t\t\ttext-align: center;\n\t\t\t\t\twidth: 25%;\n\t\t\t\t}\n\t\t\t\t#gallery-4 img {\n\t\t\t\t\tborder: 2px solid #cfcfcf;\n\t\t\t\t}\n\t\t\t\t#gallery-4 .gallery-caption {\n\t\t\t\t\tmargin-left: 0;\n\t\t\t\t}\n\t\t\t\t\/* see gallery_shortcode() in wp-includes\/media.php *\/\n\t\t\t<\/style>\n\t\t<div id='gallery-4' class='dt-gallery-container gallery galleryid-426937 gallery-columns-4 gallery-size-thumbnail'><dl class='gallery-item'>\n\t\t\t\t<dt class='gallery-icon portrait'>\n\t\t\t\t\t<a class=\"rollover rollover-zoom dt-pswp-item\" title=\"manifesto serate invernali\" data-dt-img-description=\"\" data-large_image_width=\"1683\" data-large_image_height=\"2383\"href='https:\/\/www.radiopiu.net\/wordpress\/wp-content\/uploads\/2024\/11\/manifesto-serate-invernali.jpg'><img loading=\"lazy\" decoding=\"async\" width=\"150\" height=\"150\" src=\"https:\/\/www.radiopiu.net\/wordpress\/wp-content\/uploads\/2024\/11\/manifesto-serate-invernali-150x150.jpg\" class=\"attachment-thumbnail size-thumbnail\" alt=\"\" aria-describedby=\"gallery-4-418816\" \/><\/a>\n\t\t\t\t<\/dt>\n\t\t\t\t\t<dd class='wp-caption-text gallery-caption' id='gallery-4-418816'>\n\t\t\t\t\t21 FEBBRAIO\n\t\t\t\t\t<\/dd><\/dl><dl class='gallery-item'>\n\t\t\t\t<dt class='gallery-icon portrait'>\n\t\t\t\t\t<a class=\"rollover rollover-zoom dt-pswp-item\" title=\"locandina Insieme e\u0300 piu\u0300 bello\" data-dt-img-description=\"\" data-large_image_width=\"1131\" data-large_image_height=\"1600\"href='https:\/\/www.radiopiu.net\/wordpress\/wp-content\/uploads\/2024\/11\/locandina-Insieme-e-piu-bello.jpg'><img loading=\"lazy\" decoding=\"async\" width=\"150\" height=\"150\" src=\"https:\/\/www.radiopiu.net\/wordpress\/wp-content\/uploads\/2024\/11\/locandina-Insieme-e-piu-bello-150x150.jpg\" class=\"attachment-thumbnail size-thumbnail\" alt=\"\" aria-describedby=\"gallery-4-421314\" \/><\/a>\n\t\t\t\t<\/dt>\n\t\t\t\t\t<dd class='wp-caption-text gallery-caption' id='gallery-4-421314'>\n\t\t\t\t\tINSIEME A SAN GREGORIO\n\t\t\t\t\t<\/dd><\/dl><dl class='gallery-item'>\n\t\t\t\t<dt class='gallery-icon portrait'>\n\t\t\t\t\t<a class=\"rollover rollover-zoom dt-pswp-item\" title=\"0073db61-77c4-47e3-8986-5b9d5f40fa8a\" data-dt-img-description=\"\" data-large_image_width=\"1448\" data-large_image_height=\"2048\"href='https:\/\/www.radiopiu.net\/wordpress\/wp-content\/uploads\/2024\/12\/0073db61-77c4-47e3-8986-5b9d5f40fa8a.jpg'><img loading=\"lazy\" decoding=\"async\" width=\"150\" height=\"150\" src=\"https:\/\/www.radiopiu.net\/wordpress\/wp-content\/uploads\/2024\/12\/0073db61-77c4-47e3-8986-5b9d5f40fa8a-150x150.jpg\" class=\"attachment-thumbnail size-thumbnail\" alt=\"\" aria-describedby=\"gallery-4-422994\" \/><\/a>\n\t\t\t\t<\/dt>\n\t\t\t\t\t<dd class='wp-caption-text gallery-caption' id='gallery-4-422994'>\n\t\t\t\t\tNATALE A LA VALLE\n\t\t\t\t\t<\/dd><\/dl><dl class='gallery-item'>\n\t\t\t\t<dt class='gallery-icon portrait'>\n\t\t\t\t\t<a class=\"rollover rollover-zoom dt-pswp-item\" title=\"cc14bd66-7d3b-4192-aabf-82af02057496\" data-dt-img-description=\"\" data-large_image_width=\"1448\" data-large_image_height=\"2048\"href='https:\/\/www.radiopiu.net\/wordpress\/wp-content\/uploads\/2024\/12\/cc14bd66-7d3b-4192-aabf-82af02057496.jpg'><img loading=\"lazy\" decoding=\"async\" width=\"150\" height=\"150\" src=\"https:\/\/www.radiopiu.net\/wordpress\/wp-content\/uploads\/2024\/12\/cc14bd66-7d3b-4192-aabf-82af02057496-150x150.jpg\" class=\"attachment-thumbnail size-thumbnail\" alt=\"\" aria-describedby=\"gallery-4-422993\" \/><\/a>\n\t\t\t\t<\/dt>\n\t\t\t\t\t<dd class='wp-caption-text gallery-caption' id='gallery-4-422993'>\n\t\t\t\t\tNATALE A LA VALLE\n\t\t\t\t\t<\/dd><\/dl><br style=\"clear: both\" \/><dl class='gallery-item'>\n\t\t\t\t<dt class='gallery-icon landscape'>\n\t\t\t\t\t<a class=\"rollover rollover-zoom dt-pswp-item\" title=\"2e0045b9-30d0-4ed0-9e34-cff896fe6450\" data-dt-img-description=\"\" data-large_image_width=\"1280\" data-large_image_height=\"1280\"href='https:\/\/www.radiopiu.net\/wordpress\/wp-content\/uploads\/2024\/12\/2e0045b9-30d0-4ed0-9e34-cff896fe6450.jpg'><img loading=\"lazy\" decoding=\"async\" width=\"150\" height=\"150\" src=\"https:\/\/www.radiopiu.net\/wordpress\/wp-content\/uploads\/2024\/12\/2e0045b9-30d0-4ed0-9e34-cff896fe6450-150x150.jpg\" class=\"attachment-thumbnail size-thumbnail\" alt=\"\" aria-describedby=\"gallery-4-424006\" srcset=\"https:\/\/www.radiopiu.net\/wordpress\/wp-content\/uploads\/2024\/12\/2e0045b9-30d0-4ed0-9e34-cff896fe6450-150x150.jpg 150w, https:\/\/www.radiopiu.net\/wordpress\/wp-content\/uploads\/2024\/12\/2e0045b9-30d0-4ed0-9e34-cff896fe6450-300x300.jpg 300w, https:\/\/www.radiopiu.net\/wordpress\/wp-content\/uploads\/2024\/12\/2e0045b9-30d0-4ed0-9e34-cff896fe6450-1024x1024.jpg 1024w, https:\/\/www.radiopiu.net\/wordpress\/wp-content\/uploads\/2024\/12\/2e0045b9-30d0-4ed0-9e34-cff896fe6450-768x768.jpg 768w, https:\/\/www.radiopiu.net\/wordpress\/wp-content\/uploads\/2024\/12\/2e0045b9-30d0-4ed0-9e34-cff896fe6450.jpg 1280w\" sizes=\"auto, (max-width: 150px) 100vw, 150px\" \/><\/a>\n\t\t\t\t<\/dt>\n\t\t\t\t\t<dd class='wp-caption-text gallery-caption' id='gallery-4-424006'>\n\t\t\t\t\tCAPODANNO IN BIRRERIA\n\t\t\t\t\t<\/dd><\/dl><dl class='gallery-item'>\n\t\t\t\t<dt class='gallery-icon portrait'>\n\t\t\t\t\t<a class=\"rollover rollover-zoom dt-pswp-item\" title=\"1e189c5b-7e93-430e-965c-cb351f652e99\" data-dt-img-description=\"\" data-large_image_width=\"874\" data-large_image_height=\"1199\"href='https:\/\/www.radiopiu.net\/wordpress\/wp-content\/uploads\/2024\/12\/1e189c5b-7e93-430e-965c-cb351f652e99.jpg'><img loading=\"lazy\" decoding=\"async\" width=\"150\" height=\"150\" src=\"https:\/\/www.radiopiu.net\/wordpress\/wp-content\/uploads\/2024\/12\/1e189c5b-7e93-430e-965c-cb351f652e99-150x150.jpg\" class=\"attachment-thumbnail size-thumbnail\" alt=\"\" aria-describedby=\"gallery-4-425968\" \/><\/a>\n\t\t\t\t<\/dt>\n\t\t\t\t\t<dd class='wp-caption-text gallery-caption' id='gallery-4-425968'>\n\t\t\t\t\tALLA CASA DELLA GIOVENTU DI CAVIOLA\n\t\t\t\t\t<\/dd><\/dl><dl class='gallery-item'>\n\t\t\t\t<dt class='gallery-icon portrait'>\n\t\t\t\t\t<a class=\"rollover rollover-zoom dt-pswp-item\" title=\"9b5dcf5f-116e-4a59-b5d7-914bfda9423a\" data-dt-img-description=\"\" data-large_image_width=\"1131\" data-large_image_height=\"1600\"href='https:\/\/www.radiopiu.net\/wordpress\/wp-content\/uploads\/2024\/12\/9b5dcf5f-116e-4a59-b5d7-914bfda9423a.jpg'><img loading=\"lazy\" decoding=\"async\" width=\"150\" height=\"150\" src=\"https:\/\/www.radiopiu.net\/wordpress\/wp-content\/uploads\/2024\/12\/9b5dcf5f-116e-4a59-b5d7-914bfda9423a-150x150.jpg\" class=\"attachment-thumbnail size-thumbnail\" alt=\"\" aria-describedby=\"gallery-4-426348\" \/><\/a>\n\t\t\t\t<\/dt>\n\t\t\t\t\t<dd class='wp-caption-text gallery-caption' id='gallery-4-426348'>\n\t\t\t\t\tIN PISCINA AD AGORDO\n\t\t\t\t\t<\/dd><\/dl><dl class='gallery-item'>\n\t\t\t\t<dt class='gallery-icon portrait'>\n\t\t\t\t\t<a class=\"rollover rollover-zoom dt-pswp-item\" title=\"Locandina Emma Canton Roberto De Nart 11 gennaio 2025\" data-dt-img-description=\"\" data-large_image_width=\"1447\" data-large_image_height=\"2048\"href='https:\/\/www.radiopiu.net\/wordpress\/wp-content\/uploads\/2024\/12\/Locandina-Emma-Canton-Roberto-De-Nart-11-gennaio-2025.jpg'><img loading=\"lazy\" decoding=\"async\" width=\"150\" height=\"150\" src=\"https:\/\/www.radiopiu.net\/wordpress\/wp-content\/uploads\/2024\/12\/Locandina-Emma-Canton-Roberto-De-Nart-11-gennaio-2025-150x150.jpg\" class=\"attachment-thumbnail size-thumbnail\" alt=\"\" aria-describedby=\"gallery-4-426749\" \/><\/a>\n\t\t\t\t<\/dt>\n\t\t\t\t\t<dd class='wp-caption-text gallery-caption' id='gallery-4-426749'>\n\t\t\t\t\tCON ROBERTO DE NART\n\t\t\t\t\t<\/dd><\/dl><br style=\"clear: both\" \/><dl class='gallery-item'>\n\t\t\t\t<dt class='gallery-icon portrait'>\n\t\t\t\t\t<a class=\"rollover rollover-zoom dt-pswp-item\" title=\"concerto di inizio anno\" data-dt-img-description=\"\" data-large_image_width=\"1131\" data-large_image_height=\"1600\"href='https:\/\/www.radiopiu.net\/wordpress\/wp-content\/uploads\/2024\/12\/concerto-di-inizio-anno-.jpeg'><img loading=\"lazy\" decoding=\"async\" width=\"150\" height=\"150\" src=\"https:\/\/www.radiopiu.net\/wordpress\/wp-content\/uploads\/2024\/12\/concerto-di-inizio-anno--150x150.jpeg\" class=\"attachment-thumbnail size-thumbnail\" alt=\"\" aria-describedby=\"gallery-4-426978\" \/><\/a>\n\t\t\t\t<\/dt>\n\t\t\t\t\t<dd class='wp-caption-text gallery-caption' id='gallery-4-426978'>\n\t\t\t\t\tCONCERTO DI INIZIO ANNO\n\t\t\t\t\t<\/dd><\/dl><dl class='gallery-item'>\n\t\t\t\t<dt class='gallery-icon landscape'>\n\t\t\t\t\t<a class=\"rollover rollover-zoom dt-pswp-item\" title=\"fcf6f9a2-c8e2-48da-bcc7-20c5d5161e50\" data-dt-img-description=\"\" data-large_image_width=\"1080\" data-large_image_height=\"1080\"href='https:\/\/www.radiopiu.net\/wordpress\/wp-content\/uploads\/2024\/12\/fcf6f9a2-c8e2-48da-bcc7-20c5d5161e50.jpg'><img loading=\"lazy\" decoding=\"async\" width=\"150\" height=\"150\" src=\"https:\/\/www.radiopiu.net\/wordpress\/wp-content\/uploads\/2024\/12\/fcf6f9a2-c8e2-48da-bcc7-20c5d5161e50-150x150.jpg\" class=\"attachment-thumbnail size-thumbnail\" alt=\"\" aria-describedby=\"gallery-4-426994\" srcset=\"https:\/\/www.radiopiu.net\/wordpress\/wp-content\/uploads\/2024\/12\/fcf6f9a2-c8e2-48da-bcc7-20c5d5161e50-150x150.jpg 150w, https:\/\/www.radiopiu.net\/wordpress\/wp-content\/uploads\/2024\/12\/fcf6f9a2-c8e2-48da-bcc7-20c5d5161e50-300x300.jpg 300w, https:\/\/www.radiopiu.net\/wordpress\/wp-content\/uploads\/2024\/12\/fcf6f9a2-c8e2-48da-bcc7-20c5d5161e50-1024x1024.jpg 1024w, https:\/\/www.radiopiu.net\/wordpress\/wp-content\/uploads\/2024\/12\/fcf6f9a2-c8e2-48da-bcc7-20c5d5161e50-768x768.jpg 768w, https:\/\/www.radiopiu.net\/wordpress\/wp-content\/uploads\/2024\/12\/fcf6f9a2-c8e2-48da-bcc7-20c5d5161e50.jpg 1080w\" sizes=\"auto, (max-width: 150px) 100vw, 150px\" \/><\/a>\n\t\t\t\t<\/dt>\n\t\t\t\t\t<dd class='wp-caption-text gallery-caption' id='gallery-4-426994'>\n\t\t\t\t\tA SAN TOMASO\n\t\t\t\t\t<\/dd><\/dl><dl class='gallery-item'>\n\t\t\t\t<dt class='gallery-icon portrait'>\n\t\t\t\t\t<a class=\"rollover rollover-zoom dt-pswp-item\" title=\"Gennaio\" data-dt-img-description=\"\" data-large_image_width=\"841\" data-large_image_height=\"1190\"href='https:\/\/www.radiopiu.net\/wordpress\/wp-content\/uploads\/2024\/12\/Gennaio.jpg'><img loading=\"lazy\" decoding=\"async\" width=\"150\" height=\"150\" src=\"https:\/\/www.radiopiu.net\/wordpress\/wp-content\/uploads\/2024\/12\/Gennaio-150x150.jpg\" class=\"attachment-thumbnail size-thumbnail\" alt=\"\" aria-describedby=\"gallery-4-427015\" \/><\/a>\n\t\t\t\t<\/dt>\n\t\t\t\t\t<dd class='wp-caption-text gallery-caption' id='gallery-4-427015'>\n\t\t\t\t\tA GENNAIO A FELTRE\n\t\t\t\t\t<\/dd><\/dl><dl class='gallery-item'>\n\t\t\t\t<dt class='gallery-icon portrait'>\n\t\t\t\t\t<a class=\"rollover rollover-zoom dt-pswp-item\" title=\"Mostra_Calalzo_Disegni_e_Poesie_dal_20_dicembre\" data-dt-img-description=\"\" data-large_image_width=\"595\" data-large_image_height=\"841\"href='https:\/\/www.radiopiu.net\/wordpress\/wp-content\/uploads\/2024\/12\/Mostra_Calalzo_Disegni_e_Poesie_dal_20_dicembre.jpg'><img loading=\"lazy\" decoding=\"async\" width=\"150\" height=\"150\" src=\"https:\/\/www.radiopiu.net\/wordpress\/wp-content\/uploads\/2024\/12\/Mostra_Calalzo_Disegni_e_Poesie_dal_20_dicembre-150x150.jpg\" class=\"attachment-thumbnail size-thumbnail\" alt=\"\" aria-describedby=\"gallery-4-427077\" \/><\/a>\n\t\t\t\t<\/dt>\n\t\t\t\t\t<dd class='wp-caption-text gallery-caption' id='gallery-4-427077'>\n\t\t\t\t\tA CALALZO DI CADORE\n\t\t\t\t\t<\/dd><\/dl><br style=\"clear: both\" \/>\n\t\t\t<\/div>\n\n<\/div>\n<\/div>\n<\/div>\n<p>&nbsp;<\/p>\n<\/div>\n<\/div>\n<\/div>\n<\/div>\n<\/div>\n<\/div>\n<\/div>\n<\/div>\n<\/div>\n<p>&nbsp;<\/p>\n<div>\n<div class=\"\" dir=\"auto\">\n<div id=\":r9h:\" class=\"x1iorvi4 x1pi30zi x1l90r2v x1swvt13\" data-ad-comet-preview=\"message\" data-ad-preview=\"message\"><\/div>\n<\/div>\n<\/div>\n<p>&nbsp;<\/p>\n<hr \/>\n<p>&nbsp;<\/p>\n<p class=\"mceTemp\"><a class=\"dt-pswp-item\" href=\"https:\/\/www.radiopiu.net\/wordpress\/wp-content\/uploads\/2018\/09\/WhatsApp-Image-2018-09-20-at-16.04.06.jpeg\" data-dt-img-description=\"\" data-large_image_width=\"800\" data-large_image_height=\"100\"><img loading=\"lazy\" decoding=\"async\" class=\"wp-image-61378 size-full aligncenter\" src=\"https:\/\/www.radiopiu.net\/wordpress\/wp-content\/uploads\/2018\/09\/WhatsApp-Image-2018-09-20-at-16.04.06.jpeg\" alt=\"\" width=\"800\" height=\"100\" srcset=\"https:\/\/www.radiopiu.net\/wordpress\/wp-content\/uploads\/2018\/09\/WhatsApp-Image-2018-09-20-at-16.04.06.jpeg 800w, https:\/\/www.radiopiu.net\/wordpress\/wp-content\/uploads\/2018\/09\/WhatsApp-Image-2018-09-20-at-16.04.06-300x38.jpeg 300w, https:\/\/www.radiopiu.net\/wordpress\/wp-content\/uploads\/2018\/09\/WhatsApp-Image-2018-09-20-at-16.04.06-768x96.jpeg 768w\" sizes=\"auto, (max-width: 800px) 100vw, 800px\" \/><\/a><\/p>\n<p><center><\/center><center><\/center><center><b>\u00a0<\/b><\/center>&nbsp;<\/p>\n<p><center><b>OGGI<\/b><\/center><b>Tempo atteso: <\/b>Cielo sereno con tempo ben soleggiato e asciutto e con ottima visibilit\u00e0 a tutte le quote. Contesto termico ancora mite per il periodo in alta montagna e nelle ore diurne nelle valli e altopiani ben soleggiati, dove far\u00e0 ancora freddo di notte e al primo mattino a causa dell&#8217;inversione termica.<br \/>\n<b>Precipitazioni: <\/b>Assenti<br \/>\n<b>Temperature: <\/b>Senza notevoli variazioni, o in lieve calo le massime.<\/p>\n<hr \/>\n<p><center><b>DOMANI<\/b><\/center><b>Tempo atteso: <\/b>Sempre ben soleggiato, stabile, con ottima visibilit\u00e0 in quota. Rispetto ai giorni precedenti non si potr\u00e0 escludere la formazione di foschie o locali banchi di nebbia nei fondovalle prealpini nelle ore pi\u00f9 fredde.<br \/>\n<b>Precipitazioni: <\/b>Assenti<br \/>\n<b>Temperature: <\/b>In contenuto calo in quota; nelle valli minime stazionarie e massime in lieve calo.<\/p>\n<hr \/>\n<p><center><b>MERCOLEDI<\/b><\/center>Tempo perlopi\u00f9 soleggiato, specie sulle Dolomiti, con possibile formazione di nebbie nelle valli prealpine nelle ore pi\u00f9 fredde e transito di modesta nuvolosit\u00e0 alta nella seconda parte della giornata. Lieve calo termico in quota con attenuazione dell&#8217;inversione termica.<\/p>\n<hr \/>\n<p><center><b>GIOVEDI<\/b><\/center>Sulle Dolomiti perlopi\u00f9 soleggiato al mattino, nuvoloso per nubi medio-alte da ovest al pomeriggio\/sera; sulle Prealpi prevalentemente nuvoloso per probabile presenza di nebbie o nubi basse, localmente anche persistenti, oltre alle nubi alte pomeridiane. Temperature in apprezzabile calo in quota.<\/p>\n<p>&nbsp;<\/p>\n<hr \/>\n<p>&nbsp;<\/p>\n<p>&nbsp;<\/p>\n<p class=\"mceTemp\"><a class=\"dt-pswp-item\" href=\"https:\/\/www.radiopiu.net\/wordpress\/wp-content\/uploads\/2018\/09\/sport.jpg\" data-dt-img-description=\"\" data-large_image_width=\"800\" data-large_image_height=\"100\"><img loading=\"lazy\" decoding=\"async\" class=\"aligncenter wp-image-60761 size-full\" src=\"https:\/\/www.radiopiu.net\/wordpress\/wp-content\/uploads\/2018\/09\/sport.jpg\" alt=\"\" width=\"800\" height=\"100\" srcset=\"https:\/\/www.radiopiu.net\/wordpress\/wp-content\/uploads\/2018\/09\/sport.jpg 800w, https:\/\/www.radiopiu.net\/wordpress\/wp-content\/uploads\/2018\/09\/sport-300x38.jpg 300w, https:\/\/www.radiopiu.net\/wordpress\/wp-content\/uploads\/2018\/09\/sport-768x96.jpg 768w\" sizes=\"auto, (max-width: 800px) 100vw, 800px\" \/> <\/a><\/p>\n<p class=\"mceTemp\"><span style=\"color: #0000ff;\"><strong>\u00a0<\/strong><\/span><\/p>\n<p class=\"mceTemp\"><span style=\"color: #0000ff;\"><strong>HOCKEY SU GHIACCIO\u00a0<\/strong><\/span><\/p>\n<blockquote>\n<h3>IL FIEMME VINCE AD ALLEGHE. CIVETTE CON LA TESTA AL MASTER ROUND<\/h3>\n<\/blockquote>\n<p><strong>DI MARCO GAZ<\/strong><\/p>\n<p><span style=\"color: #ff0000;\"><strong>IHL \u2013 25\u00b0 GIORNATA<\/strong><\/span><\/p>\n<p><strong>ALLEGHE \u2013 FIEMME 2-4<\/strong><\/p>\n<p>PARZIALI: 0-0, 2-2, 0-2<\/p>\n<p>GOL: st. 1\u201900\u201d Popovic, 12\u201942\u201d Makela, 13\u201945\u201d De Val, 17\u201952\u201d Kizlo. tt. 7\u201918\u201d Chelodi, 18&#8217;00&#8221; Stanko<\/p>\n<p>La stagione regolare della IHL termina con una sconfitta per l\u2019Alleghe. Ma poco conta per le civette che con il nuovo anno giocheranno il Master Round. Una sfida giocata bene dagli alleghesi che, di fornte ai 1100 paganti del De Toni, hanno lottato ma non sono riusciti ad essere concreti sotto porta. Il Fiemme, al contrario, ha saputo sfruttare al meglio le occasioni arrivate portandosi a casa i tre punti in palio. Ora qualche giorno di riposo prima tornare in campo il 4 gennaio quando per gli agordini avr\u00e0 inizio il master round e quindi la qualificazione assicurata ai playoff di campionato. Ma solo nelle prossime ore verr\u00e0 ufficializzato il calendario della seconda fase della stagione. Ritmi alti fin dai primi minuti con le squadre che giocano a viso aperto. Le civette sembrano essere pi\u00f9 decise e provano fin da subito a mettere in difficolt\u00e0 la difesa trentina. Tanti i tiri in porta della squadra agordina che per\u00f2 non danno i frutti sperati. Il Fiemme prova a rispondere ma le conclusioni non sono delle migliori. Fiemmesi che si fanno pericolosi alla prima penalit\u00e0 a favore e prendono di mira De Nardin che in pi\u00f9 occasioni salva il risultato. La squadra ospite entra in campo pi\u00f9 decisa dopo la prima pausa e dopo un minuto sblocca l\u2019incontro con Popovic. L\u2019Alleghe non demorde e prova subito a ribaltare la partita ma le conclusioni vengono parate prontamente dal golie trentino. Spingono gli agordini che le provano tutte anche in powerplay. Si scaldano gli animi e i trentini finiscono pi\u00f9 volte in panca puniti. Viene spedito sotto la doccia Misconel per una testata ad Alessio, penalit\u00e0 partita per il giocatore del Fiemme. Qui le civette ingranano la marcia giusta e nel giro di pochi ribalta il risultato. Il primo gol alleghese \u00e8 di Makela e poi ci pensa De Val a portare in vantaggio i padroni di casa con un gol sporco su rebound. Il Fiemme non demorde e prima della seconda pausa pareggia di nuovo i conti con Kizlo. Terza frazione con i padroni di casa che partono bene mettendo in difficolt\u00e0 la difesa avversaria. Il Fiemme si riporta in vantaggio sfruttando una doppia superiorit\u00e0 numerica. Ci pensa Chelodi a battere De Nardin. Nel finale di gara l\u2019allenatore dell\u2019Alleghe prova a togliere il portiere e aggiungere un uomo di movimento in pi\u00f9, mossa azzardata che premia il Fiemme il quale chiude definitivamente la partita con la rete di Stanko<\/p>\n<p><strong>TURNO DI RIPOSO PER IL FELTRE<\/strong><\/p>\n<p><span style=\"color: #ff0000;\"><strong>LE FOTO DI MATTEO FLORIDIA<\/strong><\/span><\/p>\n\n\t\t\t<style type='text\/css'>\n\t\t\t\t#gallery-5 {\n\t\t\t\t\tmargin: auto;\n\t\t\t\t}\n\t\t\t\t#gallery-5 .gallery-item {\n\t\t\t\t\tfloat: left;\n\t\t\t\t\tmargin-top: 10px;\n\t\t\t\t\ttext-align: center;\n\t\t\t\t\twidth: 33%;\n\t\t\t\t}\n\t\t\t\t#gallery-5 img {\n\t\t\t\t\tborder: 2px solid #cfcfcf;\n\t\t\t\t}\n\t\t\t\t#gallery-5 .gallery-caption {\n\t\t\t\t\tmargin-left: 0;\n\t\t\t\t}\n\t\t\t\t\/* see gallery_shortcode() in wp-includes\/media.php *\/\n\t\t\t<\/style>\n\t\t<div id='gallery-5' class='dt-gallery-container gallery galleryid-426937 gallery-columns-3 gallery-size-medium'><dl class='gallery-item'>\n\t\t\t\t<dt class='gallery-icon landscape'>\n\t\t\t\t\t<a class=\"rollover rollover-zoom dt-pswp-item\" title=\"D3S_2971\" data-dt-img-description=\"\" data-large_image_width=\"2000\" data-large_image_height=\"1372\"href='https:\/\/www.radiopiu.net\/wordpress\/wp-content\/uploads\/2024\/12\/D3S_2971.jpg'><img loading=\"lazy\" decoding=\"async\" width=\"300\" height=\"206\" src=\"https:\/\/www.radiopiu.net\/wordpress\/wp-content\/uploads\/2024\/12\/D3S_2971-300x206.jpg\" class=\"attachment-medium size-medium\" alt=\"\" srcset=\"https:\/\/www.radiopiu.net\/wordpress\/wp-content\/uploads\/2024\/12\/D3S_2971-300x206.jpg 300w, https:\/\/www.radiopiu.net\/wordpress\/wp-content\/uploads\/2024\/12\/D3S_2971-1024x702.jpg 1024w, https:\/\/www.radiopiu.net\/wordpress\/wp-content\/uploads\/2024\/12\/D3S_2971-768x527.jpg 768w, https:\/\/www.radiopiu.net\/wordpress\/wp-content\/uploads\/2024\/12\/D3S_2971-1536x1054.jpg 1536w, https:\/\/www.radiopiu.net\/wordpress\/wp-content\/uploads\/2024\/12\/D3S_2971.jpg 2000w\" sizes=\"auto, (max-width: 300px) 100vw, 300px\" \/><\/a>\n\t\t\t\t<\/dt><\/dl><dl class='gallery-item'>\n\t\t\t\t<dt class='gallery-icon landscape'>\n\t\t\t\t\t<a class=\"rollover rollover-zoom dt-pswp-item\" title=\"D3S_2999\" data-dt-img-description=\"\" data-large_image_width=\"2000\" data-large_image_height=\"1383\"href='https:\/\/www.radiopiu.net\/wordpress\/wp-content\/uploads\/2024\/12\/D3S_2999.jpg'><img loading=\"lazy\" decoding=\"async\" width=\"300\" height=\"207\" src=\"https:\/\/www.radiopiu.net\/wordpress\/wp-content\/uploads\/2024\/12\/D3S_2999-300x207.jpg\" class=\"attachment-medium size-medium\" alt=\"\" srcset=\"https:\/\/www.radiopiu.net\/wordpress\/wp-content\/uploads\/2024\/12\/D3S_2999-300x207.jpg 300w, https:\/\/www.radiopiu.net\/wordpress\/wp-content\/uploads\/2024\/12\/D3S_2999-1024x708.jpg 1024w, https:\/\/www.radiopiu.net\/wordpress\/wp-content\/uploads\/2024\/12\/D3S_2999-768x531.jpg 768w, https:\/\/www.radiopiu.net\/wordpress\/wp-content\/uploads\/2024\/12\/D3S_2999-1536x1062.jpg 1536w, https:\/\/www.radiopiu.net\/wordpress\/wp-content\/uploads\/2024\/12\/D3S_2999.jpg 2000w\" sizes=\"auto, (max-width: 300px) 100vw, 300px\" \/><\/a>\n\t\t\t\t<\/dt><\/dl><dl class='gallery-item'>\n\t\t\t\t<dt class='gallery-icon landscape'>\n\t\t\t\t\t<a class=\"rollover rollover-zoom dt-pswp-item\" title=\"D3S_3025\" data-dt-img-description=\"\" data-large_image_width=\"2000\" data-large_image_height=\"1331\"href='https:\/\/www.radiopiu.net\/wordpress\/wp-content\/uploads\/2024\/12\/D3S_3025.jpg'><img loading=\"lazy\" decoding=\"async\" width=\"300\" height=\"200\" src=\"https:\/\/www.radiopiu.net\/wordpress\/wp-content\/uploads\/2024\/12\/D3S_3025-300x200.jpg\" class=\"attachment-medium size-medium\" alt=\"\" srcset=\"https:\/\/www.radiopiu.net\/wordpress\/wp-content\/uploads\/2024\/12\/D3S_3025-300x200.jpg 300w, https:\/\/www.radiopiu.net\/wordpress\/wp-content\/uploads\/2024\/12\/D3S_3025-1024x681.jpg 1024w, https:\/\/www.radiopiu.net\/wordpress\/wp-content\/uploads\/2024\/12\/D3S_3025-768x511.jpg 768w, https:\/\/www.radiopiu.net\/wordpress\/wp-content\/uploads\/2024\/12\/D3S_3025-1536x1022.jpg 1536w, https:\/\/www.radiopiu.net\/wordpress\/wp-content\/uploads\/2024\/12\/D3S_3025.jpg 2000w\" sizes=\"auto, (max-width: 300px) 100vw, 300px\" \/><\/a>\n\t\t\t\t<\/dt><\/dl><br style=\"clear: both\" \/><dl class='gallery-item'>\n\t\t\t\t<dt class='gallery-icon landscape'>\n\t\t\t\t\t<a class=\"rollover rollover-zoom dt-pswp-item\" title=\"D3S_3059\" data-dt-img-description=\"\" data-large_image_width=\"2000\" data-large_image_height=\"1754\"href='https:\/\/www.radiopiu.net\/wordpress\/wp-content\/uploads\/2024\/12\/D3S_3059.jpg'><img loading=\"lazy\" decoding=\"async\" width=\"300\" height=\"263\" src=\"https:\/\/www.radiopiu.net\/wordpress\/wp-content\/uploads\/2024\/12\/D3S_3059-300x263.jpg\" class=\"attachment-medium size-medium\" alt=\"\" srcset=\"https:\/\/www.radiopiu.net\/wordpress\/wp-content\/uploads\/2024\/12\/D3S_3059-300x263.jpg 300w, https:\/\/www.radiopiu.net\/wordpress\/wp-content\/uploads\/2024\/12\/D3S_3059-1024x898.jpg 1024w, https:\/\/www.radiopiu.net\/wordpress\/wp-content\/uploads\/2024\/12\/D3S_3059-768x674.jpg 768w, https:\/\/www.radiopiu.net\/wordpress\/wp-content\/uploads\/2024\/12\/D3S_3059-1536x1347.jpg 1536w, https:\/\/www.radiopiu.net\/wordpress\/wp-content\/uploads\/2024\/12\/D3S_3059.jpg 2000w\" sizes=\"auto, (max-width: 300px) 100vw, 300px\" \/><\/a>\n\t\t\t\t<\/dt><\/dl><dl class='gallery-item'>\n\t\t\t\t<dt class='gallery-icon landscape'>\n\t\t\t\t\t<a class=\"rollover rollover-zoom dt-pswp-item\" title=\"D3S_3095\" data-dt-img-description=\"\" data-large_image_width=\"2000\" data-large_image_height=\"1271\"href='https:\/\/www.radiopiu.net\/wordpress\/wp-content\/uploads\/2024\/12\/D3S_3095.jpg'><img loading=\"lazy\" decoding=\"async\" width=\"300\" height=\"191\" src=\"https:\/\/www.radiopiu.net\/wordpress\/wp-content\/uploads\/2024\/12\/D3S_3095-300x191.jpg\" class=\"attachment-medium size-medium\" alt=\"\" srcset=\"https:\/\/www.radiopiu.net\/wordpress\/wp-content\/uploads\/2024\/12\/D3S_3095-300x191.jpg 300w, https:\/\/www.radiopiu.net\/wordpress\/wp-content\/uploads\/2024\/12\/D3S_3095-1024x651.jpg 1024w, https:\/\/www.radiopiu.net\/wordpress\/wp-content\/uploads\/2024\/12\/D3S_3095-768x488.jpg 768w, https:\/\/www.radiopiu.net\/wordpress\/wp-content\/uploads\/2024\/12\/D3S_3095-1536x976.jpg 1536w, https:\/\/www.radiopiu.net\/wordpress\/wp-content\/uploads\/2024\/12\/D3S_3095.jpg 2000w\" sizes=\"auto, (max-width: 300px) 100vw, 300px\" \/><\/a>\n\t\t\t\t<\/dt><\/dl><dl class='gallery-item'>\n\t\t\t\t<dt class='gallery-icon landscape'>\n\t\t\t\t\t<a class=\"rollover rollover-zoom dt-pswp-item\" title=\"D3S_3121\" data-dt-img-description=\"\" data-large_image_width=\"2000\" data-large_image_height=\"1371\"href='https:\/\/www.radiopiu.net\/wordpress\/wp-content\/uploads\/2024\/12\/D3S_3121.jpg'><img loading=\"lazy\" decoding=\"async\" width=\"300\" height=\"206\" src=\"https:\/\/www.radiopiu.net\/wordpress\/wp-content\/uploads\/2024\/12\/D3S_3121-300x206.jpg\" class=\"attachment-medium size-medium\" alt=\"\" srcset=\"https:\/\/www.radiopiu.net\/wordpress\/wp-content\/uploads\/2024\/12\/D3S_3121-300x206.jpg 300w, https:\/\/www.radiopiu.net\/wordpress\/wp-content\/uploads\/2024\/12\/D3S_3121-1024x702.jpg 1024w, https:\/\/www.radiopiu.net\/wordpress\/wp-content\/uploads\/2024\/12\/D3S_3121-768x526.jpg 768w, https:\/\/www.radiopiu.net\/wordpress\/wp-content\/uploads\/2024\/12\/D3S_3121-1536x1053.jpg 1536w, https:\/\/www.radiopiu.net\/wordpress\/wp-content\/uploads\/2024\/12\/D3S_3121.jpg 2000w\" sizes=\"auto, (max-width: 300px) 100vw, 300px\" \/><\/a>\n\t\t\t\t<\/dt><\/dl><br style=\"clear: both\" \/>\n\t\t\t<\/div>\n\n<p>&nbsp;<\/p>\n<blockquote>\n<h3>DILLO A RADIO PIU&#8217;&#8230;UN PO&#8217; DI ALLEGHE ALLA SPENGLER CUP<\/h3>\n<\/blockquote>\n<p><a class=\"dt-pswp-item\" href=\"https:\/\/www.radiopiu.net\/wordpress\/wp-content\/uploads\/2024\/12\/TOM-POKEL-scaled.jpg\" data-dt-img-description=\"Deutsche Eishockey-Liga 2022\/23: Eisb\u00e4ren Berlin gegen Straubing Tigers\" data-large_image_width=\"2324\" data-large_image_height=\"2560\"><img loading=\"lazy\" decoding=\"async\" class=\"wp-image-427084 alignleft\" src=\"https:\/\/www.radiopiu.net\/wordpress\/wp-content\/uploads\/2024\/12\/TOM-POKEL-272x300.jpg\" alt=\"\" width=\"182\" height=\"201\" srcset=\"https:\/\/www.radiopiu.net\/wordpress\/wp-content\/uploads\/2024\/12\/TOM-POKEL-272x300.jpg 272w, https:\/\/www.radiopiu.net\/wordpress\/wp-content\/uploads\/2024\/12\/TOM-POKEL-930x1024.jpg 930w, https:\/\/www.radiopiu.net\/wordpress\/wp-content\/uploads\/2024\/12\/TOM-POKEL-768x846.jpg 768w, https:\/\/www.radiopiu.net\/wordpress\/wp-content\/uploads\/2024\/12\/TOM-POKEL-1394x1536.jpg 1394w, https:\/\/www.radiopiu.net\/wordpress\/wp-content\/uploads\/2024\/12\/TOM-POKEL-1859x2048.jpg 1859w\" sizes=\"auto, (max-width: 182px) 100vw, 182px\" \/><\/a><strong>RICEVIAMO E PUBBLICHIAMO<\/strong><\/p>\n<p>Con la presente, volevo omaggiare e congratularmi con il Coach Tom Pokel per la sua partecipazione con i suoi Strabuing Tigers, al torneo di\u00a0 Spengler Cup di Davos. Torneo su invito tra i pi\u00f9 antichi del panorama hockeystico. Tom Pokel che sicuramente ha lasciato ottimi ricordi nel mio amato Alleghe Hockey, la mia Squadra di Ice Hockey league il Bolzano e non ultimo l&#8217;hochey Pontebba. Insomma a Davos quest&#8217;anno un po&#8217; di Hockey Italiano o per lo meno il suo Amarcord. Hockey italiano che non ha la fama di competere con le leghe pi\u00f9 blasonate, ma che riesce e permette di fare gavetta&#8230; Come al nostro Tom Pokel. Congratulazioni Coach.<\/p>\n<p>Elia Ongaro &#8211; Tifoso Alleghese<\/p>\n<p>(foto: Wikipedia)<\/p>\n<p>&nbsp;<\/p>\n<p><span style=\"color: #0000ff;\"><strong>ATLETICA<\/strong><\/span><\/p>\n<blockquote>\n<h3>L&#8217;ATLETICA ZOLDO PREMIA I SUOI TALENTI<\/h3>\n<\/blockquote>\n<p><a class=\"dt-pswp-item\" href=\"https:\/\/www.radiopiu.net\/wordpress\/wp-content\/uploads\/2024\/12\/ATLETICA-ZOLDO-27-dic-2024_foto-di-gruppo-per-tutti-i-premiati_credito-E.-Bunetto.jpg\" data-dt-img-description=\"\" data-large_image_width=\"1700\" data-large_image_height=\"1134\"><img loading=\"lazy\" decoding=\"async\" class=\" wp-image-426992 alignleft\" src=\"https:\/\/www.radiopiu.net\/wordpress\/wp-content\/uploads\/2024\/12\/ATLETICA-ZOLDO-27-dic-2024_foto-di-gruppo-per-tutti-i-premiati_credito-E.-Bunetto-300x200.jpg\" alt=\"\" width=\"201\" height=\"134\" srcset=\"https:\/\/www.radiopiu.net\/wordpress\/wp-content\/uploads\/2024\/12\/ATLETICA-ZOLDO-27-dic-2024_foto-di-gruppo-per-tutti-i-premiati_credito-E.-Bunetto-300x200.jpg 300w, https:\/\/www.radiopiu.net\/wordpress\/wp-content\/uploads\/2024\/12\/ATLETICA-ZOLDO-27-dic-2024_foto-di-gruppo-per-tutti-i-premiati_credito-E.-Bunetto-1024x683.jpg 1024w, https:\/\/www.radiopiu.net\/wordpress\/wp-content\/uploads\/2024\/12\/ATLETICA-ZOLDO-27-dic-2024_foto-di-gruppo-per-tutti-i-premiati_credito-E.-Bunetto-768x512.jpg 768w, https:\/\/www.radiopiu.net\/wordpress\/wp-content\/uploads\/2024\/12\/ATLETICA-ZOLDO-27-dic-2024_foto-di-gruppo-per-tutti-i-premiati_credito-E.-Bunetto-1536x1025.jpg 1536w, https:\/\/www.radiopiu.net\/wordpress\/wp-content\/uploads\/2024\/12\/ATLETICA-ZOLDO-27-dic-2024_foto-di-gruppo-per-tutti-i-premiati_credito-E.-Bunetto.jpg 1700w\" sizes=\"auto, (max-width: 201px) 100vw, 201px\" \/><\/a>La Festa dell&#8217;Atletica Zoldo si \u00e8 tenuta il 27 dicembre a Fusine, celebrando gli atleti locali distintisi nel 2024. Premiati Isacco Costa, campione italiano di corsa in montagna e azzurro agli Europei, e Lucia Arnoldo, campionessa italiana Juniores in pista e medagliata ai Mondiali e agli Europei di corsa campestre. Tra gli ospiti d&#8217;onore, campioni storici come Luigino Bortoluzzi, Marco Gaiardo e Lucio Fregona. L\u2019Atletica Zoldo, guidata dal presidente Corrado De Rocco, ha riconosciuto anche gli atleti impegnati in competizioni locali e nazionali, tra cui trail e corsa su strada. De Rocco ha ringraziato allenatori, sponsor e famiglie, evidenziando la crescita della societ\u00e0, che conta 95 tesserati, 70 dei quali giovani. L\u2019Atletica Zoldo \u00e8 attiva anche nell&#8217;organizzazione di eventi come la Dolomiti Extreme Trail e la Sganbada Zoldana.<\/p>\n<p>&nbsp;<\/p>\n<p>&nbsp;<\/p>\n<p>&nbsp;<\/p>\n<p>&nbsp;<\/p>\n","protected":false},"excerpt":{"rendered":"<p>******** &nbsp; LA\u00a0 APP PER IOS-IPHONE di Nicola Vettorello https:\/\/apps.apple.com\/it\/app\/radio-pi%C3%B9-emittente-agordina\/id1515939845 LA\u00a0 APP RADIO\u00a0 PER ANDROID di Nicola Vettorello https:\/\/play.google.com\/store\/apps\/details?id=net.radiopiu.iniko\u00a0\u00a0\u00a0 &nbsp; 41 anni fa, in questi giorni, Floriano Pra, (sindaco di Alleghe dal 1970) ci ospitava nel suo ufficio in Comunit\u00e0 Montana concedendoci una prima lunga intervista. Era il Presidente dell&#8217;allora Comunit\u00e0 Montana Agordina a marchio&hellip;<\/p>\n","protected":false},"author":4,"featured_media":427158,"comment_status":"closed","ping_status":"closed","sticky":false,"template":"","format":"standard","meta":{"_monsterinsights_skip_tracking":false,"_monsterinsights_sitenote_active":false,"_monsterinsights_sitenote_note":"","_monsterinsights_sitenote_category":0,"footnotes":""},"categories":[51,86,49],"tags":[],"class_list":["post-426937","post","type-post","status-publish","format-standard","has-post-thumbnail","hentry","category-evidenza-top","category-gr","category-news-18","category-51","category-86","category-49","description-off"],"img_url":"https:\/\/www.radiopiu.net\/wordpress\/wp-content\/uploads\/2024\/12\/Senza-nome-122.png","_links":{"self":[{"href":"https:\/\/www.radiopiu.net\/wordpress\/wp-json\/wp\/v2\/posts\/426937","targetHints":{"allow":["GET"]}}],"collection":[{"href":"https:\/\/www.radiopiu.net\/wordpress\/wp-json\/wp\/v2\/posts"}],"about":[{"href":"https:\/\/www.radiopiu.net\/wordpress\/wp-json\/wp\/v2\/types\/post"}],"author":[{"embeddable":true,"href":"https:\/\/www.radiopiu.net\/wordpress\/wp-json\/wp\/v2\/users\/4"}],"replies":[{"embeddable":true,"href":"https:\/\/www.radiopiu.net\/wordpress\/wp-json\/wp\/v2\/comments?post=426937"}],"version-history":[{"count":43,"href":"https:\/\/www.radiopiu.net\/wordpress\/wp-json\/wp\/v2\/posts\/426937\/revisions"}],"predecessor-version":[{"id":427197,"href":"https:\/\/www.radiopiu.net\/wordpress\/wp-json\/wp\/v2\/posts\/426937\/revisions\/427197"}],"wp:featuredmedia":[{"embeddable":true,"href":"https:\/\/www.radiopiu.net\/wordpress\/wp-json\/wp\/v2\/media\/427158"}],"wp:attachment":[{"href":"https:\/\/www.radiopiu.net\/wordpress\/wp-json\/wp\/v2\/media?parent=426937"}],"wp:term":[{"taxonomy":"category","embeddable":true,"href":"https:\/\/www.radiopiu.net\/wordpress\/wp-json\/wp\/v2\/categories?post=426937"},{"taxonomy":"post_tag","embeddable":true,"href":"https:\/\/www.radiopiu.net\/wordpress\/wp-json\/wp\/v2\/tags?post=426937"}],"curies":[{"name":"wp","href":"https:\/\/api.w.org\/{rel}","templated":true}]}}