{"id":426984,"date":"2024-12-28T12:32:28","date_gmt":"2024-12-28T11:32:28","guid":{"rendered":"https:\/\/www.radiopiu.net\/wordpress\/?p=426984"},"modified":"2024-12-28T12:32:40","modified_gmt":"2024-12-28T11:32:40","slug":"anziano-accusa-un-malore-sopra-lamon","status":"publish","type":"post","link":"https:\/\/www.radiopiu.net\/wordpress\/anziano-accusa-un-malore-sopra-lamon\/","title":{"rendered":"ANZIANO ACCUSA UN MALORE SOPRA LAMON"},"content":{"rendered":"<p>*****<\/p>\n<p>&nbsp;<\/p>\n<p><strong>LAMON<\/strong> Attorno alle 10.20 la Centrale del 118 \u00e8 stata attivata per un uomo colto da malore mentre si trovava sul limitare del bosco, in prossimit\u00e0 della propria casera sul Col dei Tei. Il 78enne di Lamon \u00e8 stato raggiunto dal personale sanitario e dal tecnico di elisoccorso di Falco 2, risaliti al luogo dove si trovava dalle coordinate della posizione. Valutate le condizioni, l&#8217;uomo \u00e8 stato imbarcato e trasportato per i dovuti accertamenti all&#8217;ospedale di Feltre.<\/p>\n<p>&nbsp;<\/p>\n<p>&nbsp;<\/p>\n<p>********<\/p>\n","protected":false},"excerpt":{"rendered":"<p>***** &nbsp; LAMON Attorno alle 10.20 la Centrale del 118 \u00e8 stata attivata per un uomo colto da malore mentre si trovava sul limitare del bosco, in prossimit\u00e0 della propria casera sul Col dei Tei. Il 78enne di Lamon \u00e8 stato raggiunto dal personale sanitario e dal tecnico di elisoccorso di Falco 2, risaliti al&hellip;<\/p>\n","protected":false},"author":4,"featured_media":424548,"comment_status":"closed","ping_status":"closed","sticky":false,"template":"","format":"standard","meta":{"_monsterinsights_skip_tracking":false,"_monsterinsights_sitenote_active":false,"_monsterinsights_sitenote_note":"","_monsterinsights_sitenote_category":0,"footnotes":""},"categories":[51,49],"tags":[],"class_list":["post-426984","post","type-post","status-publish","format-standard","has-post-thumbnail","hentry","category-evidenza-top","category-news-18","category-51","category-49","description-off"],"img_url":"https:\/\/www.radiopiu.net\/wordpress\/wp-content\/uploads\/2024\/12\/DSC00443-Modifica-1-scaled.jpg","_links":{"self":[{"href":"https:\/\/www.radiopiu.net\/wordpress\/wp-json\/wp\/v2\/posts\/426984","targetHints":{"allow":["GET"]}}],"collection":[{"href":"https:\/\/www.radiopiu.net\/wordpress\/wp-json\/wp\/v2\/posts"}],"about":[{"href":"https:\/\/www.radiopiu.net\/wordpress\/wp-json\/wp\/v2\/types\/post"}],"author":[{"embeddable":true,"href":"https:\/\/www.radiopiu.net\/wordpress\/wp-json\/wp\/v2\/users\/4"}],"replies":[{"embeddable":true,"href":"https:\/\/www.radiopiu.net\/wordpress\/wp-json\/wp\/v2\/comments?post=426984"}],"version-history":[{"count":1,"href":"https:\/\/www.radiopiu.net\/wordpress\/wp-json\/wp\/v2\/posts\/426984\/revisions"}],"predecessor-version":[{"id":426985,"href":"https:\/\/www.radiopiu.net\/wordpress\/wp-json\/wp\/v2\/posts\/426984\/revisions\/426985"}],"wp:featuredmedia":[{"embeddable":true,"href":"https:\/\/www.radiopiu.net\/wordpress\/wp-json\/wp\/v2\/media\/424548"}],"wp:attachment":[{"href":"https:\/\/www.radiopiu.net\/wordpress\/wp-json\/wp\/v2\/media?parent=426984"}],"wp:term":[{"taxonomy":"category","embeddable":true,"href":"https:\/\/www.radiopiu.net\/wordpress\/wp-json\/wp\/v2\/categories?post=426984"},{"taxonomy":"post_tag","embeddable":true,"href":"https:\/\/www.radiopiu.net\/wordpress\/wp-json\/wp\/v2\/tags?post=426984"}],"curies":[{"name":"wp","href":"https:\/\/api.w.org\/{rel}","templated":true}]}}