{"id":426991,"date":"2024-12-29T10:51:53","date_gmt":"2024-12-29T09:51:53","guid":{"rendered":"https:\/\/www.radiopiu.net\/wordpress\/?p=426991"},"modified":"2024-12-29T10:51:16","modified_gmt":"2024-12-29T09:51:16","slug":"dillo-a-radio-piu-ma-livinallongo","status":"publish","type":"post","link":"https:\/\/www.radiopiu.net\/wordpress\/dillo-a-radio-piu-ma-livinallongo\/","title":{"rendered":"DILLO A RADIO PIU&#8217;&#8230;MA LIVINALLONGO? GOSALDO? MONTE CROCE?"},"content":{"rendered":"<p>*****<\/p>\n<p>&nbsp;<\/p>\n<p><strong><a class=\"dt-pswp-item\" href=\"https:\/\/www.radiopiu.net\/wordpress\/wp-content\/uploads\/2024\/12\/PASSO-PORDOI-scaled.jpg\" data-dt-img-description=\"\" data-large_image_width=\"2560\" data-large_image_height=\"1709\"><img loading=\"lazy\" decoding=\"async\" class=\" wp-image-426997 alignleft\" src=\"https:\/\/www.radiopiu.net\/wordpress\/wp-content\/uploads\/2024\/12\/PASSO-PORDOI-300x200.jpg\" alt=\"\" width=\"197\" height=\"131\" srcset=\"https:\/\/www.radiopiu.net\/wordpress\/wp-content\/uploads\/2024\/12\/PASSO-PORDOI-300x200.jpg 300w, https:\/\/www.radiopiu.net\/wordpress\/wp-content\/uploads\/2024\/12\/PASSO-PORDOI-1024x684.jpg 1024w, https:\/\/www.radiopiu.net\/wordpress\/wp-content\/uploads\/2024\/12\/PASSO-PORDOI-768x513.jpg 768w, https:\/\/www.radiopiu.net\/wordpress\/wp-content\/uploads\/2024\/12\/PASSO-PORDOI-1536x1025.jpg 1536w, https:\/\/www.radiopiu.net\/wordpress\/wp-content\/uploads\/2024\/12\/PASSO-PORDOI-2048x1367.jpg 2048w\" sizes=\"auto, (max-width: 197px) 100vw, 197px\" \/><\/a>RICEVIAMO E PUBBLICHIAMO<\/strong><\/p>\n<p>1 &#8211; Ho letto l&#8217;articolo sui nuovi cartelli stradali con il brand Dolomiti Bellunesi, ma Livinalongo non \u00e8 un comune di confine?<\/p>\n<p>2 &#8211; E adesso partir\u00e0 la polemica manca il Pordoi e il Campolongo (Livinallongo)<\/p>\n<p>3 &#8211; Non \u00e8 che ci si sia dimenticati anche di Gosaldo &#8211; Passo Cereda?<\/p>\n<p>(FOTO: Wikipedia)<\/p>\n<p>4 &#8211; <span class=\"\"><span class=\"xt0psk2\"><a class=\"x1i10hfl xjbqb8w x1ejq31n xd10rxx x1sy0etr x17r0tee x972fbf xcfux6l x1qhh985 xm0m39n x9f619 x1ypdohk xt0psk2 xe8uvvx xdj266r x11i5rnm xat24cr x1mh8g0r xexx8yu x4uap5 x18d9i69 xkhd6sd x16tdsg8 x1hl2dhg xggy1nq x1a2a7pz x1heor9g x1sur9pj xkrqix3 x1s688f\" tabindex=\"0\" role=\"link\" href=\"https:\/\/www.facebook.com\/groups\/61488111720\/user\/1633002215\/?__cft__[0]=AZWkKx8stx06UODQw0qNJJU0d8KSRfWwidd-msmGABwEEhM41MWyGK7h_T2FP3UbxfaHASvtTh5I9Zbu1P2TJnIWfhhlV8ePKUMNxhyerspMMcLB7lf_2C9H8QIehd-S7rSzpwqdCkwtPvfXiGWTtfWpjEtmaWvMfWMcjgve6V-OShv73zoUTp7hf4VJfR2gugLQaF3kp7x4bMynRSFnpY_X&amp;__tn__=R]-R\" aria-hidden=\"false\"><span class=\"x3nfvp2\"><span class=\"x193iq5w xeuugli x13faqbe x1vvkbs x1xmvt09 x1lliihq x1s928wv xhkezso x1gmr53x x1cpjm7i x1fgarty x1943h6x x4zkp8e x676frb x1nxh6w3 x1sibtaa x1s688f xzsf02u\" dir=\"auto\">Moreno Geremetta<\/span><\/span><\/a>\u00a0<\/span><\/span>E poi aggiungo: Cima Banche? Gosaldo? Pordoi? Campolongo? Valparola?\u00a0 Passo di Monte Croce?<\/p>\n<p>5- <span class=\"\"><span class=\"xt0psk2\"><a class=\"x1i10hfl xjbqb8w x1ejq31n xd10rxx x1sy0etr x17r0tee x972fbf xcfux6l x1qhh985 xm0m39n x9f619 x1ypdohk xt0psk2 xe8uvvx xdj266r x11i5rnm xat24cr x1mh8g0r xexx8yu x4uap5 x18d9i69 xkhd6sd x16tdsg8 x1hl2dhg xggy1nq x1a2a7pz x1heor9g x1sur9pj xkrqix3 x1s688f\" tabindex=\"0\" role=\"link\" href=\"https:\/\/www.facebook.com\/groups\/61488111720\/user\/1051660298\/?__cft__[0]=AZWkKx8stx06UODQw0qNJJU0d8KSRfWwidd-msmGABwEEhM41MWyGK7h_T2FP3UbxfaHASvtTh5I9Zbu1P2TJnIWfhhlV8ePKUMNxhyerspMMcLB7lf_2C9H8QIehd-S7rSzpwqdCkwtPvfXiGWTtfWpjEtmaWvMfWMcjgve6V-OShv73zoUTp7hf4VJfR2gugLQaF3kp7x4bMynRSFnpY_X&amp;__tn__=R]-R\" aria-hidden=\"false\"><span class=\"x3nfvp2\"><span class=\"x193iq5w xeuugli x13faqbe x1vvkbs x1xmvt09 x1lliihq x1s928wv xhkezso x1gmr53x x1cpjm7i x1fgarty x1943h6x x4zkp8e x676frb x1nxh6w3 x1sibtaa x1s688f xzsf02u\" dir=\"auto\">Luis Bertagnin<\/span><\/span><\/a> <\/span><\/span>Praticamente i punti pi\u00f9 importanti dimenticati dalla stessa belluno. Qualcuno dir\u00e0. Siete sempre a lamentarvi. Certo Tutto questo arriva con un spaventoso, vergognoso e ignorante ritardo da parte nostra. Aggiungo che se viene continuamente e volutamente sbagliata la locazione geografica delle dolomiti bellunesi, la colpa \u00e8 solo di belluno che ha acconsentito a tutto ci\u00f2 con un silenzio prolungato e spesso anche con complicit\u00e0. Meglio tardi che mai? Certo meglio tardi che mai. Ma fatto cos\u00ec adesso serve poco o niente. Intanto che stiamo qua a mettere i cartelli, nel frattempo \u00e8 partita sappada, e mentre tutti erano a compiangere a ovest la mutilazione di belluno, il Trentino in silenzio a est si stava portando via la fetta della marmolada alle spalle ignote dei bellunesi. Adesso c&#8217;\u00e8 la partita dei comuni che hanno fatto il referendum. Se \u00e8 sappada perch\u00e9 non pu\u00f2 farlo cortina e gli altri? Il sudtirol lo ha gi\u00e0 messo in agenda nell&#8217;ordine del giorno ed \u00e8 pi\u00f9 forte del sappadino Friuli. Belluno \u00e8 destinata a sparire spartita tra le autonomie vicine e quello che resta se lo prender\u00e0 Treviso perch\u00e9 una provincia cos\u00ec non pu\u00f2 stare in piedi. Adesso continuamo a mettere i cartelli dai\u00a0 Che sulle etichette del vino Trentino doc c&#8217;\u00e8 il pelmo<\/p>\n<p>6- <span class=\"\"><span class=\"xt0psk2\"><a class=\"x1i10hfl xjbqb8w x1ejq31n xd10rxx x1sy0etr x17r0tee x972fbf xcfux6l x1qhh985 xm0m39n x9f619 x1ypdohk xt0psk2 xe8uvvx xdj266r x11i5rnm xat24cr x1mh8g0r xexx8yu x4uap5 x18d9i69 xkhd6sd x16tdsg8 x1hl2dhg xggy1nq x1a2a7pz x1heor9g x1sur9pj xkrqix3 x1s688f\" tabindex=\"0\" role=\"link\" href=\"https:\/\/www.facebook.com\/groups\/61488111720\/user\/1017999810\/?__cft__[0]=AZWkKx8stx06UODQw0qNJJU0d8KSRfWwidd-msmGABwEEhM41MWyGK7h_T2FP3UbxfaHASvtTh5I9Zbu1P2TJnIWfhhlV8ePKUMNxhyerspMMcLB7lf_2C9H8QIehd-S7rSzpwqdCkwtPvfXiGWTtfWpjEtmaWvMfWMcjgve6V-OShv73zoUTp7hf4VJfR2gugLQaF3kp7x4bMynRSFnpY_X&amp;__tn__=R]-R\" aria-hidden=\"false\"><span class=\"x3nfvp2\"><span class=\"x193iq5w xeuugli x13faqbe x1vvkbs x1xmvt09 x1lliihq x1s928wv xhkezso x1gmr53x x1cpjm7i x1fgarty x1943h6x x4zkp8e x676frb x1nxh6w3 x1sibtaa x1s688f xzsf02u\" dir=\"auto\">Andrea Randy Dal Bo<\/span><\/span><\/a> <\/span><\/span>Come sempre in Italia funziona cos\u00ec. Quando si tratta di lavori della Pubblica Amministrazione, che siano essi Comunali, Provinciali, Regionali o Nazionali i prezzi lievitano a dismisura. Un cartello da 600\u20ac magicamente, costa 6000\u20ac. \u00c8 questa l&#8217;assurdit\u00e0. Certo, c&#8217;\u00e8 la progettazione, la realizzazione, la posa. Ma sono cmq cifre assurde. Soprattutto perch\u00e9 stiamo parlando di una cartello che di certo non migliorer\u00e0 i servizi, la viabilit\u00e0, o la manutenzione del territorio che a differenza dei paesi confinanti \u00e8 scarsa e visibilmente decadente.<\/p>\n<h3><span style=\"color: #ff0000;\"><strong>L&#8217;ARTICOLO PUBBLICATO NEL POMERIGGIO<\/strong><\/span><\/h3>\n<blockquote>\n<h3 class=\"entry-title\">INSTALLATI 11 CARTELLI STRADALI CON IL BRAND DOLOMITI BELLUNESI<\/h3>\n<\/blockquote>\n<p><strong class=\"photoswipe-wrapper\"><a class=\"dt-pswp-item pspw-wrap-ready\" href=\"https:\/\/www.radiopiu.net\/wordpress\/wp-content\/uploads\/2024\/12\/SCR-20241228-llam.png\" data-dt-img-description=\"\" data-large_image_width=\"1342\" data-large_image_height=\"888\"><img loading=\"lazy\" decoding=\"async\" class=\" wp-image-426987 alignleft\" src=\"https:\/\/www.radiopiu.net\/wordpress\/wp-content\/uploads\/2024\/12\/SCR-20241228-llam-300x199.png\" sizes=\"auto, (max-width: 213px) 100vw, 213px\" srcset=\"https:\/\/www.radiopiu.net\/wordpress\/wp-content\/uploads\/2024\/12\/SCR-20241228-llam-300x199.png 300w, https:\/\/www.radiopiu.net\/wordpress\/wp-content\/uploads\/2024\/12\/SCR-20241228-llam-1024x678.png 1024w, https:\/\/www.radiopiu.net\/wordpress\/wp-content\/uploads\/2024\/12\/SCR-20241228-llam-768x508.png 768w, https:\/\/www.radiopiu.net\/wordpress\/wp-content\/uploads\/2024\/12\/SCR-20241228-llam.png 1342w\" alt=\"\" width=\"213\" height=\"141\" \/><\/a>BELLUNO<\/strong>\u00a0Il benvenuto ai turisti e a tutti quelli che entrano in provincia di Belluno ha il colore dell\u2019enrosadira, quello che le Dolomiti acquisiscono all\u2019alba e al tramonto. I nuovi cartelli stradali posti all\u2019ingresso del territorio provinciale infatti sono rosa e portano la scritta \u201cDolomiti Bellunesi\u201d sotto l\u2019indicazione geografico-amministrativa della Provincia di Belluno, con i caratteri del nuovo brand. \u00abIn questo modo tutti coloro che arrivano in provincia sanno che stanno entrando nel territorio delle Dolomiti Bellunesi\u00bb spiega Vanessa De Francesch, consigliera provinciale delegata al turismo. \u00abL\u2019identit\u00e0 territoriale \u00e8 uno strumento forte di promozione e intende porre l\u2019accento sull\u2019appartenenza delle Dolomiti alla provincia di Belluno. Perch\u00e9 non \u00e8 scontato: basta vedere quanto accaduto con l\u2019errata attribuzione di Cortina al Trentino, non pi\u00f9 tardi di qualche giorno fa, nientemeno che su un tg della Rai\u00bb. L\u2019installazione dei nuovi cartelloni stradali rientra nell\u2019ambito delle azioni conclusive del progetto \u201cVivere le Dolomiti\u201d (finanziato dai Fondi di confine), e fa parte dell\u2019attuazione del piano di marketing che da un paio di anni \u00e8 aggiornato con il nuovo brand turistico e territoriale. Si tratta di un intervento di manutenzione, pertanto le strutture, le misure e i materiali sono stati mantenuti come da impianti esistenti, realizzati nel 2009. \u00c8 stata aggiornata la grafica con il nuovo brand Dolomiti Bellunesi, come previsto nel percorso che ha portato a una comunicazione specifica per la destinazione provincia di Belluno. \u00abLa posa dei nuovi cartelli \u00e8 una delle azioni di coronamento del percorso di brandizzazione del territorio, avviato dal consigliere provinciale Danilo De Toni, che ringrazio, in collaborazione con la Dmo Dolomiti Bellunesi. Grazie anche agli uffici provinciali per l\u2019attenzione con cui hanno seguito questo tema\u00bb continua la consigliera De Francesch. \u00abDobbiamo continuare a lavorare perch\u00e9 il marchio Dolomiti Bellunesi caratterizzi l\u2019intero territorio, tanto pi\u00f9 alla vigilia delle Olimpiadi e Paralimpiadi\u00bb. I cartelli sono 11, installati in 10 Comuni di confine con altre province, vale a dire Setteville, Arsi\u00e8, Sovramonte, Falcade (un cartello al Valles, l\u2019altro al San Pellegrino), Rocca Pietore (sul Fedaia), Auronzo, Lorenzago (sul Passo Mauria), Longarone, Alpago e Borgo Valbelluna (sul San Boldo). Grafica (in collaborazione con Dmo) e realizzazione valgono complessivamente poco meno di 70mila euro. L\u2019installazione \u00e8 stata completata nei giorni scorsi<\/p>\n<p>&nbsp;<\/p>\n<p>&nbsp;<\/p>\n<p>&nbsp;<\/p>\n<p>**********<\/p>\n","protected":false},"excerpt":{"rendered":"<p>***** &nbsp; RICEVIAMO E PUBBLICHIAMO 1 &#8211; Ho letto l&#8217;articolo sui nuovi cartelli stradali con il brand Dolomiti Bellunesi, ma Livinalongo non \u00e8 un comune di confine? 2 &#8211; E adesso partir\u00e0 la polemica manca il Pordoi e il Campolongo (Livinallongo) 3 &#8211; Non \u00e8 che ci si sia dimenticati anche di Gosaldo &#8211; Passo&hellip;<\/p>\n","protected":false},"author":4,"featured_media":426997,"comment_status":"closed","ping_status":"closed","sticky":false,"template":"","format":"standard","meta":{"_monsterinsights_skip_tracking":false,"_monsterinsights_sitenote_active":false,"_monsterinsights_sitenote_note":"","_monsterinsights_sitenote_category":0,"footnotes":""},"categories":[86,49],"tags":[],"class_list":["post-426991","post","type-post","status-publish","format-standard","has-post-thumbnail","hentry","category-gr","category-news-18","category-86","category-49","description-off"],"img_url":"https:\/\/www.radiopiu.net\/wordpress\/wp-content\/uploads\/2024\/12\/PASSO-PORDOI-scaled.jpg","_links":{"self":[{"href":"https:\/\/www.radiopiu.net\/wordpress\/wp-json\/wp\/v2\/posts\/426991","targetHints":{"allow":["GET"]}}],"collection":[{"href":"https:\/\/www.radiopiu.net\/wordpress\/wp-json\/wp\/v2\/posts"}],"about":[{"href":"https:\/\/www.radiopiu.net\/wordpress\/wp-json\/wp\/v2\/types\/post"}],"author":[{"embeddable":true,"href":"https:\/\/www.radiopiu.net\/wordpress\/wp-json\/wp\/v2\/users\/4"}],"replies":[{"embeddable":true,"href":"https:\/\/www.radiopiu.net\/wordpress\/wp-json\/wp\/v2\/comments?post=426991"}],"version-history":[{"count":5,"href":"https:\/\/www.radiopiu.net\/wordpress\/wp-json\/wp\/v2\/posts\/426991\/revisions"}],"predecessor-version":[{"id":427035,"href":"https:\/\/www.radiopiu.net\/wordpress\/wp-json\/wp\/v2\/posts\/426991\/revisions\/427035"}],"wp:featuredmedia":[{"embeddable":true,"href":"https:\/\/www.radiopiu.net\/wordpress\/wp-json\/wp\/v2\/media\/426997"}],"wp:attachment":[{"href":"https:\/\/www.radiopiu.net\/wordpress\/wp-json\/wp\/v2\/media?parent=426991"}],"wp:term":[{"taxonomy":"category","embeddable":true,"href":"https:\/\/www.radiopiu.net\/wordpress\/wp-json\/wp\/v2\/categories?post=426991"},{"taxonomy":"post_tag","embeddable":true,"href":"https:\/\/www.radiopiu.net\/wordpress\/wp-json\/wp\/v2\/tags?post=426991"}],"curies":[{"name":"wp","href":"https:\/\/api.w.org\/{rel}","templated":true}]}}