{"id":427024,"date":"2024-12-30T05:15:57","date_gmt":"2024-12-30T04:15:57","guid":{"rendered":"https:\/\/www.radiopiu.net\/wordpress\/?p=427024"},"modified":"2024-12-30T05:29:48","modified_gmt":"2024-12-30T04:29:48","slug":"falcade-tagliata-limu-agli-alberghi-per-sostenere-il-turismo","status":"publish","type":"post","link":"https:\/\/www.radiopiu.net\/wordpress\/falcade-tagliata-limu-agli-alberghi-per-sostenere-il-turismo\/","title":{"rendered":"Falcade: tagliata l&#8217;IMU agli alberghi per sostenere il turismo"},"content":{"rendered":"<p>***<\/p>\n<p><strong><a class=\"dt-pswp-item\" href=\"https:\/\/www.radiopiu.net\/wordpress\/wp-content\/uploads\/2022\/11\/CONSIGLIO-COMUNALE-FALCADE-1.jpg\" data-dt-img-description=\"\" data-large_image_width=\"1920\" data-large_image_height=\"1080\"><img loading=\"lazy\" decoding=\"async\" class=\" wp-image-304534 alignleft\" src=\"https:\/\/www.radiopiu.net\/wordpress\/wp-content\/uploads\/2022\/11\/CONSIGLIO-COMUNALE-FALCADE-1-300x169.jpg\" alt=\"\" width=\"249\" height=\"140\" srcset=\"https:\/\/www.radiopiu.net\/wordpress\/wp-content\/uploads\/2022\/11\/CONSIGLIO-COMUNALE-FALCADE-1-300x169.jpg 300w, https:\/\/www.radiopiu.net\/wordpress\/wp-content\/uploads\/2022\/11\/CONSIGLIO-COMUNALE-FALCADE-1-1024x576.jpg 1024w, https:\/\/www.radiopiu.net\/wordpress\/wp-content\/uploads\/2022\/11\/CONSIGLIO-COMUNALE-FALCADE-1-768x432.jpg 768w, https:\/\/www.radiopiu.net\/wordpress\/wp-content\/uploads\/2022\/11\/CONSIGLIO-COMUNALE-FALCADE-1-1536x864.jpg 1536w, https:\/\/www.radiopiu.net\/wordpress\/wp-content\/uploads\/2022\/11\/CONSIGLIO-COMUNALE-FALCADE-1.jpg 1920w\" sizes=\"auto, (max-width: 249px) 100vw, 249px\" \/><\/a>FALCADE<\/strong><\/p>\n<p>Il Comune di Falcade riduce l&#8217;IMU per alberghi e pensioni dall&#8217;8,6 al 7,6 per mille, con un risparmio complessivo di 40 mila euro per gli operatori turistici. La decisione, votata all&#8217;unanimit\u00e0 dal consiglio comunale, mira a sostenere un settore in difficolt\u00e0, considerato il motore economico della valle del Biois. Il sindaco Mauro Salvaterra sottolinea che, nonostante il sacrificio per le casse comunali, questa misura intende incentivare nuovi investimenti e preservare l&#8217;ospitalit\u00e0 storica del territorio. Le altre tariffe IMU restano invariate, rassicurando i proprietari di seconde case. L&#8217;iniziativa, un forte segnale per il turismo locale, si accompagna a futuri progetti per migliorare l&#8217;attrattivit\u00e0 della zona.<\/p>\n<p>&nbsp;<\/p>\n<p><strong>Intervento del Sindaco durante il Consiglio Comunale del 27 dicembre 2024<\/strong><\/p>\n<p>&nbsp;<\/p>\n<p>Durante il Consiglio Comunale del 27 dicembre 2024, il sesto punto all\u2019ordine del giorno era testualmente : \u201cImposta municipale propria (IMU). Approvazione aliquote triennio 2025-2027.\u201d<\/p>\n<p>&nbsp;<\/p>\n<p>\u201cSu questo delibera vorrei spendere alcune parole di sottolineatura;<\/p>\n<p>innanzitutto tutte le aliquote rimarranno invariate, e questa \u00e8 gi\u00e0 di per se una buona notizia: nessun aumento! Tutte le aliquote rimarranno invariate, tranne un piccolo ritocco che riguarder\u00e0 gli immobili di categoria D2 (Alberghi e pensioni).<\/p>\n<p>Tutti pi\u00f9 o meno sappiamo che per gli immobili in categoria D (non solo alberghi, ma anche fabbricati industriali, teatri, cinema, Istituti di credito ecc..) viene destinato all\u2019erario (quindi allo Stato) la quota del 7,6 per mille.\u00a0 I comuni possono ovviamente incrementare a proprio beneficio questa aliquota; noi oggi abbiamo 8,6 per mille; altri comuni dell\u2019agordino hanno aliquote superiori (9,6 -10,6) e qualcuno anche meno di noi.<\/p>\n<p>Sappiamo altres\u00ec che Falcade \u00e8 un paese ad alta vocazione turistica; abbiamo molti affittacamere, moltissime seconde case ed anche diversi alberghi. Questi ultimi sono da tempo un po&#8217; in sofferenza, lo vediamo con i nostri occhi: nel corso degli anni diverse strutture hanno chiuso i battenti.<\/p>\n<p>L\u2019Amministrazione del Comune di Falcade vuole lanciare un piccolo ma importante segnale; con la votazione di questa delibera (votata poi all\u2019unanimit\u00e0 ndr) abbasseremo l\u2019aliquota dal 8,6 al 7,6 per mille. Fare ancora meno non \u00e8 possibile per i motivi sopra esposti.<\/p>\n<p>Il segnale \u00e8 rivolto a tutte le attivit\u00e0 ricettive, qui a Falcade abbiamo molte attivit\u00e0 che sono storiche, gestite da famiglie locali anche da pi\u00f9 di 50 anni. Il segnale vale ovviamente anche per le new entry, per chi si \u00e8 messo a gestire attivit\u00e0 anche \u201crecentemente\u201d.<\/p>\n<p>L\u2019Amministrazione Comunale quindi c\u2019\u00e8, \u00e8 attenta e vi manda questo segnale di incoraggiamento: stiamo abbassando le tasse ! Non penso succeda spesso che un Ente pubblico operi in tal senso. Noi diciamo ai gestori di queste attivit\u00e0: tenete duro, Falcade ha bisogno di voi.<\/p>\n<p>Il messaggio poi, va visto anche in prospettiva futura\u2026 speriamo ci\u00f2 possa diventare opportunit\u00e0 per attrarre nuovi investitori. Capisco benissimo che l\u2019 1 per mille di riduzione IMU non possa essere l\u2019unico motivo che porti un imprenditore ad investire a Falcade.. in ogni caso tutte le attivit\u00e0 ricettive, grazie a questa modifica risparmieranno l\u2019 11,6% annualmente sull\u2019IMU.<\/p>\n","protected":false},"excerpt":{"rendered":"<p>*** FALCADE Il Comune di Falcade riduce l&#8217;IMU per alberghi e pensioni dall&#8217;8,6 al 7,6 per mille, con un risparmio complessivo di 40 mila euro per gli operatori turistici. La decisione, votata all&#8217;unanimit\u00e0 dal consiglio comunale, mira a sostenere un settore in difficolt\u00e0, considerato il motore economico della valle del Biois. Il sindaco Mauro Salvaterra&hellip;<\/p>\n","protected":false},"author":4,"featured_media":304536,"comment_status":"closed","ping_status":"closed","sticky":false,"template":"","format":"standard","meta":{"_monsterinsights_skip_tracking":false,"_monsterinsights_sitenote_active":false,"_monsterinsights_sitenote_note":"","_monsterinsights_sitenote_category":0,"footnotes":""},"categories":[51,49],"tags":[],"class_list":["post-427024","post","type-post","status-publish","format-standard","has-post-thumbnail","hentry","category-evidenza-top","category-news-18","category-51","category-49","description-off"],"img_url":"https:\/\/www.radiopiu.net\/wordpress\/wp-content\/uploads\/2022\/11\/CONSIGLIO-COMUNALE-FALCADE-3.jpg","_links":{"self":[{"href":"https:\/\/www.radiopiu.net\/wordpress\/wp-json\/wp\/v2\/posts\/427024","targetHints":{"allow":["GET"]}}],"collection":[{"href":"https:\/\/www.radiopiu.net\/wordpress\/wp-json\/wp\/v2\/posts"}],"about":[{"href":"https:\/\/www.radiopiu.net\/wordpress\/wp-json\/wp\/v2\/types\/post"}],"author":[{"embeddable":true,"href":"https:\/\/www.radiopiu.net\/wordpress\/wp-json\/wp\/v2\/users\/4"}],"replies":[{"embeddable":true,"href":"https:\/\/www.radiopiu.net\/wordpress\/wp-json\/wp\/v2\/comments?post=427024"}],"version-history":[{"count":2,"href":"https:\/\/www.radiopiu.net\/wordpress\/wp-json\/wp\/v2\/posts\/427024\/revisions"}],"predecessor-version":[{"id":427092,"href":"https:\/\/www.radiopiu.net\/wordpress\/wp-json\/wp\/v2\/posts\/427024\/revisions\/427092"}],"wp:featuredmedia":[{"embeddable":true,"href":"https:\/\/www.radiopiu.net\/wordpress\/wp-json\/wp\/v2\/media\/304536"}],"wp:attachment":[{"href":"https:\/\/www.radiopiu.net\/wordpress\/wp-json\/wp\/v2\/media?parent=427024"}],"wp:term":[{"taxonomy":"category","embeddable":true,"href":"https:\/\/www.radiopiu.net\/wordpress\/wp-json\/wp\/v2\/categories?post=427024"},{"taxonomy":"post_tag","embeddable":true,"href":"https:\/\/www.radiopiu.net\/wordpress\/wp-json\/wp\/v2\/tags?post=427024"}],"curies":[{"name":"wp","href":"https:\/\/api.w.org\/{rel}","templated":true}]}}