{"id":427043,"date":"2024-12-30T05:20:37","date_gmt":"2024-12-30T04:20:37","guid":{"rendered":"https:\/\/www.radiopiu.net\/wordpress\/?p=427043"},"modified":"2024-12-30T05:27:43","modified_gmt":"2024-12-30T04:27:43","slug":"scivola-sul-sentiero-sopra-labitato-di-feder","status":"publish","type":"post","link":"https:\/\/www.radiopiu.net\/wordpress\/scivola-sul-sentiero-sopra-labitato-di-feder\/","title":{"rendered":"SCIVOLA SUL SENTIERO SOPRA L&#8217;ABITATO DI FEDER"},"content":{"rendered":"<p>******<\/p>\n<p>&nbsp;<\/p>\n<p><strong>CANALE D&#8217;AGORDO<\/strong> Questa mattina verso le 9.15 il Soccorso alpino della Val Biois \u00e8 stato allertato, per l&#8217;eventuale recupero di un ragazzo scivolato sul sentiero 687, sopra localit\u00e0 Feder, che si era procurato una sospetta distorsione al ginocchio. Poich\u00e9 il luogo era distante da raggiungere a causa della neve e l&#8217;avvicinamento avrebbe richiesto tempo per le squadre a piedi, il 18enne di Cadoneghe (PD), \u00e8 stato soccorso dell&#8217;equipaggio di Falco 2, che lo ha imbarcato con il verricello e trasportato all&#8217;ospedale di Belluno.<\/p>\n<p>&nbsp;<\/p>\n<p>&nbsp;<\/p>\n<p>******<\/p>\n","protected":false},"excerpt":{"rendered":"<p>****** &nbsp; CANALE D&#8217;AGORDO Questa mattina verso le 9.15 il Soccorso alpino della Val Biois \u00e8 stato allertato, per l&#8217;eventuale recupero di un ragazzo scivolato sul sentiero 687, sopra localit\u00e0 Feder, che si era procurato una sospetta distorsione al ginocchio. Poich\u00e9 il luogo era distante da raggiungere a causa della neve e l&#8217;avvicinamento avrebbe richiesto&hellip;<\/p>\n","protected":false},"author":4,"featured_media":404421,"comment_status":"closed","ping_status":"closed","sticky":false,"template":"","format":"standard","meta":{"_monsterinsights_skip_tracking":false,"_monsterinsights_sitenote_active":false,"_monsterinsights_sitenote_note":"","_monsterinsights_sitenote_category":0,"footnotes":""},"categories":[51,49],"tags":[],"class_list":["post-427043","post","type-post","status-publish","format-standard","has-post-thumbnail","hentry","category-evidenza-top","category-news-18","category-51","category-49","description-off"],"img_url":"https:\/\/www.radiopiu.net\/wordpress\/wp-content\/uploads\/2024\/08\/SALT.jpg","_links":{"self":[{"href":"https:\/\/www.radiopiu.net\/wordpress\/wp-json\/wp\/v2\/posts\/427043","targetHints":{"allow":["GET"]}}],"collection":[{"href":"https:\/\/www.radiopiu.net\/wordpress\/wp-json\/wp\/v2\/posts"}],"about":[{"href":"https:\/\/www.radiopiu.net\/wordpress\/wp-json\/wp\/v2\/types\/post"}],"author":[{"embeddable":true,"href":"https:\/\/www.radiopiu.net\/wordpress\/wp-json\/wp\/v2\/users\/4"}],"replies":[{"embeddable":true,"href":"https:\/\/www.radiopiu.net\/wordpress\/wp-json\/wp\/v2\/comments?post=427043"}],"version-history":[{"count":1,"href":"https:\/\/www.radiopiu.net\/wordpress\/wp-json\/wp\/v2\/posts\/427043\/revisions"}],"predecessor-version":[{"id":427044,"href":"https:\/\/www.radiopiu.net\/wordpress\/wp-json\/wp\/v2\/posts\/427043\/revisions\/427044"}],"wp:featuredmedia":[{"embeddable":true,"href":"https:\/\/www.radiopiu.net\/wordpress\/wp-json\/wp\/v2\/media\/404421"}],"wp:attachment":[{"href":"https:\/\/www.radiopiu.net\/wordpress\/wp-json\/wp\/v2\/media?parent=427043"}],"wp:term":[{"taxonomy":"category","embeddable":true,"href":"https:\/\/www.radiopiu.net\/wordpress\/wp-json\/wp\/v2\/categories?post=427043"},{"taxonomy":"post_tag","embeddable":true,"href":"https:\/\/www.radiopiu.net\/wordpress\/wp-json\/wp\/v2\/tags?post=427043"}],"curies":[{"name":"wp","href":"https:\/\/api.w.org\/{rel}","templated":true}]}}