{"id":427045,"date":"2024-12-30T05:13:27","date_gmt":"2024-12-30T04:13:27","guid":{"rendered":"https:\/\/www.radiopiu.net\/wordpress\/?p=427045"},"modified":"2024-12-30T05:30:26","modified_gmt":"2024-12-30T04:30:26","slug":"dillo-a-radio-piu-la-gestione-del-traffico-a-falcade","status":"publish","type":"post","link":"https:\/\/www.radiopiu.net\/wordpress\/dillo-a-radio-piu-la-gestione-del-traffico-a-falcade\/","title":{"rendered":"DILLO A RADIO PIU&#8217;&#8230;LA GESTIONE DEL TRAFFICO A FALCADE"},"content":{"rendered":"<p>******<\/p>\n<p>&nbsp;<\/p>\n<p><strong><a class=\"dt-pswp-item\" href=\"https:\/\/www.radiopiu.net\/wordpress\/wp-content\/uploads\/2021\/07\/FALCADE_ESTATE-2990.jpg\" data-dt-img-description=\"\" data-large_image_width=\"900\" data-large_image_height=\"600\"><img loading=\"lazy\" decoding=\"async\" class=\" wp-image-220251 alignleft\" src=\"https:\/\/www.radiopiu.net\/wordpress\/wp-content\/uploads\/2021\/07\/FALCADE_ESTATE-2990-300x200.jpg\" alt=\"\" width=\"207\" height=\"138\" srcset=\"https:\/\/www.radiopiu.net\/wordpress\/wp-content\/uploads\/2021\/07\/FALCADE_ESTATE-2990-300x200.jpg 300w, https:\/\/www.radiopiu.net\/wordpress\/wp-content\/uploads\/2021\/07\/FALCADE_ESTATE-2990-768x512.jpg 768w, https:\/\/www.radiopiu.net\/wordpress\/wp-content\/uploads\/2021\/07\/FALCADE_ESTATE-2990.jpg 900w\" sizes=\"auto, (max-width: 207px) 100vw, 207px\" \/><\/a>RICEVIAMO E PUBBLICHIAMO<\/strong><\/p>\n<p style=\"font-weight: 400;\">Mi riferisco alla lettera di Piergiorgio Oliveti pubblicata da Radio Pi\u00f9 con riferimento al traffico nel comune di Falcade. Certo, la situazione in questi giorni festivi non era delle pi\u00f9 ottimali ma, piuttosto caotica. La Polizia Locale in forza al Comune ( se non vado errato ha 2 persone in organico) ha fatto di tutto e di pi\u00f9. Li ho visti in questi giorni operare in situazioni difficili e complesse con altissimo senso del dovere e delle loro responsabilit\u00e0. Certo che, uno vale uno, e non si pu\u00f2 essere nello stesso momento in qualsiasi luogo. Il Comune di Falcade con la frazione di Caviola \u00e8 abbastanza vasto e le zone critiche sono moltissime. Un suggerimento che mi sento di dare al Sindaco Salvaterra \u00e8 quello di studiare bene il problema ed eventualmente verificare la possibilit\u00e0 di poter disporre di agenti provenienti da altri paesi dove la loro presenza non \u00e8 indispensabile. ( Sistema gi\u00e0 sperimentato, con successo, nel nostro Comune nei periodi estivi nelle scorse stagioni).<\/p>\n<p style=\"font-weight: 400;\">Rodolfo Pellegrinon<\/p>\n<p>&nbsp;<\/p>\n<p><span style=\"color: #ff0000;\"><strong>LE LETTERE ARRIVATE IERI IN RADIO<\/strong><\/span><\/p>\n<blockquote>\n<h3>DILLO A RADIO PIU&#8217;&#8230;I FURBETTI DELLA CODA A FALCADE<\/h3>\n<\/blockquote>\n<p><a class=\"dt-pswp-item\" href=\"https:\/\/www.radiopiu.net\/wordpress\/wp-content\/uploads\/2024\/12\/SCR-20241228-qblw.jpeg\" data-dt-img-description=\"Screenshot\" data-large_image_width=\"1526\" data-large_image_height=\"1048\"><img loading=\"lazy\" decoding=\"async\" class=\"wp-image-427013 alignleft\" src=\"https:\/\/www.radiopiu.net\/wordpress\/wp-content\/uploads\/2024\/12\/SCR-20241228-qblw-300x206.jpeg\" alt=\"\" width=\"183\" height=\"126\" srcset=\"https:\/\/www.radiopiu.net\/wordpress\/wp-content\/uploads\/2024\/12\/SCR-20241228-qblw-300x206.jpeg 300w, https:\/\/www.radiopiu.net\/wordpress\/wp-content\/uploads\/2024\/12\/SCR-20241228-qblw-1024x703.jpeg 1024w, https:\/\/www.radiopiu.net\/wordpress\/wp-content\/uploads\/2024\/12\/SCR-20241228-qblw-768x527.jpeg 768w, https:\/\/www.radiopiu.net\/wordpress\/wp-content\/uploads\/2024\/12\/SCR-20241228-qblw.jpeg 1526w\" sizes=\"auto, (max-width: 183px) 100vw, 183px\" \/><\/a><strong>RICEVIAMO E PUBBLICHIAMO\u00a0<\/strong><\/p>\n<p>Cara Radio Pi\u00f9, vorrei fare sommessamente, ma con determinazione, un appello al Comune di Falcade affinch\u00e9 si ponga attenzione a una situazione incresciosa causata da alcuni sconsiderati che ignorano i divieti per guadagnare qualche posizione in coda. Siamo tutti felici del boom temporaneo di afflusso turistico nel nostro paese: \u00e8 un\u2019ottima notizia per l\u2019economia locale e per le famiglie coinvolte nella filiera dello sci, della ricettivit\u00e0 e dei servizi. Speriamo davvero che questo periodo positivo possa durare anche oltre l\u2019Epifania. Tuttavia, il boom va gestito. Non si pu\u00f2 lasciare che le cose continuino cos\u00ec senza un intervento. Prendiamo, ad esempio, la gestione del traffico e il rispetto delle regole, come i divieti di accesso e i limiti di velocit\u00e0. Per evitare \u2013 speriamo mai! \u2013 un incidente frontale in via Garibaldi o un investimento di un pedone, bisognerebbe intervenire con urgenza. Attualmente, chiunque percorra a piedi via Caruo, scendendo dalla Coop, da piazza o via del Mercato verso via M.O. Serafini, si trover\u00e0 davanti un \u201cbiscione\u201d di auto. Centinaia di persone \u2013 madri e padri di famiglia \u2013 ignorano il divieto di accesso e utilizzano abusivamente via Caruo, un viottolo stretto e in discesa nel cuore del centro storico di Pi\u00e8 Falcade. La situazione \u00e8 aggravata dalla totale assenza della Polizia Locale, che dovrebbe invece intensificare i controlli, non ridurli, soprattutto in questi giorni di grande afflusso. Questo vale non solo per via Caruo, ma per tutte le strade paesane: il rispetto delle regole esistenti \u00e8 il minimo indispensabile. Che esempio stiamo dando ai turisti, italiani e stranieri, o persino ai nostri figli? Che tutto sia permesso, in spregio agli altri e al buon senso civico? Falcade, se vuole crescere e guardare al futuro, non pu\u00f2 andare controcorrente. Ovunque si cerca di accrescere la qualit\u00e0 della vita: un atteggiamento di \u201claissez-faire\u201d contraddice ogni proposta seria di marketing territoriale e sviluppo sostenibile.<\/p>\n<p>Pier Giorgio Oliveti<\/p>\n<p>&nbsp;<\/p>\n<h3>DILLO A RADIO PIU&#8217;&#8230;I FURBETTI DELLA CODA A FALCADE 2<\/h3>\n<div dir=\"auto\">Ho letto quanto pubblicato a proposito delle code che si formano a Falcade nell&#8217;orario di rientro dalle poste da sci in questi giorni e del comportamento scorretto di molti automobilisti, che ho potuto verificare di persona ieri.\u00a0 Forse impedendo l&#8217;accesso\u00a0 in Via Garibaldi all&#8217;altezza dell&#8217;albergo Belvedere il traffico in discesa rimarrebbe incanalato nella strada principale, rendendo pi\u00f9 semplice la gestione all&#8217;intersezione con via Focobon.\u00a0 Segnalo inoltre la grande maleducazione di molti automobilisti che in Piazza Municipio occupano indebitamente il posto riservato ai disabili e che, parcheggiando negli spazi riservati alle moto, impediscono l&#8217;accesso al parcheggio del condominio con i negozi.\u00a0 Purtroppo l&#8217;impegno degli agenti della Polizia Locale nella gestione del traffico impedisce loro di sanzionare i soliti furbetti.<\/div>\n<div dir=\"auto\">Alberto Nicol\u00f2 Pallaro<\/div>\n<p>&nbsp;<\/p>\n<p>********<\/p>\n","protected":false},"excerpt":{"rendered":"<p>****** &nbsp; RICEVIAMO E PUBBLICHIAMO Mi riferisco alla lettera di Piergiorgio Oliveti pubblicata da Radio Pi\u00f9 con riferimento al traffico nel comune di Falcade. Certo, la situazione in questi giorni festivi non era delle pi\u00f9 ottimali ma, piuttosto caotica. La Polizia Locale in forza al Comune ( se non vado errato ha 2 persone in&hellip;<\/p>\n","protected":false},"author":4,"featured_media":220251,"comment_status":"closed","ping_status":"closed","sticky":false,"template":"","format":"standard","meta":{"_monsterinsights_skip_tracking":false,"_monsterinsights_sitenote_active":false,"_monsterinsights_sitenote_note":"","_monsterinsights_sitenote_category":0,"footnotes":""},"categories":[51,86,49],"tags":[],"class_list":["post-427045","post","type-post","status-publish","format-standard","has-post-thumbnail","hentry","category-evidenza-top","category-gr","category-news-18","category-51","category-86","category-49","description-off"],"img_url":"https:\/\/www.radiopiu.net\/wordpress\/wp-content\/uploads\/2021\/07\/FALCADE_ESTATE-2990.jpg","_links":{"self":[{"href":"https:\/\/www.radiopiu.net\/wordpress\/wp-json\/wp\/v2\/posts\/427045","targetHints":{"allow":["GET"]}}],"collection":[{"href":"https:\/\/www.radiopiu.net\/wordpress\/wp-json\/wp\/v2\/posts"}],"about":[{"href":"https:\/\/www.radiopiu.net\/wordpress\/wp-json\/wp\/v2\/types\/post"}],"author":[{"embeddable":true,"href":"https:\/\/www.radiopiu.net\/wordpress\/wp-json\/wp\/v2\/users\/4"}],"replies":[{"embeddable":true,"href":"https:\/\/www.radiopiu.net\/wordpress\/wp-json\/wp\/v2\/comments?post=427045"}],"version-history":[{"count":2,"href":"https:\/\/www.radiopiu.net\/wordpress\/wp-json\/wp\/v2\/posts\/427045\/revisions"}],"predecessor-version":[{"id":427156,"href":"https:\/\/www.radiopiu.net\/wordpress\/wp-json\/wp\/v2\/posts\/427045\/revisions\/427156"}],"wp:featuredmedia":[{"embeddable":true,"href":"https:\/\/www.radiopiu.net\/wordpress\/wp-json\/wp\/v2\/media\/220251"}],"wp:attachment":[{"href":"https:\/\/www.radiopiu.net\/wordpress\/wp-json\/wp\/v2\/media?parent=427045"}],"wp:term":[{"taxonomy":"category","embeddable":true,"href":"https:\/\/www.radiopiu.net\/wordpress\/wp-json\/wp\/v2\/categories?post=427045"},{"taxonomy":"post_tag","embeddable":true,"href":"https:\/\/www.radiopiu.net\/wordpress\/wp-json\/wp\/v2\/tags?post=427045"}],"curies":[{"name":"wp","href":"https:\/\/api.w.org\/{rel}","templated":true}]}}