{"id":427056,"date":"2024-12-29T14:24:22","date_gmt":"2024-12-29T13:24:22","guid":{"rendered":"https:\/\/www.radiopiu.net\/wordpress\/?p=427056"},"modified":"2024-12-30T05:32:55","modified_gmt":"2024-12-30T04:32:55","slug":"una-delegazione-di-imprenditori-ottici-oftalmologi-optometristi-ha-incontrato-il-santo-padre","status":"publish","type":"post","link":"https:\/\/www.radiopiu.net\/wordpress\/una-delegazione-di-imprenditori-ottici-oftalmologi-optometristi-ha-incontrato-il-santo-padre\/","title":{"rendered":"UNA DELEGAZIONE DI IMPRENDITORI, OTTICI, OFTALMOLOGI, OPTOMETRISTI HA INCONTRATO IL SANTO PADRE"},"content":{"rendered":"<p>*******<\/p>\n<p>&nbsp;<\/p>\n<p><strong><a class=\"dt-pswp-item\" href=\"https:\/\/www.radiopiu.net\/wordpress\/wp-content\/uploads\/2024\/12\/61E28DB3-40D3-4A9A-A52A-184C3740A3DE.jpeg\" data-dt-img-description=\"\" data-large_image_width=\"1600\" data-large_image_height=\"1075\"><img loading=\"lazy\" decoding=\"async\" class=\"size-medium wp-image-427058 alignleft\" src=\"https:\/\/www.radiopiu.net\/wordpress\/wp-content\/uploads\/2024\/12\/61E28DB3-40D3-4A9A-A52A-184C3740A3DE-300x202.jpeg\" alt=\"\" width=\"300\" height=\"202\" srcset=\"https:\/\/www.radiopiu.net\/wordpress\/wp-content\/uploads\/2024\/12\/61E28DB3-40D3-4A9A-A52A-184C3740A3DE-300x202.jpeg 300w, https:\/\/www.radiopiu.net\/wordpress\/wp-content\/uploads\/2024\/12\/61E28DB3-40D3-4A9A-A52A-184C3740A3DE-1024x688.jpeg 1024w, https:\/\/www.radiopiu.net\/wordpress\/wp-content\/uploads\/2024\/12\/61E28DB3-40D3-4A9A-A52A-184C3740A3DE-768x516.jpeg 768w, https:\/\/www.radiopiu.net\/wordpress\/wp-content\/uploads\/2024\/12\/61E28DB3-40D3-4A9A-A52A-184C3740A3DE-1536x1032.jpeg 1536w, https:\/\/www.radiopiu.net\/wordpress\/wp-content\/uploads\/2024\/12\/61E28DB3-40D3-4A9A-A52A-184C3740A3DE.jpeg 1600w\" sizes=\"auto, (max-width: 300px) 100vw, 300px\" \/><\/a>BELLUNO <\/strong>Lorraine Berton, presidente di Confindustria Belluno Dolomiti e di Anfao, accanto a una delegazione di imprenditori, ottici, oftalmologi, optometristi &#8211; su espressa richiesta di Alessandro Spiezia, ottico di fiducia del Papa &#8211; ha incontrato il Santo Padre in occasione delle celebrazioni di Santa Lucia, patrona della vista. L&#8217;incontro \u00e8 avvenuto in Vaticano poco prima di Natale. \u00c8 stata pura emozione: al Papa ho portato il saluto delle imprese e delle nostre Dolomiti\u201d, afferma Berton. &#8220;La vista \u00e8 uno dei doni pi\u00f9 preziosi che abbiamo e proteggerla significa custodire un dono prezioso\u201d, rimarca Berton. \u201cSi tratta di un impegno che l&#8217;occhialeria italiana porta avanti ogni giorno con passione e competenza, nuovi stimoli e grande creativit\u00e0\u201d. &#8220;L&#8217;incontro con il Santo Padre \u00e8 stato breve ma molto toccante: \u00e8 un uomo che trasmette pace e una profonda serenit\u00e0. Lo ringrazio ancora per il tempo che ha voluto dedicare al mondo dell&#8217;impresa e dell&#8217;occhiale. Saperlo al nostro fianco ci onora e ci ispira a fare il nostro lavoro sempre al meglio, custodendo il creato e avendo cura del benessere delle nostre comunit\u00e0\u201d, conclude Berton.<\/p>\n<p>&nbsp;<\/p>\n<p>&nbsp;<\/p>\n<p>&nbsp;<\/p>\n<p>*********<\/p>\n","protected":false},"excerpt":{"rendered":"<p>******* &nbsp; BELLUNO Lorraine Berton, presidente di Confindustria Belluno Dolomiti e di Anfao, accanto a una delegazione di imprenditori, ottici, oftalmologi, optometristi &#8211; su espressa richiesta di Alessandro Spiezia, ottico di fiducia del Papa &#8211; ha incontrato il Santo Padre in occasione delle celebrazioni di Santa Lucia, patrona della vista. L&#8217;incontro \u00e8 avvenuto in Vaticano&hellip;<\/p>\n","protected":false},"author":4,"featured_media":427058,"comment_status":"closed","ping_status":"closed","sticky":false,"template":"","format":"standard","meta":{"_monsterinsights_skip_tracking":false,"_monsterinsights_sitenote_active":false,"_monsterinsights_sitenote_note":"","_monsterinsights_sitenote_category":0,"footnotes":""},"categories":[51,49],"tags":[],"class_list":["post-427056","post","type-post","status-publish","format-standard","has-post-thumbnail","hentry","category-evidenza-top","category-news-18","category-51","category-49","description-off"],"img_url":"https:\/\/www.radiopiu.net\/wordpress\/wp-content\/uploads\/2024\/12\/61E28DB3-40D3-4A9A-A52A-184C3740A3DE.jpeg","_links":{"self":[{"href":"https:\/\/www.radiopiu.net\/wordpress\/wp-json\/wp\/v2\/posts\/427056","targetHints":{"allow":["GET"]}}],"collection":[{"href":"https:\/\/www.radiopiu.net\/wordpress\/wp-json\/wp\/v2\/posts"}],"about":[{"href":"https:\/\/www.radiopiu.net\/wordpress\/wp-json\/wp\/v2\/types\/post"}],"author":[{"embeddable":true,"href":"https:\/\/www.radiopiu.net\/wordpress\/wp-json\/wp\/v2\/users\/4"}],"replies":[{"embeddable":true,"href":"https:\/\/www.radiopiu.net\/wordpress\/wp-json\/wp\/v2\/comments?post=427056"}],"version-history":[{"count":1,"href":"https:\/\/www.radiopiu.net\/wordpress\/wp-json\/wp\/v2\/posts\/427056\/revisions"}],"predecessor-version":[{"id":427059,"href":"https:\/\/www.radiopiu.net\/wordpress\/wp-json\/wp\/v2\/posts\/427056\/revisions\/427059"}],"wp:featuredmedia":[{"embeddable":true,"href":"https:\/\/www.radiopiu.net\/wordpress\/wp-json\/wp\/v2\/media\/427058"}],"wp:attachment":[{"href":"https:\/\/www.radiopiu.net\/wordpress\/wp-json\/wp\/v2\/media?parent=427056"}],"wp:term":[{"taxonomy":"category","embeddable":true,"href":"https:\/\/www.radiopiu.net\/wordpress\/wp-json\/wp\/v2\/categories?post=427056"},{"taxonomy":"post_tag","embeddable":true,"href":"https:\/\/www.radiopiu.net\/wordpress\/wp-json\/wp\/v2\/tags?post=427056"}],"curies":[{"name":"wp","href":"https:\/\/api.w.org\/{rel}","templated":true}]}}