{"id":427107,"date":"2024-12-29T19:13:18","date_gmt":"2024-12-29T18:13:18","guid":{"rendered":"https:\/\/www.radiopiu.net\/wordpress\/?p=427107"},"modified":"2024-12-30T05:32:33","modified_gmt":"2024-12-30T04:32:33","slug":"unantica-inscrizione-confinaria-incisa-nella-roccia-a-forcella-moschesin","status":"publish","type":"post","link":"https:\/\/www.radiopiu.net\/wordpress\/unantica-inscrizione-confinaria-incisa-nella-roccia-a-forcella-moschesin\/","title":{"rendered":"UN&#8217;ANTICA INSCRIZIONE CONFINARIA INCISA NELLA ROCCIA A FORCELLA MOSCHESIN"},"content":{"rendered":"<p>******<\/p>\n<p>&nbsp;<\/p>\n<p><strong>DI TIZIANO DE COL<\/strong><\/p>\n<p>Riproponiamo un articolo pubblicato alcuni anni orsono, ora completato da alcune fotografie che rappresentano meglio l&#8217;antica iscrizione incisa nella roccia su un masso a Forcella Moschesin, sul confine tra La Valle agordina e Val di Zoldo. L&#8217;iscrizione \u00e8 certamente molto antica anche considerando l&#8217;usura che l&#8217;incisione ha subito da parte degli agenti atmosferici e , al momento, non abbiamo documentazione specifica a riguardo della sua realizzazione (come invece abbiamo per il confine tra La Valle e Zoldo sul Passo Dur\u00e0n). La poniamo all&#8217;attenzione di storici ed epigrafisti per cercare di avere una interpretazione ed una datazione. Colpisce il fatto che sullo stesso masso non siano presenti confinazioni segnate con il &#8220;minio catastale&#8221; vernice utilizzata per segnare le confinazioni nel nuovo catasto urbano e anche sul cessato catasto Austro Italiano.<\/p>\n\n\t\t\t<style type='text\/css'>\n\t\t\t\t#gallery-1 {\n\t\t\t\t\tmargin: auto;\n\t\t\t\t}\n\t\t\t\t#gallery-1 .gallery-item {\n\t\t\t\t\tfloat: left;\n\t\t\t\t\tmargin-top: 10px;\n\t\t\t\t\ttext-align: center;\n\t\t\t\t\twidth: 20%;\n\t\t\t\t}\n\t\t\t\t#gallery-1 img {\n\t\t\t\t\tborder: 2px solid #cfcfcf;\n\t\t\t\t}\n\t\t\t\t#gallery-1 .gallery-caption {\n\t\t\t\t\tmargin-left: 0;\n\t\t\t\t}\n\t\t\t\t\/* see gallery_shortcode() in wp-includes\/media.php *\/\n\t\t\t<\/style>\n\t\t<div id='gallery-1' class='dt-gallery-container gallery galleryid-427107 gallery-columns-5 gallery-size-thumbnail'><dl class='gallery-item'>\n\t\t\t\t<dt class='gallery-icon portrait'>\n\t\t\t\t\t<a class=\"rollover rollover-zoom dt-pswp-item\" title=\"4c2d30cc-809b-447d-b589-afe75cbed556\" data-dt-img-description=\"\" data-large_image_width=\"1200\" data-large_image_height=\"1600\"href='https:\/\/www.radiopiu.net\/wordpress\/wp-content\/uploads\/2024\/12\/4c2d30cc-809b-447d-b589-afe75cbed556.jpg'><img loading=\"lazy\" decoding=\"async\" width=\"150\" height=\"150\" src=\"https:\/\/www.radiopiu.net\/wordpress\/wp-content\/uploads\/2024\/12\/4c2d30cc-809b-447d-b589-afe75cbed556-150x150.jpg\" class=\"attachment-thumbnail size-thumbnail\" alt=\"\" \/><\/a>\n\t\t\t\t<\/dt><\/dl><dl class='gallery-item'>\n\t\t\t\t<dt class='gallery-icon landscape'>\n\t\t\t\t\t<a class=\"rollover rollover-zoom dt-pswp-item\" title=\"45314a11-e087-43e0-93a1-0ecb50cfc90d\" data-dt-img-description=\"\" data-large_image_width=\"1600\" data-large_image_height=\"581\"href='https:\/\/www.radiopiu.net\/wordpress\/wp-content\/uploads\/2024\/12\/45314a11-e087-43e0-93a1-0ecb50cfc90d.jpg'><img loading=\"lazy\" decoding=\"async\" width=\"150\" height=\"150\" src=\"https:\/\/www.radiopiu.net\/wordpress\/wp-content\/uploads\/2024\/12\/45314a11-e087-43e0-93a1-0ecb50cfc90d-150x150.jpg\" class=\"attachment-thumbnail size-thumbnail\" alt=\"\" \/><\/a>\n\t\t\t\t<\/dt><\/dl><dl class='gallery-item'>\n\t\t\t\t<dt class='gallery-icon landscape'>\n\t\t\t\t\t<a class=\"rollover rollover-zoom dt-pswp-item\" title=\"d9d3fcf0-ab8f-4a61-a8c0-3e561b59e22b\" data-dt-img-description=\"\" data-large_image_width=\"1600\" data-large_image_height=\"1200\"href='https:\/\/www.radiopiu.net\/wordpress\/wp-content\/uploads\/2024\/12\/d9d3fcf0-ab8f-4a61-a8c0-3e561b59e22b.jpg'><img loading=\"lazy\" decoding=\"async\" width=\"150\" height=\"150\" src=\"https:\/\/www.radiopiu.net\/wordpress\/wp-content\/uploads\/2024\/12\/d9d3fcf0-ab8f-4a61-a8c0-3e561b59e22b-150x150.jpg\" class=\"attachment-thumbnail size-thumbnail\" alt=\"\" \/><\/a>\n\t\t\t\t<\/dt><\/dl><dl class='gallery-item'>\n\t\t\t\t<dt class='gallery-icon portrait'>\n\t\t\t\t\t<a class=\"rollover rollover-zoom dt-pswp-item\" title=\"3fab8393-df34-43a7-bad1-c39095f51e2c\" data-dt-img-description=\"\" data-large_image_width=\"1200\" data-large_image_height=\"1600\"href='https:\/\/www.radiopiu.net\/wordpress\/wp-content\/uploads\/2024\/12\/3fab8393-df34-43a7-bad1-c39095f51e2c.jpg'><img loading=\"lazy\" decoding=\"async\" width=\"150\" height=\"150\" src=\"https:\/\/www.radiopiu.net\/wordpress\/wp-content\/uploads\/2024\/12\/3fab8393-df34-43a7-bad1-c39095f51e2c-150x150.jpg\" class=\"attachment-thumbnail size-thumbnail\" alt=\"\" \/><\/a>\n\t\t\t\t<\/dt><\/dl><dl class='gallery-item'>\n\t\t\t\t<dt class='gallery-icon portrait'>\n\t\t\t\t\t<a class=\"rollover rollover-zoom dt-pswp-item\" title=\"68263a1e-d484-4604-a56e-279c98cf7b79\" data-dt-img-description=\"\" data-large_image_width=\"1200\" data-large_image_height=\"1600\"href='https:\/\/www.radiopiu.net\/wordpress\/wp-content\/uploads\/2024\/12\/68263a1e-d484-4604-a56e-279c98cf7b79.jpg'><img loading=\"lazy\" decoding=\"async\" width=\"150\" height=\"150\" src=\"https:\/\/www.radiopiu.net\/wordpress\/wp-content\/uploads\/2024\/12\/68263a1e-d484-4604-a56e-279c98cf7b79-150x150.jpg\" class=\"attachment-thumbnail size-thumbnail\" alt=\"\" \/><\/a>\n\t\t\t\t<\/dt><\/dl><br style=\"clear: both\" \/>\n\t\t\t<\/div>\n\n<p>&nbsp;<\/p>\n<p><span style=\"color: #ff0000;\"><strong>L&#8217;ARTICOLO DEL 7 NOVEMBRE 2021<\/strong><\/span><\/p>\n<blockquote>\n<h3>LITE CONFINARIA TRA LA VALLE E FORNO DI ZOLDO A FORCELLA MOSCHESIN<\/h3>\n<\/blockquote>\n<p><strong><a href=\"https:\/\/www.radiopiu.net\/wordpress\/lite-confinaria-tra-la-valle-e-forno-di-zoldo-a-forcella-moschesin\/98f8d19a-474f-469d-8744-ca0c3afe7cad\/\" rel=\"attachment wp-att-241467\"><img loading=\"lazy\" decoding=\"async\" class=\"size-medium wp-image-241467 alignleft\" src=\"https:\/\/www.radiopiu.net\/wordpress\/wp-content\/uploads\/2021\/11\/98f8d19a-474f-469d-8744-ca0c3afe7cad-300x194.jpg\" alt=\"\" width=\"300\" height=\"194\" srcset=\"https:\/\/www.radiopiu.net\/wordpress\/wp-content\/uploads\/2021\/11\/98f8d19a-474f-469d-8744-ca0c3afe7cad-300x194.jpg 300w, https:\/\/www.radiopiu.net\/wordpress\/wp-content\/uploads\/2021\/11\/98f8d19a-474f-469d-8744-ca0c3afe7cad-1024x663.jpg 1024w, https:\/\/www.radiopiu.net\/wordpress\/wp-content\/uploads\/2021\/11\/98f8d19a-474f-469d-8744-ca0c3afe7cad-768x497.jpg 768w, https:\/\/www.radiopiu.net\/wordpress\/wp-content\/uploads\/2021\/11\/98f8d19a-474f-469d-8744-ca0c3afe7cad-1536x995.jpg 1536w, https:\/\/www.radiopiu.net\/wordpress\/wp-content\/uploads\/2021\/11\/98f8d19a-474f-469d-8744-ca0c3afe7cad.jpg 1600w\" sizes=\"auto, (max-width: 300px) 100vw, 300px\" \/><\/a>di Tiziano De Col<\/strong><\/p>\n<p>In questo articolo cercheremo di scoprire le vicende confinarie che hanno caratterizzato la propriet\u00e0 della forcella, a tale scopo riportiamo anche la fotografia di una incisione confinaria (cippo) posta proprio sulla forcella e che il compianto &#8220;Giuani Bocia&#8221; (Guardia Comunale a La Valle Agordina a met\u00e0 del secolo scorso) identificava come \u201c Sass dele parole\u201d forse attratto dalla iscrizione Romana del \u201cTap dele parole\u201d sul Civetta. L\u2019amicizia che legava il &#8220;Giuani&#8221; al Prof.Angelini aveva forse contribuito a dare questo nome all\u2019iscrizione confinaria e sarebbe bello continuare a chiamarla cos\u00ec, come la chiamava il &#8220;Giuani Bocia&#8221;. (fonte : \u201cGiova\u201d, figlia del &#8220;Giuani Bocia&#8221;). Non siamo ancora riusciti a datare l\u2019iscrizione, ma continua la ricerca di un documento collegato ad essa. Il diritto di pascolo sulla forcella fu sempre conteso tra La Valle e Forno di Zoldo, non tanto per la forcella stessa, quanto perch\u00e9 essa era ed \u00e8 l\u2019unico accesso ai pascoli del Balanz\u00f2l o Balanz\u00f2le che era il vero motivo del contendere, insieme al diritto di abbeverata alla Fontana di Piae. Quest\u2019ultima, pur essendo pienamente nel territorio di La Valle \u00e8 ancora gravata da un diritto di abbeverata da parte della malga di Pramper qualora le sorgenti presenti nello Zoldano siano asciutte. Il confine attuale, accettato dai due comuni confinanti nel 1952 passa a circa 60 metri in direzione nord-est dalla Casermetta di Piae, il cippo con l\u2019iscrizione \u00e8 invece posto a circa 120 metri dalla casermetta sempre in direzione nord-est.<br \/>\nSarebbe opportuno, qui come sul Dur\u00e0n, posizionare dei cartelli indicanti il confine preciso, cos\u00ec come erano presenti fino a qualche decennio fa, questo non solo per praticit\u00e0, ma anche per ricordare al turista ed al valligiano la vastit\u00e0 delle pertinenze del Comune di La Valle e l\u2019impegno profuso nei secoli dai suoi abitanti per garantirsi, attraverso l\u2019uso del territorio, una seppur minima garanzia di sopravvivenza.<br \/>\n<strong><a href=\"https:\/\/www.radiopiu.net\/wordpress\/lite-confinaria-tra-la-valle-e-forno-di-zoldo-a-forcella-moschesin\/8909473b-00f8-4701-b974-8befccfa9f7b\/\" rel=\"attachment wp-att-241468\"><img loading=\"lazy\" decoding=\"async\" class=\"size-medium wp-image-241468 alignright\" src=\"https:\/\/www.radiopiu.net\/wordpress\/wp-content\/uploads\/2021\/11\/8909473b-00f8-4701-b974-8befccfa9f7b-300x230.jpg\" alt=\"\" width=\"300\" height=\"230\" srcset=\"https:\/\/www.radiopiu.net\/wordpress\/wp-content\/uploads\/2021\/11\/8909473b-00f8-4701-b974-8befccfa9f7b-300x230.jpg 300w, https:\/\/www.radiopiu.net\/wordpress\/wp-content\/uploads\/2021\/11\/8909473b-00f8-4701-b974-8befccfa9f7b-1024x784.jpg 1024w, https:\/\/www.radiopiu.net\/wordpress\/wp-content\/uploads\/2021\/11\/8909473b-00f8-4701-b974-8befccfa9f7b-768x588.jpg 768w, https:\/\/www.radiopiu.net\/wordpress\/wp-content\/uploads\/2021\/11\/8909473b-00f8-4701-b974-8befccfa9f7b.jpg 1338w\" sizes=\"auto, (max-width: 300px) 100vw, 300px\" \/><\/a>Le tappe della lite negli ultimi 150 anni :<\/strong><\/p>\n<p>1906 I Comuni contestanti accettano un uso promiscuo di pascolo della Forcella Moschesin<\/p>\n<p>20 Gennaio 1907 Il Sindaco di La Valle esasperato dagli sconfinamenti scrive al Prefetto di Belluno per dirimere la lite confinaria.<\/p>\n<p>25 Luglio 1907 La Giunta Provinciale Amministrativa (G.P.A.) decide di incaricare un tecnico per il sopralluogo<\/p>\n<p>7 Settembre 1907 I rappresentanti di Forno di Zoldo dichiarano che utilizzano promiscuamente tal terreno da oltre 40 anni (quindi dal 1867 circa) anche se questo \u00e8 intestato in Estimo al Comune di La Valle e dichiarano altres\u00ec che la lite dura gi\u00e0 da pi\u00f9 di 20 anni (quindi dal 1887 circa).<\/p>\n<p>24 Novembre 1907 Il Consiglio Comunale di La Valle Agordina autorizza il Sindaco a stare in giudizio contro il Comune di Forno di Zoldo<\/p>\n<p>17 Ottobre 1911 A seguito della sentenza delle Pretura di Agordo si effettua un sopralluogo tra i due Comuni per porre la confinazione<\/p>\n<p>9 Ottobre 1950 Si riapre il contenzioso tra i due Comuni.<\/p>\n<p>18 Gennaio 1951 Il Comune di La Valle produce una mappa confinaria datata 1931 &#8211; 1936 controfirmata dalle controparti e con la linea di confine passante sul cippo in fotografia .<\/p>\n<p>31 Maggio 1952 Presso l\u2019 Ufficio Tecnico del Catasto i rappresentanti dei due Comuni si accordano definitivamente sulla linea di confine che arretra di 60 metri circa in direzione La Valle dal cippo sulla forcella aprendo cos\u00ec il transito al bestiame di Forno di Zoldo per il pascolo sui prati delle Balanzole e terminando una lite secolare.<\/p>\n<p>&nbsp;<\/p>\n<p>&nbsp;<\/p>\n<p>&nbsp;<\/p>\n<p>*********<\/p>\n","protected":false},"excerpt":{"rendered":"<p>****** &nbsp; DI TIZIANO DE COL Riproponiamo un articolo pubblicato alcuni anni orsono, ora completato da alcune fotografie che rappresentano meglio l&#8217;antica iscrizione incisa nella roccia su un masso a Forcella Moschesin, sul confine tra La Valle agordina e Val di Zoldo. L&#8217;iscrizione \u00e8 certamente molto antica anche considerando l&#8217;usura che l&#8217;incisione ha subito da&hellip;<\/p>\n","protected":false},"author":4,"featured_media":427110,"comment_status":"closed","ping_status":"closed","sticky":false,"template":"","format":"standard","meta":{"_monsterinsights_skip_tracking":false,"_monsterinsights_sitenote_active":false,"_monsterinsights_sitenote_note":"","_monsterinsights_sitenote_category":0,"footnotes":""},"categories":[104,49],"tags":[],"class_list":["post-427107","post","type-post","status-publish","format-standard","has-post-thumbnail","hentry","category-evidenza_3","category-news-18","category-104","category-49","description-off"],"img_url":"https:\/\/www.radiopiu.net\/wordpress\/wp-content\/uploads\/2024\/12\/d9d3fcf0-ab8f-4a61-a8c0-3e561b59e22b.jpg","_links":{"self":[{"href":"https:\/\/www.radiopiu.net\/wordpress\/wp-json\/wp\/v2\/posts\/427107","targetHints":{"allow":["GET"]}}],"collection":[{"href":"https:\/\/www.radiopiu.net\/wordpress\/wp-json\/wp\/v2\/posts"}],"about":[{"href":"https:\/\/www.radiopiu.net\/wordpress\/wp-json\/wp\/v2\/types\/post"}],"author":[{"embeddable":true,"href":"https:\/\/www.radiopiu.net\/wordpress\/wp-json\/wp\/v2\/users\/4"}],"replies":[{"embeddable":true,"href":"https:\/\/www.radiopiu.net\/wordpress\/wp-json\/wp\/v2\/comments?post=427107"}],"version-history":[{"count":1,"href":"https:\/\/www.radiopiu.net\/wordpress\/wp-json\/wp\/v2\/posts\/427107\/revisions"}],"predecessor-version":[{"id":427113,"href":"https:\/\/www.radiopiu.net\/wordpress\/wp-json\/wp\/v2\/posts\/427107\/revisions\/427113"}],"wp:featuredmedia":[{"embeddable":true,"href":"https:\/\/www.radiopiu.net\/wordpress\/wp-json\/wp\/v2\/media\/427110"}],"wp:attachment":[{"href":"https:\/\/www.radiopiu.net\/wordpress\/wp-json\/wp\/v2\/media?parent=427107"}],"wp:term":[{"taxonomy":"category","embeddable":true,"href":"https:\/\/www.radiopiu.net\/wordpress\/wp-json\/wp\/v2\/categories?post=427107"},{"taxonomy":"post_tag","embeddable":true,"href":"https:\/\/www.radiopiu.net\/wordpress\/wp-json\/wp\/v2\/tags?post=427107"}],"curies":[{"name":"wp","href":"https:\/\/api.w.org\/{rel}","templated":true}]}}