{"id":427129,"date":"2024-12-31T05:38:35","date_gmt":"2024-12-31T04:38:35","guid":{"rendered":"https:\/\/www.radiopiu.net\/wordpress\/?p=427129"},"modified":"2024-12-31T08:01:08","modified_gmt":"2024-12-31T07:01:08","slug":"giornale-radiopiu-31-dicembre-2024-direttore-mirko-mezzacasada-41-anni-25-giugno-1983-25-giugno-2024","status":"publish","type":"post","link":"https:\/\/www.radiopiu.net\/wordpress\/giornale-radiopiu-31-dicembre-2024-direttore-mirko-mezzacasada-41-anni-25-giugno-1983-25-giugno-2024\/","title":{"rendered":"GIORNALE RADIOPIU 31 DICEMBRE 2024 DIRETTORE MIRKO MEZZACASA\u2026DA 41 ANNI 25 GIUGNO 1983-25 GIUGNO 2024"},"content":{"rendered":"<p>********<\/p>\n<p>&nbsp;<\/p>\n<p><em><span style=\"color: #ff0000;\"><a class=\"dt-pswp-item\" href=\"https:\/\/www.radiopiu.net\/wordpress\/wp-content\/uploads\/2024\/10\/Senza-nome-8.png\" data-dt-img-description=\"\" data-large_image_width=\"343\" data-large_image_height=\"303\"><img loading=\"lazy\" decoding=\"async\" class=\"wp-image-412130 alignleft\" src=\"https:\/\/www.radiopiu.net\/wordpress\/wp-content\/uploads\/2024\/10\/Senza-nome-8-300x265.png\" alt=\"\" width=\"105\" height=\"93\" srcset=\"https:\/\/www.radiopiu.net\/wordpress\/wp-content\/uploads\/2024\/10\/Senza-nome-8-300x265.png 300w, https:\/\/www.radiopiu.net\/wordpress\/wp-content\/uploads\/2024\/10\/Senza-nome-8.png 343w\" sizes=\"auto, (max-width: 105px) 100vw, 105px\" \/><\/a><\/span><\/em><strong><em><span style=\"color: #ff0000;\"> LA\u00a0 APP PER IOS-IPHONE di Nicola Vettorello<\/span><\/em><\/strong><\/p>\n<p><strong><span style=\"color: #0000ff;\"><a style=\"color: #0000ff;\" href=\"https:\/\/apps.apple.com\/it\/app\/radio-pi%C3%B9-emittente-agordina\/id1515939845\">https:\/\/apps.apple.com\/it\/app\/radio-pi%C3%B9-emittente-agordina\/id1515939845<\/a><\/span><\/strong><\/p>\n<p><strong><em style=\"color: #ff0000;\">LA\u00a0 APP RADIO\u00a0 PER ANDROID di Nicola Vettorello<\/em><\/strong><\/p>\n<p><strong><span style=\"color: #0000ff;\"><a style=\"color: #0000ff;\" href=\"https:\/\/play.google.com\/store\/apps\/details?id=net.radiopiu.iniko\" target=\"_blank\" rel=\"noopener noreferrer\">https:\/\/<\/a><a style=\"color: #0000ff;\" href=\"https:\/\/play.google.com\/store\/apps\/details?id=net.radiopiu.iniko\" target=\"_blank\" rel=\"noopener noreferrer\">play.google.com\/store\/apps\/details?id=net.radiopiu.iniko\u00a0\u00a0\u00a0<\/a><\/span><\/strong><\/p>\n<p>&nbsp;<\/p>\n<p>&nbsp;<\/p>\n<div dir=\"auto\"><a class=\"dt-pswp-item\" href=\"https:\/\/www.radiopiu.net\/wordpress\/wp-content\/uploads\/2024\/12\/471596507_10236396431037698_3094808571034660316_n.jpg\" data-dt-img-description=\"\" data-large_image_width=\"235\" data-large_image_height=\"180\"><img loading=\"lazy\" decoding=\"async\" class=\"size-full wp-image-427179 alignleft\" src=\"https:\/\/www.radiopiu.net\/wordpress\/wp-content\/uploads\/2024\/12\/471596507_10236396431037698_3094808571034660316_n.jpg\" alt=\"\" width=\"235\" height=\"180\" \/><\/a>41 anni fa,\u00a0 Floriano Pra, (sindaco di Alleghe dal 1970) ci ospitava nel suo ufficio in Comunit\u00e0 Montana concedendoci una prima lunga intervista. Era il Presidente dell&#8217;allora Comunit\u00e0 Montana Agordina a marchio Democrazia Cristiana, la grande Balena in effetti era ben spiaggiata nell&#8217;Agordino, da Colle Santa Lucia a Gosaldo, ma non in piazza ad Agordo saldamente nella mani del Socialista e Senatore Armando Da Roit, &#8220;Tama&#8221;. Allora, nel dicembre 1983 RADIOPIU realizz\u00f2 la prima intervista al Presidente. Io non ancora ventenne e Lui politico gi\u00e0 navigato&#8230;Non fu facile, ma sicuramente fantastico, Floriano Pra al microfono di RADIOPIU era per noi gi\u00e0 un importante traguardo.<\/div>\n<div dir=\"auto\">Dal 1983 ad oggi, ogni anno, l&#8217;ultimo dell&#8217;anno, il 31 dicembre alle 12.30 la RADIO dedica un&#8217;ora di tempo al Presidente dell&#8217;Unione Montana. Sar\u00e0 cos\u00ec anche quest&#8217;anno, martedi un&#8217;ora con il Presidente Paolo Frena. Rapporti con la regione, viabilit\u00e0, ciclabile, Luxottica, spopolamento, programmi &#8230; e molto altro<\/div>\n<div dir=\"auto\">mirko mezzacasa<\/div>\n<div dir=\"auto\"><\/div>\n<blockquote>\n<h3 dir=\"auto\"><\/h3>\n<h3 dir=\"auto\">AUGURI, RADIOPIU&#8217;<\/h3>\n<\/blockquote>\n<p><span style=\"color: #ff0000;\"><em><strong>\u00a0e questa sera da Falcade&#8230; gli auguri in diretta alla Radio, con Marco Gaz<\/strong><\/em><\/span><\/p>\n<p>&nbsp;<\/p>\n<p><a href=\"https:\/\/www.radiopiu.net\/wordpress\/wp-content\/uploads\/2024\/12\/68ad6910-f489-436f-85c8-08dbde1cc3f5.webp\"><img loading=\"lazy\" decoding=\"async\" class=\"wp-image-427354 alignleft\" src=\"https:\/\/www.radiopiu.net\/wordpress\/wp-content\/uploads\/2024\/12\/68ad6910-f489-436f-85c8-08dbde1cc3f5-300x300.webp\" alt=\"\" width=\"185\" height=\"185\" srcset=\"https:\/\/www.radiopiu.net\/wordpress\/wp-content\/uploads\/2024\/12\/68ad6910-f489-436f-85c8-08dbde1cc3f5-300x300.webp 300w, https:\/\/www.radiopiu.net\/wordpress\/wp-content\/uploads\/2024\/12\/68ad6910-f489-436f-85c8-08dbde1cc3f5-150x150.webp 150w, https:\/\/www.radiopiu.net\/wordpress\/wp-content\/uploads\/2024\/12\/68ad6910-f489-436f-85c8-08dbde1cc3f5-768x768.webp 768w, https:\/\/www.radiopiu.net\/wordpress\/wp-content\/uploads\/2024\/12\/68ad6910-f489-436f-85c8-08dbde1cc3f5.webp 1024w\" sizes=\"auto, (max-width: 185px) 100vw, 185px\" \/><\/a>Nove anni di GIORNALE RADIOPIU, era il 1 aprile del 2015 quando usci la prima edizione OnLine del notiziario della testata di RADIOPIU. Questo di oggi\u00a0 \u00e8 l&#8217;ultimo numero dell&#8217;anno. Il GIORNALE RADIOPIU torner\u00e0, puntuale alle sei del mattino, il 2 gennaio. A tutti voi grazie per la fiducia e la quotidiana presenza su queste pagine. Per RADIOPIU questo \u00e8 stato un altro anno importante, in via Paris Bordone la squadra \u00e8 cresciuta, molte le voci nuove, le idee nuove, la voglia di fare radio per passione. Una radio come tanti anni fa, tra buon umore e voglia di lavorare per il territorio\u00a0 tutti assieme. Grazie ai miei favolosi collaboratori, di ieri, di oggi e sicuramente di domani, perch\u00e9 stiamo dando un futuro a RADIOPIU anche con la tecnologia DABplus<\/p>\n<p><strong>GLI AUGURI ALLA\u00a0 RADIO DI ANDREA DELOGU (FOTO)<\/strong><\/p>\n<audio class=\"wp-audio-shortcode\" id=\"audio-427129-1\" preload=\"none\" style=\"width: 100%;\" controls=\"controls\"><source type=\"audio\/mpeg\" src=\"https:\/\/www.radiopiu.net\/wordpress\/wp-content\/uploads\/2023\/12\/auguri-natale-andrea-DELOGU.mp3?_=1\" \/><a href=\"https:\/\/www.radiopiu.net\/wordpress\/wp-content\/uploads\/2023\/12\/auguri-natale-andrea-DELOGU.mp3\">https:\/\/www.radiopiu.net\/wordpress\/wp-content\/uploads\/2023\/12\/auguri-natale-andrea-DELOGU.mp3<\/a><\/audio>\n<p><strong>GLI AUGURI ALLA RADIO DI FRANCO SIMONE<\/strong><\/p>\n<audio class=\"wp-audio-shortcode\" id=\"audio-427129-2\" preload=\"none\" style=\"width: 100%;\" controls=\"controls\"><source type=\"audio\/mpeg\" src=\"https:\/\/www.radiopiu.net\/wordpress\/wp-content\/uploads\/2023\/12\/simone-cara-droga.mp3?_=2\" \/><a href=\"https:\/\/www.radiopiu.net\/wordpress\/wp-content\/uploads\/2023\/12\/simone-cara-droga.mp3\">https:\/\/www.radiopiu.net\/wordpress\/wp-content\/uploads\/2023\/12\/simone-cara-droga.mp3<\/a><\/audio>\n<p><strong>GLI AUGURI IN MUSICA DELL&#8217;AMICO PIERO BOLZAN<\/strong><\/p>\n<audio class=\"wp-audio-shortcode\" id=\"audio-427129-3\" preload=\"none\" style=\"width: 100%;\" controls=\"controls\"><source type=\"audio\/mpeg\" src=\"https:\/\/www.radiopiu.net\/wordpress\/wp-content\/uploads\/2023\/12\/PIERO.mp3?_=3\" \/><a href=\"https:\/\/www.radiopiu.net\/wordpress\/wp-content\/uploads\/2023\/12\/PIERO.mp3\">https:\/\/www.radiopiu.net\/wordpress\/wp-content\/uploads\/2023\/12\/PIERO.mp3<\/a><\/audio>\n<p>&nbsp;<\/p>\n<p>&nbsp;<\/p>\n<blockquote>\n<h2>CAPODANNO A FALCADE&#8230;CON DJ JACK &#8211; DIRETTA RADIO DALLE 22 CON MARCO GAZ<\/h2>\n<\/blockquote>\n<p><img loading=\"lazy\" decoding=\"async\" class=\"alignleft\" src=\"https:\/\/www.radiopiu.net\/wordpress\/wp-content\/uploads\/2022\/09\/capodanno2013.jpg\" width=\"295\" height=\"221\" \/><\/p>\n<p>Buona fine&#8230;miglior principio. Cari amiche ed amici della RADIOPIU&#8217; tanti auguri! Avremo l&#8217;occasione di amplificarli questa notte, dalle 22 la radio sar\u00e0 in diretta dal Capodanno di Falcade per trasmettere con Dj Jack (regia Marco Gaz) una montagna di buoni auspici e, soprattutto la diretta dal palco con PromoFalcade, Comune,\u00a0 proloco di Caviola, tanti volontari&#8230;.<\/p>\n<p>&nbsp;<\/p>\n<p>&nbsp;<\/p>\n<p>&nbsp;<\/p>\n<p>&nbsp;<\/p>\n<p>&nbsp;<\/p>\n<p>&nbsp;<\/p>\n<p>&nbsp;<\/p>\n<hr \/>\n<p>&nbsp;<\/p>\n<p>&nbsp;<\/p>\n<p><strong><a class=\"dt-pswp-item\" href=\"https:\/\/www.radiopiu.net\/wordpress\/wp-content\/uploads\/2024\/12\/radionatale-stampa.jpg\" data-dt-img-description=\"\" data-large_image_width=\"1599\" data-large_image_height=\"933\"><img loading=\"lazy\" decoding=\"async\" class=\" wp-image-422556 alignleft\" src=\"https:\/\/www.radiopiu.net\/wordpress\/wp-content\/uploads\/2024\/12\/radionatale-stampa-300x175.jpg\" alt=\"\" width=\"254\" height=\"148\" srcset=\"https:\/\/www.radiopiu.net\/wordpress\/wp-content\/uploads\/2024\/12\/radionatale-stampa-300x175.jpg 300w, https:\/\/www.radiopiu.net\/wordpress\/wp-content\/uploads\/2024\/12\/radionatale-stampa-1024x597.jpg 1024w, https:\/\/www.radiopiu.net\/wordpress\/wp-content\/uploads\/2024\/12\/radionatale-stampa-768x448.jpg 768w, https:\/\/www.radiopiu.net\/wordpress\/wp-content\/uploads\/2024\/12\/radionatale-stampa-1536x896.jpg 1536w, https:\/\/www.radiopiu.net\/wordpress\/wp-content\/uploads\/2024\/12\/radionatale-stampa.jpg 1599w\" sizes=\"auto, (max-width: 254px) 100vw, 254px\" \/><\/a>OGGI ALLE 14.00\u00a0<\/strong> ELETTROCHOC CON DJ JACK, LA MUSICA CHE BATTE <strong>15.00<\/strong> LA CLASSIFICA UFFICIALE DI MARCO GAZ\u00a0 \u00a0ALLE <strong>12.30<\/strong> CON LISCIO NON TI LASCIO DI MIRCO BENCIVENNI E NEL POMERIGGIO <strong>ALLE 15\u00a0<\/strong> MARINA CON PIU&#8217; MUSICA SPECIALE FINE ANNO<\/p>\n<p><strong><span style=\"color: #ff0000;\">CAPODANNO SULLE DOLOMITI? A FALCADE, QUESTA NOTTE CON\u00a0<span class=\"html-span xdj266r x11i5rnm xat24cr x1mh8g0r xexx8yu x4uap5 x18d9i69 xkhd6sd x1hl2dhg x16tdsg8 x1vvkbs\"><a class=\"x1i10hfl xjbqb8w x1ejq31n xd10rxx x1sy0etr x17r0tee x972fbf xcfux6l x1qhh985 xm0m39n x9f619 x1ypdohk xt0psk2 xe8uvvx xdj266r x11i5rnm xat24cr x1mh8g0r xexx8yu x4uap5 x18d9i69 xkhd6sd x16tdsg8 x1hl2dhg xggy1nq x1a2a7pz x1heor9g x1sur9pj xkrqix3 x1s688f\" style=\"color: #ff0000;\" tabindex=\"0\" role=\"link\" href=\"https:\/\/www.facebook.com\/electrochocradioshow?__cft__[0]=AZWd3bUrmvA_nOb5RVC989pfmUlYrrNp-rRzceKlLYi-EJ8TrszeaGaRhG6irMWJbFFfopnxFu1gkeTVeSFrExaoYu1mMPeR3R-LuzIOSKf8Fd9I3TU0ZqSCNsIIsBsklKveNRWdjvFURbGExvuiGhjvm5YqgDqX0R50XpiFCTYBUQ&amp;__tn__=-]K-R\"><span class=\"x1bvjpef x1mdnquu\">DJ Jack<\/span><\/a><\/span><\/span><\/strong><br class=\"html-br\" \/><strong><span style=\"color: #ff0000;\">DIRETTA RADIOPIU<\/span><\/strong><\/p>\n<p><strong>rassegna stampa nazionale,<\/strong> ogni giorno alle 5 e alle 6 del mattino.<br \/>\ngiornali locali 7 rassegna stampa flash, 8 rassegna stampa, gr flash alle 10 e alle 11, principale 12.30. Informazione pomeriggio ogni ora fino alle 20, in coda ai notiziari nazionali. Giornale radio nazionale: ogni ora dalle 4 del mattino, alle 20 della sera. Alle 19 le anticipazioni dal TG di Antenna 3 di Tiziana Bolognani.<\/p>\n<p>&nbsp;<\/p>\n<p>&nbsp;<\/p>\n<hr \/>\n<p>&nbsp;<\/p>\n<p>&nbsp;<\/p>\n<div class=\"x11i5rnm xat24cr x1mh8g0r x1vvkbs xtlvy1s x126k92a\">\n<div dir=\"auto\">\n<div dir=\"auto\">\n<p><strong><a class=\"dt-pswp-item\" href=\"https:\/\/www.radiopiu.net\/wordpress\/wp-content\/uploads\/2024\/02\/2d44e751-d8a8-461b-8e22-d8e4e853b032.jpg\" data-dt-img-description=\"\" data-large_image_width=\"1600\" data-large_image_height=\"1200\"><img loading=\"lazy\" decoding=\"async\" class=\"wp-image-373307 alignleft\" src=\"https:\/\/www.radiopiu.net\/wordpress\/wp-content\/uploads\/2024\/02\/2d44e751-d8a8-461b-8e22-d8e4e853b032-300x225.jpg\" alt=\"\" width=\"105\" height=\"79\" srcset=\"https:\/\/www.radiopiu.net\/wordpress\/wp-content\/uploads\/2024\/02\/2d44e751-d8a8-461b-8e22-d8e4e853b032-300x225.jpg 300w, https:\/\/www.radiopiu.net\/wordpress\/wp-content\/uploads\/2024\/02\/2d44e751-d8a8-461b-8e22-d8e4e853b032-1024x768.jpg 1024w, https:\/\/www.radiopiu.net\/wordpress\/wp-content\/uploads\/2024\/02\/2d44e751-d8a8-461b-8e22-d8e4e853b032-768x576.jpg 768w, https:\/\/www.radiopiu.net\/wordpress\/wp-content\/uploads\/2024\/02\/2d44e751-d8a8-461b-8e22-d8e4e853b032-1536x1152.jpg 1536w, https:\/\/www.radiopiu.net\/wordpress\/wp-content\/uploads\/2024\/02\/2d44e751-d8a8-461b-8e22-d8e4e853b032.jpg 1600w\" sizes=\"auto, (max-width: 105px) 100vw, 105px\" \/><\/a>EL BAL DEL FIOR, DI GIULIANA DA RONCH, 31 DICEMBRE<\/strong><strong>\u00a02024<\/strong><\/p>\n<\/div>\n<\/div>\n<\/div>\n<div class=\"x11i5rnm xat24cr x1mh8g0r x1vvkbs xtlvy1s x126k92a\">\n<audio class=\"wp-audio-shortcode\" id=\"audio-427129-4\" preload=\"none\" style=\"width: 100%;\" controls=\"controls\"><source type=\"audio\/mpeg\" src=\"https:\/\/www.radiopiu.net\/wordpress\/wp-content\/uploads\/2024\/12\/GMA-4.mp3?_=4\" \/><a href=\"https:\/\/www.radiopiu.net\/wordpress\/wp-content\/uploads\/2024\/12\/GMA-4.mp3\">https:\/\/www.radiopiu.net\/wordpress\/wp-content\/uploads\/2024\/12\/GMA-4.mp3<\/a><\/audio>\n<p>&nbsp;<\/p>\n<hr \/>\n<p>&nbsp;<\/p>\n<p>&nbsp;<\/p>\n<blockquote>\n<h1><strong><a class=\"dt-pswp-item\" href=\"https:\/\/www.radiopiu.net\/wordpress\/wp-content\/uploads\/2024\/10\/629301fd-708d-4f53-95c2-d28cbefd500f.jpg\" data-dt-img-description=\"\" data-large_image_width=\"1600\" data-large_image_height=\"1322\"><img loading=\"lazy\" decoding=\"async\" class=\"wp-image-413782 alignright\" src=\"https:\/\/www.radiopiu.net\/wordpress\/wp-content\/uploads\/2024\/10\/629301fd-708d-4f53-95c2-d28cbefd500f-300x248.jpg\" alt=\"\" width=\"106\" height=\"88\" srcset=\"https:\/\/www.radiopiu.net\/wordpress\/wp-content\/uploads\/2024\/10\/629301fd-708d-4f53-95c2-d28cbefd500f-300x248.jpg 300w, https:\/\/www.radiopiu.net\/wordpress\/wp-content\/uploads\/2024\/10\/629301fd-708d-4f53-95c2-d28cbefd500f-1024x846.jpg 1024w, https:\/\/www.radiopiu.net\/wordpress\/wp-content\/uploads\/2024\/10\/629301fd-708d-4f53-95c2-d28cbefd500f-768x635.jpg 768w, https:\/\/www.radiopiu.net\/wordpress\/wp-content\/uploads\/2024\/10\/629301fd-708d-4f53-95c2-d28cbefd500f-1536x1269.jpg 1536w, https:\/\/www.radiopiu.net\/wordpress\/wp-content\/uploads\/2024\/10\/629301fd-708d-4f53-95c2-d28cbefd500f.jpg 1600w\" sizes=\"auto, (max-width: 106px) 100vw, 106px\" \/><\/a><\/strong><\/h1>\n<h1><strong><a class=\"dt-pswp-item\" href=\"https:\/\/www.radiopiu.net\/wordpress\/wp-content\/uploads\/2024\/11\/th-18.jpg\" data-dt-img-description=\"\" data-large_image_width=\"156\" data-large_image_height=\"180\"><img loading=\"lazy\" decoding=\"async\" class=\"size-full wp-image-421611 alignleft\" src=\"https:\/\/www.radiopiu.net\/wordpress\/wp-content\/uploads\/2024\/11\/th-18.jpg\" alt=\"\" width=\"156\" height=\"180\" \/><\/a><\/strong><\/h1>\n<h1><strong>N di parom &#8211; L Almanach de la nosta jent<\/strong><\/h1>\n<\/blockquote>\n<p>&nbsp;<\/p>\n<p>Le voci: Davide Conedera, Agordo, Michela Dell&#8217;Osbel, La Valle Agordina Simone Ganz, Falcade Veronica Lezuo, Colle Santa Lucia. La voce nella sigla \u00e8 di Giorgia Taio<\/p>\n<p>&nbsp;<\/p>\n<p><strong>LA PUNTATA DI OGGI, 31 DICEMBRE<\/strong><\/p>\n<audio class=\"wp-audio-shortcode\" id=\"audio-427129-5\" preload=\"none\" style=\"width: 100%;\" controls=\"controls\"><source type=\"audio\/mpeg\" src=\"https:\/\/www.radiopiu.net\/wordpress\/wp-content\/uploads\/2024\/12\/AL2-4.mp3?_=5\" \/><a href=\"https:\/\/www.radiopiu.net\/wordpress\/wp-content\/uploads\/2024\/12\/AL2-4.mp3\">https:\/\/www.radiopiu.net\/wordpress\/wp-content\/uploads\/2024\/12\/AL2-4.mp3<\/a><\/audio>\n<\/div>\n<div class=\"x11i5rnm xat24cr x1mh8g0r x1vvkbs xtlvy1s x126k92a\">\n<div dir=\"auto\">\n<p>&nbsp;<\/p>\n<p>&nbsp;<\/p>\n<p>&nbsp;<\/p>\n<hr \/>\n<\/div>\n<\/div>\n<blockquote>\n<blockquote>\n<h1><span style=\"color: #ff0000;\">\u00a0<\/span><\/h1>\n<h1><span style=\"color: #ff0000;\">I podcast informativi del mattino &#8211; audio &#8211;\u00a0\u00a0<\/span><\/h1>\n<\/blockquote>\n<p><strong><a class=\"dt-pswp-item\" href=\"https:\/\/www.radiopiu.net\/wordpress\/wp-content\/uploads\/2024\/11\/6.jpg\" data-dt-img-description=\"\" data-large_image_width=\"177\" data-large_image_height=\"180\"><img loading=\"lazy\" decoding=\"async\" class=\"size-full wp-image-417911 alignleft\" src=\"https:\/\/www.radiopiu.net\/wordpress\/wp-content\/uploads\/2024\/11\/6.jpg\" alt=\"\" width=\"177\" height=\"180\" \/><\/a>LA RASSEGNA STAMPA NAZIONALE ALLA RADIO, OGNI GIORNO ALLE 5 E ALLE 6 DEL MATTINO <span style=\"color: #0000ff;\">viene pubblicata alle 6.00 <span style=\"color: #ff0000;\">DIRETTA RADIO\u00a0 \u00a0\u00a0<\/span><\/span><\/strong><\/p><\/blockquote>\n<p>&nbsp;<\/p>\n<p><strong>NOTIZIE DELLA NOTTE<\/strong><\/p>\n<p><strong>Tennis<\/strong>: United Cup, Italia batte Francia 3-0 e va ai quarti <strong>Messaggio di Xi a Putin<\/strong>: la Cina promuover\u00e0 &#8216;la pace nel mondo&#8217; <strong>Auguri di Kim<\/strong> al &#8216;caro amico&#8217; Putin, &#8216;2025 sia anno vittoria&#8217;<br \/>\n<strong>Corea del Sud<\/strong>, mandato d&#8217;arresto emesso per il presidente Yoon<strong>Per\u00f9,<\/strong> sequestrate 165 tonnellate di droga nel 2024 <strong>Coniugi trovati morti in casa <\/strong>a Cagliari, fermato uno dei figli <strong>Colombia<\/strong>, scomparse quasi 125mila persone negli ultimi 8 anni <strong>Ciclismo<\/strong>: morto a 104 anni il francese Emile Idee, veterano Tour<br \/>\n<strong>Tragedia nel Palermitano<\/strong> Turisti tedeschi intossicati da monossido di carbonio, morto un 36enne<\/p>\n<h2>AUDIO dalle 6 del mattino<\/h2>\n<audio class=\"wp-audio-shortcode\" id=\"audio-427129-6\" preload=\"none\" style=\"width: 100%;\" controls=\"controls\"><source type=\"audio\/mpeg\" src=\"https:\/\/www.radiopiu.net\/wordpress\/wp-content\/uploads\/2024\/12\/GIORNALEDELLESEI-25.mp3?_=6\" \/><a href=\"https:\/\/www.radiopiu.net\/wordpress\/wp-content\/uploads\/2024\/12\/GIORNALEDELLESEI-25.mp3\">https:\/\/www.radiopiu.net\/wordpress\/wp-content\/uploads\/2024\/12\/GIORNALEDELLESEI-25.mp3<\/a><\/audio>\n<p>&nbsp;<\/p>\n<p>&nbsp;<\/p>\n<hr \/>\n<p>&nbsp;<\/p>\n<h1 style=\"text-align: center;\"><span style=\"color: #ff0000;\"><a class=\"dt-pswp-item\" href=\"https:\/\/www.radiopiu.net\/wordpress\/wp-content\/uploads\/2024\/11\/7.jpg\" data-dt-img-description=\"\" data-large_image_width=\"180\" data-large_image_height=\"180\"><img loading=\"lazy\" decoding=\"async\" class=\"size-full wp-image-417912 alignleft\" src=\"https:\/\/www.radiopiu.net\/wordpress\/wp-content\/uploads\/2024\/11\/7.jpg\" alt=\"\" width=\"180\" height=\"180\" srcset=\"https:\/\/www.radiopiu.net\/wordpress\/wp-content\/uploads\/2024\/11\/7.jpg 180w, https:\/\/www.radiopiu.net\/wordpress\/wp-content\/uploads\/2024\/11\/7-150x150.jpg 150w\" sizes=\"auto, (max-width: 180px) 100vw, 180px\" \/><\/a>I podcast informativi del mattino &#8211; audio &#8211;\u00a0<\/span><\/h1>\n<p><strong>OGNI GIORNO ALLE SETTE DEL MATTINO, LA RASSEGNA STAMPA LOCALE FLASH&#8230; PER CHI VA IN FRETTA. I TITOLI DAI GIORNALI E DAL SITO WWW.RADIOPIU.NET <span style=\"color: #0000ff;\">viene pubblicato alle 7.00<\/span> <span style=\"color: #ff0000;\">DIRETTA RADIO\u00a0<\/span><\/strong><\/p>\n<p><em><span style=\"color: #ff0000;\">per chi va in fretta&#8230; tante notizie in pochi minuti. L&#8217;informazione locale alla radio, ogni ora dalle 7 del mattino alle 19 della sera.<\/span><\/em><\/p>\n<h1><\/h1>\n<h1>AUDIO dalle 7 del mattino<\/h1>\n<audio class=\"wp-audio-shortcode\" id=\"audio-427129-7\" preload=\"none\" style=\"width: 100%;\" controls=\"controls\"><source type=\"audio\/mpeg\" src=\"https:\/\/www.radiopiu.net\/wordpress\/wp-content\/uploads\/2024\/12\/GF07-23.mp3?_=7\" \/><a href=\"https:\/\/www.radiopiu.net\/wordpress\/wp-content\/uploads\/2024\/12\/GF07-23.mp3\">https:\/\/www.radiopiu.net\/wordpress\/wp-content\/uploads\/2024\/12\/GF07-23.mp3<\/a><\/audio>\n<p>&nbsp;<\/p>\n<hr \/>\n<p>&nbsp;<\/p>\n<h1><\/h1>\n<h1 style=\"text-align: center;\"><span style=\"color: #ff0000;\"><a class=\"dt-pswp-item\" href=\"https:\/\/www.radiopiu.net\/wordpress\/wp-content\/uploads\/2024\/11\/th.jpg\" data-dt-img-description=\"\" data-large_image_width=\"148\" data-large_image_height=\"179\"><img loading=\"lazy\" decoding=\"async\" class=\"size-full wp-image-417913 alignleft\" src=\"https:\/\/www.radiopiu.net\/wordpress\/wp-content\/uploads\/2024\/11\/th.jpg\" alt=\"\" width=\"148\" height=\"179\" \/><\/a>I podcast informativi del mattino &#8211; audio &#8211;\u00a0<\/span><\/h1>\n<blockquote><p><strong>GIORNALE RADIO NAZIONALE, EDIZIONE DELLE SETTE <span style=\"color: #0000ff;\">viene pubblicato alle 7.05 <span style=\"color: #ff0000;\">DIRETTA RADIO\u00a0<\/span><\/span><\/strong><\/p><\/blockquote>\n<p><strong>il giornale radionazionale e&#8217; in onda ogni ora, dalle sette del mattino alle venti della sera\u00a0 \u00a0<\/strong><strong>\u00a0<\/strong><\/p>\n<p><strong>Milano<\/strong>, arrestate tre persone per furto in abitazione <strong>Capodanno<\/strong> sequestri di botti in tutta Italia. Centinaia le &#8216;bombe Sinner <strong>Marco Mancuso<\/strong>: &#8220;Io sul cornicione, salvato da mia madre&#8221; Virale il video del giovane consigliere del Pd a Vercelli che racconta la sua esperienza <strong>Scontro tra due auto a Viareggio<\/strong>, morte una donna e una bimba di 8 anni L&#8217;incidente nella tarda mattinata sulla variante Aurelia <strong>Targa abusiva per Acca<\/strong> Larentia, appelli contro l&#8217;adunata Il Pd di Roma: &#8216;Piantedosi intervenga&#8217;. I militanti: &#8216;Dovere esserci&#8217;<\/p>\n<p>&nbsp;<\/p>\n<p><span style=\"color: #ff0000;\"><span style=\"color: #0000ff;\">CRONACA<\/span> EDIZIONE DELLA SERA , DEL 30 DICEMBRE 2024 EDIZIONE DI IERI, 20.00<\/span><\/p>\n<audio class=\"wp-audio-shortcode\" id=\"audio-427129-8\" preload=\"none\" style=\"width: 100%;\" controls=\"controls\"><source type=\"audio\/mpeg\" src=\"https:\/\/www.radiopiu.net\/wordpress\/wp-content\/uploads\/2024\/12\/giornale07-47.mp3?_=8\" \/><a href=\"https:\/\/www.radiopiu.net\/wordpress\/wp-content\/uploads\/2024\/12\/giornale07-47.mp3\">https:\/\/www.radiopiu.net\/wordpress\/wp-content\/uploads\/2024\/12\/giornale07-47.mp3<\/a><\/audio>\n<p>&nbsp;<\/p>\n<p><span style=\"color: #ff0000;\"><span style=\"color: #0000ff;\">SPORT<\/span> EDIZIONE DELLE 19, DEL 30 DICEMBRE 2024, LO SPORT EDIZIONE DI IERI<\/span><\/p>\n<audio class=\"wp-audio-shortcode\" id=\"audio-427129-9\" preload=\"none\" style=\"width: 100%;\" controls=\"controls\"><source type=\"audio\/mpeg\" src=\"https:\/\/www.radiopiu.net\/wordpress\/wp-content\/uploads\/2024\/12\/gr-sport-24.mp3?_=9\" \/><a href=\"https:\/\/www.radiopiu.net\/wordpress\/wp-content\/uploads\/2024\/12\/gr-sport-24.mp3\">https:\/\/www.radiopiu.net\/wordpress\/wp-content\/uploads\/2024\/12\/gr-sport-24.mp3<\/a><\/audio>\n<p>&nbsp;<\/p>\n<h2><span style=\"color: #ff0000;\"><span style=\"color: #0000ff;\">ULTIM&#8217;ORA<\/span> AUDIO dalle sette del mattino, ogni ora alla radio EDIZIONE DELLE SETTE<\/span><\/h2>\n<audio class=\"wp-audio-shortcode\" id=\"audio-427129-10\" preload=\"none\" style=\"width: 100%;\" controls=\"controls\"><source type=\"audio\/mpeg\" src=\"https:\/\/www.radiopiu.net\/wordpress\/wp-content\/uploads\/2024\/12\/giornale07-48.mp3?_=10\" \/><a href=\"https:\/\/www.radiopiu.net\/wordpress\/wp-content\/uploads\/2024\/12\/giornale07-48.mp3\">https:\/\/www.radiopiu.net\/wordpress\/wp-content\/uploads\/2024\/12\/giornale07-48.mp3<\/a><\/audio>\n<p>&nbsp;<\/p>\n<p>&nbsp;<\/p>\n<hr \/>\n<p>&nbsp;<\/p>\n<p>&nbsp;<\/p>\n<h1><span style=\"color: #ff0000;\"><a class=\"dt-pswp-item\" href=\"https:\/\/www.radiopiu.net\/wordpress\/wp-content\/uploads\/2024\/11\/8.jpg\" data-dt-img-description=\"\" data-large_image_width=\"180\" data-large_image_height=\"180\"><img loading=\"lazy\" decoding=\"async\" class=\"size-full wp-image-417910 alignleft\" src=\"https:\/\/www.radiopiu.net\/wordpress\/wp-content\/uploads\/2024\/11\/8.jpg\" alt=\"\" width=\"180\" height=\"180\" srcset=\"https:\/\/www.radiopiu.net\/wordpress\/wp-content\/uploads\/2024\/11\/8.jpg 180w, https:\/\/www.radiopiu.net\/wordpress\/wp-content\/uploads\/2024\/11\/8-150x150.jpg 150w\" sizes=\"auto, (max-width: 180px) 100vw, 180px\" \/><\/a>I podcast informativi del mattino &#8211; video &#8211;\u00a0<\/span><\/h1>\n<h2 style=\"text-align: left;\"><strong>RASSEGNA STAMPA LOCALE, ORE OTTO<\/strong><\/h2>\n<h2><strong> <span style=\"color: #0000ff;\">viene\u00a0 <\/span><\/strong><strong><span style=\"color: #0000ff;\">pubblicata alle 8.05 <span style=\"color: #ff0000;\">DIRETTA RADIO\u00a0 \u00a0<\/span><\/span><\/strong><strong>DI MIRKO MEZZACASA<\/strong><\/h2>\n<h2><span style=\"color: #ff0000;\"><strong>\u00a0<\/strong><\/span><\/h2>\n<h2><span style=\"color: #ff0000;\"><strong>\u00a0<\/strong><\/span><\/h2>\n<h1><span style=\"color: #ff0000;\"><strong>VIDEO\u00a0 \u00a0in diretta dalle 8 del mattino\u00a0 \u00a0per ASCOLTARE <\/strong><\/span><\/h1>\n<h1 style=\"text-align: center;\"><\/h1>\n\n\t\t\t<style type='text\/css'>\n\t\t\t\t#gallery-1 {\n\t\t\t\t\tmargin: auto;\n\t\t\t\t}\n\t\t\t\t#gallery-1 .gallery-item {\n\t\t\t\t\tfloat: left;\n\t\t\t\t\tmargin-top: 10px;\n\t\t\t\t\ttext-align: center;\n\t\t\t\t\twidth: 33%;\n\t\t\t\t}\n\t\t\t\t#gallery-1 img {\n\t\t\t\t\tborder: 2px solid #cfcfcf;\n\t\t\t\t}\n\t\t\t\t#gallery-1 .gallery-caption {\n\t\t\t\t\tmargin-left: 0;\n\t\t\t\t}\n\t\t\t\t\/* see gallery_shortcode() in wp-includes\/media.php *\/\n\t\t\t<\/style>\n\t\t<div id='gallery-1' class='dt-gallery-container gallery galleryid-427129 gallery-columns-3 gallery-size-medium'><dl class='gallery-item'>\n\t\t\t\t<dt class='gallery-icon landscape'>\n\t\t\t\t\t<a class=\"rollover rollover-zoom dt-pswp-item\" title=\"coop3\" data-dt-img-description=\"\" data-large_image_width=\"164\" data-large_image_height=\"102\"href='https:\/\/www.radiopiu.net\/wordpress\/wp-content\/uploads\/2024\/12\/coop3-4.png'><img loading=\"lazy\" decoding=\"async\" width=\"164\" height=\"102\" src=\"https:\/\/www.radiopiu.net\/wordpress\/wp-content\/uploads\/2024\/12\/coop3-4.png\" class=\"attachment-medium size-medium\" alt=\"\" \/><\/a>\n\t\t\t\t<\/dt><\/dl><dl class='gallery-item'>\n\t\t\t\t<dt class='gallery-icon landscape'>\n\t\t\t\t\t<a class=\"rollover rollover-zoom dt-pswp-item\" title=\"coop2\" data-dt-img-description=\"\" data-large_image_width=\"504\" data-large_image_height=\"242\"href='https:\/\/www.radiopiu.net\/wordpress\/wp-content\/uploads\/2024\/12\/coop2-13.png'><img loading=\"lazy\" decoding=\"async\" width=\"300\" height=\"144\" src=\"https:\/\/www.radiopiu.net\/wordpress\/wp-content\/uploads\/2024\/12\/coop2-13-300x144.png\" class=\"attachment-medium size-medium\" alt=\"\" srcset=\"https:\/\/www.radiopiu.net\/wordpress\/wp-content\/uploads\/2024\/12\/coop2-13-300x144.png 300w, https:\/\/www.radiopiu.net\/wordpress\/wp-content\/uploads\/2024\/12\/coop2-13.png 504w\" sizes=\"auto, (max-width: 300px) 100vw, 300px\" \/><\/a>\n\t\t\t\t<\/dt><\/dl><dl class='gallery-item'>\n\t\t\t\t<dt class='gallery-icon landscape'>\n\t\t\t\t\t<a class=\"rollover rollover-zoom dt-pswp-item\" title=\"coop1\" data-dt-img-description=\"\" data-large_image_width=\"528\" data-large_image_height=\"367\"href='https:\/\/www.radiopiu.net\/wordpress\/wp-content\/uploads\/2024\/12\/coop1-14.png'><img loading=\"lazy\" decoding=\"async\" width=\"300\" height=\"209\" src=\"https:\/\/www.radiopiu.net\/wordpress\/wp-content\/uploads\/2024\/12\/coop1-14-300x209.png\" class=\"attachment-medium size-medium\" alt=\"\" srcset=\"https:\/\/www.radiopiu.net\/wordpress\/wp-content\/uploads\/2024\/12\/coop1-14-300x209.png 300w, https:\/\/www.radiopiu.net\/wordpress\/wp-content\/uploads\/2024\/12\/coop1-14.png 528w\" sizes=\"auto, (max-width: 300px) 100vw, 300px\" \/><\/a>\n\t\t\t\t<\/dt><\/dl><br style=\"clear: both\" \/>\n\t\t\t<\/div>\n\n<p>&nbsp;<\/p>\n<blockquote><p><iframe loading=\"lazy\" style=\"border: none; overflow: hidden;\" src=\"https:\/\/www.facebook.com\/plugins\/video.php?height=314&amp;href=https%3A%2F%2Fwww.facebook.com%2Fradiopiu%2Fvideos%2F1167612241660596%2F&amp;show_text=false&amp;width=560&amp;t=0\" width=\"560\" height=\"314\" frameborder=\"0\" scrolling=\"no\" allowfullscreen=\"allowfullscreen\"><\/iframe><\/p><\/blockquote>\n<hr \/>\n<p>&nbsp;<\/p>\n<p>&nbsp;<\/p>\n<p><strong><a class=\"dt-pswp-item\" href=\"https:\/\/www.radiopiu.net\/wordpress\/wp-content\/uploads\/2023\/12\/ANTENNA.png\" data-dt-img-description=\"\" data-large_image_width=\"300\" data-large_image_height=\"166\"><img loading=\"lazy\" decoding=\"async\" class=\"wp-image-366306 alignright\" src=\"https:\/\/www.radiopiu.net\/wordpress\/wp-content\/uploads\/2023\/12\/ANTENNA.png\" alt=\"\" width=\"101\" height=\"56\" \/><\/a><a class=\"dt-pswp-item\" href=\"https:\/\/www.radiopiu.net\/wordpress\/wp-content\/uploads\/2024\/11\/th-17.jpg\" data-dt-img-description=\"\" data-large_image_width=\"224\" data-large_image_height=\"180\"><img loading=\"lazy\" decoding=\"async\" class=\" wp-image-421610 alignleft\" src=\"https:\/\/www.radiopiu.net\/wordpress\/wp-content\/uploads\/2024\/11\/th-17.jpg\" alt=\"\" width=\"167\" height=\"134\" \/><\/a>ogni sera alle 19 le anticipazioni alla radio, quello che poi seguirete nel TELEGIORNALE BELLUNESE\u00a0 in onda alle 19.30 sul CANALE 10 del digitale terrestre.\u00a0\u00a0<\/strong><\/p>\n<p>&nbsp;<\/p>\n<p>&nbsp;<\/p>\n<p>&nbsp;<\/p>\n<p>&nbsp;<\/p>\n<hr \/>\n<p>&nbsp;<\/p>\n<blockquote>\n<h3>ANCORA UNA GIORNATA IMPEGNATIVA PER IL SUEM 118 TRA INTERVENTI SULLE PISTE DA SCI, MALORI E UN INCIDENTE<\/h3>\n<\/blockquote>\n<p><strong><a class=\"dt-pswp-item\" href=\"https:\/\/www.radiopiu.net\/wordpress\/wp-content\/uploads\/2024\/12\/db2b9371-42fd-404d-8a37-95f695d8e792.jpg\" data-dt-img-description=\"\" data-large_image_width=\"1150\" data-large_image_height=\"674\"><img loading=\"lazy\" decoding=\"async\" class=\" wp-image-427252 alignleft\" src=\"https:\/\/www.radiopiu.net\/wordpress\/wp-content\/uploads\/2024\/12\/db2b9371-42fd-404d-8a37-95f695d8e792-300x176.jpg\" alt=\"\" width=\"194\" height=\"114\" srcset=\"https:\/\/www.radiopiu.net\/wordpress\/wp-content\/uploads\/2024\/12\/db2b9371-42fd-404d-8a37-95f695d8e792-300x176.jpg 300w, https:\/\/www.radiopiu.net\/wordpress\/wp-content\/uploads\/2024\/12\/db2b9371-42fd-404d-8a37-95f695d8e792-1024x600.jpg 1024w, https:\/\/www.radiopiu.net\/wordpress\/wp-content\/uploads\/2024\/12\/db2b9371-42fd-404d-8a37-95f695d8e792-768x450.jpg 768w, https:\/\/www.radiopiu.net\/wordpress\/wp-content\/uploads\/2024\/12\/db2b9371-42fd-404d-8a37-95f695d8e792.jpg 1150w\" sizes=\"auto, (max-width: 194px) 100vw, 194px\" \/><\/a>REDAZIONE\u00a0<\/strong>Otto interventi nella giornata di ieri per il Suem 118. Alle 9:45 aveva gi\u00e0 fatto decollare l&#8217;elicottero Falco 2 che si \u00e8 diretto a Castello Tesino per soccorrere una donna che aveva accusato un malore. Poco dopo le 10 un incidente a Cesiomaggiore ha richiesto l&#8217;intervento di un&#8217;ambulanza per un uomo di 88 anni che si era fatto male. Paziente che \u00e8 stato trasferito a Feltre. L&#8217;elicottero Falco 1 \u00e8 volato al Rifugio Fertazza dove un uomo di 69 di Levante sul Seveso aveva accusato un malore ed \u00e8 stato prontamente traferito al nosocomio di Belluno. Alle 12:46 Falco 1 si \u00e8 alzato di nuovo in volo per soccorrere un minorenne che si era fatto male sulle piste del Lago Cavia a Falcade. Poco dopo \u00e8 stato il turno di Falco 2 che si \u00e8 diretto a Cortina per soccorrere uno sciatore di 43 anni. Sempre a Cortina, poco prima delle 15, una donna di Vigo Di Cadore \u00e8 stata soccorsa per un trauma cranico ed \u00e8 stata elitrasportata a Belluno. Subito dopo Falco 2 \u00e8 volato a San Vito per soccorrere un uomo di Treviso che aveva accusato un trauma al bacino. Ultimo intervento alle 16:14 con Falco 1 volato a Col Drusc\u00e8, Cortina, dove un 20enne romano si era fatto male. In tutti i casi i pazienti sono stati portati all&#8217;ospedale con un codice di media gravit\u00e0. In totale sono stati 16 gli interventi sulle piste da sci della provincia.<\/p>\n<p>&nbsp;<\/p>\n<hr \/>\n<p>&nbsp;<\/p>\n<p>&nbsp;<\/p>\n<blockquote>\n<h2>Incendio devasta un\u2019abitazione a Cirvoi: famiglia senza casa<\/h2>\n<\/blockquote>\n<div class=\"flex-shrink-0 flex flex-col relative items-end\">\n<div>\n<div class=\"pt-0\">\n<div class=\"gizmo-bot-avatar flex h-8 w-8 items-center justify-center overflow-hidden rounded-full\">\n<div class=\"relative p-1 rounded-sm flex items-center justify-center bg-token-main-surface-primary text-token-text-primary h-8 w-8\"><img decoding=\"async\" class=\"alignleft\" src=\"https:\/\/www.radiopiu.net\/wordpress\/wp-content\/uploads\/2024\/12\/th-11.jpg\" \/><\/div>\n<\/div>\n<\/div>\n<\/div>\n<\/div>\n<div class=\"group\/conversation-turn relative flex w-full min-w-0 flex-col agent-turn\">\n<div class=\"flex-col gap-1 md:gap-3\">\n<div class=\"flex max-w-full flex-col flex-grow\">\n<div class=\"min-h-8 text-message flex w-full flex-col items-end gap-2 whitespace-normal break-words text-start [.text-message+&amp;]:mt-5\" dir=\"auto\" data-message-author-role=\"assistant\" data-message-id=\"9974bb22-7bb7-4051-971e-9e92a1325898\" data-message-model-slug=\"gpt-4o\">\n<div class=\"flex w-full flex-col gap-1 empty:hidden first:pt-[3px]\">\n<div class=\"markdown prose w-full break-words dark:prose-invert dark\">\n<p>&nbsp;<\/p>\n<p><b>BELLUNO <\/b>\u2013 Un incendio ha distrutto un appartamento in via Col de Gou 68. I vicini, notando il fumo alle 9.30, hanno allertato il 115. I vigili del fuoco, intervenuti con autobotte, autoscala e carro aria, non hanno trovato nessuno in casa: i proprietari erano assenti.<\/p>\n<p>Nonostante gli sforzi per contenere il rogo, le fiamme si sono propagate in tutte le stanze, rendendo inagibile l\u2019intero piano. Le indagini sono in corso per accertare le cause, forse legate a un dispositivo lasciato acceso.<\/p>\n<p>La famiglia ha perso tutto e dovr\u00e0 trovare una sistemazione alternativa, in attesa di una bonifica dell\u2019appartamento gravemente danneggiato.<\/p>\n<\/div>\n<\/div>\n<\/div>\n<p>&nbsp;<\/p>\n<\/div>\n<\/div>\n<\/div>\n<p>&nbsp;<\/p>\n<hr \/>\n<p>&nbsp;<\/p>\n<blockquote>\n<h3>Addio ad Aldo Bernardi, storico leader dei panificatori di Confcommercio Belluno<\/h3>\n<\/blockquote>\n<p><img loading=\"lazy\" decoding=\"async\" class=\"alignleft\" src=\"https:\/\/www.radiopiu.net\/wordpress\/wp-content\/uploads\/2024\/12\/Senza-nome-127.png\" width=\"122\" height=\"166\" \/><strong>BELLUNO<\/strong><\/p>\n<p>Per decenni punto di riferimento per la categoria, promotore instancabile di eventi e volontariato, Bernardi ha lasciato un\u2019eredit\u00e0 di valori e impegno. In Ascom &#8211; Confcommercio Belluno Dolomiti per decenni, Aldo Bernardi ha profuso un grande e autorevole impegno associativo, guidando la categoria in veste di presidente provinciale dalla met\u00e0 degli anni ottanta fino al 2014. Il funerale si terr\u00e0 oggi alle 14.30 nella chiesa di Bolzano Bellunese.<\/p>\n<p>&nbsp;<\/p>\n<p>&nbsp;<\/p>\n<p>&nbsp;<\/p>\n<hr \/>\n<p>&nbsp;<\/p>\n<p><strong>FINE ANNO VIOLENTO<\/strong><\/p>\n<blockquote>\n<h2>Cameriere picchiato a sangue a Cortina: denunciati due clienti,<\/h2>\n<p><em><strong>Rapina con spari a Setteville: residente sotto choc<\/strong><\/em><\/p><\/blockquote>\n<div class=\"flex-shrink-0 flex flex-col relative items-end\">\n<div class=\"pt-0\">\n<div class=\"gizmo-bot-avatar flex h-8 w-8 items-center justify-center overflow-hidden rounded-full\">\n<div class=\"relative p-1 rounded-sm flex items-center justify-center bg-token-main-surface-primary text-token-text-primary h-8 w-8\">\n<div class=\"flex w-full flex-col gap-1 empty:hidden first:pt-[3px]\">\n<div class=\"markdown prose w-full break-words dark:prose-invert dark\">\n<p><strong><img loading=\"lazy\" decoding=\"async\" class=\"alignleft\" src=\"https:\/\/www.radiopiu.net\/wordpress\/wp-content\/uploads\/2018\/06\/POLIZIA-CORTINA-2.jpg\" width=\"326\" height=\"183\" \/>CORTINA<\/strong> Violenta aggressione luned\u00ec sera in largo Poste, a Cortina, dove un cameriere stagionale di Villa Sandi Bottega del Vino \u00e8 stato picchiato da due clienti. L\u2019uomo, colpito con pugni e calci, ha riportato ferite al volto ed \u00e8 stato soccorso dal 118 e trasportato all\u2019ospedale di Pieve di Cadore.<\/p>\n<p>I due aggressori, di circa 25 anni, sono stati denunciati dalla polizia per lesioni aggravate. Numerosi i testimoni presenti. L\u2019episodio ha scosso il centro ampezzano a pochi giorni dalle celebrazioni di San Silvestro.<\/p>\n<\/div>\n<\/div>\n<div class=\"font-semibold\">Sul posto \u00e8 intervenuta una pattuglia della Polizia di Cortina.<\/div>\n<div><\/div>\n<\/div>\n<div>\n<p><strong>BELLUNO<\/strong> Ieri mattina inseguimento tra le strade di Belluno, 10 chilometri a sirene spiegate e sgommate da Cusighe a Limana. Il fuggitivo sospettato di furto dopo una spaccata in un auto parcheggiata a Cusighe \u00e8 stato fermato e auto posta sotto sequestro.<\/p>\n<\/div>\n<div><strong>SETTEVILLE\u00a0 <\/strong>Andrea Buttol racconta la rapina avvenuta nella sua casa a Campo, dove due uomini armati di fucile hanno fatto irruzione nella notte tra gioved\u00ec e venerd\u00ec. Esplosi due colpi, rubati contanti, qualche centinaia d&#8217;euro. Indagini in corso per identificare i responsabili.<strong><br \/>\n<\/strong><\/div>\n<\/div>\n<div><\/div>\n<div><\/div>\n<div><\/div>\n<div class=\"gizmo-bot-avatar flex h-8 w-8 items-center justify-center overflow-hidden rounded-full\">\n<div>\n<hr \/>\n<\/div>\n<\/div>\n<\/div>\n<\/div>\n<div class=\"group\/conversation-turn relative flex w-full min-w-0 flex-col agent-turn\">\n<div class=\"flex-col gap-1 md:gap-3\">\n<div class=\"flex max-w-full flex-col flex-grow\">\n<div class=\"min-h-8 text-message flex w-full flex-col items-end gap-2 whitespace-normal break-words text-start [.text-message+&amp;]:mt-5\" dir=\"auto\" data-message-author-role=\"assistant\" data-message-id=\"eb10c470-3138-4f41-8f4c-d339c52054da\" data-message-model-slug=\"gpt-4o\">\n<div class=\"flex w-full flex-col gap-1 empty:hidden first:pt-[3px]\">\n<div class=\"markdown prose w-full break-words dark:prose-invert dark\">\n<blockquote>\n<h3><strong>Mancata precedenza a Busche: anziano ferito<\/strong><\/h3>\n<\/blockquote>\n<p><strong>BUSCHE<\/strong> Incidente ieri mattina lungo la statale 50 a Busche, nei pressi del bar Bianco Lattebusche. Uno scontro causato da una mancata precedenza ha coinvolto un anziano, trasportato al pronto soccorso con ferite di media gravit\u00e0. Sul posto carabinieri, ambulanza e vigili del fuoco.<\/p>\n<p>&nbsp;<\/p>\n<p>&nbsp;<\/p>\n<hr \/>\n<p>&nbsp;<\/p>\n<blockquote>\n<h3><strong>Cane in libert\u00e0 a Limana: intervento della polizia<\/strong><\/h3>\n<\/blockquote>\n<p><strong>LIMANA<\/strong> Un cane nero in libert\u00e0 ha creato allarme ieri mattina in via Roma a Limana. Due volanti della polizia sono intervenute, consegnando l\u2019animale al Nucleo cinofilo per il trasporto al canile. L\u2019episodio ha suscitato curiosit\u00e0 tra i passanti.<\/p>\n<p>&nbsp;<\/p>\n<\/div>\n<\/div>\n<\/div>\n<\/div>\n<\/div>\n<\/div>\n<hr \/>\n<p>&nbsp;<\/p>\n<p>&nbsp;<\/p>\n<blockquote>\n<h3>L&#8217;ULSS 1 DOLOMITI TIRA LE SOMME DEL 2024. OLTRE 106 MILA ACCESSI AL PRONTO SOCCORSO<\/h3>\n<\/blockquote>\n<p><strong><a class=\"dt-pswp-item\" href=\"https:\/\/www.radiopiu.net\/wordpress\/wp-content\/uploads\/2021\/03\/ULSS-1.jpg\" data-dt-img-description=\"\" data-large_image_width=\"776\" data-large_image_height=\"408\"><img loading=\"lazy\" decoding=\"async\" class=\" wp-image-198838 alignleft\" src=\"https:\/\/www.radiopiu.net\/wordpress\/wp-content\/uploads\/2021\/03\/ULSS-1-300x158.jpg\" alt=\"\" width=\"220\" height=\"116\" srcset=\"https:\/\/www.radiopiu.net\/wordpress\/wp-content\/uploads\/2021\/03\/ULSS-1-300x158.jpg 300w, https:\/\/www.radiopiu.net\/wordpress\/wp-content\/uploads\/2021\/03\/ULSS-1-768x404.jpg 768w, https:\/\/www.radiopiu.net\/wordpress\/wp-content\/uploads\/2021\/03\/ULSS-1.jpg 776w\" sizes=\"auto, (max-width: 220px) 100vw, 220px\" \/><\/a>BELLUNO<\/strong> Il 2024 sar\u00e0 un anno di svolta per la sanit\u00e0 bellunese, secondo il direttore generale dell\u2019Ulss 1, Giuseppe Dal Ben. Per la prima volta, le assunzioni (+47 tra medici, infermieri e altro personale) superano le cessazioni. Aumentano anche i ricoveri ospedalieri nei presidi di Belluno, Feltre, Pieve di Cadore e Agordo, raggiungendo 23.500 (+5%), cos\u00ec come gli interventi chirurgici (26.300, +5,4%) e gli accessi al Pronto soccorso (106.800, +5,6%). Le prestazioni erogate sono state oltre 2,7 milioni (+1%). Sul fronte delle liste d\u2019attesa, le visite a 10 giorni vengono garantite in tempo reale. Cresce l\u2019attivit\u00e0 dell\u2019elisoccorso, con 1.042 missioni al 28 dicembre rispetto alle 1.000 del 2023.<\/p>\n<p>&nbsp;<\/p>\n<p>&nbsp;<\/p>\n<hr \/>\n<p>&nbsp;<\/p>\n<p>&nbsp;<\/p>\n<blockquote>\n<blockquote>\n<h3>NEL 2025 VERRANNO RIMESSE A NUOVO ANCHE LE ALTRE 12 STATUE DI PALAZZO CROTTA DE MANZONI<\/h3>\n<\/blockquote>\n<p><strong><a class=\"dt-pswp-item\" href=\"https:\/\/www.radiopiu.net\/wordpress\/wp-content\/uploads\/2024\/12\/4c9915e0-e2ea-4111-a796-cf6c80044633.jpg\" data-dt-img-description=\"\" data-large_image_width=\"2000\" data-large_image_height=\"1500\"><img loading=\"lazy\" decoding=\"async\" class=\" wp-image-427302 alignleft\" src=\"https:\/\/www.radiopiu.net\/wordpress\/wp-content\/uploads\/2024\/12\/4c9915e0-e2ea-4111-a796-cf6c80044633-300x225.jpg\" alt=\"\" width=\"227\" height=\"170\" srcset=\"https:\/\/www.radiopiu.net\/wordpress\/wp-content\/uploads\/2024\/12\/4c9915e0-e2ea-4111-a796-cf6c80044633-300x225.jpg 300w, https:\/\/www.radiopiu.net\/wordpress\/wp-content\/uploads\/2024\/12\/4c9915e0-e2ea-4111-a796-cf6c80044633-1024x768.jpg 1024w, https:\/\/www.radiopiu.net\/wordpress\/wp-content\/uploads\/2024\/12\/4c9915e0-e2ea-4111-a796-cf6c80044633-768x576.jpg 768w, https:\/\/www.radiopiu.net\/wordpress\/wp-content\/uploads\/2024\/12\/4c9915e0-e2ea-4111-a796-cf6c80044633-1536x1152.jpg 1536w, https:\/\/www.radiopiu.net\/wordpress\/wp-content\/uploads\/2024\/12\/4c9915e0-e2ea-4111-a796-cf6c80044633.jpg 2000w\" sizes=\"auto, (max-width: 227px) 100vw, 227px\" \/><\/a>AGORDO<\/strong><\/p>\n<p>DI GIANNI SANTOMASO<\/p>\n<audio class=\"wp-audio-shortcode\" id=\"audio-427129-11\" preload=\"none\" style=\"width: 100%;\" controls=\"controls\"><source type=\"audio\/mpeg\" src=\"https:\/\/www.radiopiu.net\/wordpress\/wp-content\/uploads\/2024\/12\/GIANNI-NEL-2025-VERRANNO-RIMESSE-A-NUOVO-ANCHE-LE-ALTRE-12-STATUE-DI-PALAZZO-CROTTA-DE-MANZONI.mp3?_=11\" \/><a href=\"https:\/\/www.radiopiu.net\/wordpress\/wp-content\/uploads\/2024\/12\/GIANNI-NEL-2025-VERRANNO-RIMESSE-A-NUOVO-ANCHE-LE-ALTRE-12-STATUE-DI-PALAZZO-CROTTA-DE-MANZONI.mp3\">https:\/\/www.radiopiu.net\/wordpress\/wp-content\/uploads\/2024\/12\/GIANNI-NEL-2025-VERRANNO-RIMESSE-A-NUOVO-ANCHE-LE-ALTRE-12-STATUE-DI-PALAZZO-CROTTA-DE-MANZONI.mp3<\/a><\/audio>\n<p>&nbsp;<\/p><\/blockquote>\n<p>&nbsp;<\/p>\n<hr \/>\n<p>&nbsp;<\/p>\n<blockquote>\n<h3>AD AGORDO LE TASSE NON AUMENTANO<\/h3>\n<\/blockquote>\n<p><strong><a class=\"dt-pswp-item\" href=\"https:\/\/www.radiopiu.net\/wordpress\/wp-content\/uploads\/2024\/12\/ALESSANDRA-DA-RONCH.png\" data-dt-img-description=\"\" data-large_image_width=\"456\" data-large_image_height=\"325\"><img loading=\"lazy\" decoding=\"async\" class=\" wp-image-427272 alignleft\" src=\"https:\/\/www.radiopiu.net\/wordpress\/wp-content\/uploads\/2024\/12\/ALESSANDRA-DA-RONCH-300x214.png\" alt=\"\" width=\"177\" height=\"126\" srcset=\"https:\/\/www.radiopiu.net\/wordpress\/wp-content\/uploads\/2024\/12\/ALESSANDRA-DA-RONCH-300x214.png 300w, https:\/\/www.radiopiu.net\/wordpress\/wp-content\/uploads\/2024\/12\/ALESSANDRA-DA-RONCH.png 456w\" sizes=\"auto, (max-width: 177px) 100vw, 177px\" \/><\/a>AGORDO<\/strong> La conferma \u00e8 arrivata dal Consiglio Comunale che ha approvato la delibera presentata dall&#8217;assessore Alessandra Da Ronch votata all&#8217;unanimit\u00e0.<\/p>\n<p>&nbsp;<\/p>\n<p>&nbsp;<\/p>\n<p><strong>DAL CONSIGLIO COMUNALE DI AGORDO<\/strong><\/p>\n<audio class=\"wp-audio-shortcode\" id=\"audio-427129-12\" preload=\"none\" style=\"width: 100%;\" controls=\"controls\"><source type=\"audio\/mpeg\" src=\"https:\/\/www.radiopiu.net\/wordpress\/wp-content\/uploads\/2024\/12\/IMU-E-IRPEF-AGORDO.mp3?_=12\" \/><a href=\"https:\/\/www.radiopiu.net\/wordpress\/wp-content\/uploads\/2024\/12\/IMU-E-IRPEF-AGORDO.mp3\">https:\/\/www.radiopiu.net\/wordpress\/wp-content\/uploads\/2024\/12\/IMU-E-IRPEF-AGORDO.mp3<\/a><\/audio>\n<p>&nbsp;<\/p>\n<blockquote>\n<h3>NUOVA VITA PER PARCO GIOCHI E CAMPI DA TENNIS DI AGORDO<\/h3>\n<\/blockquote>\n<p><strong><a class=\"dt-pswp-item\" href=\"https:\/\/www.radiopiu.net\/wordpress\/wp-content\/uploads\/2024\/12\/CRISTINA-BIEN.png\" data-dt-img-description=\"\" data-large_image_width=\"485\" data-large_image_height=\"332\"><img loading=\"lazy\" decoding=\"async\" class=\" wp-image-427277 alignleft\" src=\"https:\/\/www.radiopiu.net\/wordpress\/wp-content\/uploads\/2024\/12\/CRISTINA-BIEN-300x205.png\" alt=\"\" width=\"181\" height=\"124\" srcset=\"https:\/\/www.radiopiu.net\/wordpress\/wp-content\/uploads\/2024\/12\/CRISTINA-BIEN-300x205.png 300w, https:\/\/www.radiopiu.net\/wordpress\/wp-content\/uploads\/2024\/12\/CRISTINA-BIEN.png 485w\" sizes=\"auto, (max-width: 181px) 100vw, 181px\" \/><\/a>AGORDO<\/strong> Durante l&#8217;ultimo consiglio comunale del 2024 di Agordo il vicesindaco Giulio Favretti e l&#8217;assessore Cristina Bien hanno fatto il punto sui soldi stanziati per i campi da tennis e il parco giochi illustrando i lavori che sono in previsione.<\/p>\n<p><strong>DAL CONSIGLIO COMUNALE DI AGORDO<\/strong><\/p>\n<audio class=\"wp-audio-shortcode\" id=\"audio-427129-13\" preload=\"none\" style=\"width: 100%;\" controls=\"controls\"><source type=\"audio\/mpeg\" src=\"https:\/\/www.radiopiu.net\/wordpress\/wp-content\/uploads\/2024\/12\/TENNIS-E-PARCO-GIOCHI-AGORDO.mp3?_=13\" \/><a href=\"https:\/\/www.radiopiu.net\/wordpress\/wp-content\/uploads\/2024\/12\/TENNIS-E-PARCO-GIOCHI-AGORDO.mp3\">https:\/\/www.radiopiu.net\/wordpress\/wp-content\/uploads\/2024\/12\/TENNIS-E-PARCO-GIOCHI-AGORDO.mp3<\/a><\/audio>\n<p>&nbsp;<\/p>\n<blockquote>\n<h3>LUXOTTICA CONTRIBUISCE CON 110 MILA EURO PER IL POLO SCOLASTICO DELL&#8217;INFANZIA<\/h3>\n<\/blockquote>\n<p><strong><a class=\"dt-pswp-item\" href=\"https:\/\/www.radiopiu.net\/wordpress\/wp-content\/uploads\/2024\/12\/ROBERTO-CHISSALE.png\" data-dt-img-description=\"\" data-large_image_width=\"593\" data-large_image_height=\"386\"><img loading=\"lazy\" decoding=\"async\" class=\" wp-image-427282 alignleft\" src=\"https:\/\/www.radiopiu.net\/wordpress\/wp-content\/uploads\/2024\/12\/ROBERTO-CHISSALE-300x195.png\" alt=\"\" width=\"191\" height=\"124\" srcset=\"https:\/\/www.radiopiu.net\/wordpress\/wp-content\/uploads\/2024\/12\/ROBERTO-CHISSALE-300x195.png 300w, https:\/\/www.radiopiu.net\/wordpress\/wp-content\/uploads\/2024\/12\/ROBERTO-CHISSALE.png 593w\" sizes=\"auto, (max-width: 191px) 100vw, 191px\" \/><\/a>AGORDO<\/strong> Luxottica contribuisce con 110 mila euro per il polo scolastico dell&#8217;infanzia 0-6 anni. Ad annunciarlo il sindaco di Agordo Roberto Chissal\u00e8 nel consiglio comunale di fine 2024<\/p>\n<p><strong>DAL CONSIGLIO COMUNALE DI AGORDO<\/strong><\/p>\n<audio class=\"wp-audio-shortcode\" id=\"audio-427129-14\" preload=\"none\" style=\"width: 100%;\" controls=\"controls\"><source type=\"audio\/mpeg\" src=\"https:\/\/www.radiopiu.net\/wordpress\/wp-content\/uploads\/2024\/12\/LUXOTTICA-110-MILA-EURO-POLO-INFANZIA.mp3?_=14\" \/><a href=\"https:\/\/www.radiopiu.net\/wordpress\/wp-content\/uploads\/2024\/12\/LUXOTTICA-110-MILA-EURO-POLO-INFANZIA.mp3\">https:\/\/www.radiopiu.net\/wordpress\/wp-content\/uploads\/2024\/12\/LUXOTTICA-110-MILA-EURO-POLO-INFANZIA.mp3<\/a><\/audio>\n<p>&nbsp;<\/p>\n<blockquote>\n<h3>ULTIMO CONSIGLIO COMUNALE DELL&#8217;ANNO AD AGORDO<\/h3>\n<\/blockquote>\n<p><strong>AGORDO <\/strong>Sette i punti da trattare nel consiglio comunale di Agordo, tra cui le imposte IMU e IRPEF, l\u2019aggiornamento del DUP, il nuovo schema di contratto con ASCA, il potenziamento di posti in asilo nido e la revisione ordinaria delle partecipazioni.<\/p>\n<p><strong>LA DIRETTA RADIO PIU&#8217;<\/strong><\/p>\n<p><iframe loading=\"lazy\" title=\"CONSIGLIO COMUNALE DI AGORDO - 30 DICEMBRE 2024\" width=\"1200\" height=\"900\" src=\"https:\/\/www.youtube.com\/embed\/uiKuORxg6C0?feature=oembed\" frameborder=\"0\" allow=\"accelerometer; autoplay; clipboard-write; encrypted-media; gyroscope; picture-in-picture; web-share\" referrerpolicy=\"strict-origin-when-cross-origin\" allowfullscreen><\/iframe><\/p>\n<p>&nbsp;<\/p>\n<p>&nbsp;<\/p>\n<p>&nbsp;<\/p>\n<hr \/>\n<p>&nbsp;<\/p>\n<blockquote>\n<h3>POSTE, IL PACCO CHE SFIDO\u2019 LE LEGGI DELLA LOGISTICA (E DEL BUON SENSO)<\/h3>\n<\/blockquote>\n<p><strong><img loading=\"lazy\" decoding=\"async\" class=\"alignleft\" src=\"https:\/\/www.radiopiu.net\/wordpress\/wp-content\/uploads\/2024\/12\/Senza-nome-126.png\" width=\"269\" height=\"323\" \/>TAIBON<\/strong>\u00a0 La cronaca ci regala, a volte, storie cos\u00ec incredibili da sembrare scritte da un umorista in vena di satire postali. \u00c8 il caso del pacco che ha deciso di trascorrere il Natale viaggiando per&#8230; quattro chilometri. S\u00ec, avete capito bene, un&#8217;avventura epica da Taibon a Taibon, con tanto di biglietto assicurato e uno scalo previsto (mai avvenuto) nella lontana Budoni, Sardegna. Il nostro protagonista, un pacco da 16,38 euro di spese di spedizione, lascia l&#8217;Ufficio Postale di Agordo carico di aspettative. La destinazione? Un caloroso approdo a Budoni, Sardegna. Il mittente, Gianfranco, paga fiducioso l&#8217;importo richiesto da bravo contribuente, consapevole che il 2024 ha portato innovazioni tecnologiche straordinarie\u2026 ma evidentemente non nel mondo delle spedizioni.\u00a0 Dopo sette giorni di emozioni, il 30 dicembre il pacco ritorna, senza nemmeno avvisare con un campanello, alla porta del mittente, a Taibon. Come in una scena di un film tragicomico, viene &#8220;buttato fuori&#8221; dall&#8217;automezzo del corriere, manco fosse un sacchetto del compostaggio.\u00a0 Alla richiesta di spiegazioni, l\u2019Ufficio Postale di Agordo, nella sua serafica saggezza, esclude ogni responsabilit\u00e0:<em> &#8220;Non \u00e8 colpa nostra.&#8221;<\/em> Se non delle Poste, chi potrebbe mai essere il colpevole? Gianfranco propone una teoria audace quanto verosimile: <strong>un alieno dispettoso<\/strong> avrebbe orchestrato tutto, forse annoiato dalla monotonia cosmica. <strong>Ma le foto non mentono <\/strong>Il mittente \u00e8 pronto a svelare l\u2019inequivocabile prova fotografica, che documenta dettagliatamente indirizzi, nomi e condizioni di consegna. Le immagini, pi\u00f9 chiare di una puntata di <em>CSI<\/em>, certificano l\u2019inefficienza di un sistema in cui un pacco assicurato riesce a sbagliare destinazione\u2026 restando quasi fermo.\u00a0 Che si tratti di un alieno, del Grinch, o di un semplice errore umano (ma alieni e Grinch suonano pi\u00f9 plausibili), la lezione \u00e8 chiara: fidarsi \u00e8 bene, ma assicurarsi che un pacco percorra realmente pi\u00f9 di quattro chilometri \u00e8 meglio. Ciao Gianfranco, buone feste anche a te! E che il prossimo pacco trovi una strada pi\u00f9 chiara e meno &#8220;spaziale&#8221;.<\/p>\n<p>&nbsp;<\/p>\n<hr \/>\n<p>&nbsp;<\/p>\n<p><strong>OGGI SUL CORRIERE DELLE ALPI<\/strong><br \/>\n<strong>LA GIUDIZIARIA DI GIGI SOSSO<\/strong><\/p>\n<p><strong>SINTESI<\/strong><\/p>\n<blockquote><p><strong>Il Don patteggia 11 mesi e perde la patente per omicidio stradale<\/strong><\/p><\/blockquote>\n<p><strong>FONZASO<\/strong> Il sacerdote di Arten di Fonzaso, coinvolto nell\u2019incidente mortale di Maria Fiabane Carazzai, ha concordato la pena con la Procura. L\u2019anziana, investita sulle strisce, mor\u00ec dopo 13 giorni. Revocata la patente per problemi di vista incompatibili con la guida.<\/p>\n<p>&nbsp;<\/p>\n<p>&nbsp;<\/p>\n<hr \/>\n<p>&nbsp;<\/p>\n<blockquote>\n<h3>IL COMUNE DI BELLUNO ASSEGNA CONTRIBUTI ALLE ASSOCIAZIONI LOCALI<\/h3>\n<\/blockquote>\n<p><strong><a class=\"dt-pswp-item\" href=\"https:\/\/www.radiopiu.net\/wordpress\/wp-content\/uploads\/2022\/12\/PALAZZO-ROSSO.png\" data-dt-img-description=\"\" data-large_image_width=\"2076\" data-large_image_height=\"1328\"><img loading=\"lazy\" decoding=\"async\" class=\" wp-image-313801 alignleft\" src=\"https:\/\/www.radiopiu.net\/wordpress\/wp-content\/uploads\/2022\/12\/PALAZZO-ROSSO-300x192.png\" alt=\"\" width=\"184\" height=\"118\" srcset=\"https:\/\/www.radiopiu.net\/wordpress\/wp-content\/uploads\/2022\/12\/PALAZZO-ROSSO-300x192.png 300w, https:\/\/www.radiopiu.net\/wordpress\/wp-content\/uploads\/2022\/12\/PALAZZO-ROSSO-1024x655.png 1024w, https:\/\/www.radiopiu.net\/wordpress\/wp-content\/uploads\/2022\/12\/PALAZZO-ROSSO-768x491.png 768w, https:\/\/www.radiopiu.net\/wordpress\/wp-content\/uploads\/2022\/12\/PALAZZO-ROSSO-1536x983.png 1536w, https:\/\/www.radiopiu.net\/wordpress\/wp-content\/uploads\/2022\/12\/PALAZZO-ROSSO-2048x1310.png 2048w\" sizes=\"auto, (max-width: 184px) 100vw, 184px\" \/><\/a>BELLUNO<\/strong> Il Comune di Belluno ha assegnato contributi a 47 associazioni e enti per attivit\u00e0 turistiche, sportive, culturali e sociali svolte nel 2024, con un totale di \u20ac42.965 suddiviso tra i settori sociale (\u20ac15.000) e culturale-sportivo-turistico (\u20ac27.965). Tra i beneficiari: FISP Veneto, Croce Rossa, ANFFAS, Pro Loco, TIB Teatro e vari enti sportivi. Le iniziative finanziate spaziano dalla pet therapy al supporto per anziani, passando per eventi culturali, festival, attivit\u00e0 sportive e progetti educativi. Il Sindaco Oscar De Pellegrin e gli assessori Dal Pont, Mazzoccoli e Luciani hanno sottolineato l&#8217;importanza di sostenere il lavoro delle associazioni per la coesione sociale, la valorizzazione culturale e il benessere della comunit\u00e0.<\/p>\n<p>&nbsp;<\/p>\n<p>&nbsp;<\/p>\n<hr \/>\n<p>&nbsp;<\/p>\n<blockquote>\n<h3>CAPODANNO SICURO A FELTRE. IL MESSAGGIO DEL SINDACO<\/h3>\n<\/blockquote>\n<p><strong><a class=\"dt-pswp-item\" href=\"https:\/\/www.radiopiu.net\/wordpress\/wp-content\/uploads\/2024\/12\/Il-Sindaco-di-Feltre-Viviana-Fusaro-in-Piazza-Maggiore-scaled.jpg\" data-dt-img-description=\"\" data-large_image_width=\"2560\" data-large_image_height=\"1920\"><img loading=\"lazy\" decoding=\"async\" class=\" wp-image-426410 alignleft\" src=\"https:\/\/www.radiopiu.net\/wordpress\/wp-content\/uploads\/2024\/12\/Il-Sindaco-di-Feltre-Viviana-Fusaro-in-Piazza-Maggiore-300x225.jpg\" alt=\"\" width=\"177\" height=\"133\" srcset=\"https:\/\/www.radiopiu.net\/wordpress\/wp-content\/uploads\/2024\/12\/Il-Sindaco-di-Feltre-Viviana-Fusaro-in-Piazza-Maggiore-300x225.jpg 300w, https:\/\/www.radiopiu.net\/wordpress\/wp-content\/uploads\/2024\/12\/Il-Sindaco-di-Feltre-Viviana-Fusaro-in-Piazza-Maggiore-1024x768.jpg 1024w, https:\/\/www.radiopiu.net\/wordpress\/wp-content\/uploads\/2024\/12\/Il-Sindaco-di-Feltre-Viviana-Fusaro-in-Piazza-Maggiore-768x576.jpg 768w, https:\/\/www.radiopiu.net\/wordpress\/wp-content\/uploads\/2024\/12\/Il-Sindaco-di-Feltre-Viviana-Fusaro-in-Piazza-Maggiore-1536x1152.jpg 1536w, https:\/\/www.radiopiu.net\/wordpress\/wp-content\/uploads\/2024\/12\/Il-Sindaco-di-Feltre-Viviana-Fusaro-in-Piazza-Maggiore-2048x1536.jpg 2048w\" sizes=\"auto, (max-width: 177px) 100vw, 177px\" \/><\/a>FELTRE<\/strong> Il Sindaco di Feltre, Viviana Fusaro, invita la cittadinanza a festeggiare il Capodanno in sicurezza e con rispetto per persone, animali e patrimonio culturale. Sottolinea i rischi legati ai botti e fuochi d\u2019artificio, che provocano sofferenza agli animali, pericoli per le persone e possibili danni al centro storico e ai monumenti cittadini. L\u2019Amministrazione raccomanda cautela nell\u2019uso di fuochi artificiali in aree densamente popolate e propone alternative sostenibili come giochi di luce o momenti di condivisione. I controlli saranno intensificati, ma si punta sulla responsabilit\u00e0 di tutti. L\u2019obiettivo \u00e8 un Capodanno sereno, rispettoso e consapevole, per iniziare il 2024 con armonia.<\/p>\n<p>&nbsp;<\/p>\n<p>&nbsp;<\/p>\n<hr \/>\n<p>&nbsp;<\/p>\n<blockquote>\n<h3>SCUOLE APERTE A FELTRE<\/h3>\n<\/blockquote>\n<p><strong><a class=\"dt-pswp-item\" href=\"https:\/\/www.radiopiu.net\/wordpress\/wp-content\/uploads\/2021\/09\/scuola-matite.jpeg\" data-dt-img-description=\"\" data-large_image_width=\"626\" data-large_image_height=\"417\"><img loading=\"lazy\" decoding=\"async\" class=\" wp-image-232884 alignleft\" src=\"https:\/\/www.radiopiu.net\/wordpress\/wp-content\/uploads\/2021\/09\/scuola-matite-300x200.jpeg\" alt=\"\" width=\"170\" height=\"113\" srcset=\"https:\/\/www.radiopiu.net\/wordpress\/wp-content\/uploads\/2021\/09\/scuola-matite-300x200.jpeg 300w, https:\/\/www.radiopiu.net\/wordpress\/wp-content\/uploads\/2021\/09\/scuola-matite.jpeg 626w\" sizes=\"auto, (max-width: 170px) 100vw, 170px\" \/><\/a>FELTRE<\/strong> L\u2019Istituto Comprensivo di Feltre organizza l\u2019iniziativa \u201cScuola Aperta\u201d per presentare l\u2019offerta formativa in vista delle iscrizioni per l\u2019anno scolastico 2025\/2026 (8-31 gennaio 2025). Durante gli incontri, genitori e alunni potranno visitare i plessi scolastici e conoscere progetti innovativi, come il percorso di Outdoor Education per le scuole dell\u2019infanzia, che favorisce l\u2019apprendimento a contatto con la natura. Nella primaria, le attivit\u00e0 sportive e le collaborazioni con enti locali arricchiscono l\u2019esperienza formativa. Gli incontri si svolgeranno dal 9 al 18 gennaio nei diversi plessi, con un servizio di supporto alle famiglie per le iscrizioni.<\/p>\n<p>&nbsp;<\/p>\n<hr \/>\n<p>&nbsp;<\/p>\n<blockquote>\n<h3>DOLOMITI AMBIENTE TORNA SUL MERCATO. LA PROVINCIA MATTE A GARA LE QUOTE<\/h3>\n<\/blockquote>\n<p><strong><a class=\"dt-pswp-item\" href=\"https:\/\/www.radiopiu.net\/wordpress\/wp-content\/uploads\/2024\/12\/logo.png\" data-dt-img-description=\"\" data-large_image_width=\"306\" data-large_image_height=\"88\"><img loading=\"lazy\" decoding=\"async\" class=\" wp-image-427244 alignleft\" src=\"https:\/\/www.radiopiu.net\/wordpress\/wp-content\/uploads\/2024\/12\/logo-300x86.png\" alt=\"\" width=\"248\" height=\"71\" srcset=\"https:\/\/www.radiopiu.net\/wordpress\/wp-content\/uploads\/2024\/12\/logo-300x86.png 300w, https:\/\/www.radiopiu.net\/wordpress\/wp-content\/uploads\/2024\/12\/logo.png 306w\" sizes=\"auto, (max-width: 248px) 100vw, 248px\" \/><\/a>BELLUNO<\/strong> La Provincia di Belluno mette in vendita il 92,40% delle quote di Dolomiti Ambiente, in ottemperanza alla legge Madia che vieta partecipazioni pubbliche non essenziali. La funzione di trattamento dei rifiuti \u00e8 infatti competenza regionale. Il presidente della Provincia, Roberto Padrin, sottolinea che parte del ricavato sar\u00e0 destinata alle Unioni Montane per opere di difesa del suolo e servizi ai Comuni. Il bando di gara sar\u00e0 pubblicato a breve, con aggiornamenti sul valore di vendita. Dolomiti Ambiente, gi\u00e0 andata a gara nel 2023 senza esito, ha chiuso l&#8217;anno in utile e prevede un bilancio positivo anche per il 2024. L&#8217;impianto di Maserot, che trasforma l&#8217;umido in energia e compost, rappresenta un esempio di economia circolare. Inoltre, la societ\u00e0 punta su nuovi progetti per produrre idrogeno e metanolo, fondamentali per l&#8217;economia sostenibile futura.<\/p>\n<p>&nbsp;<\/p>\n<p>&nbsp;<\/p>\n<hr \/>\n<p>&nbsp;<\/p>\n<blockquote>\n<h3>IL CONSIGLIO COMUNALE DI ALPAGO APPROVA IL BILANCIO DI PREVISIONE<\/h3>\n<\/blockquote>\n<p><strong><a class=\"dt-pswp-item\" href=\"https:\/\/www.radiopiu.net\/wordpress\/wp-content\/uploads\/2024\/12\/KLDGAYGHGA.jpg\" data-dt-img-description=\"\" data-large_image_width=\"1536\" data-large_image_height=\"1098\"><img loading=\"lazy\" decoding=\"async\" class=\" wp-image-427289 alignleft\" src=\"https:\/\/www.radiopiu.net\/wordpress\/wp-content\/uploads\/2024\/12\/KLDGAYGHGA-300x214.jpg\" alt=\"\" width=\"219\" height=\"156\" srcset=\"https:\/\/www.radiopiu.net\/wordpress\/wp-content\/uploads\/2024\/12\/KLDGAYGHGA-300x214.jpg 300w, https:\/\/www.radiopiu.net\/wordpress\/wp-content\/uploads\/2024\/12\/KLDGAYGHGA-1024x732.jpg 1024w, https:\/\/www.radiopiu.net\/wordpress\/wp-content\/uploads\/2024\/12\/KLDGAYGHGA-768x549.jpg 768w, https:\/\/www.radiopiu.net\/wordpress\/wp-content\/uploads\/2024\/12\/KLDGAYGHGA.jpg 1536w\" sizes=\"auto, (max-width: 219px) 100vw, 219px\" \/><\/a>ALPAGO<\/strong> Nell&#8217;ultima seduta del 2024, il Consiglio Comunale di Alpago ha approvato il bilancio di previsione 2025-2027 e il programma dei lavori pubblici. Tra le priorit\u00e0, il completamento della strada Pieve-Plois, le mense scolastiche e la manutenzione straordinaria della strada di Piane. Importanti risorse saranno destinate alla cultura, al turismo e alla manutenzione ambientale. Il bilancio prevede il mantenimento di tariffe basse per i servizi scolastici e contributi per piccole imprese e sfalcio dei prati, con erogazioni in voucher. Inoltre, si pianifica un Partenariato Pubblico-Privato per i servizi al lago e interventi sul Rifugio Dolomieu. Discussa anche la gestione delle biblioteche comunali con nomina del Comitato. Il Sindaco Peterle esprime soddisfazione per il lavoro svolto e ribadisce l\u2019impegno su progetti strategici, come la pista ciclabile Poiatte-Santa Croce.<\/p>\n<p>&nbsp;<\/p>\n<hr \/>\n<p>&nbsp;<\/p>\n<blockquote>\n<h3 class=\"_title post-title entry-title\"><a class=\"dt-pswp-item\" href=\"https:\/\/www.radiopiu.net\/wordpress\/wp-content\/uploads\/2023\/12\/ANTENNA.png\" data-dt-img-description=\"\" data-large_image_width=\"300\" data-large_image_height=\"166\"><img loading=\"lazy\" decoding=\"async\" class=\"wp-image-366306 alignleft\" src=\"https:\/\/www.radiopiu.net\/wordpress\/wp-content\/uploads\/2023\/12\/ANTENNA.png\" alt=\"\" width=\"141\" height=\"78\" \/><\/a>SOSPIROLO | SI MOLTIPLICANO LE INIZIATIVE PER RICORDARE MARIO DE BON SCOMPARSO IL 5 NOVEMBRE<\/h3>\n<\/blockquote>\n<p>Intervistati GINO SPERANDIO (SEGRETARIO ANPI BELLUNO), SIMONE DEOLA (VICESINDACO BORGO VALBELLUNA), LIVIA CADORE (VICESINDACO SOSPIROLO) (Servizio di\u00a0<a href=\"https:\/\/antennatre.medianordest.it\/redazione\/Fabio-Fioravanzi\/\">Fabio Fioravanzi<\/a>)<\/p>\n<p><iframe loading=\"lazy\" title=\"SI MOLTIPLICANO LE INIZIATIVE PER RICORDARE  MARIO DE BON SCOMPARSO IL 5 NOVEMBRE | 29\/12\/2024\" width=\"1200\" height=\"675\" src=\"https:\/\/www.youtube.com\/embed\/e2kPM2cj538?feature=oembed\" frameborder=\"0\" allow=\"accelerometer; autoplay; clipboard-write; encrypted-media; gyroscope; picture-in-picture; web-share\" referrerpolicy=\"strict-origin-when-cross-origin\" allowfullscreen><\/iframe><\/p>\n<p>&nbsp;<\/p>\n<hr \/>\n<p>&nbsp;<\/p>\n<blockquote>\n<h3>DAL 3 GENNAIO IN PAGAMENTO LE PENSIONI<\/h3>\n<\/blockquote>\n<p><strong>BELLUNO<\/strong> <span class=\"s2\">Poste Italiane comunica che in tutti gli uffici postali della provincia di Belluno le pensioni del mese di gennaio saranno in pagamento da venerd\u00ec 3. <span class=\"s1\">Per evitare assembramenti e tempi di attesa superiori alla media, Poste Italiane consiglia a tutti i pensionati, ove possibile, di recarsi a ritirare la pensione in tarda mattinata o durante le ore pomeridiane privilegiando i giorni successivi ai primi.<\/span><\/span><\/p>\n<p>&nbsp;<\/p>\n<p>&nbsp;<\/p>\n<hr \/>\n<p>&nbsp;<\/p>\n<blockquote>\n<h3>AGORDINO: OLTRE LE MONTAGNE E L\u2019OCEANO. IL LIBRO DI LUISA MANFROI E MORENO DE ZAIACOMO<\/h3>\n<\/blockquote>\n<p><strong><a class=\"dt-pswp-item\" href=\"https:\/\/www.radiopiu.net\/wordpress\/wp-content\/uploads\/2024\/12\/Libro-Agordino-oltre-le-montagne-e-loceano.jpg\" data-dt-img-description=\"\" data-large_image_width=\"2048\" data-large_image_height=\"1457\"><img loading=\"lazy\" decoding=\"async\" class=\" wp-image-426201 alignleft\" src=\"https:\/\/www.radiopiu.net\/wordpress\/wp-content\/uploads\/2024\/12\/Libro-Agordino-oltre-le-montagne-e-loceano-300x213.jpg\" alt=\"\" width=\"219\" height=\"155\" srcset=\"https:\/\/www.radiopiu.net\/wordpress\/wp-content\/uploads\/2024\/12\/Libro-Agordino-oltre-le-montagne-e-loceano-300x213.jpg 300w, https:\/\/www.radiopiu.net\/wordpress\/wp-content\/uploads\/2024\/12\/Libro-Agordino-oltre-le-montagne-e-loceano-1024x729.jpg 1024w, https:\/\/www.radiopiu.net\/wordpress\/wp-content\/uploads\/2024\/12\/Libro-Agordino-oltre-le-montagne-e-loceano-768x546.jpg 768w, https:\/\/www.radiopiu.net\/wordpress\/wp-content\/uploads\/2024\/12\/Libro-Agordino-oltre-le-montagne-e-loceano-1536x1093.jpg 1536w, https:\/\/www.radiopiu.net\/wordpress\/wp-content\/uploads\/2024\/12\/Libro-Agordino-oltre-le-montagne-e-loceano.jpg 2048w\" sizes=\"auto, (max-width: 219px) 100vw, 219px\" \/><\/a>REDAZIONE <\/strong>\u00c8 uscito in questi giorni il libro di Luisa Manfroi e Moreno De Zaiacomo: \u201cAGORDINO: OLTRE LE MONTAGNE E L\u2019OCEANO. L\u2019emigrazione dai comuni della Valle del Biois e dell\u2019alta Valle del Cordevole verso gli Stati Uniti d\u2019America\u201d. Un viaggio tra le vite di coloro che hanno lasciato i comuni agordini della Valle del Biois e dell&#8217;alta Valle del Cordevole, in provincia di Belluno, per cercare fortuna negli Stati Uniti d&#8217;America. Attraverso la ricerca, i racconti personali, le vicende, le immagini evocative, gli elenchi dei viaggi e dei passeggeri agordini che hanno varcato l&#8217;Oceano Atlantico, viene dato un volto e una storia ad alcuni dei nomi sui registri di immigrazione di Ellis Island, nella baia di New York, svelando il complesso e dinamico movimento migratorio che ha segnato l&#8217;Agordino tra la fine dell&#8217;Ottocento e la vigilia della Seconda Guerra Mondiale.<\/p>\n<p>&nbsp;<\/p>\n<blockquote class=\"wp-embedded-content\" data-secret=\"RuBckFF6L2\"><p><a href=\"https:\/\/www.radiopiu.net\/wordpress\/valle-del-biois-storia-alla-radio-il-celentone-e-il-focolare-archivio-radio-piu-raccolta-1939-1970\/\">valle del biois STORIA ALLA RADIO, &#8220;IL CELENTONE&#8221; e &#8220;IL FOCOLARE&#8221; ARCHIVIO RADIO PIU raccolta 1939-1970<\/a><\/p><\/blockquote>\n<p><iframe loading=\"lazy\" class=\"wp-embedded-content\" sandbox=\"allow-scripts\" security=\"restricted\" style=\"position: absolute; visibility: hidden;\" title=\"&#8220;valle del biois STORIA ALLA RADIO, &#8220;IL CELENTONE&#8221; e &#8220;IL FOCOLARE&#8221; ARCHIVIO RADIO PIU raccolta 1939-1970&#8221; &#8212; Radio Pi\u00f9\" src=\"https:\/\/www.radiopiu.net\/wordpress\/valle-del-biois-storia-alla-radio-il-celentone-e-il-focolare-archivio-radio-piu-raccolta-1939-1970\/embed\/#?secret=1SiJKngJiI#?secret=RuBckFF6L2\" data-secret=\"RuBckFF6L2\" width=\"600\" height=\"338\" frameborder=\"0\" marginwidth=\"0\" marginheight=\"0\" scrolling=\"no\"><\/iframe><\/p>\n<blockquote class=\"wp-embedded-content\" data-secret=\"V0PMwKciLv\"><p><a href=\"https:\/\/www.radiopiu.net\/wordpress\/caviola-di-falcade-storia-alla-radio-1958-la-benedizione-della-nuova-chiesa\/\">caviola di falcade STORIA ALLA RADIO, 1958 LA BENEDIZIONE DELLA NUOVA CHIESA<\/a><\/p><\/blockquote>\n<p><iframe loading=\"lazy\" class=\"wp-embedded-content\" sandbox=\"allow-scripts\" security=\"restricted\" style=\"position: absolute; visibility: hidden;\" title=\"&#8220;caviola di falcade STORIA ALLA RADIO, 1958 LA BENEDIZIONE DELLA NUOVA CHIESA&#8221; &#8212; Radio Pi\u00f9\" src=\"https:\/\/www.radiopiu.net\/wordpress\/caviola-di-falcade-storia-alla-radio-1958-la-benedizione-della-nuova-chiesa\/embed\/#?secret=lZLwHCoRB3#?secret=V0PMwKciLv\" data-secret=\"V0PMwKciLv\" width=\"600\" height=\"338\" frameborder=\"0\" marginwidth=\"0\" marginheight=\"0\" scrolling=\"no\"><\/iframe><\/p>\n<hr \/>\n<p>&nbsp;<\/p>\n<blockquote>\n<h1>Il Presepe Artistico di Roe di Sedico: un capolavoro da visitare<\/h1>\n<\/blockquote>\n<p><a class=\"dt-pswp-item\" href=\"https:\/\/www.radiopiu.net\/wordpress\/wp-content\/uploads\/2024\/12\/5162ed54-e3b2-4d17-82f0-cf26bd30086a.jpg\" data-dt-img-description=\"\" data-large_image_width=\"1200\" data-large_image_height=\"1600\"><img loading=\"lazy\" decoding=\"async\" class=\"size-medium wp-image-423381 alignleft\" src=\"https:\/\/www.radiopiu.net\/wordpress\/wp-content\/uploads\/2024\/12\/5162ed54-e3b2-4d17-82f0-cf26bd30086a-225x300.jpg\" alt=\"\" width=\"225\" height=\"300\" srcset=\"https:\/\/www.radiopiu.net\/wordpress\/wp-content\/uploads\/2024\/12\/5162ed54-e3b2-4d17-82f0-cf26bd30086a-225x300.jpg 225w, https:\/\/www.radiopiu.net\/wordpress\/wp-content\/uploads\/2024\/12\/5162ed54-e3b2-4d17-82f0-cf26bd30086a-768x1024.jpg 768w, https:\/\/www.radiopiu.net\/wordpress\/wp-content\/uploads\/2024\/12\/5162ed54-e3b2-4d17-82f0-cf26bd30086a-1152x1536.jpg 1152w, https:\/\/www.radiopiu.net\/wordpress\/wp-content\/uploads\/2024\/12\/5162ed54-e3b2-4d17-82f0-cf26bd30086a.jpg 1200w\" sizes=\"auto, (max-width: 225px) 100vw, 225px\" \/><\/a>Il presepe artistico di Roe di Sedico \u00e8 un\u2019opera straordinaria realizzata dai talentuosi autori Fabio Sommacal, Davide Lovisotto, Edi Tegner, Andrea Fontanive e Marco Bressan. Nato nel 1988, le prime edizioni venivano ospitate nella cappella invernale e smontate ogni anno. Dal 1991, grazie alla disponibilit\u00e0 di Don Rinaldo, il presepe ha trovato una sede permanente, permettendo la realizzazione di 32 edizioni fino all\u2019interruzione causata dalla pandemia. Dal 2022, l\u2019avventura \u00e8 ripartita con rinnovato entusiasmo. Il presepe \u00e8 visitabile fino al 31 gennaio: <strong>Domeniche e festivi:<\/strong> 10:00-12:00 e 14:00-18:30. <strong>Dal 25 dicembre al 6 gennaio:<\/strong> aperto anche nei feriali, nel pomeriggio 14:00-18:30. Un appuntamento imperdibile per immergersi nella magia del Natale e ammirare un\u2019opera che racconta tradizione e passione.<\/p>\n<p>&nbsp;<\/p>\n\n\t\t\t<style type='text\/css'>\n\t\t\t\t#gallery-2 {\n\t\t\t\t\tmargin: auto;\n\t\t\t\t}\n\t\t\t\t#gallery-2 .gallery-item {\n\t\t\t\t\tfloat: left;\n\t\t\t\t\tmargin-top: 10px;\n\t\t\t\t\ttext-align: center;\n\t\t\t\t\twidth: 12%;\n\t\t\t\t}\n\t\t\t\t#gallery-2 img {\n\t\t\t\t\tborder: 2px solid #cfcfcf;\n\t\t\t\t}\n\t\t\t\t#gallery-2 .gallery-caption {\n\t\t\t\t\tmargin-left: 0;\n\t\t\t\t}\n\t\t\t\t\/* see gallery_shortcode() in wp-includes\/media.php *\/\n\t\t\t<\/style>\n\t\t<div id='gallery-2' class='dt-gallery-container gallery galleryid-427129 gallery-columns-8 gallery-size-thumbnail'><dl class='gallery-item'>\n\t\t\t\t<dt class='gallery-icon landscape'>\n\t\t\t\t\t<a class=\"rollover rollover-zoom dt-pswp-item\" title=\"1708f0ec-4e7a-4978-b30d-3959327ffde0\" data-dt-img-description=\"\" data-large_image_width=\"1600\" data-large_image_height=\"1200\"href='https:\/\/www.radiopiu.net\/wordpress\/wp-content\/uploads\/2024\/12\/1708f0ec-4e7a-4978-b30d-3959327ffde0.jpg'><img loading=\"lazy\" decoding=\"async\" width=\"150\" height=\"150\" src=\"https:\/\/www.radiopiu.net\/wordpress\/wp-content\/uploads\/2024\/12\/1708f0ec-4e7a-4978-b30d-3959327ffde0-150x150.jpg\" class=\"attachment-thumbnail size-thumbnail\" alt=\"\" \/><\/a>\n\t\t\t\t<\/dt><\/dl><dl class='gallery-item'>\n\t\t\t\t<dt class='gallery-icon landscape'>\n\t\t\t\t\t<a class=\"rollover rollover-zoom dt-pswp-item\" title=\"31faecc0-e87e-406d-b6a8-6f5633f67e78\" data-dt-img-description=\"\" data-large_image_width=\"1600\" data-large_image_height=\"1200\"href='https:\/\/www.radiopiu.net\/wordpress\/wp-content\/uploads\/2024\/12\/31faecc0-e87e-406d-b6a8-6f5633f67e78.jpg'><img loading=\"lazy\" decoding=\"async\" width=\"150\" height=\"150\" src=\"https:\/\/www.radiopiu.net\/wordpress\/wp-content\/uploads\/2024\/12\/31faecc0-e87e-406d-b6a8-6f5633f67e78-150x150.jpg\" class=\"attachment-thumbnail size-thumbnail\" alt=\"\" \/><\/a>\n\t\t\t\t<\/dt><\/dl><dl class='gallery-item'>\n\t\t\t\t<dt class='gallery-icon landscape'>\n\t\t\t\t\t<a class=\"rollover rollover-zoom dt-pswp-item\" title=\"22cd45a8-8844-4e2d-8552-f9a2b7c9b35a\" data-dt-img-description=\"\" data-large_image_width=\"1600\" data-large_image_height=\"1200\"href='https:\/\/www.radiopiu.net\/wordpress\/wp-content\/uploads\/2024\/12\/22cd45a8-8844-4e2d-8552-f9a2b7c9b35a.jpg'><img loading=\"lazy\" decoding=\"async\" width=\"150\" height=\"150\" src=\"https:\/\/www.radiopiu.net\/wordpress\/wp-content\/uploads\/2024\/12\/22cd45a8-8844-4e2d-8552-f9a2b7c9b35a-150x150.jpg\" class=\"attachment-thumbnail size-thumbnail\" alt=\"\" \/><\/a>\n\t\t\t\t<\/dt><\/dl><dl class='gallery-item'>\n\t\t\t\t<dt class='gallery-icon landscape'>\n\t\t\t\t\t<a class=\"rollover rollover-zoom dt-pswp-item\" title=\"2f78f81d-54a0-473e-a048-6082fa5f0dfb\" data-dt-img-description=\"\" data-large_image_width=\"1600\" data-large_image_height=\"1200\"href='https:\/\/www.radiopiu.net\/wordpress\/wp-content\/uploads\/2024\/12\/2f78f81d-54a0-473e-a048-6082fa5f0dfb.jpg'><img loading=\"lazy\" decoding=\"async\" width=\"150\" height=\"150\" src=\"https:\/\/www.radiopiu.net\/wordpress\/wp-content\/uploads\/2024\/12\/2f78f81d-54a0-473e-a048-6082fa5f0dfb-150x150.jpg\" class=\"attachment-thumbnail size-thumbnail\" alt=\"\" \/><\/a>\n\t\t\t\t<\/dt><\/dl><dl class='gallery-item'>\n\t\t\t\t<dt class='gallery-icon landscape'>\n\t\t\t\t\t<a class=\"rollover rollover-zoom dt-pswp-item\" title=\"05ae5de8-f5ea-45b4-9b1f-d4e96bbb1fb8\" data-dt-img-description=\"\" data-large_image_width=\"1600\" data-large_image_height=\"1200\"href='https:\/\/www.radiopiu.net\/wordpress\/wp-content\/uploads\/2024\/12\/05ae5de8-f5ea-45b4-9b1f-d4e96bbb1fb8.jpg'><img loading=\"lazy\" decoding=\"async\" width=\"150\" height=\"150\" src=\"https:\/\/www.radiopiu.net\/wordpress\/wp-content\/uploads\/2024\/12\/05ae5de8-f5ea-45b4-9b1f-d4e96bbb1fb8-150x150.jpg\" class=\"attachment-thumbnail size-thumbnail\" alt=\"\" \/><\/a>\n\t\t\t\t<\/dt><\/dl><dl class='gallery-item'>\n\t\t\t\t<dt class='gallery-icon landscape'>\n\t\t\t\t\t<a class=\"rollover rollover-zoom dt-pswp-item\" title=\"9b5d2c47-0c82-43c2-ac45-eda00723a965\" data-dt-img-description=\"\" data-large_image_width=\"1600\" data-large_image_height=\"1200\"href='https:\/\/www.radiopiu.net\/wordpress\/wp-content\/uploads\/2024\/12\/9b5d2c47-0c82-43c2-ac45-eda00723a965.jpg'><img loading=\"lazy\" decoding=\"async\" width=\"150\" height=\"150\" src=\"https:\/\/www.radiopiu.net\/wordpress\/wp-content\/uploads\/2024\/12\/9b5d2c47-0c82-43c2-ac45-eda00723a965-150x150.jpg\" class=\"attachment-thumbnail size-thumbnail\" alt=\"\" \/><\/a>\n\t\t\t\t<\/dt><\/dl><dl class='gallery-item'>\n\t\t\t\t<dt class='gallery-icon landscape'>\n\t\t\t\t\t<a class=\"rollover rollover-zoom dt-pswp-item\" title=\"2ed1d8d3-409e-4775-94ed-91e3eda55c6e\" data-dt-img-description=\"\" data-large_image_width=\"1600\" data-large_image_height=\"1200\"href='https:\/\/www.radiopiu.net\/wordpress\/wp-content\/uploads\/2024\/12\/2ed1d8d3-409e-4775-94ed-91e3eda55c6e.jpg'><img loading=\"lazy\" decoding=\"async\" width=\"150\" height=\"150\" src=\"https:\/\/www.radiopiu.net\/wordpress\/wp-content\/uploads\/2024\/12\/2ed1d8d3-409e-4775-94ed-91e3eda55c6e-150x150.jpg\" class=\"attachment-thumbnail size-thumbnail\" alt=\"\" \/><\/a>\n\t\t\t\t<\/dt><\/dl><dl class='gallery-item'>\n\t\t\t\t<dt class='gallery-icon landscape'>\n\t\t\t\t\t<a class=\"rollover rollover-zoom dt-pswp-item\" title=\"0f25e816-4eb7-459e-b251-b05d839862fc\" data-dt-img-description=\"\" data-large_image_width=\"1600\" data-large_image_height=\"1200\"href='https:\/\/www.radiopiu.net\/wordpress\/wp-content\/uploads\/2024\/12\/0f25e816-4eb7-459e-b251-b05d839862fc.jpg'><img loading=\"lazy\" decoding=\"async\" width=\"150\" height=\"150\" src=\"https:\/\/www.radiopiu.net\/wordpress\/wp-content\/uploads\/2024\/12\/0f25e816-4eb7-459e-b251-b05d839862fc-150x150.jpg\" class=\"attachment-thumbnail size-thumbnail\" alt=\"\" \/><\/a>\n\t\t\t\t<\/dt><\/dl><br style=\"clear: both\" \/>\n\t\t\t<\/div>\n\n<p>&nbsp;<\/p>\n<hr \/>\n<p>&nbsp;<\/p>\n<p><strong><a class=\"dt-pswp-item\" href=\"https:\/\/www.radiopiu.net\/wordpress\/wp-content\/uploads\/2024\/11\/AMICI-MINERARI.png\" data-dt-img-description=\"\" data-large_image_width=\"209\" data-large_image_height=\"174\"><img loading=\"lazy\" decoding=\"async\" class=\" wp-image-419180 alignleft\" src=\"https:\/\/www.radiopiu.net\/wordpress\/wp-content\/uploads\/2024\/11\/AMICI-MINERARI.png\" alt=\"\" width=\"168\" height=\"140\" \/><\/a>&#8220;Con gli Amici dei Minerari: Serate d&#8217;Inverno \u2013 un viaggio tra storia, scienza e meraviglie. Incontri presso la Sala con T\u00e0-Mis. Non mancare!&#8221;<\/strong><\/p>\n<ul>\n<li><em>Venerd\u00ec 24 gennaio, ore 20:30<\/em>: &#8220;Il meraviglioso mondo dei fossili delle Dolomiti&#8221; \u2013 Relatore Danilo Giordano.<\/li>\n<li><em>Venerd\u00ec 21 febbraio, ore 20:30<\/em>: &#8220;Il traforo del Brennero: studio, progettazione e realizzazione&#8221; \u2013 Relatori Vittorio Fenti e Mario Guadagnini.<\/li>\n<\/ul>\n<p><strong>Vivi la cultura e la passione per la montagna!<\/strong><\/p>\n<p>&nbsp;<\/p>\n<p>&nbsp;<\/p>\n<hr \/>\n<p>&nbsp;<\/p>\n<blockquote>\n<h3>ADRENALINA E SPETTACOLO: TORNA LA MAX TOSI INVITATIONAL DOMINATOR NIGHT AD ALLEGHE<\/h3>\n<\/blockquote>\n<p><strong><a class=\"dt-pswp-item\" href=\"https:\/\/www.radiopiu.net\/wordpress\/wp-content\/uploads\/2024\/12\/DOMNATOR-PROMO-Flyer-Ok-compresso.jpg\" data-dt-img-description=\"\" data-large_image_width=\"419\" data-large_image_height=\"595\"><img loading=\"lazy\" decoding=\"async\" class=\" wp-image-427225 alignleft\" src=\"https:\/\/www.radiopiu.net\/wordpress\/wp-content\/uploads\/2024\/12\/DOMNATOR-PROMO-Flyer-Ok-compresso-211x300.jpg\" alt=\"\" width=\"133\" height=\"189\" srcset=\"https:\/\/www.radiopiu.net\/wordpress\/wp-content\/uploads\/2024\/12\/DOMNATOR-PROMO-Flyer-Ok-compresso-211x300.jpg 211w, https:\/\/www.radiopiu.net\/wordpress\/wp-content\/uploads\/2024\/12\/DOMNATOR-PROMO-Flyer-Ok-compresso.jpg 419w\" sizes=\"auto, (max-width: 133px) 100vw, 133px\" \/><\/a>ALLEGHE <\/strong>Sabato 4 gennaio i riflettori si accendono sui Piani di Pezz\u00e8 ad Alleghe, dove si terr\u00e0 la nuova edizione della Max Tosi Invitational Dominator Night, un evento imperdibile per gli amanti di motoslitte e snowbike. Organizzato in collaborazione con Sledtech, Grande Baita Civetta e Alleghe Funivie, l&#8217;evento promette una serata all&#8217;insegna della competizione e del divertimento. I migliori piloti del panorama internazionale si sfideranno per conquistare il titolo di dominatore della notte, regalando al pubblico uno spettacolo mozzafiato. Le cabinovie saranno operative dalle 20:30 alle 2:00 per permettere agli spettatori di raggiungere comodamente i Piani di Pezz\u00e8. Alle 21:30 il semaforo verde dar\u00e0 il via alla competizione, che vedr\u00e0 motori ruggenti e acrobazie estreme sotto le stelle. A seguire, la serata si accender\u00e0 con il Dominator Party, animato dalle vibrazioni di DJ Max Benzoni, per concludere l\u2019evento in un\u2019atmosfera festosa. Un appuntamento imperdibile per gli appassionati di sport estremi e per chi cerca un\u2019esperienza unica in alta quota.<\/p>\n<p>&nbsp;<\/p>\n<p>&nbsp;<\/p>\n<hr \/>\n<p>&nbsp;<\/p>\n<blockquote>\n<h3>STORIE DI MONTAGNA IL 4 GENNAIO A SAN TOMASO<\/h3>\n<\/blockquote>\n<p><strong><a class=\"dt-pswp-item\" href=\"https:\/\/www.radiopiu.net\/wordpress\/wp-content\/uploads\/2024\/12\/fcf6f9a2-c8e2-48da-bcc7-20c5d5161e50-1.jpg\" data-dt-img-description=\"\" data-large_image_width=\"1080\" data-large_image_height=\"1080\"><img loading=\"lazy\" decoding=\"async\" class=\" wp-image-427004 alignleft\" src=\"https:\/\/www.radiopiu.net\/wordpress\/wp-content\/uploads\/2024\/12\/fcf6f9a2-c8e2-48da-bcc7-20c5d5161e50-1-300x300.jpg\" alt=\"\" width=\"125\" height=\"125\" srcset=\"https:\/\/www.radiopiu.net\/wordpress\/wp-content\/uploads\/2024\/12\/fcf6f9a2-c8e2-48da-bcc7-20c5d5161e50-1-300x300.jpg 300w, https:\/\/www.radiopiu.net\/wordpress\/wp-content\/uploads\/2024\/12\/fcf6f9a2-c8e2-48da-bcc7-20c5d5161e50-1-1024x1024.jpg 1024w, https:\/\/www.radiopiu.net\/wordpress\/wp-content\/uploads\/2024\/12\/fcf6f9a2-c8e2-48da-bcc7-20c5d5161e50-1-150x150.jpg 150w, https:\/\/www.radiopiu.net\/wordpress\/wp-content\/uploads\/2024\/12\/fcf6f9a2-c8e2-48da-bcc7-20c5d5161e50-1-768x768.jpg 768w, https:\/\/www.radiopiu.net\/wordpress\/wp-content\/uploads\/2024\/12\/fcf6f9a2-c8e2-48da-bcc7-20c5d5161e50-1.jpg 1080w\" sizes=\"auto, (max-width: 125px) 100vw, 125px\" \/><\/a>SAN TOMASO<\/strong> Sabato 4 gennaio alle 17.30, presso la Sala Parrocchiale di San Tomaso (Loc. Zelat), Luca e Paolo presenteranno per la prima volta in pubblico alcuni video, pi\u00f9 un inedito, realizzati da Luca tratti dai racconti contenuti nella rubrica I racconti di Paolo Soppelsa, presente nel sito di Radio Pi\u00f9 Emittente Agordina. Sar\u00e0 un&#8217;occasione per veder proiettati sul grande schermo questi video che narrano la montagna ed in particolare il territorio Agordino.<\/p>\n<p><strong>L&#8217;INVITO DI PAOLO SOPPELSA<\/strong><\/p>\n<audio class=\"wp-audio-shortcode\" id=\"audio-427129-15\" preload=\"none\" style=\"width: 100%;\" controls=\"controls\"><source type=\"audio\/mpeg\" src=\"https:\/\/www.radiopiu.net\/wordpress\/wp-content\/uploads\/2024\/12\/gr-30-storie-di-montagna-SOPPELSA.mp3?_=15\" \/><a href=\"https:\/\/www.radiopiu.net\/wordpress\/wp-content\/uploads\/2024\/12\/gr-30-storie-di-montagna-SOPPELSA.mp3\">https:\/\/www.radiopiu.net\/wordpress\/wp-content\/uploads\/2024\/12\/gr-30-storie-di-montagna-SOPPELSA.mp3<\/a><\/audio>\n<p>&nbsp;<\/p>\n<hr \/>\n<p>&nbsp;<\/p>\n<blockquote>\n<h3>SUL FILO DELL&#8217;ACQUA IN CADORE<\/h3>\n<\/blockquote>\n<p><strong>CADORE <\/strong>Sabato 11 gennaio, alle 21, nella Sala Consiliare della Magnifica Comunit\u00e0 di Cadore, il gruppo teatrale I Comelianti presenter\u00e0 \u201cSul filo dell\u2019Acqua\u201d. Lo spettacolo, ideato per il 600\u00b0 anniversario della dedizione del Cadore a Venezia, celebra il legame storico tra i due territori attraverso un mix di storia, teatro, musica e poesia. L\u2019evento, a ingresso libero, \u00e8 un omaggio artistico e culturale che valorizza il patrimonio condiviso e lo rende accessibile al pubblico moderno.<\/p>\n<p>&nbsp;<\/p>\n<hr \/>\n<p>&nbsp;<\/p>\n<p>&nbsp;<\/p>\n<h1 class=\"_title post-title entry-title\"><a class=\"dt-pswp-item\" href=\"https:\/\/www.radiopiu.net\/wordpress\/wp-content\/uploads\/2023\/12\/ANTENNA.png\" data-dt-img-description=\"\" data-large_image_width=\"300\" data-large_image_height=\"166\"><img loading=\"lazy\" decoding=\"async\" class=\"wp-image-366306 alignleft\" src=\"https:\/\/www.radiopiu.net\/wordpress\/wp-content\/uploads\/2023\/12\/ANTENNA.png\" alt=\"\" width=\"220\" height=\"122\" \/><\/a>BELLUNO | UN 2025 DI PREOCCUPAZIONE PER MONDO DEL LAVORO E FUTURO DELLA MONTAGNA<\/h1>\n<p>\u2013 Intervistati DENISE CASANOVA (SEGRETARIA CGIL PROVINCIA BELLUNO) (Servizio di\u00a0<a href=\"https:\/\/antennatre.medianordest.it\/redazione\/Fabio-Fioravanzi\/\">Fabio Fioravanzi<\/a>)<\/p>\n<p><iframe loading=\"lazy\" title=\"UN 2025 DI PREOCCUPAZIONE PER MONDO DEL LAVORO E FUTURO DELLA MONTAGNA | 29\/12\/2024\" width=\"1200\" height=\"675\" src=\"https:\/\/www.youtube.com\/embed\/EMgKmKB832k?feature=oembed\" frameborder=\"0\" allow=\"accelerometer; autoplay; clipboard-write; encrypted-media; gyroscope; picture-in-picture; web-share\" referrerpolicy=\"strict-origin-when-cross-origin\" allowfullscreen><\/iframe><\/p>\n<p>&nbsp;<\/p>\n<p>&nbsp;<\/p>\n<hr \/>\n<p>&nbsp;<\/p>\n<h2><span style=\"color: #ff6600;\">IERI ALLA RADIO<\/span><\/h2>\n<h2><span style=\"color: #333399;\">RITRATTI SONORI, IL PROGRAMMA DI ALESSIA DALL&#8217;O&#8217;<\/span><\/h2>\n<p><span style=\"color: #ff0000;\"><strong><a class=\"dt-pswp-item\" href=\"https:\/\/www.radiopiu.net\/wordpress\/wp-content\/uploads\/2024\/05\/FABRIZIO-PESCOSTA.jpg\" data-dt-img-description=\"\" data-large_image_width=\"303\" data-large_image_height=\"166\"><img loading=\"lazy\" decoding=\"async\" class=\" wp-image-392099 alignleft\" src=\"https:\/\/www.radiopiu.net\/wordpress\/wp-content\/uploads\/2024\/05\/FABRIZIO-PESCOSTA-300x164.jpg\" alt=\"\" width=\"187\" height=\"102\" srcset=\"https:\/\/www.radiopiu.net\/wordpress\/wp-content\/uploads\/2024\/05\/FABRIZIO-PESCOSTA-300x164.jpg 300w, https:\/\/www.radiopiu.net\/wordpress\/wp-content\/uploads\/2024\/05\/FABRIZIO-PESCOSTA.jpg 303w\" sizes=\"auto, (max-width: 187px) 100vw, 187px\" \/><\/a>PUNTATA 03 &#8211; FABRIZIO PESCOSTA<\/strong><\/span><\/p>\n<p><strong>PRIMA PARTE<\/strong><\/p>\n<audio class=\"wp-audio-shortcode\" id=\"audio-427129-16\" preload=\"none\" style=\"width: 100%;\" controls=\"controls\"><source type=\"audio\/mpeg\" src=\"https:\/\/www.radiopiu.net\/wordpress\/wp-content\/uploads\/2024\/05\/RF1-4.mp3?_=16\" \/><a href=\"https:\/\/www.radiopiu.net\/wordpress\/wp-content\/uploads\/2024\/05\/RF1-4.mp3\">https:\/\/www.radiopiu.net\/wordpress\/wp-content\/uploads\/2024\/05\/RF1-4.mp3<\/a><\/audio>\n<p><strong>\u00a0<\/strong><\/p>\n<p><strong>SECONDA PARTE<\/strong><\/p>\n<audio class=\"wp-audio-shortcode\" id=\"audio-427129-17\" preload=\"none\" style=\"width: 100%;\" controls=\"controls\"><source type=\"audio\/mpeg\" src=\"https:\/\/www.radiopiu.net\/wordpress\/wp-content\/uploads\/2024\/05\/RF2-4.mp3?_=17\" \/><a href=\"https:\/\/www.radiopiu.net\/wordpress\/wp-content\/uploads\/2024\/05\/RF2-4.mp3\">https:\/\/www.radiopiu.net\/wordpress\/wp-content\/uploads\/2024\/05\/RF2-4.mp3<\/a><\/audio>\n<p><strong>\u00a0<\/strong><\/p>\n<p><strong>TERZA PARTE<\/strong><\/p>\n<audio class=\"wp-audio-shortcode\" id=\"audio-427129-18\" preload=\"none\" style=\"width: 100%;\" controls=\"controls\"><source type=\"audio\/mpeg\" src=\"https:\/\/www.radiopiu.net\/wordpress\/wp-content\/uploads\/2024\/05\/RF3-4.mp3?_=18\" \/><a href=\"https:\/\/www.radiopiu.net\/wordpress\/wp-content\/uploads\/2024\/05\/RF3-4.mp3\">https:\/\/www.radiopiu.net\/wordpress\/wp-content\/uploads\/2024\/05\/RF3-4.mp3<\/a><\/audio>\n<p>&nbsp;<\/p>\n<h2>LA RACCOLTA COMPLETA <a href=\"https:\/\/www.radiopiu.net\/wordpress\/ritratti-sonori-il-programma-di-alessia-dallo-la-raccolta\/\"><span style=\"color: #3366ff;\">CLICCA QUI<\/span><\/a><\/h2>\n<p>&nbsp;<\/p>\n<hr \/>\n<p>&nbsp;<\/p>\n<h2><span style=\"color: #ff00ff;\">DALL&#8217;INDIA A SEREN DEL GRAPPA IN BICICLETTA CON AIRE E LILI<\/span><\/h2>\n<p><strong><a class=\"dt-pswp-item\" href=\"https:\/\/www.radiopiu.net\/wordpress\/wp-content\/uploads\/2024\/12\/4d7a3f58-747b-4212-bcf9-40f10884c73f-scaled.jpg\" data-dt-img-description=\"\" data-large_image_width=\"2560\" data-large_image_height=\"1920\"><img loading=\"lazy\" decoding=\"async\" class=\" wp-image-427218 alignleft\" src=\"https:\/\/www.radiopiu.net\/wordpress\/wp-content\/uploads\/2024\/12\/4d7a3f58-747b-4212-bcf9-40f10884c73f-300x225.jpg\" alt=\"\" width=\"165\" height=\"124\" srcset=\"https:\/\/www.radiopiu.net\/wordpress\/wp-content\/uploads\/2024\/12\/4d7a3f58-747b-4212-bcf9-40f10884c73f-300x225.jpg 300w, https:\/\/www.radiopiu.net\/wordpress\/wp-content\/uploads\/2024\/12\/4d7a3f58-747b-4212-bcf9-40f10884c73f-1024x768.jpg 1024w, https:\/\/www.radiopiu.net\/wordpress\/wp-content\/uploads\/2024\/12\/4d7a3f58-747b-4212-bcf9-40f10884c73f-768x576.jpg 768w, https:\/\/www.radiopiu.net\/wordpress\/wp-content\/uploads\/2024\/12\/4d7a3f58-747b-4212-bcf9-40f10884c73f-1536x1152.jpg 1536w, https:\/\/www.radiopiu.net\/wordpress\/wp-content\/uploads\/2024\/12\/4d7a3f58-747b-4212-bcf9-40f10884c73f-2048x1536.jpg 2048w\" sizes=\"auto, (max-width: 165px) 100vw, 165px\" \/><\/a>DI MARCO GAZ<\/strong><\/p>\n<p>OSPITI: Aire e Lili<\/p>\n<audio class=\"wp-audio-shortcode\" id=\"audio-427129-19\" preload=\"none\" style=\"width: 100%;\" controls=\"controls\"><source type=\"audio\/mpeg\" src=\"https:\/\/www.radiopiu.net\/wordpress\/wp-content\/uploads\/2024\/12\/INTERVISTA-AIRE-LILI-SNOOKE.mp3?_=19\" \/><a href=\"https:\/\/www.radiopiu.net\/wordpress\/wp-content\/uploads\/2024\/12\/INTERVISTA-AIRE-LILI-SNOOKE.mp3\">https:\/\/www.radiopiu.net\/wordpress\/wp-content\/uploads\/2024\/12\/INTERVISTA-AIRE-LILI-SNOOKE.mp3<\/a><\/audio>\n<p>&nbsp;<\/p>\n<hr \/>\n<p>&nbsp;<\/p>\n<h2><span style=\"color: #00ccff;\">SALUTE E SOCIETA&#8217;<\/span><\/h2>\n<p><strong><a class=\"dt-pswp-item\" href=\"https:\/\/www.radiopiu.net\/wordpress\/wp-content\/uploads\/2024\/12\/WhatsApp-Image-2024-12-30-at-09.04.06.jpeg\" data-dt-img-description=\"\" data-large_image_width=\"800\" data-large_image_height=\"445\"><img loading=\"lazy\" decoding=\"async\" class=\" wp-image-427206 alignleft\" src=\"https:\/\/www.radiopiu.net\/wordpress\/wp-content\/uploads\/2024\/12\/WhatsApp-Image-2024-12-30-at-09.04.06-300x167.jpeg\" alt=\"\" width=\"201\" height=\"112\" srcset=\"https:\/\/www.radiopiu.net\/wordpress\/wp-content\/uploads\/2024\/12\/WhatsApp-Image-2024-12-30-at-09.04.06-300x167.jpeg 300w, https:\/\/www.radiopiu.net\/wordpress\/wp-content\/uploads\/2024\/12\/WhatsApp-Image-2024-12-30-at-09.04.06-768x427.jpeg 768w, https:\/\/www.radiopiu.net\/wordpress\/wp-content\/uploads\/2024\/12\/WhatsApp-Image-2024-12-30-at-09.04.06.jpeg 800w\" sizes=\"auto, (max-width: 201px) 100vw, 201px\" \/><\/a>PUNTATA DEL 30 DICEMBRE 2024<\/strong><\/p>\n<p><strong>Cancer Policy Award\u00a0 <\/strong>Il Gruppo \u201cLa salute: un bene da difendere, un diritto da promuovere\u201d compie 10 anni e rinnova l\u2019impegno a sostegno dei pazienti oncologici e onco-ematologici. <strong>Emoglobinuria Parossistica Notturna\u00a0 <\/strong>L\u2019Emoglobinuria Parossistica Notturna (EPN) \u00e8 una patologia rara, debilitante e complessa, spesso poco conosciuta ma capace di impattare profondamente sulla qualit\u00e0 della vita.<\/p>\n<audio class=\"wp-audio-shortcode\" id=\"audio-427129-20\" preload=\"none\" style=\"width: 100%;\" controls=\"controls\"><source type=\"audio\/mpeg\" src=\"https:\/\/www.radiopiu.net\/wordpress\/wp-content\/uploads\/2024\/12\/SALUTE-4.mp3?_=20\" \/><a href=\"https:\/\/www.radiopiu.net\/wordpress\/wp-content\/uploads\/2024\/12\/SALUTE-4.mp3\">https:\/\/www.radiopiu.net\/wordpress\/wp-content\/uploads\/2024\/12\/SALUTE-4.mp3<\/a><\/audio>\n<p>&nbsp;<\/p>\n<hr \/>\n<p>&nbsp;<\/p>\n<blockquote>\n<h3>&#8220;MUFASA &#8211; IL RE LEONE&#8221; AL CINEMA DOLOMITI DI FALCADE<\/h3>\n<\/blockquote>\n<p><strong><a class=\"dt-pswp-item\" href=\"https:\/\/www.radiopiu.net\/wordpress\/wp-content\/uploads\/2024\/12\/image_25c5d7bc.jpg\" data-dt-img-description=\"\" data-large_image_width=\"540\" data-large_image_height=\"810\"><img loading=\"lazy\" decoding=\"async\" class=\" wp-image-427259 alignleft\" src=\"https:\/\/www.radiopiu.net\/wordpress\/wp-content\/uploads\/2024\/12\/image_25c5d7bc-200x300.jpg\" alt=\"\" width=\"148\" height=\"222\" srcset=\"https:\/\/www.radiopiu.net\/wordpress\/wp-content\/uploads\/2024\/12\/image_25c5d7bc-200x300.jpg 200w, https:\/\/www.radiopiu.net\/wordpress\/wp-content\/uploads\/2024\/12\/image_25c5d7bc.jpg 540w\" sizes=\"auto, (max-width: 148px) 100vw, 148px\" \/><\/a>FALCADE<\/strong> Continua la programmazione con i grandi film del momento al Cinema Dolomiti di Falcade. Il 31 dicembre e l&#8217;1 e 2 gennaio verr\u00e0 proiettato il nuovo film Disney &#8220;Mufasa &#8211; Il Re Leone&#8221;. Nelle Terre del Branco della Tanzania, Simba e Nala hanno una figlia, Kiara. Rafiki racconta a Kiara la storia di suo nonno Mufasa, nato nel deserto della Namibia. Da piccolo, Mufasa viene trascinato via da un fiume in piena e salvato da Taka, un giovane leone del branco di Obasi. Per restare con loro, Mufasa affronta una gara di velocit\u00e0, vincendo grazie all&#8217;aiuto di Taka. I due crescono come fratelli, ma Obasi diffida di Mufasa, temendo che tradisca Taka. Durante un attacco di leoni bianchi, Mufasa dimostra coraggio uccidendo uno degli aggressori, ma ci\u00f2 scatena la vendetta del loro capo, Kiros. Per proteggere il branco, Obasi ordina a Mufasa e Taka di fuggire. In viaggio, incontrano Sarabi, Zazu e Rafiki. Mufasa si innamora di Sarabi, scatenando la gelosia di Taka, che si allea con Kiros. Arrivati al leggendario Milele, Mufasa guida gli animali contro gli Emarginati. Durante lo scontro, Taka tradisce Kiros, ma viene ferito, assumendo il nome &#8220;Scar&#8221;. Dopo la vittoria, Mufasa \u00e8 acclamato re. Tuttavia, Scar, pieno di rancore, si ritira nelle ombre. La storia si conclude con Kiara che narra le gesta di Mufasa al nuovo cucciolo di Simba e Nala.<\/p>\n<p><span style=\"color: #ff0000;\"><strong>SPETTACOLI ALLE 21, IL 01 GENNAIO ANCHE ALLE 15:30<\/strong><\/span><\/p>\n<p><strong>LA PRESENTAZIONE A CURA DI PAOLA LANCIATO<\/strong><\/p>\n<audio class=\"wp-audio-shortcode\" id=\"audio-427129-21\" preload=\"none\" style=\"width: 100%;\" controls=\"controls\"><source type=\"audio\/mpeg\" src=\"https:\/\/www.radiopiu.net\/wordpress\/wp-content\/uploads\/2024\/12\/MUFASA-IL-RE-LEONE.mp3?_=21\" \/><a href=\"https:\/\/www.radiopiu.net\/wordpress\/wp-content\/uploads\/2024\/12\/MUFASA-IL-RE-LEONE.mp3\">https:\/\/www.radiopiu.net\/wordpress\/wp-content\/uploads\/2024\/12\/MUFASA-IL-RE-LEONE.mp3<\/a><\/audio>\n<p>&nbsp;<\/p>\n<hr \/>\n<p>&nbsp;<\/p>\n<p>&nbsp;<\/p>\n<p>https:\/\/www.youtube.com\/watch?v=xi8ZociTPxs<\/p>\n<p>&nbsp;<\/p>\n<hr \/>\n<p>&nbsp;<\/p>\n<blockquote>\n<h2>Te deum&#8230; di JOHN FRANCIS DELLA PIETRA<\/h2>\n<\/blockquote>\n<p>&nbsp;<\/p>\n<p>&nbsp;<\/p>\n<div class=\"flex-shrink-0 flex flex-col relative items-end\">\n<div>\n<div class=\"pt-0\">\n<div class=\"gizmo-bot-avatar flex h-8 w-8 items-center justify-center overflow-hidden rounded-full\">\n<div class=\"relative p-1 rounded-sm flex items-center justify-center bg-token-main-surface-primary text-token-text-primary h-8 w-8\"><\/div>\n<\/div>\n<\/div>\n<\/div>\n<\/div>\n<div class=\"group\/conversation-turn relative flex w-full min-w-0 flex-col agent-turn\">\n<div class=\"flex-col gap-1 md:gap-3\">\n<div class=\"flex max-w-full flex-col flex-grow\">\n<div class=\"min-h-8 text-message flex w-full flex-col items-end gap-2 whitespace-normal break-words text-start [.text-message+&amp;]:mt-5\" dir=\"auto\" data-message-author-role=\"assistant\" data-message-id=\"a57c4801-54de-4381-bca5-809c7deef3b0\" data-message-model-slug=\"gpt-4o\">\n<div class=\"flex w-full flex-col gap-1 empty:hidden first:pt-[3px]\">\n<div class=\"markdown prose w-full break-words dark:prose-invert dark\">\n<blockquote><p><em><img loading=\"lazy\" decoding=\"async\" class=\"alignleft\" src=\"https:\/\/www.radiopiu.net\/wordpress\/wp-content\/uploads\/2024\/12\/abb795a4-7e91-4dab-83c7-e5a200f8782a-300x300.webp\" width=\"171\" height=\"171\" \/>&#8220;Te Deum: Lode e Gratitudine al 2024&#8221;.\u00a0 Un momento di preghiera e ringraziamento per i benefici ricevuti e le persone care. Voci, suoni e silenzi si elevano a suggellare il 2024 con gioia.<\/em><\/p><\/blockquote>\n<\/div>\n<\/div>\n<\/div>\n<\/div>\n<\/div>\n<\/div>\n<p><strong>di JOHN FRANCIS DELLA PIETRA<\/strong><\/p>\n<p>&nbsp;<\/p>\n<p>L inno di lode<br \/>\nDi ringraziamento<br \/>\nPer l anno trascorso<br \/>\nRisuoner\u00e0 in tutte le chiese<br \/>\nE nei nostri cuori<br \/>\nRicorderemo nella prece<br \/>\nI benefici che ci sono stati donati<br \/>\nE tutte le persone a noi care<br \/>\nSar\u00e0 un attimo breve ma intenso<br \/>\nA suggello del 2024<br \/>\nOve voci suoni e silenzi<br \/>\nSaliranno con gioia<br \/>\nLass\u00f9 da<br \/>\n&#8230;te deum&#8230;<\/p>\n<p>&nbsp;<\/p>\n<hr \/>\n<p>&nbsp;<\/p>\n<p>&nbsp;<\/p>\n<hr \/>\n<p>&nbsp;<\/p>\n<h2><span style=\"color: #ff0000;\"><a class=\"dt-pswp-item\" href=\"https:\/\/www.radiopiu.net\/wordpress\/wp-content\/uploads\/2018\/09\/appuntamenti.jpeg\" data-dt-img-description=\"\" data-large_image_width=\"800\" data-large_image_height=\"100\"><img loading=\"lazy\" decoding=\"async\" class=\"wp-image-61958 size-full aligncenter\" src=\"https:\/\/www.radiopiu.net\/wordpress\/wp-content\/uploads\/2018\/09\/appuntamenti.jpeg\" alt=\"\" width=\"800\" height=\"100\" srcset=\"https:\/\/www.radiopiu.net\/wordpress\/wp-content\/uploads\/2018\/09\/appuntamenti.jpeg 800w, https:\/\/www.radiopiu.net\/wordpress\/wp-content\/uploads\/2018\/09\/appuntamenti-300x38.jpeg 300w, https:\/\/www.radiopiu.net\/wordpress\/wp-content\/uploads\/2018\/09\/appuntamenti-768x96.jpeg 768w\" sizes=\"auto, (max-width: 800px) 100vw, 800px\" \/><\/a><\/span><\/h2>\n<div dir=\"auto\"><strong>AL CINEMA DOLOMITI DI FALCADE LE GRANDI PELLICOLE DEL MOMENTO. OGGI VERRA&#8217; PROIETTATO IL FILM &#8220;CORTINA EXPRESS&#8221;. SPETTACOLO ALLE 21<\/strong><\/div>\n<div class=\"xdj266r x11i5rnm xat24cr x1mh8g0r x1vvkbs x126k92a\">\n<div dir=\"auto\"><\/div>\n<\/div>\n<div>\n<div class=\"\" dir=\"auto\">\n<div id=\":r9h:\" class=\"x1iorvi4 x1pi30zi x1l90r2v x1swvt13\" data-ad-comet-preview=\"message\" data-ad-preview=\"message\">\n<div>\n<div class=\"\" dir=\"auto\">\n<div id=\":r9h:\" class=\"x1iorvi4 x1pi30zi x1l90r2v x1swvt13\" data-ad-comet-preview=\"message\" data-ad-preview=\"message\">\n<div class=\"xdj266r x11i5rnm xat24cr x1mh8g0r x1vvkbs x126k92a\">\n<div dir=\"auto\"><\/div>\n<\/div>\n<div>\n<div class=\"\" dir=\"auto\">\n<div id=\":r9h:\" class=\"x1iorvi4 x1pi30zi x1l90r2v x1swvt13\" data-ad-comet-preview=\"message\" data-ad-preview=\"message\">\n<div>\n<div class=\"\" dir=\"auto\">\n<div id=\":r9h:\" class=\"x1iorvi4 x1pi30zi x1l90r2v x1swvt13\" data-ad-comet-preview=\"message\" data-ad-preview=\"message\">\n\n\t\t\t<style type='text\/css'>\n\t\t\t\t#gallery-3 {\n\t\t\t\t\tmargin: auto;\n\t\t\t\t}\n\t\t\t\t#gallery-3 .gallery-item {\n\t\t\t\t\tfloat: left;\n\t\t\t\t\tmargin-top: 10px;\n\t\t\t\t\ttext-align: center;\n\t\t\t\t\twidth: 25%;\n\t\t\t\t}\n\t\t\t\t#gallery-3 img {\n\t\t\t\t\tborder: 2px solid #cfcfcf;\n\t\t\t\t}\n\t\t\t\t#gallery-3 .gallery-caption {\n\t\t\t\t\tmargin-left: 0;\n\t\t\t\t}\n\t\t\t\t\/* see gallery_shortcode() in wp-includes\/media.php *\/\n\t\t\t<\/style>\n\t\t<div id='gallery-3' class='dt-gallery-container gallery galleryid-427129 gallery-columns-4 gallery-size-thumbnail'><dl class='gallery-item'>\n\t\t\t\t<dt class='gallery-icon portrait'>\n\t\t\t\t\t<a class=\"rollover rollover-zoom dt-pswp-item\" title=\"manifesto serate invernali\" data-dt-img-description=\"\" data-large_image_width=\"1683\" data-large_image_height=\"2383\"href='https:\/\/www.radiopiu.net\/wordpress\/wp-content\/uploads\/2024\/11\/manifesto-serate-invernali.jpg'><img loading=\"lazy\" decoding=\"async\" width=\"150\" height=\"150\" src=\"https:\/\/www.radiopiu.net\/wordpress\/wp-content\/uploads\/2024\/11\/manifesto-serate-invernali-150x150.jpg\" class=\"attachment-thumbnail size-thumbnail\" alt=\"\" aria-describedby=\"gallery-3-418816\" \/><\/a>\n\t\t\t\t<\/dt>\n\t\t\t\t\t<dd class='wp-caption-text gallery-caption' id='gallery-3-418816'>\n\t\t\t\t\t21 FEBBRAIO\n\t\t\t\t\t<\/dd><\/dl><dl class='gallery-item'>\n\t\t\t\t<dt class='gallery-icon portrait'>\n\t\t\t\t\t<a class=\"rollover rollover-zoom dt-pswp-item\" title=\"locandina Insieme e\u0300 piu\u0300 bello\" data-dt-img-description=\"\" data-large_image_width=\"1131\" data-large_image_height=\"1600\"href='https:\/\/www.radiopiu.net\/wordpress\/wp-content\/uploads\/2024\/11\/locandina-Insieme-e-piu-bello.jpg'><img loading=\"lazy\" decoding=\"async\" width=\"150\" height=\"150\" src=\"https:\/\/www.radiopiu.net\/wordpress\/wp-content\/uploads\/2024\/11\/locandina-Insieme-e-piu-bello-150x150.jpg\" class=\"attachment-thumbnail size-thumbnail\" alt=\"\" aria-describedby=\"gallery-3-421314\" \/><\/a>\n\t\t\t\t<\/dt>\n\t\t\t\t\t<dd class='wp-caption-text gallery-caption' id='gallery-3-421314'>\n\t\t\t\t\tINSIEME A SAN GREGORIO\n\t\t\t\t\t<\/dd><\/dl><dl class='gallery-item'>\n\t\t\t\t<dt class='gallery-icon portrait'>\n\t\t\t\t\t<a class=\"rollover rollover-zoom dt-pswp-item\" title=\"0073db61-77c4-47e3-8986-5b9d5f40fa8a\" data-dt-img-description=\"\" data-large_image_width=\"1448\" data-large_image_height=\"2048\"href='https:\/\/www.radiopiu.net\/wordpress\/wp-content\/uploads\/2024\/12\/0073db61-77c4-47e3-8986-5b9d5f40fa8a.jpg'><img loading=\"lazy\" decoding=\"async\" width=\"150\" height=\"150\" src=\"https:\/\/www.radiopiu.net\/wordpress\/wp-content\/uploads\/2024\/12\/0073db61-77c4-47e3-8986-5b9d5f40fa8a-150x150.jpg\" class=\"attachment-thumbnail size-thumbnail\" alt=\"\" aria-describedby=\"gallery-3-422994\" \/><\/a>\n\t\t\t\t<\/dt>\n\t\t\t\t\t<dd class='wp-caption-text gallery-caption' id='gallery-3-422994'>\n\t\t\t\t\tNATALE A LA VALLE\n\t\t\t\t\t<\/dd><\/dl><dl class='gallery-item'>\n\t\t\t\t<dt class='gallery-icon portrait'>\n\t\t\t\t\t<a class=\"rollover rollover-zoom dt-pswp-item\" title=\"cc14bd66-7d3b-4192-aabf-82af02057496\" data-dt-img-description=\"\" data-large_image_width=\"1448\" data-large_image_height=\"2048\"href='https:\/\/www.radiopiu.net\/wordpress\/wp-content\/uploads\/2024\/12\/cc14bd66-7d3b-4192-aabf-82af02057496.jpg'><img loading=\"lazy\" decoding=\"async\" width=\"150\" height=\"150\" src=\"https:\/\/www.radiopiu.net\/wordpress\/wp-content\/uploads\/2024\/12\/cc14bd66-7d3b-4192-aabf-82af02057496-150x150.jpg\" class=\"attachment-thumbnail size-thumbnail\" alt=\"\" aria-describedby=\"gallery-3-422993\" \/><\/a>\n\t\t\t\t<\/dt>\n\t\t\t\t\t<dd class='wp-caption-text gallery-caption' id='gallery-3-422993'>\n\t\t\t\t\tNATALE A LA VALLE\n\t\t\t\t\t<\/dd><\/dl><br style=\"clear: both\" \/><dl class='gallery-item'>\n\t\t\t\t<dt class='gallery-icon landscape'>\n\t\t\t\t\t<a class=\"rollover rollover-zoom dt-pswp-item\" title=\"2e0045b9-30d0-4ed0-9e34-cff896fe6450\" data-dt-img-description=\"\" data-large_image_width=\"1280\" data-large_image_height=\"1280\"href='https:\/\/www.radiopiu.net\/wordpress\/wp-content\/uploads\/2024\/12\/2e0045b9-30d0-4ed0-9e34-cff896fe6450.jpg'><img loading=\"lazy\" decoding=\"async\" width=\"150\" height=\"150\" src=\"https:\/\/www.radiopiu.net\/wordpress\/wp-content\/uploads\/2024\/12\/2e0045b9-30d0-4ed0-9e34-cff896fe6450-150x150.jpg\" class=\"attachment-thumbnail size-thumbnail\" alt=\"\" aria-describedby=\"gallery-3-424006\" srcset=\"https:\/\/www.radiopiu.net\/wordpress\/wp-content\/uploads\/2024\/12\/2e0045b9-30d0-4ed0-9e34-cff896fe6450-150x150.jpg 150w, https:\/\/www.radiopiu.net\/wordpress\/wp-content\/uploads\/2024\/12\/2e0045b9-30d0-4ed0-9e34-cff896fe6450-300x300.jpg 300w, https:\/\/www.radiopiu.net\/wordpress\/wp-content\/uploads\/2024\/12\/2e0045b9-30d0-4ed0-9e34-cff896fe6450-1024x1024.jpg 1024w, https:\/\/www.radiopiu.net\/wordpress\/wp-content\/uploads\/2024\/12\/2e0045b9-30d0-4ed0-9e34-cff896fe6450-768x768.jpg 768w, https:\/\/www.radiopiu.net\/wordpress\/wp-content\/uploads\/2024\/12\/2e0045b9-30d0-4ed0-9e34-cff896fe6450.jpg 1280w\" sizes=\"auto, (max-width: 150px) 100vw, 150px\" \/><\/a>\n\t\t\t\t<\/dt>\n\t\t\t\t\t<dd class='wp-caption-text gallery-caption' id='gallery-3-424006'>\n\t\t\t\t\tCAPODANNO IN BIRRERIA\n\t\t\t\t\t<\/dd><\/dl><dl class='gallery-item'>\n\t\t\t\t<dt class='gallery-icon portrait'>\n\t\t\t\t\t<a class=\"rollover rollover-zoom dt-pswp-item\" title=\"1e189c5b-7e93-430e-965c-cb351f652e99\" data-dt-img-description=\"\" data-large_image_width=\"874\" data-large_image_height=\"1199\"href='https:\/\/www.radiopiu.net\/wordpress\/wp-content\/uploads\/2024\/12\/1e189c5b-7e93-430e-965c-cb351f652e99.jpg'><img loading=\"lazy\" decoding=\"async\" width=\"150\" height=\"150\" src=\"https:\/\/www.radiopiu.net\/wordpress\/wp-content\/uploads\/2024\/12\/1e189c5b-7e93-430e-965c-cb351f652e99-150x150.jpg\" class=\"attachment-thumbnail size-thumbnail\" alt=\"\" aria-describedby=\"gallery-3-425968\" \/><\/a>\n\t\t\t\t<\/dt>\n\t\t\t\t\t<dd class='wp-caption-text gallery-caption' id='gallery-3-425968'>\n\t\t\t\t\tALLA CASA DELLA GIOVENTU DI CAVIOLA\n\t\t\t\t\t<\/dd><\/dl><dl class='gallery-item'>\n\t\t\t\t<dt class='gallery-icon portrait'>\n\t\t\t\t\t<a class=\"rollover rollover-zoom dt-pswp-item\" title=\"9b5dcf5f-116e-4a59-b5d7-914bfda9423a\" data-dt-img-description=\"\" data-large_image_width=\"1131\" data-large_image_height=\"1600\"href='https:\/\/www.radiopiu.net\/wordpress\/wp-content\/uploads\/2024\/12\/9b5dcf5f-116e-4a59-b5d7-914bfda9423a.jpg'><img loading=\"lazy\" decoding=\"async\" width=\"150\" height=\"150\" src=\"https:\/\/www.radiopiu.net\/wordpress\/wp-content\/uploads\/2024\/12\/9b5dcf5f-116e-4a59-b5d7-914bfda9423a-150x150.jpg\" class=\"attachment-thumbnail size-thumbnail\" alt=\"\" aria-describedby=\"gallery-3-426348\" \/><\/a>\n\t\t\t\t<\/dt>\n\t\t\t\t\t<dd class='wp-caption-text gallery-caption' id='gallery-3-426348'>\n\t\t\t\t\tIN PISCINA AD AGORDO\n\t\t\t\t\t<\/dd><\/dl><dl class='gallery-item'>\n\t\t\t\t<dt class='gallery-icon portrait'>\n\t\t\t\t\t<a class=\"rollover rollover-zoom dt-pswp-item\" title=\"Locandina Emma Canton Roberto De Nart 11 gennaio 2025\" data-dt-img-description=\"\" data-large_image_width=\"1447\" data-large_image_height=\"2048\"href='https:\/\/www.radiopiu.net\/wordpress\/wp-content\/uploads\/2024\/12\/Locandina-Emma-Canton-Roberto-De-Nart-11-gennaio-2025.jpg'><img loading=\"lazy\" decoding=\"async\" width=\"150\" height=\"150\" src=\"https:\/\/www.radiopiu.net\/wordpress\/wp-content\/uploads\/2024\/12\/Locandina-Emma-Canton-Roberto-De-Nart-11-gennaio-2025-150x150.jpg\" class=\"attachment-thumbnail size-thumbnail\" alt=\"\" aria-describedby=\"gallery-3-426749\" \/><\/a>\n\t\t\t\t<\/dt>\n\t\t\t\t\t<dd class='wp-caption-text gallery-caption' id='gallery-3-426749'>\n\t\t\t\t\tCON ROBERTO DE NART\n\t\t\t\t\t<\/dd><\/dl><br style=\"clear: both\" \/><dl class='gallery-item'>\n\t\t\t\t<dt class='gallery-icon portrait'>\n\t\t\t\t\t<a class=\"rollover rollover-zoom dt-pswp-item\" title=\"concerto di inizio anno\" data-dt-img-description=\"\" data-large_image_width=\"1131\" data-large_image_height=\"1600\"href='https:\/\/www.radiopiu.net\/wordpress\/wp-content\/uploads\/2024\/12\/concerto-di-inizio-anno-.jpeg'><img loading=\"lazy\" decoding=\"async\" width=\"150\" height=\"150\" src=\"https:\/\/www.radiopiu.net\/wordpress\/wp-content\/uploads\/2024\/12\/concerto-di-inizio-anno--150x150.jpeg\" class=\"attachment-thumbnail size-thumbnail\" alt=\"\" aria-describedby=\"gallery-3-426978\" \/><\/a>\n\t\t\t\t<\/dt>\n\t\t\t\t\t<dd class='wp-caption-text gallery-caption' id='gallery-3-426978'>\n\t\t\t\t\tCONCERTO DI INIZIO ANNO\n\t\t\t\t\t<\/dd><\/dl><dl class='gallery-item'>\n\t\t\t\t<dt class='gallery-icon landscape'>\n\t\t\t\t\t<a class=\"rollover rollover-zoom dt-pswp-item\" title=\"fcf6f9a2-c8e2-48da-bcc7-20c5d5161e50\" data-dt-img-description=\"\" data-large_image_width=\"1080\" data-large_image_height=\"1080\"href='https:\/\/www.radiopiu.net\/wordpress\/wp-content\/uploads\/2024\/12\/fcf6f9a2-c8e2-48da-bcc7-20c5d5161e50.jpg'><img loading=\"lazy\" decoding=\"async\" width=\"150\" height=\"150\" src=\"https:\/\/www.radiopiu.net\/wordpress\/wp-content\/uploads\/2024\/12\/fcf6f9a2-c8e2-48da-bcc7-20c5d5161e50-150x150.jpg\" class=\"attachment-thumbnail size-thumbnail\" alt=\"\" aria-describedby=\"gallery-3-426994\" srcset=\"https:\/\/www.radiopiu.net\/wordpress\/wp-content\/uploads\/2024\/12\/fcf6f9a2-c8e2-48da-bcc7-20c5d5161e50-150x150.jpg 150w, https:\/\/www.radiopiu.net\/wordpress\/wp-content\/uploads\/2024\/12\/fcf6f9a2-c8e2-48da-bcc7-20c5d5161e50-300x300.jpg 300w, https:\/\/www.radiopiu.net\/wordpress\/wp-content\/uploads\/2024\/12\/fcf6f9a2-c8e2-48da-bcc7-20c5d5161e50-1024x1024.jpg 1024w, https:\/\/www.radiopiu.net\/wordpress\/wp-content\/uploads\/2024\/12\/fcf6f9a2-c8e2-48da-bcc7-20c5d5161e50-768x768.jpg 768w, https:\/\/www.radiopiu.net\/wordpress\/wp-content\/uploads\/2024\/12\/fcf6f9a2-c8e2-48da-bcc7-20c5d5161e50.jpg 1080w\" sizes=\"auto, (max-width: 150px) 100vw, 150px\" \/><\/a>\n\t\t\t\t<\/dt>\n\t\t\t\t\t<dd class='wp-caption-text gallery-caption' id='gallery-3-426994'>\n\t\t\t\t\tA SAN TOMASO\n\t\t\t\t\t<\/dd><\/dl><dl class='gallery-item'>\n\t\t\t\t<dt class='gallery-icon portrait'>\n\t\t\t\t\t<a class=\"rollover rollover-zoom dt-pswp-item\" title=\"Gennaio\" data-dt-img-description=\"\" data-large_image_width=\"841\" data-large_image_height=\"1190\"href='https:\/\/www.radiopiu.net\/wordpress\/wp-content\/uploads\/2024\/12\/Gennaio.jpg'><img loading=\"lazy\" decoding=\"async\" width=\"150\" height=\"150\" src=\"https:\/\/www.radiopiu.net\/wordpress\/wp-content\/uploads\/2024\/12\/Gennaio-150x150.jpg\" class=\"attachment-thumbnail size-thumbnail\" alt=\"\" aria-describedby=\"gallery-3-427015\" \/><\/a>\n\t\t\t\t<\/dt>\n\t\t\t\t\t<dd class='wp-caption-text gallery-caption' id='gallery-3-427015'>\n\t\t\t\t\tA GENNAIO A FELTRE\n\t\t\t\t\t<\/dd><\/dl><dl class='gallery-item'>\n\t\t\t\t<dt class='gallery-icon portrait'>\n\t\t\t\t\t<a class=\"rollover rollover-zoom dt-pswp-item\" title=\"Mostra_Calalzo_Disegni_e_Poesie_dal_20_dicembre\" data-dt-img-description=\"\" data-large_image_width=\"595\" data-large_image_height=\"841\"href='https:\/\/www.radiopiu.net\/wordpress\/wp-content\/uploads\/2024\/12\/Mostra_Calalzo_Disegni_e_Poesie_dal_20_dicembre.jpg'><img loading=\"lazy\" decoding=\"async\" width=\"150\" height=\"150\" src=\"https:\/\/www.radiopiu.net\/wordpress\/wp-content\/uploads\/2024\/12\/Mostra_Calalzo_Disegni_e_Poesie_dal_20_dicembre-150x150.jpg\" class=\"attachment-thumbnail size-thumbnail\" alt=\"\" aria-describedby=\"gallery-3-427077\" \/><\/a>\n\t\t\t\t<\/dt>\n\t\t\t\t\t<dd class='wp-caption-text gallery-caption' id='gallery-3-427077'>\n\t\t\t\t\tA CALALZO DI CADORE\n\t\t\t\t\t<\/dd><\/dl><br style=\"clear: both\" \/><dl class='gallery-item'>\n\t\t\t\t<dt class='gallery-icon portrait'>\n\t\t\t\t\t<a class=\"rollover rollover-zoom dt-pswp-item\" title=\"PAVARUI 2025\" data-dt-img-description=\"\" data-large_image_width=\"1414\" data-large_image_height=\"2000\"href='https:\/\/www.radiopiu.net\/wordpress\/wp-content\/uploads\/2024\/12\/PAVARUI-2025.png'><img loading=\"lazy\" decoding=\"async\" width=\"150\" height=\"150\" src=\"https:\/\/www.radiopiu.net\/wordpress\/wp-content\/uploads\/2024\/12\/PAVARUI-2025-150x150.png\" class=\"attachment-thumbnail size-thumbnail\" alt=\"\" aria-describedby=\"gallery-3-427237\" \/><\/a>\n\t\t\t\t<\/dt>\n\t\t\t\t\t<dd class='wp-caption-text gallery-caption' id='gallery-3-427237'>\n\t\t\t\t\tI PAVARUI A CENCENIGHE\n\t\t\t\t\t<\/dd><\/dl><dl class='gallery-item'>\n\t\t\t\t<dt class='gallery-icon portrait'>\n\t\t\t\t\t<a class=\"rollover rollover-zoom dt-pswp-item\" title=\"11 gennaio 2025 (2)\" data-dt-img-description=\"\" data-large_image_width=\"1414\" data-large_image_height=\"2000\"href='https:\/\/www.radiopiu.net\/wordpress\/wp-content\/uploads\/2024\/12\/11-gennaio-2025-2.jpg'><img loading=\"lazy\" decoding=\"async\" width=\"150\" height=\"150\" src=\"https:\/\/www.radiopiu.net\/wordpress\/wp-content\/uploads\/2024\/12\/11-gennaio-2025-2-150x150.jpg\" class=\"attachment-thumbnail size-thumbnail\" alt=\"\" aria-describedby=\"gallery-3-427238\" \/><\/a>\n\t\t\t\t<\/dt>\n\t\t\t\t\t<dd class='wp-caption-text gallery-caption' id='gallery-3-427238'>\n\t\t\t\t\tAL NOF FILO DI CENCENIGHE\n\t\t\t\t\t<\/dd><\/dl>\n\t\t\t\t<br style='clear: both' \/>\n\t\t\t<\/div>\n\n<\/div>\n<\/div>\n<\/div>\n<p>&nbsp;<\/p>\n<\/div>\n<\/div>\n<\/div>\n<\/div>\n<\/div>\n<\/div>\n<\/div>\n<\/div>\n<\/div>\n<p>&nbsp;<\/p>\n<div>\n<div class=\"\" dir=\"auto\">\n<div id=\":r9h:\" class=\"x1iorvi4 x1pi30zi x1l90r2v x1swvt13\" data-ad-comet-preview=\"message\" data-ad-preview=\"message\"><\/div>\n<\/div>\n<\/div>\n<p>&nbsp;<\/p>\n<hr \/>\n<p>&nbsp;<\/p>\n<p class=\"mceTemp\"><a class=\"dt-pswp-item\" href=\"https:\/\/www.radiopiu.net\/wordpress\/wp-content\/uploads\/2018\/09\/WhatsApp-Image-2018-09-20-at-16.04.06.jpeg\" data-dt-img-description=\"\" data-large_image_width=\"800\" data-large_image_height=\"100\"><img loading=\"lazy\" decoding=\"async\" class=\"wp-image-61378 size-full aligncenter\" src=\"https:\/\/www.radiopiu.net\/wordpress\/wp-content\/uploads\/2018\/09\/WhatsApp-Image-2018-09-20-at-16.04.06.jpeg\" alt=\"\" width=\"800\" height=\"100\" srcset=\"https:\/\/www.radiopiu.net\/wordpress\/wp-content\/uploads\/2018\/09\/WhatsApp-Image-2018-09-20-at-16.04.06.jpeg 800w, https:\/\/www.radiopiu.net\/wordpress\/wp-content\/uploads\/2018\/09\/WhatsApp-Image-2018-09-20-at-16.04.06-300x38.jpeg 300w, https:\/\/www.radiopiu.net\/wordpress\/wp-content\/uploads\/2018\/09\/WhatsApp-Image-2018-09-20-at-16.04.06-768x96.jpeg 768w\" sizes=\"auto, (max-width: 800px) 100vw, 800px\" \/><\/a><\/p>\n<p><center><\/center><center><\/center><center><b>\u00a0<\/b><\/center><center><b>OGGI<\/b><\/center>Sempre ben soleggiato, stabile, con ottima visibilit\u00e0 in quota. Rispetto ai giorni precedenti non si potr\u00e0 escludere la formazione di foschie o di locali banchi di nebbia nei fondovalle prealpini nelle ore pi\u00f9 fredde specie tra la notte e le prime ore di mercoled\u00ec.<br \/>\n<b>Precipitazioni: <\/b>Assenti<br \/>\n<b>Temperature: <\/b>In quota in lieve o contenuto calo; nelle valli senza variazioni di rilievo o in lieve calo.<\/p>\n<hr \/>\n<p><center><b>DOMANI<\/b><\/center>Ancora una giornata di sole con cielo generalmente sereno, aria limpida e ottima visibilit\u00e0 specie in quota e sulle Dolomiti con l&#8217;arrivo di una modesta nuvolosit\u00e0 alta dalla tarda sera. Possibili foschie e nebbie mattutine e qualche nube bassa in Valbelluna, in dissolvimento dopo il sorgere del sole in nuova formazione dopo il tramonto.<br \/>\n<b>Precipitazioni: <\/b>Assenti<br \/>\n<b>Temperature: <\/b>In lieve calo specie in quota con ulteriore leggera attenuazione dell&#8217;inversione termica.<\/p>\n<hr \/>\n<p><center><b>GIOVEDI<\/b><\/center>Sulle Dolomiti perlopi\u00f9 da soleggiato a parzialmente soleggiato al mattino per nubi alte, maggiormente nuvoloso per nubi medio-alte al pomeriggio\/sera; sulle Prealpi prevalentemente nuvoloso per probabile presenza di nebbie o nubi basse, localmente anche persistenti nelle ore diurne, oltre alle nubi medio alte pomeridiane; non esclusa qualche sporadica e debole precipitazione, eventualmente nevosa oltre i 700-1000 m. Temperature in calo quasi ovunque specie in alta montagna, salvo dei locali lievi aumenti delle minime nelle valli interessate dalle nubi basse; attenuazione dell&#8217;inversione termica notturna.<\/p>\n<hr \/>\n<p><center><b>VENERDI<\/b><\/center>Giornata variabile con cielo in genere nuvoloso o molto nuvoloso al mattino e a inizio pomeriggio con fenomeni molto scarsi o assenti, eventualmente nevosi fino a 700-1000 m; possibili schiarite nel corso del pomeriggio\/sera. Temperature in ulteriore diminuzione con clima pi\u00f9 freddo rispetto ai giorni precedenti.<\/p>\n<p>&nbsp;<\/p>\n<p>&nbsp;<\/p>\n<hr \/>\n<p>&nbsp;<\/p>\n<p>&nbsp;<\/p>\n<p class=\"mceTemp\"><a class=\"dt-pswp-item\" href=\"https:\/\/www.radiopiu.net\/wordpress\/wp-content\/uploads\/2018\/09\/sport.jpg\" data-dt-img-description=\"\" data-large_image_width=\"800\" data-large_image_height=\"100\"><img loading=\"lazy\" decoding=\"async\" class=\"aligncenter wp-image-60761 size-full\" src=\"https:\/\/www.radiopiu.net\/wordpress\/wp-content\/uploads\/2018\/09\/sport.jpg\" alt=\"\" width=\"800\" height=\"100\" srcset=\"https:\/\/www.radiopiu.net\/wordpress\/wp-content\/uploads\/2018\/09\/sport.jpg 800w, https:\/\/www.radiopiu.net\/wordpress\/wp-content\/uploads\/2018\/09\/sport-300x38.jpg 300w, https:\/\/www.radiopiu.net\/wordpress\/wp-content\/uploads\/2018\/09\/sport-768x96.jpg 768w\" sizes=\"auto, (max-width: 800px) 100vw, 800px\" \/> <\/a><\/p>\n<p class=\"mceTemp\"><span style=\"color: #0000ff;\"><strong>\u00a0<\/strong><\/span><\/p>\n<p class=\"mceTemp\"><span style=\"color: #0000ff;\"><strong>HOCKEY SU GHIACCIO\u00a0<\/strong><\/span><\/p>\n<p>&nbsp;<\/p>\n<p>&nbsp;<\/p>\n<p><span style=\"color: #0000ff;\"><strong>CORSA CAMPESTRE<\/strong><\/span><\/p>\n<blockquote>\n<h3>LA SANTISSIMA SI VESTE DI TRICOLORE<\/h3>\n<\/blockquote>\n<p><a class=\"dt-pswp-item\" href=\"https:\/\/www.radiopiu.net\/wordpress\/wp-content\/uploads\/2024\/12\/La-Santissima-2023_il-vincitore_ISACCO-COSTA_immagine-credito-Alessandro-Sogne.jpg\" data-dt-img-description=\"\" data-large_image_width=\"1700\" data-large_image_height=\"1133\"><img loading=\"lazy\" decoding=\"async\" class=\" wp-image-427267 alignleft\" src=\"https:\/\/www.radiopiu.net\/wordpress\/wp-content\/uploads\/2024\/12\/La-Santissima-2023_il-vincitore_ISACCO-COSTA_immagine-credito-Alessandro-Sogne-300x200.jpg\" alt=\"\" width=\"204\" height=\"136\" srcset=\"https:\/\/www.radiopiu.net\/wordpress\/wp-content\/uploads\/2024\/12\/La-Santissima-2023_il-vincitore_ISACCO-COSTA_immagine-credito-Alessandro-Sogne-300x200.jpg 300w, https:\/\/www.radiopiu.net\/wordpress\/wp-content\/uploads\/2024\/12\/La-Santissima-2023_il-vincitore_ISACCO-COSTA_immagine-credito-Alessandro-Sogne-1024x682.jpg 1024w, https:\/\/www.radiopiu.net\/wordpress\/wp-content\/uploads\/2024\/12\/La-Santissima-2023_il-vincitore_ISACCO-COSTA_immagine-credito-Alessandro-Sogne-768x512.jpg 768w, https:\/\/www.radiopiu.net\/wordpress\/wp-content\/uploads\/2024\/12\/La-Santissima-2023_il-vincitore_ISACCO-COSTA_immagine-credito-Alessandro-Sogne-1536x1024.jpg 1536w, https:\/\/www.radiopiu.net\/wordpress\/wp-content\/uploads\/2024\/12\/La-Santissima-2023_il-vincitore_ISACCO-COSTA_immagine-credito-Alessandro-Sogne.jpg 1700w\" sizes=\"auto, (max-width: 204px) 100vw, 204px\" \/><\/a>Il 27 aprile 2025, Limana ospiter\u00e0 i Campionati Italiani Master di corsa in montagna, durante la quarta edizione della \u201cSantissima\u201d. Questo evento, giovane ma gi\u00e0 prestigioso, ha precedentemente assegnato titoli provinciali, regionali e triveneti, e ora si prepara a incoronare i campioni Master. Il percorso, lungo 8,5 km con 485 metri di dislivello, parte dal centro di Limana e arriva a Valpiana, attraversando sentieri tecnici ma corribili. Accanto ai Master gareggeranno anche atleti assoluti e giovani, su distanze ridotte. L\u2019organizzazione, guidata da BellunoAtletica e sostenuta dal comune e associazioni locali, mira a valorizzare la tradizione della corsa in montagna bellunese. Nelle edizioni precedenti hanno trionfato nomi illustri come Isacco Costa e Mihail Sirbu al maschile, e Emily Grace Collinge, Silvia Sangalli e Alessia Scaini al femminile.<\/p>\n<p>&nbsp;<\/p>\n<p>&nbsp;<\/p>\n","protected":false},"excerpt":{"rendered":"<p>******** &nbsp; LA\u00a0 APP PER IOS-IPHONE di Nicola Vettorello https:\/\/apps.apple.com\/it\/app\/radio-pi%C3%B9-emittente-agordina\/id1515939845 LA\u00a0 APP RADIO\u00a0 PER ANDROID di Nicola Vettorello https:\/\/play.google.com\/store\/apps\/details?id=net.radiopiu.iniko\u00a0\u00a0\u00a0 &nbsp; &nbsp; 41 anni fa,\u00a0 Floriano Pra, (sindaco di Alleghe dal 1970) ci ospitava nel suo ufficio in Comunit\u00e0 Montana concedendoci una prima lunga intervista. Era il Presidente dell&#8217;allora Comunit\u00e0 Montana Agordina a marchio Democrazia Cristiana,&hellip;<\/p>\n","protected":false},"author":4,"featured_media":427252,"comment_status":"closed","ping_status":"closed","sticky":false,"template":"","format":"standard","meta":{"_monsterinsights_skip_tracking":false,"_monsterinsights_sitenote_active":false,"_monsterinsights_sitenote_note":"","_monsterinsights_sitenote_category":0,"footnotes":""},"categories":[51,86,49],"tags":[],"class_list":["post-427129","post","type-post","status-publish","format-standard","has-post-thumbnail","hentry","category-evidenza-top","category-gr","category-news-18","category-51","category-86","category-49","description-off"],"img_url":"https:\/\/www.radiopiu.net\/wordpress\/wp-content\/uploads\/2024\/12\/db2b9371-42fd-404d-8a37-95f695d8e792.jpg","_links":{"self":[{"href":"https:\/\/www.radiopiu.net\/wordpress\/wp-json\/wp\/v2\/posts\/427129","targetHints":{"allow":["GET"]}}],"collection":[{"href":"https:\/\/www.radiopiu.net\/wordpress\/wp-json\/wp\/v2\/posts"}],"about":[{"href":"https:\/\/www.radiopiu.net\/wordpress\/wp-json\/wp\/v2\/types\/post"}],"author":[{"embeddable":true,"href":"https:\/\/www.radiopiu.net\/wordpress\/wp-json\/wp\/v2\/users\/4"}],"replies":[{"embeddable":true,"href":"https:\/\/www.radiopiu.net\/wordpress\/wp-json\/wp\/v2\/comments?post=427129"}],"version-history":[{"count":30,"href":"https:\/\/www.radiopiu.net\/wordpress\/wp-json\/wp\/v2\/posts\/427129\/revisions"}],"predecessor-version":[{"id":427338,"href":"https:\/\/www.radiopiu.net\/wordpress\/wp-json\/wp\/v2\/posts\/427129\/revisions\/427338"}],"wp:featuredmedia":[{"embeddable":true,"href":"https:\/\/www.radiopiu.net\/wordpress\/wp-json\/wp\/v2\/media\/427252"}],"wp:attachment":[{"href":"https:\/\/www.radiopiu.net\/wordpress\/wp-json\/wp\/v2\/media?parent=427129"}],"wp:term":[{"taxonomy":"category","embeddable":true,"href":"https:\/\/www.radiopiu.net\/wordpress\/wp-json\/wp\/v2\/categories?post=427129"},{"taxonomy":"post_tag","embeddable":true,"href":"https:\/\/www.radiopiu.net\/wordpress\/wp-json\/wp\/v2\/tags?post=427129"}],"curies":[{"name":"wp","href":"https:\/\/api.w.org\/{rel}","templated":true}]}}