{"id":427134,"date":"2024-12-30T05:34:21","date_gmt":"2024-12-30T04:34:21","guid":{"rendered":"https:\/\/www.radiopiu.net\/wordpress\/?p=427134"},"modified":"2024-12-30T06:47:41","modified_gmt":"2024-12-30T05:47:41","slug":"dillo-a-radio-piu-la-provincia-con-mentalita-da-serie-b","status":"publish","type":"post","link":"https:\/\/www.radiopiu.net\/wordpress\/dillo-a-radio-piu-la-provincia-con-mentalita-da-serie-b\/","title":{"rendered":"DILLO A RADIO PIU&#8230; La Provincia con mentalit\u00e0 da serie B"},"content":{"rendered":"<p>**<\/p>\n<p>&nbsp;<\/p>\n<blockquote><p><em>Mai\u00a0 sentito parlare di Dolomiti gardenesi? Badiote? Bolzanine o Trentine?<\/em><\/p><\/blockquote>\n<p><img loading=\"lazy\" decoding=\"async\" class=\"alignleft\" src=\"https:\/\/www.radiopiu.net\/wordpress\/wp-content\/uploads\/2024\/10\/Saucony_Dolomiti_Extreme_Trail-2024_credito-Giacomo_Bocola.jpg\" width=\"252\" height=\"168\" \/>In una lettera inviata a Radio Pi\u00f9, un ascoltatore ha espresso la sua opinione sulla gestione e promozione delle Dolomiti Bellunesi, criticando l&#8217;approccio provinciale e le scelte di branding.<\/p>\n<p>Secondo l&#8217;autore, identificare le Dolomiti come &#8220;Bellunesi&#8221; \u00e8 un errore che sminuisce l&#8217;unicit\u00e0 di questo patrimonio naturale, confondendo l&#8217;identit\u00e0 globale delle Dolomiti con un\u2019etichetta territoriale. &#8220;Esistono le Dolomiti di Recoaro, le Dolomiti del Sud, ma solo come similitudini. Le Dolomiti sono una e una sola, non serve specificare un nomignolo provinciale,&#8221; scrive.<\/p>\n<p>L&#8217;ascoltatore suggerisce che invece di investire in cartelli e marchi distintivi, sarebbe pi\u00f9 utile educare e informare il pubblico sull\u2019intero territorio dolomitico e la sua posizione. Riconosce, inoltre, il contributo delle province autonome di Bolzano e Trento nella promozione internazionale delle Dolomiti, che ha reso queste montagne celebri in tutto il mondo.<\/p>\n<p>Lo sfogo si conclude con un messaggio di amore per le Dolomiti: &#8220;W Le DOLOMITI&#8221;, sottolineando la necessit\u00e0 di una visione unitaria e pi\u00f9 inclusiva per valorizzare questo patrimonio naturale unico.<\/p>\n<p>&nbsp;<\/p>\n<blockquote>\n<h3>-DILLO A RADIO PIU&#8217;&#8230;MA LIVINALLONGO? GOSALDO? MONTE CROCE?<\/h3>\n<\/blockquote>\n<p>&nbsp;<\/p>\n<p><strong><a class=\"dt-pswp-item\" href=\"https:\/\/www.radiopiu.net\/wordpress\/wp-content\/uploads\/2024\/12\/PASSO-PORDOI-scaled.jpg\" data-dt-img-description=\"\" data-large_image_width=\"2560\" data-large_image_height=\"1709\"><img loading=\"lazy\" decoding=\"async\" class=\" wp-image-426997 alignleft\" src=\"https:\/\/www.radiopiu.net\/wordpress\/wp-content\/uploads\/2024\/12\/PASSO-PORDOI-300x200.jpg\" alt=\"\" width=\"197\" height=\"131\" srcset=\"https:\/\/www.radiopiu.net\/wordpress\/wp-content\/uploads\/2024\/12\/PASSO-PORDOI-300x200.jpg 300w, https:\/\/www.radiopiu.net\/wordpress\/wp-content\/uploads\/2024\/12\/PASSO-PORDOI-1024x684.jpg 1024w, https:\/\/www.radiopiu.net\/wordpress\/wp-content\/uploads\/2024\/12\/PASSO-PORDOI-768x513.jpg 768w, https:\/\/www.radiopiu.net\/wordpress\/wp-content\/uploads\/2024\/12\/PASSO-PORDOI-1536x1025.jpg 1536w, https:\/\/www.radiopiu.net\/wordpress\/wp-content\/uploads\/2024\/12\/PASSO-PORDOI-2048x1367.jpg 2048w\" sizes=\"auto, (max-width: 197px) 100vw, 197px\" \/><\/a>RICEVIAMO E PUBBLICHIAMO<\/strong><\/p>\n<p>1 &#8211; Ho letto l&#8217;articolo sui nuovi cartelli stradali con il brand Dolomiti Bellunesi, ma Livinalongo non \u00e8 un comune di confine?<\/p>\n<p>2 &#8211; E adesso partir\u00e0 la polemica manca il Pordoi e il Campolongo (Livinallongo)<\/p>\n<p>3 &#8211; Non \u00e8 che ci si sia dimenticati anche di Gosaldo &#8211; Passo Cereda?<\/p>\n<p>(FOTO: Wikipedia)<\/p>\n<p>4 &#8211; <span class=\"\"><span class=\"xt0psk2\"><a class=\"x1i10hfl xjbqb8w x1ejq31n xd10rxx x1sy0etr x17r0tee x972fbf xcfux6l x1qhh985 xm0m39n x9f619 x1ypdohk xt0psk2 xe8uvvx xdj266r x11i5rnm xat24cr x1mh8g0r xexx8yu x4uap5 x18d9i69 xkhd6sd x16tdsg8 x1hl2dhg xggy1nq x1a2a7pz x1heor9g x1sur9pj xkrqix3 x1s688f\" tabindex=\"0\" role=\"link\" href=\"https:\/\/www.facebook.com\/groups\/61488111720\/user\/1633002215\/?__cft__[0]=AZWkKx8stx06UODQw0qNJJU0d8KSRfWwidd-msmGABwEEhM41MWyGK7h_T2FP3UbxfaHASvtTh5I9Zbu1P2TJnIWfhhlV8ePKUMNxhyerspMMcLB7lf_2C9H8QIehd-S7rSzpwqdCkwtPvfXiGWTtfWpjEtmaWvMfWMcjgve6V-OShv73zoUTp7hf4VJfR2gugLQaF3kp7x4bMynRSFnpY_X&amp;__tn__=R]-R\" aria-hidden=\"false\"><span class=\"x3nfvp2\"><span class=\"x193iq5w xeuugli x13faqbe x1vvkbs x1xmvt09 x1lliihq x1s928wv xhkezso x1gmr53x x1cpjm7i x1fgarty x1943h6x x4zkp8e x676frb x1nxh6w3 x1sibtaa x1s688f xzsf02u\" dir=\"auto\">Moreno Geremetta<\/span><\/span><\/a>\u00a0<\/span><\/span>E poi aggiungo: Cima Banche? Gosaldo? Pordoi? Campolongo? Valparola?\u00a0 Passo di Monte Croce?<\/p>\n<p>5- <span class=\"\"><span class=\"xt0psk2\"><a class=\"x1i10hfl xjbqb8w x1ejq31n xd10rxx x1sy0etr x17r0tee x972fbf xcfux6l x1qhh985 xm0m39n x9f619 x1ypdohk xt0psk2 xe8uvvx xdj266r x11i5rnm xat24cr x1mh8g0r xexx8yu x4uap5 x18d9i69 xkhd6sd x16tdsg8 x1hl2dhg xggy1nq x1a2a7pz x1heor9g x1sur9pj xkrqix3 x1s688f\" tabindex=\"0\" role=\"link\" href=\"https:\/\/www.facebook.com\/groups\/61488111720\/user\/1051660298\/?__cft__[0]=AZWkKx8stx06UODQw0qNJJU0d8KSRfWwidd-msmGABwEEhM41MWyGK7h_T2FP3UbxfaHASvtTh5I9Zbu1P2TJnIWfhhlV8ePKUMNxhyerspMMcLB7lf_2C9H8QIehd-S7rSzpwqdCkwtPvfXiGWTtfWpjEtmaWvMfWMcjgve6V-OShv73zoUTp7hf4VJfR2gugLQaF3kp7x4bMynRSFnpY_X&amp;__tn__=R]-R\" aria-hidden=\"false\"><span class=\"x3nfvp2\"><span class=\"x193iq5w xeuugli x13faqbe x1vvkbs x1xmvt09 x1lliihq x1s928wv xhkezso x1gmr53x x1cpjm7i x1fgarty x1943h6x x4zkp8e x676frb x1nxh6w3 x1sibtaa x1s688f xzsf02u\" dir=\"auto\">Luis Bertagnin<\/span><\/span><\/a> <\/span><\/span>Praticamente i punti pi\u00f9 importanti dimenticati dalla stessa Belluno. Qualcuno dir\u00e0. Siete sempre a lamentarvi. Certo Tutto questo arriva con spaventoso, vergognoso e ignorante ritardo da parte nostra. Aggiungo che se viene continuamente e volutamente sbagliata la locazione geografica delle Dolomiti Bellunesi, la colpa \u00e8 solo di Belluno che ha acconsentito a tutto ci\u00f2 con un silenzio prolungato e spesso anche con complicit\u00e0. Meglio tardi che mai? Certo meglio tardi che mai. Ma fatto cos\u00ec adesso serve poco o niente. Intanto che stiamo qua a mettere i cartelli, nel frattempo \u00e8 scappata Sappada, e mentre tutti erano a compiangere a ovest la mutilazione di Belluno, il Trentino in silenzio a est si stava portando via la fetta della Marmolada alle spalle ignote dei bellunesi. Adesso c&#8217;\u00e8 la partita dei Comuni che hanno fatto il referendum. Se \u00e8 Sappada perch\u00e9 non pu\u00f2 farlo Cortina e gli altri? Il sudtirol lo ha gi\u00e0 messo in agenda nell&#8217;ordine del giorno ed \u00e8 pi\u00f9 forte del sappadino Friuli. Belluno \u00e8 destinata a sparire spartita tra le autonomie vicine e quello che resta se lo prender\u00e0 Treviso perch\u00e9 una provincia cos\u00ec non pu\u00f2 stare in piedi. Adesso continuIamo a mettere i cartelli dai\u00a0 Che sulle etichette del vino Trentino doc c&#8217;\u00e8 il pelmo<\/p>\n<p>6- <span class=\"\"><span class=\"xt0psk2\"><a class=\"x1i10hfl xjbqb8w x1ejq31n xd10rxx x1sy0etr x17r0tee x972fbf xcfux6l x1qhh985 xm0m39n x9f619 x1ypdohk xt0psk2 xe8uvvx xdj266r x11i5rnm xat24cr x1mh8g0r xexx8yu x4uap5 x18d9i69 xkhd6sd x16tdsg8 x1hl2dhg xggy1nq x1a2a7pz x1heor9g x1sur9pj xkrqix3 x1s688f\" tabindex=\"0\" role=\"link\" href=\"https:\/\/www.facebook.com\/groups\/61488111720\/user\/1017999810\/?__cft__[0]=AZWkKx8stx06UODQw0qNJJU0d8KSRfWwidd-msmGABwEEhM41MWyGK7h_T2FP3UbxfaHASvtTh5I9Zbu1P2TJnIWfhhlV8ePKUMNxhyerspMMcLB7lf_2C9H8QIehd-S7rSzpwqdCkwtPvfXiGWTtfWpjEtmaWvMfWMcjgve6V-OShv73zoUTp7hf4VJfR2gugLQaF3kp7x4bMynRSFnpY_X&amp;__tn__=R]-R\" aria-hidden=\"false\"><span class=\"x3nfvp2\"><span class=\"x193iq5w xeuugli x13faqbe x1vvkbs x1xmvt09 x1lliihq x1s928wv xhkezso x1gmr53x x1cpjm7i x1fgarty x1943h6x x4zkp8e x676frb x1nxh6w3 x1sibtaa x1s688f xzsf02u\" dir=\"auto\">Andrea Randy Dal Bo<\/span><\/span><\/a> <\/span><\/span>Come sempre in Italia funziona cos\u00ec. Quando si tratta di lavori della Pubblica Amministrazione, che siano essi Comunali, Provinciali, Regionali o Nazionali i prezzi lievitano a dismisura. Un cartello da 600\u20ac magicamente, costa 6000\u20ac. \u00c8 questa l&#8217;assurdit\u00e0. Certo, c&#8217;\u00e8 la progettazione, la realizzazione, la posa. Ma sono cmq cifre assurde. Soprattutto perch\u00e9 stiamo parlando di una cartello che di certo non migliorer\u00e0 i servizi, la viabilit\u00e0, o la manutenzione del territorio che a differenza dei paesi confinanti \u00e8 scarsa e visibilmente decadente.<\/p>\n<h3><\/h3>\n<p>&nbsp;<\/p>\n<p>&nbsp;<\/p>\n<p>&nbsp;<\/p>\n<p>**********<\/p>\n","protected":false},"excerpt":{"rendered":"<p>** &nbsp; Mai\u00a0 sentito parlare di Dolomiti gardenesi? Badiote? Bolzanine o Trentine? In una lettera inviata a Radio Pi\u00f9, un ascoltatore ha espresso la sua opinione sulla gestione e promozione delle Dolomiti Bellunesi, criticando l&#8217;approccio provinciale e le scelte di branding. Secondo l&#8217;autore, identificare le Dolomiti come &#8220;Bellunesi&#8221; \u00e8 un errore che sminuisce l&#8217;unicit\u00e0 di&hellip;<\/p>\n","protected":false},"author":4,"featured_media":412136,"comment_status":"closed","ping_status":"closed","sticky":false,"template":"","format":"standard","meta":{"_monsterinsights_skip_tracking":false,"_monsterinsights_sitenote_active":false,"_monsterinsights_sitenote_note":"","_monsterinsights_sitenote_category":0,"footnotes":""},"categories":[51,49],"tags":[],"class_list":["post-427134","post","type-post","status-publish","format-standard","has-post-thumbnail","hentry","category-evidenza-top","category-news-18","category-51","category-49","description-off"],"img_url":"https:\/\/www.radiopiu.net\/wordpress\/wp-content\/uploads\/2024\/10\/Saucony_Dolomiti_Extreme_Trail-2024_credito-Giacomo_Bocola.jpg","_links":{"self":[{"href":"https:\/\/www.radiopiu.net\/wordpress\/wp-json\/wp\/v2\/posts\/427134","targetHints":{"allow":["GET"]}}],"collection":[{"href":"https:\/\/www.radiopiu.net\/wordpress\/wp-json\/wp\/v2\/posts"}],"about":[{"href":"https:\/\/www.radiopiu.net\/wordpress\/wp-json\/wp\/v2\/types\/post"}],"author":[{"embeddable":true,"href":"https:\/\/www.radiopiu.net\/wordpress\/wp-json\/wp\/v2\/users\/4"}],"replies":[{"embeddable":true,"href":"https:\/\/www.radiopiu.net\/wordpress\/wp-json\/wp\/v2\/comments?post=427134"}],"version-history":[{"count":8,"href":"https:\/\/www.radiopiu.net\/wordpress\/wp-json\/wp\/v2\/posts\/427134\/revisions"}],"predecessor-version":[{"id":427184,"href":"https:\/\/www.radiopiu.net\/wordpress\/wp-json\/wp\/v2\/posts\/427134\/revisions\/427184"}],"wp:featuredmedia":[{"embeddable":true,"href":"https:\/\/www.radiopiu.net\/wordpress\/wp-json\/wp\/v2\/media\/412136"}],"wp:attachment":[{"href":"https:\/\/www.radiopiu.net\/wordpress\/wp-json\/wp\/v2\/media?parent=427134"}],"wp:term":[{"taxonomy":"category","embeddable":true,"href":"https:\/\/www.radiopiu.net\/wordpress\/wp-json\/wp\/v2\/categories?post=427134"},{"taxonomy":"post_tag","embeddable":true,"href":"https:\/\/www.radiopiu.net\/wordpress\/wp-json\/wp\/v2\/tags?post=427134"}],"curies":[{"name":"wp","href":"https:\/\/api.w.org\/{rel}","templated":true}]}}