{"id":427159,"date":"2024-12-30T05:17:12","date_gmt":"2024-12-30T04:17:12","guid":{"rendered":"https:\/\/www.radiopiu.net\/wordpress\/?p=427159"},"modified":"2024-12-30T05:29:02","modified_gmt":"2024-12-30T04:29:02","slug":"canoni-idrici-una-battaglia-epocale-per-belluno","status":"publish","type":"post","link":"https:\/\/www.radiopiu.net\/wordpress\/canoni-idrici-una-battaglia-epocale-per-belluno\/","title":{"rendered":"Canoni idrici, una battaglia epocale per Belluno"},"content":{"rendered":"<p>**<\/p>\n<blockquote>\n<h2><\/h2>\n<\/blockquote>\n<p><strong>DI GIANPAOLO BOTTACIN<\/strong><\/p>\n<p><a class=\"dt-pswp-item\" href=\"https:\/\/www.radiopiu.net\/wordpress\/wp-content\/uploads\/2023\/11\/BOTTACIN.png\" data-dt-img-description=\"\" data-large_image_width=\"591\" data-large_image_height=\"400\"><img loading=\"lazy\" decoding=\"async\" class=\"size-medium wp-image-362309 alignleft\" src=\"https:\/\/www.radiopiu.net\/wordpress\/wp-content\/uploads\/2023\/11\/BOTTACIN-300x203.png\" alt=\"\" width=\"300\" height=\"203\" srcset=\"https:\/\/www.radiopiu.net\/wordpress\/wp-content\/uploads\/2023\/11\/BOTTACIN-300x203.png 300w, https:\/\/www.radiopiu.net\/wordpress\/wp-content\/uploads\/2023\/11\/BOTTACIN.png 591w\" sizes=\"auto, (max-width: 300px) 100vw, 300px\" \/><\/a>Leggendo certe dichiarazioni si rimane quanto meno perplessi soprattutto se si \u00e8 bellunesi. Qui non si parla di un contributo come tanti altri. Qui si tratta di una vera e propria rivoluzione che per chi rappresenta le nostre comunit\u00e0 dovrebbe essere una battaglia fondamentale per sancire un principio sacrosanto. E cio\u00e8 che chi sfrutta la risorsa acqua e sappiamo quanto \u00e8 costato lo sfruttamento idroelettrico a noi bellunesi, deve incrementare in maniera sostanziosa la ricaduta economica sui nostri territori. Chi non ha capito questo, ovviamente non pu\u00f2 capire che si tratta di una battaglia storica. Sono arrivato in Regione quando i canoni idrici ammontavano a 7 milioni di euro. Poi, nel 2008 feci un emendamento per raddoppiarli. Ovviamente chi doveva versare il doppio fece ricorso ma lo perse. Dal 2014 l&#8217;intero gettito di questi canoni raddoppiato vengono incassati dall&#8217;ente Provincia. Analogamente nel 2020, dopo essere riuscito a modificare la legge nazionale con non poca difficolt\u00e0, feci approvare una legge regionale che incrementa sensibilmente la quota che i grandi produttori di energia idroelettrica devono versare nelle casse della Provincia. Altri 20 milioni all&#8217;anno. Ovviamente anche in questo caso i produttori di energia si sono opposti con ricorsi. Ricorsi presentati anche nelle altre regioni in cui sono state approvate leggi analoghe, in particolare Lombardia e Piemonte. Il tribunale competente per tali ricorsi \u00e8 il tribunale superiore delle acque pubbliche che purtroppo ha dei tempi molto lunghi, ma che ovviamente sono del tutto indipendenti dal sottoscritto. Ma stanno arrivando le sentenze rispetto a tali ricorsi anche nei confronti dei gestori che hanno gran parte delle centrali in provincia di Belluno. E nelle prime sentenze si legge chiaramente che il tribunale superiore delle acque pubbliche vuole &#8220;dare continuit\u00e0 a tale giurisprudenza&#8221;. Pertanto \u00e8 solo questione di tempo. Ma l&#8217;esito \u00e8 piuttosto scontato, come nel 2008. Lascia quindi perplessi che una battaglia di civilt\u00e0 con ricadute di decine di milioni di euro venga quasi ironizzata da parte di qualcuno. Stiamo parlando di una svolta epocale che ha pesanti ricadute positive nel bilancio dell&#8217;ente Provincia. Una battaglia, che qualcuno tende a sminuire, per nulla scontata e che purtroppo ho dovuto fare da solo.<\/p>\n","protected":false},"excerpt":{"rendered":"<p>** DI GIANPAOLO BOTTACIN Leggendo certe dichiarazioni si rimane quanto meno perplessi soprattutto se si \u00e8 bellunesi. Qui non si parla di un contributo come tanti altri. Qui si tratta di una vera e propria rivoluzione che per chi rappresenta le nostre comunit\u00e0 dovrebbe essere una battaglia fondamentale per sancire un principio sacrosanto. E cio\u00e8&hellip;<\/p>\n","protected":false},"author":4,"featured_media":382551,"comment_status":"closed","ping_status":"closed","sticky":false,"template":"","format":"standard","meta":{"_monsterinsights_skip_tracking":false,"_monsterinsights_sitenote_active":false,"_monsterinsights_sitenote_note":"","_monsterinsights_sitenote_category":0,"footnotes":""},"categories":[49],"tags":[],"class_list":["post-427159","post","type-post","status-publish","format-standard","has-post-thumbnail","hentry","category-news-18","category-49","description-off"],"img_url":"https:\/\/www.radiopiu.net\/wordpress\/wp-content\/uploads\/2024\/04\/BOTTACIN.png","_links":{"self":[{"href":"https:\/\/www.radiopiu.net\/wordpress\/wp-json\/wp\/v2\/posts\/427159","targetHints":{"allow":["GET"]}}],"collection":[{"href":"https:\/\/www.radiopiu.net\/wordpress\/wp-json\/wp\/v2\/posts"}],"about":[{"href":"https:\/\/www.radiopiu.net\/wordpress\/wp-json\/wp\/v2\/types\/post"}],"author":[{"embeddable":true,"href":"https:\/\/www.radiopiu.net\/wordpress\/wp-json\/wp\/v2\/users\/4"}],"replies":[{"embeddable":true,"href":"https:\/\/www.radiopiu.net\/wordpress\/wp-json\/wp\/v2\/comments?post=427159"}],"version-history":[{"count":1,"href":"https:\/\/www.radiopiu.net\/wordpress\/wp-json\/wp\/v2\/posts\/427159\/revisions"}],"predecessor-version":[{"id":427160,"href":"https:\/\/www.radiopiu.net\/wordpress\/wp-json\/wp\/v2\/posts\/427159\/revisions\/427160"}],"wp:featuredmedia":[{"embeddable":true,"href":"https:\/\/www.radiopiu.net\/wordpress\/wp-json\/wp\/v2\/media\/382551"}],"wp:attachment":[{"href":"https:\/\/www.radiopiu.net\/wordpress\/wp-json\/wp\/v2\/media?parent=427159"}],"wp:term":[{"taxonomy":"category","embeddable":true,"href":"https:\/\/www.radiopiu.net\/wordpress\/wp-json\/wp\/v2\/categories?post=427159"},{"taxonomy":"post_tag","embeddable":true,"href":"https:\/\/www.radiopiu.net\/wordpress\/wp-json\/wp\/v2\/tags?post=427159"}],"curies":[{"name":"wp","href":"https:\/\/api.w.org\/{rel}","templated":true}]}}