{"id":427192,"date":"2024-01-01T00:00:36","date_gmt":"2023-12-31T23:00:36","guid":{"rendered":"https:\/\/www.radiopiu.net\/wordpress\/?p=427192"},"modified":"2024-12-30T07:28:57","modified_gmt":"2024-12-30T06:28:57","slug":"2025-di-john-francis-della-pietra","status":"publish","type":"post","link":"https:\/\/www.radiopiu.net\/wordpress\/2025-di-john-francis-della-pietra\/","title":{"rendered":"2025 di  JOHN FRANCIS DELLA PIETRA"},"content":{"rendered":"<p>**<\/p>\n<p>&nbsp;<\/p>\n<blockquote><p><em><a class=\"dt-pswp-item\" href=\"https:\/\/www.radiopiu.net\/wordpress\/wp-content\/uploads\/2024\/12\/Senza-nome-123.png\" data-dt-img-description=\"\" data-large_image_width=\"389\" data-large_image_height=\"283\"><img loading=\"lazy\" decoding=\"async\" class=\" wp-image-427193 alignleft\" src=\"https:\/\/www.radiopiu.net\/wordpress\/wp-content\/uploads\/2024\/12\/Senza-nome-123-300x218.png\" alt=\"\" width=\"176\" height=\"128\" srcset=\"https:\/\/www.radiopiu.net\/wordpress\/wp-content\/uploads\/2024\/12\/Senza-nome-123-300x218.png 300w, https:\/\/www.radiopiu.net\/wordpress\/wp-content\/uploads\/2024\/12\/Senza-nome-123.png 389w\" sizes=\"auto, (max-width: 176px) 100vw, 176px\" \/><\/a>Il 2025 nasce nel silenzio, portando speranza, fede e carit\u00e0. Un augurio di salute, pace universale e introspezione per un anno che invita a costruire con virt\u00f9 e umilt\u00e0.<\/em><\/p><\/blockquote>\n<p><strong>2025 DI JHON FRANCIS DELLA PIETRA<\/strong><\/p>\n<p>Ecco il vecchio \u00e8 finito<br \/>\nS \u00e8 spento con un ultimo assordante ruggito<br \/>\nOr pian piano nel silenzio s ode il suo primo vagito<br \/>\nSta per iniziare<br \/>\nCon gioia lo vogliamo salutare<br \/>\nSperiamo liete novelle ci dia<br \/>\nE foriero di cose buone sia<br \/>\nNe ha necessit\u00e0<br \/>\nL intera umanit\u00e0<br \/>\nAnche pregnandosi d una novella umilt\u00e0<br \/>\nAscoltando il cuore e la ragione<br \/>\nPotremo fruire ancora d una genuina emozione<br \/>\nDella vita non sol l apparire<br \/>\nMa il costruire<br \/>\nPer il divenire<br \/>\nCos\u00ec ci si deve augurare<br \/>\nNel giovane anno di trovare<br \/>\nDentro di noi le miglior virt\u00f9<br \/>\nFermati un momento a ricercarle anche tu<br \/>\nLe fondamentali<br \/>\nPer i propositi e le promesse annuali<br \/>\nFede speranza e carit\u00e0<br \/>\nNon manchino mai in questo 2025 qua<br \/>\nE mentre ancor tutto tace<br \/>\nSi levi un anelito d universale pace<br \/>\nNon auspicher\u00f2 la venuta d effimere valute<br \/>\nMa per tutti voi un periodo di buona salute<br \/>\nEd anche a chi oggi festeggia gi\u00e0 il suo compleanno<br \/>\nDal profondo dell anima buon anno<\/p>\n<p>&nbsp;<\/p>\n<hr \/>\n<p>&nbsp;<\/p>\n","protected":false},"excerpt":{"rendered":"<p>** &nbsp; Il 2025 nasce nel silenzio, portando speranza, fede e carit\u00e0. Un augurio di salute, pace universale e introspezione per un anno che invita a costruire con virt\u00f9 e umilt\u00e0. 2025 DI JHON FRANCIS DELLA PIETRA Ecco il vecchio \u00e8 finito S \u00e8 spento con un ultimo assordante ruggito Or pian piano nel silenzio&hellip;<\/p>\n","protected":false},"author":4,"featured_media":427193,"comment_status":"closed","ping_status":"closed","sticky":false,"template":"","format":"standard","meta":{"_monsterinsights_skip_tracking":false,"_monsterinsights_sitenote_active":false,"_monsterinsights_sitenote_note":"","_monsterinsights_sitenote_category":0,"footnotes":""},"categories":[49],"tags":[],"class_list":["post-427192","post","type-post","status-publish","format-standard","has-post-thumbnail","hentry","category-news-18","category-49","description-off"],"img_url":"https:\/\/www.radiopiu.net\/wordpress\/wp-content\/uploads\/2024\/12\/Senza-nome-123.png","_links":{"self":[{"href":"https:\/\/www.radiopiu.net\/wordpress\/wp-json\/wp\/v2\/posts\/427192","targetHints":{"allow":["GET"]}}],"collection":[{"href":"https:\/\/www.radiopiu.net\/wordpress\/wp-json\/wp\/v2\/posts"}],"about":[{"href":"https:\/\/www.radiopiu.net\/wordpress\/wp-json\/wp\/v2\/types\/post"}],"author":[{"embeddable":true,"href":"https:\/\/www.radiopiu.net\/wordpress\/wp-json\/wp\/v2\/users\/4"}],"replies":[{"embeddable":true,"href":"https:\/\/www.radiopiu.net\/wordpress\/wp-json\/wp\/v2\/comments?post=427192"}],"version-history":[{"count":1,"href":"https:\/\/www.radiopiu.net\/wordpress\/wp-json\/wp\/v2\/posts\/427192\/revisions"}],"predecessor-version":[{"id":427194,"href":"https:\/\/www.radiopiu.net\/wordpress\/wp-json\/wp\/v2\/posts\/427192\/revisions\/427194"}],"wp:featuredmedia":[{"embeddable":true,"href":"https:\/\/www.radiopiu.net\/wordpress\/wp-json\/wp\/v2\/media\/427193"}],"wp:attachment":[{"href":"https:\/\/www.radiopiu.net\/wordpress\/wp-json\/wp\/v2\/media?parent=427192"}],"wp:term":[{"taxonomy":"category","embeddable":true,"href":"https:\/\/www.radiopiu.net\/wordpress\/wp-json\/wp\/v2\/categories?post=427192"},{"taxonomy":"post_tag","embeddable":true,"href":"https:\/\/www.radiopiu.net\/wordpress\/wp-json\/wp\/v2\/tags?post=427192"}],"curies":[{"name":"wp","href":"https:\/\/api.w.org\/{rel}","templated":true}]}}