{"id":427230,"date":"2024-12-30T10:40:41","date_gmt":"2024-12-30T09:40:41","guid":{"rendered":"https:\/\/www.radiopiu.net\/wordpress\/?p=427230"},"modified":"2024-12-30T10:40:41","modified_gmt":"2024-12-30T09:40:41","slug":"i-piani-della-provincia-per-il-2025-olimpiadi-legge-sulla-montagna-e-progetti-fcc","status":"publish","type":"post","link":"https:\/\/www.radiopiu.net\/wordpress\/i-piani-della-provincia-per-il-2025-olimpiadi-legge-sulla-montagna-e-progetti-fcc\/","title":{"rendered":"I PIANI DELLA PROVINCIA PER IL 2025: OLIMPIADI, LEGGE SULLA MONTAGNA E PROGETTI FCC"},"content":{"rendered":"<p>*******<\/p>\n<p>&nbsp;<\/p>\n<p><strong><a class=\"dt-pswp-item\" href=\"https:\/\/www.radiopiu.net\/wordpress\/wp-content\/uploads\/2021\/01\/palazzo-piloni-scaled.jpg\" data-dt-img-description=\"\" data-large_image_width=\"2560\" data-large_image_height=\"1440\"><img loading=\"lazy\" decoding=\"async\" class=\" wp-image-187016 alignleft\" src=\"https:\/\/www.radiopiu.net\/wordpress\/wp-content\/uploads\/2021\/01\/palazzo-piloni-300x169.jpg\" alt=\"\" width=\"249\" height=\"140\" srcset=\"https:\/\/www.radiopiu.net\/wordpress\/wp-content\/uploads\/2021\/01\/palazzo-piloni-300x169.jpg 300w, https:\/\/www.radiopiu.net\/wordpress\/wp-content\/uploads\/2021\/01\/palazzo-piloni-1024x576.jpg 1024w, https:\/\/www.radiopiu.net\/wordpress\/wp-content\/uploads\/2021\/01\/palazzo-piloni-768x432.jpg 768w, https:\/\/www.radiopiu.net\/wordpress\/wp-content\/uploads\/2021\/01\/palazzo-piloni-1536x864.jpg 1536w, https:\/\/www.radiopiu.net\/wordpress\/wp-content\/uploads\/2021\/01\/palazzo-piloni-2048x1152.jpg 2048w\" sizes=\"auto, (max-width: 249px) 100vw, 249px\" \/><\/a>BELLUNO<\/strong> Spopolamento da contrastare, occasione olimpica da cogliere in pieno per dare uno sviluppo ampio alla montagna, servizi da garantire alle terre alte. Sono i tre pilastri su cui si fondano i piani della Provincia per il 2025. \u00abPiani solidi, non solamente buoni propositi, come si \u00e8 soliti fare a fine anno. Perch\u00e9 il nostro territorio si merita uno sviluppo come quello della pianura e delle aree metropolitane\u00bb dice il presidente della Provincia di Belluno, Roberto Padrin. \u00abIl riconoscimento del valore della montagna, che sta prendendo corpo in una legge specifica, sia il primo tassello nella costruzione di condizioni concrete per la tutela e la crescita delle terre alte, nella consapevolezza che una montagna abitata e in salute porta beneficio anche alla pianura e alle aree metropolitane\u00bb. La Provincia guarda con un discreto ottimismo al 2025. Per effetto della legge sulla montagna che completer\u00e0 l\u2019iter parlamentare e anche per un progetto specifico che l\u2019amministrazione provinciale sta portando avanti sui Fondi di confine. \u00abSappiamo tutti quanto sia importante poter utilizzare almeno una parte di questi fondi per spesa corrente. Cosa che oggi non \u00e8 fattibile, per effetto delle regole interne del fondo stesso\u00bb premette il presidente Padrin. \u00abHo parlato a lungo con il ministro Calderoli, in occasione della Giornata internazionale della montagna, l\u201911 dicembre scorso, e gli ho spiegato nel dettaglio quali sono le esigenze del nostro territorio bellunese, sottolineando che un utilizzo in minima parte degli Fcc per spesa corrente strutturata sarebbe funzionale a garantire quei servizi che rendono la montagna pi\u00f9 semplice da abitare, pi\u00f9 attrattiva, pi\u00f9 forte contro lo spopolamento. Da parte sua non c\u2019\u00e8 stata una chiusura. Proprio per questo abbiamo sviluppato un progetto specifico diviso in tre filoni strutturati che \u00e8 gi\u00e0 stato inviato al ministro ed \u00e8 in attesa di risposta. Abbiamo pensato di proporre il finanziamento di \u201cInvesti Scuola\u201d, gli abbonamenti a prezzo calmierato per il trasporto degli studenti; il finanziamento di incentivi alle famiglie per la residenzialit\u00e0 in montagna, per abbattere i costi della vita di chi sceglie di rimanere nelle terre alte; e infine il finanziamento del fondo grandi eventi, per agevolare la creazione di tutte quelle iniziative di richiamo per il turismo, cos\u00ec da dare una mano al settore ricettivo. Si tratta di una proposta strutturata. Per il territorio sarebbe un\u2019autentica rivoluzione in grado di dare concretamente una mano sul fronte dei servizi\u00bb. Tra le prospettive 2025 non possono mancare le Olimpiadi e le Paralimpiadi. \u00abL\u2019anno prossimo sar\u00e0 quello che ci porter\u00e0 dritti ai Giochi e abbiamo il dovere di far s\u00ec che il nostro territorio possa cogliere appieno la grande opportunit\u00e0. Archiviate le divisioni di parte sulle Olimpiadi, cerchiamo di fare in modo di costruire una Legacy &#8211; infrastrutture stradali e sportive, nuova cultura dell\u2019accoglienza e visibilit\u00e0 della montagna bellunese &#8211; duratura e di prospettiva\u00bb sottolinea il presidente Padrin. \u00abNon possiamo nasconderci che un evento come quello olimpico \u00e8 unico nell\u2019attrarre finanziamenti che mai il nostro territorio ha visto in questa quantit\u00e0. Non ne avremo altri nel prossimo futuro, quindi abbiamo l\u2019obbligo di farli rendere al massimo\u00bb.<\/p>\n<p>&nbsp;<\/p>\n<p>&nbsp;<\/p>\n<p>**********<\/p>\n","protected":false},"excerpt":{"rendered":"<p>******* &nbsp; BELLUNO Spopolamento da contrastare, occasione olimpica da cogliere in pieno per dare uno sviluppo ampio alla montagna, servizi da garantire alle terre alte. Sono i tre pilastri su cui si fondano i piani della Provincia per il 2025. \u00abPiani solidi, non solamente buoni propositi, come si \u00e8 soliti fare a fine anno. Perch\u00e9&hellip;<\/p>\n","protected":false},"author":4,"featured_media":187016,"comment_status":"closed","ping_status":"closed","sticky":false,"template":"","format":"standard","meta":{"_monsterinsights_skip_tracking":false,"_monsterinsights_sitenote_active":false,"_monsterinsights_sitenote_note":"","_monsterinsights_sitenote_category":0,"footnotes":""},"categories":[49],"tags":[],"class_list":["post-427230","post","type-post","status-publish","format-standard","has-post-thumbnail","hentry","category-news-18","category-49","description-off"],"img_url":"https:\/\/www.radiopiu.net\/wordpress\/wp-content\/uploads\/2021\/01\/palazzo-piloni-scaled.jpg","_links":{"self":[{"href":"https:\/\/www.radiopiu.net\/wordpress\/wp-json\/wp\/v2\/posts\/427230","targetHints":{"allow":["GET"]}}],"collection":[{"href":"https:\/\/www.radiopiu.net\/wordpress\/wp-json\/wp\/v2\/posts"}],"about":[{"href":"https:\/\/www.radiopiu.net\/wordpress\/wp-json\/wp\/v2\/types\/post"}],"author":[{"embeddable":true,"href":"https:\/\/www.radiopiu.net\/wordpress\/wp-json\/wp\/v2\/users\/4"}],"replies":[{"embeddable":true,"href":"https:\/\/www.radiopiu.net\/wordpress\/wp-json\/wp\/v2\/comments?post=427230"}],"version-history":[{"count":1,"href":"https:\/\/www.radiopiu.net\/wordpress\/wp-json\/wp\/v2\/posts\/427230\/revisions"}],"predecessor-version":[{"id":427232,"href":"https:\/\/www.radiopiu.net\/wordpress\/wp-json\/wp\/v2\/posts\/427230\/revisions\/427232"}],"wp:featuredmedia":[{"embeddable":true,"href":"https:\/\/www.radiopiu.net\/wordpress\/wp-json\/wp\/v2\/media\/187016"}],"wp:attachment":[{"href":"https:\/\/www.radiopiu.net\/wordpress\/wp-json\/wp\/v2\/media?parent=427230"}],"wp:term":[{"taxonomy":"category","embeddable":true,"href":"https:\/\/www.radiopiu.net\/wordpress\/wp-json\/wp\/v2\/categories?post=427230"},{"taxonomy":"post_tag","embeddable":true,"href":"https:\/\/www.radiopiu.net\/wordpress\/wp-json\/wp\/v2\/tags?post=427230"}],"curies":[{"name":"wp","href":"https:\/\/api.w.org\/{rel}","templated":true}]}}