{"id":427247,"date":"2024-12-30T04:48:06","date_gmt":"2024-12-30T03:48:06","guid":{"rendered":"https:\/\/www.radiopiu.net\/wordpress\/?p=427247"},"modified":"2024-12-31T05:44:20","modified_gmt":"2024-12-31T04:44:20","slug":"ancora-una-giornata-impegnativa-per-il-suem-118-tra-interventi-sulle-piste-da-sci-malori-e-un-incidente","status":"publish","type":"post","link":"https:\/\/www.radiopiu.net\/wordpress\/ancora-una-giornata-impegnativa-per-il-suem-118-tra-interventi-sulle-piste-da-sci-malori-e-un-incidente\/","title":{"rendered":"ANCORA UNA GIORNATA IMPEGNATIVA PER IL SUEM 118 TRA INTERVENTI SULLE PISTE DA SCI, MALORI E UN INCIDENTE"},"content":{"rendered":"<p>******<\/p>\n<p>&nbsp;<\/p>\n<p><strong><a class=\"dt-pswp-item\" href=\"https:\/\/www.radiopiu.net\/wordpress\/wp-content\/uploads\/2024\/12\/db2b9371-42fd-404d-8a37-95f695d8e792.jpg\" data-dt-img-description=\"\" data-large_image_width=\"1150\" data-large_image_height=\"674\"><img loading=\"lazy\" decoding=\"async\" class=\" wp-image-427252 alignleft\" src=\"https:\/\/www.radiopiu.net\/wordpress\/wp-content\/uploads\/2024\/12\/db2b9371-42fd-404d-8a37-95f695d8e792-300x176.jpg\" alt=\"\" width=\"194\" height=\"114\" srcset=\"https:\/\/www.radiopiu.net\/wordpress\/wp-content\/uploads\/2024\/12\/db2b9371-42fd-404d-8a37-95f695d8e792-300x176.jpg 300w, https:\/\/www.radiopiu.net\/wordpress\/wp-content\/uploads\/2024\/12\/db2b9371-42fd-404d-8a37-95f695d8e792-1024x600.jpg 1024w, https:\/\/www.radiopiu.net\/wordpress\/wp-content\/uploads\/2024\/12\/db2b9371-42fd-404d-8a37-95f695d8e792-768x450.jpg 768w, https:\/\/www.radiopiu.net\/wordpress\/wp-content\/uploads\/2024\/12\/db2b9371-42fd-404d-8a37-95f695d8e792.jpg 1150w\" sizes=\"auto, (max-width: 194px) 100vw, 194px\" \/><\/a>REDAZIONE\u00a0<\/strong>Otto interventi nella giornata del Suem 118 appena conclusa. Alle 9:45 aveva gi\u00e0 fatto decollare l&#8217;elicottero Falco 2 che si \u00e8 diretto a Castello Tesino per soccorrere una donna che aveva accusato un malore. Poco dopo le 10 un incidente a Cesiomaggiore ha richiesto l&#8217;intervento di un&#8217;ambulanza per un uomo di 88 anni che si era fatto male. Paziente che \u00e8 stato trasferito a Feltre. L&#8217;elicottero Falco 1 \u00e8 volato al Rifugio Fertazza dove un uomo di 69 di Levante sul Seveso aveva accusato un malore ed \u00e8 stato prontamente traferito al nosocomio di Belluno. Alle 12:46 Falco 1 si \u00e8 alzato di nuovo in volo per soccorrere un minorenne che si era fatto male sulle piste del Lago Cavia a Falcade. Poco dopo \u00e8 stato il turno di Falco 2 che si \u00e8 diretto a Cortina per soccorrere uno sciatore di 43 anni. Sempre a Cortina, poco prima delle 15, una donna di Vigo Di Cadore \u00e8 stata soccorsa per un trauma cranico ed \u00e8 stata elitrasportata a Belluno. Subito dopo Falco 2 \u00e8 volato a San Vito per soccorrere un uomo di Treviso che aveva accusato un trauma al bacino. Ultimo intervento alle 16:14 con Falco 1 volato a Col Drusc\u00e8, Cortina, dove un 20enne romano si era fatto male. In tutti i casi i pazienti sono stati portati all&#8217;ospedale con un codice di media gravit\u00e0. In totale sono stati 16 gli interventi sulle piste da sci della provincia.<\/p>\n<p>&nbsp;<\/p>\n<p>&nbsp;<\/p>\n<p>&nbsp;<\/p>\n<p>*******<\/p>\n","protected":false},"excerpt":{"rendered":"<p>****** &nbsp; REDAZIONE\u00a0Otto interventi nella giornata del Suem 118 appena conclusa. Alle 9:45 aveva gi\u00e0 fatto decollare l&#8217;elicottero Falco 2 che si \u00e8 diretto a Castello Tesino per soccorrere una donna che aveva accusato un malore. Poco dopo le 10 un incidente a Cesiomaggiore ha richiesto l&#8217;intervento di un&#8217;ambulanza per un uomo di 88 anni&hellip;<\/p>\n","protected":false},"author":4,"featured_media":427252,"comment_status":"closed","ping_status":"closed","sticky":false,"template":"","format":"standard","meta":{"_monsterinsights_skip_tracking":false,"_monsterinsights_sitenote_active":false,"_monsterinsights_sitenote_note":"","_monsterinsights_sitenote_category":0,"footnotes":""},"categories":[51,49],"tags":[],"class_list":["post-427247","post","type-post","status-publish","format-standard","has-post-thumbnail","hentry","category-evidenza-top","category-news-18","category-51","category-49","description-off"],"img_url":"https:\/\/www.radiopiu.net\/wordpress\/wp-content\/uploads\/2024\/12\/db2b9371-42fd-404d-8a37-95f695d8e792.jpg","_links":{"self":[{"href":"https:\/\/www.radiopiu.net\/wordpress\/wp-json\/wp\/v2\/posts\/427247","targetHints":{"allow":["GET"]}}],"collection":[{"href":"https:\/\/www.radiopiu.net\/wordpress\/wp-json\/wp\/v2\/posts"}],"about":[{"href":"https:\/\/www.radiopiu.net\/wordpress\/wp-json\/wp\/v2\/types\/post"}],"author":[{"embeddable":true,"href":"https:\/\/www.radiopiu.net\/wordpress\/wp-json\/wp\/v2\/users\/4"}],"replies":[{"embeddable":true,"href":"https:\/\/www.radiopiu.net\/wordpress\/wp-json\/wp\/v2\/comments?post=427247"}],"version-history":[{"count":6,"href":"https:\/\/www.radiopiu.net\/wordpress\/wp-json\/wp\/v2\/posts\/427247\/revisions"}],"predecessor-version":[{"id":427306,"href":"https:\/\/www.radiopiu.net\/wordpress\/wp-json\/wp\/v2\/posts\/427247\/revisions\/427306"}],"wp:featuredmedia":[{"embeddable":true,"href":"https:\/\/www.radiopiu.net\/wordpress\/wp-json\/wp\/v2\/media\/427252"}],"wp:attachment":[{"href":"https:\/\/www.radiopiu.net\/wordpress\/wp-json\/wp\/v2\/media?parent=427247"}],"wp:term":[{"taxonomy":"category","embeddable":true,"href":"https:\/\/www.radiopiu.net\/wordpress\/wp-json\/wp\/v2\/categories?post=427247"},{"taxonomy":"post_tag","embeddable":true,"href":"https:\/\/www.radiopiu.net\/wordpress\/wp-json\/wp\/v2\/tags?post=427247"}],"curies":[{"name":"wp","href":"https:\/\/api.w.org\/{rel}","templated":true}]}}