{"id":427417,"date":"2024-12-31T10:51:02","date_gmt":"2024-12-31T09:51:02","guid":{"rendered":"https:\/\/www.radiopiu.net\/wordpress\/?p=427417"},"modified":"2024-12-31T10:51:02","modified_gmt":"2024-12-31T09:51:02","slug":"pionieri-del-nostro-territorio-un-messaggio-di-speranza-e-impegno","status":"publish","type":"post","link":"https:\/\/www.radiopiu.net\/wordpress\/pionieri-del-nostro-territorio-un-messaggio-di-speranza-e-impegno\/","title":{"rendered":"Pionieri del nostro territorio: un messaggio di speranza e impegno"},"content":{"rendered":"<p>&nbsp;<\/p>\n<blockquote><p><em><img loading=\"lazy\" decoding=\"async\" class=\"alignleft\" src=\"https:\/\/www.radiopiu.net\/wordpress\/wp-content\/uploads\/2021\/06\/8554eb80-bb6e-4752-a6d3-57aff91a2903.jpg\" width=\"210\" height=\"280\" \/>Il Capocomune di La Rocia, Valerio Davare, invita a guardare al futuro con entusiasmo e partecipazione. Valorizzare il nostro territorio, ammirare la sua bellezza e accogliere i turisti come arricchimento sono le chiavi per una comunit\u00e0 pi\u00f9 unita e prospera.<\/em><\/p><\/blockquote>\n<p><strong>IL SINDACO, VALERIO DAVARE<\/strong><\/p>\n<p>Sta per concludersi un anno sicuramente impegnativo per me e per tutta la nuova amministrazione, ma siamo determinati e contenti di esserci messi a disposizione della nostra comunit\u00e0. Nei nostri piccoli paesi \u00e8 bello notare ancora l&#8217;impegno e la voglia di fare dei nostri concittadini per rendere pi\u00f9 bello il nostro comune, abbellendo la propria casa con qualche decorazione, curare i particolari, tenere tutto in ordine e pulito. Penso anche alle decine di volontari che tutto l&#8217;anno vigilano su di noi: dai volontari Ambulanza, al Soccorso Alpino, ai Pompieri Volontari e a tutte quelle persone che con spirito altruista donano il loro tempo per la comunit\u00e0. Credete sia poco?!<br \/>\nTalvolta fermiamoci ad osservare il nostro territorio e la sua gente, apprezziamone la bellezza. Siamo troppo concentrati a lamentarci sulle cose che non vanno e rischiamo di non godere di questo assoluto spettacolo.<br \/>\n<a class=\"dt-pswp-item\" href=\"https:\/\/www.radiopiu.net\/wordpress\/wp-content\/uploads\/2024\/06\/VALERIO-DAVARE.png\" data-dt-img-description=\"\" data-large_image_width=\"513\" data-large_image_height=\"495\"><img loading=\"lazy\" decoding=\"async\" class=\"size-medium wp-image-393708 alignright\" src=\"https:\/\/www.radiopiu.net\/wordpress\/wp-content\/uploads\/2024\/06\/VALERIO-DAVARE-300x289.png\" alt=\"\" width=\"300\" height=\"289\" srcset=\"https:\/\/www.radiopiu.net\/wordpress\/wp-content\/uploads\/2024\/06\/VALERIO-DAVARE-300x289.png 300w, https:\/\/www.radiopiu.net\/wordpress\/wp-content\/uploads\/2024\/06\/VALERIO-DAVARE.png 513w\" sizes=\"auto, (max-width: 300px) 100vw, 300px\" \/><\/a>Lasciamo perdere gli &#8220;scoraggiatori militanti&#8221; o i &#8220;sottrattori di entusiasmo&#8221;, di chi ci dice che saremo gli ultimi e di considerarci dei &#8220;sopravvissuti&#8221; quasi fossimo una riserva indiana. Consideriamoci invece dei &#8220;pionieri&#8221; degli &#8220;sperimentatori&#8221;, che vogliono impegnarsi, investire e vivere nel proprio territorio. Pensiamo a tutti le persone che negli ultimi anni si sono trasferite a Rocca: decine di nuovi abitanti che credono nel nostro territorio e nelle sue enormi potenzialit\u00e0, anche turistiche.<br \/>\nIn questi giorni il nostro comune \u00e8 invaso da turisti provenienti da tutto il mondo: impariamo da loro. Impariamo a meravigliarci di tutto cio che ci circonda e che troppo spesso diamo per scontato, guardiamo con occhi nuovi i nostri paesi, i nostri boschi, la nostra gente, le nostre montagne.<br \/>\nDobbiamo imparare anche noi amministratori a governare turisticamente; non a servizio del turista, ma perch\u00e8 il turismo nel nostro territorio vuol dire tutto, vuol dire far bello tutto quello che ci circonda. Nella Costitutio di Siena del 1309 si legge &#8220;Chi governa deve avere a cuore massimamente la bellezza della citta, per cagione di diletto e allegrezza ai forestieri; per onore, prosperit\u00e0 e accrescimento della citt\u00e0 e dei cittadini&#8221;. Guardiamo quindi al turista non come ad uno sfruttatore ma a come un&#8217; esperienza, un arricchimento che ci permette di fare ancor pi\u00f9 bello il nostro territorio.<br \/>\nVi esorto quindi ad iniziare il prossimo anno con vivo entusiasmo, intraprendenza, e partecipazione alla vita della nostra comunit\u00e0; consideriamoci &#8220;pionieri&#8221; e non &#8220;sopravvissuti&#8221;.<br \/>\nQuando passeggerete nei nostri borghi e vedrete una casa vuota, penserete alla rovina o alla prospettiva? La risposta sta nella vostra coscienza&#8230;<br \/>\nQualcuno l&#8217;ha pure messo come titolo al proprio libro: &#8220;I pessimisti non fanno fortuna&#8221; &#8230;<\/p>\n<p>Bona fin e bon prinzipio<\/p>\n<p>L Capocomun de La Rocia<br \/>\nValerio Davare<\/p>\n<p>&nbsp;<\/p>\n<hr \/>\n<p>&nbsp;<\/p>\n","protected":false},"excerpt":{"rendered":"<p>&nbsp; Il Capocomune di La Rocia, Valerio Davare, invita a guardare al futuro con entusiasmo e partecipazione. Valorizzare il nostro territorio, ammirare la sua bellezza e accogliere i turisti come arricchimento sono le chiavi per una comunit\u00e0 pi\u00f9 unita e prospera. IL SINDACO, VALERIO DAVARE Sta per concludersi un anno sicuramente impegnativo per me e&hellip;<\/p>\n","protected":false},"author":4,"featured_media":215003,"comment_status":"closed","ping_status":"closed","sticky":false,"template":"","format":"standard","meta":{"_monsterinsights_skip_tracking":false,"_monsterinsights_sitenote_active":false,"_monsterinsights_sitenote_note":"","_monsterinsights_sitenote_category":0,"footnotes":""},"categories":[49],"tags":[],"class_list":["post-427417","post","type-post","status-publish","format-standard","has-post-thumbnail","hentry","category-news-18","category-49","description-off"],"img_url":"https:\/\/www.radiopiu.net\/wordpress\/wp-content\/uploads\/2021\/06\/8554eb80-bb6e-4752-a6d3-57aff91a2903.jpg","_links":{"self":[{"href":"https:\/\/www.radiopiu.net\/wordpress\/wp-json\/wp\/v2\/posts\/427417","targetHints":{"allow":["GET"]}}],"collection":[{"href":"https:\/\/www.radiopiu.net\/wordpress\/wp-json\/wp\/v2\/posts"}],"about":[{"href":"https:\/\/www.radiopiu.net\/wordpress\/wp-json\/wp\/v2\/types\/post"}],"author":[{"embeddable":true,"href":"https:\/\/www.radiopiu.net\/wordpress\/wp-json\/wp\/v2\/users\/4"}],"replies":[{"embeddable":true,"href":"https:\/\/www.radiopiu.net\/wordpress\/wp-json\/wp\/v2\/comments?post=427417"}],"version-history":[{"count":1,"href":"https:\/\/www.radiopiu.net\/wordpress\/wp-json\/wp\/v2\/posts\/427417\/revisions"}],"predecessor-version":[{"id":427418,"href":"https:\/\/www.radiopiu.net\/wordpress\/wp-json\/wp\/v2\/posts\/427417\/revisions\/427418"}],"wp:featuredmedia":[{"embeddable":true,"href":"https:\/\/www.radiopiu.net\/wordpress\/wp-json\/wp\/v2\/media\/215003"}],"wp:attachment":[{"href":"https:\/\/www.radiopiu.net\/wordpress\/wp-json\/wp\/v2\/media?parent=427417"}],"wp:term":[{"taxonomy":"category","embeddable":true,"href":"https:\/\/www.radiopiu.net\/wordpress\/wp-json\/wp\/v2\/categories?post=427417"},{"taxonomy":"post_tag","embeddable":true,"href":"https:\/\/www.radiopiu.net\/wordpress\/wp-json\/wp\/v2\/tags?post=427417"}],"curies":[{"name":"wp","href":"https:\/\/api.w.org\/{rel}","templated":true}]}}