{"id":427424,"date":"2024-12-31T11:57:46","date_gmt":"2024-12-31T10:57:46","guid":{"rendered":"https:\/\/www.radiopiu.net\/wordpress\/?p=427424"},"modified":"2024-12-31T11:57:46","modified_gmt":"2024-12-31T10:57:46","slug":"luca-zaia-ringrazia-coloro-che-garantiscono-serenita-sicurezza-e-salute-ai-cittadini","status":"publish","type":"post","link":"https:\/\/www.radiopiu.net\/wordpress\/luca-zaia-ringrazia-coloro-che-garantiscono-serenita-sicurezza-e-salute-ai-cittadini\/","title":{"rendered":"LUCA ZAIA RINGRAZIA COLORO CHE GARANTISCONO SERENITA&#8217;, SICUREZZA E SALUTE AI CITTADINI"},"content":{"rendered":"<p>*****<\/p>\n<p>&nbsp;<\/p>\n<p><strong><a class=\"dt-pswp-item\" href=\"https:\/\/www.radiopiu.net\/wordpress\/wp-content\/uploads\/2024\/08\/LUCA-ZAIA-COPERTINA.jpg\" data-dt-img-description=\"\" data-large_image_width=\"1600\" data-large_image_height=\"1143\"><img loading=\"lazy\" decoding=\"async\" class=\" wp-image-403496 alignleft\" src=\"https:\/\/www.radiopiu.net\/wordpress\/wp-content\/uploads\/2024\/08\/LUCA-ZAIA-COPERTINA-300x214.jpg\" alt=\"\" width=\"216\" height=\"154\" \/><\/a>VENEZIA <\/strong>\u201cIn occasione della fine dell\u2019anno, desidero rivolgere un sentito ringraziamento a tutte le donne e gli uomini che, con il loro lavoro, garantiscono serenit\u00e0, sicurezza e assistenza ai cittadini in queste giornate di festa e, in particolare, durante la serata di San Silvestro. Un pensiero speciale va al personale sanitario \u2013 medici, infermieri e operatori sociosanitari \u2013 che con dedizione assicurano cure e sostegno in ogni circostanza, spesso mettendo in secondo piano le proprie celebrazioni personali. Alle Forze dell\u2019Ordine e ai Vigili del Fuoco, che vigilano sulla sicurezza delle nostre comunit\u00e0, e a tutti coloro che, con impegno, coordinano e organizzano eventi per rendere questa serata indimenticabile e priva di rischi, va la nostra riconoscenza. Un ringraziamento va inoltre ai volontari della Protezione Civile e alle tante figure che operano silenziosamente per garantire servizi essenziali e supporto ai cittadini, anche nei momenti pi\u00f9 critici. Il vostro lavoro e la vostra forza rappresentano un esempio di dedizione e responsabilit\u00e0 verso il prossimo e sono motivo di orgoglio per tutta la comunit\u00e0 veneta. Desidero, infine, dedicare un pensiero di vicinanza e solidariet\u00e0 a chi, per motivi di salute o per il grande impegno nell\u2019assistenza di familiari malati, non potr\u00e0 vivere queste ore nella piena serenit\u00e0. A voi, che affrontate con coraggio e dignit\u00e0 le difficolt\u00e0 della vita, va il nostro abbraccio e il nostro impegno a costruire una societ\u00e0 che non lasci indietro nessuno. Augurando Buone Feste a tutti i cittadini, rinnovo il mio pensiero di gratitudine a chi, anche oggi, \u00e8 impegnato per garantire una societ\u00e0 sicura, solidale e umana.\u201d Sono le parole del Presidente della Regione del Veneto Luca Zaia, rivolte ai lavoratori impegnati in questo 31 dicembre, ultimo giorno dell\u2019anno.<\/p>\n<p>&nbsp;<\/p>\n<p>&nbsp;<\/p>\n<p>&nbsp;<\/p>\n<p>********<\/p>\n","protected":false},"excerpt":{"rendered":"<p>***** &nbsp; VENEZIA \u201cIn occasione della fine dell\u2019anno, desidero rivolgere un sentito ringraziamento a tutte le donne e gli uomini che, con il loro lavoro, garantiscono serenit\u00e0, sicurezza e assistenza ai cittadini in queste giornate di festa e, in particolare, durante la serata di San Silvestro. Un pensiero speciale va al personale sanitario \u2013 medici,&hellip;<\/p>\n","protected":false},"author":4,"featured_media":403496,"comment_status":"closed","ping_status":"closed","sticky":false,"template":"","format":"standard","meta":{"_monsterinsights_skip_tracking":false,"_monsterinsights_sitenote_active":false,"_monsterinsights_sitenote_note":"","_monsterinsights_sitenote_category":0,"footnotes":""},"categories":[49],"tags":[],"class_list":["post-427424","post","type-post","status-publish","format-standard","has-post-thumbnail","hentry","category-news-18","category-49","description-off"],"img_url":"https:\/\/www.radiopiu.net\/wordpress\/wp-content\/uploads\/2024\/08\/LUCA-ZAIA-COPERTINA-e1748664896238.jpg","_links":{"self":[{"href":"https:\/\/www.radiopiu.net\/wordpress\/wp-json\/wp\/v2\/posts\/427424","targetHints":{"allow":["GET"]}}],"collection":[{"href":"https:\/\/www.radiopiu.net\/wordpress\/wp-json\/wp\/v2\/posts"}],"about":[{"href":"https:\/\/www.radiopiu.net\/wordpress\/wp-json\/wp\/v2\/types\/post"}],"author":[{"embeddable":true,"href":"https:\/\/www.radiopiu.net\/wordpress\/wp-json\/wp\/v2\/users\/4"}],"replies":[{"embeddable":true,"href":"https:\/\/www.radiopiu.net\/wordpress\/wp-json\/wp\/v2\/comments?post=427424"}],"version-history":[{"count":1,"href":"https:\/\/www.radiopiu.net\/wordpress\/wp-json\/wp\/v2\/posts\/427424\/revisions"}],"predecessor-version":[{"id":427428,"href":"https:\/\/www.radiopiu.net\/wordpress\/wp-json\/wp\/v2\/posts\/427424\/revisions\/427428"}],"wp:featuredmedia":[{"embeddable":true,"href":"https:\/\/www.radiopiu.net\/wordpress\/wp-json\/wp\/v2\/media\/403496"}],"wp:attachment":[{"href":"https:\/\/www.radiopiu.net\/wordpress\/wp-json\/wp\/v2\/media?parent=427424"}],"wp:term":[{"taxonomy":"category","embeddable":true,"href":"https:\/\/www.radiopiu.net\/wordpress\/wp-json\/wp\/v2\/categories?post=427424"},{"taxonomy":"post_tag","embeddable":true,"href":"https:\/\/www.radiopiu.net\/wordpress\/wp-json\/wp\/v2\/tags?post=427424"}],"curies":[{"name":"wp","href":"https:\/\/api.w.org\/{rel}","templated":true}]}}