{"id":427429,"date":"2024-12-31T11:58:26","date_gmt":"2024-12-31T10:58:26","guid":{"rendered":"https:\/\/www.radiopiu.net\/wordpress\/?p=427429"},"modified":"2024-12-31T11:58:26","modified_gmt":"2024-12-31T10:58:26","slug":"lintervista-di-fine-anno-lora-di-paolo-frena-alle-12-30-tra-poco-su-radiopiu","status":"publish","type":"post","link":"https:\/\/www.radiopiu.net\/wordpress\/lintervista-di-fine-anno-lora-di-paolo-frena-alle-12-30-tra-poco-su-radiopiu\/","title":{"rendered":"L&#8217;INTERVISTA DI FINE ANNO, L&#8217;ORA DI PAOLO FRENA. ALLE 12.30, TRA POCO&#8230; SU RADIOPIU"},"content":{"rendered":"<p>&nbsp;<\/p>\n<p><em><span style=\"color: #ff0000;\"><a class=\"dt-pswp-item\" href=\"https:\/\/www.radiopiu.net\/wordpress\/wp-content\/uploads\/2024\/10\/Senza-nome-8.png\" data-dt-img-description=\"\" data-large_image_width=\"343\" data-large_image_height=\"303\"><img loading=\"lazy\" decoding=\"async\" class=\"wp-image-412130 alignleft\" src=\"https:\/\/www.radiopiu.net\/wordpress\/wp-content\/uploads\/2024\/10\/Senza-nome-8-300x265.png\" alt=\"\" width=\"105\" height=\"93\" srcset=\"https:\/\/www.radiopiu.net\/wordpress\/wp-content\/uploads\/2024\/10\/Senza-nome-8-300x265.png 300w, https:\/\/www.radiopiu.net\/wordpress\/wp-content\/uploads\/2024\/10\/Senza-nome-8.png 343w\" sizes=\"auto, (max-width: 105px) 100vw, 105px\" \/><\/a><\/span><\/em><strong><em><span style=\"color: #ff0000;\"> LA\u00a0 APP PER IOS-IPHONE di Nicola Vettorello<\/span><\/em><\/strong><\/p>\n<p><strong><span style=\"color: #0000ff;\"><a style=\"color: #0000ff;\" href=\"https:\/\/apps.apple.com\/it\/app\/radio-pi%C3%B9-emittente-agordina\/id1515939845\">https:\/\/apps.apple.com\/it\/app\/radio-pi%C3%B9-emittente-agordina\/id1515939845<\/a><\/span><\/strong><\/p>\n<p><strong><em style=\"color: #ff0000;\">LA\u00a0 APP RADIO\u00a0 PER ANDROID di Nicola Vettorello<\/em><\/strong><\/p>\n<p><strong><span style=\"color: #0000ff;\"><a style=\"color: #0000ff;\" href=\"https:\/\/play.google.com\/store\/apps\/details?id=net.radiopiu.iniko\" target=\"_blank\" rel=\"noopener noreferrer\">https:\/\/<\/a><a style=\"color: #0000ff;\" href=\"https:\/\/play.google.com\/store\/apps\/details?id=net.radiopiu.iniko\" target=\"_blank\" rel=\"noopener noreferrer\">play.google.com\/store\/apps\/details?id=net.radiopiu.iniko\u00a0\u00a0\u00a0<\/a><\/span><\/strong><\/p>\n<p>&nbsp;<\/p>\n<p>&nbsp;<\/p>\n<div dir=\"auto\"><a class=\"dt-pswp-item\" href=\"https:\/\/www.radiopiu.net\/wordpress\/wp-content\/uploads\/2024\/12\/471596507_10236396431037698_3094808571034660316_n.jpg\" data-dt-img-description=\"\" data-large_image_width=\"235\" data-large_image_height=\"180\"><img loading=\"lazy\" decoding=\"async\" class=\"size-full wp-image-427179 alignleft\" src=\"https:\/\/www.radiopiu.net\/wordpress\/wp-content\/uploads\/2024\/12\/471596507_10236396431037698_3094808571034660316_n.jpg\" alt=\"\" width=\"235\" height=\"180\" \/><\/a>41 anni fa,\u00a0 Floriano Pra, (sindaco di Alleghe dal 1970) ci ospitava nel suo ufficio in Comunit\u00e0 Montana concedendoci una prima lunga intervista. Era il Presidente dell&#8217;allora Comunit\u00e0 Montana Agordina a marchio Democrazia Cristiana, la grande Balena in effetti era ben spiaggiata nell&#8217;Agordino, da Colle Santa Lucia a Gosaldo, ma non in piazza ad Agordo saldamente nella mani del Socialista e Senatore Armando Da Roit, &#8220;Tama&#8221;. Allora, nel dicembre 1983 RADIOPIU realizz\u00f2 la prima intervista al Presidente. Io non ancora ventenne e Lui politico gi\u00e0 navigato&#8230;Non fu facile, ma sicuramente fantastico, Floriano Pra al microfono di RADIOPIU era per noi gi\u00e0 un importante traguardo.<\/div>\n<div dir=\"auto\">Dal 1983 ad oggi, ogni anno, l&#8217;ultimo dell&#8217;anno, il 31 dicembre alle 12.30 la RADIO dedica un&#8217;ora di tempo al Presidente dell&#8217;Unione Montana. Sar\u00e0 cos\u00ec anche quest&#8217;anno, martedi un&#8217;ora con il Presidente Paolo Frena. Rapporti con la regione, viabilit\u00e0, ciclabile, Luxottica, spopolamento, programmi &#8230; e molto altro<\/div>\n<div dir=\"auto\">mirko mezzacasa<\/div>\n<div dir=\"auto\"><\/div>\n<blockquote>\n<h3 dir=\"auto\"><\/h3>\n<h3 dir=\"auto\">AUGURI, RADIOPIU&#8217;<\/h3>\n<\/blockquote>\n<p><span style=\"color: #ff0000;\"><em><strong>\u00a0e questa sera da Falcade&#8230; gli auguri in diretta alla Radio, con Marco Gaz<\/strong><\/em><\/span><\/p>\n<p>&nbsp;<\/p>\n<p><a href=\"https:\/\/www.radiopiu.net\/wordpress\/wp-content\/uploads\/2024\/12\/68ad6910-f489-436f-85c8-08dbde1cc3f5.webp\"><img loading=\"lazy\" decoding=\"async\" class=\"wp-image-427354 alignleft\" src=\"https:\/\/www.radiopiu.net\/wordpress\/wp-content\/uploads\/2024\/12\/68ad6910-f489-436f-85c8-08dbde1cc3f5-300x300.webp\" alt=\"\" width=\"185\" height=\"185\" srcset=\"https:\/\/www.radiopiu.net\/wordpress\/wp-content\/uploads\/2024\/12\/68ad6910-f489-436f-85c8-08dbde1cc3f5-300x300.webp 300w, https:\/\/www.radiopiu.net\/wordpress\/wp-content\/uploads\/2024\/12\/68ad6910-f489-436f-85c8-08dbde1cc3f5-150x150.webp 150w, https:\/\/www.radiopiu.net\/wordpress\/wp-content\/uploads\/2024\/12\/68ad6910-f489-436f-85c8-08dbde1cc3f5-768x768.webp 768w, https:\/\/www.radiopiu.net\/wordpress\/wp-content\/uploads\/2024\/12\/68ad6910-f489-436f-85c8-08dbde1cc3f5.webp 1024w\" sizes=\"auto, (max-width: 185px) 100vw, 185px\" \/><\/a>Nove anni di GIORNALE RADIOPIU, era il 1 aprile del 2015 quando usci la prima edizione OnLine del notiziario della testata di RADIOPIU. Questo di oggi\u00a0 \u00e8 l&#8217;ultimo numero dell&#8217;anno. Il GIORNALE RADIOPIU torner\u00e0, puntuale alle sei del mattino, il 2 gennaio. A tutti voi grazie per la fiducia e la quotidiana presenza su queste pagine. Per RADIOPIU questo \u00e8 stato un altro anno importante, in via Paris Bordone la squadra \u00e8 cresciuta, molte le voci nuove, le idee nuove, la voglia di fare radio per passione. Una radio come tanti anni fa, tra buon umore e voglia di lavorare per il territorio\u00a0 tutti assieme. Grazie ai miei favolosi collaboratori, di ieri, di oggi e sicuramente di domani, perch\u00e9 stiamo dando un futuro a RADIOPIU anche con la tecnologia DABplus<\/p>\n<p><strong>GLI AUGURI ALLA\u00a0 RADIO DI ANDREA DELOGU (FOTO)<\/strong><\/p>\n<audio class=\"wp-audio-shortcode\" id=\"audio-427429-1\" preload=\"none\" style=\"width: 100%;\" controls=\"controls\"><source type=\"audio\/mpeg\" src=\"https:\/\/www.radiopiu.net\/wordpress\/wp-content\/uploads\/2023\/12\/auguri-natale-andrea-DELOGU.mp3?_=1\" \/><a href=\"https:\/\/www.radiopiu.net\/wordpress\/wp-content\/uploads\/2023\/12\/auguri-natale-andrea-DELOGU.mp3\">https:\/\/www.radiopiu.net\/wordpress\/wp-content\/uploads\/2023\/12\/auguri-natale-andrea-DELOGU.mp3<\/a><\/audio>\n<p><strong>GLI AUGURI ALLA RADIO DI FRANCO SIMONE<\/strong><\/p>\n<audio class=\"wp-audio-shortcode\" id=\"audio-427429-2\" preload=\"none\" style=\"width: 100%;\" controls=\"controls\"><source type=\"audio\/mpeg\" src=\"https:\/\/www.radiopiu.net\/wordpress\/wp-content\/uploads\/2023\/12\/simone-cara-droga.mp3?_=2\" \/><a href=\"https:\/\/www.radiopiu.net\/wordpress\/wp-content\/uploads\/2023\/12\/simone-cara-droga.mp3\">https:\/\/www.radiopiu.net\/wordpress\/wp-content\/uploads\/2023\/12\/simone-cara-droga.mp3<\/a><\/audio>\n<p><strong>GLI AUGURI IN MUSICA DELL&#8217;AMICO PIERO BOLZAN<\/strong><\/p>\n<audio class=\"wp-audio-shortcode\" id=\"audio-427429-3\" preload=\"none\" style=\"width: 100%;\" controls=\"controls\"><source type=\"audio\/mpeg\" src=\"https:\/\/www.radiopiu.net\/wordpress\/wp-content\/uploads\/2023\/12\/PIERO.mp3?_=3\" \/><a href=\"https:\/\/www.radiopiu.net\/wordpress\/wp-content\/uploads\/2023\/12\/PIERO.mp3\">https:\/\/www.radiopiu.net\/wordpress\/wp-content\/uploads\/2023\/12\/PIERO.mp3<\/a><\/audio>\n<p>&nbsp;<\/p>\n<p>&nbsp;<\/p>\n<blockquote>\n<h2>CAPODANNO A FALCADE&#8230;CON DJ JACK &#8211; DIRETTA RADIO DALLE 22 CON MARCO GAZ<\/h2>\n<\/blockquote>\n<p><img loading=\"lazy\" decoding=\"async\" class=\"alignleft\" src=\"https:\/\/www.radiopiu.net\/wordpress\/wp-content\/uploads\/2022\/09\/capodanno2013.jpg\" width=\"295\" height=\"221\" \/><\/p>\n<p>Buona fine&#8230;miglior principio. Cari amiche ed amici della RADIOPIU&#8217; tanti auguri! Avremo l&#8217;occasione di amplificarli questa notte, dalle 22 la radio sar\u00e0 in diretta dal Capodanno di Falcade per trasmettere con Dj Jack (regia Marco Gaz) una montagna di buoni auspici e, soprattutto la diretta dal palco con PromoFalcade, Comune,\u00a0 proloco di Caviola, tanti volontari&#8230;.<\/p>\n<p>&nbsp;<\/p>\n<p>&nbsp;<\/p>\n<p>&nbsp;<\/p>\n<p>&nbsp;<\/p>\n<p>&nbsp;<\/p>\n<p>&nbsp;<\/p>\n<p>&nbsp;<\/p>\n","protected":false},"excerpt":{"rendered":"<p>&nbsp; LA\u00a0 APP PER IOS-IPHONE di Nicola Vettorello https:\/\/apps.apple.com\/it\/app\/radio-pi%C3%B9-emittente-agordina\/id1515939845 LA\u00a0 APP RADIO\u00a0 PER ANDROID di Nicola Vettorello https:\/\/play.google.com\/store\/apps\/details?id=net.radiopiu.iniko\u00a0\u00a0\u00a0 &nbsp; &nbsp; 41 anni fa,\u00a0 Floriano Pra, (sindaco di Alleghe dal 1970) ci ospitava nel suo ufficio in Comunit\u00e0 Montana concedendoci una prima lunga intervista. Era il Presidente dell&#8217;allora Comunit\u00e0 Montana Agordina a marchio Democrazia Cristiana, la&hellip;<\/p>\n","protected":false},"author":4,"featured_media":314432,"comment_status":"closed","ping_status":"closed","sticky":false,"template":"","format":"standard","meta":{"_monsterinsights_skip_tracking":false,"_monsterinsights_sitenote_active":false,"_monsterinsights_sitenote_note":"","_monsterinsights_sitenote_category":0,"footnotes":""},"categories":[49],"tags":[],"class_list":["post-427429","post","type-post","status-publish","format-standard","has-post-thumbnail","hentry","category-news-18","category-49","description-off"],"img_url":"https:\/\/www.radiopiu.net\/wordpress\/wp-content\/uploads\/2023\/01\/PAOLO-FRENA.png","_links":{"self":[{"href":"https:\/\/www.radiopiu.net\/wordpress\/wp-json\/wp\/v2\/posts\/427429","targetHints":{"allow":["GET"]}}],"collection":[{"href":"https:\/\/www.radiopiu.net\/wordpress\/wp-json\/wp\/v2\/posts"}],"about":[{"href":"https:\/\/www.radiopiu.net\/wordpress\/wp-json\/wp\/v2\/types\/post"}],"author":[{"embeddable":true,"href":"https:\/\/www.radiopiu.net\/wordpress\/wp-json\/wp\/v2\/users\/4"}],"replies":[{"embeddable":true,"href":"https:\/\/www.radiopiu.net\/wordpress\/wp-json\/wp\/v2\/comments?post=427429"}],"version-history":[{"count":1,"href":"https:\/\/www.radiopiu.net\/wordpress\/wp-json\/wp\/v2\/posts\/427429\/revisions"}],"predecessor-version":[{"id":427430,"href":"https:\/\/www.radiopiu.net\/wordpress\/wp-json\/wp\/v2\/posts\/427429\/revisions\/427430"}],"wp:featuredmedia":[{"embeddable":true,"href":"https:\/\/www.radiopiu.net\/wordpress\/wp-json\/wp\/v2\/media\/314432"}],"wp:attachment":[{"href":"https:\/\/www.radiopiu.net\/wordpress\/wp-json\/wp\/v2\/media?parent=427429"}],"wp:term":[{"taxonomy":"category","embeddable":true,"href":"https:\/\/www.radiopiu.net\/wordpress\/wp-json\/wp\/v2\/categories?post=427429"},{"taxonomy":"post_tag","embeddable":true,"href":"https:\/\/www.radiopiu.net\/wordpress\/wp-json\/wp\/v2\/tags?post=427429"}],"curies":[{"name":"wp","href":"https:\/\/api.w.org\/{rel}","templated":true}]}}