{"id":427453,"date":"2025-01-01T12:00:51","date_gmt":"2025-01-01T11:00:51","guid":{"rendered":"https:\/\/www.radiopiu.net\/wordpress\/?p=427453"},"modified":"2025-01-01T12:02:19","modified_gmt":"2025-01-01T11:02:19","slug":"davide-testori-appende-i-pattini-al-chiodo","status":"publish","type":"post","link":"https:\/\/www.radiopiu.net\/wordpress\/davide-testori-appende-i-pattini-al-chiodo\/","title":{"rendered":"DAVIDE TESTORI APPENDE I PATTINI AL CHIODO"},"content":{"rendered":"<p>******<\/p>\n<p>&nbsp;<\/p>\n<p><strong><a class=\"dt-pswp-item\" href=\"https:\/\/www.radiopiu.net\/wordpress\/wp-content\/uploads\/2024\/12\/83f65f2c-9605-45ae-896a-0230b02f8ab8.jpg\" data-dt-img-description=\"\" data-large_image_width=\"1600\" data-large_image_height=\"1104\"><img loading=\"lazy\" decoding=\"async\" class=\" wp-image-427454 alignleft\" src=\"https:\/\/www.radiopiu.net\/wordpress\/wp-content\/uploads\/2024\/12\/83f65f2c-9605-45ae-896a-0230b02f8ab8-300x207.jpg\" alt=\"\" width=\"209\" height=\"144\" srcset=\"https:\/\/www.radiopiu.net\/wordpress\/wp-content\/uploads\/2024\/12\/83f65f2c-9605-45ae-896a-0230b02f8ab8-300x207.jpg 300w, https:\/\/www.radiopiu.net\/wordpress\/wp-content\/uploads\/2024\/12\/83f65f2c-9605-45ae-896a-0230b02f8ab8-1024x707.jpg 1024w, https:\/\/www.radiopiu.net\/wordpress\/wp-content\/uploads\/2024\/12\/83f65f2c-9605-45ae-896a-0230b02f8ab8-768x530.jpg 768w, https:\/\/www.radiopiu.net\/wordpress\/wp-content\/uploads\/2024\/12\/83f65f2c-9605-45ae-896a-0230b02f8ab8-1536x1060.jpg 1536w, https:\/\/www.radiopiu.net\/wordpress\/wp-content\/uploads\/2024\/12\/83f65f2c-9605-45ae-896a-0230b02f8ab8.jpg 1600w\" sizes=\"auto, (max-width: 209px) 100vw, 209px\" \/><\/a>DI ROBERTO MIANA<\/strong><\/p>\n<p>\u00c8 con grande dispiacere che la Societ\u00e0 Alleghe Hockey comunica che Davide Testori ha deciso di appendere i pattini al chiodo. Attaccante classe 1994, compir\u00e0 31 anni il prossimo 26 gennaio. Era assente dal rettangolo ghiacciato da fine ottobre, quando si infortun\u00f2 in quel di Como. Con la casacca dell\u2019Alleghe ha esordito in serie A nella stagione 2010\/2011, collezionando 114 gare nel massimo campionato. In totale 330 presenze in maglia biancorossa, impreziosite da 76 reti e 87 assist. Dabo, cos\u00ec chiamato dagli amici, si \u00e8 sempre dimostrato un giocatore utile al gioco di squadra, nonch\u00e9 importante uomo spogliatoio. Le parole di Dabo: \u201cPurtroppo conciliare lavoro, famiglia e hockey era diventato veramente difficile per me e questo mi ha portato a prendere la decisione di appendere i pattini al chiodo, credo in modo definitivo. Sto comunque seguendo la squadra da &#8220;lontano&#8221;, sento spesso i miei compagni e mi auguro che possa essere una stagione piena di soddisfazioni! Spero comunque in futuro di poter dare il mio contributo alla Societ\u00e0, magari in altra veste\u201d. La Societ\u00e0 Alleghe ringrazia Davide per l\u2019impegno e l\u2019attaccamento alla maglia dimostrato in tutti questi anni e augura il meglio a lui e alla sua famiglia.<\/p>\n<p>&nbsp;<\/p>\n<p>&nbsp;<\/p>\n<p>&nbsp;<\/p>\n<p>&nbsp;<\/p>\n<p>*********<\/p>\n","protected":false},"excerpt":{"rendered":"<p>****** &nbsp; DI ROBERTO MIANA \u00c8 con grande dispiacere che la Societ\u00e0 Alleghe Hockey comunica che Davide Testori ha deciso di appendere i pattini al chiodo. Attaccante classe 1994, compir\u00e0 31 anni il prossimo 26 gennaio. Era assente dal rettangolo ghiacciato da fine ottobre, quando si infortun\u00f2 in quel di Como. Con la casacca dell\u2019Alleghe&hellip;<\/p>\n","protected":false},"author":4,"featured_media":427454,"comment_status":"closed","ping_status":"closed","sticky":false,"template":"","format":"standard","meta":{"_monsterinsights_skip_tracking":false,"_monsterinsights_sitenote_active":false,"_monsterinsights_sitenote_note":"","_monsterinsights_sitenote_category":0,"footnotes":""},"categories":[49],"tags":[],"class_list":["post-427453","post","type-post","status-publish","format-standard","has-post-thumbnail","hentry","category-news-18","category-49","description-off"],"img_url":"https:\/\/www.radiopiu.net\/wordpress\/wp-content\/uploads\/2024\/12\/83f65f2c-9605-45ae-896a-0230b02f8ab8.jpg","_links":{"self":[{"href":"https:\/\/www.radiopiu.net\/wordpress\/wp-json\/wp\/v2\/posts\/427453","targetHints":{"allow":["GET"]}}],"collection":[{"href":"https:\/\/www.radiopiu.net\/wordpress\/wp-json\/wp\/v2\/posts"}],"about":[{"href":"https:\/\/www.radiopiu.net\/wordpress\/wp-json\/wp\/v2\/types\/post"}],"author":[{"embeddable":true,"href":"https:\/\/www.radiopiu.net\/wordpress\/wp-json\/wp\/v2\/users\/4"}],"replies":[{"embeddable":true,"href":"https:\/\/www.radiopiu.net\/wordpress\/wp-json\/wp\/v2\/comments?post=427453"}],"version-history":[{"count":1,"href":"https:\/\/www.radiopiu.net\/wordpress\/wp-json\/wp\/v2\/posts\/427453\/revisions"}],"predecessor-version":[{"id":427455,"href":"https:\/\/www.radiopiu.net\/wordpress\/wp-json\/wp\/v2\/posts\/427453\/revisions\/427455"}],"wp:featuredmedia":[{"embeddable":true,"href":"https:\/\/www.radiopiu.net\/wordpress\/wp-json\/wp\/v2\/media\/427454"}],"wp:attachment":[{"href":"https:\/\/www.radiopiu.net\/wordpress\/wp-json\/wp\/v2\/media?parent=427453"}],"wp:term":[{"taxonomy":"category","embeddable":true,"href":"https:\/\/www.radiopiu.net\/wordpress\/wp-json\/wp\/v2\/categories?post=427453"},{"taxonomy":"post_tag","embeddable":true,"href":"https:\/\/www.radiopiu.net\/wordpress\/wp-json\/wp\/v2\/tags?post=427453"}],"curies":[{"name":"wp","href":"https:\/\/api.w.org\/{rel}","templated":true}]}}