{"id":427465,"date":"2025-01-01T11:20:37","date_gmt":"2025-01-01T10:20:37","guid":{"rendered":"https:\/\/www.radiopiu.net\/wordpress\/?p=427465"},"modified":"2025-01-01T11:26:34","modified_gmt":"2025-01-01T10:26:34","slug":"la-giornata-di-capodanno-del-suem-118","status":"publish","type":"post","link":"https:\/\/www.radiopiu.net\/wordpress\/la-giornata-di-capodanno-del-suem-118\/","title":{"rendered":"LA GIORNATA DI CAPODANNO DEL SUEM 118"},"content":{"rendered":"<p>*****<\/p>\n<p>&nbsp;<\/p>\n<p><strong>REDAZIONE <\/strong>Dopo una mattinata senza interventi, nel pomeriggio il Suem 118 ha effettuato tre uscite. La prima poco prima delle 13 quando l&#8217;elicottero Falco 1 \u00e8 volato in Val di Zoldo per soccorrere un 70enne del luogo che aveva accusato un problema neurologico. \u00c8 stato elitrasportato al nosocomio di Belluno. Alle 13:30 il secondo intervento sempre di Falco 1 che \u00e8 stato inviato a Cortina per caricare una donna straniera di 27 anni che aveva accusato un trauma cranico e anch&#8217;essa \u00e8 stata elitrasportata al San Martino. Alle 15:46, si \u00e8 alzato in volo anche Falco 2 per dirigersi a Selva di Cadore sulla pista Salere dove un bambino di 7 anni si era fatto male. In serata e nella notte altri quattro interventi.\u00a0Incidente stradale a Lentiai alle 18:14, con una 19enne ferita trasferita a Feltre per le cure necessarie; poco dopo le 22:30 intervento a Danta per un uomo del luogo che era precipitato. \u00c8 stato portato al San Martino di Belluno. Alle 2:37 un 64 di San Pietro \u00e8 stato preso in cura in seguito ad una caduta e portato in condizioni gravi all&#8217;ospedale di Pieve di Cadore. Infine una caduta accidentale a Pieve di Cadore, dove una donna di 64 anni \u00e8 stata stabilizzata e trasportata in ospedale anch&#8217;essa in gravi condizioni. Il bilancio degli interventi evidenzia anche un\u2019intensa attivit\u00e0 nei comprensori sciistici. Cortina d&#8217;Ampezzo ha registrato il maggior numero di interventi (11), seguita da Arabba (3), Alleghe (2), Val di Zoldo (1) e Falcade (1). La presenza costante del SUEM nei comprensori garantisce un supporto rapido e specializzato, essenziale per affrontare le emergenze sulle piste.<\/p>\n<p>&nbsp;<\/p>\n<p>&nbsp;<\/p>\n<p>&nbsp;<\/p>\n<p>*********<\/p>\n","protected":false},"excerpt":{"rendered":"<p>***** &nbsp; REDAZIONE Dopo una mattinata senza interventi, nel pomeriggio il Suem 118 ha effettuato tre uscite. La prima poco prima delle 13 quando l&#8217;elicottero Falco 1 \u00e8 volato in Val di Zoldo per soccorrere un 70enne del luogo che aveva accusato un problema neurologico. \u00c8 stato elitrasportato al nosocomio di Belluno. Alle 13:30 il&hellip;<\/p>\n","protected":false},"author":4,"featured_media":380539,"comment_status":"closed","ping_status":"closed","sticky":false,"template":"","format":"standard","meta":{"_monsterinsights_skip_tracking":false,"_monsterinsights_sitenote_active":false,"_monsterinsights_sitenote_note":"","_monsterinsights_sitenote_category":0,"footnotes":""},"categories":[51,49],"tags":[],"class_list":["post-427465","post","type-post","status-publish","format-standard","has-post-thumbnail","hentry","category-evidenza-top","category-news-18","category-51","category-49","description-off"],"img_url":"https:\/\/www.radiopiu.net\/wordpress\/wp-content\/uploads\/2024\/03\/salt-croce-verde-val-biois-1.jpg","_links":{"self":[{"href":"https:\/\/www.radiopiu.net\/wordpress\/wp-json\/wp\/v2\/posts\/427465","targetHints":{"allow":["GET"]}}],"collection":[{"href":"https:\/\/www.radiopiu.net\/wordpress\/wp-json\/wp\/v2\/posts"}],"about":[{"href":"https:\/\/www.radiopiu.net\/wordpress\/wp-json\/wp\/v2\/types\/post"}],"author":[{"embeddable":true,"href":"https:\/\/www.radiopiu.net\/wordpress\/wp-json\/wp\/v2\/users\/4"}],"replies":[{"embeddable":true,"href":"https:\/\/www.radiopiu.net\/wordpress\/wp-json\/wp\/v2\/comments?post=427465"}],"version-history":[{"count":3,"href":"https:\/\/www.radiopiu.net\/wordpress\/wp-json\/wp\/v2\/posts\/427465\/revisions"}],"predecessor-version":[{"id":427481,"href":"https:\/\/www.radiopiu.net\/wordpress\/wp-json\/wp\/v2\/posts\/427465\/revisions\/427481"}],"wp:featuredmedia":[{"embeddable":true,"href":"https:\/\/www.radiopiu.net\/wordpress\/wp-json\/wp\/v2\/media\/380539"}],"wp:attachment":[{"href":"https:\/\/www.radiopiu.net\/wordpress\/wp-json\/wp\/v2\/media?parent=427465"}],"wp:term":[{"taxonomy":"category","embeddable":true,"href":"https:\/\/www.radiopiu.net\/wordpress\/wp-json\/wp\/v2\/categories?post=427465"},{"taxonomy":"post_tag","embeddable":true,"href":"https:\/\/www.radiopiu.net\/wordpress\/wp-json\/wp\/v2\/tags?post=427465"}],"curies":[{"name":"wp","href":"https:\/\/api.w.org\/{rel}","templated":true}]}}