{"id":427474,"date":"2025-01-01T11:10:11","date_gmt":"2025-01-01T10:10:11","guid":{"rendered":"https:\/\/www.radiopiu.net\/wordpress\/?p=427474"},"modified":"2025-01-01T11:10:28","modified_gmt":"2025-01-01T10:10:28","slug":"recuperati-tre-alpinisti-incrodati-nella-notte-di-san-silvestro","status":"publish","type":"post","link":"https:\/\/www.radiopiu.net\/wordpress\/recuperati-tre-alpinisti-incrodati-nella-notte-di-san-silvestro\/","title":{"rendered":"RECUPERATI TRE ALPINISTI INCRODATI NELLA NOTTE DI SAN SILVESTRO"},"content":{"rendered":"<p><strong>******<\/strong><\/p>\n<p><strong>\u00a0<\/strong><\/p>\n<p><strong>SAN VITO DI CADORE\u00a0<\/strong>Si \u00e8 concluso attorno alle 23.30 della notte di San Silvestro il complesso recupero di tre giovani alpinisti, rimasti bloccati in parete sui Lastoni di Formin, dopo aver sbagliato la linea di calata. I tre, due ragazzi di 24 e 21 anni di Padova, e una 21enne di Vigonza (PD), al momento di scendere in doppia dopo aver scalato la via Re Art\u00f9, notando un cordino che non c&#8217;entrava per\u00f2 con la via di rientro, avevano iniziato a calarsi, finendo bloccati in due 60 metri sotto la cima, il terzo una ventina di metri pi\u00f9 basso ancora. Attivata la Centrale del 118 verso le 17.40, \u00e8 stato chiesto l&#8217;invio dell&#8217;elicottero di Trento abilitato per il volo notturno, che ha imbarcato un tecnico di San Vito di Cadore per un eventuale primo supporto alle operazioni. Arrivati vicino alla parete, \u00e8 stata per\u00f2 subito evidente la difficolt\u00e0 del recupero: dopo aver tentato invano da diverse altezze di avvicinarsi sulla verticale al punto strapiombante dove si trovavano i tre, l&#8217;elicottero ha sbarcato il soccorritore bellunese e il proprio tecnico di elisoccorso in vetta, a 2.630 metri di quota, per volare a valle e caricare a bordo una squadra di 4 soccorritori. Imbarcato il proprio tecnico, l&#8217;elicottero \u00e8 poi rientrato. Con una temperatura di diversi gradi sotto lo zero, i soccorritori hanno attrezzato la calata, per poi far scendere uno di loro un&#8217;ottantina di metri, a raggiungere l&#8217;alpinista pi\u00f9 distante. Una volta agganciato a s\u00e9, il tecnico \u00e8 stato issato dove si trovavano gli altri due, che sono stati assicurati a lui. Tutti e quattro assieme sono infine stati sollevati sulla cima, dove un ragazzo e, soprattutto, la ragazza che tremava dal freddo, sono stati dotati di piumini e giacche a vento. Poich\u00e9 l&#8217;elicottero di Trento era impegnato in un&#8217;altra missione, la squadra ha deciso di intraprendere la discesa verso valle assieme ai tre giovani lungo la via normale. Raggiunto un ampio spiazzo dove era possibile atterrare, l&#8217;elicottero di Treviso emergenza ha provveduto al recupero dei tre ragazzi e successivamente dei soccorritori. Trasportati al Campo sportivo, dove il resto della Stazione ha gestito le fasi finali dell&#8217;intervento, le condizioni dei ragazzi, in leggera ipotermia, sono state valutate dal medico dell&#8217;equipaggio prima di tornare in base.<\/p>\n\n\t\t\t<style type='text\/css'>\n\t\t\t\t#gallery-1 {\n\t\t\t\t\tmargin: auto;\n\t\t\t\t}\n\t\t\t\t#gallery-1 .gallery-item {\n\t\t\t\t\tfloat: left;\n\t\t\t\t\tmargin-top: 10px;\n\t\t\t\t\ttext-align: center;\n\t\t\t\t\twidth: 33%;\n\t\t\t\t}\n\t\t\t\t#gallery-1 img {\n\t\t\t\t\tborder: 2px solid #cfcfcf;\n\t\t\t\t}\n\t\t\t\t#gallery-1 .gallery-caption {\n\t\t\t\t\tmargin-left: 0;\n\t\t\t\t}\n\t\t\t\t\/* see gallery_shortcode() in wp-includes\/media.php *\/\n\t\t\t<\/style>\n\t\t<div id='gallery-1' class='dt-gallery-container gallery galleryid-427474 gallery-columns-3 gallery-size-medium'><dl class='gallery-item'>\n\t\t\t\t<dt class='gallery-icon portrait'>\n\t\t\t\t\t<a class=\"rollover rollover-zoom dt-pswp-item\" title=\"Watermark_20250101_093915_483\" data-dt-img-description=\"\" data-large_image_width=\"1773\" data-large_image_height=\"2364\"href='https:\/\/www.radiopiu.net\/wordpress\/wp-content\/uploads\/2025\/01\/Watermark_20250101_093915_483.jpg'><img loading=\"lazy\" decoding=\"async\" width=\"225\" height=\"300\" src=\"https:\/\/www.radiopiu.net\/wordpress\/wp-content\/uploads\/2025\/01\/Watermark_20250101_093915_483-225x300.jpg\" class=\"attachment-medium size-medium\" alt=\"\" srcset=\"https:\/\/www.radiopiu.net\/wordpress\/wp-content\/uploads\/2025\/01\/Watermark_20250101_093915_483-225x300.jpg 225w, https:\/\/www.radiopiu.net\/wordpress\/wp-content\/uploads\/2025\/01\/Watermark_20250101_093915_483-768x1024.jpg 768w, https:\/\/www.radiopiu.net\/wordpress\/wp-content\/uploads\/2025\/01\/Watermark_20250101_093915_483-1152x1536.jpg 1152w, https:\/\/www.radiopiu.net\/wordpress\/wp-content\/uploads\/2025\/01\/Watermark_20250101_093915_483-1536x2048.jpg 1536w, https:\/\/www.radiopiu.net\/wordpress\/wp-content\/uploads\/2025\/01\/Watermark_20250101_093915_483.jpg 1773w\" sizes=\"auto, (max-width: 225px) 100vw, 225px\" \/><\/a>\n\t\t\t\t<\/dt><\/dl><dl class='gallery-item'>\n\t\t\t\t<dt class='gallery-icon portrait'>\n\t\t\t\t\t<a class=\"rollover rollover-zoom dt-pswp-item\" title=\"Watermark_20250101_093928_862\" data-dt-img-description=\"\" data-large_image_width=\"1773\" data-large_image_height=\"2364\"href='https:\/\/www.radiopiu.net\/wordpress\/wp-content\/uploads\/2025\/01\/Watermark_20250101_093928_862.jpg'><img loading=\"lazy\" decoding=\"async\" width=\"225\" height=\"300\" src=\"https:\/\/www.radiopiu.net\/wordpress\/wp-content\/uploads\/2025\/01\/Watermark_20250101_093928_862-225x300.jpg\" class=\"attachment-medium size-medium\" alt=\"\" srcset=\"https:\/\/www.radiopiu.net\/wordpress\/wp-content\/uploads\/2025\/01\/Watermark_20250101_093928_862-225x300.jpg 225w, https:\/\/www.radiopiu.net\/wordpress\/wp-content\/uploads\/2025\/01\/Watermark_20250101_093928_862-768x1024.jpg 768w, https:\/\/www.radiopiu.net\/wordpress\/wp-content\/uploads\/2025\/01\/Watermark_20250101_093928_862-1152x1536.jpg 1152w, https:\/\/www.radiopiu.net\/wordpress\/wp-content\/uploads\/2025\/01\/Watermark_20250101_093928_862-1536x2048.jpg 1536w, https:\/\/www.radiopiu.net\/wordpress\/wp-content\/uploads\/2025\/01\/Watermark_20250101_093928_862.jpg 1773w\" sizes=\"auto, (max-width: 225px) 100vw, 225px\" \/><\/a>\n\t\t\t\t<\/dt><\/dl><dl class='gallery-item'>\n\t\t\t\t<dt class='gallery-icon portrait'>\n\t\t\t\t\t<a class=\"rollover rollover-zoom dt-pswp-item\" title=\"Watermark_20250101_094103_266\" data-dt-img-description=\"\" data-large_image_width=\"1773\" data-large_image_height=\"2364\"href='https:\/\/www.radiopiu.net\/wordpress\/wp-content\/uploads\/2025\/01\/Watermark_20250101_094103_266.jpg'><img loading=\"lazy\" decoding=\"async\" width=\"225\" height=\"300\" src=\"https:\/\/www.radiopiu.net\/wordpress\/wp-content\/uploads\/2025\/01\/Watermark_20250101_094103_266-225x300.jpg\" class=\"attachment-medium size-medium\" alt=\"\" srcset=\"https:\/\/www.radiopiu.net\/wordpress\/wp-content\/uploads\/2025\/01\/Watermark_20250101_094103_266-225x300.jpg 225w, https:\/\/www.radiopiu.net\/wordpress\/wp-content\/uploads\/2025\/01\/Watermark_20250101_094103_266-768x1024.jpg 768w, https:\/\/www.radiopiu.net\/wordpress\/wp-content\/uploads\/2025\/01\/Watermark_20250101_094103_266-1152x1536.jpg 1152w, https:\/\/www.radiopiu.net\/wordpress\/wp-content\/uploads\/2025\/01\/Watermark_20250101_094103_266-1536x2048.jpg 1536w, https:\/\/www.radiopiu.net\/wordpress\/wp-content\/uploads\/2025\/01\/Watermark_20250101_094103_266.jpg 1773w\" sizes=\"auto, (max-width: 225px) 100vw, 225px\" \/><\/a>\n\t\t\t\t<\/dt><\/dl><br style=\"clear: both\" \/>\n\t\t\t<\/div>\n\n<p>&nbsp;<\/p>\n<p>&nbsp;<\/p>\n<p>&nbsp;<\/p>\n<p>*********<\/p>\n","protected":false},"excerpt":{"rendered":"<p>****** \u00a0 SAN VITO DI CADORE\u00a0Si \u00e8 concluso attorno alle 23.30 della notte di San Silvestro il complesso recupero di tre giovani alpinisti, rimasti bloccati in parete sui Lastoni di Formin, dopo aver sbagliato la linea di calata. I tre, due ragazzi di 24 e 21 anni di Padova, e una 21enne di Vigonza (PD),&hellip;<\/p>\n","protected":false},"author":4,"featured_media":427478,"comment_status":"closed","ping_status":"closed","sticky":false,"template":"","format":"standard","meta":{"_monsterinsights_skip_tracking":false,"_monsterinsights_sitenote_active":false,"_monsterinsights_sitenote_note":"","_monsterinsights_sitenote_category":0,"footnotes":""},"categories":[49],"tags":[],"class_list":["post-427474","post","type-post","status-publish","format-standard","has-post-thumbnail","hentry","category-news-18","category-49","description-off"],"img_url":"https:\/\/www.radiopiu.net\/wordpress\/wp-content\/uploads\/2025\/01\/SCR-20250101-kdvh.jpeg","_links":{"self":[{"href":"https:\/\/www.radiopiu.net\/wordpress\/wp-json\/wp\/v2\/posts\/427474","targetHints":{"allow":["GET"]}}],"collection":[{"href":"https:\/\/www.radiopiu.net\/wordpress\/wp-json\/wp\/v2\/posts"}],"about":[{"href":"https:\/\/www.radiopiu.net\/wordpress\/wp-json\/wp\/v2\/types\/post"}],"author":[{"embeddable":true,"href":"https:\/\/www.radiopiu.net\/wordpress\/wp-json\/wp\/v2\/users\/4"}],"replies":[{"embeddable":true,"href":"https:\/\/www.radiopiu.net\/wordpress\/wp-json\/wp\/v2\/comments?post=427474"}],"version-history":[{"count":1,"href":"https:\/\/www.radiopiu.net\/wordpress\/wp-json\/wp\/v2\/posts\/427474\/revisions"}],"predecessor-version":[{"id":427479,"href":"https:\/\/www.radiopiu.net\/wordpress\/wp-json\/wp\/v2\/posts\/427474\/revisions\/427479"}],"wp:featuredmedia":[{"embeddable":true,"href":"https:\/\/www.radiopiu.net\/wordpress\/wp-json\/wp\/v2\/media\/427478"}],"wp:attachment":[{"href":"https:\/\/www.radiopiu.net\/wordpress\/wp-json\/wp\/v2\/media?parent=427474"}],"wp:term":[{"taxonomy":"category","embeddable":true,"href":"https:\/\/www.radiopiu.net\/wordpress\/wp-json\/wp\/v2\/categories?post=427474"},{"taxonomy":"post_tag","embeddable":true,"href":"https:\/\/www.radiopiu.net\/wordpress\/wp-json\/wp\/v2\/tags?post=427474"}],"curies":[{"name":"wp","href":"https:\/\/api.w.org\/{rel}","templated":true}]}}