{"id":427484,"date":"2025-01-02T09:55:00","date_gmt":"2025-01-02T08:55:00","guid":{"rendered":"https:\/\/www.radiopiu.net\/wordpress\/?p=427484"},"modified":"2025-01-02T09:59:32","modified_gmt":"2025-01-02T08:59:32","slug":"gli-infortuni-in-casa-alleghe-hockey","status":"publish","type":"post","link":"https:\/\/www.radiopiu.net\/wordpress\/gli-infortuni-in-casa-alleghe-hockey\/","title":{"rendered":"GLI INFORTUNI IN CASA ALLEGHE HOCKEY"},"content":{"rendered":"<p>******<\/p>\n<p>&nbsp;<\/p>\n<p><strong><a class=\"dt-pswp-item\" href=\"https:\/\/www.radiopiu.net\/wordpress\/wp-content\/uploads\/2025\/01\/0b54c213-d7f6-44a0-be7f-b5201a64f762.jpg\" data-dt-img-description=\"\" data-large_image_width=\"1179\" data-large_image_height=\"732\"><img loading=\"lazy\" decoding=\"async\" class=\"size-medium wp-image-427485 alignleft\" src=\"https:\/\/www.radiopiu.net\/wordpress\/wp-content\/uploads\/2025\/01\/0b54c213-d7f6-44a0-be7f-b5201a64f762-300x186.jpg\" alt=\"\" width=\"300\" height=\"186\" srcset=\"https:\/\/www.radiopiu.net\/wordpress\/wp-content\/uploads\/2025\/01\/0b54c213-d7f6-44a0-be7f-b5201a64f762-300x186.jpg 300w, https:\/\/www.radiopiu.net\/wordpress\/wp-content\/uploads\/2025\/01\/0b54c213-d7f6-44a0-be7f-b5201a64f762-1024x636.jpg 1024w, https:\/\/www.radiopiu.net\/wordpress\/wp-content\/uploads\/2025\/01\/0b54c213-d7f6-44a0-be7f-b5201a64f762-768x477.jpg 768w, https:\/\/www.radiopiu.net\/wordpress\/wp-content\/uploads\/2025\/01\/0b54c213-d7f6-44a0-be7f-b5201a64f762.jpg 1179w\" sizes=\"auto, (max-width: 300px) 100vw, 300px\" \/><\/a>DI ROBERTO MIANA, PORTAVOCE DELL&#8217;ALLEGHE HOCKEY<\/strong><\/p>\n<p>Il difensore e vicecapitano Nicola Soppelsa, infortunatosi ad una spalla (lussazione) nella gara casalinga contro il Pergine del 23 novembre, \u00e8 tornato ad allenarsi, ma al momento ancora senza forzare. Nicola potrebbe essere a disposizione di coach Surenkin da met\u00e0 gennaio. Il suo rientro sar\u00e0 comunque valutato giorno per giorno, in base a come la spalla infortunata risponder\u00e0 alle sollecitazioni di gioco nei prossimi giorni. Il difensore e capitano Milos Ganz, nella gara di Dobbiaco del 12 dicembre, aveva riportato anche lui una lussazione alla spalla (infortunio del tutto simile a quello di Nicola). La risonanza ha fortunatamente escluso l\u2019interessamento di tendini e legamenti. Al momento il nostro capitano sta svolgendo la preparazione in palestra. Dovrebbe tornare ad allenarsi sul ghiaccio nella seconda met\u00e0 di gennaio e potrebbe rientrare in squadra i primi di febbraio. Anche per lui dipende da come proceder\u00e0 il recupero nelle prossime settimane.<\/p>\n<p>&nbsp;<\/p>\n<p>&nbsp;<\/p>\n<p>&nbsp;<\/p>\n<p>*******<\/p>\n","protected":false},"excerpt":{"rendered":"<p>****** &nbsp; DI ROBERTO MIANA, PORTAVOCE DELL&#8217;ALLEGHE HOCKEY Il difensore e vicecapitano Nicola Soppelsa, infortunatosi ad una spalla (lussazione) nella gara casalinga contro il Pergine del 23 novembre, \u00e8 tornato ad allenarsi, ma al momento ancora senza forzare. Nicola potrebbe essere a disposizione di coach Surenkin da met\u00e0 gennaio. Il suo rientro sar\u00e0 comunque valutato&hellip;<\/p>\n","protected":false},"author":4,"featured_media":427485,"comment_status":"closed","ping_status":"closed","sticky":false,"template":"","format":"standard","meta":{"_monsterinsights_skip_tracking":false,"_monsterinsights_sitenote_active":false,"_monsterinsights_sitenote_note":"","_monsterinsights_sitenote_category":0,"footnotes":""},"categories":[49],"tags":[],"class_list":["post-427484","post","type-post","status-publish","format-standard","has-post-thumbnail","hentry","category-news-18","category-49","description-off"],"img_url":"https:\/\/www.radiopiu.net\/wordpress\/wp-content\/uploads\/2025\/01\/0b54c213-d7f6-44a0-be7f-b5201a64f762.jpg","_links":{"self":[{"href":"https:\/\/www.radiopiu.net\/wordpress\/wp-json\/wp\/v2\/posts\/427484","targetHints":{"allow":["GET"]}}],"collection":[{"href":"https:\/\/www.radiopiu.net\/wordpress\/wp-json\/wp\/v2\/posts"}],"about":[{"href":"https:\/\/www.radiopiu.net\/wordpress\/wp-json\/wp\/v2\/types\/post"}],"author":[{"embeddable":true,"href":"https:\/\/www.radiopiu.net\/wordpress\/wp-json\/wp\/v2\/users\/4"}],"replies":[{"embeddable":true,"href":"https:\/\/www.radiopiu.net\/wordpress\/wp-json\/wp\/v2\/comments?post=427484"}],"version-history":[{"count":1,"href":"https:\/\/www.radiopiu.net\/wordpress\/wp-json\/wp\/v2\/posts\/427484\/revisions"}],"predecessor-version":[{"id":427486,"href":"https:\/\/www.radiopiu.net\/wordpress\/wp-json\/wp\/v2\/posts\/427484\/revisions\/427486"}],"wp:featuredmedia":[{"embeddable":true,"href":"https:\/\/www.radiopiu.net\/wordpress\/wp-json\/wp\/v2\/media\/427485"}],"wp:attachment":[{"href":"https:\/\/www.radiopiu.net\/wordpress\/wp-json\/wp\/v2\/media?parent=427484"}],"wp:term":[{"taxonomy":"category","embeddable":true,"href":"https:\/\/www.radiopiu.net\/wordpress\/wp-json\/wp\/v2\/categories?post=427484"},{"taxonomy":"post_tag","embeddable":true,"href":"https:\/\/www.radiopiu.net\/wordpress\/wp-json\/wp\/v2\/tags?post=427484"}],"curies":[{"name":"wp","href":"https:\/\/api.w.org\/{rel}","templated":true}]}}