{"id":427513,"date":"2025-01-01T17:17:32","date_gmt":"2025-01-01T16:17:32","guid":{"rendered":"https:\/\/www.radiopiu.net\/wordpress\/?p=427513"},"modified":"2025-01-01T17:17:32","modified_gmt":"2025-01-01T16:17:32","slug":"i-maggiorenni-protagonisti-di-una-giornata-allinsegna-del-senso-civico-e-della-cittadinanza-attiva","status":"publish","type":"post","link":"https:\/\/www.radiopiu.net\/wordpress\/i-maggiorenni-protagonisti-di-una-giornata-allinsegna-del-senso-civico-e-della-cittadinanza-attiva\/","title":{"rendered":"I MAGGIORENNI PROTAGONISTI DI UNA GIORNATA ALL&#8217;INSEGNA DEL SENSO CIVICO E DELLA CITTADINANZA ATTIVA"},"content":{"rendered":"<p>*******<\/p>\n<p>&nbsp;<\/p>\n<p><strong><a class=\"dt-pswp-item\" href=\"https:\/\/www.radiopiu.net\/wordpress\/wp-content\/uploads\/2025\/01\/76ccc27a-60cc-4c5c-b0bc-479712d3390c.jpg\" data-dt-img-description=\"\" data-large_image_width=\"1507\" data-large_image_height=\"707\"><img loading=\"lazy\" decoding=\"async\" class=\" wp-image-427514 alignleft\" src=\"https:\/\/www.radiopiu.net\/wordpress\/wp-content\/uploads\/2025\/01\/76ccc27a-60cc-4c5c-b0bc-479712d3390c-300x141.jpg\" alt=\"\" width=\"223\" height=\"105\" srcset=\"https:\/\/www.radiopiu.net\/wordpress\/wp-content\/uploads\/2025\/01\/76ccc27a-60cc-4c5c-b0bc-479712d3390c-300x141.jpg 300w, https:\/\/www.radiopiu.net\/wordpress\/wp-content\/uploads\/2025\/01\/76ccc27a-60cc-4c5c-b0bc-479712d3390c-1024x480.jpg 1024w, https:\/\/www.radiopiu.net\/wordpress\/wp-content\/uploads\/2025\/01\/76ccc27a-60cc-4c5c-b0bc-479712d3390c-768x360.jpg 768w, https:\/\/www.radiopiu.net\/wordpress\/wp-content\/uploads\/2025\/01\/76ccc27a-60cc-4c5c-b0bc-479712d3390c.jpg 1507w\" sizes=\"auto, (max-width: 223px) 100vw, 223px\" \/><\/a>AGORDO <\/strong>Venerd\u00ec 20 dicembre 2024, presso il municipio di Agordo, i giovani neomaggiorenni sono stati protagonisti di un evento significativo dedicato ai valori della cittadinanza attiva, del senso civico e dell&#8217;impegno sociale. Durante la cerimonia, i ragazzi hanno ricevuto una copia della Costituzione Italiana, simbolo dei diritti e dei doveri su cui si fonda la nostra Repubblica. L&#8217;incontro, fortemente voluto dall&#8217;amministrazione comunale, ha visto la partecipazione del Sindaco Roberto Chissal\u00e8 e del consigliere delegato alle politiche giovanili, Samuel Da Campo, i quali hanno sottolineato l&#8217;importanza del coinvolgimento attivo nella comunit\u00e0, anche attraverso il volontariato. All&#8217;evento erano presenti anche tre importanti realt\u00e0 associative del territorio: Avis, Admo e Protezione Civile, che hanno condiviso con i giovani le loro esperienze, evidenziando il valore del loro operato per la comunit\u00e0. L&#8217;iniziativa ha riscosso grande successo e partecipazione, dimostrando l&#8217;entusiasmo e la sensibilit\u00e0 dei giovani verso temi fondamentali per una societ\u00e0 pi\u00f9 consapevole e solidale. Un momento significativo che rappresenta non solo un rito di passaggio alla vita adulta, ma anche un invito concreto a diventare cittadini responsabili e attivi.<\/p>\n<p>&nbsp;<\/p>\n<p>&nbsp;<\/p>\n<p>&nbsp;<\/p>\n<p>********<\/p>\n","protected":false},"excerpt":{"rendered":"<p>******* &nbsp; AGORDO Venerd\u00ec 20 dicembre 2024, presso il municipio di Agordo, i giovani neomaggiorenni sono stati protagonisti di un evento significativo dedicato ai valori della cittadinanza attiva, del senso civico e dell&#8217;impegno sociale. Durante la cerimonia, i ragazzi hanno ricevuto una copia della Costituzione Italiana, simbolo dei diritti e dei doveri su cui si&hellip;<\/p>\n","protected":false},"author":4,"featured_media":427514,"comment_status":"closed","ping_status":"closed","sticky":false,"template":"","format":"standard","meta":{"_monsterinsights_skip_tracking":false,"_monsterinsights_sitenote_active":false,"_monsterinsights_sitenote_note":"","_monsterinsights_sitenote_category":0,"footnotes":""},"categories":[49],"tags":[],"class_list":["post-427513","post","type-post","status-publish","format-standard","has-post-thumbnail","hentry","category-news-18","category-49","description-off"],"img_url":"https:\/\/www.radiopiu.net\/wordpress\/wp-content\/uploads\/2025\/01\/76ccc27a-60cc-4c5c-b0bc-479712d3390c.jpg","_links":{"self":[{"href":"https:\/\/www.radiopiu.net\/wordpress\/wp-json\/wp\/v2\/posts\/427513","targetHints":{"allow":["GET"]}}],"collection":[{"href":"https:\/\/www.radiopiu.net\/wordpress\/wp-json\/wp\/v2\/posts"}],"about":[{"href":"https:\/\/www.radiopiu.net\/wordpress\/wp-json\/wp\/v2\/types\/post"}],"author":[{"embeddable":true,"href":"https:\/\/www.radiopiu.net\/wordpress\/wp-json\/wp\/v2\/users\/4"}],"replies":[{"embeddable":true,"href":"https:\/\/www.radiopiu.net\/wordpress\/wp-json\/wp\/v2\/comments?post=427513"}],"version-history":[{"count":1,"href":"https:\/\/www.radiopiu.net\/wordpress\/wp-json\/wp\/v2\/posts\/427513\/revisions"}],"predecessor-version":[{"id":427515,"href":"https:\/\/www.radiopiu.net\/wordpress\/wp-json\/wp\/v2\/posts\/427513\/revisions\/427515"}],"wp:featuredmedia":[{"embeddable":true,"href":"https:\/\/www.radiopiu.net\/wordpress\/wp-json\/wp\/v2\/media\/427514"}],"wp:attachment":[{"href":"https:\/\/www.radiopiu.net\/wordpress\/wp-json\/wp\/v2\/media?parent=427513"}],"wp:term":[{"taxonomy":"category","embeddable":true,"href":"https:\/\/www.radiopiu.net\/wordpress\/wp-json\/wp\/v2\/categories?post=427513"},{"taxonomy":"post_tag","embeddable":true,"href":"https:\/\/www.radiopiu.net\/wordpress\/wp-json\/wp\/v2\/tags?post=427513"}],"curies":[{"name":"wp","href":"https:\/\/api.w.org\/{rel}","templated":true}]}}