{"id":427537,"date":"2025-01-03T05:44:29","date_gmt":"2025-01-03T04:44:29","guid":{"rendered":"https:\/\/www.radiopiu.net\/wordpress\/?p=427537"},"modified":"2025-01-03T09:05:33","modified_gmt":"2025-01-03T08:05:33","slug":"giornale-radiopiu-03-gennaio-2025-direttore-mirko-mezzacasada-41-anni-25-giugno-1983-25-giugno-2024","status":"publish","type":"post","link":"https:\/\/www.radiopiu.net\/wordpress\/giornale-radiopiu-03-gennaio-2025-direttore-mirko-mezzacasada-41-anni-25-giugno-1983-25-giugno-2024\/","title":{"rendered":"GIORNALE RADIOPIU 03 GENNAIO 2025 DIRETTORE MIRKO MEZZACASA\u2026DA 41 ANNI 25 GIUGNO 1983-25 GIUGNO 2024"},"content":{"rendered":"<p>********<\/p>\n<p>&nbsp;<\/p>\n<p><em><span style=\"color: #ff0000;\"><a class=\"dt-pswp-item\" href=\"https:\/\/www.radiopiu.net\/wordpress\/wp-content\/uploads\/2024\/10\/Senza-nome-8.png\" data-dt-img-description=\"\" data-large_image_width=\"343\" data-large_image_height=\"303\"><img loading=\"lazy\" decoding=\"async\" class=\"wp-image-412130 alignleft\" src=\"https:\/\/www.radiopiu.net\/wordpress\/wp-content\/uploads\/2024\/10\/Senza-nome-8-300x265.png\" alt=\"\" width=\"105\" height=\"93\" srcset=\"https:\/\/www.radiopiu.net\/wordpress\/wp-content\/uploads\/2024\/10\/Senza-nome-8-300x265.png 300w, https:\/\/www.radiopiu.net\/wordpress\/wp-content\/uploads\/2024\/10\/Senza-nome-8.png 343w\" sizes=\"auto, (max-width: 105px) 100vw, 105px\" \/><\/a><\/span><\/em><strong><em><span style=\"color: #ff0000;\"> LA\u00a0 APP PER IOS-IPHONE di Nicola Vettorello<\/span><\/em><\/strong><\/p>\n<p><strong><span style=\"color: #0000ff;\"><a style=\"color: #0000ff;\" href=\"https:\/\/apps.apple.com\/it\/app\/radio-pi%C3%B9-emittente-agordina\/id1515939845\">https:\/\/apps.apple.com\/it\/app\/radio-pi%C3%B9-emittente-agordina\/id1515939845<\/a><\/span><\/strong><\/p>\n<p><strong><em style=\"color: #ff0000;\">LA\u00a0 APP RADIO\u00a0 PER ANDROID di Nicola Vettorello<\/em><\/strong><\/p>\n<p><strong><span style=\"color: #0000ff;\"><a style=\"color: #0000ff;\" href=\"https:\/\/play.google.com\/store\/apps\/details?id=net.radiopiu.iniko\" target=\"_blank\" rel=\"noopener noreferrer\">https:\/\/<\/a><a style=\"color: #0000ff;\" href=\"https:\/\/play.google.com\/store\/apps\/details?id=net.radiopiu.iniko\" target=\"_blank\" rel=\"noopener noreferrer\">play.google.com\/store\/apps\/details?id=net.radiopiu.iniko\u00a0\u00a0\u00a0<\/a><\/span><\/strong><\/p>\n<p>&nbsp;<\/p>\n<p>&nbsp;<\/p>\n<p>&nbsp;<\/p>\n<hr \/>\n<p>&nbsp;<\/p>\n<p>&nbsp;<\/p>\n<p><strong><a class=\"dt-pswp-item\" href=\"https:\/\/www.radiopiu.net\/wordpress\/wp-content\/uploads\/2024\/12\/radionatale-stampa.jpg\" data-dt-img-description=\"\" data-large_image_width=\"1599\" data-large_image_height=\"933\"><img loading=\"lazy\" decoding=\"async\" class=\" wp-image-422556 alignleft\" src=\"https:\/\/www.radiopiu.net\/wordpress\/wp-content\/uploads\/2024\/12\/radionatale-stampa-300x175.jpg\" alt=\"\" width=\"146\" height=\"85\" srcset=\"https:\/\/www.radiopiu.net\/wordpress\/wp-content\/uploads\/2024\/12\/radionatale-stampa-300x175.jpg 300w, https:\/\/www.radiopiu.net\/wordpress\/wp-content\/uploads\/2024\/12\/radionatale-stampa-1024x597.jpg 1024w, https:\/\/www.radiopiu.net\/wordpress\/wp-content\/uploads\/2024\/12\/radionatale-stampa-768x448.jpg 768w, https:\/\/www.radiopiu.net\/wordpress\/wp-content\/uploads\/2024\/12\/radionatale-stampa-1536x896.jpg 1536w, https:\/\/www.radiopiu.net\/wordpress\/wp-content\/uploads\/2024\/12\/radionatale-stampa.jpg 1599w\" sizes=\"auto, (max-width: 146px) 100vw, 146px\" \/><\/a><\/strong><\/p>\n<p><strong>rassegna stampa nazionale,<\/strong> ogni giorno alle 5 e alle 6 del mattino.<br \/>\ngiornali locali 7 rassegna stampa flash, 8 rassegna stampa, gr flash alle 10 e alle 11, principale 12.30. Informazione pomeriggio ogni ora fino alle 20, in coda ai notiziari nazionali. Giornale radio nazionale: ogni ora dalle 4 del mattino, alle 20 della sera. Alle 19 le anticipazioni dal TG di Antenna 3 di Tiziana Bolognani.<\/p>\n<p><strong>SPECIALI: ALLE 10.30<\/strong> IL DOTTOR CESARE DAL BO&#8217;, DAL POLIAMBULATORIO AGORDINO. INTERVISTA DI INIZIO ANNO AL DIRETTORE DEL CENTRO MEDICO IN LOCALIT\u00e0 VALCOZZENA. <strong>ALLE 14.00<\/strong> MUSIC ABC CON MARINA E DAVID, <strong>ALLE 15<\/strong> SPECIALE WEEK END MARINA C&#8217;E&#8217; <strong>16.45<\/strong> LE HIT, LA STORIA DELLA MUSICA ALLA RADIO CON MIRCO BENCIVENNI<\/p>\n<p>&nbsp;<\/p>\n<hr \/>\n<p>&nbsp;<\/p>\n<p>&nbsp;<\/p>\n<div class=\"x11i5rnm xat24cr x1mh8g0r x1vvkbs xtlvy1s x126k92a\">\n<div dir=\"auto\">\n<div dir=\"auto\">\n<p><strong><a class=\"dt-pswp-item\" href=\"https:\/\/www.radiopiu.net\/wordpress\/wp-content\/uploads\/2024\/02\/2d44e751-d8a8-461b-8e22-d8e4e853b032.jpg\" data-dt-img-description=\"\" data-large_image_width=\"1600\" data-large_image_height=\"1200\"><img loading=\"lazy\" decoding=\"async\" class=\"wp-image-373307 alignleft\" src=\"https:\/\/www.radiopiu.net\/wordpress\/wp-content\/uploads\/2024\/02\/2d44e751-d8a8-461b-8e22-d8e4e853b032-300x225.jpg\" alt=\"\" width=\"105\" height=\"79\" srcset=\"https:\/\/www.radiopiu.net\/wordpress\/wp-content\/uploads\/2024\/02\/2d44e751-d8a8-461b-8e22-d8e4e853b032-300x225.jpg 300w, https:\/\/www.radiopiu.net\/wordpress\/wp-content\/uploads\/2024\/02\/2d44e751-d8a8-461b-8e22-d8e4e853b032-1024x768.jpg 1024w, https:\/\/www.radiopiu.net\/wordpress\/wp-content\/uploads\/2024\/02\/2d44e751-d8a8-461b-8e22-d8e4e853b032-768x576.jpg 768w, https:\/\/www.radiopiu.net\/wordpress\/wp-content\/uploads\/2024\/02\/2d44e751-d8a8-461b-8e22-d8e4e853b032-1536x1152.jpg 1536w, https:\/\/www.radiopiu.net\/wordpress\/wp-content\/uploads\/2024\/02\/2d44e751-d8a8-461b-8e22-d8e4e853b032.jpg 1600w\" sizes=\"auto, (max-width: 105px) 100vw, 105px\" \/><\/a>EL BAL DEL FIOR, DI GIULIANA DA RONCH, 03 GENNAIO<\/strong><strong> 2025<\/strong><\/p>\n<\/div>\n<\/div>\n<\/div>\n<div class=\"x11i5rnm xat24cr x1mh8g0r x1vvkbs xtlvy1s x126k92a\">\n<audio class=\"wp-audio-shortcode\" id=\"audio-427537-1\" preload=\"none\" style=\"width: 100%;\" controls=\"controls\"><source type=\"audio\/mpeg\" src=\"https:\/\/www.radiopiu.net\/wordpress\/wp-content\/uploads\/2024\/12\/GVE-4.mp3?_=1\" \/><a href=\"https:\/\/www.radiopiu.net\/wordpress\/wp-content\/uploads\/2024\/12\/GVE-4.mp3\">https:\/\/www.radiopiu.net\/wordpress\/wp-content\/uploads\/2024\/12\/GVE-4.mp3<\/a><\/audio>\n<p>&nbsp;<\/p>\n<hr \/>\n<p>&nbsp;<\/p>\n<p>&nbsp;<\/p>\n<blockquote>\n<h1><strong><a class=\"dt-pswp-item\" href=\"https:\/\/www.radiopiu.net\/wordpress\/wp-content\/uploads\/2024\/10\/629301fd-708d-4f53-95c2-d28cbefd500f.jpg\" data-dt-img-description=\"\" data-large_image_width=\"1600\" data-large_image_height=\"1322\"><img loading=\"lazy\" decoding=\"async\" class=\"wp-image-413782 alignright\" src=\"https:\/\/www.radiopiu.net\/wordpress\/wp-content\/uploads\/2024\/10\/629301fd-708d-4f53-95c2-d28cbefd500f-300x248.jpg\" alt=\"\" width=\"106\" height=\"88\" srcset=\"https:\/\/www.radiopiu.net\/wordpress\/wp-content\/uploads\/2024\/10\/629301fd-708d-4f53-95c2-d28cbefd500f-300x248.jpg 300w, https:\/\/www.radiopiu.net\/wordpress\/wp-content\/uploads\/2024\/10\/629301fd-708d-4f53-95c2-d28cbefd500f-1024x846.jpg 1024w, https:\/\/www.radiopiu.net\/wordpress\/wp-content\/uploads\/2024\/10\/629301fd-708d-4f53-95c2-d28cbefd500f-768x635.jpg 768w, https:\/\/www.radiopiu.net\/wordpress\/wp-content\/uploads\/2024\/10\/629301fd-708d-4f53-95c2-d28cbefd500f-1536x1269.jpg 1536w, https:\/\/www.radiopiu.net\/wordpress\/wp-content\/uploads\/2024\/10\/629301fd-708d-4f53-95c2-d28cbefd500f.jpg 1600w\" sizes=\"auto, (max-width: 106px) 100vw, 106px\" \/><\/a><\/strong><\/h1>\n<h1><strong><a class=\"dt-pswp-item\" href=\"https:\/\/www.radiopiu.net\/wordpress\/wp-content\/uploads\/2024\/11\/th-18.jpg\" data-dt-img-description=\"\" data-large_image_width=\"156\" data-large_image_height=\"180\"><img loading=\"lazy\" decoding=\"async\" class=\"size-full wp-image-421611 alignleft\" src=\"https:\/\/www.radiopiu.net\/wordpress\/wp-content\/uploads\/2024\/11\/th-18.jpg\" alt=\"\" width=\"156\" height=\"180\" \/><\/a><\/strong><\/h1>\n<h1><strong>N di parom &#8211; L Almanach de la nosta jent<\/strong><\/h1>\n<\/blockquote>\n<p>&nbsp;<\/p>\n<p>Le voci: Davide Conedera, Agordo, Michela Dell&#8217;Osbel, La Valle Agordina Simone Ganz, Falcade Veronica Lezuo, Colle Santa Lucia. La voce nella sigla \u00e8 di Giorgia Taio<\/p>\n<p>&nbsp;<\/p>\n<p><strong>LA PUNTATA DI OGGI, 03 GENNAIO 2025<\/strong><\/p>\n<\/div>\n<div class=\"x11i5rnm xat24cr x1mh8g0r x1vvkbs xtlvy1s x126k92a\">\n<div dir=\"auto\">\n<audio class=\"wp-audio-shortcode\" id=\"audio-427537-2\" preload=\"none\" style=\"width: 100%;\" controls=\"controls\"><source type=\"audio\/mpeg\" src=\"https:\/\/www.radiopiu.net\/wordpress\/wp-content\/uploads\/2024\/12\/AL5-4.mp3?_=2\" \/><a href=\"https:\/\/www.radiopiu.net\/wordpress\/wp-content\/uploads\/2024\/12\/AL5-4.mp3\">https:\/\/www.radiopiu.net\/wordpress\/wp-content\/uploads\/2024\/12\/AL5-4.mp3<\/a><\/audio>\n<p>&nbsp;<\/p>\n<hr \/>\n<\/div>\n<\/div>\n<blockquote>\n<blockquote>\n<h1><span style=\"color: #ff0000;\">\u00a0<\/span><\/h1>\n<h1><span style=\"color: #ff0000;\">I podcast informativi del mattino &#8211; audio &#8211;\u00a0\u00a0<\/span><\/h1>\n<\/blockquote>\n<p><strong><a class=\"dt-pswp-item\" href=\"https:\/\/www.radiopiu.net\/wordpress\/wp-content\/uploads\/2024\/11\/6.jpg\" data-dt-img-description=\"\" data-large_image_width=\"177\" data-large_image_height=\"180\"><img loading=\"lazy\" decoding=\"async\" class=\"size-full wp-image-417911 alignleft\" src=\"https:\/\/www.radiopiu.net\/wordpress\/wp-content\/uploads\/2024\/11\/6.jpg\" alt=\"\" width=\"177\" height=\"180\" \/><\/a>LA RASSEGNA STAMPA NAZIONALE ALLA RADIO, OGNI GIORNO ALLE 5 E ALLE 6 DEL MATTINO <span style=\"color: #0000ff;\">viene pubblicata alle 6.00 <span style=\"color: #ff0000;\">DIRETTA RADIO\u00a0 \u00a0\u00a0<\/span><\/span><\/strong><\/p><\/blockquote>\n<p>&nbsp;<\/p>\n<p><strong>NOTIZIE DELLA NOTTE<\/strong><\/p>\n<p><strong>Ong, raid di Israele<\/strong> contro esercito siriano vicino ad Aleppo<br \/>\n<strong>Fratello killer N w Orleans<\/strong>, &#8216;nessun segno di radicalizzazione&#8217; <strong>Zelensky,<\/strong> Trump imprevedibile, pu\u00f2 aiutare a fermare Putin <strong>Tajani,<\/strong> domani nostra ambasciatrice a ministero di Teheran <strong>Supercoppa:<\/strong> 2-0 all&#8217;Atalanta, l&#8217;Inter in finale <strong>Meghan Markle<\/strong> torna sui social e in tv, con una serie di cucina <strong>Tornato a casa<\/strong> italiano ferito da squalo a Marsa Alam <strong>Lo spread<\/strong> tra Btp e Bund chiude poco mosso a 116 punti<\/p>\n<h2>AUDIO dalle 6 del mattino<\/h2>\n<audio class=\"wp-audio-shortcode\" id=\"audio-427537-3\" preload=\"none\" style=\"width: 100%;\" controls=\"controls\"><source type=\"audio\/mpeg\" src=\"https:\/\/www.radiopiu.net\/wordpress\/wp-content\/uploads\/2025\/01\/GIORNALEDELLESEI-1.mp3?_=3\" \/><a href=\"https:\/\/www.radiopiu.net\/wordpress\/wp-content\/uploads\/2025\/01\/GIORNALEDELLESEI-1.mp3\">https:\/\/www.radiopiu.net\/wordpress\/wp-content\/uploads\/2025\/01\/GIORNALEDELLESEI-1.mp3<\/a><\/audio>\n<p>&nbsp;<\/p>\n<hr \/>\n<p>&nbsp;<\/p>\n<h1 style=\"text-align: center;\"><span style=\"color: #ff0000;\"><a class=\"dt-pswp-item\" href=\"https:\/\/www.radiopiu.net\/wordpress\/wp-content\/uploads\/2024\/11\/7.jpg\" data-dt-img-description=\"\" data-large_image_width=\"180\" data-large_image_height=\"180\"><img loading=\"lazy\" decoding=\"async\" class=\"size-full wp-image-417912 alignleft\" src=\"https:\/\/www.radiopiu.net\/wordpress\/wp-content\/uploads\/2024\/11\/7.jpg\" alt=\"\" width=\"180\" height=\"180\" srcset=\"https:\/\/www.radiopiu.net\/wordpress\/wp-content\/uploads\/2024\/11\/7.jpg 180w, https:\/\/www.radiopiu.net\/wordpress\/wp-content\/uploads\/2024\/11\/7-150x150.jpg 150w\" sizes=\"auto, (max-width: 180px) 100vw, 180px\" \/><\/a>I podcast informativi del mattino &#8211; audio &#8211;\u00a0<\/span><\/h1>\n<p><strong>OGNI GIORNO ALLE SETTE DEL MATTINO, LA RASSEGNA STAMPA LOCALE FLASH&#8230; PER CHI VA IN FRETTA. I TITOLI DAI GIORNALI E DAL SITO WWW.RADIOPIU.NET <span style=\"color: #0000ff;\">viene pubblicato alle 7.00<\/span> <span style=\"color: #ff0000;\">DIRETTA RADIO\u00a0<\/span><\/strong><\/p>\n<p><em><span style=\"color: #ff0000;\">per chi va in fretta&#8230; tante notizie in pochi minuti. L&#8217;informazione locale alla radio, ogni ora dalle 7 del mattino alle 19 della sera.<\/span><\/em><\/p>\n<div class=\"flex max-w-full flex-col flex-grow\">\n<div class=\"min-h-8 text-message flex w-full flex-col items-end gap-2 whitespace-normal break-words text-start [.text-message+&amp;]:mt-5\" dir=\"auto\" data-message-author-role=\"assistant\" data-message-id=\"260e9343-dfc5-4cee-a53d-e04c46aed491\" data-message-model-slug=\"gpt-4o\">\n<div class=\"flex w-full flex-col gap-1 empty:hidden first:pt-[3px]\">\n<div class=\"markdown prose w-full break-words dark:prose-invert dark\">\n<blockquote>\n<h2><strong>Incidente ad Alleghe: grave una 24enne, giornata critica per il Suem 118 <\/strong><\/h2>\n<\/blockquote>\n<p><strong>ALLEGHE<\/strong> \u2013 Drammatico incidente ieri a Masar\u00e8 di Alleghe, lungo la SR 203 Agordina. Una BMW X1 si \u00e8 scontrata frontalmente con uno ski bus. Una 24enne di Milano \u00e8 stata trasportata in elicottero al C\u00e0 Foncello di Treviso in gravi condizioni. <strong>Nevegal<\/strong> \u2013 Sempre ieri, una bambina ha perso il controllo del bob, battendo la testa. Ricoverata con un forte trauma cranico, non \u00e8 in pericolo di vita. <strong>Ristopub<\/strong> \u2013 A Capodanno, lite tra due comitive degenera in un accoltellamento: un ferito lieve, identificazioni in corso. <strong>Suem 118<\/strong> \u2013 Giornata intensa per gli elicotteri di soccorso, con quattro interventi sulle piste bellunesi, da Canazei a Cortina. <strong>Autostrada A27<\/strong> \u2013 Rincari dei pedaggi e cantieri infiniti scatenano proteste tra gli automobilisti, con petizioni per l\u2019esenzione. <strong>Falcade<\/strong> \u2013 Senso unico temporaneo in Via Garibaldi per gestire il traffico natalizio fino al 6 gennaio. <strong>Cortina<\/strong> \u2013 Primo intervento del 2025 per SIB su una falla all\u2019acquedotto. Riparazione completata in poche ore. <strong>Coscritti di Taibon<\/strong> \u2013 Si chiudono i festeggiamenti con la tradizionale messa di inizio anno e la foto ufficiale. <strong>Innovazione<\/strong> \u2013 EssilorLuxottica acquisisce una startup francese specializzata in IA per migliorare le soluzioni acustiche, rafforzando il settore wearable.<\/p>\n<\/div>\n<\/div>\n<\/div>\n<\/div>\n<div class=\"mb-2 flex gap-3 empty:hidden -ml-2\">\n<div class=\"items-center justify-start rounded-xl p-1 flex\">\n<div class=\"flex items-center\"><\/div>\n<\/div>\n<\/div>\n<h1>AUDIO dalle 7 del mattino<\/h1>\n<audio class=\"wp-audio-shortcode\" id=\"audio-427537-4\" preload=\"none\" style=\"width: 100%;\" controls=\"controls\"><source type=\"audio\/mpeg\" src=\"https:\/\/www.radiopiu.net\/wordpress\/wp-content\/uploads\/2025\/01\/GF07-1.mp3?_=4\" \/><a href=\"https:\/\/www.radiopiu.net\/wordpress\/wp-content\/uploads\/2025\/01\/GF07-1.mp3\">https:\/\/www.radiopiu.net\/wordpress\/wp-content\/uploads\/2025\/01\/GF07-1.mp3<\/a><\/audio>\n<p>&nbsp;<\/p>\n<p>&nbsp;<\/p>\n<hr \/>\n<p>&nbsp;<\/p>\n<h1><\/h1>\n<h1 style=\"text-align: center;\"><span style=\"color: #ff0000;\"><a class=\"dt-pswp-item\" href=\"https:\/\/www.radiopiu.net\/wordpress\/wp-content\/uploads\/2024\/11\/th.jpg\" data-dt-img-description=\"\" data-large_image_width=\"148\" data-large_image_height=\"179\"><img loading=\"lazy\" decoding=\"async\" class=\"size-full wp-image-417913 alignleft\" src=\"https:\/\/www.radiopiu.net\/wordpress\/wp-content\/uploads\/2024\/11\/th.jpg\" alt=\"\" width=\"148\" height=\"179\" \/><\/a>I podcast informativi del mattino &#8211; audio &#8211;\u00a0<\/span><\/h1>\n<blockquote><p><strong>GIORNALE RADIO NAZIONALE, EDIZIONE DELLE SETTE <span style=\"color: #0000ff;\">viene pubblicato alle 7.05 <span style=\"color: #ff0000;\">DIRETTA RADIO\u00a0<\/span><\/span><\/strong><\/p><\/blockquote>\n<p><strong>il giornale radionazionale e&#8217; in onda ogni ora, dalle sette del mattino alle venti della sera\u00a0 \u00a0<\/strong><strong>\u00a0<\/strong><\/p>\n<p><strong><a href=\"https:\/\/www.radiopiu.net\/wordpress\/wp-content\/uploads\/2025\/01\/01912581-ff13-4794-9436-b5154bea584b.webp\"><img loading=\"lazy\" decoding=\"async\" class=\" wp-image-427727 alignleft\" src=\"https:\/\/www.radiopiu.net\/wordpress\/wp-content\/uploads\/2025\/01\/01912581-ff13-4794-9436-b5154bea584b-300x171.webp\" alt=\"\" width=\"212\" height=\"121\" srcset=\"https:\/\/www.radiopiu.net\/wordpress\/wp-content\/uploads\/2025\/01\/01912581-ff13-4794-9436-b5154bea584b-300x171.webp 300w, https:\/\/www.radiopiu.net\/wordpress\/wp-content\/uploads\/2025\/01\/01912581-ff13-4794-9436-b5154bea584b-1024x585.webp 1024w, https:\/\/www.radiopiu.net\/wordpress\/wp-content\/uploads\/2025\/01\/01912581-ff13-4794-9436-b5154bea584b-768x439.webp 768w, https:\/\/www.radiopiu.net\/wordpress\/wp-content\/uploads\/2025\/01\/01912581-ff13-4794-9436-b5154bea584b-1536x878.webp 1536w, https:\/\/www.radiopiu.net\/wordpress\/wp-content\/uploads\/2025\/01\/01912581-ff13-4794-9436-b5154bea584b.webp 1792w\" sizes=\"auto, (max-width: 212px) 100vw, 212px\" \/><\/a>Capodanno di cronaca: feriti, omicidi e incidenti in Italia <\/strong>Il nuovo anno si apre con un bilancio pesante. I botti di Capodanno hanno causato 309 feriti, un numero mai cos\u00ec alto. Tra le vittime, 90 sono minorenni, inclusi bambini, e si registrano numerosi accoltellamenti. <strong>Provaglio di Iseo<\/strong>: un 19enne ha confessato l&#8217;omicidio avvenuto a Capodanno. <strong>Rimini<\/strong>: un egiziano, dopo aver accoltellato 4 persone, \u00e8 stato ucciso dai Carabinieri. <strong>Roma<\/strong>: una coppia gay \u00e8 stata aggredita da 10 persone con botte e insulti omofobi mentre passeggiava mano nella mano. <strong>Terni<\/strong>: un incendio in un appartamento ha causato la morte di due persone e di un cane. <strong>Bari<\/strong>: un neonato \u00e8 stato trovato morto in una culla termica in una chiesa; il parroco non ha ricevuto l\u2019allarme. <strong>Foggia<\/strong>: rubati 70 metri di binari su una linea dismessa. <strong>Meteo<\/strong>: in arrivo maltempo con due perturbazioni. Neve prevista a bassa quota sulle Alpi e possibile ondata di gelo dopo l\u2019Epifania<\/p>\n<h2><span style=\"color: #ff0000;\"><span style=\"color: #0000ff;\">ULTIM&#8217;ORA<\/span> AUDIO dalle sette del mattino, ogni ora alla radio EDIZIONE DELLE SETTE<\/span><\/h2>\n<audio class=\"wp-audio-shortcode\" id=\"audio-427537-5\" preload=\"none\" style=\"width: 100%;\" controls=\"controls\"><source type=\"audio\/mpeg\" src=\"https:\/\/www.radiopiu.net\/wordpress\/wp-content\/uploads\/2025\/01\/giornale07-2.mp3?_=5\" \/><a href=\"https:\/\/www.radiopiu.net\/wordpress\/wp-content\/uploads\/2025\/01\/giornale07-2.mp3\">https:\/\/www.radiopiu.net\/wordpress\/wp-content\/uploads\/2025\/01\/giornale07-2.mp3<\/a><\/audio>\n<p>&nbsp;<\/p>\n<hr \/>\n<p>&nbsp;<\/p>\n<p>&nbsp;<\/p>\n<h1><span style=\"color: #ff0000;\"><a class=\"dt-pswp-item\" href=\"https:\/\/www.radiopiu.net\/wordpress\/wp-content\/uploads\/2024\/11\/8.jpg\" data-dt-img-description=\"\" data-large_image_width=\"180\" data-large_image_height=\"180\"><img loading=\"lazy\" decoding=\"async\" class=\"size-full wp-image-417910 alignleft\" src=\"https:\/\/www.radiopiu.net\/wordpress\/wp-content\/uploads\/2024\/11\/8.jpg\" alt=\"\" width=\"180\" height=\"180\" srcset=\"https:\/\/www.radiopiu.net\/wordpress\/wp-content\/uploads\/2024\/11\/8.jpg 180w, https:\/\/www.radiopiu.net\/wordpress\/wp-content\/uploads\/2024\/11\/8-150x150.jpg 150w\" sizes=\"auto, (max-width: 180px) 100vw, 180px\" \/><\/a>I podcast informativi del mattino &#8211; video &#8211;\u00a0<\/span><\/h1>\n<h2 style=\"text-align: left;\"><strong>RASSEGNA STAMPA LOCALE, ORE OTTO<\/strong><\/h2>\n<h2><strong> <span style=\"color: #0000ff;\">viene\u00a0 <\/span><\/strong><strong><span style=\"color: #0000ff;\">pubblicata alle 8.05 <span style=\"color: #ff0000;\">DIRETTA RADIO\u00a0 \u00a0<\/span><\/span><\/strong><strong>DI MIRKO MEZZACASA<\/strong><\/h2>\n<h2><span style=\"color: #ff0000;\"><strong>\u00a0<\/strong><\/span><\/h2>\n<h2><span style=\"color: #ff0000;\"><strong>\u00a0<\/strong><\/span><\/h2>\n<h1><span style=\"color: #ff0000;\"><strong>VIDEO\u00a0 \u00a0in diretta dalle 8 del mattino\u00a0 \u00a0per ASCOLTARE<\/strong><\/span><\/h1>\n<p>&nbsp;<\/p>\n\n\t\t\t<style type='text\/css'>\n\t\t\t\t#gallery-1 {\n\t\t\t\t\tmargin: auto;\n\t\t\t\t}\n\t\t\t\t#gallery-1 .gallery-item {\n\t\t\t\t\tfloat: left;\n\t\t\t\t\tmargin-top: 10px;\n\t\t\t\t\ttext-align: center;\n\t\t\t\t\twidth: 50%;\n\t\t\t\t}\n\t\t\t\t#gallery-1 img {\n\t\t\t\t\tborder: 2px solid #cfcfcf;\n\t\t\t\t}\n\t\t\t\t#gallery-1 .gallery-caption {\n\t\t\t\t\tmargin-left: 0;\n\t\t\t\t}\n\t\t\t\t\/* see gallery_shortcode() in wp-includes\/media.php *\/\n\t\t\t<\/style>\n\t\t<div id='gallery-1' class='dt-gallery-container gallery galleryid-427537 gallery-columns-2 gallery-size-medium'><dl class='gallery-item'>\n\t\t\t\t<dt class='gallery-icon landscape'>\n\t\t\t\t\t<a class=\"rollover rollover-zoom dt-pswp-item\" title=\"COOP1\" data-dt-img-description=\"\" data-large_image_width=\"524\" data-large_image_height=\"379\"href='https:\/\/www.radiopiu.net\/wordpress\/wp-content\/uploads\/2025\/01\/COOP1-1.png'><img loading=\"lazy\" decoding=\"async\" width=\"300\" height=\"217\" src=\"https:\/\/www.radiopiu.net\/wordpress\/wp-content\/uploads\/2025\/01\/COOP1-1-300x217.png\" class=\"attachment-medium size-medium\" alt=\"\" srcset=\"https:\/\/www.radiopiu.net\/wordpress\/wp-content\/uploads\/2025\/01\/COOP1-1-300x217.png 300w, https:\/\/www.radiopiu.net\/wordpress\/wp-content\/uploads\/2025\/01\/COOP1-1.png 524w\" sizes=\"auto, (max-width: 300px) 100vw, 300px\" \/><\/a>\n\t\t\t\t<\/dt><\/dl><dl class='gallery-item'>\n\t\t\t\t<dt class='gallery-icon landscape'>\n\t\t\t\t\t<a class=\"rollover rollover-zoom dt-pswp-item\" title=\"COOP2\" data-dt-img-description=\"\" data-large_image_width=\"506\" data-large_image_height=\"333\"href='https:\/\/www.radiopiu.net\/wordpress\/wp-content\/uploads\/2025\/01\/COOP2-1.png'><img loading=\"lazy\" decoding=\"async\" width=\"300\" height=\"197\" src=\"https:\/\/www.radiopiu.net\/wordpress\/wp-content\/uploads\/2025\/01\/COOP2-1-300x197.png\" class=\"attachment-medium size-medium\" alt=\"\" srcset=\"https:\/\/www.radiopiu.net\/wordpress\/wp-content\/uploads\/2025\/01\/COOP2-1-300x197.png 300w, https:\/\/www.radiopiu.net\/wordpress\/wp-content\/uploads\/2025\/01\/COOP2-1.png 506w\" sizes=\"auto, (max-width: 300px) 100vw, 300px\" \/><\/a>\n\t\t\t\t<\/dt><\/dl><br style=\"clear: both\" \/>\n\t\t\t<\/div>\n\n<h1><span style=\"color: #ff0000;\"><strong>\u00a0<iframe loading=\"lazy\" style=\"border: none; overflow: hidden;\" src=\"https:\/\/www.facebook.com\/plugins\/video.php?height=314&amp;href=https%3A%2F%2Fwww.facebook.com%2Fradiopiu%2Fvideos%2F621553677118384%2F&amp;show_text=false&amp;width=560&amp;t=0\" width=\"560\" height=\"314\" frameborder=\"0\" scrolling=\"no\" allowfullscreen=\"allowfullscreen\"><\/iframe><\/strong><\/span><\/h1>\n<blockquote>\n<h1 style=\"text-align: center;\"><\/h1>\n<p>&nbsp;<\/p><\/blockquote>\n<hr \/>\n<p>&nbsp;<\/p>\n<p><strong><a class=\"dt-pswp-item\" href=\"https:\/\/www.radiopiu.net\/wordpress\/wp-content\/uploads\/2023\/12\/ANTENNA.png\" data-dt-img-description=\"\" data-large_image_width=\"300\" data-large_image_height=\"166\"><img loading=\"lazy\" decoding=\"async\" class=\"wp-image-366306 alignright\" src=\"https:\/\/www.radiopiu.net\/wordpress\/wp-content\/uploads\/2023\/12\/ANTENNA.png\" alt=\"\" width=\"101\" height=\"56\" \/><\/a><a class=\"dt-pswp-item\" href=\"https:\/\/www.radiopiu.net\/wordpress\/wp-content\/uploads\/2024\/11\/th-17.jpg\" data-dt-img-description=\"\" data-large_image_width=\"224\" data-large_image_height=\"180\"><img loading=\"lazy\" decoding=\"async\" class=\" wp-image-421610 alignleft\" src=\"https:\/\/www.radiopiu.net\/wordpress\/wp-content\/uploads\/2024\/11\/th-17.jpg\" alt=\"\" width=\"167\" height=\"134\" \/><\/a>ogni sera alle 19 le anticipazioni alla radio, quello che poi seguirete nel TELEGIORNALE BELLUNESE\u00a0 in onda alle 19.30 sul CANALE 10 del digitale terrestre.\u00a0\u00a0<\/strong><\/p>\n<p>&nbsp;<\/p>\n<p><strong>IERI SERA, LE ANTICIPAZIONI DI\u00a0 FABIO FIORAVANZI<\/strong><\/p>\n<audio class=\"wp-audio-shortcode\" id=\"audio-427537-6\" preload=\"none\" style=\"width: 100%;\" controls=\"controls\"><source type=\"audio\/mpeg\" src=\"https:\/\/www.radiopiu.net\/wordpress\/wp-content\/uploads\/2025\/01\/ANTENNA3.mp3?_=6\" \/><a href=\"https:\/\/www.radiopiu.net\/wordpress\/wp-content\/uploads\/2025\/01\/ANTENNA3.mp3\">https:\/\/www.radiopiu.net\/wordpress\/wp-content\/uploads\/2025\/01\/ANTENNA3.mp3<\/a><\/audio>\n<p>&nbsp;<\/p>\n<blockquote>\n<h1><span style=\"color: #ff0000;\">\u00a0<\/span><\/h1>\n<h1><span style=\"color: #ff0000;\">\u00a0<\/span><\/h1>\n<\/blockquote>\n<hr \/>\n<p>&nbsp;<\/p>\n<blockquote>\n<div class=\"page-title-head hgroup\">\n<h1 class=\"entry-title\">IERI sulle strade: 3 FERITI AD ALLEGHE, 2 A FALCADE-PASSO VALLES<\/h1>\n<\/div>\n<div class=\"page-title-breadcrumbs\"><\/div>\n<p><em><strong>Drammatico rientro dalle piste da sci, famiglia coinvolta nell\u2019incidente a Masar\u00e8. Ferita la ragazza, incolume il fidanzato. Ferito anche il padre 58enne e il 59enne autista dello ski bus. Intervenuta subito l\u2019ambulanza di Livinallongo (Croce Bianca) in transito,\u00a0 e 2 Ambulanze Croce Verde Alleghe, Pronto Soccorso Agordo ed elicottero Falco<\/strong><\/em><\/p><\/blockquote>\n<p>&nbsp;<\/p>\n<p><strong><img loading=\"lazy\" decoding=\"async\" class=\"aligncenter\" src=\"https:\/\/www.radiopiu.net\/wordpress\/wp-content\/uploads\/2025\/01\/baa41e8d-9ea9-430c-a6e2-da5455e78a40.jpg\" width=\"510\" height=\"479\" \/><\/strong><\/p>\n<p>&nbsp;<\/p>\n<p>&nbsp;<\/p>\n<p><strong>ALLEGHE<\/strong> Incidente stradale di fronte all&#8217;Hotel Barance a Masar\u00e8 di Alleghe lungo la strada regionale 203 Agordina. Una BMW X1 \u00e8 entrata in collisione con lo Ski Bus della ditta Reali di Pesaro che stava viaggiando in senso opposto (direzione Cencenighe-Alleghe). Traffico rimasto bloccato per molto tempo anche per consentire i primi soccorsi alle persone coinvolte nell&#8217;impatto. Sul posto i Vigili del Fuoco permanenti di Agordo e i volontari di Caprile che hanno messo in sicurezza la strada. Presenti anche le ambulanze e l&#8217;elicottero del Suem 118. Tre le persone rimaste ferite di cui una elitrasportata al nosocomio di Treviso. Due feriti\u00a0 con traumi minori un uomo 59 anni abruzzese, un 58enne di Milano, pi\u00f9 serie le condizioni di una ragazza di 24 anni di Milano portata in elicottero al C\u00e0 Foncello di\u00a0 Treviso con codice 3. Tra i tre feriti anche il conducente del bus.<\/p>\n<div class=\"x11i5rnm xat24cr x1mh8g0r x1vvkbs xtlvy1s x126k92a\">\n<div dir=\"auto\"><strong>FALCADE<\/strong>\u00a0 incidente stradale tra due autovetture sul Passo Valles localit\u00e0 Sussistenza,\u00a0 in comune di Falcade,\u00a0 2 feriti non gravi. Anche in questo caso gravi ripercussioni sulla viabilit\u00e0 all&#8217;ora del rientro dalle piste da sci Sul posto i volontari di Caprile<\/div>\n<\/div>\n\n\t\t\t<style type='text\/css'>\n\t\t\t\t#gallery-2 {\n\t\t\t\t\tmargin: auto;\n\t\t\t\t}\n\t\t\t\t#gallery-2 .gallery-item {\n\t\t\t\t\tfloat: left;\n\t\t\t\t\tmargin-top: 10px;\n\t\t\t\t\ttext-align: center;\n\t\t\t\t\twidth: 33%;\n\t\t\t\t}\n\t\t\t\t#gallery-2 img {\n\t\t\t\t\tborder: 2px solid #cfcfcf;\n\t\t\t\t}\n\t\t\t\t#gallery-2 .gallery-caption {\n\t\t\t\t\tmargin-left: 0;\n\t\t\t\t}\n\t\t\t\t\/* see gallery_shortcode() in wp-includes\/media.php *\/\n\t\t\t<\/style>\n\t\t<div id='gallery-2' class='dt-gallery-container gallery galleryid-427537 gallery-columns-3 gallery-size-thumbnail'><dl class='gallery-item'>\n\t\t\t\t<dt class='gallery-icon landscape'>\n\t\t\t\t\t<a class=\"rollover rollover-zoom dt-pswp-item\" title=\"471660376_947119763603841_2239866020526538280_n\" data-dt-img-description=\"\" data-large_image_width=\"960\" data-large_image_height=\"720\"href='https:\/\/www.radiopiu.net\/wordpress\/wp-content\/uploads\/2025\/01\/471660376_947119763603841_2239866020526538280_n.jpg'><img loading=\"lazy\" decoding=\"async\" width=\"150\" height=\"150\" src=\"https:\/\/www.radiopiu.net\/wordpress\/wp-content\/uploads\/2025\/01\/471660376_947119763603841_2239866020526538280_n-150x150.jpg\" class=\"attachment-thumbnail size-thumbnail\" alt=\"\" \/><\/a>\n\t\t\t\t<\/dt><\/dl><dl class='gallery-item'>\n\t\t\t\t<dt class='gallery-icon landscape'>\n\t\t\t\t\t<a class=\"rollover rollover-zoom dt-pswp-item\" title=\"470053441_1242646716809723_7279394434999957836_n\" data-dt-img-description=\"\" data-large_image_width=\"960\" data-large_image_height=\"720\"href='https:\/\/www.radiopiu.net\/wordpress\/wp-content\/uploads\/2025\/01\/470053441_1242646716809723_7279394434999957836_n.jpg'><img loading=\"lazy\" decoding=\"async\" width=\"150\" height=\"150\" src=\"https:\/\/www.radiopiu.net\/wordpress\/wp-content\/uploads\/2025\/01\/470053441_1242646716809723_7279394434999957836_n-150x150.jpg\" class=\"attachment-thumbnail size-thumbnail\" alt=\"\" \/><\/a>\n\t\t\t\t<\/dt><\/dl><dl class='gallery-item'>\n\t\t\t\t<dt class='gallery-icon portrait'>\n\t\t\t\t\t<a class=\"rollover rollover-zoom dt-pswp-item\" title=\"ca2a813e-cdf1-4cb1-ae7c-070c4d32a2bd\" data-dt-img-description=\"\" data-large_image_width=\"591\" data-large_image_height=\"1280\"href='https:\/\/www.radiopiu.net\/wordpress\/wp-content\/uploads\/2025\/01\/ca2a813e-cdf1-4cb1-ae7c-070c4d32a2bd.jpg'><img loading=\"lazy\" decoding=\"async\" width=\"150\" height=\"150\" src=\"https:\/\/www.radiopiu.net\/wordpress\/wp-content\/uploads\/2025\/01\/ca2a813e-cdf1-4cb1-ae7c-070c4d32a2bd-150x150.jpg\" class=\"attachment-thumbnail size-thumbnail\" alt=\"\" \/><\/a>\n\t\t\t\t<\/dt><\/dl><br style=\"clear: both\" \/><dl class='gallery-item'>\n\t\t\t\t<dt class='gallery-icon landscape'>\n\t\t\t\t\t<a class=\"rollover rollover-zoom dt-pswp-item\" title=\"cd8e1356-958c-4cc3-9017-67432ac1fe4d\" data-dt-img-description=\"\" data-large_image_width=\"1060\" data-large_image_height=\"576\"href='https:\/\/www.radiopiu.net\/wordpress\/wp-content\/uploads\/2025\/01\/cd8e1356-958c-4cc3-9017-67432ac1fe4d.jpg'><img loading=\"lazy\" decoding=\"async\" width=\"150\" height=\"150\" src=\"https:\/\/www.radiopiu.net\/wordpress\/wp-content\/uploads\/2025\/01\/cd8e1356-958c-4cc3-9017-67432ac1fe4d-150x150.jpg\" class=\"attachment-thumbnail size-thumbnail\" alt=\"\" \/><\/a>\n\t\t\t\t<\/dt><\/dl><dl class='gallery-item'>\n\t\t\t\t<dt class='gallery-icon landscape'>\n\t\t\t\t\t<a class=\"rollover rollover-zoom dt-pswp-item\" title=\"af35b9d4-b375-45bf-9b21-5ba42d5828a6\" data-dt-img-description=\"\" data-large_image_width=\"1086\" data-large_image_height=\"576\"href='https:\/\/www.radiopiu.net\/wordpress\/wp-content\/uploads\/2025\/01\/af35b9d4-b375-45bf-9b21-5ba42d5828a6.jpg'><img loading=\"lazy\" decoding=\"async\" width=\"150\" height=\"150\" src=\"https:\/\/www.radiopiu.net\/wordpress\/wp-content\/uploads\/2025\/01\/af35b9d4-b375-45bf-9b21-5ba42d5828a6-150x150.jpg\" class=\"attachment-thumbnail size-thumbnail\" alt=\"\" \/><\/a>\n\t\t\t\t<\/dt><\/dl><dl class='gallery-item'>\n\t\t\t\t<dt class='gallery-icon landscape'>\n\t\t\t\t\t<a class=\"rollover rollover-zoom dt-pswp-item\" title=\"089e1a63-921f-4bf8-b407-8aab14162b48\" data-dt-img-description=\"\" data-large_image_width=\"1059\" data-large_image_height=\"576\"href='https:\/\/www.radiopiu.net\/wordpress\/wp-content\/uploads\/2025\/01\/089e1a63-921f-4bf8-b407-8aab14162b48.jpg'><img loading=\"lazy\" decoding=\"async\" width=\"150\" height=\"150\" src=\"https:\/\/www.radiopiu.net\/wordpress\/wp-content\/uploads\/2025\/01\/089e1a63-921f-4bf8-b407-8aab14162b48-150x150.jpg\" class=\"attachment-thumbnail size-thumbnail\" alt=\"\" \/><\/a>\n\t\t\t\t<\/dt><\/dl><br style=\"clear: both\" \/>\n\t\t\t<\/div>\n\n<blockquote>\n<h2>\u00a0&#8211;<\/h2>\n<p>&nbsp;<\/p>\n<h2>&#8230; LUNGO LA 203 AGORDINA<\/h2>\n<p class=\"photoswipe-wrapper\"><strong>\u00a0AUTO FUORI STRADA CONTRO SASSO FINITO A LATO DELLA CARREGGIATA, QUINDI NON CADUTO DALL&#8217;ALTO,.<\/strong><\/p>\n<\/blockquote>\n\n\t\t\t<style type='text\/css'>\n\t\t\t\t#gallery-3 {\n\t\t\t\t\tmargin: auto;\n\t\t\t\t}\n\t\t\t\t#gallery-3 .gallery-item {\n\t\t\t\t\tfloat: left;\n\t\t\t\t\tmargin-top: 10px;\n\t\t\t\t\ttext-align: center;\n\t\t\t\t\twidth: 50%;\n\t\t\t\t}\n\t\t\t\t#gallery-3 img {\n\t\t\t\t\tborder: 2px solid #cfcfcf;\n\t\t\t\t}\n\t\t\t\t#gallery-3 .gallery-caption {\n\t\t\t\t\tmargin-left: 0;\n\t\t\t\t}\n\t\t\t\t\/* see gallery_shortcode() in wp-includes\/media.php *\/\n\t\t\t<\/style>\n\t\t<div id='gallery-3' class='dt-gallery-container gallery galleryid-427537 gallery-columns-2 gallery-size-medium'><dl class='gallery-item'>\n\t\t\t\t<dt class='gallery-icon landscape'>\n\t\t\t\t\t<a class=\"rollover rollover-zoom dt-pswp-item\" title=\"2\" data-dt-img-description=\"\" data-large_image_width=\"390\" data-large_image_height=\"289\"href='https:\/\/www.radiopiu.net\/wordpress\/wp-content\/uploads\/2025\/01\/2.png'><img loading=\"lazy\" decoding=\"async\" width=\"300\" height=\"222\" src=\"https:\/\/www.radiopiu.net\/wordpress\/wp-content\/uploads\/2025\/01\/2-300x222.png\" class=\"attachment-medium size-medium\" alt=\"\" srcset=\"https:\/\/www.radiopiu.net\/wordpress\/wp-content\/uploads\/2025\/01\/2-300x222.png 300w, https:\/\/www.radiopiu.net\/wordpress\/wp-content\/uploads\/2025\/01\/2.png 390w\" sizes=\"auto, (max-width: 300px) 100vw, 300px\" \/><\/a>\n\t\t\t\t<\/dt><\/dl><dl class='gallery-item'>\n\t\t\t\t<dt class='gallery-icon landscape'>\n\t\t\t\t\t<a class=\"rollover rollover-zoom dt-pswp-item\" title=\"111\" data-dt-img-description=\"\" data-large_image_width=\"499\" data-large_image_height=\"375\"href='https:\/\/www.radiopiu.net\/wordpress\/wp-content\/uploads\/2025\/01\/111.png'><img loading=\"lazy\" decoding=\"async\" width=\"300\" height=\"225\" src=\"https:\/\/www.radiopiu.net\/wordpress\/wp-content\/uploads\/2025\/01\/111-300x225.png\" class=\"attachment-medium size-medium\" alt=\"\" srcset=\"https:\/\/www.radiopiu.net\/wordpress\/wp-content\/uploads\/2025\/01\/111-300x225.png 300w, https:\/\/www.radiopiu.net\/wordpress\/wp-content\/uploads\/2025\/01\/111.png 499w\" sizes=\"auto, (max-width: 300px) 100vw, 300px\" \/><\/a>\n\t\t\t\t<\/dt><\/dl><br style=\"clear: both\" \/>\n\t\t\t<\/div>\n\n<p>&nbsp;<\/p>\n<p>&nbsp;<\/p>\n<hr \/>\n<p>&nbsp;<\/p>\n<blockquote>\n<h2>Nevegal, incidente sul bob: bambina ricoverata con trauma cranico<\/h2>\n<\/blockquote>\n<p><img loading=\"lazy\" decoding=\"async\" class=\"alignleft\" src=\"https:\/\/www.radiopiu.net\/wordpress\/wp-content\/uploads\/2025\/01\/Senza-nome-4.png\" width=\"296\" height=\"178\" \/><strong>BELLUNO<\/strong><\/p>\n<p>Una bambina \u00e8 ricoverata all&#8217;ospedale di Treviso dopo un incidente sul bob al parco giochi del Nevegal. La piccola, bellunese, ha perso il controllo del bob, cadendo e battendo la testa. L&#8217;incidente \u00e8 avvenuto ieri mattina intorno alle 10.30. I medici le hanno diagnosticato un forte trauma cranico, ma non \u00e8 in pericolo di vita.<\/p>\n<p>Sempre ieri, il Suem \u00e8 intervenuto per altri due incidenti. In Val di Zoldo, un 87enne \u00e8 caduto riportando traumi lievi. A Cortina, un altro sciatore \u00e8 stato soccorso lungo la Croda Negra e trasferito con l&#8217;elicottero all&#8217;ospedale di Treviso. Entrambi non sono in condizioni gravi.<\/p>\n<p>&nbsp;<\/p>\n<p>&nbsp;<\/p>\n<hr \/>\n<p>&nbsp;<\/p>\n<blockquote>\n<h2>Lite di Capodanno al ristopub: feriti e intervento dei Carabinieri<\/h2>\n<\/blockquote>\n<p><a href=\"https:\/\/www.radiopiu.net\/wordpress\/wp-content\/uploads\/2025\/01\/d4422dc5-63a9-447c-9e78-af3d886bd328.webp\"><img loading=\"lazy\" decoding=\"async\" class=\" wp-image-427722 alignleft\" src=\"https:\/\/www.radiopiu.net\/wordpress\/wp-content\/uploads\/2025\/01\/d4422dc5-63a9-447c-9e78-af3d886bd328-300x300.webp\" alt=\"\" width=\"242\" height=\"242\" srcset=\"https:\/\/www.radiopiu.net\/wordpress\/wp-content\/uploads\/2025\/01\/d4422dc5-63a9-447c-9e78-af3d886bd328-300x300.webp 300w, https:\/\/www.radiopiu.net\/wordpress\/wp-content\/uploads\/2025\/01\/d4422dc5-63a9-447c-9e78-af3d886bd328-150x150.webp 150w, https:\/\/www.radiopiu.net\/wordpress\/wp-content\/uploads\/2025\/01\/d4422dc5-63a9-447c-9e78-af3d886bd328-768x768.webp 768w, https:\/\/www.radiopiu.net\/wordpress\/wp-content\/uploads\/2025\/01\/d4422dc5-63a9-447c-9e78-af3d886bd328.webp 1024w\" sizes=\"auto, (max-width: 242px) 100vw, 242px\" \/><\/a>Notte di San Silvestro movimentata in un ristopub fuori citt\u00e0, dove una lite tra due comitive di albanesi e rumeni \u00e8 degenerata in un accoltellamento. Dopo il brindisi di mezzanotte, una discussione \u00e8 sfociata in violenza: un uomo \u00e8 rimasto ferito da una coltellata alla mano, mentre l\u2019altro \u00e8 stato portato in caserma per identificazione.<\/p>\n<p>Il locale, affollato da oltre 120 persone, si \u00e8 trasformato in teatro di un parapiglia che ha scatenato paura tra i presenti. I Carabinieri e il personale sanitario sono intervenuti rapidamente: il ferito, giudicato guaribile in dieci giorni, \u00e8 stato medicato al San Martino.<\/p>\n<p>La situazione \u00e8 ora al vaglio delle autorit\u00e0, con possibili denunce a seguito delle testimonianze raccolte.<\/p>\n<p>&nbsp;<\/p>\n<hr \/>\n<p>&nbsp;<\/p>\n<blockquote>\n<h3>QUATTRO USCITE DEGLI ELICOTTERI DEL SUEM 118 NELLE ULTIME 24 ORE<\/h3>\n<\/blockquote>\n<p><strong><a class=\"dt-pswp-item\" href=\"https:\/\/www.radiopiu.net\/wordpress\/wp-content\/uploads\/2022\/09\/309142707_771246390814523_5693451179006834112_n.jpg\" data-dt-img-description=\"\" data-large_image_width=\"2048\" data-large_image_height=\"1212\"><img loading=\"lazy\" decoding=\"async\" class=\" wp-image-298850 alignleft\" src=\"https:\/\/www.radiopiu.net\/wordpress\/wp-content\/uploads\/2022\/09\/309142707_771246390814523_5693451179006834112_n-300x178.jpg\" alt=\"\" width=\"184\" height=\"109\" srcset=\"https:\/\/www.radiopiu.net\/wordpress\/wp-content\/uploads\/2022\/09\/309142707_771246390814523_5693451179006834112_n-300x178.jpg 300w, https:\/\/www.radiopiu.net\/wordpress\/wp-content\/uploads\/2022\/09\/309142707_771246390814523_5693451179006834112_n-1024x606.jpg 1024w, https:\/\/www.radiopiu.net\/wordpress\/wp-content\/uploads\/2022\/09\/309142707_771246390814523_5693451179006834112_n-768x455.jpg 768w, https:\/\/www.radiopiu.net\/wordpress\/wp-content\/uploads\/2022\/09\/309142707_771246390814523_5693451179006834112_n-1536x909.jpg 1536w, https:\/\/www.radiopiu.net\/wordpress\/wp-content\/uploads\/2022\/09\/309142707_771246390814523_5693451179006834112_n.jpg 2048w\" sizes=\"auto, (max-width: 184px) 100vw, 184px\" \/><\/a>REDAZIONE<\/strong> Giornata impegnativa quella di ieri per il Suem 118 impegnato nei soccorsi sulle piste del bellunese. Prima chiamata poco dopo le 10:30 quando Falco 2 \u00e8 volato sulle piste del Nevegal dove una giovane sciatrice si era fatta male. La minorenne \u00e8 stata portata al nosocomio di Treviso. Poco prima delle 13 Falco 1 \u00e8 stato inviato in Val di Zoldo per un 87enne del posto che si era fatto male, caricato a bordo \u00e8 stato portato al San Martino di Belluno. Alle 14:40 l&#8217;elicottero Falco 1 si \u00e8 diretto a Cortina, Croda Negra, per soccorrere un 23enne di Bologna che si era fatto male. Ultimo intervento dell&#8217;elisoccorso alle 15:36 con Falco 2 che \u00e8 stato chiamato a Canazei per uno sciatore rumeno che si era infortunato. Anch&#8217;esso portato all&#8217;ospedale di Belluno. In totale sono stati 14 gli interventi sulle piste del bellunese.<\/p>\n<p>&nbsp;<\/p>\n<hr \/>\n<blockquote><p><em>\u00a0<\/em><\/p>\n<h2>A27: Pedaggi pi\u00f9 cari e cantieri infiniti, scatta la protesta<\/h2>\n<h1><em><img loading=\"lazy\" decoding=\"async\" class=\"alignleft\" src=\"https:\/\/www.radiopiu.net\/wordpress\/wp-content\/uploads\/2019\/02\/558x312xcasello-autostrada-A27-dolomiti.jpg.pagespeed.ic_.AUYLIYSelj.jpg\" width=\"259\" height=\"145\" \/>L&#8217;autostrada olimpica, la strada della &#8220;vergogna&#8221; tra continui cantieri, gallerie prive di segnali telefonici<\/em><\/h1>\n<\/blockquote>\n<p>Il 2025 inizia in salita per gli automobilisti: il pedaggio da Belluno alla barriera di Mestre sulla A27 \u00e8 salito a 9,20 euro, complice un aumento dell\u20191,8% deciso da Aspi. Ma i rincari non sono l\u2019unico problema. Gli utenti lamentano i cantieri perenni che riducono la carreggiata a una sola corsia fino a Vittorio Veneto, causando rallentamenti e disagi.<\/p>\n<p>L\u2019assessore Franco Roccon ha definito la situazione &#8220;un\u2019autostrada da primato&#8221; sui social, mentre cresce il malcontento. Una petizione su change.org chiede l\u2019esenzione del pedaggio nei tratti interessati dai lavori. Anche artigiani e industriali protestano, denunciando il paradosso di rincari in una viabilit\u00e0 compromessa. Per i bellunesi, un\u2019autostrada efficiente non \u00e8 un lusso, ma un diritto.<\/p>\n<p>&nbsp;<\/p>\n<p>&nbsp;<\/p>\n<hr \/>\n<p>&nbsp;<\/p>\n<blockquote>\n<h3>FALCADE: SENSO UNICO TEMPORANEO IN VIA GARIBALDI PER AGEVOLARE IL TRAFFICO<\/h3>\n<\/blockquote>\n<p><strong><a class=\"dt-pswp-item\" href=\"https:\/\/www.radiopiu.net\/wordpress\/wp-content\/uploads\/2025\/01\/SCR-20250102-lmrl.jpeg\" data-dt-img-description=\"\" data-large_image_width=\"1244\" data-large_image_height=\"804\"><img loading=\"lazy\" decoding=\"async\" class=\" wp-image-427617 alignleft\" src=\"https:\/\/www.radiopiu.net\/wordpress\/wp-content\/uploads\/2025\/01\/SCR-20250102-lmrl-300x194.jpeg\" alt=\"\" width=\"184\" height=\"119\" srcset=\"https:\/\/www.radiopiu.net\/wordpress\/wp-content\/uploads\/2025\/01\/SCR-20250102-lmrl-300x194.jpeg 300w, https:\/\/www.radiopiu.net\/wordpress\/wp-content\/uploads\/2025\/01\/SCR-20250102-lmrl-1024x662.jpeg 1024w, https:\/\/www.radiopiu.net\/wordpress\/wp-content\/uploads\/2025\/01\/SCR-20250102-lmrl-768x496.jpeg 768w, https:\/\/www.radiopiu.net\/wordpress\/wp-content\/uploads\/2025\/01\/SCR-20250102-lmrl.jpeg 1244w\" sizes=\"auto, (max-width: 184px) 100vw, 184px\" \/><\/a>FALCADE <\/strong>Dal 2 al 6 gennaio 2025, il Comune di Falcade ha disposto l&#8217;istituzione di un senso unico temporaneo in Via Garibaldi. La misura, attiva dalle 15:30 alle 18:30, mira a gestire l\u2019intenso traffico generato dall&#8217;afflusso di veicoli durante le festivit\u00e0 natalizie, evitando congestioni sulla SP 346 del Passo San Pellegrino. Il provvedimento riguarda il tratto compreso tra Piazza Col de Rif e l\u2019intersezione con la SP 346. Sono esenti dall\u2019obbligo i residenti, i domiciliati, i frontisti e gli ospiti delle strutture ricettive, oltre alle forze dell\u2019ordine e ai mezzi di soccorso. La segnaletica necessaria sar\u00e0 predisposta in conformit\u00e0 alla normativa vigente.<\/p>\n<p>&nbsp;<\/p>\n<p><strong>FALCADE<\/strong><\/p>\n<p>Residenti del centro storico di Col de Rif evidenziano problemi di traffico, auto in contromano e comportamenti pericolosi. Apprezzate le iniziative dell&#8217;amministrazione, ma si auspica una soluzione strutturale.<\/p>\n<p>&nbsp;<\/p>\n<blockquote>\n<h1>DILLO A RADIO PIU&#8230;.<\/h1>\n<\/blockquote>\n<p><img loading=\"lazy\" decoding=\"async\" class=\"alignleft\" src=\"https:\/\/www.radiopiu.net\/wordpress\/wp-content\/uploads\/2025\/01\/SCR-20250102-lmrl.jpeg\" width=\"287\" height=\"186\" \/>Come residenti da anni nel centro storico di Col de Rif di Falcade abbiamo letto con estremo interesse le lettere scritte dagli attenti cittadini in merito alla viabilit\u00e0. Abbiamo inoltre apprezzato le iniziative dell\u2019amministrazione per tentare di governare il traffico durante queste settimane di alta stagione sia in merito alla chiusura di via Caruo che all\u2019istituzione del senso unico in via Garibaldi. Tra di noi c&#8217;\u00e8 chi ha fatto parte in passato dell\u2019amministrazione e stimiamo chi in qualche modo prende decisioni sapendo che queste poi portano sia a plausi che purtroppo anche a disapprovazione (non si pu\u00f2 sempre accontentare tutti!).Grazie anche ai vigili che si stanno dando certamente da fare in questi giorni. Ci tenevamo tramite questa breve lettera a segnalare quanto gi\u00e0 comunicato all\u2019amministrazione: tutto il centro storico e anche via Settimo Alpini (via che parte dal negozio Arti Ganz) \u00e8 interessata da seri problemi che necessitano di urgente soluzione. Vivendo fronte strada non possiamo che osservare a tutte le ore e tutto l&#8217;anno auto che scendono contro senso di marcia per risparmiare qualche metro di coda ma anche per raggiungere piu velocemente la provinciale. In questi anni abbiamo poi assistito ai \u201crally\u201d di chi a tutte le ore, dalla mattina alle 6.30 alla sera a fine lavoro \u201ctaglia\u201d per il centro storico per risparmiare forse qualche minuto per raggiungere il passo San Pellegrino senza proseguire per la provinciale. Queste scene le vediamo tutti i giorni e tutto l&#8217; anno con anche mezzi che sfiorano le persone che salgono e scendono a piedi per la via (la via \u00e8 stretta a totalmente priva di marciapiedi). Noi stessi con i nostri figli siamo stati spesso sfiorati da mezzi di qualsiasi misura con tanto di spavento. Auspichiamo che questi \u201cesperimenti\u201d di variazioni della viabilit\u00e0 dell\u2019amministrazione possano presto portare ad una progettualit\u00e0 volta a tutelare s\u00ec le attivit\u00e0 rimaste in centro storico ma sopratutto chi vi abita (bambini in primis che sono veramente molti qui a Col de Rif), i pedoni, gli anziani e chi visita il centro storico.<br \/>\nCordialmente,<\/p>\n<p><strong>Murer Patrizia<\/strong><br \/>\n<strong>Lorena Piccolin<\/strong><br \/>\n<strong>Albino Basso\u00a0<\/strong><\/p>\n<p>&nbsp;<\/p>\n<hr \/>\n<p>&nbsp;<\/p>\n<blockquote>\n<h1>DILLO A RADIO PIU&#8230; giorni senza acqua<\/h1>\n<\/blockquote>\n<p>*<\/p>\n<blockquote><p><strong>Tiser: emergenza idrica dal 30 dicembre, residenti chiedono interventi strutturali<\/strong><\/p><\/blockquote>\n<div class=\"flex max-w-full flex-col flex-grow\">\n<div class=\"min-h-8 text-message flex w-full flex-col items-end gap-2 whitespace-normal break-words text-start [.text-message+&amp;]:mt-5\" dir=\"auto\" data-message-author-role=\"assistant\" data-message-id=\"15bc0b00-5d49-4cdb-ab98-e2a3041ad137\" data-message-model-slug=\"gpt-4o\">\n<div class=\"flex w-full flex-col gap-1 empty:hidden first:pt-[3px]\">\n<div class=\"markdown prose w-full break-words dark:prose-invert dark\">\n<p><strong><img loading=\"lazy\" decoding=\"async\" class=\"alignleft\" src=\"https:\/\/www.radiopiu.net\/wordpress\/wp-content\/uploads\/2021\/02\/TISERCHIESAVERTOKP6010109.jpg\" width=\"258\" height=\"344\" \/>GOSALDO<\/strong> \u2013 Guido Porini, ascoltatore di Radio Pi\u00f9, ha segnalato l&#8217;emergenza idrica che da giorni interessa tre borghi della frazione di Tiser. Dal 30 dicembre, i residenti sono senza acqua, nonostante il pronto intervento dei tecnici del SIB (EX GSP), che hanno dimostrato professionalit\u00e0 e cortesia. La riflessione si allarga alla gestione delle risorse in montagna, evidenziando il disagio per chi vive stabilmente in queste localit\u00e0. La richiesta \u00e8 chiara: prevenzione e interventi strutturali per evitare il ripetersi di simili situazioni.<\/p>\n<\/div>\n<\/div>\n<\/div>\n<\/div>\n<p>&nbsp;<\/p>\n<p><strong>LA LETTERA<\/strong><\/p>\n<p>Mi ha preceduto stamattina l\u2019articolo sull\u2019emergenza idrica a Colle santa Lucia. Infatti segnalo che anche da noi, tre piccoli \u201cborghi\u201d della frazione di Tiser, comune di Gosaldo, e non meno importanti di altre localit\u00e0 turistiche e non, ma con lo stesso problema, la fornitura dell\u2019acqua \u00e8 mancante addirittura dal 30 dicembre! Segnalazione fatta a SIB il giorno stesso. Nulla da eccepire, anzi da lodare al pronto intervento, sia per l\u2019immediata presa in carico che per la professionalit\u00e0 e cortesia dimostrata dai Tecnici che tutt\u2019ora sono operativi sul posto\u2026 ma\u2026 non \u00e8 possibile rimanere ancora oggi senza acqua,l\u2019emergenza non \u00e8 solo idrica ma soprattutto sanitaria. Cisterne vuote causa siccit\u00e0, \u201cpotrebbe\u201daccadere. Per\u00f2,condotti vetusti? Perdite,infiltrazioni?Mancanti i controlli e relativa manutenzione? Prevenzione inesistente. Questi sono i problemi da risolvere. Sono tutte componenti che seppur sporadiche,turisti si,turisti no,ti fanno riflettere sulla gestione della vita di chi frequenta le nostre montagne e il disagio anche sotto questo aspetto per chi principalmente ci vive.<\/p>\n<p>&nbsp;<\/p>\n<p>&nbsp;<\/p>\n<p>&nbsp;<\/p>\n<p>&nbsp;<\/p>\n<p>&nbsp;<\/p>\n<hr \/>\n<p>&nbsp;<\/p>\n<blockquote>\n<h3>FALLA ALLE TUBAZIONI DI CORTINA. PRIMO INTERVENTO DELL&#8217;ANNO PER SIB<\/h3>\n<\/blockquote>\n<p><strong>BELLUNO<\/strong> Il primo giorno dell\u2019anno ha visto un intervento d\u2019emergenza da parte di SIB Servizi Integrati Bellunesi, nuova societ\u00e0 che gestisce acqua ed energia in provincia di Belluno. Una rottura all\u2019acquedotto di Cortina, in Viale dello Stadio, ha richiesto l\u2019intervento immediato delle squadre operative di SIB, coadiuvate dall\u2019impresa Olivotto e dai tecnici comunali. I lavori, iniziati nel pomeriggio, sono proseguiti di notte per minimizzare i disagi durante la festivit\u00e0. La riparazione, su una tubazione in acciaio danneggiata in due punti vicini, si \u00e8 conclusa alle 3 del mattino con il ripristino del servizio. Il presidente Attilio Sommavilla ha ringraziato le squadre per la rapidit\u00e0 e ha sottolineato la necessit\u00e0 di investimenti continui su una rete datata.<\/p>\n\n\t\t\t<style type='text\/css'>\n\t\t\t\t#gallery-4 {\n\t\t\t\t\tmargin: auto;\n\t\t\t\t}\n\t\t\t\t#gallery-4 .gallery-item {\n\t\t\t\t\tfloat: left;\n\t\t\t\t\tmargin-top: 10px;\n\t\t\t\t\ttext-align: center;\n\t\t\t\t\twidth: 25%;\n\t\t\t\t}\n\t\t\t\t#gallery-4 img {\n\t\t\t\t\tborder: 2px solid #cfcfcf;\n\t\t\t\t}\n\t\t\t\t#gallery-4 .gallery-caption {\n\t\t\t\t\tmargin-left: 0;\n\t\t\t\t}\n\t\t\t\t\/* see gallery_shortcode() in wp-includes\/media.php *\/\n\t\t\t<\/style>\n\t\t<div id='gallery-4' class='dt-gallery-container gallery galleryid-427537 gallery-columns-4 gallery-size-thumbnail'><dl class='gallery-item'>\n\t\t\t\t<dt class='gallery-icon landscape'>\n\t\t\t\t\t<a class=\"rollover rollover-zoom dt-pswp-item\" title=\"1_il cantiere\" data-dt-img-description=\"\" data-large_image_width=\"1600\" data-large_image_height=\"721\"href='https:\/\/www.radiopiu.net\/wordpress\/wp-content\/uploads\/2025\/01\/1_il-cantiere.jpg'><img loading=\"lazy\" decoding=\"async\" width=\"150\" height=\"150\" src=\"https:\/\/www.radiopiu.net\/wordpress\/wp-content\/uploads\/2025\/01\/1_il-cantiere-150x150.jpg\" class=\"attachment-thumbnail size-thumbnail\" alt=\"\" \/><\/a>\n\t\t\t\t<\/dt><\/dl><dl class='gallery-item'>\n\t\t\t\t<dt class='gallery-icon portrait'>\n\t\t\t\t\t<a class=\"rollover rollover-zoom dt-pswp-item\" title=\"2_le operazioni di scavo_\" data-dt-img-description=\"\" data-large_image_width=\"721\" data-large_image_height=\"1600\"href='https:\/\/www.radiopiu.net\/wordpress\/wp-content\/uploads\/2025\/01\/2_le-operazioni-di-scavo_.jpg'><img loading=\"lazy\" decoding=\"async\" width=\"150\" height=\"150\" src=\"https:\/\/www.radiopiu.net\/wordpress\/wp-content\/uploads\/2025\/01\/2_le-operazioni-di-scavo_-150x150.jpg\" class=\"attachment-thumbnail size-thumbnail\" alt=\"\" \/><\/a>\n\t\t\t\t<\/dt><\/dl><dl class='gallery-item'>\n\t\t\t\t<dt class='gallery-icon portrait'>\n\t\t\t\t\t<a class=\"rollover rollover-zoom dt-pswp-item\" title=\"Unknown\" data-dt-img-description=\"\" data-large_image_width=\"721\" data-large_image_height=\"1600\"href='https:\/\/www.radiopiu.net\/wordpress\/wp-content\/uploads\/2025\/01\/Unknown.jpeg'><img loading=\"lazy\" decoding=\"async\" width=\"150\" height=\"150\" src=\"https:\/\/www.radiopiu.net\/wordpress\/wp-content\/uploads\/2025\/01\/Unknown-150x150.jpeg\" class=\"attachment-thumbnail size-thumbnail\" alt=\"\" \/><\/a>\n\t\t\t\t<\/dt><\/dl><dl class='gallery-item'>\n\t\t\t\t<dt class='gallery-icon portrait'>\n\t\t\t\t\t<a class=\"rollover rollover-zoom dt-pswp-item\" title=\"4_la riparazione\" data-dt-img-description=\"\" data-large_image_width=\"721\" data-large_image_height=\"1600\"href='https:\/\/www.radiopiu.net\/wordpress\/wp-content\/uploads\/2025\/01\/4_la-riparazione.jpg'><img loading=\"lazy\" decoding=\"async\" width=\"150\" height=\"150\" src=\"https:\/\/www.radiopiu.net\/wordpress\/wp-content\/uploads\/2025\/01\/4_la-riparazione-150x150.jpg\" class=\"attachment-thumbnail size-thumbnail\" alt=\"\" \/><\/a>\n\t\t\t\t<\/dt><\/dl><br style=\"clear: both\" \/>\n\t\t\t<\/div>\n\n<p>&nbsp;<\/p>\n<hr \/>\n<p>&nbsp;<\/p>\n<blockquote>\n<h3>EssilorLuxottica si rafforza nelle soluzioni acustiche con l\u2019acquisizione di una startup francese specializzata nell\u2019IA<\/h3>\n<\/blockquote>\n<p><strong><a class=\"dt-pswp-item\" href=\"https:\/\/www.radiopiu.net\/wordpress\/wp-content\/uploads\/2024\/04\/essilorluxottica.png\" data-dt-img-description=\"\" data-large_image_width=\"400\" data-large_image_height=\"400\"><img loading=\"lazy\" decoding=\"async\" class=\" wp-image-386124 alignleft\" src=\"https:\/\/www.radiopiu.net\/wordpress\/wp-content\/uploads\/2024\/04\/essilorluxottica-300x300.png\" alt=\"\" width=\"142\" height=\"142\" srcset=\"https:\/\/www.radiopiu.net\/wordpress\/wp-content\/uploads\/2024\/04\/essilorluxottica-300x300.png 300w, https:\/\/www.radiopiu.net\/wordpress\/wp-content\/uploads\/2024\/04\/essilorluxottica-150x150.png 150w, https:\/\/www.radiopiu.net\/wordpress\/wp-content\/uploads\/2024\/04\/essilorluxottica.png 400w\" sizes=\"auto, (max-width: 142px) 100vw, 142px\" \/><\/a>PARIGI<\/strong> EssilorLuxottica ha acquisito Pulse Audition, una startup francese specializzata in algoritmi basati sull&#8217;Intelligenza Artificiale (IA) per migliorare la comprensione del parlato in ambienti rumorosi, aiutando chi ha disturbi uditivi. L&#8217;integrazione delle tecnologie di Pulse Audition nel software e nell&#8217;elaborazione dei segnali audio potenzier\u00e0 i prodotti del gruppo, sia hardware che software. L&#8217;acquisizione supporta la strategia di EssilorLuxottica nel settore delle soluzioni acustiche e si inserisce nel percorso iniziato con l&#8217;acquisto di Nuance Hearing nel 2023. La mossa \u00e8 in linea con gli obiettivi di lungo termine e gli investimenti nel wearable computing, con particolare attenzione all&#8217;Europa. I leader del gruppo, Francesco Milleri e Paul du Saillant, hanno sottolineato l&#8217;importanza dell&#8217;IA e dei big data, esprimendo soddisfazione per l&#8217;espansione in questo settore.<\/p>\n<p>&nbsp;<\/p>\n<p>&nbsp;<\/p>\n<hr \/>\n<p>&nbsp;<\/p>\n<blockquote>\n<h3>I COMPLIMENTI DI ZAIA AL SISTEMA DI URGENZA-EMERGENZA DEL VENETO<\/h3>\n<\/blockquote>\n<p><strong><a class=\"dt-pswp-item\" href=\"https:\/\/www.radiopiu.net\/wordpress\/wp-content\/uploads\/2023\/12\/zaia-2023-scaled.jpg\" data-dt-img-description=\"\" data-large_image_width=\"2560\" data-large_image_height=\"1708\"><img loading=\"lazy\" decoding=\"async\" class=\" wp-image-364512 alignleft\" src=\"https:\/\/www.radiopiu.net\/wordpress\/wp-content\/uploads\/2023\/12\/zaia-2023-300x200.jpg\" alt=\"\" width=\"174\" height=\"116\" srcset=\"https:\/\/www.radiopiu.net\/wordpress\/wp-content\/uploads\/2023\/12\/zaia-2023-300x200.jpg 300w, https:\/\/www.radiopiu.net\/wordpress\/wp-content\/uploads\/2023\/12\/zaia-2023-1024x683.jpg 1024w, https:\/\/www.radiopiu.net\/wordpress\/wp-content\/uploads\/2023\/12\/zaia-2023-768x512.jpg 768w, https:\/\/www.radiopiu.net\/wordpress\/wp-content\/uploads\/2023\/12\/zaia-2023-1536x1025.jpg 1536w, https:\/\/www.radiopiu.net\/wordpress\/wp-content\/uploads\/2023\/12\/zaia-2023-2048x1366.jpg 2048w\" sizes=\"auto, (max-width: 174px) 100vw, 174px\" \/><\/a>VENEZIA<\/strong> Il Presidente della Regione Veneto, Luca Zaia, ha elogiato l\u2019efficienza del sistema di urgenza-emergenza durante i festeggiamenti di Capodanno. I Pronto Soccorso bellunesi hanno gestito 200 accessi, con il supporto degli elicotteri Falco 1 e Falco 2, delle ambulanze del Suem 118 e del Soccorso Alpino, che ha salvato tre escursionisti in difficolt\u00e0. L\u2019intero sistema si \u00e8 distinto per organizzazione, prontezza ed efficacia, garantendo cure adeguate a tutti gli infortunati. Zaia ha sottolineato l\u2019impegno di centinaia di operatori che, mentre molti festeggiavano, hanno vegliato sulla salute della comunit\u00e0, meritando un sentito ringraziamento per la loro dedizione.<\/p>\n<p>&nbsp;<\/p>\n<hr \/>\n<p>&nbsp;<\/p>\n<blockquote>\n<h2 class=\"_title post-title entry-title\"><a class=\"dt-pswp-item\" href=\"https:\/\/www.radiopiu.net\/wordpress\/wp-content\/uploads\/2023\/12\/ANTENNA.png\" data-dt-img-description=\"\" data-large_image_width=\"300\" data-large_image_height=\"166\"><img loading=\"lazy\" decoding=\"async\" class=\" wp-image-366306 alignleft\" src=\"https:\/\/www.radiopiu.net\/wordpress\/wp-content\/uploads\/2023\/12\/ANTENNA.png\" alt=\"\" width=\"179\" height=\"99\" \/><\/a>CORTINA D\u2019AMPEZZO | UN DEFIBRILLATORE ANCHE PER I PIU\u2019 PICCOLI<\/h2>\n<\/blockquote>\n<p>&nbsp;<\/p>\n<p>Intervistati AMEDEO REALE (PRESIDENTE SCI CLUB 18), DON IVANO BRAMBILLA (PARROCO CORTINA D\u2019AMPEZZO), GIUSEPPE DAL BEN (DIRETTORE GENERALE ULSS 1 DOLOMITI) (Servizio di\u00a0<a href=\"https:\/\/antennatre.medianordest.it\/redazione\/Fabio-Fioravanzi\/\">Fabio Fioravanzi<\/a>)<\/p>\n<p><iframe loading=\"lazy\" title=\"UN DEFIBRILLATORE ANCHE PER I PIU&#039; PICCOLI | 02\/01\/2025\" width=\"1200\" height=\"675\" src=\"https:\/\/www.youtube.com\/embed\/SNj1mKG-MhM?feature=oembed\" frameborder=\"0\" allow=\"accelerometer; autoplay; clipboard-write; encrypted-media; gyroscope; picture-in-picture; web-share\" referrerpolicy=\"strict-origin-when-cross-origin\" allowfullscreen><\/iframe><\/p>\n<p>&nbsp;<\/p>\n<p>&nbsp;<\/p>\n<hr \/>\n<p>&nbsp;<\/p>\n<blockquote>\n<h3>LE PROSPETTIVE PER IL 2025 DI CONFARTIGIANATO<\/h3>\n<\/blockquote>\n<p><strong><a class=\"dt-pswp-item\" href=\"https:\/\/www.radiopiu.net\/wordpress\/wp-content\/uploads\/2022\/07\/CONFARTIGIANATO.png\" data-dt-img-description=\"\" data-large_image_width=\"1001\" data-large_image_height=\"431\"><img loading=\"lazy\" decoding=\"async\" class=\" wp-image-288229 alignleft\" src=\"https:\/\/www.radiopiu.net\/wordpress\/wp-content\/uploads\/2022\/07\/CONFARTIGIANATO-300x129.png\" alt=\"\" width=\"212\" height=\"91\" srcset=\"https:\/\/www.radiopiu.net\/wordpress\/wp-content\/uploads\/2022\/07\/CONFARTIGIANATO-300x129.png 300w, https:\/\/www.radiopiu.net\/wordpress\/wp-content\/uploads\/2022\/07\/CONFARTIGIANATO-768x331.png 768w, https:\/\/www.radiopiu.net\/wordpress\/wp-content\/uploads\/2022\/07\/CONFARTIGIANATO.png 1001w\" sizes=\"auto, (max-width: 212px) 100vw, 212px\" \/><\/a>BELLUNO<\/strong> Il 2024 \u00e8 stato un anno cruciale per Confartigianato Imprese Belluno, con l&#8217;artigianato protagonista di progetti sul turismo montano e dei dibattiti sul DDL Montagna. Tra gli eventi pi\u00f9 significativi, il \u201cVillaggio Confartigianato\u201d ad Arredamont e le dimostrazioni artigiane a \u201cNatale a Belluno\u201d, che hanno ispirato le nuove generazioni. Nel 2025, la sfida sar\u00e0 affrontare temi cruciali come la transizione ecologica, la sostenibilit\u00e0 e la crisi energetica. Necessario sar\u00e0 fare rete per superare la carenza di manodopera e rimanere competitivi. L\u2019anno segner\u00e0 i 70 anni di Confartigianato Belluno, occasione per celebrare il ruolo dell&#8217;artigianato come ponte tra tradizione e innovazione, valorizzando il talento e la sostenibilit\u00e0. Le Olimpiadi rappresenteranno un&#8217;opportunit\u00e0 per promuovere il territorio e l&#8217;economia locale. Nonostante le difficolt\u00e0, gli artigiani si confermano protagonisti appassionati del futuro.<\/p>\n<p>&nbsp;<\/p>\n<p>&nbsp;<\/p>\n<hr \/>\n<p>&nbsp;<\/p>\n<blockquote>\n<h3>MASCHERATE ARCAICHE DOLOMITICHE PATRIMONIO DELL&#8217;UMANITA&#8217;<\/h3>\n<\/blockquote>\n<p><strong>BELLUNO <\/strong>Mascherate arcaiche dolomitiche patrimonio dell&#8217;umanit\u00e0: \u00e8 partito il cammino che potr\u00e0 portare queste tradizionali manifestazioni al riconoscimento dell&#8217;UNESCO.<\/p>\n<p><strong>DI DANIELE DALVIT<\/strong><\/p>\n<audio class=\"wp-audio-shortcode\" id=\"audio-427537-7\" preload=\"none\" style=\"width: 100%;\" controls=\"controls\"><source type=\"audio\/mpeg\" src=\"https:\/\/www.radiopiu.net\/wordpress\/wp-content\/uploads\/2025\/01\/Servizio-Mascherate-arcaiche-Unesco.mp3?_=7\" \/><a href=\"https:\/\/www.radiopiu.net\/wordpress\/wp-content\/uploads\/2025\/01\/Servizio-Mascherate-arcaiche-Unesco.mp3\">https:\/\/www.radiopiu.net\/wordpress\/wp-content\/uploads\/2025\/01\/Servizio-Mascherate-arcaiche-Unesco.mp3<\/a><\/audio>\n<p>&nbsp;<\/p>\n\n\t\t\t<style type='text\/css'>\n\t\t\t\t#gallery-5 {\n\t\t\t\t\tmargin: auto;\n\t\t\t\t}\n\t\t\t\t#gallery-5 .gallery-item {\n\t\t\t\t\tfloat: left;\n\t\t\t\t\tmargin-top: 10px;\n\t\t\t\t\ttext-align: center;\n\t\t\t\t\twidth: 50%;\n\t\t\t\t}\n\t\t\t\t#gallery-5 img {\n\t\t\t\t\tborder: 2px solid #cfcfcf;\n\t\t\t\t}\n\t\t\t\t#gallery-5 .gallery-caption {\n\t\t\t\t\tmargin-left: 0;\n\t\t\t\t}\n\t\t\t\t\/* see gallery_shortcode() in wp-includes\/media.php *\/\n\t\t\t<\/style>\n\t\t<div id='gallery-5' class='dt-gallery-container gallery galleryid-427537 gallery-columns-2 gallery-size-medium'><dl class='gallery-item'>\n\t\t\t\t<dt class='gallery-icon landscape'>\n\t\t\t\t\t<a class=\"rollover rollover-zoom dt-pswp-item\" title=\"5a0e8f6b-f163-4acf-8868-b1a4f003c964\" data-dt-img-description=\"\" data-large_image_width=\"2560\" data-large_image_height=\"1920\"href='https:\/\/www.radiopiu.net\/wordpress\/wp-content\/uploads\/2025\/01\/5a0e8f6b-f163-4acf-8868-b1a4f003c964-scaled.jpg'><img loading=\"lazy\" decoding=\"async\" width=\"300\" height=\"225\" src=\"https:\/\/www.radiopiu.net\/wordpress\/wp-content\/uploads\/2025\/01\/5a0e8f6b-f163-4acf-8868-b1a4f003c964-300x225.jpg\" class=\"attachment-medium size-medium\" alt=\"\" srcset=\"https:\/\/www.radiopiu.net\/wordpress\/wp-content\/uploads\/2025\/01\/5a0e8f6b-f163-4acf-8868-b1a4f003c964-300x225.jpg 300w, https:\/\/www.radiopiu.net\/wordpress\/wp-content\/uploads\/2025\/01\/5a0e8f6b-f163-4acf-8868-b1a4f003c964-1024x768.jpg 1024w, https:\/\/www.radiopiu.net\/wordpress\/wp-content\/uploads\/2025\/01\/5a0e8f6b-f163-4acf-8868-b1a4f003c964-768x576.jpg 768w, https:\/\/www.radiopiu.net\/wordpress\/wp-content\/uploads\/2025\/01\/5a0e8f6b-f163-4acf-8868-b1a4f003c964-1536x1152.jpg 1536w, https:\/\/www.radiopiu.net\/wordpress\/wp-content\/uploads\/2025\/01\/5a0e8f6b-f163-4acf-8868-b1a4f003c964-2048x1536.jpg 2048w\" sizes=\"auto, (max-width: 300px) 100vw, 300px\" \/><\/a>\n\t\t\t\t<\/dt><\/dl><dl class='gallery-item'>\n\t\t\t\t<dt class='gallery-icon landscape'>\n\t\t\t\t\t<a class=\"rollover rollover-zoom dt-pswp-item\" title=\"3ae3c87f-c764-48a6-9e2e-9387c3fc88b0\" data-dt-img-description=\"\" data-large_image_width=\"2560\" data-large_image_height=\"1920\"href='https:\/\/www.radiopiu.net\/wordpress\/wp-content\/uploads\/2025\/01\/3ae3c87f-c764-48a6-9e2e-9387c3fc88b0-scaled.jpg'><img loading=\"lazy\" decoding=\"async\" width=\"300\" height=\"225\" src=\"https:\/\/www.radiopiu.net\/wordpress\/wp-content\/uploads\/2025\/01\/3ae3c87f-c764-48a6-9e2e-9387c3fc88b0-300x225.jpg\" class=\"attachment-medium size-medium\" alt=\"\" srcset=\"https:\/\/www.radiopiu.net\/wordpress\/wp-content\/uploads\/2025\/01\/3ae3c87f-c764-48a6-9e2e-9387c3fc88b0-300x225.jpg 300w, https:\/\/www.radiopiu.net\/wordpress\/wp-content\/uploads\/2025\/01\/3ae3c87f-c764-48a6-9e2e-9387c3fc88b0-1024x768.jpg 1024w, https:\/\/www.radiopiu.net\/wordpress\/wp-content\/uploads\/2025\/01\/3ae3c87f-c764-48a6-9e2e-9387c3fc88b0-768x576.jpg 768w, https:\/\/www.radiopiu.net\/wordpress\/wp-content\/uploads\/2025\/01\/3ae3c87f-c764-48a6-9e2e-9387c3fc88b0-1536x1152.jpg 1536w, https:\/\/www.radiopiu.net\/wordpress\/wp-content\/uploads\/2025\/01\/3ae3c87f-c764-48a6-9e2e-9387c3fc88b0-2048x1536.jpg 2048w\" sizes=\"auto, (max-width: 300px) 100vw, 300px\" \/><\/a>\n\t\t\t\t<\/dt><\/dl><br style=\"clear: both\" \/>\n\t\t\t<\/div>\n\n<p>&nbsp;<\/p>\n<hr \/>\n<p>&nbsp;<\/p>\n<blockquote>\n<h3>I COSCRITTI DI TAIBON CHIUDONO I FESTEGGIAMENTI DI FINE ANNO<\/h3>\n<\/blockquote>\n<p><strong>TAIBON<\/strong> Dopo la festa dei coscritti e i festeggiamenti di fine anno, i coscritti del 2006 di Taibon si sono ritrovati in chiesa per la messa di inizio anno. Un classico che chiude i festeggiamenti di capodanno con tutti i ragazzi presenti per la foto ufficiale che nei prossimi giorni andr\u00e0 ad aggiungersi a tutte le altre dei coscritti precedenti che si trovano sulla scala del municipio che porta al primo piano dello stabile. In rappresentanza del comune di Taibon l&#8217;assessore Franco Banvegn\u00f9.<\/p>\n\n\t\t\t<style type='text\/css'>\n\t\t\t\t#gallery-6 {\n\t\t\t\t\tmargin: auto;\n\t\t\t\t}\n\t\t\t\t#gallery-6 .gallery-item {\n\t\t\t\t\tfloat: left;\n\t\t\t\t\tmargin-top: 10px;\n\t\t\t\t\ttext-align: center;\n\t\t\t\t\twidth: 50%;\n\t\t\t\t}\n\t\t\t\t#gallery-6 img {\n\t\t\t\t\tborder: 2px solid #cfcfcf;\n\t\t\t\t}\n\t\t\t\t#gallery-6 .gallery-caption {\n\t\t\t\t\tmargin-left: 0;\n\t\t\t\t}\n\t\t\t\t\/* see gallery_shortcode() in wp-includes\/media.php *\/\n\t\t\t<\/style>\n\t\t<div id='gallery-6' class='dt-gallery-container gallery galleryid-427537 gallery-columns-2 gallery-size-medium'><dl class='gallery-item'>\n\t\t\t\t<dt class='gallery-icon landscape'>\n\t\t\t\t\t<a class=\"rollover rollover-zoom dt-pswp-item\" title=\"08793658-81c0-40c0-abe0-d05f480d0e5f\" data-dt-img-description=\"\" data-large_image_width=\"1600\" data-large_image_height=\"1200\"href='https:\/\/www.radiopiu.net\/wordpress\/wp-content\/uploads\/2025\/01\/08793658-81c0-40c0-abe0-d05f480d0e5f.jpg'><img loading=\"lazy\" decoding=\"async\" width=\"300\" height=\"225\" src=\"https:\/\/www.radiopiu.net\/wordpress\/wp-content\/uploads\/2025\/01\/08793658-81c0-40c0-abe0-d05f480d0e5f-300x225.jpg\" class=\"attachment-medium size-medium\" alt=\"\" srcset=\"https:\/\/www.radiopiu.net\/wordpress\/wp-content\/uploads\/2025\/01\/08793658-81c0-40c0-abe0-d05f480d0e5f-300x225.jpg 300w, https:\/\/www.radiopiu.net\/wordpress\/wp-content\/uploads\/2025\/01\/08793658-81c0-40c0-abe0-d05f480d0e5f-1024x768.jpg 1024w, https:\/\/www.radiopiu.net\/wordpress\/wp-content\/uploads\/2025\/01\/08793658-81c0-40c0-abe0-d05f480d0e5f-768x576.jpg 768w, https:\/\/www.radiopiu.net\/wordpress\/wp-content\/uploads\/2025\/01\/08793658-81c0-40c0-abe0-d05f480d0e5f-1536x1152.jpg 1536w, https:\/\/www.radiopiu.net\/wordpress\/wp-content\/uploads\/2025\/01\/08793658-81c0-40c0-abe0-d05f480d0e5f.jpg 1600w\" sizes=\"auto, (max-width: 300px) 100vw, 300px\" \/><\/a>\n\t\t\t\t<\/dt><\/dl><dl class='gallery-item'>\n\t\t\t\t<dt class='gallery-icon landscape'>\n\t\t\t\t\t<a class=\"rollover rollover-zoom dt-pswp-item\" title=\"7fbba0ad-2385-4591-9c53-6fecc79cff2d\" data-dt-img-description=\"\" data-large_image_width=\"1600\" data-large_image_height=\"1200\"href='https:\/\/www.radiopiu.net\/wordpress\/wp-content\/uploads\/2025\/01\/7fbba0ad-2385-4591-9c53-6fecc79cff2d.jpg'><img loading=\"lazy\" decoding=\"async\" width=\"300\" height=\"225\" src=\"https:\/\/www.radiopiu.net\/wordpress\/wp-content\/uploads\/2025\/01\/7fbba0ad-2385-4591-9c53-6fecc79cff2d-300x225.jpg\" class=\"attachment-medium size-medium\" alt=\"\" srcset=\"https:\/\/www.radiopiu.net\/wordpress\/wp-content\/uploads\/2025\/01\/7fbba0ad-2385-4591-9c53-6fecc79cff2d-300x225.jpg 300w, https:\/\/www.radiopiu.net\/wordpress\/wp-content\/uploads\/2025\/01\/7fbba0ad-2385-4591-9c53-6fecc79cff2d-1024x768.jpg 1024w, https:\/\/www.radiopiu.net\/wordpress\/wp-content\/uploads\/2025\/01\/7fbba0ad-2385-4591-9c53-6fecc79cff2d-768x576.jpg 768w, https:\/\/www.radiopiu.net\/wordpress\/wp-content\/uploads\/2025\/01\/7fbba0ad-2385-4591-9c53-6fecc79cff2d-1536x1152.jpg 1536w, https:\/\/www.radiopiu.net\/wordpress\/wp-content\/uploads\/2025\/01\/7fbba0ad-2385-4591-9c53-6fecc79cff2d.jpg 1600w\" sizes=\"auto, (max-width: 300px) 100vw, 300px\" \/><\/a>\n\t\t\t\t<\/dt><\/dl><br style=\"clear: both\" \/>\n\t\t\t<\/div>\n\n<p>&nbsp;<\/p>\n<hr \/>\n<p>&nbsp;<\/p>\n<blockquote>\n<h3>Loris Santomaso: 49 Anni di Passione nel Raccontare Storia e Tradizioni con il Calendario Agordino<\/h3>\n<\/blockquote>\n<p><img loading=\"lazy\" decoding=\"async\" class=\"alignleft\" src=\"https:\/\/www.radiopiu.net\/wordpress\/wp-content\/uploads\/2023\/04\/loris-santomaso-268x300-1.jpg\" width=\"121\" height=\"135\" \/><\/p>\n<div class=\"flex max-w-full flex-col flex-grow\">\n<div class=\"min-h-8 text-message flex w-full flex-col items-end gap-2 whitespace-normal break-words text-start [.text-message+&amp;]:mt-5\" dir=\"auto\" data-message-author-role=\"assistant\" data-message-id=\"48bc9392-42a4-4ef3-88d0-eddfa4d87856\" data-message-model-slug=\"gpt-4o\">\n<div class=\"flex w-full flex-col gap-1 empty:hidden first:pt-[3px]\">\n<div class=\"markdown prose w-full break-words dark:prose-invert dark\">\n<blockquote><p><em>Complimenti a Loris Santomaso per il prezioso impegno con il Calendario Agordino, che da 49 anni racconta storia, cultura e tradizioni, unendo generazioni e comunit\u00e0 con passione e dedizione inestimabile.<\/em><\/p><\/blockquote>\n<\/div>\n<\/div>\n<\/div>\n<\/div>\n<p><strong class=\"photoswipe-wrapper\"><a class=\"dt-pswp-item pspw-wrap-ready\" href=\"https:\/\/www.radiopiu.net\/wordpress\/wp-content\/uploads\/2024\/12\/AGORDO-Copertina-Calendario-Agordino-2025.jpg\" data-dt-img-description=\"\" data-large_image_width=\"915\" data-large_image_height=\"1372\"><img loading=\"lazy\" decoding=\"async\" class=\" wp-image-426640 alignright\" src=\"https:\/\/www.radiopiu.net\/wordpress\/wp-content\/uploads\/2024\/12\/AGORDO-Copertina-Calendario-Agordino-2025-200x300.jpg\" sizes=\"auto, (max-width: 141px) 100vw, 141px\" srcset=\"https:\/\/www.radiopiu.net\/wordpress\/wp-content\/uploads\/2024\/12\/AGORDO-Copertina-Calendario-Agordino-2025-200x300.jpg 200w, https:\/\/www.radiopiu.net\/wordpress\/wp-content\/uploads\/2024\/12\/AGORDO-Copertina-Calendario-Agordino-2025-683x1024.jpg 683w, https:\/\/www.radiopiu.net\/wordpress\/wp-content\/uploads\/2024\/12\/AGORDO-Copertina-Calendario-Agordino-2025-768x1152.jpg 768w, https:\/\/www.radiopiu.net\/wordpress\/wp-content\/uploads\/2024\/12\/AGORDO-Copertina-Calendario-Agordino-2025.jpg 915w\" alt=\"\" width=\"141\" height=\"212\" \/><\/a>AGORDO<\/strong><\/p>\n<p>Il Calendario Agordino 2025, alla sua 49a edizione, accompagna gli agordini e gli emigranti per tutto l\u2019anno con ricordi, immagini e notizie legate al territorio. Curato da Loris Santomaso, celebra il tema della speranza, ispirandosi al Giubileo \u201cPellegrini di Speranza\u201d proclamato da Papa Francesco per il 2025. La sezione storica rievoca l\u2019inaugurazione della Ferrovia Bribano-Agordo del 1925, simbolo di gioia poi sfumata con la sua chiusura nel 1955, e ricorda figure locali di spicco. Tra queste, il pittore No\u00e8 Pollazzon, che con le sue opere ha reso omaggio alla terra d\u2019origine, e il fotografo Attilio Pietrogiovanna, autore di rievocazioni storiche e mostre solidali. Una pubblicazione ricca di memorie e cultura per mantenere vivi i legami con l\u2019Agordino.<\/p>\n<p><strong>Foto<\/strong>:<\/p>\n<p>La copertina del Calendario Agordino 2025.<\/p>\n<p>&nbsp;<\/p>\n<blockquote>\n<h1><\/h1>\n<h1><span style=\"color: #ff0000;\">SIAMO A POSTO&#8230; CON LE POSTE<\/span><\/h1>\n<\/blockquote>\n<p><em><strong><a class=\"dt-pswp-item\" href=\"https:\/\/www.radiopiu.net\/wordpress\/wp-content\/uploads\/2024\/07\/poste-agordo.jpeg\" data-dt-img-description=\"\" data-large_image_width=\"1900\" data-large_image_height=\"1282\"><img loading=\"lazy\" decoding=\"async\" class=\"size-medium wp-image-401769 alignleft\" src=\"https:\/\/www.radiopiu.net\/wordpress\/wp-content\/uploads\/2024\/07\/poste-agordo-300x202.jpeg\" alt=\"\" width=\"300\" height=\"202\" srcset=\"https:\/\/www.radiopiu.net\/wordpress\/wp-content\/uploads\/2024\/07\/poste-agordo-300x202.jpeg 300w, https:\/\/www.radiopiu.net\/wordpress\/wp-content\/uploads\/2024\/07\/poste-agordo-1024x691.jpeg 1024w, https:\/\/www.radiopiu.net\/wordpress\/wp-content\/uploads\/2024\/07\/poste-agordo-768x518.jpeg 768w, https:\/\/www.radiopiu.net\/wordpress\/wp-content\/uploads\/2024\/07\/poste-agordo-1536x1036.jpeg 1536w, https:\/\/www.radiopiu.net\/wordpress\/wp-content\/uploads\/2024\/07\/poste-agordo.jpeg 1900w\" sizes=\"auto, (max-width: 300px) 100vw, 300px\" \/><\/a>Un pacco postale.. da Taibon a Taibon mai arrivato a destinazione. ma POSTE ITALIANE ufficio di AGORDO si e&#8217; almeno degnato di chiedere scusa e restituire i 17 euro? Temiano che come al solito diranno &#8220;mica colpa nostra&#8230;&#8221; certo&#8230; colpa degli alieni! E le associazioni dei consumatori come al solito dormicchiano hanno altro a cui pensare probabilmente..<\/strong><\/em><\/p>\n<p><strong>TAIBON<\/strong>\u00a0 La cronaca ci regala, a volte, storie cos\u00ec incredibili da sembrare scritte da un umorista in vena di satire postali. \u00c8 il caso del pacco che ha deciso di trascorrere il Natale viaggiando per&#8230; quattro chilometri. S\u00ec, avete capito bene, un&#8217;avventura epica da Taibon a Taibon, con tanto di biglietto assicurato e uno scalo previsto (mai avvenuto) nella lontana Budoni, Sardegna. Il nostro protagonista, un pacco da 16,38 euro di spese di spedizione, lascia l&#8217;Ufficio Postale di Agordo carico di aspettative. La destinazione? Un caloroso approdo a Budoni, Sardegna. Il mittente, Gianfranco, paga fiducioso l&#8217;importo richiesto da bravo contribuente, consapevole che il 2024 ha portato innovazioni tecnologiche straordinarie\u2026 ma evidentemente non nel mondo delle spedizioni.\u00a0 Dopo sette giorni di emozioni, il 30 dicembre il pacco ritorna, senza nemmeno avvisare con un campanello, alla porta del mittente, a Taibon. Come in una scena di un film tragicomico, viene &#8220;buttato fuori&#8221; dall&#8217;automezzo del corriere, manco fosse un sacchetto del compostaggio.\u00a0 Alla richiesta di spiegazioni, l\u2019Ufficio Postale di Agordo, nella sua serafica saggezza, esclude ogni responsabilit\u00e0:<em> &#8220;Non \u00e8 colpa nostra.&#8221;<\/em> Se non delle Poste, chi potrebbe mai essere il colpevole? Gianfranco propone una teoria audace quanto verosimile: <strong>un alieno dispettoso<\/strong> avrebbe orchestrato tutto, forse annoiato dalla monotonia cosmica. <strong>Ma le foto non mentono <\/strong>Il mittente \u00e8 pronto a svelare l\u2019inequivocabile prova fotografica, che documenta dettagliatamente indirizzi, nomi e condizioni di consegna. Le immagini, pi\u00f9 chiare di una puntata di <em>CSI<\/em>, certificano l\u2019inefficienza di un sistema in cui un pacco assicurato riesce a sbagliare destinazione\u2026 restando quasi fermo.\u00a0 Che si tratti di un alieno, del Grinch, o di un semplice errore umano (ma alieni e Grinch suonano pi\u00f9 plausibili), la lezione \u00e8 chiara: fidarsi \u00e8 bene, ma assicurarsi che un pacco percorra realmente pi\u00f9 di quattro chilometri \u00e8 meglio. Ciao Gianfranco, buone feste anche a te! E che il prossimo pacco trovi una strada pi\u00f9 chiara e meno &#8220;spaziale&#8221;.<\/p>\n<p>&nbsp;<\/p>\n<hr \/>\n<p>&nbsp;<\/p>\n<blockquote>\n<h3>DA OGGI IN PAGAMENTO LE PENSIONI<\/h3>\n<\/blockquote>\n<p><strong>BELLUNO<\/strong> <span class=\"s2\">Poste Italiane comunica che in tutti gli uffici postali della provincia di Belluno le pensioni del mese di gennaio saranno in pagamento da oggi. <span class=\"s1\">Per evitare assembramenti e tempi di attesa superiori alla media, Poste Italiane consiglia a tutti i pensionati, ove possibile, di recarsi a ritirare la pensione in tarda mattinata o durante le ore pomeridiane privilegiando i giorni successivi ai primi.<\/span><\/span><\/p>\n<p>&nbsp;<\/p>\n<p>&nbsp;<\/p>\n<hr \/>\n<p>&nbsp;<\/p>\n<p>&nbsp;<\/p>\n<blockquote class=\"wp-embedded-content\" data-secret=\"nJwAbOUgvN\"><p><a href=\"https:\/\/www.radiopiu.net\/wordpress\/valle-del-biois-storia-alla-radio-il-celentone-e-il-focolare-archivio-radio-piu-raccolta-1939-1970\/\">valle del biois STORIA ALLA RADIO, &#8220;IL CELENTONE&#8221; e &#8220;IL FOCOLARE&#8221; ARCHIVIO RADIO PIU raccolta 1939-1970<\/a><\/p><\/blockquote>\n<p><iframe loading=\"lazy\" class=\"wp-embedded-content\" sandbox=\"allow-scripts\" security=\"restricted\" style=\"position: absolute; visibility: hidden;\" title=\"&#8220;valle del biois STORIA ALLA RADIO, &#8220;IL CELENTONE&#8221; e &#8220;IL FOCOLARE&#8221; ARCHIVIO RADIO PIU raccolta 1939-1970&#8221; &#8212; Radio Pi\u00f9\" src=\"https:\/\/www.radiopiu.net\/wordpress\/valle-del-biois-storia-alla-radio-il-celentone-e-il-focolare-archivio-radio-piu-raccolta-1939-1970\/embed\/#?secret=CGD75F2xx9#?secret=nJwAbOUgvN\" data-secret=\"nJwAbOUgvN\" width=\"600\" height=\"338\" frameborder=\"0\" marginwidth=\"0\" marginheight=\"0\" scrolling=\"no\"><\/iframe><\/p>\n<blockquote class=\"wp-embedded-content\" data-secret=\"RRxi9enVLt\"><p><a href=\"https:\/\/www.radiopiu.net\/wordpress\/caviola-di-falcade-storia-alla-radio-1958-la-benedizione-della-nuova-chiesa\/\">caviola di falcade STORIA ALLA RADIO, 1958 LA BENEDIZIONE DELLA NUOVA CHIESA<\/a><\/p><\/blockquote>\n<p><iframe loading=\"lazy\" class=\"wp-embedded-content\" sandbox=\"allow-scripts\" security=\"restricted\" style=\"position: absolute; visibility: hidden;\" title=\"&#8220;caviola di falcade STORIA ALLA RADIO, 1958 LA BENEDIZIONE DELLA NUOVA CHIESA&#8221; &#8212; Radio Pi\u00f9\" src=\"https:\/\/www.radiopiu.net\/wordpress\/caviola-di-falcade-storia-alla-radio-1958-la-benedizione-della-nuova-chiesa\/embed\/#?secret=VBKhOj7TlD#?secret=RRxi9enVLt\" data-secret=\"RRxi9enVLt\" width=\"600\" height=\"338\" frameborder=\"0\" marginwidth=\"0\" marginheight=\"0\" scrolling=\"no\"><\/iframe><\/p>\n<hr \/>\n<p>&nbsp;<\/p>\n<blockquote>\n<h1>Il Presepe Artistico di Roe di Sedico: un capolavoro da visitare<\/h1>\n<\/blockquote>\n<p><a class=\"dt-pswp-item\" href=\"https:\/\/www.radiopiu.net\/wordpress\/wp-content\/uploads\/2024\/12\/5162ed54-e3b2-4d17-82f0-cf26bd30086a.jpg\" data-dt-img-description=\"\" data-large_image_width=\"1200\" data-large_image_height=\"1600\"><img loading=\"lazy\" decoding=\"async\" class=\"size-medium wp-image-423381 alignleft\" src=\"https:\/\/www.radiopiu.net\/wordpress\/wp-content\/uploads\/2024\/12\/5162ed54-e3b2-4d17-82f0-cf26bd30086a-225x300.jpg\" alt=\"\" width=\"225\" height=\"300\" srcset=\"https:\/\/www.radiopiu.net\/wordpress\/wp-content\/uploads\/2024\/12\/5162ed54-e3b2-4d17-82f0-cf26bd30086a-225x300.jpg 225w, https:\/\/www.radiopiu.net\/wordpress\/wp-content\/uploads\/2024\/12\/5162ed54-e3b2-4d17-82f0-cf26bd30086a-768x1024.jpg 768w, https:\/\/www.radiopiu.net\/wordpress\/wp-content\/uploads\/2024\/12\/5162ed54-e3b2-4d17-82f0-cf26bd30086a-1152x1536.jpg 1152w, https:\/\/www.radiopiu.net\/wordpress\/wp-content\/uploads\/2024\/12\/5162ed54-e3b2-4d17-82f0-cf26bd30086a.jpg 1200w\" sizes=\"auto, (max-width: 225px) 100vw, 225px\" \/><\/a>Il presepe artistico di Roe di Sedico \u00e8 un\u2019opera straordinaria realizzata dai talentuosi autori Fabio Sommacal, Davide Lovisotto, Edi Tegner, Andrea Fontanive e Marco Bressan. Nato nel 1988, le prime edizioni venivano ospitate nella cappella invernale e smontate ogni anno. Dal 1991, grazie alla disponibilit\u00e0 di Don Rinaldo, il presepe ha trovato una sede permanente, permettendo la realizzazione di 32 edizioni fino all\u2019interruzione causata dalla pandemia. Dal 2022, l\u2019avventura \u00e8 ripartita con rinnovato entusiasmo. Il presepe \u00e8 visitabile fino al 31 gennaio: <strong>Domeniche e festivi:<\/strong> 10:00-12:00 e 14:00-18:30. <strong>Dal 25 dicembre al 6 gennaio:<\/strong> aperto anche nei feriali, nel pomeriggio 14:00-18:30. Un appuntamento imperdibile per immergersi nella magia del Natale e ammirare un\u2019opera che racconta tradizione e passione.<\/p>\n<p>&nbsp;<\/p>\n\n\t\t\t<style type='text\/css'>\n\t\t\t\t#gallery-7 {\n\t\t\t\t\tmargin: auto;\n\t\t\t\t}\n\t\t\t\t#gallery-7 .gallery-item {\n\t\t\t\t\tfloat: left;\n\t\t\t\t\tmargin-top: 10px;\n\t\t\t\t\ttext-align: center;\n\t\t\t\t\twidth: 12%;\n\t\t\t\t}\n\t\t\t\t#gallery-7 img {\n\t\t\t\t\tborder: 2px solid #cfcfcf;\n\t\t\t\t}\n\t\t\t\t#gallery-7 .gallery-caption {\n\t\t\t\t\tmargin-left: 0;\n\t\t\t\t}\n\t\t\t\t\/* see gallery_shortcode() in wp-includes\/media.php *\/\n\t\t\t<\/style>\n\t\t<div id='gallery-7' class='dt-gallery-container gallery galleryid-427537 gallery-columns-8 gallery-size-thumbnail'><dl class='gallery-item'>\n\t\t\t\t<dt class='gallery-icon landscape'>\n\t\t\t\t\t<a class=\"rollover rollover-zoom dt-pswp-item\" title=\"1708f0ec-4e7a-4978-b30d-3959327ffde0\" data-dt-img-description=\"\" data-large_image_width=\"1600\" data-large_image_height=\"1200\"href='https:\/\/www.radiopiu.net\/wordpress\/wp-content\/uploads\/2024\/12\/1708f0ec-4e7a-4978-b30d-3959327ffde0.jpg'><img loading=\"lazy\" decoding=\"async\" width=\"150\" height=\"150\" src=\"https:\/\/www.radiopiu.net\/wordpress\/wp-content\/uploads\/2024\/12\/1708f0ec-4e7a-4978-b30d-3959327ffde0-150x150.jpg\" class=\"attachment-thumbnail size-thumbnail\" alt=\"\" \/><\/a>\n\t\t\t\t<\/dt><\/dl><dl class='gallery-item'>\n\t\t\t\t<dt class='gallery-icon landscape'>\n\t\t\t\t\t<a class=\"rollover rollover-zoom dt-pswp-item\" title=\"31faecc0-e87e-406d-b6a8-6f5633f67e78\" data-dt-img-description=\"\" data-large_image_width=\"1600\" data-large_image_height=\"1200\"href='https:\/\/www.radiopiu.net\/wordpress\/wp-content\/uploads\/2024\/12\/31faecc0-e87e-406d-b6a8-6f5633f67e78.jpg'><img loading=\"lazy\" decoding=\"async\" width=\"150\" height=\"150\" src=\"https:\/\/www.radiopiu.net\/wordpress\/wp-content\/uploads\/2024\/12\/31faecc0-e87e-406d-b6a8-6f5633f67e78-150x150.jpg\" class=\"attachment-thumbnail size-thumbnail\" alt=\"\" \/><\/a>\n\t\t\t\t<\/dt><\/dl><dl class='gallery-item'>\n\t\t\t\t<dt class='gallery-icon landscape'>\n\t\t\t\t\t<a class=\"rollover rollover-zoom dt-pswp-item\" title=\"22cd45a8-8844-4e2d-8552-f9a2b7c9b35a\" data-dt-img-description=\"\" data-large_image_width=\"1600\" data-large_image_height=\"1200\"href='https:\/\/www.radiopiu.net\/wordpress\/wp-content\/uploads\/2024\/12\/22cd45a8-8844-4e2d-8552-f9a2b7c9b35a.jpg'><img loading=\"lazy\" decoding=\"async\" width=\"150\" height=\"150\" src=\"https:\/\/www.radiopiu.net\/wordpress\/wp-content\/uploads\/2024\/12\/22cd45a8-8844-4e2d-8552-f9a2b7c9b35a-150x150.jpg\" class=\"attachment-thumbnail size-thumbnail\" alt=\"\" \/><\/a>\n\t\t\t\t<\/dt><\/dl><dl class='gallery-item'>\n\t\t\t\t<dt class='gallery-icon landscape'>\n\t\t\t\t\t<a class=\"rollover rollover-zoom dt-pswp-item\" title=\"2f78f81d-54a0-473e-a048-6082fa5f0dfb\" data-dt-img-description=\"\" data-large_image_width=\"1600\" data-large_image_height=\"1200\"href='https:\/\/www.radiopiu.net\/wordpress\/wp-content\/uploads\/2024\/12\/2f78f81d-54a0-473e-a048-6082fa5f0dfb.jpg'><img loading=\"lazy\" decoding=\"async\" width=\"150\" height=\"150\" src=\"https:\/\/www.radiopiu.net\/wordpress\/wp-content\/uploads\/2024\/12\/2f78f81d-54a0-473e-a048-6082fa5f0dfb-150x150.jpg\" class=\"attachment-thumbnail size-thumbnail\" alt=\"\" \/><\/a>\n\t\t\t\t<\/dt><\/dl><dl class='gallery-item'>\n\t\t\t\t<dt class='gallery-icon landscape'>\n\t\t\t\t\t<a class=\"rollover rollover-zoom dt-pswp-item\" title=\"05ae5de8-f5ea-45b4-9b1f-d4e96bbb1fb8\" data-dt-img-description=\"\" data-large_image_width=\"1600\" data-large_image_height=\"1200\"href='https:\/\/www.radiopiu.net\/wordpress\/wp-content\/uploads\/2024\/12\/05ae5de8-f5ea-45b4-9b1f-d4e96bbb1fb8.jpg'><img loading=\"lazy\" decoding=\"async\" width=\"150\" height=\"150\" src=\"https:\/\/www.radiopiu.net\/wordpress\/wp-content\/uploads\/2024\/12\/05ae5de8-f5ea-45b4-9b1f-d4e96bbb1fb8-150x150.jpg\" class=\"attachment-thumbnail size-thumbnail\" alt=\"\" \/><\/a>\n\t\t\t\t<\/dt><\/dl><dl class='gallery-item'>\n\t\t\t\t<dt class='gallery-icon landscape'>\n\t\t\t\t\t<a class=\"rollover rollover-zoom dt-pswp-item\" title=\"9b5d2c47-0c82-43c2-ac45-eda00723a965\" data-dt-img-description=\"\" data-large_image_width=\"1600\" data-large_image_height=\"1200\"href='https:\/\/www.radiopiu.net\/wordpress\/wp-content\/uploads\/2024\/12\/9b5d2c47-0c82-43c2-ac45-eda00723a965.jpg'><img loading=\"lazy\" decoding=\"async\" width=\"150\" height=\"150\" src=\"https:\/\/www.radiopiu.net\/wordpress\/wp-content\/uploads\/2024\/12\/9b5d2c47-0c82-43c2-ac45-eda00723a965-150x150.jpg\" class=\"attachment-thumbnail size-thumbnail\" alt=\"\" \/><\/a>\n\t\t\t\t<\/dt><\/dl><dl class='gallery-item'>\n\t\t\t\t<dt class='gallery-icon landscape'>\n\t\t\t\t\t<a class=\"rollover rollover-zoom dt-pswp-item\" title=\"2ed1d8d3-409e-4775-94ed-91e3eda55c6e\" data-dt-img-description=\"\" data-large_image_width=\"1600\" data-large_image_height=\"1200\"href='https:\/\/www.radiopiu.net\/wordpress\/wp-content\/uploads\/2024\/12\/2ed1d8d3-409e-4775-94ed-91e3eda55c6e.jpg'><img loading=\"lazy\" decoding=\"async\" width=\"150\" height=\"150\" src=\"https:\/\/www.radiopiu.net\/wordpress\/wp-content\/uploads\/2024\/12\/2ed1d8d3-409e-4775-94ed-91e3eda55c6e-150x150.jpg\" class=\"attachment-thumbnail size-thumbnail\" alt=\"\" \/><\/a>\n\t\t\t\t<\/dt><\/dl><dl class='gallery-item'>\n\t\t\t\t<dt class='gallery-icon landscape'>\n\t\t\t\t\t<a class=\"rollover rollover-zoom dt-pswp-item\" title=\"0f25e816-4eb7-459e-b251-b05d839862fc\" data-dt-img-description=\"\" data-large_image_width=\"1600\" data-large_image_height=\"1200\"href='https:\/\/www.radiopiu.net\/wordpress\/wp-content\/uploads\/2024\/12\/0f25e816-4eb7-459e-b251-b05d839862fc.jpg'><img loading=\"lazy\" decoding=\"async\" width=\"150\" height=\"150\" src=\"https:\/\/www.radiopiu.net\/wordpress\/wp-content\/uploads\/2024\/12\/0f25e816-4eb7-459e-b251-b05d839862fc-150x150.jpg\" class=\"attachment-thumbnail size-thumbnail\" alt=\"\" \/><\/a>\n\t\t\t\t<\/dt><\/dl><br style=\"clear: both\" \/>\n\t\t\t<\/div>\n\n<p>&nbsp;<\/p>\n<hr \/>\n<p>&nbsp;<\/p>\n<p><strong><a class=\"dt-pswp-item\" href=\"https:\/\/www.radiopiu.net\/wordpress\/wp-content\/uploads\/2024\/11\/AMICI-MINERARI.png\" data-dt-img-description=\"\" data-large_image_width=\"209\" data-large_image_height=\"174\"><img loading=\"lazy\" decoding=\"async\" class=\" wp-image-419180 alignleft\" src=\"https:\/\/www.radiopiu.net\/wordpress\/wp-content\/uploads\/2024\/11\/AMICI-MINERARI.png\" alt=\"\" width=\"168\" height=\"140\" \/><\/a>&#8220;Con gli Amici dei Minerari: Serate d&#8217;Inverno \u2013 un viaggio tra storia, scienza e meraviglie. Incontri presso la Sala con T\u00e0-Mis. Non mancare!&#8221;<\/strong><\/p>\n<ul>\n<li><em>Venerd\u00ec 24 gennaio, ore 20:30<\/em>: &#8220;Il meraviglioso mondo dei fossili delle Dolomiti&#8221; \u2013 Relatore Danilo Giordano.<\/li>\n<li><em>Venerd\u00ec 21 febbraio, ore 20:30<\/em>: &#8220;Il traforo del Brennero: studio, progettazione e realizzazione&#8221; \u2013 Relatori Vittorio Fenti e Mario Guadagnini.<\/li>\n<\/ul>\n<p><strong>Vivi la cultura e la passione per la montagna!<\/strong><\/p>\n<p>&nbsp;<\/p>\n<p>&nbsp;<\/p>\n<hr \/>\n<p>&nbsp;<\/p>\n<blockquote>\n<h3>ADRENALINA E SPETTACOLO: TORNA LA MAX TOSI INVITATIONAL DOMINATOR NIGHT AD ALLEGHE<\/h3>\n<\/blockquote>\n<p><strong><a class=\"dt-pswp-item\" href=\"https:\/\/www.radiopiu.net\/wordpress\/wp-content\/uploads\/2024\/12\/DOMNATOR-PROMO-Flyer-Ok-compresso.jpg\" data-dt-img-description=\"\" data-large_image_width=\"419\" data-large_image_height=\"595\"><img loading=\"lazy\" decoding=\"async\" class=\" wp-image-427225 alignleft\" src=\"https:\/\/www.radiopiu.net\/wordpress\/wp-content\/uploads\/2024\/12\/DOMNATOR-PROMO-Flyer-Ok-compresso-211x300.jpg\" alt=\"\" width=\"133\" height=\"189\" srcset=\"https:\/\/www.radiopiu.net\/wordpress\/wp-content\/uploads\/2024\/12\/DOMNATOR-PROMO-Flyer-Ok-compresso-211x300.jpg 211w, https:\/\/www.radiopiu.net\/wordpress\/wp-content\/uploads\/2024\/12\/DOMNATOR-PROMO-Flyer-Ok-compresso.jpg 419w\" sizes=\"auto, (max-width: 133px) 100vw, 133px\" \/><\/a>ALLEGHE <\/strong>Domani i riflettori si accendono sui Piani di Pezz\u00e8 ad Alleghe, dove si terr\u00e0 la nuova edizione della Max Tosi Invitational Dominator Night, un evento imperdibile per gli amanti di motoslitte e snowbike. Organizzato in collaborazione con Sledtech, Grande Baita Civetta e Alleghe Funivie, l&#8217;evento promette una serata all&#8217;insegna della competizione e del divertimento. I migliori piloti del panorama internazionale si sfideranno per conquistare il titolo di dominatore della notte, regalando al pubblico uno spettacolo mozzafiato. Le cabinovie saranno operative dalle 20:30 alle 2:00 per permettere agli spettatori di raggiungere comodamente i Piani di Pezz\u00e8. Alle 21:30 il semaforo verde dar\u00e0 il via alla competizione, che vedr\u00e0 motori ruggenti e acrobazie estreme sotto le stelle. A seguire, la serata si accender\u00e0 con il Dominator Party, animato dalle vibrazioni di DJ Max Benzoni, per concludere l\u2019evento in un\u2019atmosfera festosa. Un appuntamento imperdibile per gli appassionati di sport estremi e per chi cerca un\u2019esperienza unica in alta quota.<\/p>\n<p>&nbsp;<\/p>\n<p>&nbsp;<\/p>\n<hr \/>\n<p>&nbsp;<\/p>\n<blockquote>\n<h3>OGGI A CENCENIGHE LA PRESENTAZIONE DEL LIBRO A FUMETTI &#8220;GUARDA MAMMA&#8221;<\/h3>\n<\/blockquote>\n<p><strong><a class=\"dt-pswp-item\" href=\"https:\/\/www.radiopiu.net\/wordpress\/wp-content\/uploads\/2024\/12\/2025_01_03_Cencenighe_locandina_Guarda_mamma_V3_241231_095630.jpg\" data-dt-img-description=\"\" data-large_image_width=\"841\" data-large_image_height=\"1190\"><img loading=\"lazy\" decoding=\"async\" class=\" wp-image-427413 alignleft\" src=\"https:\/\/www.radiopiu.net\/wordpress\/wp-content\/uploads\/2024\/12\/2025_01_03_Cencenighe_locandina_Guarda_mamma_V3_241231_095630-212x300.jpg\" alt=\"\" width=\"141\" height=\"200\" srcset=\"https:\/\/www.radiopiu.net\/wordpress\/wp-content\/uploads\/2024\/12\/2025_01_03_Cencenighe_locandina_Guarda_mamma_V3_241231_095630-212x300.jpg 212w, https:\/\/www.radiopiu.net\/wordpress\/wp-content\/uploads\/2024\/12\/2025_01_03_Cencenighe_locandina_Guarda_mamma_V3_241231_095630-724x1024.jpg 724w, https:\/\/www.radiopiu.net\/wordpress\/wp-content\/uploads\/2024\/12\/2025_01_03_Cencenighe_locandina_Guarda_mamma_V3_241231_095630-768x1087.jpg 768w, https:\/\/www.radiopiu.net\/wordpress\/wp-content\/uploads\/2024\/12\/2025_01_03_Cencenighe_locandina_Guarda_mamma_V3_241231_095630.jpg 841w\" sizes=\"auto, (max-width: 141px) 100vw, 141px\" \/><\/a>CENCENIGHE<\/strong> Il Comune, la Biblioteca Comunale e la Pro Loco di Cencenighe Agordino organizzano la presentazione del racconto a fumetti &#8220;Guarda Mamma! Sono andata in bici dal mio cognome al mio nome&#8221;, oggi alle 17:30 nella Sala Consiliare del Municipio. L\u2019autrice Amelia Cavarzan, ciclista e artista, racconta un viaggio simbolico e reale che unisce avventura, introspezione e ironia, intrecciando emozioni e luoghi. L\u2019evento offre l\u2019opportunit\u00e0 di dialogare con l\u2019autrice e scoprire i dettagli e le ispirazioni del suo lavoro.<\/p>\n<p>&nbsp;<\/p>\n<p>&nbsp;<\/p>\n<p><strong>L&#8217;INVITO DEL SINDACO DI CENCENIGHE MAURO SOPPELSA<\/strong><\/p>\n<audio class=\"wp-audio-shortcode\" id=\"audio-427537-8\" preload=\"none\" style=\"width: 100%;\" controls=\"controls\"><source type=\"audio\/mpeg\" src=\"https:\/\/www.radiopiu.net\/wordpress\/wp-content\/uploads\/2024\/12\/MAURO-SOPPELSA-FUMETTO.mp3?_=8\" \/><a href=\"https:\/\/www.radiopiu.net\/wordpress\/wp-content\/uploads\/2024\/12\/MAURO-SOPPELSA-FUMETTO.mp3\">https:\/\/www.radiopiu.net\/wordpress\/wp-content\/uploads\/2024\/12\/MAURO-SOPPELSA-FUMETTO.mp3<\/a><\/audio>\n<p>&nbsp;<\/p>\n<hr \/>\n<p>&nbsp;<\/p>\n<blockquote>\n<h3>STORIE DI MONTAGNA IL 4 GENNAIO A SAN TOMASO<\/h3>\n<\/blockquote>\n<p><strong><a class=\"dt-pswp-item\" href=\"https:\/\/www.radiopiu.net\/wordpress\/wp-content\/uploads\/2024\/12\/fcf6f9a2-c8e2-48da-bcc7-20c5d5161e50-1.jpg\" data-dt-img-description=\"\" data-large_image_width=\"1080\" data-large_image_height=\"1080\"><img loading=\"lazy\" decoding=\"async\" class=\" wp-image-427004 alignleft\" src=\"https:\/\/www.radiopiu.net\/wordpress\/wp-content\/uploads\/2024\/12\/fcf6f9a2-c8e2-48da-bcc7-20c5d5161e50-1-300x300.jpg\" alt=\"\" width=\"125\" height=\"125\" srcset=\"https:\/\/www.radiopiu.net\/wordpress\/wp-content\/uploads\/2024\/12\/fcf6f9a2-c8e2-48da-bcc7-20c5d5161e50-1-300x300.jpg 300w, https:\/\/www.radiopiu.net\/wordpress\/wp-content\/uploads\/2024\/12\/fcf6f9a2-c8e2-48da-bcc7-20c5d5161e50-1-1024x1024.jpg 1024w, https:\/\/www.radiopiu.net\/wordpress\/wp-content\/uploads\/2024\/12\/fcf6f9a2-c8e2-48da-bcc7-20c5d5161e50-1-150x150.jpg 150w, https:\/\/www.radiopiu.net\/wordpress\/wp-content\/uploads\/2024\/12\/fcf6f9a2-c8e2-48da-bcc7-20c5d5161e50-1-768x768.jpg 768w, https:\/\/www.radiopiu.net\/wordpress\/wp-content\/uploads\/2024\/12\/fcf6f9a2-c8e2-48da-bcc7-20c5d5161e50-1.jpg 1080w\" sizes=\"auto, (max-width: 125px) 100vw, 125px\" \/><\/a>SAN TOMASO<\/strong> Domani alle 17.30, presso la Sala Parrocchiale di San Tomaso (Loc. Zelat), Luca e Paolo presenteranno per la prima volta in pubblico alcuni video, pi\u00f9 un inedito, realizzati da Luca tratti dai racconti contenuti nella rubrica I racconti di Paolo Soppelsa, presente nel sito di Radio Pi\u00f9 Emittente Agordina. Sar\u00e0 un&#8217;occasione per veder proiettati sul grande schermo questi video che narrano la montagna ed in particolare il territorio Agordino.<\/p>\n<p><strong>L&#8217;INVITO DI PAOLO SOPPELSA<\/strong><\/p>\n<audio class=\"wp-audio-shortcode\" id=\"audio-427537-9\" preload=\"none\" style=\"width: 100%;\" controls=\"controls\"><source type=\"audio\/mpeg\" src=\"https:\/\/www.radiopiu.net\/wordpress\/wp-content\/uploads\/2024\/12\/gr-30-storie-di-montagna-SOPPELSA.mp3?_=9\" \/><a href=\"https:\/\/www.radiopiu.net\/wordpress\/wp-content\/uploads\/2024\/12\/gr-30-storie-di-montagna-SOPPELSA.mp3\">https:\/\/www.radiopiu.net\/wordpress\/wp-content\/uploads\/2024\/12\/gr-30-storie-di-montagna-SOPPELSA.mp3<\/a><\/audio>\n<p>&nbsp;<\/p>\n<hr \/>\n<p>&nbsp;<\/p>\n<blockquote>\n<h3>SUL FILO DELL&#8217;ACQUA IN CADORE<\/h3>\n<\/blockquote>\n<p><strong>CADORE <\/strong>Sabato 11 gennaio, alle 21, nella Sala Consiliare della Magnifica Comunit\u00e0 di Cadore, il gruppo teatrale I Comelianti presenter\u00e0 \u201cSul filo dell\u2019Acqua\u201d. Lo spettacolo, ideato per il 600\u00b0 anniversario della dedizione del Cadore a Venezia, celebra il legame storico tra i due territori attraverso un mix di storia, teatro, musica e poesia. L\u2019evento, a ingresso libero, \u00e8 un omaggio artistico e culturale che valorizza il patrimonio condiviso e lo rende accessibile al pubblico moderno.<\/p>\n<p>&nbsp;<\/p>\n<p>&nbsp;<\/p>\n<hr \/>\n<p>&nbsp;<\/p>\n<blockquote>\n<h3>&#8220;CORTINA EXPRESS&#8221; AL CINEMA DOLOMITI DI FALCADE<\/h3>\n<\/blockquote>\n<p><strong><a class=\"dt-pswp-item\" href=\"https:\/\/www.radiopiu.net\/wordpress\/wp-content\/uploads\/2024\/12\/locandina-6.jpg\" data-dt-img-description=\"\" data-large_image_width=\"420\" data-large_image_height=\"615\"><img loading=\"lazy\" decoding=\"async\" class=\" wp-image-427064 alignleft\" src=\"https:\/\/www.radiopiu.net\/wordpress\/wp-content\/uploads\/2024\/12\/locandina-6-205x300.jpg\" alt=\"\" width=\"128\" height=\"187\" srcset=\"https:\/\/www.radiopiu.net\/wordpress\/wp-content\/uploads\/2024\/12\/locandina-6-205x300.jpg 205w, https:\/\/www.radiopiu.net\/wordpress\/wp-content\/uploads\/2024\/12\/locandina-6.jpg 420w\" sizes=\"auto, (max-width: 128px) 100vw, 128px\" \/><\/a>FALCADE\u00a0<\/strong>Continua la programmazione con i grandi firme del momento al Cinema Dolomiti di Falcade. Il 03 e 04 gennaio il cinepanettone con Lillo e Christian De Sica dal titolo &#8220;Cortina Express&#8221;. Lucio De Roberti, un affascinante viveur di mezza et\u00e0, si trova al centro di una commedia di intrecci familiari e ambizioni personali. L\u2019uomo si reca a Cortina d&#8217;Ampezzo per impedire che il nipote sposi la figlia di Patrizia Giordano, un\u2019abile discografica con un lato oscuro: la donna \u00e8 pronta a tutto per salvare la sua azienda sull&#8217;orlo del fallimento, appoggiata da un marito completamente succube. Il film, una brillante commedia di costume e sentimenti, \u00e8 stato girato nel maggio 2024, alternando le splendide ambientazioni montane di Cortina d&#8217;Ampezzo ai suggestivi scorci urbani di Roma. Tra paesaggi mozzafiato e intrighi di famiglia, la storia promette di catturare il pubblico con il suo mix di ironia e colpi di scena.<\/p>\n<p><span style=\"color: #ff0000;\"><strong>SPETTACOLI ALLE 21<\/strong><\/span><\/p>\n<p><strong>LA PRESENTAZIONE A CURA DI PAOLA LANCIATO<\/strong><\/p>\n<audio class=\"wp-audio-shortcode\" id=\"audio-427537-10\" preload=\"none\" style=\"width: 100%;\" controls=\"controls\"><source type=\"audio\/mpeg\" src=\"https:\/\/www.radiopiu.net\/wordpress\/wp-content\/uploads\/2024\/12\/CORTINA-EXPRESS.mp3?_=10\" \/><a href=\"https:\/\/www.radiopiu.net\/wordpress\/wp-content\/uploads\/2024\/12\/CORTINA-EXPRESS.mp3\">https:\/\/www.radiopiu.net\/wordpress\/wp-content\/uploads\/2024\/12\/CORTINA-EXPRESS.mp3<\/a><\/audio>\n<p>&nbsp;<\/p>\n<p>&nbsp;<\/p>\n<hr \/>\n<p>&nbsp;<\/p>\n<p>&nbsp;<\/p>\n<div class=\"html-div xdj266r x11i5rnm xat24cr x1mh8g0r xexx8yu x4uap5 x18d9i69 xkhd6sd\" dir=\"auto\">\n<div class=\"html-div xdj266r x11i5rnm xat24cr x1mh8g0r xexx8yu x4uap5 x18d9i69 xkhd6sd\" data-ad-rendering-role=\"story_message\">\n<div id=\":r1gr:\" class=\"x1l90r2v x1pi30zi x1swvt13 x1iorvi4\" data-ad-comet-preview=\"message\" data-ad-preview=\"message\">\n<div class=\"x78zum5 xdt5ytf xz62fqu x16ldp7u\">\n<div class=\"xu06os2 x1ok221b\">\n<div class=\"xdj266r x11i5rnm xat24cr x1mh8g0r x1vvkbs x126k92a\">\n<div dir=\"auto\"><strong>IL CELENTONE, RACCOLTA ORIGINALE ARCHIVI RADIOPIU<\/strong><\/div>\n<div dir=\"auto\"><strong>ANNO 1958 &#8220;LA MORTE DI EUGENIO DE ROCCO&#8221; E 1965 &#8220;DON GIUSEPPE ANDRICH SACERDOTE NOVELLO&#8221;<\/strong><\/div>\n<\/div>\n<\/div>\n<\/div>\n<\/div>\n<\/div>\n<\/div>\n\n\t\t\t<style type='text\/css'>\n\t\t\t\t#gallery-8 {\n\t\t\t\t\tmargin: auto;\n\t\t\t\t}\n\t\t\t\t#gallery-8 .gallery-item {\n\t\t\t\t\tfloat: left;\n\t\t\t\t\tmargin-top: 10px;\n\t\t\t\t\ttext-align: center;\n\t\t\t\t\twidth: 50%;\n\t\t\t\t}\n\t\t\t\t#gallery-8 img {\n\t\t\t\t\tborder: 2px solid #cfcfcf;\n\t\t\t\t}\n\t\t\t\t#gallery-8 .gallery-caption {\n\t\t\t\t\tmargin-left: 0;\n\t\t\t\t}\n\t\t\t\t\/* see gallery_shortcode() in wp-includes\/media.php *\/\n\t\t\t<\/style>\n\t\t<div id='gallery-8' class='dt-gallery-container gallery galleryid-427537 gallery-columns-2 gallery-size-medium'><dl class='gallery-item'>\n\t\t\t\t<dt class='gallery-icon portrait'>\n\t\t\t\t\t<a class=\"rollover rollover-zoom dt-pswp-item\" title=\"472237143_1006597338152079_3800480922788772035_n\" data-dt-img-description=\"\" data-large_image_width=\"436\" data-large_image_height=\"600\"href='https:\/\/www.radiopiu.net\/wordpress\/wp-content\/uploads\/2025\/01\/472237143_1006597338152079_3800480922788772035_n.jpg'><img loading=\"lazy\" decoding=\"async\" width=\"218\" height=\"300\" src=\"https:\/\/www.radiopiu.net\/wordpress\/wp-content\/uploads\/2025\/01\/472237143_1006597338152079_3800480922788772035_n-218x300.jpg\" class=\"attachment-medium size-medium\" alt=\"\" srcset=\"https:\/\/www.radiopiu.net\/wordpress\/wp-content\/uploads\/2025\/01\/472237143_1006597338152079_3800480922788772035_n-218x300.jpg 218w, https:\/\/www.radiopiu.net\/wordpress\/wp-content\/uploads\/2025\/01\/472237143_1006597338152079_3800480922788772035_n.jpg 436w\" sizes=\"auto, (max-width: 218px) 100vw, 218px\" \/><\/a>\n\t\t\t\t<\/dt><\/dl><dl class='gallery-item'>\n\t\t\t\t<dt class='gallery-icon portrait'>\n\t\t\t\t\t<a class=\"rollover rollover-zoom dt-pswp-item\" title=\"471725969_1006596971485449_6341332319290414849_n\" data-dt-img-description=\"\" data-large_image_width=\"416\" data-large_image_height=\"600\"href='https:\/\/www.radiopiu.net\/wordpress\/wp-content\/uploads\/2025\/01\/471725969_1006596971485449_6341332319290414849_n.jpg'><img loading=\"lazy\" decoding=\"async\" width=\"208\" height=\"300\" src=\"https:\/\/www.radiopiu.net\/wordpress\/wp-content\/uploads\/2025\/01\/471725969_1006596971485449_6341332319290414849_n-208x300.jpg\" class=\"attachment-medium size-medium\" alt=\"\" srcset=\"https:\/\/www.radiopiu.net\/wordpress\/wp-content\/uploads\/2025\/01\/471725969_1006596971485449_6341332319290414849_n-208x300.jpg 208w, https:\/\/www.radiopiu.net\/wordpress\/wp-content\/uploads\/2025\/01\/471725969_1006596971485449_6341332319290414849_n.jpg 416w\" sizes=\"auto, (max-width: 208px) 100vw, 208px\" \/><\/a>\n\t\t\t\t<\/dt><\/dl><br style=\"clear: both\" \/>\n\t\t\t<\/div>\n\n<p>&nbsp;<\/p>\n<p>&nbsp;<\/p>\n<hr \/>\n<p>&nbsp;<\/p>\n<h2><span style=\"color: #ff6600;\">IERI ALLA RADIO<\/span><\/h2>\n<h2><span style=\"color: #ff00ff;\">COSA GUARDO STASERA IN TV?&#8230;CON PAOLA LANCIATO<\/span><\/h2>\n<h1><span style=\"color: #ff0000;\"><strong><a class=\"dt-pswp-item\" href=\"https:\/\/www.radiopiu.net\/wordpress\/wp-content\/uploads\/2024\/12\/locandina-7.jpg\" data-dt-img-description=\"\" data-large_image_width=\"420\" data-large_image_height=\"622\"><img loading=\"lazy\" decoding=\"async\" class=\"size-medium wp-image-427710 alignleft\" src=\"https:\/\/www.radiopiu.net\/wordpress\/wp-content\/uploads\/2024\/12\/locandina-7-203x300.jpg\" alt=\"\" width=\"203\" height=\"300\" srcset=\"https:\/\/www.radiopiu.net\/wordpress\/wp-content\/uploads\/2024\/12\/locandina-7-203x300.jpg 203w, https:\/\/www.radiopiu.net\/wordpress\/wp-content\/uploads\/2024\/12\/locandina-7.jpg 420w\" sizes=\"auto, (max-width: 203px) 100vw, 203px\" \/><\/a> <\/strong><\/span><\/h1>\n<h1><span style=\"color: #ff0000;\"><strong>\u00a0<\/strong><\/span><\/h1>\n<h1><span style=\"color: #ff0000;\"><strong>Puntata 12 del 02 gennaio 2025<\/strong><\/span><\/h1>\n<audio class=\"wp-audio-shortcode\" id=\"audio-427537-11\" preload=\"none\" style=\"width: 100%;\" controls=\"controls\"><source type=\"audio\/mpeg\" src=\"https:\/\/www.radiopiu.net\/wordpress\/wp-content\/uploads\/2024\/12\/CIAK2-4.mp3?_=11\" \/><a href=\"https:\/\/www.radiopiu.net\/wordpress\/wp-content\/uploads\/2024\/12\/CIAK2-4.mp3\">https:\/\/www.radiopiu.net\/wordpress\/wp-content\/uploads\/2024\/12\/CIAK2-4.mp3<\/a><\/audio>\n<p>&nbsp;<\/p>\n<h2>LA RACCOLTA COMPLETA <a href=\"https:\/\/www.radiopiu.net\/wordpress\/cosa-guardo-stasera-in-tv-con-paola-lanciato-la-raccolta\/\"><span style=\"color: #3366ff;\">CLICCA QUI<\/span><\/a><\/h2>\n<p>&nbsp;<\/p>\n<blockquote class=\"wp-embedded-content\" data-secret=\"9Q50C6TAbY\"><p><a href=\"https:\/\/www.radiopiu.net\/wordpress\/liber24puntata15\/\">LIBER, IL  MERCOLEDI ALLA RADIO CON LIANA CAVALLET<\/a><\/p><\/blockquote>\n<p><iframe loading=\"lazy\" class=\"wp-embedded-content\" sandbox=\"allow-scripts\" security=\"restricted\" style=\"position: absolute; visibility: hidden;\" title=\"&#8220;LIBER, IL  MERCOLEDI ALLA RADIO CON LIANA CAVALLET&#8221; &#8212; Radio Pi\u00f9\" src=\"https:\/\/www.radiopiu.net\/wordpress\/liber24puntata15\/embed\/#?secret=IITgRV79KX#?secret=9Q50C6TAbY\" data-secret=\"9Q50C6TAbY\" width=\"600\" height=\"338\" frameborder=\"0\" marginwidth=\"0\" marginheight=\"0\" scrolling=\"no\"><\/iframe><\/p>\n<hr \/>\n<p>&nbsp;<\/p>\n<h2><span style=\"color: #ff0000;\"><a class=\"dt-pswp-item\" href=\"https:\/\/www.radiopiu.net\/wordpress\/wp-content\/uploads\/2018\/09\/appuntamenti.jpeg\" data-dt-img-description=\"\" data-large_image_width=\"800\" data-large_image_height=\"100\"><img loading=\"lazy\" decoding=\"async\" class=\"wp-image-61958 size-full aligncenter\" src=\"https:\/\/www.radiopiu.net\/wordpress\/wp-content\/uploads\/2018\/09\/appuntamenti.jpeg\" alt=\"\" width=\"800\" height=\"100\" srcset=\"https:\/\/www.radiopiu.net\/wordpress\/wp-content\/uploads\/2018\/09\/appuntamenti.jpeg 800w, https:\/\/www.radiopiu.net\/wordpress\/wp-content\/uploads\/2018\/09\/appuntamenti-300x38.jpeg 300w, https:\/\/www.radiopiu.net\/wordpress\/wp-content\/uploads\/2018\/09\/appuntamenti-768x96.jpeg 768w\" sizes=\"auto, (max-width: 800px) 100vw, 800px\" \/><\/a><\/span><\/h2>\n<div dir=\"auto\"><strong>AL CINEMA DOLOMITI DI FALCADE LE GRANDI PELLICOLE DEL MOMENTO. OGGI E DOMANI VERRA&#8217; PROIETTATO IL FILM &#8220;CORTINA EXPRESS&#8221;. SPETTACOLO ALLE 21<\/strong><\/div>\n<div class=\"xdj266r x11i5rnm xat24cr x1mh8g0r x1vvkbs x126k92a\">\n<div dir=\"auto\"><\/div>\n<\/div>\n<div>\n<div class=\"\" dir=\"auto\">\n<div id=\":r9h:\" class=\"x1iorvi4 x1pi30zi x1l90r2v x1swvt13\" data-ad-comet-preview=\"message\" data-ad-preview=\"message\">\n<div>\n<div class=\"\" dir=\"auto\">\n<div id=\":r9h:\" class=\"x1iorvi4 x1pi30zi x1l90r2v x1swvt13\" data-ad-comet-preview=\"message\" data-ad-preview=\"message\">\n<div class=\"xdj266r x11i5rnm xat24cr x1mh8g0r x1vvkbs x126k92a\">\n<div dir=\"auto\"><\/div>\n<\/div>\n<div>\n<div class=\"\" dir=\"auto\">\n<div id=\":r9h:\" class=\"x1iorvi4 x1pi30zi x1l90r2v x1swvt13\" data-ad-comet-preview=\"message\" data-ad-preview=\"message\">\n<div>\n<div class=\"\" dir=\"auto\">\n<div id=\":r9h:\" class=\"x1iorvi4 x1pi30zi x1l90r2v x1swvt13\" data-ad-comet-preview=\"message\" data-ad-preview=\"message\">\n\n\t\t\t<style type='text\/css'>\n\t\t\t\t#gallery-9 {\n\t\t\t\t\tmargin: auto;\n\t\t\t\t}\n\t\t\t\t#gallery-9 .gallery-item {\n\t\t\t\t\tfloat: left;\n\t\t\t\t\tmargin-top: 10px;\n\t\t\t\t\ttext-align: center;\n\t\t\t\t\twidth: 25%;\n\t\t\t\t}\n\t\t\t\t#gallery-9 img {\n\t\t\t\t\tborder: 2px solid #cfcfcf;\n\t\t\t\t}\n\t\t\t\t#gallery-9 .gallery-caption {\n\t\t\t\t\tmargin-left: 0;\n\t\t\t\t}\n\t\t\t\t\/* see gallery_shortcode() in wp-includes\/media.php *\/\n\t\t\t<\/style>\n\t\t<div id='gallery-9' class='dt-gallery-container gallery galleryid-427537 gallery-columns-4 gallery-size-thumbnail'><dl class='gallery-item'>\n\t\t\t\t<dt class='gallery-icon portrait'>\n\t\t\t\t\t<a class=\"rollover rollover-zoom dt-pswp-item\" title=\"manifesto serate invernali\" data-dt-img-description=\"\" data-large_image_width=\"1683\" data-large_image_height=\"2383\"href='https:\/\/www.radiopiu.net\/wordpress\/wp-content\/uploads\/2024\/11\/manifesto-serate-invernali.jpg'><img loading=\"lazy\" decoding=\"async\" width=\"150\" height=\"150\" src=\"https:\/\/www.radiopiu.net\/wordpress\/wp-content\/uploads\/2024\/11\/manifesto-serate-invernali-150x150.jpg\" class=\"attachment-thumbnail size-thumbnail\" alt=\"\" aria-describedby=\"gallery-9-418816\" \/><\/a>\n\t\t\t\t<\/dt>\n\t\t\t\t\t<dd class='wp-caption-text gallery-caption' id='gallery-9-418816'>\n\t\t\t\t\t21 FEBBRAIO\n\t\t\t\t\t<\/dd><\/dl><dl class='gallery-item'>\n\t\t\t\t<dt class='gallery-icon portrait'>\n\t\t\t\t\t<a class=\"rollover rollover-zoom dt-pswp-item\" title=\"11 gennaio 2025 (2)\" data-dt-img-description=\"\" data-large_image_width=\"1414\" data-large_image_height=\"2000\"href='https:\/\/www.radiopiu.net\/wordpress\/wp-content\/uploads\/2024\/12\/11-gennaio-2025-2.jpg'><img loading=\"lazy\" decoding=\"async\" width=\"150\" height=\"150\" src=\"https:\/\/www.radiopiu.net\/wordpress\/wp-content\/uploads\/2024\/12\/11-gennaio-2025-2-150x150.jpg\" class=\"attachment-thumbnail size-thumbnail\" alt=\"\" aria-describedby=\"gallery-9-427238\" \/><\/a>\n\t\t\t\t<\/dt>\n\t\t\t\t\t<dd class='wp-caption-text gallery-caption' id='gallery-9-427238'>\n\t\t\t\t\tAL NOF FILO DI CENCENIGHE\n\t\t\t\t\t<\/dd><\/dl><dl class='gallery-item'>\n\t\t\t\t<dt class='gallery-icon portrait'>\n\t\t\t\t\t<a class=\"rollover rollover-zoom dt-pswp-item\" title=\"1e189c5b-7e93-430e-965c-cb351f652e99\" data-dt-img-description=\"\" data-large_image_width=\"874\" data-large_image_height=\"1199\"href='https:\/\/www.radiopiu.net\/wordpress\/wp-content\/uploads\/2024\/12\/1e189c5b-7e93-430e-965c-cb351f652e99.jpg'><img loading=\"lazy\" decoding=\"async\" width=\"150\" height=\"150\" src=\"https:\/\/www.radiopiu.net\/wordpress\/wp-content\/uploads\/2024\/12\/1e189c5b-7e93-430e-965c-cb351f652e99-150x150.jpg\" class=\"attachment-thumbnail size-thumbnail\" alt=\"\" aria-describedby=\"gallery-9-425968\" \/><\/a>\n\t\t\t\t<\/dt>\n\t\t\t\t\t<dd class='wp-caption-text gallery-caption' id='gallery-9-425968'>\n\t\t\t\t\tALLA CASA DELLA GIOVENTU DI CAVIOLA\n\t\t\t\t\t<\/dd><\/dl><dl class='gallery-item'>\n\t\t\t\t<dt class='gallery-icon portrait'>\n\t\t\t\t\t<a class=\"rollover rollover-zoom dt-pswp-item\" title=\"9b5dcf5f-116e-4a59-b5d7-914bfda9423a\" data-dt-img-description=\"\" data-large_image_width=\"1131\" data-large_image_height=\"1600\"href='https:\/\/www.radiopiu.net\/wordpress\/wp-content\/uploads\/2024\/12\/9b5dcf5f-116e-4a59-b5d7-914bfda9423a.jpg'><img loading=\"lazy\" decoding=\"async\" width=\"150\" height=\"150\" src=\"https:\/\/www.radiopiu.net\/wordpress\/wp-content\/uploads\/2024\/12\/9b5dcf5f-116e-4a59-b5d7-914bfda9423a-150x150.jpg\" class=\"attachment-thumbnail size-thumbnail\" alt=\"\" aria-describedby=\"gallery-9-426348\" \/><\/a>\n\t\t\t\t<\/dt>\n\t\t\t\t\t<dd class='wp-caption-text gallery-caption' id='gallery-9-426348'>\n\t\t\t\t\tIN PISCINA AD AGORDO\n\t\t\t\t\t<\/dd><\/dl><br style=\"clear: both\" \/><dl class='gallery-item'>\n\t\t\t\t<dt class='gallery-icon portrait'>\n\t\t\t\t\t<a class=\"rollover rollover-zoom dt-pswp-item\" title=\"Locandina Emma Canton Roberto De Nart 11 gennaio 2025\" data-dt-img-description=\"\" data-large_image_width=\"1447\" data-large_image_height=\"2048\"href='https:\/\/www.radiopiu.net\/wordpress\/wp-content\/uploads\/2024\/12\/Locandina-Emma-Canton-Roberto-De-Nart-11-gennaio-2025.jpg'><img loading=\"lazy\" decoding=\"async\" width=\"150\" height=\"150\" src=\"https:\/\/www.radiopiu.net\/wordpress\/wp-content\/uploads\/2024\/12\/Locandina-Emma-Canton-Roberto-De-Nart-11-gennaio-2025-150x150.jpg\" class=\"attachment-thumbnail size-thumbnail\" alt=\"\" aria-describedby=\"gallery-9-426749\" \/><\/a>\n\t\t\t\t<\/dt>\n\t\t\t\t\t<dd class='wp-caption-text gallery-caption' id='gallery-9-426749'>\n\t\t\t\t\tCON ROBERTO DE NART\n\t\t\t\t\t<\/dd><\/dl><dl class='gallery-item'>\n\t\t\t\t<dt class='gallery-icon landscape'>\n\t\t\t\t\t<a class=\"rollover rollover-zoom dt-pswp-item\" title=\"fcf6f9a2-c8e2-48da-bcc7-20c5d5161e50\" data-dt-img-description=\"\" data-large_image_width=\"1080\" data-large_image_height=\"1080\"href='https:\/\/www.radiopiu.net\/wordpress\/wp-content\/uploads\/2024\/12\/fcf6f9a2-c8e2-48da-bcc7-20c5d5161e50.jpg'><img loading=\"lazy\" decoding=\"async\" width=\"150\" height=\"150\" src=\"https:\/\/www.radiopiu.net\/wordpress\/wp-content\/uploads\/2024\/12\/fcf6f9a2-c8e2-48da-bcc7-20c5d5161e50-150x150.jpg\" class=\"attachment-thumbnail size-thumbnail\" alt=\"\" aria-describedby=\"gallery-9-426994\" srcset=\"https:\/\/www.radiopiu.net\/wordpress\/wp-content\/uploads\/2024\/12\/fcf6f9a2-c8e2-48da-bcc7-20c5d5161e50-150x150.jpg 150w, https:\/\/www.radiopiu.net\/wordpress\/wp-content\/uploads\/2024\/12\/fcf6f9a2-c8e2-48da-bcc7-20c5d5161e50-300x300.jpg 300w, https:\/\/www.radiopiu.net\/wordpress\/wp-content\/uploads\/2024\/12\/fcf6f9a2-c8e2-48da-bcc7-20c5d5161e50-1024x1024.jpg 1024w, https:\/\/www.radiopiu.net\/wordpress\/wp-content\/uploads\/2024\/12\/fcf6f9a2-c8e2-48da-bcc7-20c5d5161e50-768x768.jpg 768w, https:\/\/www.radiopiu.net\/wordpress\/wp-content\/uploads\/2024\/12\/fcf6f9a2-c8e2-48da-bcc7-20c5d5161e50.jpg 1080w\" sizes=\"auto, (max-width: 150px) 100vw, 150px\" \/><\/a>\n\t\t\t\t<\/dt>\n\t\t\t\t\t<dd class='wp-caption-text gallery-caption' id='gallery-9-426994'>\n\t\t\t\t\tA SAN TOMASO\n\t\t\t\t\t<\/dd><\/dl><dl class='gallery-item'>\n\t\t\t\t<dt class='gallery-icon portrait'>\n\t\t\t\t\t<a class=\"rollover rollover-zoom dt-pswp-item\" title=\"Mostra_Calalzo_Disegni_e_Poesie_dal_20_dicembre\" data-dt-img-description=\"\" data-large_image_width=\"595\" data-large_image_height=\"841\"href='https:\/\/www.radiopiu.net\/wordpress\/wp-content\/uploads\/2024\/12\/Mostra_Calalzo_Disegni_e_Poesie_dal_20_dicembre.jpg'><img loading=\"lazy\" decoding=\"async\" width=\"150\" height=\"150\" src=\"https:\/\/www.radiopiu.net\/wordpress\/wp-content\/uploads\/2024\/12\/Mostra_Calalzo_Disegni_e_Poesie_dal_20_dicembre-150x150.jpg\" class=\"attachment-thumbnail size-thumbnail\" alt=\"\" aria-describedby=\"gallery-9-427077\" \/><\/a>\n\t\t\t\t<\/dt>\n\t\t\t\t\t<dd class='wp-caption-text gallery-caption' id='gallery-9-427077'>\n\t\t\t\t\tA CALALZO DI CADORE\n\t\t\t\t\t<\/dd><\/dl><dl class='gallery-item'>\n\t\t\t\t<dt class='gallery-icon portrait'>\n\t\t\t\t\t<a class=\"rollover rollover-zoom dt-pswp-item\" title=\"Gennaio\" data-dt-img-description=\"\" data-large_image_width=\"841\" data-large_image_height=\"1190\"href='https:\/\/www.radiopiu.net\/wordpress\/wp-content\/uploads\/2024\/12\/Gennaio.jpg'><img loading=\"lazy\" decoding=\"async\" width=\"150\" height=\"150\" src=\"https:\/\/www.radiopiu.net\/wordpress\/wp-content\/uploads\/2024\/12\/Gennaio-150x150.jpg\" class=\"attachment-thumbnail size-thumbnail\" alt=\"\" aria-describedby=\"gallery-9-427015\" \/><\/a>\n\t\t\t\t<\/dt>\n\t\t\t\t\t<dd class='wp-caption-text gallery-caption' id='gallery-9-427015'>\n\t\t\t\t\tA GENNAIO A FELTRE\n\t\t\t\t\t<\/dd><\/dl><br style=\"clear: both\" \/><dl class='gallery-item'>\n\t\t\t\t<dt class='gallery-icon portrait'>\n\t\t\t\t\t<a class=\"rollover rollover-zoom dt-pswp-item\" title=\"PAVARUI 2025\" data-dt-img-description=\"\" data-large_image_width=\"1414\" data-large_image_height=\"2000\"href='https:\/\/www.radiopiu.net\/wordpress\/wp-content\/uploads\/2024\/12\/PAVARUI-2025.png'><img loading=\"lazy\" decoding=\"async\" width=\"150\" height=\"150\" src=\"https:\/\/www.radiopiu.net\/wordpress\/wp-content\/uploads\/2024\/12\/PAVARUI-2025-150x150.png\" class=\"attachment-thumbnail size-thumbnail\" alt=\"\" aria-describedby=\"gallery-9-427237\" \/><\/a>\n\t\t\t\t<\/dt>\n\t\t\t\t\t<dd class='wp-caption-text gallery-caption' id='gallery-9-427237'>\n\t\t\t\t\tI PAVARUI A CENCENIGHE\n\t\t\t\t\t<\/dd><\/dl><dl class='gallery-item'>\n\t\t\t\t<dt class='gallery-icon portrait'>\n\t\t\t\t\t<a class=\"rollover rollover-zoom dt-pswp-item\" title=\"feltre fontana 25y\" data-dt-img-description=\"\" data-large_image_width=\"1810\" data-large_image_height=\"2560\"href='https:\/\/www.radiopiu.net\/wordpress\/wp-content\/uploads\/2024\/12\/feltre-fontana-25y-scaled.jpg'><img loading=\"lazy\" decoding=\"async\" width=\"150\" height=\"150\" src=\"https:\/\/www.radiopiu.net\/wordpress\/wp-content\/uploads\/2024\/12\/feltre-fontana-25y-150x150.jpg\" class=\"attachment-thumbnail size-thumbnail\" alt=\"\" aria-describedby=\"gallery-9-427426\" \/><\/a>\n\t\t\t\t<\/dt>\n\t\t\t\t\t<dd class='wp-caption-text gallery-caption' id='gallery-9-427426'>\n\t\t\t\t\tIL 6 GENNAIO A FELTRE\n\t\t\t\t\t<\/dd><\/dl><dl class='gallery-item'>\n\t\t\t\t<dt class='gallery-icon portrait'>\n\t\t\t\t\t<a class=\"rollover rollover-zoom dt-pswp-item\" title=\"befana+\" data-dt-img-description=\"\" data-large_image_width=\"1131\" data-large_image_height=\"1600\"href='https:\/\/www.radiopiu.net\/wordpress\/wp-content\/uploads\/2024\/12\/befana.jpg'><img loading=\"lazy\" decoding=\"async\" width=\"150\" height=\"150\" src=\"https:\/\/www.radiopiu.net\/wordpress\/wp-content\/uploads\/2024\/12\/befana-150x150.jpg\" class=\"attachment-thumbnail size-thumbnail\" alt=\"\" aria-describedby=\"gallery-9-427437\" \/><\/a>\n\t\t\t\t<\/dt>\n\t\t\t\t\t<dd class='wp-caption-text gallery-caption' id='gallery-9-427437'>\n\t\t\t\t\tLA BEFANA SUI PATTINI\n\t\t\t\t\t<\/dd><\/dl><dl class='gallery-item'>\n\t\t\t\t<dt class='gallery-icon portrait'>\n\t\t\t\t\t<a class=\"rollover rollover-zoom dt-pswp-item\" title=\"befana1\" data-dt-img-description=\"\" data-large_image_width=\"1414\" data-large_image_height=\"2000\"href='https:\/\/www.radiopiu.net\/wordpress\/wp-content\/uploads\/2024\/12\/befana1.jpg'><img loading=\"lazy\" decoding=\"async\" width=\"150\" height=\"150\" src=\"https:\/\/www.radiopiu.net\/wordpress\/wp-content\/uploads\/2024\/12\/befana1-150x150.jpg\" class=\"attachment-thumbnail size-thumbnail\" alt=\"\" aria-describedby=\"gallery-9-427438\" \/><\/a>\n\t\t\t\t<\/dt>\n\t\t\t\t\t<dd class='wp-caption-text gallery-caption' id='gallery-9-427438'>\n\t\t\t\t\tBEFANA A CANALE\n\t\t\t\t\t<\/dd><\/dl><br style=\"clear: both\" \/><dl class='gallery-item'>\n\t\t\t\t<dt class='gallery-icon portrait'>\n\t\t\t\t\t<a class=\"rollover rollover-zoom dt-pswp-item\" title=\"d1e2d083-7420-4a1f-bfd0-4fe5c94ba05c\" data-dt-img-description=\"\" data-large_image_width=\"720\" data-large_image_height=\"1040\"href='https:\/\/www.radiopiu.net\/wordpress\/wp-content\/uploads\/2025\/01\/d1e2d083-7420-4a1f-bfd0-4fe5c94ba05c.jpg'><img loading=\"lazy\" decoding=\"async\" width=\"150\" height=\"150\" src=\"https:\/\/www.radiopiu.net\/wordpress\/wp-content\/uploads\/2025\/01\/d1e2d083-7420-4a1f-bfd0-4fe5c94ba05c-150x150.jpg\" class=\"attachment-thumbnail size-thumbnail\" alt=\"\" aria-describedby=\"gallery-9-427705\" \/><\/a>\n\t\t\t\t<\/dt>\n\t\t\t\t\t<dd class='wp-caption-text gallery-caption' id='gallery-9-427705'>\n\t\t\t\t\tPAVAROI A TAIBON\n\t\t\t\t\t<\/dd><\/dl><dl class='gallery-item'>\n\t\t\t\t<dt class='gallery-icon portrait'>\n\t\t\t\t\t<a class=\"rollover rollover-zoom dt-pswp-item\" title=\"0e1fe843-5c42-48ad-80bf-6606bbbc8f60\" data-dt-img-description=\"\" data-large_image_width=\"600\" data-large_image_height=\"900\"href='https:\/\/www.radiopiu.net\/wordpress\/wp-content\/uploads\/2025\/01\/0e1fe843-5c42-48ad-80bf-6606bbbc8f60.jpg'><img loading=\"lazy\" decoding=\"async\" width=\"150\" height=\"150\" src=\"https:\/\/www.radiopiu.net\/wordpress\/wp-content\/uploads\/2025\/01\/0e1fe843-5c42-48ad-80bf-6606bbbc8f60-150x150.jpg\" class=\"attachment-thumbnail size-thumbnail\" alt=\"\" aria-describedby=\"gallery-9-427715\" \/><\/a>\n\t\t\t\t<\/dt>\n\t\t\t\t\t<dd class='wp-caption-text gallery-caption' id='gallery-9-427715'>\n\t\t\t\t\tPAGARUOI A LASTE\n\t\t\t\t\t<\/dd><\/dl><dl class='gallery-item'>\n\t\t\t\t<dt class='gallery-icon landscape'>\n\t\t\t\t\t<a class=\"rollover rollover-zoom dt-pswp-item\" title=\"99b0a471a462a0d303503e9fc6957a8328966119\" data-dt-img-description=\"\" data-large_image_width=\"841\" data-large_image_height=\"595\"href='https:\/\/www.radiopiu.net\/wordpress\/wp-content\/uploads\/2025\/01\/99b0a471a462a0d303503e9fc6957a8328966119.jpg'><img loading=\"lazy\" decoding=\"async\" width=\"150\" height=\"150\" src=\"https:\/\/www.radiopiu.net\/wordpress\/wp-content\/uploads\/2025\/01\/99b0a471a462a0d303503e9fc6957a8328966119-150x150.jpg\" class=\"attachment-thumbnail size-thumbnail\" alt=\"\" aria-describedby=\"gallery-9-427687\" \/><\/a>\n\t\t\t\t<\/dt>\n\t\t\t\t\t<dd class='wp-caption-text gallery-caption' id='gallery-9-427687'>\n\t\t\t\t\tIN SALA VALMASSONI A LA VALLE\n\t\t\t\t\t<\/dd><\/dl>\n\t\t\t\t<br style='clear: both' \/>\n\t\t\t<\/div>\n\n<\/div>\n<\/div>\n<\/div>\n<p>&nbsp;<\/p>\n<\/div>\n<\/div>\n<\/div>\n<\/div>\n<\/div>\n<\/div>\n<\/div>\n<\/div>\n<\/div>\n<p>&nbsp;<\/p>\n<p>&nbsp;<\/p>\n<hr \/>\n<p>&nbsp;<\/p>\n<p class=\"mceTemp\"><a class=\"dt-pswp-item\" href=\"https:\/\/www.radiopiu.net\/wordpress\/wp-content\/uploads\/2018\/09\/WhatsApp-Image-2018-09-20-at-16.04.06.jpeg\" data-dt-img-description=\"\" data-large_image_width=\"800\" data-large_image_height=\"100\"><img loading=\"lazy\" decoding=\"async\" class=\"wp-image-61378 size-full aligncenter\" src=\"https:\/\/www.radiopiu.net\/wordpress\/wp-content\/uploads\/2018\/09\/WhatsApp-Image-2018-09-20-at-16.04.06.jpeg\" alt=\"\" width=\"800\" height=\"100\" srcset=\"https:\/\/www.radiopiu.net\/wordpress\/wp-content\/uploads\/2018\/09\/WhatsApp-Image-2018-09-20-at-16.04.06.jpeg 800w, https:\/\/www.radiopiu.net\/wordpress\/wp-content\/uploads\/2018\/09\/WhatsApp-Image-2018-09-20-at-16.04.06-300x38.jpeg 300w, https:\/\/www.radiopiu.net\/wordpress\/wp-content\/uploads\/2018\/09\/WhatsApp-Image-2018-09-20-at-16.04.06-768x96.jpeg 768w\" sizes=\"auto, (max-width: 800px) 100vw, 800px\" \/><\/a><\/p>\n<p><center><\/center><center><\/center><center><b>\u00a0<\/b><\/center>&nbsp;<\/p>\n<p><center><b>OGGI<\/b><\/center>Nottetempo cielo coperto con deboli o debolissime nevicate. Dall&#8217;alba miglioramento del tempo con ritorno del sole e del cielo sereno sulle Dolomiti. Successivamente stessa situazione sulle Prealpi. Il bel tempo perdurer\u00e0 ovunque fino alla sera.<br \/>\n<b>Precipitazioni: <\/b>Nella notte deboli o debolissime nevicate fino a bassa quota, sembra che le Prealpi siano meno interessate, specie i fondovalle prealpini, dove il rischio fenomeni sar\u00e0 assai minore, ma nel caso si verificasse, si tratterebbe di neve. In giornata probabilit\u00e0 assente<br \/>\n<b>Temperature: <\/b>In generale diminuzione, pi\u00f9 marcata in alta quota, dove si perder\u00e0 pi\u00f9 di 10\u00b0C in 30\/36 ore, mentre ci sar\u00e0 qualche locale lieve aumento delle massime nelle valli. Le minime assolute saranno osservate ovunque alla sera.<\/p>\n<hr \/>\n<p><center><b>DOMANI<\/b><\/center>Bel tempo di stampo invernale con sole, cielo sereno, aria limpida ed ottima visibilit\u00e0 fino al primo pomeriggio. In seguito arrivo di nubi alte e medio-alte ed il cielo tender\u00e0 a coprirsi entro la sera. L&#8217;ambiente del primo mattino sar\u00e0 assai freddo, specie nei settori dove la neve sar\u00e0 presente.<br \/>\n<b>Precipitazioni: <\/b>Assenti<br \/>\n<b>Temperature: <\/b>In ulteriore diminuzione con contesto termico notturno gelido ed intense gelate in tutti i settori innevati, compresi nei fondovalle prealpini, sulla scia delle minime, anche le massime saranno in calo e in molte valli non ci sar\u00e0 disgelo diurno.<\/p>\n<hr \/>\n<p><center><b>DOMENICA<\/b><\/center>Intensificazione complessiva della nuvolosit\u00e0 stratiforme medio-alta fino a cielo coperto, dapprima per nubi medio-alte, ma rapidamente anche per stratocumuli associati ad una netta riduzione della visibilit\u00e0. Alla sera non esclusi deboli fenomeni su Prealpi occidentali. Temperature in generale lieve ripresa in quota, mentre il freddo, seppur meno intenso all&#8217;alba, sar\u00e0 in parte sedimentato nelle valli.<\/p>\n<hr \/>\n<p><center><b>LUNEDI<\/b><\/center>Graduale lieve peggioramento del tempo con cielo coperto e prime deboli precipitazioni, gi\u00e0 al mattino, sempre pi\u00f9 diffuse con il passare delle ore ma ancora deboli fino a sera. La neve cadr\u00e0 inizialmente fino in alcuni fondovalle prealpini, prima di rialzarsi ovunque fino sugli 800-1100 m. Temperature in generale lieve calo rispetto a domenica, salvo aumento delle minime nelle valli.<\/p>\n<p>&nbsp;<\/p>\n<hr \/>\n<p>&nbsp;<\/p>\n<p>&nbsp;<\/p>\n<p class=\"mceTemp\"><a class=\"dt-pswp-item\" href=\"https:\/\/www.radiopiu.net\/wordpress\/wp-content\/uploads\/2018\/09\/sport.jpg\" data-dt-img-description=\"\" data-large_image_width=\"800\" data-large_image_height=\"100\"><img loading=\"lazy\" decoding=\"async\" class=\"aligncenter wp-image-60761 size-full\" src=\"https:\/\/www.radiopiu.net\/wordpress\/wp-content\/uploads\/2018\/09\/sport.jpg\" alt=\"\" width=\"800\" height=\"100\" srcset=\"https:\/\/www.radiopiu.net\/wordpress\/wp-content\/uploads\/2018\/09\/sport.jpg 800w, https:\/\/www.radiopiu.net\/wordpress\/wp-content\/uploads\/2018\/09\/sport-300x38.jpg 300w, https:\/\/www.radiopiu.net\/wordpress\/wp-content\/uploads\/2018\/09\/sport-768x96.jpg 768w\" sizes=\"auto, (max-width: 800px) 100vw, 800px\" \/> <\/a><\/p>\n<p class=\"mceTemp\"><span style=\"color: #0000ff;\"><strong>\u00a0\u00a0<\/strong><\/span><\/p>\n<p><span style=\"color: #0000ff;\"><strong>HOCKEY SU GHIACCIO<\/strong><\/span><\/p>\n<blockquote>\n<h3>GLI INFORTUNI IN CASA ALLEGHE HOCKEY<\/h3>\n<\/blockquote>\n<p><strong><a class=\"dt-pswp-item\" href=\"https:\/\/www.radiopiu.net\/wordpress\/wp-content\/uploads\/2025\/01\/0b54c213-d7f6-44a0-be7f-b5201a64f762.jpg\" data-dt-img-description=\"\" data-large_image_width=\"1179\" data-large_image_height=\"732\"><img loading=\"lazy\" decoding=\"async\" class=\"size-medium wp-image-427485 alignleft\" src=\"https:\/\/www.radiopiu.net\/wordpress\/wp-content\/uploads\/2025\/01\/0b54c213-d7f6-44a0-be7f-b5201a64f762-300x186.jpg\" alt=\"\" width=\"300\" height=\"186\" srcset=\"https:\/\/www.radiopiu.net\/wordpress\/wp-content\/uploads\/2025\/01\/0b54c213-d7f6-44a0-be7f-b5201a64f762-300x186.jpg 300w, https:\/\/www.radiopiu.net\/wordpress\/wp-content\/uploads\/2025\/01\/0b54c213-d7f6-44a0-be7f-b5201a64f762-1024x636.jpg 1024w, https:\/\/www.radiopiu.net\/wordpress\/wp-content\/uploads\/2025\/01\/0b54c213-d7f6-44a0-be7f-b5201a64f762-768x477.jpg 768w, https:\/\/www.radiopiu.net\/wordpress\/wp-content\/uploads\/2025\/01\/0b54c213-d7f6-44a0-be7f-b5201a64f762.jpg 1179w\" sizes=\"auto, (max-width: 300px) 100vw, 300px\" \/><\/a>DI ROBERTO MIANA, PORTAVOCE DELL&#8217;ALLEGHE HOCKEY<\/strong><\/p>\n<p>Il difensore e vicecapitano Nicola Soppelsa, infortunatosi ad una spalla (lussazione) nella gara casalinga contro il Pergine del 23 novembre, \u00e8 tornato ad allenarsi, ma al momento ancora senza forzare. Nicola potrebbe essere a disposizione di coach Surenkin da met\u00e0 gennaio. Il suo rientro sar\u00e0 comunque valutato giorno per giorno, in base a come la spalla infortunata risponder\u00e0 alle sollecitazioni di gioco nei prossimi giorni. Il difensore e capitano Milos Ganz, nella gara di Dobbiaco del 12 dicembre, aveva riportato anche lui una lussazione alla spalla (infortunio del tutto simile a quello di Nicola). La risonanza ha fortunatamente escluso l\u2019interessamento di tendini e legamenti. Al momento il nostro capitano sta svolgendo la preparazione in palestra. Dovrebbe tornare ad allenarsi sul ghiaccio nella seconda met\u00e0 di gennaio e potrebbe rientrare in squadra i primi di febbraio. Anche per lui dipende da come proceder\u00e0 il recupero nelle prossime settimane.<\/p>\n<p>&nbsp;<\/p>\n<blockquote>\n<h3>CONTINUA LA STAGIONE DEL CANALE IN AHC<\/h3>\n<\/blockquote>\n<p><strong><a class=\"dt-pswp-item\" href=\"https:\/\/www.radiopiu.net\/wordpress\/wp-content\/uploads\/2025\/01\/a55289cb-9145-46b5-8b13-22b40800e872.jpg\" data-dt-img-description=\"\" data-large_image_width=\"1041\" data-large_image_height=\"568\"><img loading=\"lazy\" decoding=\"async\" class=\" wp-image-427597 alignleft\" src=\"https:\/\/www.radiopiu.net\/wordpress\/wp-content\/uploads\/2025\/01\/a55289cb-9145-46b5-8b13-22b40800e872-300x164.jpg\" alt=\"\" width=\"190\" height=\"104\" srcset=\"https:\/\/www.radiopiu.net\/wordpress\/wp-content\/uploads\/2025\/01\/a55289cb-9145-46b5-8b13-22b40800e872-300x164.jpg 300w, https:\/\/www.radiopiu.net\/wordpress\/wp-content\/uploads\/2025\/01\/a55289cb-9145-46b5-8b13-22b40800e872-1024x559.jpg 1024w, https:\/\/www.radiopiu.net\/wordpress\/wp-content\/uploads\/2025\/01\/a55289cb-9145-46b5-8b13-22b40800e872-768x419.jpg 768w, https:\/\/www.radiopiu.net\/wordpress\/wp-content\/uploads\/2025\/01\/a55289cb-9145-46b5-8b13-22b40800e872.jpg 1041w\" sizes=\"auto, (max-width: 190px) 100vw, 190px\" \/><\/a>REDAZIONE<\/strong> Dopo la bella vittoria nella partita d&#8217;esordio con il Fossili Pieve, l&#8217;Hockey Club Canale continua la stagione nella AHC. La squadra allenata da Angelo Ramazzina torna in campo oggi per affrontare i Paleoveneti in una sfida particolare che si giocher\u00e0 all&#8217;aperto sul campo ghiacciato di Vallada. Entrambe le formazioni sono a pieni punti e ci si aspetta una bella partita sul campo valladino. Ingaggio alle 20:30.<\/p>\n<p>&nbsp;<\/p>\n<p>&nbsp;<\/p>\n","protected":false},"excerpt":{"rendered":"<p>******** &nbsp; LA\u00a0 APP PER IOS-IPHONE di Nicola Vettorello https:\/\/apps.apple.com\/it\/app\/radio-pi%C3%B9-emittente-agordina\/id1515939845 LA\u00a0 APP RADIO\u00a0 PER ANDROID di Nicola Vettorello https:\/\/play.google.com\/store\/apps\/details?id=net.radiopiu.iniko\u00a0\u00a0\u00a0 &nbsp; &nbsp; &nbsp; &nbsp; &nbsp; rassegna stampa nazionale, ogni giorno alle 5 e alle 6 del mattino. giornali locali 7 rassegna stampa flash, 8 rassegna stampa, gr flash alle 10 e alle 11, principale 12.30. Informazione&hellip;<\/p>\n","protected":false},"author":4,"featured_media":427690,"comment_status":"closed","ping_status":"closed","sticky":false,"template":"","format":"standard","meta":{"_monsterinsights_skip_tracking":false,"_monsterinsights_sitenote_active":false,"_monsterinsights_sitenote_note":"","_monsterinsights_sitenote_category":0,"footnotes":""},"categories":[51,86,49],"tags":[],"class_list":["post-427537","post","type-post","status-publish","format-standard","has-post-thumbnail","hentry","category-evidenza-top","category-gr","category-news-18","category-51","category-86","category-49","description-off"],"img_url":"https:\/\/www.radiopiu.net\/wordpress\/wp-content\/uploads\/2025\/01\/af35b9d4-b375-45bf-9b21-5ba42d5828a6.jpg","_links":{"self":[{"href":"https:\/\/www.radiopiu.net\/wordpress\/wp-json\/wp\/v2\/posts\/427537","targetHints":{"allow":["GET"]}}],"collection":[{"href":"https:\/\/www.radiopiu.net\/wordpress\/wp-json\/wp\/v2\/posts"}],"about":[{"href":"https:\/\/www.radiopiu.net\/wordpress\/wp-json\/wp\/v2\/types\/post"}],"author":[{"embeddable":true,"href":"https:\/\/www.radiopiu.net\/wordpress\/wp-json\/wp\/v2\/users\/4"}],"replies":[{"embeddable":true,"href":"https:\/\/www.radiopiu.net\/wordpress\/wp-json\/wp\/v2\/comments?post=427537"}],"version-history":[{"count":34,"href":"https:\/\/www.radiopiu.net\/wordpress\/wp-json\/wp\/v2\/posts\/427537\/revisions"}],"predecessor-version":[{"id":427764,"href":"https:\/\/www.radiopiu.net\/wordpress\/wp-json\/wp\/v2\/posts\/427537\/revisions\/427764"}],"wp:featuredmedia":[{"embeddable":true,"href":"https:\/\/www.radiopiu.net\/wordpress\/wp-json\/wp\/v2\/media\/427690"}],"wp:attachment":[{"href":"https:\/\/www.radiopiu.net\/wordpress\/wp-json\/wp\/v2\/media?parent=427537"}],"wp:term":[{"taxonomy":"category","embeddable":true,"href":"https:\/\/www.radiopiu.net\/wordpress\/wp-json\/wp\/v2\/categories?post=427537"},{"taxonomy":"post_tag","embeddable":true,"href":"https:\/\/www.radiopiu.net\/wordpress\/wp-json\/wp\/v2\/tags?post=427537"}],"curies":[{"name":"wp","href":"https:\/\/api.w.org\/{rel}","templated":true}]}}