{"id":427543,"date":"2025-01-02T05:02:28","date_gmt":"2025-01-02T04:02:28","guid":{"rendered":"https:\/\/www.radiopiu.net\/wordpress\/?p=427543"},"modified":"2025-01-02T08:56:49","modified_gmt":"2025-01-02T07:56:49","slug":"rapina-a-campo-indagini-serrate-sui-due-rapinatori-armati","status":"publish","type":"post","link":"https:\/\/www.radiopiu.net\/wordpress\/rapina-a-campo-indagini-serrate-sui-due-rapinatori-armati\/","title":{"rendered":"Rapina a Campo: indagini serrate sui due rapinatori armati\u00a0"},"content":{"rendered":"<blockquote>\n<h2><strong><a class=\"dt-pswp-item\" href=\"https:\/\/www.radiopiu.net\/wordpress\/wp-content\/uploads\/2024\/12\/CARABINIERI-14.jpg\" data-dt-img-description=\"\" data-large_image_width=\"1473\" data-large_image_height=\"1104\"><img loading=\"lazy\" decoding=\"async\" class=\"wp-image-425865 alignleft\" src=\"https:\/\/www.radiopiu.net\/wordpress\/wp-content\/uploads\/2024\/12\/CARABINIERI-14-300x225.jpg\" alt=\"\" width=\"185\" height=\"139\" srcset=\"https:\/\/www.radiopiu.net\/wordpress\/wp-content\/uploads\/2024\/12\/CARABINIERI-14-300x225.jpg 300w, https:\/\/www.radiopiu.net\/wordpress\/wp-content\/uploads\/2024\/12\/CARABINIERI-14-1024x767.jpg 1024w, https:\/\/www.radiopiu.net\/wordpress\/wp-content\/uploads\/2024\/12\/CARABINIERI-14-768x576.jpg 768w, https:\/\/www.radiopiu.net\/wordpress\/wp-content\/uploads\/2024\/12\/CARABINIERI-14.jpg 1473w\" sizes=\"auto, (max-width: 185px) 100vw, 185px\" \/><\/a><\/strong><em>La vittima si trovava in casa e si \u00e8 trovato davanti i due soggetti che si sono fatti consegnare il denaro contante per poi scappare. In paese\u00a0 c&#8217;\u00e8 grande preoccupazione, anche se \u00e8 difficile trovare una spiegazione del perch\u00e9<\/em><\/h2>\n<\/blockquote>\n<p><strong>SETTEVILLE<\/strong> I carabinieri sono al lavoro per identificare i due malviventi che nella notte tra gioved\u00ec e venerd\u00ec hanno rapinato Andrea Buttol nella sua abitazione a Campo. I rapinatori, armati di fucile, hanno sottratto alcune centinaia di euro ed esploso colpi d\u2019arma da fuoco, seminando paura nella frazione.<\/p>\n<p>&nbsp;<\/p>\n<p>&nbsp;<\/p>\n<hr \/>\n<p>&nbsp;<\/p>\n","protected":false},"excerpt":{"rendered":"<p>La vittima si trovava in casa e si \u00e8 trovato davanti i due soggetti che si sono fatti consegnare il denaro contante per poi scappare. In paese\u00a0 c&#8217;\u00e8 grande preoccupazione, anche se \u00e8 difficile trovare una spiegazione del perch\u00e9 SETTEVILLE I carabinieri sono al lavoro per identificare i due malviventi che nella notte tra gioved\u00ec&hellip;<\/p>\n","protected":false},"author":4,"featured_media":425865,"comment_status":"closed","ping_status":"closed","sticky":false,"template":"","format":"standard","meta":{"_monsterinsights_skip_tracking":false,"_monsterinsights_sitenote_active":false,"_monsterinsights_sitenote_note":"","_monsterinsights_sitenote_category":0,"footnotes":""},"categories":[51,49],"tags":[],"class_list":["post-427543","post","type-post","status-publish","format-standard","has-post-thumbnail","hentry","category-evidenza-top","category-news-18","category-51","category-49","description-off"],"img_url":"https:\/\/www.radiopiu.net\/wordpress\/wp-content\/uploads\/2024\/12\/CARABINIERI-14.jpg","_links":{"self":[{"href":"https:\/\/www.radiopiu.net\/wordpress\/wp-json\/wp\/v2\/posts\/427543","targetHints":{"allow":["GET"]}}],"collection":[{"href":"https:\/\/www.radiopiu.net\/wordpress\/wp-json\/wp\/v2\/posts"}],"about":[{"href":"https:\/\/www.radiopiu.net\/wordpress\/wp-json\/wp\/v2\/types\/post"}],"author":[{"embeddable":true,"href":"https:\/\/www.radiopiu.net\/wordpress\/wp-json\/wp\/v2\/users\/4"}],"replies":[{"embeddable":true,"href":"https:\/\/www.radiopiu.net\/wordpress\/wp-json\/wp\/v2\/comments?post=427543"}],"version-history":[{"count":4,"href":"https:\/\/www.radiopiu.net\/wordpress\/wp-json\/wp\/v2\/posts\/427543\/revisions"}],"predecessor-version":[{"id":427592,"href":"https:\/\/www.radiopiu.net\/wordpress\/wp-json\/wp\/v2\/posts\/427543\/revisions\/427592"}],"wp:featuredmedia":[{"embeddable":true,"href":"https:\/\/www.radiopiu.net\/wordpress\/wp-json\/wp\/v2\/media\/425865"}],"wp:attachment":[{"href":"https:\/\/www.radiopiu.net\/wordpress\/wp-json\/wp\/v2\/media?parent=427543"}],"wp:term":[{"taxonomy":"category","embeddable":true,"href":"https:\/\/www.radiopiu.net\/wordpress\/wp-json\/wp\/v2\/categories?post=427543"},{"taxonomy":"post_tag","embeddable":true,"href":"https:\/\/www.radiopiu.net\/wordpress\/wp-json\/wp\/v2\/tags?post=427543"}],"curies":[{"name":"wp","href":"https:\/\/api.w.org\/{rel}","templated":true}]}}