{"id":427553,"date":"2025-01-02T05:21:42","date_gmt":"2025-01-02T04:21:42","guid":{"rendered":"https:\/\/www.radiopiu.net\/wordpress\/?p=427553"},"modified":"2025-01-02T05:21:42","modified_gmt":"2025-01-02T04:21:42","slug":"lutti-a-seren-del-grappa-e-cortina","status":"publish","type":"post","link":"https:\/\/www.radiopiu.net\/wordpress\/lutti-a-seren-del-grappa-e-cortina\/","title":{"rendered":"LUTTI A SEREN DEL GRAPPA E CORTINA"},"content":{"rendered":"<p>**<\/p>\n<p>&nbsp;<\/p>\n<blockquote>\n<h3><strong>Seren del Grappa piange Benhur Rech: addio allo storico sacrestano generoso e instancabile<\/strong><\/h3>\n<\/blockquote>\n<p><strong>SEREN DEL GRAPPA<\/strong> Benhur Rech, storico sacrestano di Seren del Grappa, si \u00e8 spento a soli 65 anni lasciando un vuoto profondo nella comunit\u00e0. Apprezzato per la sua generosit\u00e0 e abnegazione, si dedicava anima e corpo al servizio della parrocchia e degli altri, trascurando persino s\u00e9 stesso. I funerali si terranno domani alle 14.30.<\/p>\n<p>&nbsp;<\/p>\n<hr \/>\n<p>&nbsp;<\/p>\n<blockquote><p><strong><a class=\"dt-pswp-item\" href=\"https:\/\/www.radiopiu.net\/wordpress\/wp-content\/uploads\/2025\/01\/Senza-nome-3.png\" data-dt-img-description=\"\" data-large_image_width=\"253\" data-large_image_height=\"183\"><img loading=\"lazy\" decoding=\"async\" class=\"wp-image-427552 alignleft\" src=\"https:\/\/www.radiopiu.net\/wordpress\/wp-content\/uploads\/2025\/01\/Senza-nome-3.png\" alt=\"\" width=\"171\" height=\"124\" \/><\/a>Cortina saluta Emanuela Lacedelli, figlia del leggendario alpinista del K2<\/strong><\/p><\/blockquote>\n<p>Si \u00e8 spenta a 55 anni Emanuela Lacedelli, figlia di Lino Lacedelli, protagonista dell\u2019impresa italiana sul K2 nel 1954. Molto conosciuta a Cortina, aveva lavorato come commessa e amava profondamente gli animali, soprattutto i suoi cani. I funerali si sono gi\u00e0 svolti.<\/p>\n<p>&nbsp;<\/p>\n<p>&nbsp;<\/p>\n<hr \/>\n<p>&nbsp;<\/p>\n","protected":false},"excerpt":{"rendered":"<p>** &nbsp; Seren del Grappa piange Benhur Rech: addio allo storico sacrestano generoso e instancabile SEREN DEL GRAPPA Benhur Rech, storico sacrestano di Seren del Grappa, si \u00e8 spento a soli 65 anni lasciando un vuoto profondo nella comunit\u00e0. Apprezzato per la sua generosit\u00e0 e abnegazione, si dedicava anima e corpo al servizio della parrocchia&hellip;<\/p>\n","protected":false},"author":4,"featured_media":427552,"comment_status":"closed","ping_status":"closed","sticky":false,"template":"","format":"standard","meta":{"_monsterinsights_skip_tracking":false,"_monsterinsights_sitenote_active":false,"_monsterinsights_sitenote_note":"","_monsterinsights_sitenote_category":0,"footnotes":""},"categories":[51,49],"tags":[],"class_list":["post-427553","post","type-post","status-publish","format-standard","has-post-thumbnail","hentry","category-evidenza-top","category-news-18","category-51","category-49","description-off"],"img_url":"https:\/\/www.radiopiu.net\/wordpress\/wp-content\/uploads\/2025\/01\/Senza-nome-3.png","_links":{"self":[{"href":"https:\/\/www.radiopiu.net\/wordpress\/wp-json\/wp\/v2\/posts\/427553","targetHints":{"allow":["GET"]}}],"collection":[{"href":"https:\/\/www.radiopiu.net\/wordpress\/wp-json\/wp\/v2\/posts"}],"about":[{"href":"https:\/\/www.radiopiu.net\/wordpress\/wp-json\/wp\/v2\/types\/post"}],"author":[{"embeddable":true,"href":"https:\/\/www.radiopiu.net\/wordpress\/wp-json\/wp\/v2\/users\/4"}],"replies":[{"embeddable":true,"href":"https:\/\/www.radiopiu.net\/wordpress\/wp-json\/wp\/v2\/comments?post=427553"}],"version-history":[{"count":1,"href":"https:\/\/www.radiopiu.net\/wordpress\/wp-json\/wp\/v2\/posts\/427553\/revisions"}],"predecessor-version":[{"id":427554,"href":"https:\/\/www.radiopiu.net\/wordpress\/wp-json\/wp\/v2\/posts\/427553\/revisions\/427554"}],"wp:featuredmedia":[{"embeddable":true,"href":"https:\/\/www.radiopiu.net\/wordpress\/wp-json\/wp\/v2\/media\/427552"}],"wp:attachment":[{"href":"https:\/\/www.radiopiu.net\/wordpress\/wp-json\/wp\/v2\/media?parent=427553"}],"wp:term":[{"taxonomy":"category","embeddable":true,"href":"https:\/\/www.radiopiu.net\/wordpress\/wp-json\/wp\/v2\/categories?post=427553"},{"taxonomy":"post_tag","embeddable":true,"href":"https:\/\/www.radiopiu.net\/wordpress\/wp-json\/wp\/v2\/tags?post=427553"}],"curies":[{"name":"wp","href":"https:\/\/api.w.org\/{rel}","templated":true}]}}