{"id":427603,"date":"2025-01-03T07:15:40","date_gmt":"2025-01-03T06:15:40","guid":{"rendered":"https:\/\/www.radiopiu.net\/wordpress\/?p=427603"},"modified":"2025-01-03T07:17:57","modified_gmt":"2025-01-03T06:17:57","slug":"viabilita-a-col-de-rif-necessita-di-interventi-urgenti","status":"publish","type":"post","link":"https:\/\/www.radiopiu.net\/wordpress\/viabilita-a-col-de-rif-necessita-di-interventi-urgenti\/","title":{"rendered":"Viabilit\u00e0 a Col de Rif: necessit\u00e0 di interventi urgenti"},"content":{"rendered":"<p>******<\/p>\n<p><strong>FALCADE<\/strong><\/p>\n<p>Residenti del centro storico di Col de Rif evidenziano problemi di traffico, auto in contromano e comportamenti pericolosi. Apprezzate le iniziative dell&#8217;amministrazione, ma si auspica una soluzione strutturale.<\/p>\n<p>&nbsp;<\/p>\n<blockquote>\n<h1>DILLO A RADIO PIU&#8230;.<\/h1>\n<\/blockquote>\n<p><img loading=\"lazy\" decoding=\"async\" class=\"alignleft\" src=\"https:\/\/www.radiopiu.net\/wordpress\/wp-content\/uploads\/2025\/01\/SCR-20250102-lmrl.jpeg\" width=\"287\" height=\"186\" \/>Come residenti da anni nel centro storico di Col de Rif di Falcade abbiamo letto con estremo interesse le lettere scritte dagli attenti cittadini in merito alla viabilit\u00e0. Abbiamo inoltre apprezzato le iniziative dell\u2019amministrazione per tentare di governare il traffico durante queste settimane di alta stagione sia in merito alla chiusura di via Caruo che all\u2019istituzione del senso unico in via Garibaldi. Tra di noi c&#8217;\u00e8 chi ha fatto parte in passato dell\u2019amministrazione e stimiamo chi in qualche modo prende decisioni sapendo che queste poi portano sia a plausi che purtroppo anche a disapprovazione (non si pu\u00f2 sempre accontentare tutti!).Grazie anche ai vigili che si stanno dando certamente da fare in questi giorni. Ci tenevamo tramite questa breve lettera a segnalare quanto gi\u00e0 comunicato all\u2019amministrazione: tutto il centro storico e anche via Settimo Alpini (via che parte dal negozio Arti Ganz) \u00e8 interessata da seri problemi che necessitano di urgente soluzione. Vivendo fronte strada non possiamo che osservare a tutte le ore e tutto l&#8217;anno auto che scendono contro senso di marcia per risparmiare qualche metro di coda ma anche per raggiungere piu velocemente la provinciale. In questi anni abbiamo poi assistito ai \u201crally\u201d di chi a tutte le ore, dalla mattina alle 6.30 alla sera a fine lavoro \u201ctaglia\u201d per il centro storico per risparmiare forse qualche minuto per raggiungere il passo San Pellegrino senza proseguire per la provinciale. Queste scene le vediamo tutti i giorni e tutto l&#8217; anno con anche mezzi che sfiorano le persone che salgono e scendono a piedi per la via (la via \u00e8 stretta a totalmente priva di marciapiedi). Noi stessi con i nostri figli siamo stati spesso sfiorati da mezzi di qualsiasi misura con tanto di spavento. Auspichiamo che questi \u201cesperimenti\u201d di variazioni della viabilit\u00e0 dell\u2019amministrazione possano presto portare ad una progettualit\u00e0 volta a tutelare s\u00ec le attivit\u00e0 rimaste in centro storico ma sopratutto chi vi abita (bambini in primis che sono veramente molti qui a Col de Rif), i pedoni, gli anziani e chi visita il centro storico.<br \/>\nCordialmente,<\/p>\n<p><strong>Murer Patrizia<\/strong><br \/>\n<strong>Lorena Piccolin<\/strong><br \/>\n<strong>Albino Basso<\/strong><\/p>\n<p>&nbsp;<\/p>\n<p>&nbsp;<\/p>\n<blockquote>\n<h1>FALCADE: SENSO UNICO TEMPORANEO IN VIA GARIBALDI PER AGEVOLARE IL TRAFFICO<\/h1>\n<\/blockquote>\n<p>&nbsp;<\/p>\n<p><strong>FALCADE <\/strong>Dal 2 al 6 gennaio 2025, il Comune di Falcade ha disposto l&#8217;istituzione di un senso unico temporaneo in Via Garibaldi. La misura, attiva dalle 15:30 alle 18:30, mira a gestire l\u2019intenso traffico generato dall&#8217;afflusso di veicoli durante le festivit\u00e0 natalizie, evitando congestioni sulla SP 346 del Passo San Pellegrino. Il provvedimento riguarda il tratto compreso tra Piazza Col de Rif e l\u2019intersezione con la SP 346. Sono esenti dall\u2019obbligo i residenti, i domiciliati, i frontisti e gli ospiti delle strutture ricettive, oltre alle forze dell\u2019ordine e ai mezzi di soccorso. La segnaletica necessaria sar\u00e0 predisposta in conformit\u00e0 alla normativa vigente.<\/p>\n<p>&nbsp;<\/p>\n<p>&nbsp;<\/p>\n<p>&nbsp;<\/p>\n<p>*******<\/p>\n","protected":false},"excerpt":{"rendered":"<p>****** FALCADE Residenti del centro storico di Col de Rif evidenziano problemi di traffico, auto in contromano e comportamenti pericolosi. Apprezzate le iniziative dell&#8217;amministrazione, ma si auspica una soluzione strutturale. &nbsp; DILLO A RADIO PIU&#8230;. Come residenti da anni nel centro storico di Col de Rif di Falcade abbiamo letto con estremo interesse le lettere&hellip;<\/p>\n","protected":false},"author":4,"featured_media":427617,"comment_status":"closed","ping_status":"closed","sticky":false,"template":"","format":"standard","meta":{"_monsterinsights_skip_tracking":false,"_monsterinsights_sitenote_active":false,"_monsterinsights_sitenote_note":"","_monsterinsights_sitenote_category":0,"footnotes":""},"categories":[49],"tags":[],"class_list":["post-427603","post","type-post","status-publish","format-standard","has-post-thumbnail","hentry","category-news-18","category-49","description-off"],"img_url":"https:\/\/www.radiopiu.net\/wordpress\/wp-content\/uploads\/2025\/01\/SCR-20250102-lmrl.jpeg","_links":{"self":[{"href":"https:\/\/www.radiopiu.net\/wordpress\/wp-json\/wp\/v2\/posts\/427603","targetHints":{"allow":["GET"]}}],"collection":[{"href":"https:\/\/www.radiopiu.net\/wordpress\/wp-json\/wp\/v2\/posts"}],"about":[{"href":"https:\/\/www.radiopiu.net\/wordpress\/wp-json\/wp\/v2\/types\/post"}],"author":[{"embeddable":true,"href":"https:\/\/www.radiopiu.net\/wordpress\/wp-json\/wp\/v2\/users\/4"}],"replies":[{"embeddable":true,"href":"https:\/\/www.radiopiu.net\/wordpress\/wp-json\/wp\/v2\/comments?post=427603"}],"version-history":[{"count":3,"href":"https:\/\/www.radiopiu.net\/wordpress\/wp-json\/wp\/v2\/posts\/427603\/revisions"}],"predecessor-version":[{"id":427755,"href":"https:\/\/www.radiopiu.net\/wordpress\/wp-json\/wp\/v2\/posts\/427603\/revisions\/427755"}],"wp:featuredmedia":[{"embeddable":true,"href":"https:\/\/www.radiopiu.net\/wordpress\/wp-json\/wp\/v2\/media\/427617"}],"wp:attachment":[{"href":"https:\/\/www.radiopiu.net\/wordpress\/wp-json\/wp\/v2\/media?parent=427603"}],"wp:term":[{"taxonomy":"category","embeddable":true,"href":"https:\/\/www.radiopiu.net\/wordpress\/wp-json\/wp\/v2\/categories?post=427603"},{"taxonomy":"post_tag","embeddable":true,"href":"https:\/\/www.radiopiu.net\/wordpress\/wp-json\/wp\/v2\/tags?post=427603"}],"curies":[{"name":"wp","href":"https:\/\/api.w.org\/{rel}","templated":true}]}}