{"id":427620,"date":"2025-01-02T12:57:22","date_gmt":"2025-01-02T11:57:22","guid":{"rendered":"https:\/\/www.radiopiu.net\/wordpress\/?p=427620"},"modified":"2025-01-02T12:57:22","modified_gmt":"2025-01-02T11:57:22","slug":"falla-alle-tubazioni-di-cortina-primo-intervento-dellanno-per-sib","status":"publish","type":"post","link":"https:\/\/www.radiopiu.net\/wordpress\/falla-alle-tubazioni-di-cortina-primo-intervento-dellanno-per-sib\/","title":{"rendered":"FALLA ALLE TUBAZIONI DI CORTINA. PRIMO INTERVENTO DELL&#8217;ANNO PER SIB"},"content":{"rendered":"<p>*******<\/p>\n<p>&nbsp;<\/p>\n<p><strong>BELLUNO <\/strong>Intervento in emergenza, ieri primo giorno dell\u2019anno, per SIB Servizi Integrati Bellunesi, la nuova societ\u00e0 nata dalla fusione tra Gsp e Bim Infrastrutture spa che dal 1\u00b0 gennaio 2025 gestisce l\u2019acqua e l\u2019energia in provincia di Belluno. I tecnici di SIB spa, infatti, sono stati allertati intorno alle ore 10 del mattino per un\u2019importante rottura all\u2019acquedotto di Cortina, danneggiato in Viale dello Stadio, in prossimit\u00e0 della rotonda che porta al Ponte Corona, lungo un tratto di rete particolarmente importante, a servizio di parte del centro cittadino. Giunte sul posto tempestivamente per verificare l\u2019entit\u00e0 del danno, le squadre operative di SIB, coadiuvate dall\u2019impresa Olivotto di Perarolo di Cadore per gli scavi e dai tecnici del Comune per la gestione della viabilit\u00e0, hanno organizzato in breve tempo l\u2019intervento di riparazione.\u00a0 Le operazioni, avviate gi\u00e0 nel primo pomeriggio con lo scavo nell\u2019area di intervento, sono proseguite durante l\u2019orario notturno: una scelta voluta, dettata dall\u2019esigenza di non compromettere l\u2019erogazione idrica durante la giornata festiva alle numerose utenze servite, tra cui numerose attivit\u00e0 turistiche e ricettive. La riparazione, eseguita su un tratto di condotta in acciaio del dimetro di 125 mm, \u00e8 risultata da subito particolarmente complessa: la tubazione, infatti, \u00e8 risultata danneggiata in due punti molto ravvicinati tra loro. Le operazioni, concluse intorno alle 3 del mattino odierno con il tamponamento delle falle, hanno permesso il ripristino tempestivo del servizio alle utenze collegate. \u201cRingrazio le maestranze di SIB e dell\u2019impresa &#8211; per la tempestivit\u00e0 di intervento e per aver lavorato in notturna, scelta che ci ha permesso di mantenere l\u2019erogazione attiva durante la giornata di festa e di limitare allo stretto necessario i disagi ai cittadini\u201d commenta Attilio Sommavilla, Presidente di Servizi Integrati Bellunesi spa. \u201cPurtroppo \u2013 prosegue Sommavilla &#8211; l\u2019entit\u00e0 del danno e la vicinanza tra le due rotture render\u00e0 necessaria, con ogni probabilit\u00e0, la sostituzione completa della tratta ammalorata: valutazioni che al momento sono ancora in corso e su cui stiamo ragionando. Qui, come altrove, abbiamo a che fare con una rete datata e complessa: necessario, quindi, proseguire nella direzione gi\u00e0 intrapresa di realizzare opere e investimenti continui, per garantire efficienza e continuit\u00e0 di servizio\u201d \u2013 conclude Sommavilla.<\/p>\n\n\t\t\t<style type='text\/css'>\n\t\t\t\t#gallery-1 {\n\t\t\t\t\tmargin: auto;\n\t\t\t\t}\n\t\t\t\t#gallery-1 .gallery-item {\n\t\t\t\t\tfloat: left;\n\t\t\t\t\tmargin-top: 10px;\n\t\t\t\t\ttext-align: center;\n\t\t\t\t\twidth: 25%;\n\t\t\t\t}\n\t\t\t\t#gallery-1 img {\n\t\t\t\t\tborder: 2px solid #cfcfcf;\n\t\t\t\t}\n\t\t\t\t#gallery-1 .gallery-caption {\n\t\t\t\t\tmargin-left: 0;\n\t\t\t\t}\n\t\t\t\t\/* see gallery_shortcode() in wp-includes\/media.php *\/\n\t\t\t<\/style>\n\t\t<div id='gallery-1' class='dt-gallery-container gallery galleryid-427620 gallery-columns-4 gallery-size-thumbnail'><dl class='gallery-item'>\n\t\t\t\t<dt class='gallery-icon landscape'>\n\t\t\t\t\t<a class=\"rollover rollover-zoom dt-pswp-item\" title=\"1_il cantiere\" data-dt-img-description=\"\" data-large_image_width=\"1600\" data-large_image_height=\"721\"href='https:\/\/www.radiopiu.net\/wordpress\/wp-content\/uploads\/2025\/01\/1_il-cantiere.jpg'><img loading=\"lazy\" decoding=\"async\" width=\"150\" height=\"150\" src=\"https:\/\/www.radiopiu.net\/wordpress\/wp-content\/uploads\/2025\/01\/1_il-cantiere-150x150.jpg\" class=\"attachment-thumbnail size-thumbnail\" alt=\"\" \/><\/a>\n\t\t\t\t<\/dt><\/dl><dl class='gallery-item'>\n\t\t\t\t<dt class='gallery-icon portrait'>\n\t\t\t\t\t<a class=\"rollover rollover-zoom dt-pswp-item\" title=\"2_le operazioni di scavo_\" data-dt-img-description=\"\" data-large_image_width=\"721\" data-large_image_height=\"1600\"href='https:\/\/www.radiopiu.net\/wordpress\/wp-content\/uploads\/2025\/01\/2_le-operazioni-di-scavo_.jpg'><img loading=\"lazy\" decoding=\"async\" width=\"150\" height=\"150\" src=\"https:\/\/www.radiopiu.net\/wordpress\/wp-content\/uploads\/2025\/01\/2_le-operazioni-di-scavo_-150x150.jpg\" class=\"attachment-thumbnail size-thumbnail\" alt=\"\" \/><\/a>\n\t\t\t\t<\/dt><\/dl><dl class='gallery-item'>\n\t\t\t\t<dt class='gallery-icon portrait'>\n\t\t\t\t\t<a class=\"rollover rollover-zoom dt-pswp-item\" title=\"Unknown\" data-dt-img-description=\"\" data-large_image_width=\"721\" data-large_image_height=\"1600\"href='https:\/\/www.radiopiu.net\/wordpress\/wp-content\/uploads\/2025\/01\/Unknown.jpeg'><img loading=\"lazy\" decoding=\"async\" width=\"150\" height=\"150\" src=\"https:\/\/www.radiopiu.net\/wordpress\/wp-content\/uploads\/2025\/01\/Unknown-150x150.jpeg\" class=\"attachment-thumbnail size-thumbnail\" alt=\"\" \/><\/a>\n\t\t\t\t<\/dt><\/dl><dl class='gallery-item'>\n\t\t\t\t<dt class='gallery-icon portrait'>\n\t\t\t\t\t<a class=\"rollover rollover-zoom dt-pswp-item\" title=\"4_la riparazione\" data-dt-img-description=\"\" data-large_image_width=\"721\" data-large_image_height=\"1600\"href='https:\/\/www.radiopiu.net\/wordpress\/wp-content\/uploads\/2025\/01\/4_la-riparazione.jpg'><img loading=\"lazy\" decoding=\"async\" width=\"150\" height=\"150\" src=\"https:\/\/www.radiopiu.net\/wordpress\/wp-content\/uploads\/2025\/01\/4_la-riparazione-150x150.jpg\" class=\"attachment-thumbnail size-thumbnail\" alt=\"\" \/><\/a>\n\t\t\t\t<\/dt><\/dl><br style=\"clear: both\" \/>\n\t\t\t<\/div>\n\n<p>&nbsp;<\/p>\n<p>&nbsp;<\/p>\n<p>*******<\/p>\n","protected":false},"excerpt":{"rendered":"<p>******* &nbsp; BELLUNO Intervento in emergenza, ieri primo giorno dell\u2019anno, per SIB Servizi Integrati Bellunesi, la nuova societ\u00e0 nata dalla fusione tra Gsp e Bim Infrastrutture spa che dal 1\u00b0 gennaio 2025 gestisce l\u2019acqua e l\u2019energia in provincia di Belluno. I tecnici di SIB spa, infatti, sono stati allertati intorno alle ore 10 del mattino&hellip;<\/p>\n","protected":false},"author":4,"featured_media":427621,"comment_status":"closed","ping_status":"closed","sticky":false,"template":"","format":"standard","meta":{"_monsterinsights_skip_tracking":false,"_monsterinsights_sitenote_active":false,"_monsterinsights_sitenote_note":"","_monsterinsights_sitenote_category":0,"footnotes":""},"categories":[49],"tags":[],"class_list":["post-427620","post","type-post","status-publish","format-standard","has-post-thumbnail","hentry","category-news-18","category-49","description-off"],"img_url":"https:\/\/www.radiopiu.net\/wordpress\/wp-content\/uploads\/2025\/01\/1_il-cantiere.jpg","_links":{"self":[{"href":"https:\/\/www.radiopiu.net\/wordpress\/wp-json\/wp\/v2\/posts\/427620","targetHints":{"allow":["GET"]}}],"collection":[{"href":"https:\/\/www.radiopiu.net\/wordpress\/wp-json\/wp\/v2\/posts"}],"about":[{"href":"https:\/\/www.radiopiu.net\/wordpress\/wp-json\/wp\/v2\/types\/post"}],"author":[{"embeddable":true,"href":"https:\/\/www.radiopiu.net\/wordpress\/wp-json\/wp\/v2\/users\/4"}],"replies":[{"embeddable":true,"href":"https:\/\/www.radiopiu.net\/wordpress\/wp-json\/wp\/v2\/comments?post=427620"}],"version-history":[{"count":1,"href":"https:\/\/www.radiopiu.net\/wordpress\/wp-json\/wp\/v2\/posts\/427620\/revisions"}],"predecessor-version":[{"id":427625,"href":"https:\/\/www.radiopiu.net\/wordpress\/wp-json\/wp\/v2\/posts\/427620\/revisions\/427625"}],"wp:featuredmedia":[{"embeddable":true,"href":"https:\/\/www.radiopiu.net\/wordpress\/wp-json\/wp\/v2\/media\/427621"}],"wp:attachment":[{"href":"https:\/\/www.radiopiu.net\/wordpress\/wp-json\/wp\/v2\/media?parent=427620"}],"wp:term":[{"taxonomy":"category","embeddable":true,"href":"https:\/\/www.radiopiu.net\/wordpress\/wp-json\/wp\/v2\/categories?post=427620"},{"taxonomy":"post_tag","embeddable":true,"href":"https:\/\/www.radiopiu.net\/wordpress\/wp-json\/wp\/v2\/tags?post=427620"}],"curies":[{"name":"wp","href":"https:\/\/api.w.org\/{rel}","templated":true}]}}