{"id":427686,"date":"2025-01-02T20:45:49","date_gmt":"2025-01-02T19:45:49","guid":{"rendered":"https:\/\/www.radiopiu.net\/wordpress\/?p=427686"},"modified":"2025-01-02T20:45:49","modified_gmt":"2025-01-02T19:45:49","slug":"quattro-uscite-degli-elicotteri-del-suem-118-nelle-ultime-24-ore","status":"publish","type":"post","link":"https:\/\/www.radiopiu.net\/wordpress\/quattro-uscite-degli-elicotteri-del-suem-118-nelle-ultime-24-ore\/","title":{"rendered":"QUATTRO USCITE DEGLI ELICOTTERI DEL SUEM 118 NELLE ULTIME 24 ORE"},"content":{"rendered":"<p>******<\/p>\n<p>&nbsp;<\/p>\n<p><strong><a class=\"dt-pswp-item\" href=\"https:\/\/www.radiopiu.net\/wordpress\/wp-content\/uploads\/2022\/09\/309142707_771246390814523_5693451179006834112_n.jpg\" data-dt-img-description=\"\" data-large_image_width=\"2048\" data-large_image_height=\"1212\"><img loading=\"lazy\" decoding=\"async\" class=\" wp-image-298850 alignleft\" src=\"https:\/\/www.radiopiu.net\/wordpress\/wp-content\/uploads\/2022\/09\/309142707_771246390814523_5693451179006834112_n-300x178.jpg\" alt=\"\" width=\"184\" height=\"109\" srcset=\"https:\/\/www.radiopiu.net\/wordpress\/wp-content\/uploads\/2022\/09\/309142707_771246390814523_5693451179006834112_n-300x178.jpg 300w, https:\/\/www.radiopiu.net\/wordpress\/wp-content\/uploads\/2022\/09\/309142707_771246390814523_5693451179006834112_n-1024x606.jpg 1024w, https:\/\/www.radiopiu.net\/wordpress\/wp-content\/uploads\/2022\/09\/309142707_771246390814523_5693451179006834112_n-768x455.jpg 768w, https:\/\/www.radiopiu.net\/wordpress\/wp-content\/uploads\/2022\/09\/309142707_771246390814523_5693451179006834112_n-1536x909.jpg 1536w, https:\/\/www.radiopiu.net\/wordpress\/wp-content\/uploads\/2022\/09\/309142707_771246390814523_5693451179006834112_n.jpg 2048w\" sizes=\"auto, (max-width: 184px) 100vw, 184px\" \/><\/a>REDAZIONE<\/strong> Giornata impegnativa per il Suem 118 impegnato nei soccorsi sulle piste del bellunese. Prima chiamata poco dopo le 10:30 quando Falco 2 \u00e8 volato sulle piste del Nevegal dove una giovane sciatrice si era fatta male. La minorenne \u00e8 stata portata al nosocomio di Treviso. Poco prima delle 13 Falco 1 \u00e8 stato inviato in Val di Zoldo per un 87enne del posto che si era fatto male, caricato a bordo \u00e8 stato portato al San Martino di Belluno. Alle 14:40 l&#8217;elicottero Falco 1 si \u00e8 diretto a Cortina, Croda Negra, per soccorrere un 23enne di Bologna che si era fatto male. Ultimo intervento dell&#8217;elisoccorso alle 15:36 con Falco 2 che \u00e8 stato chiamato a Canazei per uno sciatore rumeno che si era infortunato. Anch&#8217;esso portato all&#8217;ospedale di Belluno. In totale sono stati 14 gli interventi sulle piste del bellunese.<\/p>\n<p>&nbsp;<\/p>\n<p>&nbsp;<\/p>\n<p>&nbsp;<\/p>\n<p>*********<\/p>\n","protected":false},"excerpt":{"rendered":"<p>****** &nbsp; REDAZIONE Giornata impegnativa per il Suem 118 impegnato nei soccorsi sulle piste del bellunese. Prima chiamata poco dopo le 10:30 quando Falco 2 \u00e8 volato sulle piste del Nevegal dove una giovane sciatrice si era fatta male. La minorenne \u00e8 stata portata al nosocomio di Treviso. Poco prima delle 13 Falco 1 \u00e8&hellip;<\/p>\n","protected":false},"author":4,"featured_media":298850,"comment_status":"closed","ping_status":"closed","sticky":false,"template":"","format":"standard","meta":{"_monsterinsights_skip_tracking":false,"_monsterinsights_sitenote_active":false,"_monsterinsights_sitenote_note":"","_monsterinsights_sitenote_category":0,"footnotes":""},"categories":[49],"tags":[],"class_list":["post-427686","post","type-post","status-publish","format-standard","has-post-thumbnail","hentry","category-news-18","category-49","description-off"],"img_url":"https:\/\/www.radiopiu.net\/wordpress\/wp-content\/uploads\/2022\/09\/309142707_771246390814523_5693451179006834112_n.jpg","_links":{"self":[{"href":"https:\/\/www.radiopiu.net\/wordpress\/wp-json\/wp\/v2\/posts\/427686","targetHints":{"allow":["GET"]}}],"collection":[{"href":"https:\/\/www.radiopiu.net\/wordpress\/wp-json\/wp\/v2\/posts"}],"about":[{"href":"https:\/\/www.radiopiu.net\/wordpress\/wp-json\/wp\/v2\/types\/post"}],"author":[{"embeddable":true,"href":"https:\/\/www.radiopiu.net\/wordpress\/wp-json\/wp\/v2\/users\/4"}],"replies":[{"embeddable":true,"href":"https:\/\/www.radiopiu.net\/wordpress\/wp-json\/wp\/v2\/comments?post=427686"}],"version-history":[{"count":1,"href":"https:\/\/www.radiopiu.net\/wordpress\/wp-json\/wp\/v2\/posts\/427686\/revisions"}],"predecessor-version":[{"id":427702,"href":"https:\/\/www.radiopiu.net\/wordpress\/wp-json\/wp\/v2\/posts\/427686\/revisions\/427702"}],"wp:featuredmedia":[{"embeddable":true,"href":"https:\/\/www.radiopiu.net\/wordpress\/wp-json\/wp\/v2\/media\/298850"}],"wp:attachment":[{"href":"https:\/\/www.radiopiu.net\/wordpress\/wp-json\/wp\/v2\/media?parent=427686"}],"wp:term":[{"taxonomy":"category","embeddable":true,"href":"https:\/\/www.radiopiu.net\/wordpress\/wp-json\/wp\/v2\/categories?post=427686"},{"taxonomy":"post_tag","embeddable":true,"href":"https:\/\/www.radiopiu.net\/wordpress\/wp-json\/wp\/v2\/tags?post=427686"}],"curies":[{"name":"wp","href":"https:\/\/api.w.org\/{rel}","templated":true}]}}