{"id":427721,"date":"2025-01-03T05:09:40","date_gmt":"2025-01-03T04:09:40","guid":{"rendered":"https:\/\/www.radiopiu.net\/wordpress\/?p=427721"},"modified":"2025-01-03T05:09:40","modified_gmt":"2025-01-03T04:09:40","slug":"lite-di-capodanno-al-ristopub-feriti-e-intervento-dei-carabinieri","status":"publish","type":"post","link":"https:\/\/www.radiopiu.net\/wordpress\/lite-di-capodanno-al-ristopub-feriti-e-intervento-dei-carabinieri\/","title":{"rendered":"Lite di Capodanno al ristopub: feriti e intervento dei Carabinieri"},"content":{"rendered":"<p>**<\/p>\n<p><a href=\"https:\/\/www.radiopiu.net\/wordpress\/wp-content\/uploads\/2025\/01\/d4422dc5-63a9-447c-9e78-af3d886bd328.webp\"><img loading=\"lazy\" decoding=\"async\" class=\" wp-image-427722 alignleft\" src=\"https:\/\/www.radiopiu.net\/wordpress\/wp-content\/uploads\/2025\/01\/d4422dc5-63a9-447c-9e78-af3d886bd328-300x300.webp\" alt=\"\" width=\"242\" height=\"242\" srcset=\"https:\/\/www.radiopiu.net\/wordpress\/wp-content\/uploads\/2025\/01\/d4422dc5-63a9-447c-9e78-af3d886bd328-300x300.webp 300w, https:\/\/www.radiopiu.net\/wordpress\/wp-content\/uploads\/2025\/01\/d4422dc5-63a9-447c-9e78-af3d886bd328-150x150.webp 150w, https:\/\/www.radiopiu.net\/wordpress\/wp-content\/uploads\/2025\/01\/d4422dc5-63a9-447c-9e78-af3d886bd328-768x768.webp 768w, https:\/\/www.radiopiu.net\/wordpress\/wp-content\/uploads\/2025\/01\/d4422dc5-63a9-447c-9e78-af3d886bd328.webp 1024w\" sizes=\"auto, (max-width: 242px) 100vw, 242px\" \/><\/a>Notte di San Silvestro movimentata in un ristopub fuori citt\u00e0, dove una lite tra due comitive di albanesi e rumeni \u00e8 degenerata in un accoltellamento. Dopo il brindisi di mezzanotte, una discussione \u00e8 sfociata in violenza: un uomo \u00e8 rimasto ferito da una coltellata alla mano, mentre l\u2019altro \u00e8 stato portato in caserma per identificazione.<\/p>\n<p>Il locale, affollato da oltre 120 persone, si \u00e8 trasformato in teatro di un parapiglia che ha scatenato paura tra i presenti. I Carabinieri e il personale sanitario sono intervenuti rapidamente: il ferito, giudicato guaribile in dieci giorni, \u00e8 stato medicato al San Martino.<\/p>\n<p>La situazione \u00e8 ora al vaglio delle autorit\u00e0, con possibili denunce a seguito delle testimonianze raccolte.<\/p>\n","protected":false},"excerpt":{"rendered":"<p>** Notte di San Silvestro movimentata in un ristopub fuori citt\u00e0, dove una lite tra due comitive di albanesi e rumeni \u00e8 degenerata in un accoltellamento. Dopo il brindisi di mezzanotte, una discussione \u00e8 sfociata in violenza: un uomo \u00e8 rimasto ferito da una coltellata alla mano, mentre l\u2019altro \u00e8 stato portato in caserma per&hellip;<\/p>\n","protected":false},"author":4,"featured_media":427722,"comment_status":"closed","ping_status":"closed","sticky":false,"template":"","format":"standard","meta":{"_monsterinsights_skip_tracking":false,"_monsterinsights_sitenote_active":false,"_monsterinsights_sitenote_note":"","_monsterinsights_sitenote_category":0,"footnotes":""},"categories":[51,49],"tags":[],"class_list":["post-427721","post","type-post","status-publish","format-standard","has-post-thumbnail","hentry","category-evidenza-top","category-news-18","category-51","category-49","description-off"],"img_url":"https:\/\/www.radiopiu.net\/wordpress\/wp-content\/uploads\/2025\/01\/d4422dc5-63a9-447c-9e78-af3d886bd328.webp","_links":{"self":[{"href":"https:\/\/www.radiopiu.net\/wordpress\/wp-json\/wp\/v2\/posts\/427721","targetHints":{"allow":["GET"]}}],"collection":[{"href":"https:\/\/www.radiopiu.net\/wordpress\/wp-json\/wp\/v2\/posts"}],"about":[{"href":"https:\/\/www.radiopiu.net\/wordpress\/wp-json\/wp\/v2\/types\/post"}],"author":[{"embeddable":true,"href":"https:\/\/www.radiopiu.net\/wordpress\/wp-json\/wp\/v2\/users\/4"}],"replies":[{"embeddable":true,"href":"https:\/\/www.radiopiu.net\/wordpress\/wp-json\/wp\/v2\/comments?post=427721"}],"version-history":[{"count":1,"href":"https:\/\/www.radiopiu.net\/wordpress\/wp-json\/wp\/v2\/posts\/427721\/revisions"}],"predecessor-version":[{"id":427723,"href":"https:\/\/www.radiopiu.net\/wordpress\/wp-json\/wp\/v2\/posts\/427721\/revisions\/427723"}],"wp:featuredmedia":[{"embeddable":true,"href":"https:\/\/www.radiopiu.net\/wordpress\/wp-json\/wp\/v2\/media\/427722"}],"wp:attachment":[{"href":"https:\/\/www.radiopiu.net\/wordpress\/wp-json\/wp\/v2\/media?parent=427721"}],"wp:term":[{"taxonomy":"category","embeddable":true,"href":"https:\/\/www.radiopiu.net\/wordpress\/wp-json\/wp\/v2\/categories?post=427721"},{"taxonomy":"post_tag","embeddable":true,"href":"https:\/\/www.radiopiu.net\/wordpress\/wp-json\/wp\/v2\/tags?post=427721"}],"curies":[{"name":"wp","href":"https:\/\/api.w.org\/{rel}","templated":true}]}}